{"id":1285,"date":"2026-03-05T16:31:08","date_gmt":"2026-03-05T16:31:08","guid":{"rendered":"https:\/\/www.encontravitoria.com.br\/sobre\/vascorrida-em-vitoria-e-confirmada-para-22-de-marco\/"},"modified":"2026-03-05T16:31:08","modified_gmt":"2026-03-05T16:31:08","slug":"vascorrida-em-vitoria-e-confirmada-para-22-de-marco","status":"publish","type":"post","link":"https:\/\/www.encontravitoria.com.br\/sobre\/vascorrida-em-vitoria-e-confirmada-para-22-de-marco\/","title":{"rendered":"Vascorrida em Vit\u00f3ria \u00e9 confirmada para 22 de mar\u00e7o"},"content":{"rendered":"<div class=\"23ed37709e053b55400ee1990aeffe41\" data-index=\"1\" style=\"float: none; margin:0px;\">\n<!-- Anuncio display - global -->\r\n<ins class=\"adsbygoogle\"\r\n     style=\"display:block\"\r\n     data-ad-client=\"ca-pub-8585364105181520\"\r\n     data-ad-slot=\"8789329856\"\r\n     data-ad-format=\"auto\"\r\n     data-full-width-responsive=\"true\"><\/ins>\r\n<script>\r\n     (adsbygoogle = window.adsbygoogle || []).push({});\r\n<\/script>\n<\/div>\n<h2>Data e Local da Vascorrida<\/h2>\n<p>A Vascorrida est\u00e1 oficialmente agendada para o dia <strong>22 de mar\u00e7o<\/strong> e ser\u00e1 realizada na cidade de <strong>Vit\u00f3ria, Esp\u00edrito Santo<\/strong>. Este evento promete atrair muitos corredores, tanto amadores quanto profissionais, em um ambiente que favorece o esporte e a camaradagem entre os participantes.<\/p>\n<h2>Como se Preparar para a Corrida<\/h2>\n<p>Para garantir um bom desempenho na Vascorrida, \u00e9 essencial que os participantes se preparem adequadamente. Aqui est\u00e3o algumas dicas para ajud\u00e1-lo a se preparar:<\/p>\n<ul>\n<li><strong>Treinamento Regular:<\/strong> Comece a treinar algumas semanas antes do evento, aumentando gradualmente a dist\u00e2ncia e a intensidade dos seus treinos.<\/li>\n<li><strong>Alimenta\u00e7\u00e3o Balanceada:<\/strong> Uma dieta rica em nutrientes ajudar\u00e1 a sustentar sua energia. Inclua frutas, vegetais e carboidratos saud\u00e1veis.<\/li>\n<li><strong>Descanso Apropriado:<\/strong> N\u00e3o subestime a import\u00e2ncia do descanso. Seu corpo precisa se recuperar e se preparar adequadamente para a corrida.<\/li>\n<\/ul>\n<h2>Import\u00e2ncia dos Eventos Esportivos<\/h2>\n<p>Eventos como a Vascorrida s\u00e3o fundamentais para promover a sa\u00fade e o bem-estar de um modo geral. Eles n\u00e3o apenas incentivam a pr\u00e1tica de exerc\u00edcios, mas tamb\u00e9m criam um senso de comunidade. A participa\u00e7\u00e3o em corridas pode:<\/p>\n<p><img decoding=\"async\" src=\"https:\/\/www.encontravitoria.com.br\/sobre\/wp-content\/uploads\/2026\/03\/vascorrida-em-vitoria-e-confirmada-para-22-de-marco.webp\" alt=\"Vascorrida em Vit\u00f3ria\" loading=\"lazy\" \/><\/p>\n<ul>\n<li><strong>Aumentar a Motiva\u00e7\u00e3o:<\/strong> Correr em grupo pode ser um grande motivador para aqueles que est\u00e3o come\u00e7ando na corrida.<\/li>\n<li><strong>Promover Sa\u00fade Mental:<\/strong> A pr\u00e1tica de esportes \u00e9 reconhecida por melhorar a sa\u00fade mental, reduzindo estresse e ansiedade.<\/li>\n<li><strong>Estimular a Sociabilidade:<\/strong> Oportunidade para conhecer novos amigos e estabelecer v\u00ednculos atrav\u00e9s de interesses comuns.<\/li>\n<\/ul>\n<h2>O que Esperar da Vascorrida<\/h2>\n<p>Os participantes da Vascorrida podem aguardar uma experi\u00eancia agrad\u00e1vel e bem organizada. A corrida contar\u00e1 com infraestrutura para garantir a seguran\u00e7a e conforto dos corredores. Entre os aspectos esperados est\u00e3o:<\/p>\n<ul>\n<li><strong>Reconhecimento e Pr\u00eamios:<\/strong> Haver\u00e1 medalhas e pr\u00eamios para os primeiros colocados, al\u00e9m da certeza de que todos os participantes receber\u00e3o uma lembran\u00e7a do evento.<\/li>\n<li><strong>Hidrata\u00e7\u00e3o e Suporte:<\/strong> Esta\u00e7\u00f5es de \u00e1gua estar\u00e3o dispon\u00edveis ao longo do percurso, juntamente com apoio de volunt\u00e1rios.<\/li>\n<li><strong>Ambiente Familiar:<\/strong> O evento \u00e9 aberto a fam\u00edlias, proporcionando atividades laterais que tornam o dia agrad\u00e1vel para todos.<\/li>\n<\/ul>\n<h2>Inscri\u00e7\u00f5es e Detalhes Importantes<\/h2>\n<p>As inscri\u00e7\u00f5es para a Vascorrida ser\u00e3o abertas em breve. Fique atento ao site e \u00e0s redes sociais do Vasco para garantir sua participa\u00e7\u00e3o. \u00c9 aconselh\u00e1vel providenciar sua inscri\u00e7\u00e3o o quanto antes, uma vez que as vagas podem ser limitadas. Aqui est\u00e3o alguns pontos a considerar:<\/p>\n<ul>\n<li><strong>Taxa de Inscri\u00e7\u00e3o:<\/strong> Fique atento \u00e0 taxa para garantir sua participa\u00e7\u00e3o, que \u00e9 usada para cobrir os custos do evento.<\/li>\n<li><strong>Kit do Participante:<\/strong> Ao se inscrever, os corredores receber\u00e3o um kit que incluir\u00e1 uma camiseta, n\u00famero de peito e outros brindes.<\/li>\n<li><strong>Requisitos de Idade:<\/strong> Verifique se voc\u00ea atende aos requisitos de idade para participar, especialmente se for necess\u00e1rio um respons\u00e1vel para menores.<\/li>\n<\/ul>\n<h2>Expectativas dos Participantes<\/h2>\n<p>A Vascorrida atrai muitos corredores que esperam n\u00e3o apenas competir, mas tamb\u00e9m desfrutar de um dia especial. As expectativas incluem superar recordes pessoais e vivenciar a atmosfera vibrante do evento. Os participantes devem:<\/p>\n<ul>\n<li><strong>Ser Proativos:<\/strong> Chegando cedo para evitar contratempos e aproveitar tudo que o evento oferece.<\/li>\n<li><strong>Socializar:<\/strong> Conhecer outros corredores e trocar experi\u00eancias e dicas \u00e9 uma excelente forma de criar novos la\u00e7os.<\/li>\n<li><strong>Divertir-se:<\/strong> O principal objetivo \u00e9 desfrutar do evento e da corrida, independentemente dos resultados.<\/li>\n<\/ul>\n<h2>Como Vestir-se para o Evento<\/h2>\n<p>O vestu\u00e1rio adequado pode significar a diferen\u00e7a entre uma corrida confort\u00e1vel e uma experi\u00eancia desagrad\u00e1vel. Ao se preparar para a Vascorrida, considere:<\/p>\n<ul>\n<li><strong>T\u00eanis Apropriados:<\/strong> Use um par de t\u00eanis que voc\u00ea j\u00e1 tenha testado em treinos para evitar les\u00f5es.<\/li>\n<li><strong>Roupas Ventiladas:<\/strong> Utilize tecidos que permitam a transpira\u00e7\u00e3o e que sejam leves, para garantir conforto durante a corrida.<\/li>\n<li><strong>Prote\u00e7\u00e3o Solar:<\/strong> Se a corrida for durante o dia, \u00e9 recomend\u00e1vel usar protetor solar e um bon\u00e9 para se proteger dos raios solares.<\/li>\n<\/ul>\n<h2>Benef\u00edcios de Correr em Grupo<\/h2>\n<p>Correr em um evento como a Vascorrida proporciona a oportunidade de vivenciar os m\u00faltiplos benef\u00edcios de correr em grupo, que incluem:<\/p>\n<ul>\n<li><strong>Melhora da Performance:<\/strong> O suporte e incentivo de outros corredores podem ajudar na supera\u00e7\u00e3o de desafios.<\/li>\n<li><strong>Clima de Competi\u00e7\u00e3o Salutar:<\/strong> A presen\u00e7a de outros participantes promove um esp\u00edrito de competi\u00e7\u00e3o amig\u00e1vel.<\/li>\n<li><strong>Fortalecimento de V\u00ednculos:<\/strong> Correr com amigos ou familiares ajuda a solidificar rela\u00e7\u00f5es e criar mem\u00f3rias.<\/li>\n<\/ul>\n<h2>Dicas de Treinamento Pr\u00e9-Corrida<\/h2>\n<p>Preparar-se fisicamente \u00e9 crucial para um bom desempenho na corrida. Algumas dicas de treinamento incluem:<\/p>\n<ul>\n<li><strong>Defina Objetivos:<\/strong> Estabele\u00e7a metas realistas e alcan\u00e7\u00e1veis, como completar a corrida ou atingir um tempo espec\u00edfico.<\/li>\n<li><strong>Varie o Treinamento:<\/strong> Incorpore diferentes tipos de treino, como corrida intervalada e treinos de resist\u00eancia, para melhorar seu desempenho global.<\/li>\n<li><strong>Escute o Seu Corpo:<\/strong> Se sentir dor ou desconforto, n\u00e3o hesite em descansar para evitar les\u00f5es.<\/li>\n<\/ul>\n<h2>Participe do Evento e Fa\u00e7a Hist\u00f3ria<\/h2>\n<p>A Vascorrida \u00e9 uma excelente oportunidade para n\u00e3o apenas fazer parte de um evento esportivo anual, mas tamb\u00e9m criar uma hist\u00f3ria de conquistas pessoais e coletivas. Ao se inscrever, voc\u00ea estar\u00e1 contribuindo para uma tradi\u00e7\u00e3o que promove sa\u00fade, bem-estar e a paix\u00e3o pelo esporte. Esteja pronto para vivenciar uma experi\u00eancia incr\u00edvel sob a bandeira do <strong>Gigante da Colina<\/strong>.<\/p>\n\n<div style=\"font-size: 0px; height: 0px; line-height: 0px; margin: 0; padding: 0; clear: both;\"><\/div>","protected":false},"excerpt":{"rendered":"<p>Vascorrida em Vit\u00f3ria: data confirmada, prepare-se para a corrida!<\/p>\n","protected":false},"author":1,"featured_media":1284,"comment_status":"open","ping_status":"closed","sticky":false,"template":"","format":"standard","meta":{"footnotes":""},"categories":[6],"tags":[],"class_list":["post-1285","post","type-post","status-publish","format-standard","has-post-thumbnail","hentry","category-noticias-em-vitoria","has_thumb"],"yoast_head":"<!-- This site is optimized with the Yoast SEO plugin v26.7 - https:\/\/yoast.com\/wordpress\/plugins\/seo\/ -->\n<title>Vascorrida em Vit\u00f3ria \u00e9 confirmada para 22 de mar\u00e7o - Encontra Vit\u00f3ria<\/title>\n<meta name=\"robots\" content=\"index, follow, max-snippet:-1, max-image-preview:large, max-video-preview:-1\" \/>\n<link rel=\"canonical\" href=\"https:\/\/www.encontravitoria.com.br\/sobre\/vascorrida-em-vitoria-e-confirmada-para-22-de-marco\/\" \/>\n<meta property=\"og:locale\" content=\"pt_BR\" \/>\n<meta property=\"og:type\" content=\"article\" \/>\n<meta property=\"og:title\" content=\"Vascorrida em Vit\u00f3ria \u00e9 confirmada para 22 de mar\u00e7o - Encontra Vit\u00f3ria\" \/>\n<meta property=\"og:description\" content=\"Vascorrida em Vit\u00f3ria: data confirmada, prepare-se para a corrida!\" \/>\n<meta property=\"og:url\" content=\"https:\/\/www.encontravitoria.com.br\/sobre\/vascorrida-em-vitoria-e-confirmada-para-22-de-marco\/\" \/>\n<meta property=\"og:site_name\" content=\"Encontra Vit\u00f3ria\" \/>\n<meta property=\"article:published_time\" content=\"2026-03-05T16:31:08+00:00\" \/>\n<meta property=\"og:image\" content=\"https:\/\/www.encontravitoria.com.br\/sobre\/wp-content\/uploads\/2026\/03\/vascorrida-em-vitoria-e-confirmada-para-22-de-marco.webp\" \/>\n<meta name=\"author\" content=\"Encontra Vit\u00f3ria\" \/>\n<meta name=\"twitter:card\" content=\"summary_large_image\" \/>\n<meta name=\"twitter:label1\" content=\"Escrito por\" \/>\n\t<meta name=\"twitter:data1\" content=\"Encontra Vit\u00f3ria\" \/>\n\t<meta name=\"twitter:label2\" content=\"Est. tempo de leitura\" \/>\n\t<meta name=\"twitter:data2\" content=\"4 minutos\" \/>\n<script type=\"application\/ld+json\" class=\"yoast-schema-graph\">{\"@context\":\"https:\/\/schema.org\",\"@graph\":[{\"@type\":\"Article\",\"@id\":\"https:\/\/www.encontravitoria.com.br\/sobre\/vascorrida-em-vitoria-e-confirmada-para-22-de-marco\/#article\",\"isPartOf\":{\"@id\":\"https:\/\/www.encontravitoria.com.br\/sobre\/vascorrida-em-vitoria-e-confirmada-para-22-de-marco\/\"},\"author\":{\"name\":\"Encontra Vit\u00f3ria\",\"@id\":\"https:\/\/www.encontravitoria.com.br\/sobre\/#\/schema\/person\/0f8e5bcc88fbadf1bad57afd504f48a2\"},\"headline\":\"Vascorrida em Vit\u00f3ria \u00e9 confirmada para 22 de mar\u00e7o\",\"datePublished\":\"2026-03-05T16:31:08+00:00\",\"mainEntityOfPage\":{\"@id\":\"https:\/\/www.encontravitoria.com.br\/sobre\/vascorrida-em-vitoria-e-confirmada-para-22-de-marco\/\"},\"wordCount\":902,\"commentCount\":0,\"image\":{\"@id\":\"https:\/\/www.encontravitoria.com.br\/sobre\/vascorrida-em-vitoria-e-confirmada-para-22-de-marco\/#primaryimage\"},\"thumbnailUrl\":\"https:\/\/www.encontravitoria.com.br\/sobre\/wp-content\/uploads\/2026\/03\/vascorrida-em-vitoria-e-confirmada-para-22-de-marco.webp\",\"articleSection\":[\"Not\u00edcias Vit\u00f3ria\"],\"inLanguage\":\"pt-BR\",\"potentialAction\":[{\"@type\":\"CommentAction\",\"name\":\"Comment\",\"target\":[\"https:\/\/www.encontravitoria.com.br\/sobre\/vascorrida-em-vitoria-e-confirmada-para-22-de-marco\/#respond\"]}]},{\"@type\":\"WebPage\",\"@id\":\"https:\/\/www.encontravitoria.com.br\/sobre\/vascorrida-em-vitoria-e-confirmada-para-22-de-marco\/\",\"url\":\"https:\/\/www.encontravitoria.com.br\/sobre\/vascorrida-em-vitoria-e-confirmada-para-22-de-marco\/\",\"name\":\"Vascorrida em Vit\u00f3ria \u00e9 confirmada para 22 de mar\u00e7o - Encontra Vit\u00f3ria\",\"isPartOf\":{\"@id\":\"https:\/\/www.encontravitoria.com.br\/sobre\/#website\"},\"primaryImageOfPage\":{\"@id\":\"https:\/\/www.encontravitoria.com.br\/sobre\/vascorrida-em-vitoria-e-confirmada-para-22-de-marco\/#primaryimage\"},\"image\":{\"@id\":\"https:\/\/www.encontravitoria.com.br\/sobre\/vascorrida-em-vitoria-e-confirmada-para-22-de-marco\/#primaryimage\"},\"thumbnailUrl\":\"https:\/\/www.encontravitoria.com.br\/sobre\/wp-content\/uploads\/2026\/03\/vascorrida-em-vitoria-e-confirmada-para-22-de-marco.webp\",\"datePublished\":\"2026-03-05T16:31:08+00:00\",\"author\":{\"@id\":\"https:\/\/www.encontravitoria.com.br\/sobre\/#\/schema\/person\/0f8e5bcc88fbadf1bad57afd504f48a2\"},\"breadcrumb\":{\"@id\":\"https:\/\/www.encontravitoria.com.br\/sobre\/vascorrida-em-vitoria-e-confirmada-para-22-de-marco\/#breadcrumb\"},\"inLanguage\":\"pt-BR\",\"potentialAction\":[{\"@type\":\"ReadAction\",\"target\":[\"https:\/\/www.encontravitoria.com.br\/sobre\/vascorrida-em-vitoria-e-confirmada-para-22-de-marco\/\"]}]},{\"@type\":\"ImageObject\",\"inLanguage\":\"pt-BR\",\"@id\":\"https:\/\/www.encontravitoria.com.br\/sobre\/vascorrida-em-vitoria-e-confirmada-para-22-de-marco\/#primaryimage\",\"url\":\"https:\/\/www.encontravitoria.com.br\/sobre\/wp-content\/uploads\/2026\/03\/vascorrida-em-vitoria-e-confirmada-para-22-de-marco.webp\",\"contentUrl\":\"https:\/\/www.encontravitoria.com.br\/sobre\/wp-content\/uploads\/2026\/03\/vascorrida-em-vitoria-e-confirmada-para-22-de-marco.webp\",\"width\":280,\"height\":280,\"caption\":\"Vascorrida em Vit\u00f3ria\"},{\"@type\":\"BreadcrumbList\",\"@id\":\"https:\/\/www.encontravitoria.com.br\/sobre\/vascorrida-em-vitoria-e-confirmada-para-22-de-marco\/#breadcrumb\",\"itemListElement\":[{\"@type\":\"ListItem\",\"position\":1,\"name\":\"In\u00edcio\",\"item\":\"https:\/\/www.encontravitoria.com.br\/sobre\/\"},{\"@type\":\"ListItem\",\"position\":2,\"name\":\"Vascorrida em Vit\u00f3ria \u00e9 confirmada para 22 de mar\u00e7o\"}]},{\"@type\":\"WebSite\",\"@id\":\"https:\/\/www.encontravitoria.com.br\/sobre\/#website\",\"url\":\"https:\/\/www.encontravitoria.com.br\/sobre\/\",\"name\":\"Encontra Vit\u00f3ria\",\"description\":\"Not\u00edcias, eventos, informa\u00e7\u00f5es e dicas na cidade Vit\u00f3ria e regi\u00e3o.\",\"potentialAction\":[{\"@type\":\"SearchAction\",\"target\":{\"@type\":\"EntryPoint\",\"urlTemplate\":\"https:\/\/www.encontravitoria.com.br\/sobre\/?s={search_term_string}\"},\"query-input\":{\"@type\":\"PropertyValueSpecification\",\"valueRequired\":true,\"valueName\":\"search_term_string\"}}],\"inLanguage\":\"pt-BR\"},{\"@type\":\"Person\",\"@id\":\"https:\/\/www.encontravitoria.com.br\/sobre\/#\/schema\/person\/0f8e5bcc88fbadf1bad57afd504f48a2\",\"name\":\"Encontra Vit\u00f3ria\",\"image\":{\"@type\":\"ImageObject\",\"inLanguage\":\"pt-BR\",\"@id\":\"https:\/\/www.encontravitoria.com.br\/sobre\/#\/schema\/person\/image\/\",\"url\":\"https:\/\/secure.gravatar.com\/avatar\/507340682b8270222e1f208e23198b6ae7e2c6a1033ae84e99bc6bce4f82a387?s=96&d=mm&r=g\",\"contentUrl\":\"https:\/\/secure.gravatar.com\/avatar\/507340682b8270222e1f208e23198b6ae7e2c6a1033ae84e99bc6bce4f82a387?s=96&d=mm&r=g\",\"caption\":\"Encontra Vit\u00f3ria\"},\"sameAs\":[\"http:\/\/www.encontravitoria.com.br\"],\"url\":\"https:\/\/www.encontravitoria.com.br\/sobre\/author\/evitoria\/\"}]}<\/script>\n<!-- \/ Yoast SEO plugin. -->","yoast_head_json":{"title":"Vascorrida em Vit\u00f3ria \u00e9 confirmada para 22 de mar\u00e7o - Encontra Vit\u00f3ria","robots":{"index":"index","follow":"follow","max-snippet":"max-snippet:-1","max-image-preview":"max-image-preview:large","max-video-preview":"max-video-preview:-1"},"canonical":"https:\/\/www.encontravitoria.com.br\/sobre\/vascorrida-em-vitoria-e-confirmada-para-22-de-marco\/","og_locale":"pt_BR","og_type":"article","og_title":"Vascorrida em Vit\u00f3ria \u00e9 confirmada para 22 de mar\u00e7o - Encontra Vit\u00f3ria","og_description":"Vascorrida em Vit\u00f3ria: data confirmada, prepare-se para a corrida!","og_url":"https:\/\/www.encontravitoria.com.br\/sobre\/vascorrida-em-vitoria-e-confirmada-para-22-de-marco\/","og_site_name":"Encontra Vit\u00f3ria","article_published_time":"2026-03-05T16:31:08+00:00","og_image":[{"url":"https:\/\/www.encontravitoria.com.br\/sobre\/wp-content\/uploads\/2026\/03\/vascorrida-em-vitoria-e-confirmada-para-22-de-marco.webp","type":"","width":"","height":""}],"author":"Encontra Vit\u00f3ria","twitter_card":"summary_large_image","twitter_misc":{"Escrito por":"Encontra Vit\u00f3ria","Est. tempo de leitura":"4 minutos"},"schema":{"@context":"https:\/\/schema.org","@graph":[{"@type":"Article","@id":"https:\/\/www.encontravitoria.com.br\/sobre\/vascorrida-em-vitoria-e-confirmada-para-22-de-marco\/#article","isPartOf":{"@id":"https:\/\/www.encontravitoria.com.br\/sobre\/vascorrida-em-vitoria-e-confirmada-para-22-de-marco\/"},"author":{"name":"Encontra Vit\u00f3ria","@id":"https:\/\/www.encontravitoria.com.br\/sobre\/#\/schema\/person\/0f8e5bcc88fbadf1bad57afd504f48a2"},"headline":"Vascorrida em Vit\u00f3ria \u00e9 confirmada para 22 de mar\u00e7o","datePublished":"2026-03-05T16:31:08+00:00","mainEntityOfPage":{"@id":"https:\/\/www.encontravitoria.com.br\/sobre\/vascorrida-em-vitoria-e-confirmada-para-22-de-marco\/"},"wordCount":902,"commentCount":0,"image":{"@id":"https:\/\/www.encontravitoria.com.br\/sobre\/vascorrida-em-vitoria-e-confirmada-para-22-de-marco\/#primaryimage"},"thumbnailUrl":"https:\/\/www.encontravitoria.com.br\/sobre\/wp-content\/uploads\/2026\/03\/vascorrida-em-vitoria-e-confirmada-para-22-de-marco.webp","articleSection":["Not\u00edcias Vit\u00f3ria"],"inLanguage":"pt-BR","potentialAction":[{"@type":"CommentAction","name":"Comment","target":["https:\/\/www.encontravitoria.com.br\/sobre\/vascorrida-em-vitoria-e-confirmada-para-22-de-marco\/#respond"]}]},{"@type":"WebPage","@id":"https:\/\/www.encontravitoria.com.br\/sobre\/vascorrida-em-vitoria-e-confirmada-para-22-de-marco\/","url":"https:\/\/www.encontravitoria.com.br\/sobre\/vascorrida-em-vitoria-e-confirmada-para-22-de-marco\/","name":"Vascorrida em Vit\u00f3ria \u00e9 confirmada para 22 de mar\u00e7o - Encontra Vit\u00f3ria","isPartOf":{"@id":"https:\/\/www.encontravitoria.com.br\/sobre\/#website"},"primaryImageOfPage":{"@id":"https:\/\/www.encontravitoria.com.br\/sobre\/vascorrida-em-vitoria-e-confirmada-para-22-de-marco\/#primaryimage"},"image":{"@id":"https:\/\/www.encontravitoria.com.br\/sobre\/vascorrida-em-vitoria-e-confirmada-para-22-de-marco\/#primaryimage"},"thumbnailUrl":"https:\/\/www.encontravitoria.com.br\/sobre\/wp-content\/uploads\/2026\/03\/vascorrida-em-vitoria-e-confirmada-para-22-de-marco.webp","datePublished":"2026-03-05T16:31:08+00:00","author":{"@id":"https:\/\/www.encontravitoria.com.br\/sobre\/#\/schema\/person\/0f8e5bcc88fbadf1bad57afd504f48a2"},"breadcrumb":{"@id":"https:\/\/www.encontravitoria.com.br\/sobre\/vascorrida-em-vitoria-e-confirmada-para-22-de-marco\/#breadcrumb"},"inLanguage":"pt-BR","potentialAction":[{"@type":"ReadAction","target":["https:\/\/www.encontravitoria.com.br\/sobre\/vascorrida-em-vitoria-e-confirmada-para-22-de-marco\/"]}]},{"@type":"ImageObject","inLanguage":"pt-BR","@id":"https:\/\/www.encontravitoria.com.br\/sobre\/vascorrida-em-vitoria-e-confirmada-para-22-de-marco\/#primaryimage","url":"https:\/\/www.encontravitoria.com.br\/sobre\/wp-content\/uploads\/2026\/03\/vascorrida-em-vitoria-e-confirmada-para-22-de-marco.webp","contentUrl":"https:\/\/www.encontravitoria.com.br\/sobre\/wp-content\/uploads\/2026\/03\/vascorrida-em-vitoria-e-confirmada-para-22-de-marco.webp","width":280,"height":280,"caption":"Vascorrida em Vit\u00f3ria"},{"@type":"BreadcrumbList","@id":"https:\/\/www.encontravitoria.com.br\/sobre\/vascorrida-em-vitoria-e-confirmada-para-22-de-marco\/#breadcrumb","itemListElement":[{"@type":"ListItem","position":1,"name":"In\u00edcio","item":"https:\/\/www.encontravitoria.com.br\/sobre\/"},{"@type":"ListItem","position":2,"name":"Vascorrida em Vit\u00f3ria \u00e9 confirmada para 22 de mar\u00e7o"}]},{"@type":"WebSite","@id":"https:\/\/www.encontravitoria.com.br\/sobre\/#website","url":"https:\/\/www.encontravitoria.com.br\/sobre\/","name":"Encontra Vit\u00f3ria","description":"Not\u00edcias, eventos, informa\u00e7\u00f5es e dicas na cidade Vit\u00f3ria e regi\u00e3o.","potentialAction":[{"@type":"SearchAction","target":{"@type":"EntryPoint","urlTemplate":"https:\/\/www.encontravitoria.com.br\/sobre\/?s={search_term_string}"},"query-input":{"@type":"PropertyValueSpecification","valueRequired":true,"valueName":"search_term_string"}}],"inLanguage":"pt-BR"},{"@type":"Person","@id":"https:\/\/www.encontravitoria.com.br\/sobre\/#\/schema\/person\/0f8e5bcc88fbadf1bad57afd504f48a2","name":"Encontra Vit\u00f3ria","image":{"@type":"ImageObject","inLanguage":"pt-BR","@id":"https:\/\/www.encontravitoria.com.br\/sobre\/#\/schema\/person\/image\/","url":"https:\/\/secure.gravatar.com\/avatar\/507340682b8270222e1f208e23198b6ae7e2c6a1033ae84e99bc6bce4f82a387?s=96&d=mm&r=g","contentUrl":"https:\/\/secure.gravatar.com\/avatar\/507340682b8270222e1f208e23198b6ae7e2c6a1033ae84e99bc6bce4f82a387?s=96&d=mm&r=g","caption":"Encontra Vit\u00f3ria"},"sameAs":["http:\/\/www.encontravitoria.com.br"],"url":"https:\/\/www.encontravitoria.com.br\/sobre\/author\/evitoria\/"}]}},"_links":{"self":[{"href":"https:\/\/www.encontravitoria.com.br\/sobre\/wp-json\/wp\/v2\/posts\/1285","targetHints":{"allow":["GET"]}}],"collection":[{"href":"https:\/\/www.encontravitoria.com.br\/sobre\/wp-json\/wp\/v2\/posts"}],"about":[{"href":"https:\/\/www.encontravitoria.com.br\/sobre\/wp-json\/wp\/v2\/types\/post"}],"author":[{"embeddable":true,"href":"https:\/\/www.encontravitoria.com.br\/sobre\/wp-json\/wp\/v2\/users\/1"}],"replies":[{"embeddable":true,"href":"https:\/\/www.encontravitoria.com.br\/sobre\/wp-json\/wp\/v2\/comments?post=1285"}],"version-history":[{"count":0,"href":"https:\/\/www.encontravitoria.com.br\/sobre\/wp-json\/wp\/v2\/posts\/1285\/revisions"}],"wp:featuredmedia":[{"embeddable":true,"href":"https:\/\/www.encontravitoria.com.br\/sobre\/wp-json\/wp\/v2\/media\/1284"}],"wp:attachment":[{"href":"https:\/\/www.encontravitoria.com.br\/sobre\/wp-json\/wp\/v2\/media?parent=1285"}],"wp:term":[{"taxonomy":"category","embeddable":true,"href":"https:\/\/www.encontravitoria.com.br\/sobre\/wp-json\/wp\/v2\/categories?post=1285"},{"taxonomy":"post_tag","embeddable":true,"href":"https:\/\/www.encontravitoria.com.br\/sobre\/wp-json\/wp\/v2\/tags?post=1285"}],"curies":[{"name":"wp","href":"https:\/\/api.w.org\/{rel}","templated":true}]}}