{"id":1287,"date":"2026-03-06T16:29:02","date_gmt":"2026-03-06T16:29:02","guid":{"rendered":"https:\/\/www.encontravitoria.com.br\/sobre\/inscricoes-para-a-corrida-e-caminhada-da-mulher-2026-comecam-as-12-horas-desta-sexta\/"},"modified":"2026-03-06T16:29:02","modified_gmt":"2026-03-06T16:29:02","slug":"inscricoes-para-a-corrida-e-caminhada-da-mulher-2026-comecam-as-12-horas-desta-sexta","status":"publish","type":"post","link":"https:\/\/www.encontravitoria.com.br\/sobre\/inscricoes-para-a-corrida-e-caminhada-da-mulher-2026-comecam-as-12-horas-desta-sexta\/","title":{"rendered":"Inscri\u00e7\u00f5es para a Corrida e Caminhada da Mulher 2026 come\u00e7am \u00e0s 12 horas desta sexta"},"content":{"rendered":"<div class=\"23ed37709e053b55400ee1990aeffe41\" data-index=\"1\" style=\"float: none; margin:0px;\">\n<!-- Anuncio display - global -->\r\n<ins class=\"adsbygoogle\"\r\n     style=\"display:block\"\r\n     data-ad-client=\"ca-pub-8585364105181520\"\r\n     data-ad-slot=\"8789329856\"\r\n     data-ad-format=\"auto\"\r\n     data-full-width-responsive=\"true\"><\/ins>\r\n<script>\r\n     (adsbygoogle = window.adsbygoogle || []).push({});\r\n<\/script>\n<\/div>\n<h2>Como se Inscrever para a Corrida e Caminhada da Mulher 2026<\/h2>\n<p>As inscri\u00e7\u00f5es para a Corrida e Caminhada da Mulher, edi\u00e7\u00e3o 2026, estar\u00e3o dispon\u00edveis a partir das 12 horas desta sexta-feira (06). O interessado pode se inscrever atrav\u00e9s do site oficial da prefeitura ou da p\u00e1gina da empresa organizadora do evento. \u00c9 crucial que os participantes se inscrevam no hor\u00e1rio especificado para garantir suas vagas, pois as inscri\u00e7\u00f5es podem se esgotar rapidamente.<\/p>\n<h2>Datas Importantes para o Evento<\/h2>\n<p>A corrida est\u00e1 marcada para ocorrer no dia 29 de mar\u00e7o, com in\u00edcio da concentra\u00e7\u00e3o \u00e0s 6 horas. A largada ser\u00e1 realizada \u00e0s 6h30, saindo da Pra\u00e7a Get\u00falio Vargas, localizada no centro da cidade. Al\u00e9m disso, a entrega dos kits aos corredores ocorrer\u00e1 no dia 27 de mar\u00e7o, entre 9h e 20h, na Casa do Cidad\u00e3o, situado na Avenida Maru\u00edpe, 2544, no bairro Itarar\u00e9.<\/p>\n<h2>Percursos Dispon\u00edveis para Participa\u00e7\u00e3o<\/h2>\n<p>Os participantes poder\u00e3o escolher entre tr\u00eas op\u00e7\u00f5es de percurso: uma caminhada de 3 km, uma corrida de 5 km e uma corrida de 10 km. \u00c9 interessante ressaltar que esses percursos s\u00e3o projetados para acomodar tanto atletas experientes quanto aqueles que est\u00e3o participando pela primeira vez de um evento desse porte.<\/p>\n<p><img decoding=\"async\" src=\"https:\/\/www.encontravitoria.com.br\/sobre\/wp-content\/uploads\/2026\/03\/inscricoes-para-a-corrida-e-caminhada-da-mulher-2026-comecam-as-12-horas-desta-sexta.webp\" alt=\"Inscri\u00e7\u00f5es para a Corrida e Caminhada da Mulher 2026\" loading=\"lazy\" \/><\/p>\n<h2>Idades M\u00ednimas para Cada Percurso<\/h2>\n<p>As restri\u00e7\u00f5es de idade para os percursos s\u00e3o as seguintes:<\/p>\n<ul>\n<li><strong>Caminhada de 3 km:<\/strong> Idade livre.<\/li>\n<li><strong>Corrida de 5 km:<\/strong> Idade m\u00ednima de 16 anos.<\/li>\n<li><strong>Corrida de 10 km:<\/strong> Idade m\u00ednima de 18 anos.<\/li>\n<\/ul>\n<p>De acordo com a norma 12, \u00a7 8\u00ba, da CBAT, a idade do atleta ser\u00e1 calculada considerando o dia 31 de dezembro de 2025 como refer\u00eancia. Para participantes com menos de 18 anos, \u00e9 necess\u00e1ria a apresenta\u00e7\u00e3o de uma autoriza\u00e7\u00e3o do respons\u00e1vel legal no momento da retirada do kit.<\/p>\n<h2>Homenagem a Maria Ortiz<\/h2>\n<p>Esta edi\u00e7\u00e3o da corrida presta homenagem a Maria Ortiz, uma figura hist\u00f3rica que \u00e9 lembrada por sua coragem e determina\u00e7\u00e3o na defesa da antiga Vila de Vit\u00f3ria. A escolha desse tema serve para destacar a for\u00e7a das mulheres ao longo da hist\u00f3ria e enfatiza o papel delas em diversos setores da sociedade.<\/p>\n<h2>Objetivos da Corrida e Caminhada<\/h2>\n<p>Al\u00e9m de promover um evento esportivo, a Corrida e Caminhada da Mulher faz parte das celebra\u00e7\u00f5es do M\u00eas da Mulher, simbolizando reconhecimento e valoriza\u00e7\u00e3o da participa\u00e7\u00e3o feminina em diversas \u00e1reas. O intuito \u00e9 proporcionar um espa\u00e7o para a promo\u00e7\u00e3o do empoderamento, sa\u00fade e bem-estar das mulheres.<\/p>\n<h2>Expectativas para o Dia do Evento<\/h2>\n<p>A expectativa \u00e9 que o evento re\u00fana um significativo n\u00famero de participantes, incluindo tanto corredores adeptos quanto aqueles que est\u00e3o come\u00e7ando a se engajar em atividades f\u00edsicas. O ambiente festivo, aliado ao esp\u00edrito de solidariedade, promete proporcionar uma experi\u00eancia enriquecedora para todos os envolvidos.<\/p>\n<h2>A Import\u00e2ncia do Esporte na Vida Feminina<\/h2>\n<p>A pr\u00e1tica de esportes tem se mostrado essencial para a sa\u00fade e bem-estar das mulheres. Al\u00e9m de promover a sa\u00fade f\u00edsica, a participa\u00e7\u00e3o em eventos esportivos incentiva a socializa\u00e7\u00e3o, ajuda a aumentar a autoestima e fortalece a autoconfian\u00e7a. A corrida ser\u00e1 uma oportunidade para que as mulheres se sintam parte de uma comunidade, promovendo a uni\u00e3o e solidariedade entre elas.<\/p>\n<h2>Pol\u00edticas de Inclus\u00e3o e Diversidade<\/h2>\n<p>A corrida est\u00e1 aberta a todos, independentemente de g\u00eanero, idade ou n\u00edvel de experi\u00eancia pr\u00e9via. H\u00e1 categorias espec\u00edficas para pessoas com defici\u00eancia, garantindo que todos possam participar e desfrutar da experi\u00eancia. Esse aspecto inclusivo refor\u00e7a a import\u00e2ncia da diversidade e da igualdade de oportunidades no esporte.<\/p>\n<h2>Curiosidades sobre a Corrida da Mulher<\/h2>\n<p>As corridas femininas t\u00eam ganhado for\u00e7a ao redor do mundo, e eventos como o da Corrida e Caminhada da Mulher s\u00e3o vitais para inspirar futuras gera\u00e7\u00f5es. Muitas mulheres s\u00e3o motivadas a iniciar uma jornada de sa\u00fade e bem-estar por conta de eventos como esse, que al\u00e9m de serem desafios, proporcionam momentos de supera\u00e7\u00e3o e comemora\u00e7\u00e3o. Al\u00e9m disso, a corrida tamb\u00e9m possibilita uma reflex\u00e3o sobre a trajet\u00f3ria feminina e os avan\u00e7os conquistados ao longo dos anos.<\/p>\n\n<div style=\"font-size: 0px; height: 0px; line-height: 0px; margin: 0; padding: 0; clear: both;\"><\/div>","protected":false},"excerpt":{"rendered":"<p>Inscri\u00e7\u00f5es para a Corrida e Caminhada da Mulher 2026 j\u00e1 est\u00e3o abertas e voc\u00ea n\u00e3o pode ficar de fora!<\/p>\n","protected":false},"author":1,"featured_media":1286,"comment_status":"open","ping_status":"closed","sticky":false,"template":"","format":"standard","meta":{"footnotes":""},"categories":[6],"tags":[],"class_list":["post-1287","post","type-post","status-publish","format-standard","has-post-thumbnail","hentry","category-noticias-em-vitoria","has_thumb"],"yoast_head":"<!-- This site is optimized with the Yoast SEO plugin v26.7 - https:\/\/yoast.com\/wordpress\/plugins\/seo\/ -->\n<title>Inscri\u00e7\u00f5es para a Corrida e Caminhada da Mulher 2026 come\u00e7am \u00e0s 12 horas desta sexta - Encontra Vit\u00f3ria<\/title>\n<meta name=\"robots\" content=\"index, follow, max-snippet:-1, max-image-preview:large, max-video-preview:-1\" \/>\n<link rel=\"canonical\" href=\"https:\/\/www.encontravitoria.com.br\/sobre\/inscricoes-para-a-corrida-e-caminhada-da-mulher-2026-comecam-as-12-horas-desta-sexta\/\" \/>\n<meta property=\"og:locale\" content=\"pt_BR\" \/>\n<meta property=\"og:type\" content=\"article\" \/>\n<meta property=\"og:title\" content=\"Inscri\u00e7\u00f5es para a Corrida e Caminhada da Mulher 2026 come\u00e7am \u00e0s 12 horas desta sexta - Encontra Vit\u00f3ria\" \/>\n<meta property=\"og:description\" content=\"Inscri\u00e7\u00f5es para a Corrida e Caminhada da Mulher 2026 j\u00e1 est\u00e3o abertas e voc\u00ea n\u00e3o pode ficar de fora!\" \/>\n<meta property=\"og:url\" content=\"https:\/\/www.encontravitoria.com.br\/sobre\/inscricoes-para-a-corrida-e-caminhada-da-mulher-2026-comecam-as-12-horas-desta-sexta\/\" \/>\n<meta property=\"og:site_name\" content=\"Encontra Vit\u00f3ria\" \/>\n<meta property=\"article:published_time\" content=\"2026-03-06T16:29:02+00:00\" \/>\n<meta property=\"og:image\" content=\"https:\/\/www.encontravitoria.com.br\/sobre\/wp-content\/uploads\/2026\/03\/inscricoes-para-a-corrida-e-caminhada-da-mulher-2026-comecam-as-12-horas-desta-sexta.webp\" \/>\n<meta name=\"author\" content=\"Encontra Vit\u00f3ria\" \/>\n<meta name=\"twitter:card\" content=\"summary_large_image\" \/>\n<meta name=\"twitter:label1\" content=\"Escrito por\" \/>\n\t<meta name=\"twitter:data1\" content=\"Encontra Vit\u00f3ria\" \/>\n\t<meta name=\"twitter:label2\" content=\"Est. tempo de leitura\" \/>\n\t<meta name=\"twitter:data2\" content=\"3 minutos\" \/>\n<script type=\"application\/ld+json\" class=\"yoast-schema-graph\">{\"@context\":\"https:\/\/schema.org\",\"@graph\":[{\"@type\":\"Article\",\"@id\":\"https:\/\/www.encontravitoria.com.br\/sobre\/inscricoes-para-a-corrida-e-caminhada-da-mulher-2026-comecam-as-12-horas-desta-sexta\/#article\",\"isPartOf\":{\"@id\":\"https:\/\/www.encontravitoria.com.br\/sobre\/inscricoes-para-a-corrida-e-caminhada-da-mulher-2026-comecam-as-12-horas-desta-sexta\/\"},\"author\":{\"name\":\"Encontra Vit\u00f3ria\",\"@id\":\"https:\/\/www.encontravitoria.com.br\/sobre\/#\/schema\/person\/0f8e5bcc88fbadf1bad57afd504f48a2\"},\"headline\":\"Inscri\u00e7\u00f5es para a Corrida e Caminhada da Mulher 2026 come\u00e7am \u00e0s 12 horas desta sexta\",\"datePublished\":\"2026-03-06T16:29:02+00:00\",\"mainEntityOfPage\":{\"@id\":\"https:\/\/www.encontravitoria.com.br\/sobre\/inscricoes-para-a-corrida-e-caminhada-da-mulher-2026-comecam-as-12-horas-desta-sexta\/\"},\"wordCount\":717,\"commentCount\":0,\"image\":{\"@id\":\"https:\/\/www.encontravitoria.com.br\/sobre\/inscricoes-para-a-corrida-e-caminhada-da-mulher-2026-comecam-as-12-horas-desta-sexta\/#primaryimage\"},\"thumbnailUrl\":\"https:\/\/www.encontravitoria.com.br\/sobre\/wp-content\/uploads\/2026\/03\/inscricoes-para-a-corrida-e-caminhada-da-mulher-2026-comecam-as-12-horas-desta-sexta.webp\",\"articleSection\":[\"Not\u00edcias Vit\u00f3ria\"],\"inLanguage\":\"pt-BR\",\"potentialAction\":[{\"@type\":\"CommentAction\",\"name\":\"Comment\",\"target\":[\"https:\/\/www.encontravitoria.com.br\/sobre\/inscricoes-para-a-corrida-e-caminhada-da-mulher-2026-comecam-as-12-horas-desta-sexta\/#respond\"]}]},{\"@type\":\"WebPage\",\"@id\":\"https:\/\/www.encontravitoria.com.br\/sobre\/inscricoes-para-a-corrida-e-caminhada-da-mulher-2026-comecam-as-12-horas-desta-sexta\/\",\"url\":\"https:\/\/www.encontravitoria.com.br\/sobre\/inscricoes-para-a-corrida-e-caminhada-da-mulher-2026-comecam-as-12-horas-desta-sexta\/\",\"name\":\"Inscri\u00e7\u00f5es para a Corrida e Caminhada da Mulher 2026 come\u00e7am \u00e0s 12 horas desta sexta - Encontra Vit\u00f3ria\",\"isPartOf\":{\"@id\":\"https:\/\/www.encontravitoria.com.br\/sobre\/#website\"},\"primaryImageOfPage\":{\"@id\":\"https:\/\/www.encontravitoria.com.br\/sobre\/inscricoes-para-a-corrida-e-caminhada-da-mulher-2026-comecam-as-12-horas-desta-sexta\/#primaryimage\"},\"image\":{\"@id\":\"https:\/\/www.encontravitoria.com.br\/sobre\/inscricoes-para-a-corrida-e-caminhada-da-mulher-2026-comecam-as-12-horas-desta-sexta\/#primaryimage\"},\"thumbnailUrl\":\"https:\/\/www.encontravitoria.com.br\/sobre\/wp-content\/uploads\/2026\/03\/inscricoes-para-a-corrida-e-caminhada-da-mulher-2026-comecam-as-12-horas-desta-sexta.webp\",\"datePublished\":\"2026-03-06T16:29:02+00:00\",\"author\":{\"@id\":\"https:\/\/www.encontravitoria.com.br\/sobre\/#\/schema\/person\/0f8e5bcc88fbadf1bad57afd504f48a2\"},\"breadcrumb\":{\"@id\":\"https:\/\/www.encontravitoria.com.br\/sobre\/inscricoes-para-a-corrida-e-caminhada-da-mulher-2026-comecam-as-12-horas-desta-sexta\/#breadcrumb\"},\"inLanguage\":\"pt-BR\",\"potentialAction\":[{\"@type\":\"ReadAction\",\"target\":[\"https:\/\/www.encontravitoria.com.br\/sobre\/inscricoes-para-a-corrida-e-caminhada-da-mulher-2026-comecam-as-12-horas-desta-sexta\/\"]}]},{\"@type\":\"ImageObject\",\"inLanguage\":\"pt-BR\",\"@id\":\"https:\/\/www.encontravitoria.com.br\/sobre\/inscricoes-para-a-corrida-e-caminhada-da-mulher-2026-comecam-as-12-horas-desta-sexta\/#primaryimage\",\"url\":\"https:\/\/www.encontravitoria.com.br\/sobre\/wp-content\/uploads\/2026\/03\/inscricoes-para-a-corrida-e-caminhada-da-mulher-2026-comecam-as-12-horas-desta-sexta.webp\",\"contentUrl\":\"https:\/\/www.encontravitoria.com.br\/sobre\/wp-content\/uploads\/2026\/03\/inscricoes-para-a-corrida-e-caminhada-da-mulher-2026-comecam-as-12-horas-desta-sexta.webp\",\"width\":280,\"height\":280,\"caption\":\"Inscri\u00e7\u00f5es para a Corrida e Caminhada da Mulher 2026\"},{\"@type\":\"BreadcrumbList\",\"@id\":\"https:\/\/www.encontravitoria.com.br\/sobre\/inscricoes-para-a-corrida-e-caminhada-da-mulher-2026-comecam-as-12-horas-desta-sexta\/#breadcrumb\",\"itemListElement\":[{\"@type\":\"ListItem\",\"position\":1,\"name\":\"In\u00edcio\",\"item\":\"https:\/\/www.encontravitoria.com.br\/sobre\/\"},{\"@type\":\"ListItem\",\"position\":2,\"name\":\"Inscri\u00e7\u00f5es para a Corrida e Caminhada da Mulher 2026 come\u00e7am \u00e0s 12 horas desta sexta\"}]},{\"@type\":\"WebSite\",\"@id\":\"https:\/\/www.encontravitoria.com.br\/sobre\/#website\",\"url\":\"https:\/\/www.encontravitoria.com.br\/sobre\/\",\"name\":\"Encontra Vit\u00f3ria\",\"description\":\"Not\u00edcias, eventos, informa\u00e7\u00f5es e dicas na cidade Vit\u00f3ria e regi\u00e3o.\",\"potentialAction\":[{\"@type\":\"SearchAction\",\"target\":{\"@type\":\"EntryPoint\",\"urlTemplate\":\"https:\/\/www.encontravitoria.com.br\/sobre\/?s={search_term_string}\"},\"query-input\":{\"@type\":\"PropertyValueSpecification\",\"valueRequired\":true,\"valueName\":\"search_term_string\"}}],\"inLanguage\":\"pt-BR\"},{\"@type\":\"Person\",\"@id\":\"https:\/\/www.encontravitoria.com.br\/sobre\/#\/schema\/person\/0f8e5bcc88fbadf1bad57afd504f48a2\",\"name\":\"Encontra Vit\u00f3ria\",\"image\":{\"@type\":\"ImageObject\",\"inLanguage\":\"pt-BR\",\"@id\":\"https:\/\/www.encontravitoria.com.br\/sobre\/#\/schema\/person\/image\/\",\"url\":\"https:\/\/secure.gravatar.com\/avatar\/507340682b8270222e1f208e23198b6ae7e2c6a1033ae84e99bc6bce4f82a387?s=96&d=mm&r=g\",\"contentUrl\":\"https:\/\/secure.gravatar.com\/avatar\/507340682b8270222e1f208e23198b6ae7e2c6a1033ae84e99bc6bce4f82a387?s=96&d=mm&r=g\",\"caption\":\"Encontra Vit\u00f3ria\"},\"sameAs\":[\"http:\/\/www.encontravitoria.com.br\"],\"url\":\"https:\/\/www.encontravitoria.com.br\/sobre\/author\/evitoria\/\"}]}<\/script>\n<!-- \/ Yoast SEO plugin. -->","yoast_head_json":{"title":"Inscri\u00e7\u00f5es para a Corrida e Caminhada da Mulher 2026 come\u00e7am \u00e0s 12 horas desta sexta - Encontra Vit\u00f3ria","robots":{"index":"index","follow":"follow","max-snippet":"max-snippet:-1","max-image-preview":"max-image-preview:large","max-video-preview":"max-video-preview:-1"},"canonical":"https:\/\/www.encontravitoria.com.br\/sobre\/inscricoes-para-a-corrida-e-caminhada-da-mulher-2026-comecam-as-12-horas-desta-sexta\/","og_locale":"pt_BR","og_type":"article","og_title":"Inscri\u00e7\u00f5es para a Corrida e Caminhada da Mulher 2026 come\u00e7am \u00e0s 12 horas desta sexta - Encontra Vit\u00f3ria","og_description":"Inscri\u00e7\u00f5es para a Corrida e Caminhada da Mulher 2026 j\u00e1 est\u00e3o abertas e voc\u00ea n\u00e3o pode ficar de fora!","og_url":"https:\/\/www.encontravitoria.com.br\/sobre\/inscricoes-para-a-corrida-e-caminhada-da-mulher-2026-comecam-as-12-horas-desta-sexta\/","og_site_name":"Encontra Vit\u00f3ria","article_published_time":"2026-03-06T16:29:02+00:00","og_image":[{"url":"https:\/\/www.encontravitoria.com.br\/sobre\/wp-content\/uploads\/2026\/03\/inscricoes-para-a-corrida-e-caminhada-da-mulher-2026-comecam-as-12-horas-desta-sexta.webp","type":"","width":"","height":""}],"author":"Encontra Vit\u00f3ria","twitter_card":"summary_large_image","twitter_misc":{"Escrito por":"Encontra Vit\u00f3ria","Est. tempo de leitura":"3 minutos"},"schema":{"@context":"https:\/\/schema.org","@graph":[{"@type":"Article","@id":"https:\/\/www.encontravitoria.com.br\/sobre\/inscricoes-para-a-corrida-e-caminhada-da-mulher-2026-comecam-as-12-horas-desta-sexta\/#article","isPartOf":{"@id":"https:\/\/www.encontravitoria.com.br\/sobre\/inscricoes-para-a-corrida-e-caminhada-da-mulher-2026-comecam-as-12-horas-desta-sexta\/"},"author":{"name":"Encontra Vit\u00f3ria","@id":"https:\/\/www.encontravitoria.com.br\/sobre\/#\/schema\/person\/0f8e5bcc88fbadf1bad57afd504f48a2"},"headline":"Inscri\u00e7\u00f5es para a Corrida e Caminhada da Mulher 2026 come\u00e7am \u00e0s 12 horas desta sexta","datePublished":"2026-03-06T16:29:02+00:00","mainEntityOfPage":{"@id":"https:\/\/www.encontravitoria.com.br\/sobre\/inscricoes-para-a-corrida-e-caminhada-da-mulher-2026-comecam-as-12-horas-desta-sexta\/"},"wordCount":717,"commentCount":0,"image":{"@id":"https:\/\/www.encontravitoria.com.br\/sobre\/inscricoes-para-a-corrida-e-caminhada-da-mulher-2026-comecam-as-12-horas-desta-sexta\/#primaryimage"},"thumbnailUrl":"https:\/\/www.encontravitoria.com.br\/sobre\/wp-content\/uploads\/2026\/03\/inscricoes-para-a-corrida-e-caminhada-da-mulher-2026-comecam-as-12-horas-desta-sexta.webp","articleSection":["Not\u00edcias Vit\u00f3ria"],"inLanguage":"pt-BR","potentialAction":[{"@type":"CommentAction","name":"Comment","target":["https:\/\/www.encontravitoria.com.br\/sobre\/inscricoes-para-a-corrida-e-caminhada-da-mulher-2026-comecam-as-12-horas-desta-sexta\/#respond"]}]},{"@type":"WebPage","@id":"https:\/\/www.encontravitoria.com.br\/sobre\/inscricoes-para-a-corrida-e-caminhada-da-mulher-2026-comecam-as-12-horas-desta-sexta\/","url":"https:\/\/www.encontravitoria.com.br\/sobre\/inscricoes-para-a-corrida-e-caminhada-da-mulher-2026-comecam-as-12-horas-desta-sexta\/","name":"Inscri\u00e7\u00f5es para a Corrida e Caminhada da Mulher 2026 come\u00e7am \u00e0s 12 horas desta sexta - Encontra Vit\u00f3ria","isPartOf":{"@id":"https:\/\/www.encontravitoria.com.br\/sobre\/#website"},"primaryImageOfPage":{"@id":"https:\/\/www.encontravitoria.com.br\/sobre\/inscricoes-para-a-corrida-e-caminhada-da-mulher-2026-comecam-as-12-horas-desta-sexta\/#primaryimage"},"image":{"@id":"https:\/\/www.encontravitoria.com.br\/sobre\/inscricoes-para-a-corrida-e-caminhada-da-mulher-2026-comecam-as-12-horas-desta-sexta\/#primaryimage"},"thumbnailUrl":"https:\/\/www.encontravitoria.com.br\/sobre\/wp-content\/uploads\/2026\/03\/inscricoes-para-a-corrida-e-caminhada-da-mulher-2026-comecam-as-12-horas-desta-sexta.webp","datePublished":"2026-03-06T16:29:02+00:00","author":{"@id":"https:\/\/www.encontravitoria.com.br\/sobre\/#\/schema\/person\/0f8e5bcc88fbadf1bad57afd504f48a2"},"breadcrumb":{"@id":"https:\/\/www.encontravitoria.com.br\/sobre\/inscricoes-para-a-corrida-e-caminhada-da-mulher-2026-comecam-as-12-horas-desta-sexta\/#breadcrumb"},"inLanguage":"pt-BR","potentialAction":[{"@type":"ReadAction","target":["https:\/\/www.encontravitoria.com.br\/sobre\/inscricoes-para-a-corrida-e-caminhada-da-mulher-2026-comecam-as-12-horas-desta-sexta\/"]}]},{"@type":"ImageObject","inLanguage":"pt-BR","@id":"https:\/\/www.encontravitoria.com.br\/sobre\/inscricoes-para-a-corrida-e-caminhada-da-mulher-2026-comecam-as-12-horas-desta-sexta\/#primaryimage","url":"https:\/\/www.encontravitoria.com.br\/sobre\/wp-content\/uploads\/2026\/03\/inscricoes-para-a-corrida-e-caminhada-da-mulher-2026-comecam-as-12-horas-desta-sexta.webp","contentUrl":"https:\/\/www.encontravitoria.com.br\/sobre\/wp-content\/uploads\/2026\/03\/inscricoes-para-a-corrida-e-caminhada-da-mulher-2026-comecam-as-12-horas-desta-sexta.webp","width":280,"height":280,"caption":"Inscri\u00e7\u00f5es para a Corrida e Caminhada da Mulher 2026"},{"@type":"BreadcrumbList","@id":"https:\/\/www.encontravitoria.com.br\/sobre\/inscricoes-para-a-corrida-e-caminhada-da-mulher-2026-comecam-as-12-horas-desta-sexta\/#breadcrumb","itemListElement":[{"@type":"ListItem","position":1,"name":"In\u00edcio","item":"https:\/\/www.encontravitoria.com.br\/sobre\/"},{"@type":"ListItem","position":2,"name":"Inscri\u00e7\u00f5es para a Corrida e Caminhada da Mulher 2026 come\u00e7am \u00e0s 12 horas desta sexta"}]},{"@type":"WebSite","@id":"https:\/\/www.encontravitoria.com.br\/sobre\/#website","url":"https:\/\/www.encontravitoria.com.br\/sobre\/","name":"Encontra Vit\u00f3ria","description":"Not\u00edcias, eventos, informa\u00e7\u00f5es e dicas na cidade Vit\u00f3ria e regi\u00e3o.","potentialAction":[{"@type":"SearchAction","target":{"@type":"EntryPoint","urlTemplate":"https:\/\/www.encontravitoria.com.br\/sobre\/?s={search_term_string}"},"query-input":{"@type":"PropertyValueSpecification","valueRequired":true,"valueName":"search_term_string"}}],"inLanguage":"pt-BR"},{"@type":"Person","@id":"https:\/\/www.encontravitoria.com.br\/sobre\/#\/schema\/person\/0f8e5bcc88fbadf1bad57afd504f48a2","name":"Encontra Vit\u00f3ria","image":{"@type":"ImageObject","inLanguage":"pt-BR","@id":"https:\/\/www.encontravitoria.com.br\/sobre\/#\/schema\/person\/image\/","url":"https:\/\/secure.gravatar.com\/avatar\/507340682b8270222e1f208e23198b6ae7e2c6a1033ae84e99bc6bce4f82a387?s=96&d=mm&r=g","contentUrl":"https:\/\/secure.gravatar.com\/avatar\/507340682b8270222e1f208e23198b6ae7e2c6a1033ae84e99bc6bce4f82a387?s=96&d=mm&r=g","caption":"Encontra Vit\u00f3ria"},"sameAs":["http:\/\/www.encontravitoria.com.br"],"url":"https:\/\/www.encontravitoria.com.br\/sobre\/author\/evitoria\/"}]}},"_links":{"self":[{"href":"https:\/\/www.encontravitoria.com.br\/sobre\/wp-json\/wp\/v2\/posts\/1287","targetHints":{"allow":["GET"]}}],"collection":[{"href":"https:\/\/www.encontravitoria.com.br\/sobre\/wp-json\/wp\/v2\/posts"}],"about":[{"href":"https:\/\/www.encontravitoria.com.br\/sobre\/wp-json\/wp\/v2\/types\/post"}],"author":[{"embeddable":true,"href":"https:\/\/www.encontravitoria.com.br\/sobre\/wp-json\/wp\/v2\/users\/1"}],"replies":[{"embeddable":true,"href":"https:\/\/www.encontravitoria.com.br\/sobre\/wp-json\/wp\/v2\/comments?post=1287"}],"version-history":[{"count":0,"href":"https:\/\/www.encontravitoria.com.br\/sobre\/wp-json\/wp\/v2\/posts\/1287\/revisions"}],"wp:featuredmedia":[{"embeddable":true,"href":"https:\/\/www.encontravitoria.com.br\/sobre\/wp-json\/wp\/v2\/media\/1286"}],"wp:attachment":[{"href":"https:\/\/www.encontravitoria.com.br\/sobre\/wp-json\/wp\/v2\/media?parent=1287"}],"wp:term":[{"taxonomy":"category","embeddable":true,"href":"https:\/\/www.encontravitoria.com.br\/sobre\/wp-json\/wp\/v2\/categories?post=1287"},{"taxonomy":"post_tag","embeddable":true,"href":"https:\/\/www.encontravitoria.com.br\/sobre\/wp-json\/wp\/v2\/tags?post=1287"}],"curies":[{"name":"wp","href":"https:\/\/api.w.org\/{rel}","templated":true}]}}