{"id":1289,"date":"2026-03-06T16:30:51","date_gmt":"2026-03-06T16:30:51","guid":{"rendered":"https:\/\/www.encontravitoria.com.br\/sobre\/sine-de-vitoria-mais-perto-de-vitoria-estara-em-sao-pedro-nesta-quarta\/"},"modified":"2026-03-06T16:30:51","modified_gmt":"2026-03-06T16:30:51","slug":"sine-de-vitoria-mais-perto-de-vitoria-estara-em-sao-pedro-nesta-quarta","status":"publish","type":"post","link":"https:\/\/www.encontravitoria.com.br\/sobre\/sine-de-vitoria-mais-perto-de-vitoria-estara-em-sao-pedro-nesta-quarta\/","title":{"rendered":"Sine de Vit\u00f3ria mais perto de Vit\u00f3ria estar\u00e1 em S\u00e3o Pedro nesta quarta"},"content":{"rendered":"<div class=\"23ed37709e053b55400ee1990aeffe41\" data-index=\"1\" style=\"float: none; margin:0px;\">\n<!-- Anuncio display - global -->\r\n<ins class=\"adsbygoogle\"\r\n     style=\"display:block\"\r\n     data-ad-client=\"ca-pub-8585364105181520\"\r\n     data-ad-slot=\"8789329856\"\r\n     data-ad-format=\"auto\"\r\n     data-full-width-responsive=\"true\"><\/ins>\r\n<script>\r\n     (adsbygoogle = window.adsbygoogle || []).push({});\r\n<\/script>\n<\/div>\n<h2>Saiba quando e onde acontece o atendimento<\/h2>\n<p>A a\u00e7\u00e3o &#8220;Sine de Vit\u00f3ria mais perto de voc\u00ea&#8221; ocorrer\u00e1 no bairro S\u00e3o Pedro, no dia <strong>quarta-feira (04)<\/strong>, das 09h \u00e0s 16h. O local escolhido para esse atendimento itinerante \u00e9 a <strong>Casa da Juventude<\/strong>, situada na Rua Guilherme Bassini, 13, em frente ao campo do Racing. Essa iniciativa visa levar servi\u00e7os essenciais de emprego e orienta\u00e7\u00e3o diretamente para a comunidade local, facilitando o acesso a oportunidades de trabalho para os moradores.<\/p>\n<h2>O que esperar da a\u00e7\u00e3o do Sine de Vit\u00f3ria<\/h2>\n<p>Durante o atendimento, os residentes ter\u00e3o a chance de <strong>realizar cadastros no Sine<\/strong>, atualizar informa\u00e7\u00f5es e receber encaminhamentos para v\u00e1rias oportunidades de emprego dispon\u00edveis. Essa abordagem n\u00e3o apenas busca facilitar o acesso a empregos, mas tamb\u00e9m oferecer suporte e orienta\u00e7\u00e3o para a popula\u00e7\u00e3o, especialmente aqueles que mais necessitam, colaborando para a diminui\u00e7\u00e3o das barreiras socioecon\u00f4micas.<\/p>\n<h2>Como se cadastrar no Sine de Vit\u00f3ria<\/h2>\n<p>Para se cadastrar, \u00e9 necess\u00e1rio levar documentos pessoais como RG, CPF e comprovante de resid\u00eancia. Al\u00e9m disso, a equipe do Sine estar\u00e1 dispon\u00edvel para auxiliar no preenchimento do cadastro e na atualiza\u00e7\u00e3o de informa\u00e7\u00f5es. O cadastro \u00e9 um passo importante para aqueles que buscam inser\u00e7\u00e3o no mercado de trabalho.<\/p>\n<p><img decoding=\"async\" src=\"https:\/\/www.encontravitoria.com.br\/sobre\/wp-content\/uploads\/2026\/03\/sine-de-vitoria-mais-perto-de-vitoria-estara-em-sao-pedro-nesta-quarta.webp\" alt=\"Sine de Vit\u00f3ria\" loading=\"lazy\" \/><\/p>\n<h2>Oportunidades para jovens no Programa Adolescente Aprendiz<\/h2>\n<p>Uma das a\u00e7\u00f5es destacadas durante a visita ao bairro ser\u00e1 a <strong>orienta\u00e7\u00e3o para o Programa Adolescente Aprendiz<\/strong>. Este programa \u00e9 uma excelente oportunidade para os jovens que buscam a primeira experi\u00eancia no mercado de trabalho. Os participantes recebem forma\u00e7\u00e3o profissional aliada \u00e0 experi\u00eancia pr\u00e1tica, contribuindo para o seu desenvolvimento pessoal e profissional.<\/p>\n<h2>Import\u00e2ncia do atendimento itinerante<\/h2>\n<p>O atendimento itinerante realizado pela unidade do Sine \u00e9 fundamental, pois muitos cidad\u00e3os apresentam <strong>dificuldades de locomo\u00e7\u00e3o<\/strong> at\u00e9 os postos fixos de atendimento. Ao levar os servi\u00e7os at\u00e9 os bairros, especialmente em \u00e1reas mais afastadas ou com menos recursos, a prefeitura busca assegurar que todos tenham acesso \u00e0s pol\u00edticas p\u00fablicas de emprego e inclus\u00e3o.<\/p>\n<h2>O papel da Secretaria Municipal de Cidadania<\/h2>\n<p>A Secretaria Municipal de Cidadania, Direitos Humanos e Trabalho (Semcid) \u00e9 a respons\u00e1vel por organizar e promover a a\u00e7\u00e3o &#8220;Sine de Vit\u00f3ria mais perto de voc\u00ea&#8221;. O secret\u00e1rio Luciano Forrechi enfatiza que a gest\u00e3o municipal est\u00e1 comprometida com a inclus\u00e3o produtiva e com a gera\u00e7\u00e3o de oportunidades em toda a cidade. Segundo ele, essa aproxima\u00e7\u00e3o com a popula\u00e7\u00e3o \u00e9 uma forma de garantir que as pol\u00edticas p\u00fablicas atinjam todos onde realmente s\u00e3o necess\u00e1rias.<\/p>\n<h2>Benef\u00edcios de estar pr\u00f3ximo da comunidade<\/h2>\n<p>Levar o Sine at\u00e9 os bairros proporciona benef\u00edcios diretos, como a <strong>redu\u00e7\u00e3o da dist\u00e2ncia<\/strong> e um aumento da possibilidade de cadastramento dos moradores. O acesso imediato a servi\u00e7os de emprego contribui para a diminui\u00e7\u00e3o do desemprego local e para a promo\u00e7\u00e3o de uma cidadania mais ativa. Al\u00e9m disso, possibilita a identifica\u00e7\u00e3o r\u00e1pida das demandas da comunidade, permitindo uma resposta mais eficaz.<\/p>\n<h2>Impactos para a economia local<\/h2>\n<p>A presen\u00e7a do Sine em bairros como S\u00e3o Pedro pode ter um efeito positivo significativo na economia local. Com mais pessoas empregadas, a renda familiar aumenta, o que pode estimular <strong>o com\u00e9rcio local<\/strong>. Quando a popula\u00e7\u00e3o encontra oportunidades de trabalho, a circula\u00e7\u00e3o de dinheiro na comunidade tende a aumentar, contribuindo para um ciclo econ\u00f4mico mais saud\u00e1vel.<\/p>\n<h2>Depoimentos de quem j\u00e1 participou<\/h2>\n<p>Moradores que j\u00e1 participaram de a\u00e7\u00f5es anteriores destacam a import\u00e2ncia Do Sine itinerante em suas vidas. Muitos relatam que a possibilidade de se cabe\u00e7ear localmente permitiu que sa\u00edssem da situa\u00e7\u00e3o de desemprego e incertezas. <strong>&#8220;Fui at\u00e9 a Casa da Juventude no \u00faltimo atendimento e consegui um trabalho! Foi uma oportunidade \u00fanica, muito necess\u00e1ria para mim&#8221;,<\/strong> compartilhou uma jovem que j\u00e1 integra o programa Adolescente Aprendiz.<\/p>\n<h2>Pr\u00f3ximos passos ap\u00f3s o atendimento<\/h2>\n<p>Ap\u00f3s o atendimento, os moradores que se cadastrarem receber\u00e3o informativos sobre as vagas dispon\u00edveis e ser\u00e3o direcionados para entrevistas de emprego conforme a sua qualifica\u00e7\u00e3o. A equipe do Sine tamb\u00e9m se compromete a acompanhar os candidatos, oferecendo suporte caso necessitem de orienta\u00e7\u00e3o adicional. Essa continuidade \u00e9 essencial para garantir que as oportunidades se concretizem e que haja uma real inclus\u00e3o da popula\u00e7\u00e3o no mercado de trabalho.<\/p>\n\n<div style=\"font-size: 0px; height: 0px; line-height: 0px; margin: 0; padding: 0; clear: both;\"><\/div>","protected":false},"excerpt":{"rendered":"<p>Sine de Vit\u00f3ria oferece novas oportunidades de emprego em S\u00e3o Pedro nesta quarta-feira, dia 04.<\/p>\n","protected":false},"author":1,"featured_media":1288,"comment_status":"open","ping_status":"closed","sticky":false,"template":"","format":"standard","meta":{"footnotes":""},"categories":[6],"tags":[],"class_list":["post-1289","post","type-post","status-publish","format-standard","has-post-thumbnail","hentry","category-noticias-em-vitoria","has_thumb"],"yoast_head":"<!-- This site is optimized with the Yoast SEO plugin v26.7 - https:\/\/yoast.com\/wordpress\/plugins\/seo\/ -->\n<title>Sine de Vit\u00f3ria mais perto de Vit\u00f3ria estar\u00e1 em S\u00e3o Pedro nesta quarta - Encontra Vit\u00f3ria<\/title>\n<meta name=\"robots\" content=\"index, follow, max-snippet:-1, max-image-preview:large, max-video-preview:-1\" \/>\n<link rel=\"canonical\" href=\"https:\/\/www.encontravitoria.com.br\/sobre\/sine-de-vitoria-mais-perto-de-vitoria-estara-em-sao-pedro-nesta-quarta\/\" \/>\n<meta property=\"og:locale\" content=\"pt_BR\" \/>\n<meta property=\"og:type\" content=\"article\" \/>\n<meta property=\"og:title\" content=\"Sine de Vit\u00f3ria mais perto de Vit\u00f3ria estar\u00e1 em S\u00e3o Pedro nesta quarta - Encontra Vit\u00f3ria\" \/>\n<meta property=\"og:description\" content=\"Sine de Vit\u00f3ria oferece novas oportunidades de emprego em S\u00e3o Pedro nesta quarta-feira, dia 04.\" \/>\n<meta property=\"og:url\" content=\"https:\/\/www.encontravitoria.com.br\/sobre\/sine-de-vitoria-mais-perto-de-vitoria-estara-em-sao-pedro-nesta-quarta\/\" \/>\n<meta property=\"og:site_name\" content=\"Encontra Vit\u00f3ria\" \/>\n<meta property=\"article:published_time\" content=\"2026-03-06T16:30:51+00:00\" \/>\n<meta property=\"og:image\" content=\"https:\/\/www.encontravitoria.com.br\/sobre\/wp-content\/uploads\/2026\/03\/sine-de-vitoria-mais-perto-de-vitoria-estara-em-sao-pedro-nesta-quarta.webp\" \/>\n<meta name=\"author\" content=\"Encontra Vit\u00f3ria\" \/>\n<meta name=\"twitter:card\" content=\"summary_large_image\" \/>\n<meta name=\"twitter:label1\" content=\"Escrito por\" \/>\n\t<meta name=\"twitter:data1\" content=\"Encontra Vit\u00f3ria\" \/>\n\t<meta name=\"twitter:label2\" content=\"Est. tempo de leitura\" \/>\n\t<meta name=\"twitter:data2\" content=\"4 minutos\" \/>\n<script type=\"application\/ld+json\" class=\"yoast-schema-graph\">{\"@context\":\"https:\/\/schema.org\",\"@graph\":[{\"@type\":\"Article\",\"@id\":\"https:\/\/www.encontravitoria.com.br\/sobre\/sine-de-vitoria-mais-perto-de-vitoria-estara-em-sao-pedro-nesta-quarta\/#article\",\"isPartOf\":{\"@id\":\"https:\/\/www.encontravitoria.com.br\/sobre\/sine-de-vitoria-mais-perto-de-vitoria-estara-em-sao-pedro-nesta-quarta\/\"},\"author\":{\"name\":\"Encontra Vit\u00f3ria\",\"@id\":\"https:\/\/www.encontravitoria.com.br\/sobre\/#\/schema\/person\/0f8e5bcc88fbadf1bad57afd504f48a2\"},\"headline\":\"Sine de Vit\u00f3ria mais perto de Vit\u00f3ria estar\u00e1 em S\u00e3o Pedro nesta quarta\",\"datePublished\":\"2026-03-06T16:30:51+00:00\",\"mainEntityOfPage\":{\"@id\":\"https:\/\/www.encontravitoria.com.br\/sobre\/sine-de-vitoria-mais-perto-de-vitoria-estara-em-sao-pedro-nesta-quarta\/\"},\"wordCount\":755,\"commentCount\":0,\"image\":{\"@id\":\"https:\/\/www.encontravitoria.com.br\/sobre\/sine-de-vitoria-mais-perto-de-vitoria-estara-em-sao-pedro-nesta-quarta\/#primaryimage\"},\"thumbnailUrl\":\"https:\/\/www.encontravitoria.com.br\/sobre\/wp-content\/uploads\/2026\/03\/sine-de-vitoria-mais-perto-de-vitoria-estara-em-sao-pedro-nesta-quarta.webp\",\"articleSection\":[\"Not\u00edcias Vit\u00f3ria\"],\"inLanguage\":\"pt-BR\",\"potentialAction\":[{\"@type\":\"CommentAction\",\"name\":\"Comment\",\"target\":[\"https:\/\/www.encontravitoria.com.br\/sobre\/sine-de-vitoria-mais-perto-de-vitoria-estara-em-sao-pedro-nesta-quarta\/#respond\"]}]},{\"@type\":\"WebPage\",\"@id\":\"https:\/\/www.encontravitoria.com.br\/sobre\/sine-de-vitoria-mais-perto-de-vitoria-estara-em-sao-pedro-nesta-quarta\/\",\"url\":\"https:\/\/www.encontravitoria.com.br\/sobre\/sine-de-vitoria-mais-perto-de-vitoria-estara-em-sao-pedro-nesta-quarta\/\",\"name\":\"Sine de Vit\u00f3ria mais perto de Vit\u00f3ria estar\u00e1 em S\u00e3o Pedro nesta quarta - Encontra Vit\u00f3ria\",\"isPartOf\":{\"@id\":\"https:\/\/www.encontravitoria.com.br\/sobre\/#website\"},\"primaryImageOfPage\":{\"@id\":\"https:\/\/www.encontravitoria.com.br\/sobre\/sine-de-vitoria-mais-perto-de-vitoria-estara-em-sao-pedro-nesta-quarta\/#primaryimage\"},\"image\":{\"@id\":\"https:\/\/www.encontravitoria.com.br\/sobre\/sine-de-vitoria-mais-perto-de-vitoria-estara-em-sao-pedro-nesta-quarta\/#primaryimage\"},\"thumbnailUrl\":\"https:\/\/www.encontravitoria.com.br\/sobre\/wp-content\/uploads\/2026\/03\/sine-de-vitoria-mais-perto-de-vitoria-estara-em-sao-pedro-nesta-quarta.webp\",\"datePublished\":\"2026-03-06T16:30:51+00:00\",\"author\":{\"@id\":\"https:\/\/www.encontravitoria.com.br\/sobre\/#\/schema\/person\/0f8e5bcc88fbadf1bad57afd504f48a2\"},\"breadcrumb\":{\"@id\":\"https:\/\/www.encontravitoria.com.br\/sobre\/sine-de-vitoria-mais-perto-de-vitoria-estara-em-sao-pedro-nesta-quarta\/#breadcrumb\"},\"inLanguage\":\"pt-BR\",\"potentialAction\":[{\"@type\":\"ReadAction\",\"target\":[\"https:\/\/www.encontravitoria.com.br\/sobre\/sine-de-vitoria-mais-perto-de-vitoria-estara-em-sao-pedro-nesta-quarta\/\"]}]},{\"@type\":\"ImageObject\",\"inLanguage\":\"pt-BR\",\"@id\":\"https:\/\/www.encontravitoria.com.br\/sobre\/sine-de-vitoria-mais-perto-de-vitoria-estara-em-sao-pedro-nesta-quarta\/#primaryimage\",\"url\":\"https:\/\/www.encontravitoria.com.br\/sobre\/wp-content\/uploads\/2026\/03\/sine-de-vitoria-mais-perto-de-vitoria-estara-em-sao-pedro-nesta-quarta.webp\",\"contentUrl\":\"https:\/\/www.encontravitoria.com.br\/sobre\/wp-content\/uploads\/2026\/03\/sine-de-vitoria-mais-perto-de-vitoria-estara-em-sao-pedro-nesta-quarta.webp\",\"width\":280,\"height\":280,\"caption\":\"Sine de Vit\u00f3ria\"},{\"@type\":\"BreadcrumbList\",\"@id\":\"https:\/\/www.encontravitoria.com.br\/sobre\/sine-de-vitoria-mais-perto-de-vitoria-estara-em-sao-pedro-nesta-quarta\/#breadcrumb\",\"itemListElement\":[{\"@type\":\"ListItem\",\"position\":1,\"name\":\"In\u00edcio\",\"item\":\"https:\/\/www.encontravitoria.com.br\/sobre\/\"},{\"@type\":\"ListItem\",\"position\":2,\"name\":\"Sine de Vit\u00f3ria mais perto de Vit\u00f3ria estar\u00e1 em S\u00e3o Pedro nesta quarta\"}]},{\"@type\":\"WebSite\",\"@id\":\"https:\/\/www.encontravitoria.com.br\/sobre\/#website\",\"url\":\"https:\/\/www.encontravitoria.com.br\/sobre\/\",\"name\":\"Encontra Vit\u00f3ria\",\"description\":\"Not\u00edcias, eventos, informa\u00e7\u00f5es e dicas na cidade Vit\u00f3ria e regi\u00e3o.\",\"potentialAction\":[{\"@type\":\"SearchAction\",\"target\":{\"@type\":\"EntryPoint\",\"urlTemplate\":\"https:\/\/www.encontravitoria.com.br\/sobre\/?s={search_term_string}\"},\"query-input\":{\"@type\":\"PropertyValueSpecification\",\"valueRequired\":true,\"valueName\":\"search_term_string\"}}],\"inLanguage\":\"pt-BR\"},{\"@type\":\"Person\",\"@id\":\"https:\/\/www.encontravitoria.com.br\/sobre\/#\/schema\/person\/0f8e5bcc88fbadf1bad57afd504f48a2\",\"name\":\"Encontra Vit\u00f3ria\",\"image\":{\"@type\":\"ImageObject\",\"inLanguage\":\"pt-BR\",\"@id\":\"https:\/\/www.encontravitoria.com.br\/sobre\/#\/schema\/person\/image\/\",\"url\":\"https:\/\/secure.gravatar.com\/avatar\/507340682b8270222e1f208e23198b6ae7e2c6a1033ae84e99bc6bce4f82a387?s=96&d=mm&r=g\",\"contentUrl\":\"https:\/\/secure.gravatar.com\/avatar\/507340682b8270222e1f208e23198b6ae7e2c6a1033ae84e99bc6bce4f82a387?s=96&d=mm&r=g\",\"caption\":\"Encontra Vit\u00f3ria\"},\"sameAs\":[\"http:\/\/www.encontravitoria.com.br\"],\"url\":\"https:\/\/www.encontravitoria.com.br\/sobre\/author\/evitoria\/\"}]}<\/script>\n<!-- \/ Yoast SEO plugin. -->","yoast_head_json":{"title":"Sine de Vit\u00f3ria mais perto de Vit\u00f3ria estar\u00e1 em S\u00e3o Pedro nesta quarta - Encontra Vit\u00f3ria","robots":{"index":"index","follow":"follow","max-snippet":"max-snippet:-1","max-image-preview":"max-image-preview:large","max-video-preview":"max-video-preview:-1"},"canonical":"https:\/\/www.encontravitoria.com.br\/sobre\/sine-de-vitoria-mais-perto-de-vitoria-estara-em-sao-pedro-nesta-quarta\/","og_locale":"pt_BR","og_type":"article","og_title":"Sine de Vit\u00f3ria mais perto de Vit\u00f3ria estar\u00e1 em S\u00e3o Pedro nesta quarta - Encontra Vit\u00f3ria","og_description":"Sine de Vit\u00f3ria oferece novas oportunidades de emprego em S\u00e3o Pedro nesta quarta-feira, dia 04.","og_url":"https:\/\/www.encontravitoria.com.br\/sobre\/sine-de-vitoria-mais-perto-de-vitoria-estara-em-sao-pedro-nesta-quarta\/","og_site_name":"Encontra Vit\u00f3ria","article_published_time":"2026-03-06T16:30:51+00:00","og_image":[{"url":"https:\/\/www.encontravitoria.com.br\/sobre\/wp-content\/uploads\/2026\/03\/sine-de-vitoria-mais-perto-de-vitoria-estara-em-sao-pedro-nesta-quarta.webp","type":"","width":"","height":""}],"author":"Encontra Vit\u00f3ria","twitter_card":"summary_large_image","twitter_misc":{"Escrito por":"Encontra Vit\u00f3ria","Est. tempo de leitura":"4 minutos"},"schema":{"@context":"https:\/\/schema.org","@graph":[{"@type":"Article","@id":"https:\/\/www.encontravitoria.com.br\/sobre\/sine-de-vitoria-mais-perto-de-vitoria-estara-em-sao-pedro-nesta-quarta\/#article","isPartOf":{"@id":"https:\/\/www.encontravitoria.com.br\/sobre\/sine-de-vitoria-mais-perto-de-vitoria-estara-em-sao-pedro-nesta-quarta\/"},"author":{"name":"Encontra Vit\u00f3ria","@id":"https:\/\/www.encontravitoria.com.br\/sobre\/#\/schema\/person\/0f8e5bcc88fbadf1bad57afd504f48a2"},"headline":"Sine de Vit\u00f3ria mais perto de Vit\u00f3ria estar\u00e1 em S\u00e3o Pedro nesta quarta","datePublished":"2026-03-06T16:30:51+00:00","mainEntityOfPage":{"@id":"https:\/\/www.encontravitoria.com.br\/sobre\/sine-de-vitoria-mais-perto-de-vitoria-estara-em-sao-pedro-nesta-quarta\/"},"wordCount":755,"commentCount":0,"image":{"@id":"https:\/\/www.encontravitoria.com.br\/sobre\/sine-de-vitoria-mais-perto-de-vitoria-estara-em-sao-pedro-nesta-quarta\/#primaryimage"},"thumbnailUrl":"https:\/\/www.encontravitoria.com.br\/sobre\/wp-content\/uploads\/2026\/03\/sine-de-vitoria-mais-perto-de-vitoria-estara-em-sao-pedro-nesta-quarta.webp","articleSection":["Not\u00edcias Vit\u00f3ria"],"inLanguage":"pt-BR","potentialAction":[{"@type":"CommentAction","name":"Comment","target":["https:\/\/www.encontravitoria.com.br\/sobre\/sine-de-vitoria-mais-perto-de-vitoria-estara-em-sao-pedro-nesta-quarta\/#respond"]}]},{"@type":"WebPage","@id":"https:\/\/www.encontravitoria.com.br\/sobre\/sine-de-vitoria-mais-perto-de-vitoria-estara-em-sao-pedro-nesta-quarta\/","url":"https:\/\/www.encontravitoria.com.br\/sobre\/sine-de-vitoria-mais-perto-de-vitoria-estara-em-sao-pedro-nesta-quarta\/","name":"Sine de Vit\u00f3ria mais perto de Vit\u00f3ria estar\u00e1 em S\u00e3o Pedro nesta quarta - Encontra Vit\u00f3ria","isPartOf":{"@id":"https:\/\/www.encontravitoria.com.br\/sobre\/#website"},"primaryImageOfPage":{"@id":"https:\/\/www.encontravitoria.com.br\/sobre\/sine-de-vitoria-mais-perto-de-vitoria-estara-em-sao-pedro-nesta-quarta\/#primaryimage"},"image":{"@id":"https:\/\/www.encontravitoria.com.br\/sobre\/sine-de-vitoria-mais-perto-de-vitoria-estara-em-sao-pedro-nesta-quarta\/#primaryimage"},"thumbnailUrl":"https:\/\/www.encontravitoria.com.br\/sobre\/wp-content\/uploads\/2026\/03\/sine-de-vitoria-mais-perto-de-vitoria-estara-em-sao-pedro-nesta-quarta.webp","datePublished":"2026-03-06T16:30:51+00:00","author":{"@id":"https:\/\/www.encontravitoria.com.br\/sobre\/#\/schema\/person\/0f8e5bcc88fbadf1bad57afd504f48a2"},"breadcrumb":{"@id":"https:\/\/www.encontravitoria.com.br\/sobre\/sine-de-vitoria-mais-perto-de-vitoria-estara-em-sao-pedro-nesta-quarta\/#breadcrumb"},"inLanguage":"pt-BR","potentialAction":[{"@type":"ReadAction","target":["https:\/\/www.encontravitoria.com.br\/sobre\/sine-de-vitoria-mais-perto-de-vitoria-estara-em-sao-pedro-nesta-quarta\/"]}]},{"@type":"ImageObject","inLanguage":"pt-BR","@id":"https:\/\/www.encontravitoria.com.br\/sobre\/sine-de-vitoria-mais-perto-de-vitoria-estara-em-sao-pedro-nesta-quarta\/#primaryimage","url":"https:\/\/www.encontravitoria.com.br\/sobre\/wp-content\/uploads\/2026\/03\/sine-de-vitoria-mais-perto-de-vitoria-estara-em-sao-pedro-nesta-quarta.webp","contentUrl":"https:\/\/www.encontravitoria.com.br\/sobre\/wp-content\/uploads\/2026\/03\/sine-de-vitoria-mais-perto-de-vitoria-estara-em-sao-pedro-nesta-quarta.webp","width":280,"height":280,"caption":"Sine de Vit\u00f3ria"},{"@type":"BreadcrumbList","@id":"https:\/\/www.encontravitoria.com.br\/sobre\/sine-de-vitoria-mais-perto-de-vitoria-estara-em-sao-pedro-nesta-quarta\/#breadcrumb","itemListElement":[{"@type":"ListItem","position":1,"name":"In\u00edcio","item":"https:\/\/www.encontravitoria.com.br\/sobre\/"},{"@type":"ListItem","position":2,"name":"Sine de Vit\u00f3ria mais perto de Vit\u00f3ria estar\u00e1 em S\u00e3o Pedro nesta quarta"}]},{"@type":"WebSite","@id":"https:\/\/www.encontravitoria.com.br\/sobre\/#website","url":"https:\/\/www.encontravitoria.com.br\/sobre\/","name":"Encontra Vit\u00f3ria","description":"Not\u00edcias, eventos, informa\u00e7\u00f5es e dicas na cidade Vit\u00f3ria e regi\u00e3o.","potentialAction":[{"@type":"SearchAction","target":{"@type":"EntryPoint","urlTemplate":"https:\/\/www.encontravitoria.com.br\/sobre\/?s={search_term_string}"},"query-input":{"@type":"PropertyValueSpecification","valueRequired":true,"valueName":"search_term_string"}}],"inLanguage":"pt-BR"},{"@type":"Person","@id":"https:\/\/www.encontravitoria.com.br\/sobre\/#\/schema\/person\/0f8e5bcc88fbadf1bad57afd504f48a2","name":"Encontra Vit\u00f3ria","image":{"@type":"ImageObject","inLanguage":"pt-BR","@id":"https:\/\/www.encontravitoria.com.br\/sobre\/#\/schema\/person\/image\/","url":"https:\/\/secure.gravatar.com\/avatar\/507340682b8270222e1f208e23198b6ae7e2c6a1033ae84e99bc6bce4f82a387?s=96&d=mm&r=g","contentUrl":"https:\/\/secure.gravatar.com\/avatar\/507340682b8270222e1f208e23198b6ae7e2c6a1033ae84e99bc6bce4f82a387?s=96&d=mm&r=g","caption":"Encontra Vit\u00f3ria"},"sameAs":["http:\/\/www.encontravitoria.com.br"],"url":"https:\/\/www.encontravitoria.com.br\/sobre\/author\/evitoria\/"}]}},"_links":{"self":[{"href":"https:\/\/www.encontravitoria.com.br\/sobre\/wp-json\/wp\/v2\/posts\/1289","targetHints":{"allow":["GET"]}}],"collection":[{"href":"https:\/\/www.encontravitoria.com.br\/sobre\/wp-json\/wp\/v2\/posts"}],"about":[{"href":"https:\/\/www.encontravitoria.com.br\/sobre\/wp-json\/wp\/v2\/types\/post"}],"author":[{"embeddable":true,"href":"https:\/\/www.encontravitoria.com.br\/sobre\/wp-json\/wp\/v2\/users\/1"}],"replies":[{"embeddable":true,"href":"https:\/\/www.encontravitoria.com.br\/sobre\/wp-json\/wp\/v2\/comments?post=1289"}],"version-history":[{"count":0,"href":"https:\/\/www.encontravitoria.com.br\/sobre\/wp-json\/wp\/v2\/posts\/1289\/revisions"}],"wp:featuredmedia":[{"embeddable":true,"href":"https:\/\/www.encontravitoria.com.br\/sobre\/wp-json\/wp\/v2\/media\/1288"}],"wp:attachment":[{"href":"https:\/\/www.encontravitoria.com.br\/sobre\/wp-json\/wp\/v2\/media?parent=1289"}],"wp:term":[{"taxonomy":"category","embeddable":true,"href":"https:\/\/www.encontravitoria.com.br\/sobre\/wp-json\/wp\/v2\/categories?post=1289"},{"taxonomy":"post_tag","embeddable":true,"href":"https:\/\/www.encontravitoria.com.br\/sobre\/wp-json\/wp\/v2\/tags?post=1289"}],"curies":[{"name":"wp","href":"https:\/\/api.w.org\/{rel}","templated":true}]}}