{"id":1344,"date":"2026-03-23T16:14:42","date_gmt":"2026-03-23T16:14:42","guid":{"rendered":"https:\/\/www.encontravitoria.com.br\/sobre\/parceria-abre-portas-para-o-primeiro-emprego-de-150-jovens-em-vitoria\/"},"modified":"2026-03-23T16:14:42","modified_gmt":"2026-03-23T16:14:42","slug":"parceria-abre-portas-para-o-primeiro-emprego-de-150-jovens-em-vitoria","status":"publish","type":"post","link":"https:\/\/www.encontravitoria.com.br\/sobre\/parceria-abre-portas-para-o-primeiro-emprego-de-150-jovens-em-vitoria\/","title":{"rendered":"Parceria abre portas para o primeiro emprego de 150 jovens em Vit\u00f3ria"},"content":{"rendered":"<div class=\"23ed37709e053b55400ee1990aeffe41\" data-index=\"1\" style=\"float: none; margin:0px;\">\n<!-- Anuncio display - global -->\r\n<ins class=\"adsbygoogle\"\r\n     style=\"display:block\"\r\n     data-ad-client=\"ca-pub-8585364105181520\"\r\n     data-ad-slot=\"8789329856\"\r\n     data-ad-format=\"auto\"\r\n     data-full-width-responsive=\"true\"><\/ins>\r\n<script>\r\n     (adsbygoogle = window.adsbygoogle || []).push({});\r\n<\/script>\n<\/div>\n<h2>Entenda a Parceria entre a Prefeitura e o ISBET<\/h2>\n<p>A cidade de Vit\u00f3ria estabeleceu uma colabora\u00e7\u00e3o estrat\u00e9gica com o Instituto Brasileiro Proeduca\u00e7\u00e3o, Trabalho e Desenvolvimento (ISBET) com o intuito de oferecer novas oportunidades de emprego para os jovens. Esta parceria tem como objetivo incluir 150 jovens no mercado de trabalho, promovendo o desenvolvimento de habilidades que sejam valorizadas pelas empresas e aumentando as chances de inser\u00e7\u00e3o desses jovens na sociedade laboral.<\/p>\n<h2>Como os Jovens Ser\u00e3o Beneficiados<\/h2>\n<p>Os adolescentes e jovens participantes da iniciativa ter\u00e3o acesso facilitado a programas de aprendizagem profissional. Isso proporciona uma grande vantagem, j\u00e1 que eles poder\u00e3o aprender pr\u00e1ticas profissionais com acompanhamento e suporte adequados, assegurando tamb\u00e9m seus direitos trabalhistas. Essa \u00e9 uma oportunidade imperd\u00edvel que visa moldar a nova gera\u00e7\u00e3o de trabalhadores qualificados.<\/p>\n<h2>Aspectos do Programa Jovem Aprendiz<\/h2>\n<p>O Programa Jovem Aprendiz tem como base a forma\u00e7\u00e3o te\u00f3rica e pr\u00e1tica, com os jovens divididos entre atividades de aprendizagem e experi\u00eancias em empresas, permitindo que eles vivenciem um ambiente profissional real. Os participantes ser\u00e3o preparados para enfrentar os desafios do cotidiano no mercado de trabalho, recebendo orienta\u00e7\u00f5es n\u00e3o apenas sobre t\u00e9cnicas e habilidades, mas tamb\u00e9m sobre comportamentos profissionais e \u00e9ticos.<\/p>\n<p><img decoding=\"async\" src=\"https:\/\/www.encontravitoria.com.br\/sobre\/wp-content\/uploads\/2026\/03\/parceria-abre-portas-para-o-primeiro-emprego-de-150-jovens-em-vitoria.webp\" alt=\"\" loading=\"lazy\" \/><\/p>\n<h2>O Papel da Casa da Juventude na Iniciativa<\/h2>\n<p>A Casa da Juventude \u00e9 um dos locais chave da implementa\u00e7\u00e3o desta parceria. Este espa\u00e7o oferece integra\u00e7\u00e3o e suporte aos jovens envolvidos, servindo como um ponto de contato crucial onde eles podem se reunir, tirar d\u00favidas, e obter informa\u00e7\u00f5es sobre as vagas dispon\u00edveis. Assim, a Casa da Juventude atua como um elo entre os jovens e as oportunidades no mercado.<\/p>\n<h2>Vagas Dispon\u00edveis na Aprendizagem Profissional<\/h2>\n<p>Com a parceria, foram abertas 150 novas vagas para o programa de aprendizagem, que s\u00e3o destinadas a jovens das \u00e1reas atendidas pela Casa da Juventude e outros centros sociais do munic\u00edpio. Essas oportunidades s\u00e3o uma porta de entrada para a experi\u00eancia de trabalho e uma forma de conquistar a independ\u00eancia financeira.<\/p>\n<h2>Como Funciona o Crescimento Profissional<\/h2>\n<p>Os jovens que se inscrevem no programa recebem n\u00e3o apenas a capacita\u00e7\u00e3o necess\u00e1ria, mas tamb\u00e9m a chance de progredir dentro das empresas onde atuam. A aprendizagem \u00e9 estruturada para que, ap\u00f3s o t\u00e9rmino do programa, eles tenham a possibilidade de serem efetivados ou mesmo adquirirem conhecimentos que os ajudar\u00e3o em futuras buscas por emprego.<\/p>\n<h2>Depoimentos de Jovens Participantes<\/h2>\n<p>Aos jovens participantes, o impacto do programa foi significativo. Diversos depoimentos refletem como a experi\u00eancia as ajudaram a se sentirem mais preparadas para os desafios profissionais. Eles relatam aumento de autoconfian\u00e7a, habilidades pr\u00e1ticas adquiridas e melhorias na vida pessoal e social.<\/p>\n<h2>Impactos Sociais da Parceria para a Comunidade<\/h2>\n<p>Este projeto n\u00e3o apenas beneficia os jovens diretamente envolvidos, mas tamb\u00e9m oferece impactos positivos \u00e0 comunidade local como um todo. A inclus\u00e3o profissional de adolescentes e jovens reduz as taxas de desemprego e fomenta uma cultura de desenvolvimento personal\u00edstico e coletivo, que reenquadra a juventude como agentes de transforma\u00e7\u00e3o social.<\/p>\n<h2>O Papel do ISBET na Qualifica\u00e7\u00e3o<\/h2>\n<p>O Instituto encerra a parceria com um compromisso de fornecer forma\u00e7\u00f5es cont\u00ednuas e relevantes. Seu papel vai al\u00e9m da simples oferta de vagas; est\u00e1 centrado na cria\u00e7\u00e3o de um modelo de educa\u00e7\u00e3o que articula teoria e pr\u00e1tica, essencial para a capacita\u00e7\u00e3o dos futuros trabalhadores.<\/p>\n<h2>Expectativas para o Futuro dos Jovens<\/h2>\n<p>O futuro promete grandes avan\u00e7os, n\u00e3o apenas para os jovens que participaram deste programa, mas para todo o ecosistema de trabalho juvenil na cidade. Com a continuidade da colabora\u00e7\u00e3o entre a Prefeitura de Vit\u00f3ria e o ISBET, espera-se um aumento das possibilidades de inser\u00e7\u00e3o profissional para a juventude e a consolida\u00e7\u00e3o de uma estrutura mais s\u00f3lida para o desenvolvimento de iniciativas semelhantes.<\/p>\n\n<div style=\"font-size: 0px; height: 0px; line-height: 0px; margin: 0; padding: 0; clear: both;\"><\/div>","protected":false},"excerpt":{"rendered":"<p>Parceria em Vit\u00f3ria abre portas para primeiros empregos de jovens.<\/p>\n","protected":false},"author":1,"featured_media":1343,"comment_status":"open","ping_status":"closed","sticky":false,"template":"","format":"standard","meta":{"footnotes":""},"categories":[6],"tags":[],"class_list":["post-1344","post","type-post","status-publish","format-standard","has-post-thumbnail","hentry","category-noticias-em-vitoria","has_thumb"],"yoast_head":"<!-- This site is optimized with the Yoast SEO plugin v28.2 - https:\/\/yoast.com\/product\/yoast-seo-wordpress\/ -->\n<title>Parceria abre portas para o primeiro emprego de 150 jovens em Vit\u00f3ria - Encontra Vit\u00f3ria<\/title>\n<meta name=\"robots\" content=\"index, follow, max-snippet:-1, max-image-preview:large, max-video-preview:-1\" \/>\n<link rel=\"canonical\" href=\"https:\/\/www.encontravitoria.com.br\/sobre\/parceria-abre-portas-para-o-primeiro-emprego-de-150-jovens-em-vitoria\/\" \/>\n<meta property=\"og:locale\" content=\"pt_BR\" \/>\n<meta property=\"og:type\" content=\"article\" \/>\n<meta property=\"og:title\" content=\"Parceria abre portas para o primeiro emprego de 150 jovens em Vit\u00f3ria - Encontra Vit\u00f3ria\" \/>\n<meta property=\"og:description\" content=\"Parceria em Vit\u00f3ria abre portas para primeiros empregos de jovens.\" \/>\n<meta property=\"og:url\" content=\"https:\/\/www.encontravitoria.com.br\/sobre\/parceria-abre-portas-para-o-primeiro-emprego-de-150-jovens-em-vitoria\/\" \/>\n<meta property=\"og:site_name\" content=\"Encontra Vit\u00f3ria\" \/>\n<meta property=\"article:published_time\" content=\"2026-03-23T16:14:42+00:00\" \/>\n<meta property=\"og:image\" content=\"https:\/\/www.encontravitoria.com.br\/sobre\/wp-content\/uploads\/2026\/03\/parceria-abre-portas-para-o-primeiro-emprego-de-150-jovens-em-vitoria.webp\" \/>\n<meta name=\"author\" content=\"Encontra Vit\u00f3ria\" \/>\n<meta name=\"twitter:card\" content=\"summary_large_image\" \/>\n<meta name=\"twitter:label1\" content=\"Escrito por\" \/>\n\t<meta name=\"twitter:data1\" content=\"Encontra Vit\u00f3ria\" \/>\n\t<meta name=\"twitter:label2\" content=\"Est. tempo de leitura\" \/>\n\t<meta name=\"twitter:data2\" content=\"3 minutos\" \/>\n<script type=\"application\/ld+json\" class=\"yoast-schema-graph\">{\"@context\":\"https:\\\/\\\/schema.org\",\"@graph\":[{\"@type\":\"Article\",\"@id\":\"https:\\\/\\\/www.encontravitoria.com.br\\\/sobre\\\/parceria-abre-portas-para-o-primeiro-emprego-de-150-jovens-em-vitoria\\\/#article\",\"isPartOf\":{\"@id\":\"https:\\\/\\\/www.encontravitoria.com.br\\\/sobre\\\/parceria-abre-portas-para-o-primeiro-emprego-de-150-jovens-em-vitoria\\\/\"},\"author\":{\"name\":\"Encontra Vit\u00f3ria\",\"@id\":\"https:\\\/\\\/www.encontravitoria.com.br\\\/sobre\\\/#\\\/schema\\\/person\\\/0f8e5bcc88fbadf1bad57afd504f48a2\"},\"headline\":\"Parceria abre portas para o primeiro emprego de 150 jovens em Vit\u00f3ria\",\"datePublished\":\"2026-03-23T16:14:42+00:00\",\"mainEntityOfPage\":{\"@id\":\"https:\\\/\\\/www.encontravitoria.com.br\\\/sobre\\\/parceria-abre-portas-para-o-primeiro-emprego-de-150-jovens-em-vitoria\\\/\"},\"wordCount\":665,\"commentCount\":0,\"image\":{\"@id\":\"https:\\\/\\\/www.encontravitoria.com.br\\\/sobre\\\/parceria-abre-portas-para-o-primeiro-emprego-de-150-jovens-em-vitoria\\\/#primaryimage\"},\"thumbnailUrl\":\"https:\\\/\\\/www.encontravitoria.com.br\\\/sobre\\\/wp-content\\\/uploads\\\/2026\\\/03\\\/parceria-abre-portas-para-o-primeiro-emprego-de-150-jovens-em-vitoria.webp\",\"articleSection\":[\"Not\u00edcias Vit\u00f3ria\"],\"inLanguage\":\"pt-BR\",\"potentialAction\":[{\"@type\":\"CommentAction\",\"name\":\"Comment\",\"target\":[\"https:\\\/\\\/www.encontravitoria.com.br\\\/sobre\\\/parceria-abre-portas-para-o-primeiro-emprego-de-150-jovens-em-vitoria\\\/#respond\"]}]},{\"@type\":\"WebPage\",\"@id\":\"https:\\\/\\\/www.encontravitoria.com.br\\\/sobre\\\/parceria-abre-portas-para-o-primeiro-emprego-de-150-jovens-em-vitoria\\\/\",\"url\":\"https:\\\/\\\/www.encontravitoria.com.br\\\/sobre\\\/parceria-abre-portas-para-o-primeiro-emprego-de-150-jovens-em-vitoria\\\/\",\"name\":\"Parceria abre portas para o primeiro emprego de 150 jovens em Vit\u00f3ria - Encontra Vit\u00f3ria\",\"isPartOf\":{\"@id\":\"https:\\\/\\\/www.encontravitoria.com.br\\\/sobre\\\/#website\"},\"primaryImageOfPage\":{\"@id\":\"https:\\\/\\\/www.encontravitoria.com.br\\\/sobre\\\/parceria-abre-portas-para-o-primeiro-emprego-de-150-jovens-em-vitoria\\\/#primaryimage\"},\"image\":{\"@id\":\"https:\\\/\\\/www.encontravitoria.com.br\\\/sobre\\\/parceria-abre-portas-para-o-primeiro-emprego-de-150-jovens-em-vitoria\\\/#primaryimage\"},\"thumbnailUrl\":\"https:\\\/\\\/www.encontravitoria.com.br\\\/sobre\\\/wp-content\\\/uploads\\\/2026\\\/03\\\/parceria-abre-portas-para-o-primeiro-emprego-de-150-jovens-em-vitoria.webp\",\"datePublished\":\"2026-03-23T16:14:42+00:00\",\"author\":{\"@id\":\"https:\\\/\\\/www.encontravitoria.com.br\\\/sobre\\\/#\\\/schema\\\/person\\\/0f8e5bcc88fbadf1bad57afd504f48a2\"},\"breadcrumb\":{\"@id\":\"https:\\\/\\\/www.encontravitoria.com.br\\\/sobre\\\/parceria-abre-portas-para-o-primeiro-emprego-de-150-jovens-em-vitoria\\\/#breadcrumb\"},\"inLanguage\":\"pt-BR\",\"potentialAction\":[{\"@type\":\"ReadAction\",\"target\":[\"https:\\\/\\\/www.encontravitoria.com.br\\\/sobre\\\/parceria-abre-portas-para-o-primeiro-emprego-de-150-jovens-em-vitoria\\\/\"]}]},{\"@type\":\"ImageObject\",\"inLanguage\":\"pt-BR\",\"@id\":\"https:\\\/\\\/www.encontravitoria.com.br\\\/sobre\\\/parceria-abre-portas-para-o-primeiro-emprego-de-150-jovens-em-vitoria\\\/#primaryimage\",\"url\":\"https:\\\/\\\/www.encontravitoria.com.br\\\/sobre\\\/wp-content\\\/uploads\\\/2026\\\/03\\\/parceria-abre-portas-para-o-primeiro-emprego-de-150-jovens-em-vitoria.webp\",\"contentUrl\":\"https:\\\/\\\/www.encontravitoria.com.br\\\/sobre\\\/wp-content\\\/uploads\\\/2026\\\/03\\\/parceria-abre-portas-para-o-primeiro-emprego-de-150-jovens-em-vitoria.webp\",\"width\":280,\"height\":280},{\"@type\":\"BreadcrumbList\",\"@id\":\"https:\\\/\\\/www.encontravitoria.com.br\\\/sobre\\\/parceria-abre-portas-para-o-primeiro-emprego-de-150-jovens-em-vitoria\\\/#breadcrumb\",\"itemListElement\":[{\"@type\":\"ListItem\",\"position\":1,\"name\":\"In\u00edcio\",\"item\":\"https:\\\/\\\/www.encontravitoria.com.br\\\/sobre\\\/\"},{\"@type\":\"ListItem\",\"position\":2,\"name\":\"Parceria abre portas para o primeiro emprego de 150 jovens em Vit\u00f3ria\"}]},{\"@type\":\"WebSite\",\"@id\":\"https:\\\/\\\/www.encontravitoria.com.br\\\/sobre\\\/#website\",\"url\":\"https:\\\/\\\/www.encontravitoria.com.br\\\/sobre\\\/\",\"name\":\"Encontra Vit\u00f3ria\",\"description\":\"Not\u00edcias, eventos, informa\u00e7\u00f5es e dicas na cidade Vit\u00f3ria e regi\u00e3o.\",\"potentialAction\":[{\"@type\":\"SearchAction\",\"target\":{\"@type\":\"EntryPoint\",\"urlTemplate\":\"https:\\\/\\\/www.encontravitoria.com.br\\\/sobre\\\/?s={search_term_string}\"},\"query-input\":{\"@type\":\"PropertyValueSpecification\",\"valueRequired\":true,\"valueName\":\"search_term_string\"}}],\"inLanguage\":\"pt-BR\"},{\"@type\":\"Person\",\"@id\":\"https:\\\/\\\/www.encontravitoria.com.br\\\/sobre\\\/#\\\/schema\\\/person\\\/0f8e5bcc88fbadf1bad57afd504f48a2\",\"name\":\"Encontra Vit\u00f3ria\",\"image\":{\"@type\":\"ImageObject\",\"inLanguage\":\"pt-BR\",\"@id\":\"https:\\\/\\\/secure.gravatar.com\\\/avatar\\\/507340682b8270222e1f208e23198b6ae7e2c6a1033ae84e99bc6bce4f82a387?s=96&d=mm&r=g\",\"url\":\"https:\\\/\\\/secure.gravatar.com\\\/avatar\\\/507340682b8270222e1f208e23198b6ae7e2c6a1033ae84e99bc6bce4f82a387?s=96&d=mm&r=g\",\"contentUrl\":\"https:\\\/\\\/secure.gravatar.com\\\/avatar\\\/507340682b8270222e1f208e23198b6ae7e2c6a1033ae84e99bc6bce4f82a387?s=96&d=mm&r=g\",\"caption\":\"Encontra Vit\u00f3ria\"},\"sameAs\":[\"http:\\\/\\\/www.encontravitoria.com.br\"],\"url\":\"https:\\\/\\\/www.encontravitoria.com.br\\\/sobre\\\/author\\\/evitoria\\\/\"}]}<\/script>\n<!-- \/ Yoast SEO plugin. -->","yoast_head_json":{"title":"Parceria abre portas para o primeiro emprego de 150 jovens em Vit\u00f3ria - Encontra Vit\u00f3ria","robots":{"index":"index","follow":"follow","max-snippet":"max-snippet:-1","max-image-preview":"max-image-preview:large","max-video-preview":"max-video-preview:-1"},"canonical":"https:\/\/www.encontravitoria.com.br\/sobre\/parceria-abre-portas-para-o-primeiro-emprego-de-150-jovens-em-vitoria\/","og_locale":"pt_BR","og_type":"article","og_title":"Parceria abre portas para o primeiro emprego de 150 jovens em Vit\u00f3ria - Encontra Vit\u00f3ria","og_description":"Parceria em Vit\u00f3ria abre portas para primeiros empregos de jovens.","og_url":"https:\/\/www.encontravitoria.com.br\/sobre\/parceria-abre-portas-para-o-primeiro-emprego-de-150-jovens-em-vitoria\/","og_site_name":"Encontra Vit\u00f3ria","article_published_time":"2026-03-23T16:14:42+00:00","og_image":[{"url":"https:\/\/www.encontravitoria.com.br\/sobre\/wp-content\/uploads\/2026\/03\/parceria-abre-portas-para-o-primeiro-emprego-de-150-jovens-em-vitoria.webp","type":"","width":"","height":""}],"author":"Encontra Vit\u00f3ria","twitter_card":"summary_large_image","twitter_misc":{"Escrito por":"Encontra Vit\u00f3ria","Est. tempo de leitura":"3 minutos"},"schema":{"@context":"https:\/\/schema.org","@graph":[{"@type":"Article","@id":"https:\/\/www.encontravitoria.com.br\/sobre\/parceria-abre-portas-para-o-primeiro-emprego-de-150-jovens-em-vitoria\/#article","isPartOf":{"@id":"https:\/\/www.encontravitoria.com.br\/sobre\/parceria-abre-portas-para-o-primeiro-emprego-de-150-jovens-em-vitoria\/"},"author":{"name":"Encontra Vit\u00f3ria","@id":"https:\/\/www.encontravitoria.com.br\/sobre\/#\/schema\/person\/0f8e5bcc88fbadf1bad57afd504f48a2"},"headline":"Parceria abre portas para o primeiro emprego de 150 jovens em Vit\u00f3ria","datePublished":"2026-03-23T16:14:42+00:00","mainEntityOfPage":{"@id":"https:\/\/www.encontravitoria.com.br\/sobre\/parceria-abre-portas-para-o-primeiro-emprego-de-150-jovens-em-vitoria\/"},"wordCount":665,"commentCount":0,"image":{"@id":"https:\/\/www.encontravitoria.com.br\/sobre\/parceria-abre-portas-para-o-primeiro-emprego-de-150-jovens-em-vitoria\/#primaryimage"},"thumbnailUrl":"https:\/\/www.encontravitoria.com.br\/sobre\/wp-content\/uploads\/2026\/03\/parceria-abre-portas-para-o-primeiro-emprego-de-150-jovens-em-vitoria.webp","articleSection":["Not\u00edcias Vit\u00f3ria"],"inLanguage":"pt-BR","potentialAction":[{"@type":"CommentAction","name":"Comment","target":["https:\/\/www.encontravitoria.com.br\/sobre\/parceria-abre-portas-para-o-primeiro-emprego-de-150-jovens-em-vitoria\/#respond"]}]},{"@type":"WebPage","@id":"https:\/\/www.encontravitoria.com.br\/sobre\/parceria-abre-portas-para-o-primeiro-emprego-de-150-jovens-em-vitoria\/","url":"https:\/\/www.encontravitoria.com.br\/sobre\/parceria-abre-portas-para-o-primeiro-emprego-de-150-jovens-em-vitoria\/","name":"Parceria abre portas para o primeiro emprego de 150 jovens em Vit\u00f3ria - Encontra Vit\u00f3ria","isPartOf":{"@id":"https:\/\/www.encontravitoria.com.br\/sobre\/#website"},"primaryImageOfPage":{"@id":"https:\/\/www.encontravitoria.com.br\/sobre\/parceria-abre-portas-para-o-primeiro-emprego-de-150-jovens-em-vitoria\/#primaryimage"},"image":{"@id":"https:\/\/www.encontravitoria.com.br\/sobre\/parceria-abre-portas-para-o-primeiro-emprego-de-150-jovens-em-vitoria\/#primaryimage"},"thumbnailUrl":"https:\/\/www.encontravitoria.com.br\/sobre\/wp-content\/uploads\/2026\/03\/parceria-abre-portas-para-o-primeiro-emprego-de-150-jovens-em-vitoria.webp","datePublished":"2026-03-23T16:14:42+00:00","author":{"@id":"https:\/\/www.encontravitoria.com.br\/sobre\/#\/schema\/person\/0f8e5bcc88fbadf1bad57afd504f48a2"},"breadcrumb":{"@id":"https:\/\/www.encontravitoria.com.br\/sobre\/parceria-abre-portas-para-o-primeiro-emprego-de-150-jovens-em-vitoria\/#breadcrumb"},"inLanguage":"pt-BR","potentialAction":[{"@type":"ReadAction","target":["https:\/\/www.encontravitoria.com.br\/sobre\/parceria-abre-portas-para-o-primeiro-emprego-de-150-jovens-em-vitoria\/"]}]},{"@type":"ImageObject","inLanguage":"pt-BR","@id":"https:\/\/www.encontravitoria.com.br\/sobre\/parceria-abre-portas-para-o-primeiro-emprego-de-150-jovens-em-vitoria\/#primaryimage","url":"https:\/\/www.encontravitoria.com.br\/sobre\/wp-content\/uploads\/2026\/03\/parceria-abre-portas-para-o-primeiro-emprego-de-150-jovens-em-vitoria.webp","contentUrl":"https:\/\/www.encontravitoria.com.br\/sobre\/wp-content\/uploads\/2026\/03\/parceria-abre-portas-para-o-primeiro-emprego-de-150-jovens-em-vitoria.webp","width":280,"height":280},{"@type":"BreadcrumbList","@id":"https:\/\/www.encontravitoria.com.br\/sobre\/parceria-abre-portas-para-o-primeiro-emprego-de-150-jovens-em-vitoria\/#breadcrumb","itemListElement":[{"@type":"ListItem","position":1,"name":"In\u00edcio","item":"https:\/\/www.encontravitoria.com.br\/sobre\/"},{"@type":"ListItem","position":2,"name":"Parceria abre portas para o primeiro emprego de 150 jovens em Vit\u00f3ria"}]},{"@type":"WebSite","@id":"https:\/\/www.encontravitoria.com.br\/sobre\/#website","url":"https:\/\/www.encontravitoria.com.br\/sobre\/","name":"Encontra Vit\u00f3ria","description":"Not\u00edcias, eventos, informa\u00e7\u00f5es e dicas na cidade Vit\u00f3ria e regi\u00e3o.","potentialAction":[{"@type":"SearchAction","target":{"@type":"EntryPoint","urlTemplate":"https:\/\/www.encontravitoria.com.br\/sobre\/?s={search_term_string}"},"query-input":{"@type":"PropertyValueSpecification","valueRequired":true,"valueName":"search_term_string"}}],"inLanguage":"pt-BR"},{"@type":"Person","@id":"https:\/\/www.encontravitoria.com.br\/sobre\/#\/schema\/person\/0f8e5bcc88fbadf1bad57afd504f48a2","name":"Encontra Vit\u00f3ria","image":{"@type":"ImageObject","inLanguage":"pt-BR","@id":"https:\/\/secure.gravatar.com\/avatar\/507340682b8270222e1f208e23198b6ae7e2c6a1033ae84e99bc6bce4f82a387?s=96&d=mm&r=g","url":"https:\/\/secure.gravatar.com\/avatar\/507340682b8270222e1f208e23198b6ae7e2c6a1033ae84e99bc6bce4f82a387?s=96&d=mm&r=g","contentUrl":"https:\/\/secure.gravatar.com\/avatar\/507340682b8270222e1f208e23198b6ae7e2c6a1033ae84e99bc6bce4f82a387?s=96&d=mm&r=g","caption":"Encontra Vit\u00f3ria"},"sameAs":["http:\/\/www.encontravitoria.com.br"],"url":"https:\/\/www.encontravitoria.com.br\/sobre\/author\/evitoria\/"}]}},"_links":{"self":[{"href":"https:\/\/www.encontravitoria.com.br\/sobre\/wp-json\/wp\/v2\/posts\/1344","targetHints":{"allow":["GET"]}}],"collection":[{"href":"https:\/\/www.encontravitoria.com.br\/sobre\/wp-json\/wp\/v2\/posts"}],"about":[{"href":"https:\/\/www.encontravitoria.com.br\/sobre\/wp-json\/wp\/v2\/types\/post"}],"author":[{"embeddable":true,"href":"https:\/\/www.encontravitoria.com.br\/sobre\/wp-json\/wp\/v2\/users\/1"}],"replies":[{"embeddable":true,"href":"https:\/\/www.encontravitoria.com.br\/sobre\/wp-json\/wp\/v2\/comments?post=1344"}],"version-history":[{"count":0,"href":"https:\/\/www.encontravitoria.com.br\/sobre\/wp-json\/wp\/v2\/posts\/1344\/revisions"}],"wp:featuredmedia":[{"embeddable":true,"href":"https:\/\/www.encontravitoria.com.br\/sobre\/wp-json\/wp\/v2\/media\/1343"}],"wp:attachment":[{"href":"https:\/\/www.encontravitoria.com.br\/sobre\/wp-json\/wp\/v2\/media?parent=1344"}],"wp:term":[{"taxonomy":"category","embeddable":true,"href":"https:\/\/www.encontravitoria.com.br\/sobre\/wp-json\/wp\/v2\/categories?post=1344"},{"taxonomy":"post_tag","embeddable":true,"href":"https:\/\/www.encontravitoria.com.br\/sobre\/wp-json\/wp\/v2\/tags?post=1344"}],"curies":[{"name":"wp","href":"https:\/\/api.w.org\/{rel}","templated":true}]}}