{"id":1364,"date":"2026-03-27T16:30:00","date_gmt":"2026-03-27T16:30:00","guid":{"rendered":"https:\/\/www.encontravitoria.com.br\/sobre\/conheca-os-cargos-do-concurso-da-prefeitura-de-vitoria\/"},"modified":"2026-03-27T16:30:00","modified_gmt":"2026-03-27T16:30:00","slug":"conheca-os-cargos-do-concurso-da-prefeitura-de-vitoria","status":"publish","type":"post","link":"https:\/\/www.encontravitoria.com.br\/sobre\/conheca-os-cargos-do-concurso-da-prefeitura-de-vitoria\/","title":{"rendered":"Conhe\u00e7a os cargos do concurso da Prefeitura de Vit\u00f3ria!"},"content":{"rendered":"<div class=\"23ed37709e053b55400ee1990aeffe41\" data-index=\"1\" style=\"float: none; margin:0px;\">\n<!-- Anuncio display - global -->\r\n<ins class=\"adsbygoogle\"\r\n     style=\"display:block\"\r\n     data-ad-client=\"ca-pub-8585364105181520\"\r\n     data-ad-slot=\"8789329856\"\r\n     data-ad-format=\"auto\"\r\n     data-full-width-responsive=\"true\"><\/ins>\r\n<script>\r\n     (adsbygoogle = window.adsbygoogle || []).push({});\r\n<\/script>\n<\/div>\n<h2>O que Voc\u00ea Precisa Saber Sobre o Concurso<\/h2>\n<p>A Prefeitura de Vit\u00f3ria, no estado do Esp\u00edrito Santo, lan\u00e7ou um novo edital para concurso p\u00fablico com oportunidades voltadas especificamente para o cargo de <strong>Auditor de Atividades Urbanas<\/strong>. Este concurso visa preencher um total de <strong>16 vagas imediatas<\/strong> e tamb\u00e9m criar um cadastro de reservas, visando atender \u00e0s necessidades da administra\u00e7\u00e3o p\u00fablica na cidade.<\/p>\n<h2>Cargos Dispon\u00edveis no Concurso da Prefeitura<\/h2>\n<p>No concurso da Prefeitura de Vit\u00f3ria, foram disponibilizados os seguintes cargos na \u00e1rea de Auditoria:<\/p>\n<table>\n<thead>\n<tr>\n<th>Cargo<\/th>\n<th>Vagas<\/th>\n<\/tr>\n<\/thead>\n<tbody>\n<tr>\n<td><a href=\"https:\/\/www.estrategiaconcursos.com.br\/curso\/prefeitura-de-vitoria-es-auditor-de-atividades-urbanas-consumo-pacote-2026-pos-edital\/\">Auditor de Atividades Urbanas \u2013 Consumo<\/a><\/td>\n<td>2 + CR<\/td>\n<\/tr>\n<tr>\n<td>Auditor de Atividades Urbanas \u2013 Meio Ambiente<\/td>\n<td>2 + CR<\/td>\n<\/tr>\n<tr>\n<td>Auditor de Atividades Urbanas \u2013 Posturas e Obras<\/td>\n<td>10 + CR<\/td>\n<\/tr>\n<tr>\n<td>Auditor de Atividades Urbanas \u2013 Vigil\u00e2ncia Sanit\u00e1ria<\/td>\n<td>2 + CR<\/td>\n<\/tr>\n<\/tbody>\n<\/table>\n<h2>Requisitos para Candidatar-se<\/h2>\n<p>Os interessados em concorrer a uma das vagas devem atender aos requisitos de forma\u00e7\u00e3o estabelecidos para cada cargo. Confira:<\/p>\n<p><img decoding=\"async\" src=\"https:\/\/www.encontravitoria.com.br\/sobre\/wp-content\/uploads\/2026\/03\/conheca-os-cargos-do-concurso-da-prefeitura-de-vitoria.webp\" alt=\"cargos do concurso da Prefeitura de Vit\u00f3ria\" loading=\"lazy\" \/><\/p>\n<ul>\n<li><strong>Auditor de Atividades Urbanas \u2013 Consumo:<\/strong> Necess\u00e1rio gradua\u00e7\u00e3o em Administra\u00e7\u00e3o, Ci\u00eancias Cont\u00e1beis, Direito, Economia, Engenharia de Produ\u00e7\u00e3o, Gest\u00e3o Comercial, Gest\u00e3o P\u00fablica, Marketing ou Comunica\u00e7\u00e3o Social.<\/li>\n<li><strong>Auditor de Atividades Urbanas \u2013 Meio Ambiente:<\/strong> Forma\u00e7\u00e3o em Ci\u00eancias Biol\u00f3gicas, Ecologia, Engenharia Ambiental, Engenharia Florestal, Geografia, Geologia, Gest\u00e3o Ambiental, Oceanografia ou Qu\u00edmica.<\/li>\n<li><strong>Auditor de Atividades Urbanas \u2013 Posturas e Obras:<\/strong> Ensino superior em Arquitetura e Urbanismo, Engenharia Civil, Engenharia de Produ\u00e7\u00e3o Civil, Engenharia de Seguran\u00e7a do Trabalho, Engenharia Sanit\u00e1ria, Engenharia Cartogr\u00e1fica ou Engenharia Topogr\u00e1fica.<\/li>\n<li><strong>Auditor de Atividades Urbanas \u2013 Vigil\u00e2ncia Sanit\u00e1ria:<\/strong> Forma\u00e7\u00e3o em Biomedicina, Ci\u00eancias Biol\u00f3gicas, Enfermagem, Engenharia de Alimentos, Farm\u00e1cia, Medicina Veterin\u00e1ria, Nutri\u00e7\u00e3o, Odontologia ou Engenharia Qu\u00edmica.<\/li>\n<\/ul>\n<h2>Detalhes das Vagas para Auditor de Atividades Urbanas<\/h2>\n<p>As atribui\u00e7\u00f5es de cada cargo s\u00e3o variadas, envolvendo fiscaliza\u00e7\u00e3o, vistorias e aplica\u00e7\u00e3o da legisla\u00e7\u00e3o pertinente. Estas s\u00e3o as descri\u00e7\u00f5es resumidas:<\/p>\n<ul>\n<li><strong>Auditor de Atividades Urbanas \u2013 Consumo:<\/strong> Realizar fiscaliza\u00e7\u00f5es observando a legisla\u00e7\u00e3o relacionada aos servi\u00e7os municipais.<\/li>\n<li><strong>Auditor de Atividades Urbanas \u2013 Meio Ambiente:<\/strong> Fiscalizar pr\u00e1ticas que impactam a qualidade de vida no munic\u00edpio e supervisionar a aplica\u00e7\u00e3o de legisla\u00e7\u00f5es ambientais.<\/li>\n<li><strong>Auditor de Atividades Urbanas \u2013 Posturas e Obras:<\/strong> Executar a\u00e7\u00f5es fiscais conforme a legisla\u00e7\u00e3o municipal em vigor.<\/li>\n<li><strong>Auditor de Atividades Urbanas \u2013 Vigil\u00e2ncia Sanit\u00e1ria:<\/strong> Inspecionar e orientar quanto \u00e0s atividades que promovem a sa\u00fade e prote\u00e7\u00e3o ambiental.<\/li>\n<\/ul>\n<h2>Como \u00e9 a Remunera\u00e7\u00e3o para os Cargos<\/h2>\n<p>Os sal\u00e1rios iniciais para os Auditores s\u00e3o atrativos, correspondendo a <strong>R$ 3.922,44<\/strong>, com a possibilidade de alcan\u00e7ar at\u00e9 <strong>R$ 7.500,00<\/strong> atrav\u00e9s de gratifica\u00e7\u00f5es de produtividade que podem chegar a <strong>R$ 2.800,00<\/strong>, al\u00e9m de um aux\u00edlio-alimenta\u00e7\u00e3o de <strong>R$ 825,00<\/strong>.<\/p>\n<h2>O Processo de Inscri\u00e7\u00e3o no Concurso<\/h2>\n<p>As inscri\u00e7\u00f5es para participar do concurso est\u00e3o abertas e os candidatos podem se inscrever at\u00e9 o dia <strong>1\u00ba de abril<\/strong>, mediante o pagamento de uma taxa de <strong>R$ 119,00<\/strong>.<\/p>\n<h2>Datas Importantes para os Candidatos<\/h2>\n<p>Os candidatos precisam estar atentos \u00e0s seguintes datas:<\/p>\n<ul>\n<li><strong>Prazo para inscri\u00e7\u00e3o:<\/strong> At\u00e9 1\u00ba de abril.<\/li>\n<li><strong>Data da prova:<\/strong> 26 de abril.<\/li>\n<\/ul>\n<h2>O Que Esperar das Provas Objetivas<\/h2>\n<p>Os candidatos devem se preparar para provas que incluir\u00e3o quest\u00f5es objetivas e discursivas. \u00c9 fundamental estudar as normas e legisla\u00e7\u00f5es pertinentes para cada \u00e1rea de auditoria.<\/p>\n<h2>Dicas de Prepara\u00e7\u00e3o para os Candidatos<\/h2>\n<p>Aproveitar os cursos preparat\u00f3rios pode ser uma ferramenta valiosa nesta trajet\u00f3ria. Seguem algumas sugest\u00f5es:<\/p>\n<ul>\n<li><strong>Organizar a rotina de estudos:<\/strong> Crie um cronograma que abranja todos os temas exigidos.<\/li>\n<li><strong>Utilizar materiais atualizados:<\/strong> Escolher estudos que estejam de acordo com o edital do concurso.<\/li>\n<li><strong>Praticar com quest\u00f5es de concursos anteriores:<\/strong> Isso ajuda na familiariza\u00e7\u00e3o com o estilo das provas.<\/li>\n<\/ul>\n<h2>Onde Encontrar Cursos Preparat\u00f3rios<\/h2>\n<p>Para aqueles que desejam uma prepara\u00e7\u00e3o completa, diversos cursos online est\u00e3o dispon\u00edveis. O site da <strong>Estrategia Concursos<\/strong> oferece op\u00e7\u00f5es que atendem aos diversos n\u00edveis de exig\u00eancia e \u00e1reas pertinentes ao concurso.<\/p>\n\n<div style=\"font-size: 0px; height: 0px; line-height: 0px; margin: 0; padding: 0; clear: both;\"><\/div>","protected":false},"excerpt":{"rendered":"<p>Conhe\u00e7a os cargos dispon\u00edveis no concurso da Prefeitura de Vit\u00f3ria e suas oportunidades.<\/p>\n","protected":false},"author":1,"featured_media":1363,"comment_status":"open","ping_status":"closed","sticky":false,"template":"","format":"standard","meta":{"footnotes":""},"categories":[6],"tags":[],"class_list":["post-1364","post","type-post","status-publish","format-standard","has-post-thumbnail","hentry","category-noticias-em-vitoria","has_thumb"],"yoast_head":"<!-- This site is optimized with the Yoast SEO plugin v28.2 - https:\/\/yoast.com\/product\/yoast-seo-wordpress\/ -->\n<title>Conhe\u00e7a os cargos do concurso da Prefeitura de Vit\u00f3ria! - Encontra Vit\u00f3ria<\/title>\n<meta name=\"robots\" content=\"index, follow, max-snippet:-1, max-image-preview:large, max-video-preview:-1\" \/>\n<link rel=\"canonical\" href=\"https:\/\/www.encontravitoria.com.br\/sobre\/conheca-os-cargos-do-concurso-da-prefeitura-de-vitoria\/\" \/>\n<meta property=\"og:locale\" content=\"pt_BR\" \/>\n<meta property=\"og:type\" content=\"article\" \/>\n<meta property=\"og:title\" content=\"Conhe\u00e7a os cargos do concurso da Prefeitura de Vit\u00f3ria! - Encontra Vit\u00f3ria\" \/>\n<meta property=\"og:description\" content=\"Conhe\u00e7a os cargos dispon\u00edveis no concurso da Prefeitura de Vit\u00f3ria e suas oportunidades.\" \/>\n<meta property=\"og:url\" content=\"https:\/\/www.encontravitoria.com.br\/sobre\/conheca-os-cargos-do-concurso-da-prefeitura-de-vitoria\/\" \/>\n<meta property=\"og:site_name\" content=\"Encontra Vit\u00f3ria\" \/>\n<meta property=\"article:published_time\" content=\"2026-03-27T16:30:00+00:00\" \/>\n<meta property=\"og:image\" content=\"https:\/\/www.encontravitoria.com.br\/sobre\/wp-content\/uploads\/2026\/03\/conheca-os-cargos-do-concurso-da-prefeitura-de-vitoria.webp\" \/>\n<meta name=\"author\" content=\"Encontra Vit\u00f3ria\" \/>\n<meta name=\"twitter:card\" content=\"summary_large_image\" \/>\n<meta name=\"twitter:label1\" content=\"Escrito por\" \/>\n\t<meta name=\"twitter:data1\" content=\"Encontra Vit\u00f3ria\" \/>\n\t<meta name=\"twitter:label2\" content=\"Est. tempo de leitura\" \/>\n\t<meta name=\"twitter:data2\" content=\"3 minutos\" \/>\n<script type=\"application\/ld+json\" class=\"yoast-schema-graph\">{\"@context\":\"https:\\\/\\\/schema.org\",\"@graph\":[{\"@type\":\"Article\",\"@id\":\"https:\\\/\\\/www.encontravitoria.com.br\\\/sobre\\\/conheca-os-cargos-do-concurso-da-prefeitura-de-vitoria\\\/#article\",\"isPartOf\":{\"@id\":\"https:\\\/\\\/www.encontravitoria.com.br\\\/sobre\\\/conheca-os-cargos-do-concurso-da-prefeitura-de-vitoria\\\/\"},\"author\":{\"name\":\"Encontra Vit\u00f3ria\",\"@id\":\"https:\\\/\\\/www.encontravitoria.com.br\\\/sobre\\\/#\\\/schema\\\/person\\\/0f8e5bcc88fbadf1bad57afd504f48a2\"},\"headline\":\"Conhe\u00e7a os cargos do concurso da Prefeitura de Vit\u00f3ria!\",\"datePublished\":\"2026-03-27T16:30:00+00:00\",\"mainEntityOfPage\":{\"@id\":\"https:\\\/\\\/www.encontravitoria.com.br\\\/sobre\\\/conheca-os-cargos-do-concurso-da-prefeitura-de-vitoria\\\/\"},\"wordCount\":661,\"commentCount\":0,\"image\":{\"@id\":\"https:\\\/\\\/www.encontravitoria.com.br\\\/sobre\\\/conheca-os-cargos-do-concurso-da-prefeitura-de-vitoria\\\/#primaryimage\"},\"thumbnailUrl\":\"https:\\\/\\\/www.encontravitoria.com.br\\\/sobre\\\/wp-content\\\/uploads\\\/2026\\\/03\\\/conheca-os-cargos-do-concurso-da-prefeitura-de-vitoria.webp\",\"articleSection\":[\"Not\u00edcias Vit\u00f3ria\"],\"inLanguage\":\"pt-BR\",\"potentialAction\":[{\"@type\":\"CommentAction\",\"name\":\"Comment\",\"target\":[\"https:\\\/\\\/www.encontravitoria.com.br\\\/sobre\\\/conheca-os-cargos-do-concurso-da-prefeitura-de-vitoria\\\/#respond\"]}]},{\"@type\":\"WebPage\",\"@id\":\"https:\\\/\\\/www.encontravitoria.com.br\\\/sobre\\\/conheca-os-cargos-do-concurso-da-prefeitura-de-vitoria\\\/\",\"url\":\"https:\\\/\\\/www.encontravitoria.com.br\\\/sobre\\\/conheca-os-cargos-do-concurso-da-prefeitura-de-vitoria\\\/\",\"name\":\"Conhe\u00e7a os cargos do concurso da Prefeitura de Vit\u00f3ria! - Encontra Vit\u00f3ria\",\"isPartOf\":{\"@id\":\"https:\\\/\\\/www.encontravitoria.com.br\\\/sobre\\\/#website\"},\"primaryImageOfPage\":{\"@id\":\"https:\\\/\\\/www.encontravitoria.com.br\\\/sobre\\\/conheca-os-cargos-do-concurso-da-prefeitura-de-vitoria\\\/#primaryimage\"},\"image\":{\"@id\":\"https:\\\/\\\/www.encontravitoria.com.br\\\/sobre\\\/conheca-os-cargos-do-concurso-da-prefeitura-de-vitoria\\\/#primaryimage\"},\"thumbnailUrl\":\"https:\\\/\\\/www.encontravitoria.com.br\\\/sobre\\\/wp-content\\\/uploads\\\/2026\\\/03\\\/conheca-os-cargos-do-concurso-da-prefeitura-de-vitoria.webp\",\"datePublished\":\"2026-03-27T16:30:00+00:00\",\"author\":{\"@id\":\"https:\\\/\\\/www.encontravitoria.com.br\\\/sobre\\\/#\\\/schema\\\/person\\\/0f8e5bcc88fbadf1bad57afd504f48a2\"},\"breadcrumb\":{\"@id\":\"https:\\\/\\\/www.encontravitoria.com.br\\\/sobre\\\/conheca-os-cargos-do-concurso-da-prefeitura-de-vitoria\\\/#breadcrumb\"},\"inLanguage\":\"pt-BR\",\"potentialAction\":[{\"@type\":\"ReadAction\",\"target\":[\"https:\\\/\\\/www.encontravitoria.com.br\\\/sobre\\\/conheca-os-cargos-do-concurso-da-prefeitura-de-vitoria\\\/\"]}]},{\"@type\":\"ImageObject\",\"inLanguage\":\"pt-BR\",\"@id\":\"https:\\\/\\\/www.encontravitoria.com.br\\\/sobre\\\/conheca-os-cargos-do-concurso-da-prefeitura-de-vitoria\\\/#primaryimage\",\"url\":\"https:\\\/\\\/www.encontravitoria.com.br\\\/sobre\\\/wp-content\\\/uploads\\\/2026\\\/03\\\/conheca-os-cargos-do-concurso-da-prefeitura-de-vitoria.webp\",\"contentUrl\":\"https:\\\/\\\/www.encontravitoria.com.br\\\/sobre\\\/wp-content\\\/uploads\\\/2026\\\/03\\\/conheca-os-cargos-do-concurso-da-prefeitura-de-vitoria.webp\",\"width\":280,\"height\":280,\"caption\":\"cargos do concurso da Prefeitura de Vit\u00f3ria\"},{\"@type\":\"BreadcrumbList\",\"@id\":\"https:\\\/\\\/www.encontravitoria.com.br\\\/sobre\\\/conheca-os-cargos-do-concurso-da-prefeitura-de-vitoria\\\/#breadcrumb\",\"itemListElement\":[{\"@type\":\"ListItem\",\"position\":1,\"name\":\"In\u00edcio\",\"item\":\"https:\\\/\\\/www.encontravitoria.com.br\\\/sobre\\\/\"},{\"@type\":\"ListItem\",\"position\":2,\"name\":\"Conhe\u00e7a os cargos do concurso da Prefeitura de Vit\u00f3ria!\"}]},{\"@type\":\"WebSite\",\"@id\":\"https:\\\/\\\/www.encontravitoria.com.br\\\/sobre\\\/#website\",\"url\":\"https:\\\/\\\/www.encontravitoria.com.br\\\/sobre\\\/\",\"name\":\"Encontra Vit\u00f3ria\",\"description\":\"Not\u00edcias, eventos, informa\u00e7\u00f5es e dicas na cidade Vit\u00f3ria e regi\u00e3o.\",\"potentialAction\":[{\"@type\":\"SearchAction\",\"target\":{\"@type\":\"EntryPoint\",\"urlTemplate\":\"https:\\\/\\\/www.encontravitoria.com.br\\\/sobre\\\/?s={search_term_string}\"},\"query-input\":{\"@type\":\"PropertyValueSpecification\",\"valueRequired\":true,\"valueName\":\"search_term_string\"}}],\"inLanguage\":\"pt-BR\"},{\"@type\":\"Person\",\"@id\":\"https:\\\/\\\/www.encontravitoria.com.br\\\/sobre\\\/#\\\/schema\\\/person\\\/0f8e5bcc88fbadf1bad57afd504f48a2\",\"name\":\"Encontra Vit\u00f3ria\",\"image\":{\"@type\":\"ImageObject\",\"inLanguage\":\"pt-BR\",\"@id\":\"https:\\\/\\\/secure.gravatar.com\\\/avatar\\\/507340682b8270222e1f208e23198b6ae7e2c6a1033ae84e99bc6bce4f82a387?s=96&d=mm&r=g\",\"url\":\"https:\\\/\\\/secure.gravatar.com\\\/avatar\\\/507340682b8270222e1f208e23198b6ae7e2c6a1033ae84e99bc6bce4f82a387?s=96&d=mm&r=g\",\"contentUrl\":\"https:\\\/\\\/secure.gravatar.com\\\/avatar\\\/507340682b8270222e1f208e23198b6ae7e2c6a1033ae84e99bc6bce4f82a387?s=96&d=mm&r=g\",\"caption\":\"Encontra Vit\u00f3ria\"},\"sameAs\":[\"http:\\\/\\\/www.encontravitoria.com.br\"],\"url\":\"https:\\\/\\\/www.encontravitoria.com.br\\\/sobre\\\/author\\\/evitoria\\\/\"}]}<\/script>\n<!-- \/ Yoast SEO plugin. -->","yoast_head_json":{"title":"Conhe\u00e7a os cargos do concurso da Prefeitura de Vit\u00f3ria! - Encontra Vit\u00f3ria","robots":{"index":"index","follow":"follow","max-snippet":"max-snippet:-1","max-image-preview":"max-image-preview:large","max-video-preview":"max-video-preview:-1"},"canonical":"https:\/\/www.encontravitoria.com.br\/sobre\/conheca-os-cargos-do-concurso-da-prefeitura-de-vitoria\/","og_locale":"pt_BR","og_type":"article","og_title":"Conhe\u00e7a os cargos do concurso da Prefeitura de Vit\u00f3ria! - Encontra Vit\u00f3ria","og_description":"Conhe\u00e7a os cargos dispon\u00edveis no concurso da Prefeitura de Vit\u00f3ria e suas oportunidades.","og_url":"https:\/\/www.encontravitoria.com.br\/sobre\/conheca-os-cargos-do-concurso-da-prefeitura-de-vitoria\/","og_site_name":"Encontra Vit\u00f3ria","article_published_time":"2026-03-27T16:30:00+00:00","og_image":[{"url":"https:\/\/www.encontravitoria.com.br\/sobre\/wp-content\/uploads\/2026\/03\/conheca-os-cargos-do-concurso-da-prefeitura-de-vitoria.webp","type":"","width":"","height":""}],"author":"Encontra Vit\u00f3ria","twitter_card":"summary_large_image","twitter_misc":{"Escrito por":"Encontra Vit\u00f3ria","Est. tempo de leitura":"3 minutos"},"schema":{"@context":"https:\/\/schema.org","@graph":[{"@type":"Article","@id":"https:\/\/www.encontravitoria.com.br\/sobre\/conheca-os-cargos-do-concurso-da-prefeitura-de-vitoria\/#article","isPartOf":{"@id":"https:\/\/www.encontravitoria.com.br\/sobre\/conheca-os-cargos-do-concurso-da-prefeitura-de-vitoria\/"},"author":{"name":"Encontra Vit\u00f3ria","@id":"https:\/\/www.encontravitoria.com.br\/sobre\/#\/schema\/person\/0f8e5bcc88fbadf1bad57afd504f48a2"},"headline":"Conhe\u00e7a os cargos do concurso da Prefeitura de Vit\u00f3ria!","datePublished":"2026-03-27T16:30:00+00:00","mainEntityOfPage":{"@id":"https:\/\/www.encontravitoria.com.br\/sobre\/conheca-os-cargos-do-concurso-da-prefeitura-de-vitoria\/"},"wordCount":661,"commentCount":0,"image":{"@id":"https:\/\/www.encontravitoria.com.br\/sobre\/conheca-os-cargos-do-concurso-da-prefeitura-de-vitoria\/#primaryimage"},"thumbnailUrl":"https:\/\/www.encontravitoria.com.br\/sobre\/wp-content\/uploads\/2026\/03\/conheca-os-cargos-do-concurso-da-prefeitura-de-vitoria.webp","articleSection":["Not\u00edcias Vit\u00f3ria"],"inLanguage":"pt-BR","potentialAction":[{"@type":"CommentAction","name":"Comment","target":["https:\/\/www.encontravitoria.com.br\/sobre\/conheca-os-cargos-do-concurso-da-prefeitura-de-vitoria\/#respond"]}]},{"@type":"WebPage","@id":"https:\/\/www.encontravitoria.com.br\/sobre\/conheca-os-cargos-do-concurso-da-prefeitura-de-vitoria\/","url":"https:\/\/www.encontravitoria.com.br\/sobre\/conheca-os-cargos-do-concurso-da-prefeitura-de-vitoria\/","name":"Conhe\u00e7a os cargos do concurso da Prefeitura de Vit\u00f3ria! - Encontra Vit\u00f3ria","isPartOf":{"@id":"https:\/\/www.encontravitoria.com.br\/sobre\/#website"},"primaryImageOfPage":{"@id":"https:\/\/www.encontravitoria.com.br\/sobre\/conheca-os-cargos-do-concurso-da-prefeitura-de-vitoria\/#primaryimage"},"image":{"@id":"https:\/\/www.encontravitoria.com.br\/sobre\/conheca-os-cargos-do-concurso-da-prefeitura-de-vitoria\/#primaryimage"},"thumbnailUrl":"https:\/\/www.encontravitoria.com.br\/sobre\/wp-content\/uploads\/2026\/03\/conheca-os-cargos-do-concurso-da-prefeitura-de-vitoria.webp","datePublished":"2026-03-27T16:30:00+00:00","author":{"@id":"https:\/\/www.encontravitoria.com.br\/sobre\/#\/schema\/person\/0f8e5bcc88fbadf1bad57afd504f48a2"},"breadcrumb":{"@id":"https:\/\/www.encontravitoria.com.br\/sobre\/conheca-os-cargos-do-concurso-da-prefeitura-de-vitoria\/#breadcrumb"},"inLanguage":"pt-BR","potentialAction":[{"@type":"ReadAction","target":["https:\/\/www.encontravitoria.com.br\/sobre\/conheca-os-cargos-do-concurso-da-prefeitura-de-vitoria\/"]}]},{"@type":"ImageObject","inLanguage":"pt-BR","@id":"https:\/\/www.encontravitoria.com.br\/sobre\/conheca-os-cargos-do-concurso-da-prefeitura-de-vitoria\/#primaryimage","url":"https:\/\/www.encontravitoria.com.br\/sobre\/wp-content\/uploads\/2026\/03\/conheca-os-cargos-do-concurso-da-prefeitura-de-vitoria.webp","contentUrl":"https:\/\/www.encontravitoria.com.br\/sobre\/wp-content\/uploads\/2026\/03\/conheca-os-cargos-do-concurso-da-prefeitura-de-vitoria.webp","width":280,"height":280,"caption":"cargos do concurso da Prefeitura de Vit\u00f3ria"},{"@type":"BreadcrumbList","@id":"https:\/\/www.encontravitoria.com.br\/sobre\/conheca-os-cargos-do-concurso-da-prefeitura-de-vitoria\/#breadcrumb","itemListElement":[{"@type":"ListItem","position":1,"name":"In\u00edcio","item":"https:\/\/www.encontravitoria.com.br\/sobre\/"},{"@type":"ListItem","position":2,"name":"Conhe\u00e7a os cargos do concurso da Prefeitura de Vit\u00f3ria!"}]},{"@type":"WebSite","@id":"https:\/\/www.encontravitoria.com.br\/sobre\/#website","url":"https:\/\/www.encontravitoria.com.br\/sobre\/","name":"Encontra Vit\u00f3ria","description":"Not\u00edcias, eventos, informa\u00e7\u00f5es e dicas na cidade Vit\u00f3ria e regi\u00e3o.","potentialAction":[{"@type":"SearchAction","target":{"@type":"EntryPoint","urlTemplate":"https:\/\/www.encontravitoria.com.br\/sobre\/?s={search_term_string}"},"query-input":{"@type":"PropertyValueSpecification","valueRequired":true,"valueName":"search_term_string"}}],"inLanguage":"pt-BR"},{"@type":"Person","@id":"https:\/\/www.encontravitoria.com.br\/sobre\/#\/schema\/person\/0f8e5bcc88fbadf1bad57afd504f48a2","name":"Encontra Vit\u00f3ria","image":{"@type":"ImageObject","inLanguage":"pt-BR","@id":"https:\/\/secure.gravatar.com\/avatar\/507340682b8270222e1f208e23198b6ae7e2c6a1033ae84e99bc6bce4f82a387?s=96&d=mm&r=g","url":"https:\/\/secure.gravatar.com\/avatar\/507340682b8270222e1f208e23198b6ae7e2c6a1033ae84e99bc6bce4f82a387?s=96&d=mm&r=g","contentUrl":"https:\/\/secure.gravatar.com\/avatar\/507340682b8270222e1f208e23198b6ae7e2c6a1033ae84e99bc6bce4f82a387?s=96&d=mm&r=g","caption":"Encontra Vit\u00f3ria"},"sameAs":["http:\/\/www.encontravitoria.com.br"],"url":"https:\/\/www.encontravitoria.com.br\/sobre\/author\/evitoria\/"}]}},"_links":{"self":[{"href":"https:\/\/www.encontravitoria.com.br\/sobre\/wp-json\/wp\/v2\/posts\/1364","targetHints":{"allow":["GET"]}}],"collection":[{"href":"https:\/\/www.encontravitoria.com.br\/sobre\/wp-json\/wp\/v2\/posts"}],"about":[{"href":"https:\/\/www.encontravitoria.com.br\/sobre\/wp-json\/wp\/v2\/types\/post"}],"author":[{"embeddable":true,"href":"https:\/\/www.encontravitoria.com.br\/sobre\/wp-json\/wp\/v2\/users\/1"}],"replies":[{"embeddable":true,"href":"https:\/\/www.encontravitoria.com.br\/sobre\/wp-json\/wp\/v2\/comments?post=1364"}],"version-history":[{"count":0,"href":"https:\/\/www.encontravitoria.com.br\/sobre\/wp-json\/wp\/v2\/posts\/1364\/revisions"}],"wp:featuredmedia":[{"embeddable":true,"href":"https:\/\/www.encontravitoria.com.br\/sobre\/wp-json\/wp\/v2\/media\/1363"}],"wp:attachment":[{"href":"https:\/\/www.encontravitoria.com.br\/sobre\/wp-json\/wp\/v2\/media?parent=1364"}],"wp:term":[{"taxonomy":"category","embeddable":true,"href":"https:\/\/www.encontravitoria.com.br\/sobre\/wp-json\/wp\/v2\/categories?post=1364"},{"taxonomy":"post_tag","embeddable":true,"href":"https:\/\/www.encontravitoria.com.br\/sobre\/wp-json\/wp\/v2\/tags?post=1364"}],"curies":[{"name":"wp","href":"https:\/\/api.w.org\/{rel}","templated":true}]}}