{"id":1386,"date":"2026-04-02T16:28:06","date_gmt":"2026-04-02T16:28:06","guid":{"rendered":"https:\/\/www.encontravitoria.com.br\/sobre\/avai-vence-o-porto-vitoria\/"},"modified":"2026-04-02T16:28:06","modified_gmt":"2026-04-02T16:28:06","slug":"avai-vence-o-porto-vitoria","status":"publish","type":"post","link":"https:\/\/www.encontravitoria.com.br\/sobre\/avai-vence-o-porto-vitoria\/","title":{"rendered":"Ava\u00ed vence o Porto Vit\u00f3ria"},"content":{"rendered":"<div class=\"23ed37709e053b55400ee1990aeffe41\" data-index=\"1\" style=\"float: none; margin:0px;\">\n<!-- Anuncio display - global -->\r\n<ins class=\"adsbygoogle\"\r\n     style=\"display:block\"\r\n     data-ad-client=\"ca-pub-8585364105181520\"\r\n     data-ad-slot=\"8789329856\"\r\n     data-ad-format=\"auto\"\r\n     data-full-width-responsive=\"true\"><\/ins>\r\n<script>\r\n     (adsbygoogle = window.adsbygoogle || []).push({});\r\n<\/script>\n<\/div>\n<h2>Ava\u00ed conquista vit\u00f3ria sobre Porto Vit\u00f3ria-ES e avan\u00e7a na Copa do Brasil 2026<\/h2>\n<p>Na noite de 4 de mar\u00e7o de 2026, o Ava\u00ed Futebol Clube teve um desempenho impressionante ao derrotar o Porto Vit\u00f3ria-ES por 3 a 0, em jogo \u00fanico v\u00e1lido pela 2\u00aa fase da Copa do Brasil 2026. O confronto ocorreu no Est\u00e1dio Dr. Aderbal Ramos da Silva, conhecido como Ressacada, localizado em Florian\u00f3polis-SC. Os primeiros gols vieram das habilidades do jovem Thayllon, que marcou duas vezes, e Rafael Bilu completou o placar, assegurando a passagem do Ava\u00ed para a pr\u00f3xima fase, onde enfrentar\u00e1 a Portuguesa-SP.<\/p>\n<h2>Gols que Fizeram a Diferen\u00e7a<\/h2>\n<ul>\n<li>**Thayllon** &#8211; 25 minutos do 1\u00ba tempo<\/li>\n<li>**Thayllon** &#8211; 27 minutos do 1\u00ba tempo<\/li>\n<li>**Rafael Bilu** &#8211; 37 minutos do 2\u00ba tempo<\/li>\n<\/ul>\n<h2>Momentos Decisivos da Partida<\/h2>\n<p>A primeira amea\u00e7a ao gol do Porto Vit\u00f3ria-ES surgiu logo aos 13 minutos, quando Douglas Teixeira disparou um forte chute que n\u00e3o encontrou a rede. J\u00e1 aos 16, Daniel Penha teve uma grande oportunidade, mas o goleiro advers\u00e1rio, Rafael, foi \u00e1gil e interceptou. Jean Lucas tamb\u00e9m teve sua chance aos 20 minutos, com um tiro que exigiu interven\u00e7\u00e3o do goleiro. A press\u00e3o cont\u00ednua do Ava\u00ed culminou no primeiro gol aos 25 minutos, quando Thayllon marcou um belo gol ap\u00f3s receber passe de Felipe Avenatti.<\/p>\n<h2>Desempenho Individual Tour<\/h2>\n<p>Thayllon se destacou como o grande nome da partida, n\u00e3o apenas pelos gols, mas tamb\u00e9m pela movimenta\u00e7\u00e3o constante e pelas jogadas criativas que proporcionaram oportunidades para a equipe. Rafael Bilu, que tamb\u00e9m teve uma atua\u00e7\u00e3o not\u00e1vel, mostrou seu valor ao marcar o terceiro gol, evidenciando a for\u00e7a ofensiva do Ava\u00ed. O desempenho de Daniel Penha foi igualmente destacado, sendo fundamental nas assist\u00eancias.<\/p>\n<p><img decoding=\"async\" src=\"https:\/\/www.encontravitoria.com.br\/sobre\/wp-content\/uploads\/2026\/04\/avai-vence-o-porto-vitoria.webp\" alt=\"Ava\u00ed vence Porto Vit\u00f3ria-ES Copa do Brasil 2026\" loading=\"lazy\" \/><\/p>\n<h2>A Euforia da Torcida<\/h2>\n<p>A torcida do Ava\u00ed compareceu em bom n\u00famero e apoiou a equipe durante toda a partida. A cada gol marcado, as arquibancadas da Ressacada explodiam em celebra\u00e7\u00e3o, um reflexo da paix\u00e3o dos torcedores pelo clube e a import\u00e2ncia do jogo no contexto da competi\u00e7\u00e3o.<\/p>\n<h2>Prepara\u00e7\u00e3o para a Pr\u00f3xima Fase<\/h2>\n<p>Com a vit\u00f3ria sobre o Porto Vit\u00f3ria, a equipe agora volta suas aten\u00e7\u00f5es para a terceira fase da Copa do Brasil, onde enfrentar\u00e1 a Portuguesa-SP. A expectativa \u00e9 alta entre jogadores e comiss\u00e3o t\u00e9cnica, e o planejamento para a pr\u00f3xima partida ser\u00e1 essencial para garantir o sucesso na competi\u00e7\u00e3o.<\/p>\n<h2>An\u00e1lise do T\u00e9cnico Cauan de Almeida<\/h2>\n<p>O treinador Cauan de Almeida elogiou a dedica\u00e7\u00e3o dos jogadores e a estrat\u00e9gia que foi colocada em pr\u00e1tica durante o jogo. Ele destacou a import\u00e2ncia da vit\u00f3ria n\u00e3o apenas para a classifica\u00e7\u00e3o, mas tamb\u00e9m para a moral da equipe. O t\u00e9cnico enfatizou que a equipe seguir\u00e1 trabalhando duro para manter um bom desempenho nos pr\u00f3ximos jogos.<\/p>\n<h2>Impacto da Vit\u00f3ria na Moral do Time<\/h2>\n<p>Essa vit\u00f3ria significativa trouxe um impulso \u00e0 confian\u00e7a dos jogadores e \u00e0 moral do grupo. Saber que conseguiram uma vit\u00f3ria convincente em um torneio de grande import\u00e2ncia refor\u00e7a a cren\u00e7a de que o Ava\u00ed pode aspirar a metas maiores na competi\u00e7\u00e3o.<\/p>\n<h2>Hist\u00f3ria do Confronto entre Ava\u00ed e Porto Vit\u00f3ria-ES<\/h2>\n<p>Com essa partida, as duas equipes se enfrentaram apenas uma vez na hist\u00f3ria, e o Ava\u00ed saiu vitorioso com um placar convincente. O resultado n\u00e3o s\u00f3 marca essa edi\u00e7\u00e3o da Copa do Brasil, mas tamb\u00e9m estabelece um novo cap\u00edtulo na rivalidade entre os clubes.<\/p>\n<h2>Destaques do Jogo<\/h2>\n<ul>\n<li><strong>Melhor em campo:<\/strong> Thayllon, com dois gols e uma atua\u00e7\u00e3o inspiradora.<\/li>\n<li><strong>Defesa s\u00f3lida:<\/strong> A linha defensiva do Ava\u00ed se mostrou firme, evitando que o Porto Vit\u00f3ria-ES criasse grandes chances.<\/li>\n<li><strong>Seletividade nas finaliza\u00e7\u00f5es:<\/strong> A equipe mostrou um bom controle nas finaliza\u00e7\u00f5es, aproveitando as oportunidades que surgiram.<\/li>\n<\/ul>\n<h2>Expectativas para o Pr\u00f3ximo Advers\u00e1rio<\/h2>\n<p>O Ava\u00ed agora se prepara para a partida contra a Portuguesa-SP, um advers\u00e1rio que traz seu pr\u00f3prio conjunto de desafios. A equipe precisar\u00e1 manter o foco e a determina\u00e7\u00e3o demonstrados at\u00e9 agora para avan\u00e7ar ainda mais na competi\u00e7\u00e3o e potencialmente conseguir a gl\u00f3ria do torneio.<\/p>\n<h2>Ficha T\u00e9cnica do Jogo<\/h2>\n<p><strong>Jogo:<\/strong> Ava\u00ed 3\u00d70 Porto Vit\u00f3ria-ES<br \/>\n<strong>Data:<\/strong> 04\/03\/2026<br \/>\n<strong>Hora:<\/strong> 19h30<br \/>\n<strong>Est\u00e1dio:<\/strong> Dr. Aderbal Ramos da Silva (Ressacada), Florian\u00f3polis-SC<\/p>\n<h2>Arbitragem da Partida<\/h2>\n<ul>\n<li><strong>\u00c1rbitro:<\/strong> Maguielson Lima Barbosa<\/li>\n<li><strong>Assistente 1:<\/strong> Lehi Sousa Silva<\/li>\n<li><strong>Assistente 2:<\/strong> Lucas Torquato Guerra<\/li>\n<li><strong>Quarto \u00c1rbitro:<\/strong> J\u00falio C\u00e9sar Pfleger<\/li>\n<li><strong>Analista de Campo:<\/strong> Cantucho Jo\u00e3o Set\u00fabal<\/li>\n<\/ul>\n<h2>P\u00fablico e Renda<\/h2>\n<p><strong>Ingressos vendidos:<\/strong> 1.233<br \/>\n<strong>Renda Ingressos:<\/strong> R$42.219,00<br \/>\n<strong>S\u00f3cios:<\/strong> 3.491<br \/>\n<strong>Renda S\u00f3cios:<\/strong> R$104.730,00<br \/>\n<strong>Crian\u00e7as:<\/strong> 192<br \/>\n<strong>N\u00e3o Pagantes:<\/strong> 175<br \/>\n<strong>P\u00fablico total:<\/strong> 5.091<br \/>\n<strong>Renda Total:<\/strong> R$146.949,00<\/p>\n<h2>Escala\u00e7\u00e3o do Ava\u00ed<\/h2>\n<ul>\n<li>L\u00e9o Arag\u00e3o<\/li>\n<li>Wallison<\/li>\n<li>Allyson<\/li>\n<li>Baldini<\/li>\n<li>Douglas Teixeira<\/li>\n<li>Luiz Henrique (Jamerson)<\/li>\n<li>Z\u00e9 Ricardo<\/li>\n<li>Daniel Penha (Cristiano)<\/li>\n<li>Jean Lucas (Paulo Vitor)<\/li>\n<li>Thayllon (Rafael Bilu)<\/li>\n<li>Felipe Avenatti (Walace)<\/li>\n<\/ul>\n<h2>T\u00e9cnico:<\/h2>\n<p>Cauan de Almeida<\/p>\n<h2>Escala\u00e7\u00e3o do Porto Vit\u00f3ria-ES<\/h2>\n<ul>\n<li>Rafael<\/li>\n<li>Kellyton<\/li>\n<li>Jo\u00e3o Victor<\/li>\n<li>Lucas Peres<\/li>\n<li>Thallyson<\/li>\n<li>Gama<\/li>\n<li>Henrique Melo (Matheus Santos)<\/li>\n<li>Renato Henrique (Adriano Bispo)<\/li>\n<li>Rian (Luiz Henrique)<\/li>\n<li>Pedro Felipe (Victor Rangel)<\/li>\n<li>Matheus Firmino (Josu\u00e9)<\/li>\n<\/ul>\n<h2>T\u00e9cnico:<\/h2>\n<p>Jo\u00e3o Burse<\/p>\n<h2>CART\u00d5ES AMARELOS<\/h2>\n<ul>\n<li><strong>Ava\u00ed:<\/strong> Jean Lucas<\/li>\n<li><strong>Porto Vit\u00f3ria-ES:<\/strong> Henrique Melo, Kellyton, Matheus Firmino<\/li>\n<\/ul>\n\n<div style=\"font-size: 0px; height: 0px; line-height: 0px; margin: 0; padding: 0; clear: both;\"><\/div>","protected":false},"excerpt":{"rendered":"<p>Ava\u00ed avan\u00e7a para a 3\u00aa fase da Copa do Brasil 2026 ap\u00f3s vencer o Porto Vit\u00f3ria-ES.<\/p>\n","protected":false},"author":1,"featured_media":1385,"comment_status":"open","ping_status":"closed","sticky":false,"template":"","format":"standard","meta":{"footnotes":""},"categories":[6],"tags":[],"class_list":["post-1386","post","type-post","status-publish","format-standard","has-post-thumbnail","hentry","category-noticias-em-vitoria","has_thumb"],"yoast_head":"<!-- This site is optimized with the Yoast SEO plugin v26.7 - https:\/\/yoast.com\/wordpress\/plugins\/seo\/ -->\n<title>Ava\u00ed vence o Porto Vit\u00f3ria - Encontra Vit\u00f3ria<\/title>\n<meta name=\"robots\" content=\"index, follow, max-snippet:-1, max-image-preview:large, max-video-preview:-1\" \/>\n<link rel=\"canonical\" href=\"https:\/\/www.encontravitoria.com.br\/sobre\/avai-vence-o-porto-vitoria\/\" \/>\n<meta property=\"og:locale\" content=\"pt_BR\" \/>\n<meta property=\"og:type\" content=\"article\" \/>\n<meta property=\"og:title\" content=\"Ava\u00ed vence o Porto Vit\u00f3ria - Encontra Vit\u00f3ria\" \/>\n<meta property=\"og:description\" content=\"Ava\u00ed avan\u00e7a para a 3\u00aa fase da Copa do Brasil 2026 ap\u00f3s vencer o Porto Vit\u00f3ria-ES.\" \/>\n<meta property=\"og:url\" content=\"https:\/\/www.encontravitoria.com.br\/sobre\/avai-vence-o-porto-vitoria\/\" \/>\n<meta property=\"og:site_name\" content=\"Encontra Vit\u00f3ria\" \/>\n<meta property=\"article:published_time\" content=\"2026-04-02T16:28:06+00:00\" \/>\n<meta property=\"og:image\" content=\"https:\/\/www.encontravitoria.com.br\/sobre\/wp-content\/uploads\/2026\/04\/avai-vence-o-porto-vitoria.webp\" \/>\n<meta name=\"author\" content=\"Encontra Vit\u00f3ria\" \/>\n<meta name=\"twitter:card\" content=\"summary_large_image\" \/>\n<meta name=\"twitter:label1\" content=\"Escrito por\" \/>\n\t<meta name=\"twitter:data1\" content=\"Encontra Vit\u00f3ria\" \/>\n\t<meta name=\"twitter:label2\" content=\"Est. tempo de leitura\" \/>\n\t<meta name=\"twitter:data2\" content=\"4 minutos\" \/>\n<script type=\"application\/ld+json\" class=\"yoast-schema-graph\">{\"@context\":\"https:\/\/schema.org\",\"@graph\":[{\"@type\":\"Article\",\"@id\":\"https:\/\/www.encontravitoria.com.br\/sobre\/avai-vence-o-porto-vitoria\/#article\",\"isPartOf\":{\"@id\":\"https:\/\/www.encontravitoria.com.br\/sobre\/avai-vence-o-porto-vitoria\/\"},\"author\":{\"name\":\"Encontra Vit\u00f3ria\",\"@id\":\"https:\/\/www.encontravitoria.com.br\/sobre\/#\/schema\/person\/0f8e5bcc88fbadf1bad57afd504f48a2\"},\"headline\":\"Ava\u00ed vence o Porto Vit\u00f3ria\",\"datePublished\":\"2026-04-02T16:28:06+00:00\",\"mainEntityOfPage\":{\"@id\":\"https:\/\/www.encontravitoria.com.br\/sobre\/avai-vence-o-porto-vitoria\/\"},\"wordCount\":874,\"commentCount\":0,\"image\":{\"@id\":\"https:\/\/www.encontravitoria.com.br\/sobre\/avai-vence-o-porto-vitoria\/#primaryimage\"},\"thumbnailUrl\":\"https:\/\/www.encontravitoria.com.br\/sobre\/wp-content\/uploads\/2026\/04\/avai-vence-o-porto-vitoria.webp\",\"articleSection\":[\"Not\u00edcias Vit\u00f3ria\"],\"inLanguage\":\"pt-BR\",\"potentialAction\":[{\"@type\":\"CommentAction\",\"name\":\"Comment\",\"target\":[\"https:\/\/www.encontravitoria.com.br\/sobre\/avai-vence-o-porto-vitoria\/#respond\"]}]},{\"@type\":\"WebPage\",\"@id\":\"https:\/\/www.encontravitoria.com.br\/sobre\/avai-vence-o-porto-vitoria\/\",\"url\":\"https:\/\/www.encontravitoria.com.br\/sobre\/avai-vence-o-porto-vitoria\/\",\"name\":\"Ava\u00ed vence o Porto Vit\u00f3ria - Encontra Vit\u00f3ria\",\"isPartOf\":{\"@id\":\"https:\/\/www.encontravitoria.com.br\/sobre\/#website\"},\"primaryImageOfPage\":{\"@id\":\"https:\/\/www.encontravitoria.com.br\/sobre\/avai-vence-o-porto-vitoria\/#primaryimage\"},\"image\":{\"@id\":\"https:\/\/www.encontravitoria.com.br\/sobre\/avai-vence-o-porto-vitoria\/#primaryimage\"},\"thumbnailUrl\":\"https:\/\/www.encontravitoria.com.br\/sobre\/wp-content\/uploads\/2026\/04\/avai-vence-o-porto-vitoria.webp\",\"datePublished\":\"2026-04-02T16:28:06+00:00\",\"author\":{\"@id\":\"https:\/\/www.encontravitoria.com.br\/sobre\/#\/schema\/person\/0f8e5bcc88fbadf1bad57afd504f48a2\"},\"breadcrumb\":{\"@id\":\"https:\/\/www.encontravitoria.com.br\/sobre\/avai-vence-o-porto-vitoria\/#breadcrumb\"},\"inLanguage\":\"pt-BR\",\"potentialAction\":[{\"@type\":\"ReadAction\",\"target\":[\"https:\/\/www.encontravitoria.com.br\/sobre\/avai-vence-o-porto-vitoria\/\"]}]},{\"@type\":\"ImageObject\",\"inLanguage\":\"pt-BR\",\"@id\":\"https:\/\/www.encontravitoria.com.br\/sobre\/avai-vence-o-porto-vitoria\/#primaryimage\",\"url\":\"https:\/\/www.encontravitoria.com.br\/sobre\/wp-content\/uploads\/2026\/04\/avai-vence-o-porto-vitoria.webp\",\"contentUrl\":\"https:\/\/www.encontravitoria.com.br\/sobre\/wp-content\/uploads\/2026\/04\/avai-vence-o-porto-vitoria.webp\",\"width\":280,\"height\":280,\"caption\":\"Ava\u00ed vence Porto Vit\u00f3ria-ES Copa do Brasil 2026\"},{\"@type\":\"BreadcrumbList\",\"@id\":\"https:\/\/www.encontravitoria.com.br\/sobre\/avai-vence-o-porto-vitoria\/#breadcrumb\",\"itemListElement\":[{\"@type\":\"ListItem\",\"position\":1,\"name\":\"In\u00edcio\",\"item\":\"https:\/\/www.encontravitoria.com.br\/sobre\/\"},{\"@type\":\"ListItem\",\"position\":2,\"name\":\"Ava\u00ed vence o Porto Vit\u00f3ria\"}]},{\"@type\":\"WebSite\",\"@id\":\"https:\/\/www.encontravitoria.com.br\/sobre\/#website\",\"url\":\"https:\/\/www.encontravitoria.com.br\/sobre\/\",\"name\":\"Encontra Vit\u00f3ria\",\"description\":\"Not\u00edcias, eventos, informa\u00e7\u00f5es e dicas na cidade Vit\u00f3ria e regi\u00e3o.\",\"potentialAction\":[{\"@type\":\"SearchAction\",\"target\":{\"@type\":\"EntryPoint\",\"urlTemplate\":\"https:\/\/www.encontravitoria.com.br\/sobre\/?s={search_term_string}\"},\"query-input\":{\"@type\":\"PropertyValueSpecification\",\"valueRequired\":true,\"valueName\":\"search_term_string\"}}],\"inLanguage\":\"pt-BR\"},{\"@type\":\"Person\",\"@id\":\"https:\/\/www.encontravitoria.com.br\/sobre\/#\/schema\/person\/0f8e5bcc88fbadf1bad57afd504f48a2\",\"name\":\"Encontra Vit\u00f3ria\",\"image\":{\"@type\":\"ImageObject\",\"inLanguage\":\"pt-BR\",\"@id\":\"https:\/\/www.encontravitoria.com.br\/sobre\/#\/schema\/person\/image\/\",\"url\":\"https:\/\/secure.gravatar.com\/avatar\/507340682b8270222e1f208e23198b6ae7e2c6a1033ae84e99bc6bce4f82a387?s=96&d=mm&r=g\",\"contentUrl\":\"https:\/\/secure.gravatar.com\/avatar\/507340682b8270222e1f208e23198b6ae7e2c6a1033ae84e99bc6bce4f82a387?s=96&d=mm&r=g\",\"caption\":\"Encontra Vit\u00f3ria\"},\"sameAs\":[\"http:\/\/www.encontravitoria.com.br\"],\"url\":\"https:\/\/www.encontravitoria.com.br\/sobre\/author\/evitoria\/\"}]}<\/script>\n<!-- \/ Yoast SEO plugin. -->","yoast_head_json":{"title":"Ava\u00ed vence o Porto Vit\u00f3ria - Encontra Vit\u00f3ria","robots":{"index":"index","follow":"follow","max-snippet":"max-snippet:-1","max-image-preview":"max-image-preview:large","max-video-preview":"max-video-preview:-1"},"canonical":"https:\/\/www.encontravitoria.com.br\/sobre\/avai-vence-o-porto-vitoria\/","og_locale":"pt_BR","og_type":"article","og_title":"Ava\u00ed vence o Porto Vit\u00f3ria - Encontra Vit\u00f3ria","og_description":"Ava\u00ed avan\u00e7a para a 3\u00aa fase da Copa do Brasil 2026 ap\u00f3s vencer o Porto Vit\u00f3ria-ES.","og_url":"https:\/\/www.encontravitoria.com.br\/sobre\/avai-vence-o-porto-vitoria\/","og_site_name":"Encontra Vit\u00f3ria","article_published_time":"2026-04-02T16:28:06+00:00","og_image":[{"url":"https:\/\/www.encontravitoria.com.br\/sobre\/wp-content\/uploads\/2026\/04\/avai-vence-o-porto-vitoria.webp","type":"","width":"","height":""}],"author":"Encontra Vit\u00f3ria","twitter_card":"summary_large_image","twitter_misc":{"Escrito por":"Encontra Vit\u00f3ria","Est. tempo de leitura":"4 minutos"},"schema":{"@context":"https:\/\/schema.org","@graph":[{"@type":"Article","@id":"https:\/\/www.encontravitoria.com.br\/sobre\/avai-vence-o-porto-vitoria\/#article","isPartOf":{"@id":"https:\/\/www.encontravitoria.com.br\/sobre\/avai-vence-o-porto-vitoria\/"},"author":{"name":"Encontra Vit\u00f3ria","@id":"https:\/\/www.encontravitoria.com.br\/sobre\/#\/schema\/person\/0f8e5bcc88fbadf1bad57afd504f48a2"},"headline":"Ava\u00ed vence o Porto Vit\u00f3ria","datePublished":"2026-04-02T16:28:06+00:00","mainEntityOfPage":{"@id":"https:\/\/www.encontravitoria.com.br\/sobre\/avai-vence-o-porto-vitoria\/"},"wordCount":874,"commentCount":0,"image":{"@id":"https:\/\/www.encontravitoria.com.br\/sobre\/avai-vence-o-porto-vitoria\/#primaryimage"},"thumbnailUrl":"https:\/\/www.encontravitoria.com.br\/sobre\/wp-content\/uploads\/2026\/04\/avai-vence-o-porto-vitoria.webp","articleSection":["Not\u00edcias Vit\u00f3ria"],"inLanguage":"pt-BR","potentialAction":[{"@type":"CommentAction","name":"Comment","target":["https:\/\/www.encontravitoria.com.br\/sobre\/avai-vence-o-porto-vitoria\/#respond"]}]},{"@type":"WebPage","@id":"https:\/\/www.encontravitoria.com.br\/sobre\/avai-vence-o-porto-vitoria\/","url":"https:\/\/www.encontravitoria.com.br\/sobre\/avai-vence-o-porto-vitoria\/","name":"Ava\u00ed vence o Porto Vit\u00f3ria - Encontra Vit\u00f3ria","isPartOf":{"@id":"https:\/\/www.encontravitoria.com.br\/sobre\/#website"},"primaryImageOfPage":{"@id":"https:\/\/www.encontravitoria.com.br\/sobre\/avai-vence-o-porto-vitoria\/#primaryimage"},"image":{"@id":"https:\/\/www.encontravitoria.com.br\/sobre\/avai-vence-o-porto-vitoria\/#primaryimage"},"thumbnailUrl":"https:\/\/www.encontravitoria.com.br\/sobre\/wp-content\/uploads\/2026\/04\/avai-vence-o-porto-vitoria.webp","datePublished":"2026-04-02T16:28:06+00:00","author":{"@id":"https:\/\/www.encontravitoria.com.br\/sobre\/#\/schema\/person\/0f8e5bcc88fbadf1bad57afd504f48a2"},"breadcrumb":{"@id":"https:\/\/www.encontravitoria.com.br\/sobre\/avai-vence-o-porto-vitoria\/#breadcrumb"},"inLanguage":"pt-BR","potentialAction":[{"@type":"ReadAction","target":["https:\/\/www.encontravitoria.com.br\/sobre\/avai-vence-o-porto-vitoria\/"]}]},{"@type":"ImageObject","inLanguage":"pt-BR","@id":"https:\/\/www.encontravitoria.com.br\/sobre\/avai-vence-o-porto-vitoria\/#primaryimage","url":"https:\/\/www.encontravitoria.com.br\/sobre\/wp-content\/uploads\/2026\/04\/avai-vence-o-porto-vitoria.webp","contentUrl":"https:\/\/www.encontravitoria.com.br\/sobre\/wp-content\/uploads\/2026\/04\/avai-vence-o-porto-vitoria.webp","width":280,"height":280,"caption":"Ava\u00ed vence Porto Vit\u00f3ria-ES Copa do Brasil 2026"},{"@type":"BreadcrumbList","@id":"https:\/\/www.encontravitoria.com.br\/sobre\/avai-vence-o-porto-vitoria\/#breadcrumb","itemListElement":[{"@type":"ListItem","position":1,"name":"In\u00edcio","item":"https:\/\/www.encontravitoria.com.br\/sobre\/"},{"@type":"ListItem","position":2,"name":"Ava\u00ed vence o Porto Vit\u00f3ria"}]},{"@type":"WebSite","@id":"https:\/\/www.encontravitoria.com.br\/sobre\/#website","url":"https:\/\/www.encontravitoria.com.br\/sobre\/","name":"Encontra Vit\u00f3ria","description":"Not\u00edcias, eventos, informa\u00e7\u00f5es e dicas na cidade Vit\u00f3ria e regi\u00e3o.","potentialAction":[{"@type":"SearchAction","target":{"@type":"EntryPoint","urlTemplate":"https:\/\/www.encontravitoria.com.br\/sobre\/?s={search_term_string}"},"query-input":{"@type":"PropertyValueSpecification","valueRequired":true,"valueName":"search_term_string"}}],"inLanguage":"pt-BR"},{"@type":"Person","@id":"https:\/\/www.encontravitoria.com.br\/sobre\/#\/schema\/person\/0f8e5bcc88fbadf1bad57afd504f48a2","name":"Encontra Vit\u00f3ria","image":{"@type":"ImageObject","inLanguage":"pt-BR","@id":"https:\/\/www.encontravitoria.com.br\/sobre\/#\/schema\/person\/image\/","url":"https:\/\/secure.gravatar.com\/avatar\/507340682b8270222e1f208e23198b6ae7e2c6a1033ae84e99bc6bce4f82a387?s=96&d=mm&r=g","contentUrl":"https:\/\/secure.gravatar.com\/avatar\/507340682b8270222e1f208e23198b6ae7e2c6a1033ae84e99bc6bce4f82a387?s=96&d=mm&r=g","caption":"Encontra Vit\u00f3ria"},"sameAs":["http:\/\/www.encontravitoria.com.br"],"url":"https:\/\/www.encontravitoria.com.br\/sobre\/author\/evitoria\/"}]}},"_links":{"self":[{"href":"https:\/\/www.encontravitoria.com.br\/sobre\/wp-json\/wp\/v2\/posts\/1386","targetHints":{"allow":["GET"]}}],"collection":[{"href":"https:\/\/www.encontravitoria.com.br\/sobre\/wp-json\/wp\/v2\/posts"}],"about":[{"href":"https:\/\/www.encontravitoria.com.br\/sobre\/wp-json\/wp\/v2\/types\/post"}],"author":[{"embeddable":true,"href":"https:\/\/www.encontravitoria.com.br\/sobre\/wp-json\/wp\/v2\/users\/1"}],"replies":[{"embeddable":true,"href":"https:\/\/www.encontravitoria.com.br\/sobre\/wp-json\/wp\/v2\/comments?post=1386"}],"version-history":[{"count":0,"href":"https:\/\/www.encontravitoria.com.br\/sobre\/wp-json\/wp\/v2\/posts\/1386\/revisions"}],"wp:featuredmedia":[{"embeddable":true,"href":"https:\/\/www.encontravitoria.com.br\/sobre\/wp-json\/wp\/v2\/media\/1385"}],"wp:attachment":[{"href":"https:\/\/www.encontravitoria.com.br\/sobre\/wp-json\/wp\/v2\/media?parent=1386"}],"wp:term":[{"taxonomy":"category","embeddable":true,"href":"https:\/\/www.encontravitoria.com.br\/sobre\/wp-json\/wp\/v2\/categories?post=1386"},{"taxonomy":"post_tag","embeddable":true,"href":"https:\/\/www.encontravitoria.com.br\/sobre\/wp-json\/wp\/v2\/tags?post=1386"}],"curies":[{"name":"wp","href":"https:\/\/api.w.org\/{rel}","templated":true}]}}