{"id":1450,"date":"2026-04-12T16:44:33","date_gmt":"2026-04-12T16:44:33","guid":{"rendered":"https:\/\/www.encontravitoria.com.br\/sobre\/festa-da-penha-2026-ultimos-dias-de-inscricao-para-participar-da-romaria-dos-ciclistas\/"},"modified":"2026-04-12T16:44:33","modified_gmt":"2026-04-12T16:44:33","slug":"festa-da-penha-2026-ultimos-dias-de-inscricao-para-participar-da-romaria-dos-ciclistas","status":"publish","type":"post","link":"https:\/\/www.encontravitoria.com.br\/sobre\/festa-da-penha-2026-ultimos-dias-de-inscricao-para-participar-da-romaria-dos-ciclistas\/","title":{"rendered":"Festa da Penha 2026: \u00faltimos dias de inscri\u00e7\u00e3o para participar da Romaria dos Ciclistas"},"content":{"rendered":"<div class=\"23ed37709e053b55400ee1990aeffe41\" data-index=\"1\" style=\"float: none; margin:0px;\">\n<!-- Anuncio display - global -->\r\n<ins class=\"adsbygoogle\"\r\n     style=\"display:block\"\r\n     data-ad-client=\"ca-pub-8585364105181520\"\r\n     data-ad-slot=\"8789329856\"\r\n     data-ad-format=\"auto\"\r\n     data-full-width-responsive=\"true\"><\/ins>\r\n<script>\r\n     (adsbygoogle = window.adsbygoogle || []).push({});\r\n<\/script>\n<\/div>\n<h2>A Data da Romaria dos Ciclistas 2026<\/h2>\n<p>A Romaria dos Ciclistas em 2026 ocorrer\u00e1 no dia 13 de abril, data que coincide com a celebra\u00e7\u00e3o da Padroeira do Esp\u00edrito Santo, Nossa Senhora da Penha. Esse evento \u00e9 muito aguardado, reunindo ciclistas de todas as partes da cidade para um momento de espiritualidade e devo\u00e7\u00e3o.<\/p>\n<h2>Como Realizar a Inscri\u00e7\u00e3o<\/h2>\n<p>Os interessados em participar devem se inscrever at\u00e9 o dia 8 de abril. O processo de inscri\u00e7\u00e3o \u00e9 feito online, atrav\u00e9s do link <a href=\"https:\/\/lets.events\/e\/ciclo-sesc-sesc-na-festa-da-penha\/\">inscreva-se aqui<\/a>. Para completar a inscri\u00e7\u00e3o, \u00e9 exigida uma doa\u00e7\u00e3o de 2 kg de alimentos, como arroz, feij\u00e3o, leite ou \u00f3leo, que ser\u00e3o enviados ao Banco de Alimentos Herbert de Souza e ao programa Sesc Mesa Brasil.<\/p>\n<h2>Hist\u00f3ria da Romaria dos Ciclistas<\/h2>\n<p>A Romaria dos Ciclistas come\u00e7ou como uma tradi\u00e7\u00e3o local, atraindo anualmente milhares de participantes que se re\u00fanem para celebrar, rezar e pedalar juntos. Este evento \u00e9 uma forma de expressar a f\u00e9 e a devo\u00e7\u00e3o \u00e0 Nossa Senhora da Penha, enquanto promove o ciclismo e a integra\u00e7\u00e3o entre os ciclistas da comunidade.<\/p>\n<h2>O Percurso da Romaria<\/h2>\n<p>O trajeto da Romaria dos Ciclistas \u00e9 cuidadosamente planejado e abrange importantes ruas e avenidas da cidade. A concentra\u00e7\u00e3o come\u00e7a na Catedral Metropolitana de Vit\u00f3ria, onde os ciclistas se re\u00fanem \u00e0s 6h30. O percurso inclui:<\/p>\n<ul>\n<li>Rua Dion\u00edsio Rosendo<\/li>\n<li>Pra\u00e7a Costa Pereira<\/li>\n<li>Rua Marcelino Duarte<\/li>\n<li>Avenida Marechal Mascarenhas de Moraes<\/li>\n<li>Avenida Nossa Senhora dos Navegantes<\/li>\n<li>Rua Cl\u00f3vis Machado<\/li>\n<li>Terceira Ponte<\/li>\n<li>Rua In\u00e1cio Higino<\/li>\n<li>Rua Ant\u00f4nio Ata\u00edde<\/li>\n<\/ul>\n<p>A chegada acontece no Parque da Prainha, completando um percurso de 10 km.<\/p>\n<h2>A Import\u00e2ncia da Devo\u00e7\u00e3o<\/h2>\n<p>Participar da Romaria dos Ciclistas \u00e9 mais do que um simples passeio; \u00e9 um ato de f\u00e9. Os participantes se re\u00fanem para homenagear Nossa Senhora da Penha, buscando b\u00ean\u00e7\u00e3os e expressando gratid\u00e3o. Durante o trajeto, s\u00e3o realizadas ora\u00e7\u00f5es e c\u00e2nticos que proporcionam uma experi\u00eancia espiritual significativa.<\/p>\n<h2>Doa\u00e7\u00f5es Necess\u00e1rias para Participar<\/h2>\n<p>Para garantir a inscri\u00e7\u00e3o, todos os ciclistas devem levar a doa\u00e7\u00e3o de 2 kg de alimentos n\u00e3o perec\u00edveis. Esses donativos s\u00e3o fundamentais para apoiar as comunidades em estado de vulnerabilidade e s\u00e3o fundamentais para as a\u00e7\u00f5es do Banco de Alimentos Herbert de Souza.<\/p>\n<h2>O Que Levar para o Evento<\/h2>\n<p>Al\u00e9m da doa\u00e7\u00e3o de alimentos, os participantes devem se preparar para a atividade. \u00c9 recomendado levar:<\/p>\n<ul>\n<li>Equipamento de seguran\u00e7a: capacete, joelheiras e cotoveleiras.<\/li>\n<li>\u00c1gua: para manter a hidrata\u00e7\u00e3o durante o percurso.<\/li>\n<li>Speak bump: para facilitar a comunica\u00e7\u00e3o.<\/li>\n<li>Energ\u00e9ticos ou lanches leves: para manter a energia ao longo do caminho.<\/li>\n<li>Roupas adequadas para ciclismo: conforto \u00e9 fundamental.<\/li>\n<\/ul>\n<h2>Momentos e Emo\u00e7\u00f5es da Romaria<\/h2>\n<p>A Romaria dos Ciclistas \u00e9 repleta de emo\u00e7\u00e3o, com momentos que tocam o cora\u00e7\u00e3o dos participantes. Desde a concentra\u00e7\u00e3o na Catedral Metropolitana at\u00e9 a chegada no Parque da Prainha, a uni\u00e3o entre os ciclistas traz um clima de amizade e espiritualidade. Cada pedalada \u00e9 uma oportunidade de reflex\u00e3o e agradecimento.<\/p>\n<h2>Depoimentos de Participantes Anteriores<\/h2>\n<p>Os relatos dos ciclistas que j\u00e1 participaram da Romaria s\u00e3o inspiradores:<\/p>\n<ul>\n<li>&#8220;Participar da Romaria \u00e9 uma experi\u00eancia \u00fanica. O sentimento de uni\u00e3o e f\u00e9 \u00e9 contagiante!&#8221; &#8211; Joana, 32 anos.<\/li>\n<li>&#8220;A cada pedalada, sinto que estou mais pr\u00f3ximo de Deus e da minha comunidade.&#8221; &#8211; Carlos, 25 anos.<\/li>\n<li>&#8220;\u00c9 um dia de celebra\u00e7\u00e3o e gratid\u00e3o. Ver tantas pessoas unidas pela mesma causa \u00e9 emocionante!&#8221; &#8211; Ana, 29 anos.<\/li>\n<\/ul>\n<h2>Sugest\u00f5es de Ciclistas para o Evento<\/h2>\n<p>Para tornar a experi\u00eancia ainda mais proveitosa, alguns ciclistas experientes deixaram dicas:<\/p>\n<ul>\n<li>&#8220;Chegue cedo para garantir um bom lugar na concentra\u00e7\u00e3o e aproveite para se aquecer.&#8221; &#8211; Lucas, 30 anos.<\/li>\n<li>&#8220;Certifique-se de que sua bicicleta esteja em boas condi\u00e7\u00f5es antes do evento.&#8221; &#8211; Fernanda, 27 anos.<\/li>\n<li>&#8220;N\u00e3o esque\u00e7a de levar protetor solar, especialmente se for um dia ensolarado.&#8221; &#8211; Bruno, 28 anos.<\/li>\n<\/ul>\n\n<div style=\"font-size: 0px; height: 0px; line-height: 0px; margin: 0; padding: 0; clear: both;\"><\/div>","protected":false},"excerpt":{"rendered":"<p>Festa da Penha 2026: \u00daltimos dias para garantir sua inscri\u00e7\u00e3o na Romaria dos Ciclistas!<\/p>\n","protected":false},"author":1,"featured_media":0,"comment_status":"open","ping_status":"closed","sticky":false,"template":"","format":"standard","meta":{"footnotes":""},"categories":[9],"tags":[],"class_list":["post-1450","post","type-post","status-publish","format-standard","hentry","category-shows-em-vitoria"],"yoast_head":"<!-- This site is optimized with the Yoast SEO plugin v28.2 - https:\/\/yoast.com\/product\/yoast-seo-wordpress\/ -->\n<title>Festa da Penha 2026: \u00faltimos dias de inscri\u00e7\u00e3o para participar da Romaria dos Ciclistas - Encontra Vit\u00f3ria<\/title>\n<meta name=\"robots\" content=\"index, follow, max-snippet:-1, max-image-preview:large, max-video-preview:-1\" \/>\n<link rel=\"canonical\" href=\"https:\/\/www.encontravitoria.com.br\/sobre\/festa-da-penha-2026-ultimos-dias-de-inscricao-para-participar-da-romaria-dos-ciclistas\/\" \/>\n<meta property=\"og:locale\" content=\"pt_BR\" \/>\n<meta property=\"og:type\" content=\"article\" \/>\n<meta property=\"og:title\" content=\"Festa da Penha 2026: \u00faltimos dias de inscri\u00e7\u00e3o para participar da Romaria dos Ciclistas - Encontra Vit\u00f3ria\" \/>\n<meta property=\"og:description\" content=\"Festa da Penha 2026: \u00daltimos dias para garantir sua inscri\u00e7\u00e3o na Romaria dos Ciclistas!\" \/>\n<meta property=\"og:url\" content=\"https:\/\/www.encontravitoria.com.br\/sobre\/festa-da-penha-2026-ultimos-dias-de-inscricao-para-participar-da-romaria-dos-ciclistas\/\" \/>\n<meta property=\"og:site_name\" content=\"Encontra Vit\u00f3ria\" \/>\n<meta property=\"article:published_time\" content=\"2026-04-12T16:44:33+00:00\" \/>\n<meta name=\"author\" content=\"Encontra Vit\u00f3ria\" \/>\n<meta name=\"twitter:card\" content=\"summary_large_image\" \/>\n<meta name=\"twitter:label1\" content=\"Escrito por\" \/>\n\t<meta name=\"twitter:data1\" content=\"Encontra Vit\u00f3ria\" \/>\n\t<meta name=\"twitter:label2\" content=\"Est. tempo de leitura\" \/>\n\t<meta name=\"twitter:data2\" content=\"3 minutos\" \/>\n<script type=\"application\/ld+json\" class=\"yoast-schema-graph\">{\"@context\":\"https:\\\/\\\/schema.org\",\"@graph\":[{\"@type\":\"Article\",\"@id\":\"https:\\\/\\\/www.encontravitoria.com.br\\\/sobre\\\/festa-da-penha-2026-ultimos-dias-de-inscricao-para-participar-da-romaria-dos-ciclistas\\\/#article\",\"isPartOf\":{\"@id\":\"https:\\\/\\\/www.encontravitoria.com.br\\\/sobre\\\/festa-da-penha-2026-ultimos-dias-de-inscricao-para-participar-da-romaria-dos-ciclistas\\\/\"},\"author\":{\"name\":\"Encontra Vit\u00f3ria\",\"@id\":\"https:\\\/\\\/www.encontravitoria.com.br\\\/sobre\\\/#\\\/schema\\\/person\\\/0f8e5bcc88fbadf1bad57afd504f48a2\"},\"headline\":\"Festa da Penha 2026: \u00faltimos dias de inscri\u00e7\u00e3o para participar da Romaria dos Ciclistas\",\"datePublished\":\"2026-04-12T16:44:33+00:00\",\"mainEntityOfPage\":{\"@id\":\"https:\\\/\\\/www.encontravitoria.com.br\\\/sobre\\\/festa-da-penha-2026-ultimos-dias-de-inscricao-para-participar-da-romaria-dos-ciclistas\\\/\"},\"wordCount\":665,\"commentCount\":0,\"articleSection\":[\"Shows Vit\u00f3ria\"],\"inLanguage\":\"pt-BR\",\"potentialAction\":[{\"@type\":\"CommentAction\",\"name\":\"Comment\",\"target\":[\"https:\\\/\\\/www.encontravitoria.com.br\\\/sobre\\\/festa-da-penha-2026-ultimos-dias-de-inscricao-para-participar-da-romaria-dos-ciclistas\\\/#respond\"]}]},{\"@type\":\"WebPage\",\"@id\":\"https:\\\/\\\/www.encontravitoria.com.br\\\/sobre\\\/festa-da-penha-2026-ultimos-dias-de-inscricao-para-participar-da-romaria-dos-ciclistas\\\/\",\"url\":\"https:\\\/\\\/www.encontravitoria.com.br\\\/sobre\\\/festa-da-penha-2026-ultimos-dias-de-inscricao-para-participar-da-romaria-dos-ciclistas\\\/\",\"name\":\"Festa da Penha 2026: \u00faltimos dias de inscri\u00e7\u00e3o para participar da Romaria dos Ciclistas - Encontra Vit\u00f3ria\",\"isPartOf\":{\"@id\":\"https:\\\/\\\/www.encontravitoria.com.br\\\/sobre\\\/#website\"},\"datePublished\":\"2026-04-12T16:44:33+00:00\",\"author\":{\"@id\":\"https:\\\/\\\/www.encontravitoria.com.br\\\/sobre\\\/#\\\/schema\\\/person\\\/0f8e5bcc88fbadf1bad57afd504f48a2\"},\"breadcrumb\":{\"@id\":\"https:\\\/\\\/www.encontravitoria.com.br\\\/sobre\\\/festa-da-penha-2026-ultimos-dias-de-inscricao-para-participar-da-romaria-dos-ciclistas\\\/#breadcrumb\"},\"inLanguage\":\"pt-BR\",\"potentialAction\":[{\"@type\":\"ReadAction\",\"target\":[\"https:\\\/\\\/www.encontravitoria.com.br\\\/sobre\\\/festa-da-penha-2026-ultimos-dias-de-inscricao-para-participar-da-romaria-dos-ciclistas\\\/\"]}]},{\"@type\":\"BreadcrumbList\",\"@id\":\"https:\\\/\\\/www.encontravitoria.com.br\\\/sobre\\\/festa-da-penha-2026-ultimos-dias-de-inscricao-para-participar-da-romaria-dos-ciclistas\\\/#breadcrumb\",\"itemListElement\":[{\"@type\":\"ListItem\",\"position\":1,\"name\":\"In\u00edcio\",\"item\":\"https:\\\/\\\/www.encontravitoria.com.br\\\/sobre\\\/\"},{\"@type\":\"ListItem\",\"position\":2,\"name\":\"Festa da Penha 2026: \u00faltimos dias de inscri\u00e7\u00e3o para participar da Romaria dos Ciclistas\"}]},{\"@type\":\"WebSite\",\"@id\":\"https:\\\/\\\/www.encontravitoria.com.br\\\/sobre\\\/#website\",\"url\":\"https:\\\/\\\/www.encontravitoria.com.br\\\/sobre\\\/\",\"name\":\"Encontra Vit\u00f3ria\",\"description\":\"Not\u00edcias, eventos, informa\u00e7\u00f5es e dicas na cidade Vit\u00f3ria e regi\u00e3o.\",\"potentialAction\":[{\"@type\":\"SearchAction\",\"target\":{\"@type\":\"EntryPoint\",\"urlTemplate\":\"https:\\\/\\\/www.encontravitoria.com.br\\\/sobre\\\/?s={search_term_string}\"},\"query-input\":{\"@type\":\"PropertyValueSpecification\",\"valueRequired\":true,\"valueName\":\"search_term_string\"}}],\"inLanguage\":\"pt-BR\"},{\"@type\":\"Person\",\"@id\":\"https:\\\/\\\/www.encontravitoria.com.br\\\/sobre\\\/#\\\/schema\\\/person\\\/0f8e5bcc88fbadf1bad57afd504f48a2\",\"name\":\"Encontra Vit\u00f3ria\",\"image\":{\"@type\":\"ImageObject\",\"inLanguage\":\"pt-BR\",\"@id\":\"https:\\\/\\\/secure.gravatar.com\\\/avatar\\\/507340682b8270222e1f208e23198b6ae7e2c6a1033ae84e99bc6bce4f82a387?s=96&d=mm&r=g\",\"url\":\"https:\\\/\\\/secure.gravatar.com\\\/avatar\\\/507340682b8270222e1f208e23198b6ae7e2c6a1033ae84e99bc6bce4f82a387?s=96&d=mm&r=g\",\"contentUrl\":\"https:\\\/\\\/secure.gravatar.com\\\/avatar\\\/507340682b8270222e1f208e23198b6ae7e2c6a1033ae84e99bc6bce4f82a387?s=96&d=mm&r=g\",\"caption\":\"Encontra Vit\u00f3ria\"},\"sameAs\":[\"http:\\\/\\\/www.encontravitoria.com.br\"],\"url\":\"https:\\\/\\\/www.encontravitoria.com.br\\\/sobre\\\/author\\\/evitoria\\\/\"}]}<\/script>\n<!-- \/ Yoast SEO plugin. -->","yoast_head_json":{"title":"Festa da Penha 2026: \u00faltimos dias de inscri\u00e7\u00e3o para participar da Romaria dos Ciclistas - Encontra Vit\u00f3ria","robots":{"index":"index","follow":"follow","max-snippet":"max-snippet:-1","max-image-preview":"max-image-preview:large","max-video-preview":"max-video-preview:-1"},"canonical":"https:\/\/www.encontravitoria.com.br\/sobre\/festa-da-penha-2026-ultimos-dias-de-inscricao-para-participar-da-romaria-dos-ciclistas\/","og_locale":"pt_BR","og_type":"article","og_title":"Festa da Penha 2026: \u00faltimos dias de inscri\u00e7\u00e3o para participar da Romaria dos Ciclistas - Encontra Vit\u00f3ria","og_description":"Festa da Penha 2026: \u00daltimos dias para garantir sua inscri\u00e7\u00e3o na Romaria dos Ciclistas!","og_url":"https:\/\/www.encontravitoria.com.br\/sobre\/festa-da-penha-2026-ultimos-dias-de-inscricao-para-participar-da-romaria-dos-ciclistas\/","og_site_name":"Encontra Vit\u00f3ria","article_published_time":"2026-04-12T16:44:33+00:00","author":"Encontra Vit\u00f3ria","twitter_card":"summary_large_image","twitter_misc":{"Escrito por":"Encontra Vit\u00f3ria","Est. tempo de leitura":"3 minutos"},"schema":{"@context":"https:\/\/schema.org","@graph":[{"@type":"Article","@id":"https:\/\/www.encontravitoria.com.br\/sobre\/festa-da-penha-2026-ultimos-dias-de-inscricao-para-participar-da-romaria-dos-ciclistas\/#article","isPartOf":{"@id":"https:\/\/www.encontravitoria.com.br\/sobre\/festa-da-penha-2026-ultimos-dias-de-inscricao-para-participar-da-romaria-dos-ciclistas\/"},"author":{"name":"Encontra Vit\u00f3ria","@id":"https:\/\/www.encontravitoria.com.br\/sobre\/#\/schema\/person\/0f8e5bcc88fbadf1bad57afd504f48a2"},"headline":"Festa da Penha 2026: \u00faltimos dias de inscri\u00e7\u00e3o para participar da Romaria dos Ciclistas","datePublished":"2026-04-12T16:44:33+00:00","mainEntityOfPage":{"@id":"https:\/\/www.encontravitoria.com.br\/sobre\/festa-da-penha-2026-ultimos-dias-de-inscricao-para-participar-da-romaria-dos-ciclistas\/"},"wordCount":665,"commentCount":0,"articleSection":["Shows Vit\u00f3ria"],"inLanguage":"pt-BR","potentialAction":[{"@type":"CommentAction","name":"Comment","target":["https:\/\/www.encontravitoria.com.br\/sobre\/festa-da-penha-2026-ultimos-dias-de-inscricao-para-participar-da-romaria-dos-ciclistas\/#respond"]}]},{"@type":"WebPage","@id":"https:\/\/www.encontravitoria.com.br\/sobre\/festa-da-penha-2026-ultimos-dias-de-inscricao-para-participar-da-romaria-dos-ciclistas\/","url":"https:\/\/www.encontravitoria.com.br\/sobre\/festa-da-penha-2026-ultimos-dias-de-inscricao-para-participar-da-romaria-dos-ciclistas\/","name":"Festa da Penha 2026: \u00faltimos dias de inscri\u00e7\u00e3o para participar da Romaria dos Ciclistas - Encontra Vit\u00f3ria","isPartOf":{"@id":"https:\/\/www.encontravitoria.com.br\/sobre\/#website"},"datePublished":"2026-04-12T16:44:33+00:00","author":{"@id":"https:\/\/www.encontravitoria.com.br\/sobre\/#\/schema\/person\/0f8e5bcc88fbadf1bad57afd504f48a2"},"breadcrumb":{"@id":"https:\/\/www.encontravitoria.com.br\/sobre\/festa-da-penha-2026-ultimos-dias-de-inscricao-para-participar-da-romaria-dos-ciclistas\/#breadcrumb"},"inLanguage":"pt-BR","potentialAction":[{"@type":"ReadAction","target":["https:\/\/www.encontravitoria.com.br\/sobre\/festa-da-penha-2026-ultimos-dias-de-inscricao-para-participar-da-romaria-dos-ciclistas\/"]}]},{"@type":"BreadcrumbList","@id":"https:\/\/www.encontravitoria.com.br\/sobre\/festa-da-penha-2026-ultimos-dias-de-inscricao-para-participar-da-romaria-dos-ciclistas\/#breadcrumb","itemListElement":[{"@type":"ListItem","position":1,"name":"In\u00edcio","item":"https:\/\/www.encontravitoria.com.br\/sobre\/"},{"@type":"ListItem","position":2,"name":"Festa da Penha 2026: \u00faltimos dias de inscri\u00e7\u00e3o para participar da Romaria dos Ciclistas"}]},{"@type":"WebSite","@id":"https:\/\/www.encontravitoria.com.br\/sobre\/#website","url":"https:\/\/www.encontravitoria.com.br\/sobre\/","name":"Encontra Vit\u00f3ria","description":"Not\u00edcias, eventos, informa\u00e7\u00f5es e dicas na cidade Vit\u00f3ria e regi\u00e3o.","potentialAction":[{"@type":"SearchAction","target":{"@type":"EntryPoint","urlTemplate":"https:\/\/www.encontravitoria.com.br\/sobre\/?s={search_term_string}"},"query-input":{"@type":"PropertyValueSpecification","valueRequired":true,"valueName":"search_term_string"}}],"inLanguage":"pt-BR"},{"@type":"Person","@id":"https:\/\/www.encontravitoria.com.br\/sobre\/#\/schema\/person\/0f8e5bcc88fbadf1bad57afd504f48a2","name":"Encontra Vit\u00f3ria","image":{"@type":"ImageObject","inLanguage":"pt-BR","@id":"https:\/\/secure.gravatar.com\/avatar\/507340682b8270222e1f208e23198b6ae7e2c6a1033ae84e99bc6bce4f82a387?s=96&d=mm&r=g","url":"https:\/\/secure.gravatar.com\/avatar\/507340682b8270222e1f208e23198b6ae7e2c6a1033ae84e99bc6bce4f82a387?s=96&d=mm&r=g","contentUrl":"https:\/\/secure.gravatar.com\/avatar\/507340682b8270222e1f208e23198b6ae7e2c6a1033ae84e99bc6bce4f82a387?s=96&d=mm&r=g","caption":"Encontra Vit\u00f3ria"},"sameAs":["http:\/\/www.encontravitoria.com.br"],"url":"https:\/\/www.encontravitoria.com.br\/sobre\/author\/evitoria\/"}]}},"_links":{"self":[{"href":"https:\/\/www.encontravitoria.com.br\/sobre\/wp-json\/wp\/v2\/posts\/1450","targetHints":{"allow":["GET"]}}],"collection":[{"href":"https:\/\/www.encontravitoria.com.br\/sobre\/wp-json\/wp\/v2\/posts"}],"about":[{"href":"https:\/\/www.encontravitoria.com.br\/sobre\/wp-json\/wp\/v2\/types\/post"}],"author":[{"embeddable":true,"href":"https:\/\/www.encontravitoria.com.br\/sobre\/wp-json\/wp\/v2\/users\/1"}],"replies":[{"embeddable":true,"href":"https:\/\/www.encontravitoria.com.br\/sobre\/wp-json\/wp\/v2\/comments?post=1450"}],"version-history":[{"count":0,"href":"https:\/\/www.encontravitoria.com.br\/sobre\/wp-json\/wp\/v2\/posts\/1450\/revisions"}],"wp:attachment":[{"href":"https:\/\/www.encontravitoria.com.br\/sobre\/wp-json\/wp\/v2\/media?parent=1450"}],"wp:term":[{"taxonomy":"category","embeddable":true,"href":"https:\/\/www.encontravitoria.com.br\/sobre\/wp-json\/wp\/v2\/categories?post=1450"},{"taxonomy":"post_tag","embeddable":true,"href":"https:\/\/www.encontravitoria.com.br\/sobre\/wp-json\/wp\/v2\/tags?post=1450"}],"curies":[{"name":"wp","href":"https:\/\/api.w.org\/{rel}","templated":true}]}}