{"id":1523,"date":"2026-04-26T16:30:52","date_gmt":"2026-04-26T16:30:52","guid":{"rendered":"https:\/\/www.encontravitoria.com.br\/sobre\/rua-da-lama-recebe-nova-edicao-da-feira-de-antiguidades-neste-sabado-4\/"},"modified":"2026-04-26T16:30:52","modified_gmt":"2026-04-26T16:30:52","slug":"rua-da-lama-recebe-nova-edicao-da-feira-de-antiguidades-neste-sabado-4","status":"publish","type":"post","link":"https:\/\/www.encontravitoria.com.br\/sobre\/rua-da-lama-recebe-nova-edicao-da-feira-de-antiguidades-neste-sabado-4\/","title":{"rendered":"Rua da Lama recebe nova edi\u00e7\u00e3o da Feira de Antiguidades neste s\u00e1bado (4)"},"content":{"rendered":"<div class=\"23ed37709e053b55400ee1990aeffe41\" data-index=\"1\" style=\"float: none; margin:0px;\">\n<!-- Anuncio display - global -->\r\n<ins class=\"adsbygoogle\"\r\n     style=\"display:block\"\r\n     data-ad-client=\"ca-pub-8585364105181520\"\r\n     data-ad-slot=\"8789329856\"\r\n     data-ad-format=\"auto\"\r\n     data-full-width-responsive=\"true\"><\/ins>\r\n<script>\r\n     (adsbygoogle = window.adsbygoogle || []).push({});\r\n<\/script>\n<\/div>\n<h2>Causas Comuns do Erro de Conex\u00e3o<\/h2>\n<p>Um erro de conex\u00e3o pode ocorrer por diversas raz\u00f5es. Entre as causas mais frequentes est\u00e3o:<\/p>\n<ul>\n<li><strong>Problemas com a rede:<\/strong> Conex\u00f5es inst\u00e1veis ou interrup\u00e7\u00f5es podem causar a perda de comunica\u00e7\u00e3o com o servidor.<\/li>\n<li><strong>Configura\u00e7\u00f5es inadequadas:<\/strong> Defini\u00e7\u00f5es de proxy ou firewall que bloqueiam acessos tamb\u00e9m podem ser respons\u00e1veis.<\/li>\n<li><strong>Equipamentos danificados:<\/strong> Roteadores, modens ou cabos quebrados podem impedir a conectividade.<\/li>\n<li><strong>Situa\u00e7\u00f5es de congestionamento:<\/strong> Uma rede saturada pode levar a quedas moment\u00e2neas da conex\u00e3o.<\/li>\n<\/ul>\n<h2>Como Reiniciar Seu Roteador Corretamente<\/h2>\n<p>Reiniciar seu roteador pode resolver muitos problemas de conex\u00e3o. Aqui est\u00e3o os passos para faz\u00ea-lo de forma eficiente:<\/p>\n<ol>\n<li><strong>Desconex\u00e3o:<\/strong> Retire o cabo da energia do roteador, aguarde cerca de 30 segundos.<\/li>\n<li><strong>Reconex\u00e3o:<\/strong> Conecte o cabo novamente e aguarde o roteador reiniciar completamente.<\/li>\n<li><strong>Verifica\u00e7\u00e3o da Conex\u00e3o:<\/strong> Ap\u00f3s reiniciar, teste a conex\u00e3o em um dispositivo conectado.<\/li>\n<\/ol>\n<h2>Verificando as Configura\u00e7\u00f5es do Proxy<\/h2>\n<p>As configura\u00e7\u00f5es de proxy podem afetar a sua conex\u00e3o. Para verificar se est\u00e3o corretas, siga estes passos no Google Chrome:<\/p>\n<p><img decoding=\"async\" src=\"https:\/\/www.encontravitoria.com.br\/sobre\/wp-content\/uploads\/2026\/04\/rua-da-lama-recebe-nova-edicao-da-feira-de-antiguidades-neste-sabado-4.webp\" alt=\"erro de conex\u00e3o\" loading=\"lazy\" \/><\/p>\n<ol>\n<li><strong>Acesse o Menu:<\/strong> Clique nos tr\u00eas pontos no canto superior direito.<\/li>\n<li><strong>Configura\u00e7\u00f5es:<\/strong> Escolha a op\u00e7\u00e3o &#8216;Configura\u00e7\u00f5es&#8217;.<\/li>\n<li><strong>Sistema:<\/strong> V\u00e1 at\u00e9 a se\u00e7\u00e3o &#8216;Sistema&#8217; e clique em &#8216;Abrir configura\u00e7\u00f5es de proxy no computador&#8217;.<\/li>\n<li><strong>Verifica\u00e7\u00e3o de Proxy:<\/strong> Assegure que a configura\u00e7\u00e3o esteja em &#8220;sem proxy&#8221; ou &#8220;direto&#8221;.<\/li>\n<\/ol>\n<h2>Ajustando o Firewall e as Configura\u00e7\u00f5es de Antivirus<\/h2>\n<p>Seu firewall ou software de antiv\u00edrus pode estar bloqueando a conex\u00e3o. Para ajustar isso:<\/p>\n<ul>\n<li><strong>Abre seu software de seguran\u00e7a:<\/strong> Localize as configura\u00e7\u00f5es de firewall.<\/li>\n<li><strong>Permiss\u00f5es de Aplicativos:<\/strong> Verifique se o Chrome est\u00e1 liberado para acessar a internet.<\/li>\n<li><strong>Reconfigure:<\/strong> Se necess\u00e1rio, remova o Chrome da lista de permiss\u00f5es e adicione-o novamente.<\/li>\n<\/ul>\n<h2>Dicas para Checar a Conex\u00e3o com a Internet<\/h2>\n<p>Assegure que sua conex\u00e3o com a internet esteja funcionando adequadamente:<\/p>\n<ul>\n<li><strong>Testes de Velocidade:<\/strong> Utilize um site de teste de velocidade para checar a performance da internet.<\/li>\n<li><strong>Cabo de Rede:<\/strong> Se estiver usando uma conex\u00e3o via cabo, verifique se o cabo est\u00e1 conectado corretamente em ambas as extremidades.<\/li>\n<li><strong>Redefini\u00e7\u00e3o de Adaptador:<\/strong> \u00c0s vezes, redefinir o adaptador de rede pode fazer a diferen\u00e7a.<\/li>\n<\/ul>\n<h2>Restaura\u00e7\u00e3o das Configura\u00e7\u00f5es de Rede<\/h2>\n<p>Restaurar as configura\u00e7\u00f5es de rede pode corrigir problemas persistentes. Fa\u00e7a-o seguindo:<\/p>\n<ol>\n<li><strong>Acesse o Prompt de Comando:<\/strong> Digite &#8220;cmd&#8221; na barra de pesquisa e selecione &#8220;Executar como administrador&#8221;.<\/li>\n<li><strong>Comandos de Redefini\u00e7\u00e3o:<\/strong> Digite &#8216;netsh int ip reset&#8217; e pressione Enter. Repita para &#8216;netsh winsock reset&#8217;.<\/li>\n<li><strong>Reinicie o Computador:<\/strong> Depois de executar os comandos, reinicie seu PC.<\/li>\n<\/ol>\n<h2>Reinstalando Drivers de Rede<\/h2>\n<p>Drivers de rede desatualizados ou corrompidos podem causar falhas de conex\u00e3o. Para reinstal\u00e1-los:<\/p>\n<ol>\n<li><strong>Abra o Gerenciador de Dispositivos:<\/strong> Clique com o bot\u00e3o direito em &#8216;Iniciar&#8217; e selecione &#8216;Gerenciador de Dispositivos&#8217;.<\/li>\n<li><strong>Adaptadores de Rede:<\/strong> Expanda essa se\u00e7\u00e3o, clique com o bot\u00e3o direito no adaptador de rede e escolha &#8216;Desinstalar dispositivo&#8217;.<\/li>\n<li><strong>Reinstala\u00e7\u00e3o:<\/strong> Reinicie o computador, o Windows ir\u00e1 reinstalar automaticamente o driver do adaptador.<\/li>\n<\/ol>\n<h2>Usando o Prompt de Comando para Solu\u00e7\u00f5es R\u00e1pidas<\/h2>\n<p>O Prompt de Comando pode ser um aliado na resolu\u00e7\u00e3o de falhas de conectividade. Alguns comandos \u00fateis incluem:<\/p>\n<ul>\n<li><strong>ping:<\/strong> Verifique a conex\u00e3o com um site espec\u00edfico, como &#8216;ping google.com&#8217;.<\/li>\n<li><strong>ipconfig:<\/strong> Revele informa\u00e7\u00f5es de configura\u00e7\u00e3o de IP. Use &#8216;ipconfig \/all&#8217; para detalhes completos.<\/li>\n<li><strong>tracert:<\/strong> Acompanhe a rota dos pacotes at\u00e9 um destino, como &#8216;tracert google.com&#8217;.<\/li>\n<\/ul>\n<h2>Alternativas de Navegador para Testar<\/h2>\n<p>Se o problema persistir, experimente usar outro navegador para identificar se o erro est\u00e1 nele:<\/p>\n<ul>\n<li><strong>Mozilla Firefox:<\/strong> Um navegador popular, tamb\u00e9m conhecido por sua velocidade e seguran\u00e7a.<\/li>\n<li><strong>Microsoft Edge:<\/strong> O navegador padr\u00e3o do Windows, com v\u00e1rias funcionalidades integradas.<\/li>\n<li><strong>Opera:<\/strong> Um navegador menos comum, mas com boas op\u00e7\u00f5es de velocidade e privacidade.<\/li>\n<\/ul>\n<h2>Quando Pedir Ajuda Profissional?<\/h2>\n<p>Se ap\u00f3s todas as tentativas o problema ainda n\u00e3o for resolvido, pode ser hora de buscar ajuda externa:<\/p>\n<ul>\n<li><strong>Suporte T\u00e9cnico:<\/strong> Especialistas podem diagnosticar problemas que um leigo pode n\u00e3o notar.<\/li>\n<li><strong>Provedor de Internet:<\/strong> Entre em contato com sua operadora caso perceba problemas generalizados.<\/li>\n<li><strong>T\u00e9cnicos de Inform\u00e1tica:<\/strong> Profissionais podem oferecer solu\u00e7\u00f5es personalizadas para hardware e software.<\/li>\n<\/ul>\n\n<div style=\"font-size: 0px; height: 0px; line-height: 0px; margin: 0; padding: 0; clear: both;\"><\/div>","protected":false},"excerpt":{"rendered":"<p>Erro de conex\u00e3o? Aprenda a resolver problemas de acesso \u00e0 internet agora mesmo.<\/p>\n","protected":false},"author":1,"featured_media":1522,"comment_status":"open","ping_status":"closed","sticky":false,"template":"","format":"standard","meta":{"footnotes":""},"categories":[6],"tags":[],"class_list":["post-1523","post","type-post","status-publish","format-standard","has-post-thumbnail","hentry","category-noticias-em-vitoria","has_thumb"],"yoast_head":"<!-- This site is optimized with the Yoast SEO plugin v26.7 - https:\/\/yoast.com\/wordpress\/plugins\/seo\/ -->\n<title>Rua da Lama recebe nova edi\u00e7\u00e3o da Feira de Antiguidades neste s\u00e1bado (4) - Encontra Vit\u00f3ria<\/title>\n<meta name=\"robots\" content=\"index, follow, max-snippet:-1, max-image-preview:large, max-video-preview:-1\" \/>\n<link rel=\"canonical\" href=\"https:\/\/www.encontravitoria.com.br\/sobre\/rua-da-lama-recebe-nova-edicao-da-feira-de-antiguidades-neste-sabado-4\/\" \/>\n<meta property=\"og:locale\" content=\"pt_BR\" \/>\n<meta property=\"og:type\" content=\"article\" \/>\n<meta property=\"og:title\" content=\"Rua da Lama recebe nova edi\u00e7\u00e3o da Feira de Antiguidades neste s\u00e1bado (4) - Encontra Vit\u00f3ria\" \/>\n<meta property=\"og:description\" content=\"Erro de conex\u00e3o? Aprenda a resolver problemas de acesso \u00e0 internet agora mesmo.\" \/>\n<meta property=\"og:url\" content=\"https:\/\/www.encontravitoria.com.br\/sobre\/rua-da-lama-recebe-nova-edicao-da-feira-de-antiguidades-neste-sabado-4\/\" \/>\n<meta property=\"og:site_name\" content=\"Encontra Vit\u00f3ria\" \/>\n<meta property=\"article:published_time\" content=\"2026-04-26T16:30:52+00:00\" \/>\n<meta property=\"og:image\" content=\"https:\/\/www.encontravitoria.com.br\/sobre\/wp-content\/uploads\/2026\/04\/rua-da-lama-recebe-nova-edicao-da-feira-de-antiguidades-neste-sabado-4.webp\" \/>\n<meta name=\"author\" content=\"Encontra Vit\u00f3ria\" \/>\n<meta name=\"twitter:card\" content=\"summary_large_image\" \/>\n<meta name=\"twitter:label1\" content=\"Escrito por\" \/>\n\t<meta name=\"twitter:data1\" content=\"Encontra Vit\u00f3ria\" \/>\n\t<meta name=\"twitter:label2\" content=\"Est. tempo de leitura\" \/>\n\t<meta name=\"twitter:data2\" content=\"4 minutos\" \/>\n<script type=\"application\/ld+json\" class=\"yoast-schema-graph\">{\"@context\":\"https:\/\/schema.org\",\"@graph\":[{\"@type\":\"Article\",\"@id\":\"https:\/\/www.encontravitoria.com.br\/sobre\/rua-da-lama-recebe-nova-edicao-da-feira-de-antiguidades-neste-sabado-4\/#article\",\"isPartOf\":{\"@id\":\"https:\/\/www.encontravitoria.com.br\/sobre\/rua-da-lama-recebe-nova-edicao-da-feira-de-antiguidades-neste-sabado-4\/\"},\"author\":{\"name\":\"Encontra Vit\u00f3ria\",\"@id\":\"https:\/\/www.encontravitoria.com.br\/sobre\/#\/schema\/person\/0f8e5bcc88fbadf1bad57afd504f48a2\"},\"headline\":\"Rua da Lama recebe nova edi\u00e7\u00e3o da Feira de Antiguidades neste s\u00e1bado (4)\",\"datePublished\":\"2026-04-26T16:30:52+00:00\",\"mainEntityOfPage\":{\"@id\":\"https:\/\/www.encontravitoria.com.br\/sobre\/rua-da-lama-recebe-nova-edicao-da-feira-de-antiguidades-neste-sabado-4\/\"},\"wordCount\":727,\"commentCount\":0,\"image\":{\"@id\":\"https:\/\/www.encontravitoria.com.br\/sobre\/rua-da-lama-recebe-nova-edicao-da-feira-de-antiguidades-neste-sabado-4\/#primaryimage\"},\"thumbnailUrl\":\"https:\/\/www.encontravitoria.com.br\/sobre\/wp-content\/uploads\/2026\/04\/rua-da-lama-recebe-nova-edicao-da-feira-de-antiguidades-neste-sabado-4.webp\",\"articleSection\":[\"Not\u00edcias Vit\u00f3ria\"],\"inLanguage\":\"pt-BR\",\"potentialAction\":[{\"@type\":\"CommentAction\",\"name\":\"Comment\",\"target\":[\"https:\/\/www.encontravitoria.com.br\/sobre\/rua-da-lama-recebe-nova-edicao-da-feira-de-antiguidades-neste-sabado-4\/#respond\"]}]},{\"@type\":\"WebPage\",\"@id\":\"https:\/\/www.encontravitoria.com.br\/sobre\/rua-da-lama-recebe-nova-edicao-da-feira-de-antiguidades-neste-sabado-4\/\",\"url\":\"https:\/\/www.encontravitoria.com.br\/sobre\/rua-da-lama-recebe-nova-edicao-da-feira-de-antiguidades-neste-sabado-4\/\",\"name\":\"Rua da Lama recebe nova edi\u00e7\u00e3o da Feira de Antiguidades neste s\u00e1bado (4) - Encontra Vit\u00f3ria\",\"isPartOf\":{\"@id\":\"https:\/\/www.encontravitoria.com.br\/sobre\/#website\"},\"primaryImageOfPage\":{\"@id\":\"https:\/\/www.encontravitoria.com.br\/sobre\/rua-da-lama-recebe-nova-edicao-da-feira-de-antiguidades-neste-sabado-4\/#primaryimage\"},\"image\":{\"@id\":\"https:\/\/www.encontravitoria.com.br\/sobre\/rua-da-lama-recebe-nova-edicao-da-feira-de-antiguidades-neste-sabado-4\/#primaryimage\"},\"thumbnailUrl\":\"https:\/\/www.encontravitoria.com.br\/sobre\/wp-content\/uploads\/2026\/04\/rua-da-lama-recebe-nova-edicao-da-feira-de-antiguidades-neste-sabado-4.webp\",\"datePublished\":\"2026-04-26T16:30:52+00:00\",\"author\":{\"@id\":\"https:\/\/www.encontravitoria.com.br\/sobre\/#\/schema\/person\/0f8e5bcc88fbadf1bad57afd504f48a2\"},\"breadcrumb\":{\"@id\":\"https:\/\/www.encontravitoria.com.br\/sobre\/rua-da-lama-recebe-nova-edicao-da-feira-de-antiguidades-neste-sabado-4\/#breadcrumb\"},\"inLanguage\":\"pt-BR\",\"potentialAction\":[{\"@type\":\"ReadAction\",\"target\":[\"https:\/\/www.encontravitoria.com.br\/sobre\/rua-da-lama-recebe-nova-edicao-da-feira-de-antiguidades-neste-sabado-4\/\"]}]},{\"@type\":\"ImageObject\",\"inLanguage\":\"pt-BR\",\"@id\":\"https:\/\/www.encontravitoria.com.br\/sobre\/rua-da-lama-recebe-nova-edicao-da-feira-de-antiguidades-neste-sabado-4\/#primaryimage\",\"url\":\"https:\/\/www.encontravitoria.com.br\/sobre\/wp-content\/uploads\/2026\/04\/rua-da-lama-recebe-nova-edicao-da-feira-de-antiguidades-neste-sabado-4.webp\",\"contentUrl\":\"https:\/\/www.encontravitoria.com.br\/sobre\/wp-content\/uploads\/2026\/04\/rua-da-lama-recebe-nova-edicao-da-feira-de-antiguidades-neste-sabado-4.webp\",\"width\":280,\"height\":280,\"caption\":\"erro de conex\u00e3o\"},{\"@type\":\"BreadcrumbList\",\"@id\":\"https:\/\/www.encontravitoria.com.br\/sobre\/rua-da-lama-recebe-nova-edicao-da-feira-de-antiguidades-neste-sabado-4\/#breadcrumb\",\"itemListElement\":[{\"@type\":\"ListItem\",\"position\":1,\"name\":\"In\u00edcio\",\"item\":\"https:\/\/www.encontravitoria.com.br\/sobre\/\"},{\"@type\":\"ListItem\",\"position\":2,\"name\":\"Rua da Lama recebe nova edi\u00e7\u00e3o da Feira de Antiguidades neste s\u00e1bado (4)\"}]},{\"@type\":\"WebSite\",\"@id\":\"https:\/\/www.encontravitoria.com.br\/sobre\/#website\",\"url\":\"https:\/\/www.encontravitoria.com.br\/sobre\/\",\"name\":\"Encontra Vit\u00f3ria\",\"description\":\"Not\u00edcias, eventos, informa\u00e7\u00f5es e dicas na cidade Vit\u00f3ria e regi\u00e3o.\",\"potentialAction\":[{\"@type\":\"SearchAction\",\"target\":{\"@type\":\"EntryPoint\",\"urlTemplate\":\"https:\/\/www.encontravitoria.com.br\/sobre\/?s={search_term_string}\"},\"query-input\":{\"@type\":\"PropertyValueSpecification\",\"valueRequired\":true,\"valueName\":\"search_term_string\"}}],\"inLanguage\":\"pt-BR\"},{\"@type\":\"Person\",\"@id\":\"https:\/\/www.encontravitoria.com.br\/sobre\/#\/schema\/person\/0f8e5bcc88fbadf1bad57afd504f48a2\",\"name\":\"Encontra Vit\u00f3ria\",\"image\":{\"@type\":\"ImageObject\",\"inLanguage\":\"pt-BR\",\"@id\":\"https:\/\/www.encontravitoria.com.br\/sobre\/#\/schema\/person\/image\/\",\"url\":\"https:\/\/secure.gravatar.com\/avatar\/507340682b8270222e1f208e23198b6ae7e2c6a1033ae84e99bc6bce4f82a387?s=96&d=mm&r=g\",\"contentUrl\":\"https:\/\/secure.gravatar.com\/avatar\/507340682b8270222e1f208e23198b6ae7e2c6a1033ae84e99bc6bce4f82a387?s=96&d=mm&r=g\",\"caption\":\"Encontra Vit\u00f3ria\"},\"sameAs\":[\"http:\/\/www.encontravitoria.com.br\"],\"url\":\"https:\/\/www.encontravitoria.com.br\/sobre\/author\/evitoria\/\"}]}<\/script>\n<!-- \/ Yoast SEO plugin. -->","yoast_head_json":{"title":"Rua da Lama recebe nova edi\u00e7\u00e3o da Feira de Antiguidades neste s\u00e1bado (4) - Encontra Vit\u00f3ria","robots":{"index":"index","follow":"follow","max-snippet":"max-snippet:-1","max-image-preview":"max-image-preview:large","max-video-preview":"max-video-preview:-1"},"canonical":"https:\/\/www.encontravitoria.com.br\/sobre\/rua-da-lama-recebe-nova-edicao-da-feira-de-antiguidades-neste-sabado-4\/","og_locale":"pt_BR","og_type":"article","og_title":"Rua da Lama recebe nova edi\u00e7\u00e3o da Feira de Antiguidades neste s\u00e1bado (4) - Encontra Vit\u00f3ria","og_description":"Erro de conex\u00e3o? Aprenda a resolver problemas de acesso \u00e0 internet agora mesmo.","og_url":"https:\/\/www.encontravitoria.com.br\/sobre\/rua-da-lama-recebe-nova-edicao-da-feira-de-antiguidades-neste-sabado-4\/","og_site_name":"Encontra Vit\u00f3ria","article_published_time":"2026-04-26T16:30:52+00:00","og_image":[{"url":"https:\/\/www.encontravitoria.com.br\/sobre\/wp-content\/uploads\/2026\/04\/rua-da-lama-recebe-nova-edicao-da-feira-de-antiguidades-neste-sabado-4.webp","type":"","width":"","height":""}],"author":"Encontra Vit\u00f3ria","twitter_card":"summary_large_image","twitter_misc":{"Escrito por":"Encontra Vit\u00f3ria","Est. tempo de leitura":"4 minutos"},"schema":{"@context":"https:\/\/schema.org","@graph":[{"@type":"Article","@id":"https:\/\/www.encontravitoria.com.br\/sobre\/rua-da-lama-recebe-nova-edicao-da-feira-de-antiguidades-neste-sabado-4\/#article","isPartOf":{"@id":"https:\/\/www.encontravitoria.com.br\/sobre\/rua-da-lama-recebe-nova-edicao-da-feira-de-antiguidades-neste-sabado-4\/"},"author":{"name":"Encontra Vit\u00f3ria","@id":"https:\/\/www.encontravitoria.com.br\/sobre\/#\/schema\/person\/0f8e5bcc88fbadf1bad57afd504f48a2"},"headline":"Rua da Lama recebe nova edi\u00e7\u00e3o da Feira de Antiguidades neste s\u00e1bado (4)","datePublished":"2026-04-26T16:30:52+00:00","mainEntityOfPage":{"@id":"https:\/\/www.encontravitoria.com.br\/sobre\/rua-da-lama-recebe-nova-edicao-da-feira-de-antiguidades-neste-sabado-4\/"},"wordCount":727,"commentCount":0,"image":{"@id":"https:\/\/www.encontravitoria.com.br\/sobre\/rua-da-lama-recebe-nova-edicao-da-feira-de-antiguidades-neste-sabado-4\/#primaryimage"},"thumbnailUrl":"https:\/\/www.encontravitoria.com.br\/sobre\/wp-content\/uploads\/2026\/04\/rua-da-lama-recebe-nova-edicao-da-feira-de-antiguidades-neste-sabado-4.webp","articleSection":["Not\u00edcias Vit\u00f3ria"],"inLanguage":"pt-BR","potentialAction":[{"@type":"CommentAction","name":"Comment","target":["https:\/\/www.encontravitoria.com.br\/sobre\/rua-da-lama-recebe-nova-edicao-da-feira-de-antiguidades-neste-sabado-4\/#respond"]}]},{"@type":"WebPage","@id":"https:\/\/www.encontravitoria.com.br\/sobre\/rua-da-lama-recebe-nova-edicao-da-feira-de-antiguidades-neste-sabado-4\/","url":"https:\/\/www.encontravitoria.com.br\/sobre\/rua-da-lama-recebe-nova-edicao-da-feira-de-antiguidades-neste-sabado-4\/","name":"Rua da Lama recebe nova edi\u00e7\u00e3o da Feira de Antiguidades neste s\u00e1bado (4) - Encontra Vit\u00f3ria","isPartOf":{"@id":"https:\/\/www.encontravitoria.com.br\/sobre\/#website"},"primaryImageOfPage":{"@id":"https:\/\/www.encontravitoria.com.br\/sobre\/rua-da-lama-recebe-nova-edicao-da-feira-de-antiguidades-neste-sabado-4\/#primaryimage"},"image":{"@id":"https:\/\/www.encontravitoria.com.br\/sobre\/rua-da-lama-recebe-nova-edicao-da-feira-de-antiguidades-neste-sabado-4\/#primaryimage"},"thumbnailUrl":"https:\/\/www.encontravitoria.com.br\/sobre\/wp-content\/uploads\/2026\/04\/rua-da-lama-recebe-nova-edicao-da-feira-de-antiguidades-neste-sabado-4.webp","datePublished":"2026-04-26T16:30:52+00:00","author":{"@id":"https:\/\/www.encontravitoria.com.br\/sobre\/#\/schema\/person\/0f8e5bcc88fbadf1bad57afd504f48a2"},"breadcrumb":{"@id":"https:\/\/www.encontravitoria.com.br\/sobre\/rua-da-lama-recebe-nova-edicao-da-feira-de-antiguidades-neste-sabado-4\/#breadcrumb"},"inLanguage":"pt-BR","potentialAction":[{"@type":"ReadAction","target":["https:\/\/www.encontravitoria.com.br\/sobre\/rua-da-lama-recebe-nova-edicao-da-feira-de-antiguidades-neste-sabado-4\/"]}]},{"@type":"ImageObject","inLanguage":"pt-BR","@id":"https:\/\/www.encontravitoria.com.br\/sobre\/rua-da-lama-recebe-nova-edicao-da-feira-de-antiguidades-neste-sabado-4\/#primaryimage","url":"https:\/\/www.encontravitoria.com.br\/sobre\/wp-content\/uploads\/2026\/04\/rua-da-lama-recebe-nova-edicao-da-feira-de-antiguidades-neste-sabado-4.webp","contentUrl":"https:\/\/www.encontravitoria.com.br\/sobre\/wp-content\/uploads\/2026\/04\/rua-da-lama-recebe-nova-edicao-da-feira-de-antiguidades-neste-sabado-4.webp","width":280,"height":280,"caption":"erro de conex\u00e3o"},{"@type":"BreadcrumbList","@id":"https:\/\/www.encontravitoria.com.br\/sobre\/rua-da-lama-recebe-nova-edicao-da-feira-de-antiguidades-neste-sabado-4\/#breadcrumb","itemListElement":[{"@type":"ListItem","position":1,"name":"In\u00edcio","item":"https:\/\/www.encontravitoria.com.br\/sobre\/"},{"@type":"ListItem","position":2,"name":"Rua da Lama recebe nova edi\u00e7\u00e3o da Feira de Antiguidades neste s\u00e1bado (4)"}]},{"@type":"WebSite","@id":"https:\/\/www.encontravitoria.com.br\/sobre\/#website","url":"https:\/\/www.encontravitoria.com.br\/sobre\/","name":"Encontra Vit\u00f3ria","description":"Not\u00edcias, eventos, informa\u00e7\u00f5es e dicas na cidade Vit\u00f3ria e regi\u00e3o.","potentialAction":[{"@type":"SearchAction","target":{"@type":"EntryPoint","urlTemplate":"https:\/\/www.encontravitoria.com.br\/sobre\/?s={search_term_string}"},"query-input":{"@type":"PropertyValueSpecification","valueRequired":true,"valueName":"search_term_string"}}],"inLanguage":"pt-BR"},{"@type":"Person","@id":"https:\/\/www.encontravitoria.com.br\/sobre\/#\/schema\/person\/0f8e5bcc88fbadf1bad57afd504f48a2","name":"Encontra Vit\u00f3ria","image":{"@type":"ImageObject","inLanguage":"pt-BR","@id":"https:\/\/www.encontravitoria.com.br\/sobre\/#\/schema\/person\/image\/","url":"https:\/\/secure.gravatar.com\/avatar\/507340682b8270222e1f208e23198b6ae7e2c6a1033ae84e99bc6bce4f82a387?s=96&d=mm&r=g","contentUrl":"https:\/\/secure.gravatar.com\/avatar\/507340682b8270222e1f208e23198b6ae7e2c6a1033ae84e99bc6bce4f82a387?s=96&d=mm&r=g","caption":"Encontra Vit\u00f3ria"},"sameAs":["http:\/\/www.encontravitoria.com.br"],"url":"https:\/\/www.encontravitoria.com.br\/sobre\/author\/evitoria\/"}]}},"_links":{"self":[{"href":"https:\/\/www.encontravitoria.com.br\/sobre\/wp-json\/wp\/v2\/posts\/1523","targetHints":{"allow":["GET"]}}],"collection":[{"href":"https:\/\/www.encontravitoria.com.br\/sobre\/wp-json\/wp\/v2\/posts"}],"about":[{"href":"https:\/\/www.encontravitoria.com.br\/sobre\/wp-json\/wp\/v2\/types\/post"}],"author":[{"embeddable":true,"href":"https:\/\/www.encontravitoria.com.br\/sobre\/wp-json\/wp\/v2\/users\/1"}],"replies":[{"embeddable":true,"href":"https:\/\/www.encontravitoria.com.br\/sobre\/wp-json\/wp\/v2\/comments?post=1523"}],"version-history":[{"count":0,"href":"https:\/\/www.encontravitoria.com.br\/sobre\/wp-json\/wp\/v2\/posts\/1523\/revisions"}],"wp:featuredmedia":[{"embeddable":true,"href":"https:\/\/www.encontravitoria.com.br\/sobre\/wp-json\/wp\/v2\/media\/1522"}],"wp:attachment":[{"href":"https:\/\/www.encontravitoria.com.br\/sobre\/wp-json\/wp\/v2\/media?parent=1523"}],"wp:term":[{"taxonomy":"category","embeddable":true,"href":"https:\/\/www.encontravitoria.com.br\/sobre\/wp-json\/wp\/v2\/categories?post=1523"},{"taxonomy":"post_tag","embeddable":true,"href":"https:\/\/www.encontravitoria.com.br\/sobre\/wp-json\/wp\/v2\/tags?post=1523"}],"curies":[{"name":"wp","href":"https:\/\/api.w.org\/{rel}","templated":true}]}}