{"id":1525,"date":"2026-04-27T16:15:33","date_gmt":"2026-04-27T16:15:33","guid":{"rendered":"https:\/\/www.encontravitoria.com.br\/sobre\/vitoria-inaugura-primeira-praca-inclusiva-e-ja-anuncia-outras-tres-unidades\/"},"modified":"2026-04-27T16:15:33","modified_gmt":"2026-04-27T16:15:33","slug":"vitoria-inaugura-primeira-praca-inclusiva-e-ja-anuncia-outras-tres-unidades","status":"publish","type":"post","link":"https:\/\/www.encontravitoria.com.br\/sobre\/vitoria-inaugura-primeira-praca-inclusiva-e-ja-anuncia-outras-tres-unidades\/","title":{"rendered":"Vit\u00f3ria inaugura primeira Pra\u00e7a Inclusiva e j\u00e1 anuncia outras tr\u00eas unidades"},"content":{"rendered":"<div class=\"23ed37709e053b55400ee1990aeffe41\" data-index=\"1\" style=\"float: none; margin:0px;\">\n<!-- Anuncio display - global -->\r\n<ins class=\"adsbygoogle\"\r\n     style=\"display:block\"\r\n     data-ad-client=\"ca-pub-8585364105181520\"\r\n     data-ad-slot=\"8789329856\"\r\n     data-ad-format=\"auto\"\r\n     data-full-width-responsive=\"true\"><\/ins>\r\n<script>\r\n     (adsbygoogle = window.adsbygoogle || []).push({});\r\n<\/script>\n<\/div>\n<h2>A Conceitua\u00e7\u00e3o da Pra\u00e7a Inclusiva<\/h2>\n<p>A Pra\u00e7a Inclusiva &#8220;Viver Vit\u00f3ria&#8221;, inaugurada na Pra\u00e7a dos Desejos, representa um marco na promo\u00e7\u00e3o da acessibilidade e inclus\u00e3o social. Este espa\u00e7o foi projetado pensando em atender \u00e0s necessidades de pessoas com defici\u00eancias, proporcionando um ambiente de recrea\u00e7\u00e3o ao mesmo tempo em que fomenta o respeito \u00e0 diversidade e \u00e0 conviv\u00eancia social.<\/p>\n<h2>Estruturas e Equipamentos Pensados para Todos<\/h2>\n<p>Com uma \u00e1rea de 550 metros quadrados, a pra\u00e7a \u00e9 equipada com uma gama diversificada de aparelhos de recrea\u00e7\u00e3o. Essa variedade inclui brinquedos tradicionais que qualquer crian\u00e7a pode utilizar, al\u00e9m de op\u00e7\u00f5es adaptadas para acolher cadeirantes e crian\u00e7as com Transtorno do Espectro Autista (TEA). Os dispositivos foram cuidadosamente selecionados com base em crit\u00e9rios rigorosos que garantem acessibilidade, seguran\u00e7a e est\u00edmulo ao desenvolvimento infantil.<\/p>\n<h2>O Impacto Social da Pra\u00e7a Inclusiva<\/h2>\n<p>O impacto social da Pra\u00e7a Inclusiva \u00e9 significativo. Ao criar um espa\u00e7o que elimina barreiras f\u00edsicas e sociais, a iniciativa favorece a inclus\u00e3o efetiva, permitindo que crian\u00e7as de diferentes habilidades brinquem juntas. Isso n\u00e3o apenas promove a conviv\u00eancia entre crian\u00e7as com e sem defici\u00eancia, mas tamb\u00e9m ajuda a moldar cidad\u00e3os mais emp\u00e1ticos e conscientes desde a inf\u00e2ncia.<\/p>\n<p><img decoding=\"async\" src=\"https:\/\/www.encontravitoria.com.br\/sobre\/wp-content\/uploads\/2026\/04\/vitoria-inaugura-primeira-praca-inclusiva-e-ja-anuncia-outras-tres-unidades.webp\" alt=\"Pra\u00e7a Inclusiva\" loading=\"lazy\" \/><\/p>\n<h2>Benef\u00edcios para Crian\u00e7as com Defici\u00eancia<\/h2>\n<p>Al\u00e9m de oferecer um ambiente seguro, a pra\u00e7a proporciona atividades que favorecem o desenvolvimento motor, social e cognitivo das crian\u00e7as. As intera\u00e7\u00f5es l\u00fadicas incentivam a criatividade e a autoexpress\u00e3o, essenciais para o crescimento saud\u00e1vel e integral. A pra\u00e7a serve, assim, como uma ferramenta educativa que promove aprendizado atrav\u00e9s da conviv\u00eancia e do brincar.<\/p>\n<h2>Espa\u00e7o de Lazer e Integra\u00e7\u00e3o<\/h2>\n<p>Mais que um simples local de lazer, a Pra\u00e7a Inclusiva \u00e9 um espa\u00e7o de integra\u00e7\u00e3o social. As atividades realizadas no local visam criar v\u00ednculos comunit\u00e1rios, reunindo fam\u00edlias e amigos. O ambiente acolhedor torna-se um ponto de encontro em que todos se sentem bem-vindos e respeitados, contribuindo para a forma\u00e7\u00e3o de la\u00e7os sociais duradouros.<\/p>\n<h2>A Import\u00e2ncia da Acessibilidade Urbana<\/h2>\n<p>A constru\u00e7\u00e3o da Pra\u00e7a Inclusiva tamb\u00e9m ressalta a import\u00e2ncia da acessibilidade no planejamento urbano. Este projeto atua como um exemplo a ser seguido por outras cidades no Esp\u00edrito Santo e no Brasil, mostrando que \u00e9 poss\u00edvel construir ambientes que atendam de forma adequada todas as pessoas, independentemente de suas habilidades ou limita\u00e7\u00f5es.<\/p>\n<h2>Planos Futuros para Pra\u00e7a Inclusiva<\/h2>\n<p>A prefeitura de Vit\u00f3ria j\u00e1 anunciou a constru\u00e7\u00e3o de mais tr\u00eas pra\u00e7as inclusivas em diferentes localidades da cidade. Essas novas unidades buscar\u00e3o replicar o modelo da Pra\u00e7a &#8220;Viver Vit\u00f3ria&#8221;, refor\u00e7ando o compromisso com a inclus\u00e3o e a acessibilidade em espa\u00e7os p\u00fablicos, garantindo que mais crian\u00e7as e fam\u00edlias possam usufruir de locais adaptados e pensados para todos.<\/p>\n<h2>Depoimentos da Comunidade<\/h2>\n<p>A comunidade local tem demonstrado grande entusiasmo com a nova pra\u00e7a. Pais e educadores laudam o projeto e expressam gratid\u00e3o pela cria\u00e7\u00e3o de um espa\u00e7o que atende \u00e0s necessidades das crian\u00e7as com defici\u00eancia, permitindo que elas brinquem e socializem em condi\u00e7\u00f5es de igualdade. A implementa\u00e7\u00e3o da Pra\u00e7a Inclusiva reflete um avan\u00e7o significativo nas pol\u00edticas p\u00fablicas voltadas \u00e0 inclus\u00e3o social.<\/p>\n<h2>Seguran\u00e7a e Conforto na Pra\u00e7a<\/h2>\n<p>Um aspecto que n\u00e3o foi negligenciado no projeto da pra\u00e7a \u00e9 a seguran\u00e7a. Todos os equipamentos foram testados quanto a riscos e malfuncionamentos, e as \u00e1reas de circula\u00e7\u00e3o foram projetadas para evitar acidentes. Al\u00e9m disso, o espa\u00e7o conta com \u00e1reas de descanso e sinaliza\u00e7\u00f5es adequadas, garantindo conforto e autonomia a todos os visitantes.<\/p>\n<h2>Como Visitar a Pra\u00e7a Inclusiva<\/h2>\n<p>A Pra\u00e7a Inclusiva &#8220;Viver Vit\u00f3ria&#8221; est\u00e1 aberta ao p\u00fablico todos os dias, oferecendo um ambiente acolhedor e seguro para crian\u00e7as e suas fam\u00edlias. Para visitar, basta seguir at\u00e9 a Pra\u00e7a dos Desejos e aproveitar todas as op\u00e7\u00f5es de lazer dispon\u00edveis. O espa\u00e7o se destaca por ser acess\u00edvel a todos, independentemente de suas habilidades motoras.<\/p>\n\n<div style=\"font-size: 0px; height: 0px; line-height: 0px; margin: 0; padding: 0; clear: both;\"><\/div>","protected":false},"excerpt":{"rendered":"<p>Pra\u00e7a Inclusiva em Vit\u00f3ria oferece acessibilidade e divers\u00e3o para todos.<\/p>\n","protected":false},"author":1,"featured_media":1524,"comment_status":"open","ping_status":"closed","sticky":false,"template":"","format":"standard","meta":{"footnotes":""},"categories":[6],"tags":[],"class_list":["post-1525","post","type-post","status-publish","format-standard","has-post-thumbnail","hentry","category-noticias-em-vitoria","has_thumb"],"yoast_head":"<!-- This site is optimized with the Yoast SEO plugin v26.7 - https:\/\/yoast.com\/wordpress\/plugins\/seo\/ -->\n<title>Vit\u00f3ria inaugura primeira Pra\u00e7a Inclusiva e j\u00e1 anuncia outras tr\u00eas unidades - Encontra Vit\u00f3ria<\/title>\n<meta name=\"robots\" content=\"index, follow, max-snippet:-1, max-image-preview:large, max-video-preview:-1\" \/>\n<link rel=\"canonical\" href=\"https:\/\/www.encontravitoria.com.br\/sobre\/vitoria-inaugura-primeira-praca-inclusiva-e-ja-anuncia-outras-tres-unidades\/\" \/>\n<meta property=\"og:locale\" content=\"pt_BR\" \/>\n<meta property=\"og:type\" content=\"article\" \/>\n<meta property=\"og:title\" content=\"Vit\u00f3ria inaugura primeira Pra\u00e7a Inclusiva e j\u00e1 anuncia outras tr\u00eas unidades - Encontra Vit\u00f3ria\" \/>\n<meta property=\"og:description\" content=\"Pra\u00e7a Inclusiva em Vit\u00f3ria oferece acessibilidade e divers\u00e3o para todos.\" \/>\n<meta property=\"og:url\" content=\"https:\/\/www.encontravitoria.com.br\/sobre\/vitoria-inaugura-primeira-praca-inclusiva-e-ja-anuncia-outras-tres-unidades\/\" \/>\n<meta property=\"og:site_name\" content=\"Encontra Vit\u00f3ria\" \/>\n<meta property=\"article:published_time\" content=\"2026-04-27T16:15:33+00:00\" \/>\n<meta property=\"og:image\" content=\"https:\/\/www.encontravitoria.com.br\/sobre\/wp-content\/uploads\/2026\/04\/vitoria-inaugura-primeira-praca-inclusiva-e-ja-anuncia-outras-tres-unidades.webp\" \/>\n<meta name=\"author\" content=\"Encontra Vit\u00f3ria\" \/>\n<meta name=\"twitter:card\" content=\"summary_large_image\" \/>\n<meta name=\"twitter:label1\" content=\"Escrito por\" \/>\n\t<meta name=\"twitter:data1\" content=\"Encontra Vit\u00f3ria\" \/>\n\t<meta name=\"twitter:label2\" content=\"Est. tempo de leitura\" \/>\n\t<meta name=\"twitter:data2\" content=\"3 minutos\" \/>\n<script type=\"application\/ld+json\" class=\"yoast-schema-graph\">{\"@context\":\"https:\/\/schema.org\",\"@graph\":[{\"@type\":\"Article\",\"@id\":\"https:\/\/www.encontravitoria.com.br\/sobre\/vitoria-inaugura-primeira-praca-inclusiva-e-ja-anuncia-outras-tres-unidades\/#article\",\"isPartOf\":{\"@id\":\"https:\/\/www.encontravitoria.com.br\/sobre\/vitoria-inaugura-primeira-praca-inclusiva-e-ja-anuncia-outras-tres-unidades\/\"},\"author\":{\"name\":\"Encontra Vit\u00f3ria\",\"@id\":\"https:\/\/www.encontravitoria.com.br\/sobre\/#\/schema\/person\/0f8e5bcc88fbadf1bad57afd504f48a2\"},\"headline\":\"Vit\u00f3ria inaugura primeira Pra\u00e7a Inclusiva e j\u00e1 anuncia outras tr\u00eas unidades\",\"datePublished\":\"2026-04-27T16:15:33+00:00\",\"mainEntityOfPage\":{\"@id\":\"https:\/\/www.encontravitoria.com.br\/sobre\/vitoria-inaugura-primeira-praca-inclusiva-e-ja-anuncia-outras-tres-unidades\/\"},\"wordCount\":719,\"commentCount\":0,\"image\":{\"@id\":\"https:\/\/www.encontravitoria.com.br\/sobre\/vitoria-inaugura-primeira-praca-inclusiva-e-ja-anuncia-outras-tres-unidades\/#primaryimage\"},\"thumbnailUrl\":\"https:\/\/www.encontravitoria.com.br\/sobre\/wp-content\/uploads\/2026\/04\/vitoria-inaugura-primeira-praca-inclusiva-e-ja-anuncia-outras-tres-unidades.webp\",\"articleSection\":[\"Not\u00edcias Vit\u00f3ria\"],\"inLanguage\":\"pt-BR\",\"potentialAction\":[{\"@type\":\"CommentAction\",\"name\":\"Comment\",\"target\":[\"https:\/\/www.encontravitoria.com.br\/sobre\/vitoria-inaugura-primeira-praca-inclusiva-e-ja-anuncia-outras-tres-unidades\/#respond\"]}]},{\"@type\":\"WebPage\",\"@id\":\"https:\/\/www.encontravitoria.com.br\/sobre\/vitoria-inaugura-primeira-praca-inclusiva-e-ja-anuncia-outras-tres-unidades\/\",\"url\":\"https:\/\/www.encontravitoria.com.br\/sobre\/vitoria-inaugura-primeira-praca-inclusiva-e-ja-anuncia-outras-tres-unidades\/\",\"name\":\"Vit\u00f3ria inaugura primeira Pra\u00e7a Inclusiva e j\u00e1 anuncia outras tr\u00eas unidades - Encontra Vit\u00f3ria\",\"isPartOf\":{\"@id\":\"https:\/\/www.encontravitoria.com.br\/sobre\/#website\"},\"primaryImageOfPage\":{\"@id\":\"https:\/\/www.encontravitoria.com.br\/sobre\/vitoria-inaugura-primeira-praca-inclusiva-e-ja-anuncia-outras-tres-unidades\/#primaryimage\"},\"image\":{\"@id\":\"https:\/\/www.encontravitoria.com.br\/sobre\/vitoria-inaugura-primeira-praca-inclusiva-e-ja-anuncia-outras-tres-unidades\/#primaryimage\"},\"thumbnailUrl\":\"https:\/\/www.encontravitoria.com.br\/sobre\/wp-content\/uploads\/2026\/04\/vitoria-inaugura-primeira-praca-inclusiva-e-ja-anuncia-outras-tres-unidades.webp\",\"datePublished\":\"2026-04-27T16:15:33+00:00\",\"author\":{\"@id\":\"https:\/\/www.encontravitoria.com.br\/sobre\/#\/schema\/person\/0f8e5bcc88fbadf1bad57afd504f48a2\"},\"breadcrumb\":{\"@id\":\"https:\/\/www.encontravitoria.com.br\/sobre\/vitoria-inaugura-primeira-praca-inclusiva-e-ja-anuncia-outras-tres-unidades\/#breadcrumb\"},\"inLanguage\":\"pt-BR\",\"potentialAction\":[{\"@type\":\"ReadAction\",\"target\":[\"https:\/\/www.encontravitoria.com.br\/sobre\/vitoria-inaugura-primeira-praca-inclusiva-e-ja-anuncia-outras-tres-unidades\/\"]}]},{\"@type\":\"ImageObject\",\"inLanguage\":\"pt-BR\",\"@id\":\"https:\/\/www.encontravitoria.com.br\/sobre\/vitoria-inaugura-primeira-praca-inclusiva-e-ja-anuncia-outras-tres-unidades\/#primaryimage\",\"url\":\"https:\/\/www.encontravitoria.com.br\/sobre\/wp-content\/uploads\/2026\/04\/vitoria-inaugura-primeira-praca-inclusiva-e-ja-anuncia-outras-tres-unidades.webp\",\"contentUrl\":\"https:\/\/www.encontravitoria.com.br\/sobre\/wp-content\/uploads\/2026\/04\/vitoria-inaugura-primeira-praca-inclusiva-e-ja-anuncia-outras-tres-unidades.webp\",\"width\":280,\"height\":280,\"caption\":\"Pra\u00e7a Inclusiva\"},{\"@type\":\"BreadcrumbList\",\"@id\":\"https:\/\/www.encontravitoria.com.br\/sobre\/vitoria-inaugura-primeira-praca-inclusiva-e-ja-anuncia-outras-tres-unidades\/#breadcrumb\",\"itemListElement\":[{\"@type\":\"ListItem\",\"position\":1,\"name\":\"In\u00edcio\",\"item\":\"https:\/\/www.encontravitoria.com.br\/sobre\/\"},{\"@type\":\"ListItem\",\"position\":2,\"name\":\"Vit\u00f3ria inaugura primeira Pra\u00e7a Inclusiva e j\u00e1 anuncia outras tr\u00eas unidades\"}]},{\"@type\":\"WebSite\",\"@id\":\"https:\/\/www.encontravitoria.com.br\/sobre\/#website\",\"url\":\"https:\/\/www.encontravitoria.com.br\/sobre\/\",\"name\":\"Encontra Vit\u00f3ria\",\"description\":\"Not\u00edcias, eventos, informa\u00e7\u00f5es e dicas na cidade Vit\u00f3ria e regi\u00e3o.\",\"potentialAction\":[{\"@type\":\"SearchAction\",\"target\":{\"@type\":\"EntryPoint\",\"urlTemplate\":\"https:\/\/www.encontravitoria.com.br\/sobre\/?s={search_term_string}\"},\"query-input\":{\"@type\":\"PropertyValueSpecification\",\"valueRequired\":true,\"valueName\":\"search_term_string\"}}],\"inLanguage\":\"pt-BR\"},{\"@type\":\"Person\",\"@id\":\"https:\/\/www.encontravitoria.com.br\/sobre\/#\/schema\/person\/0f8e5bcc88fbadf1bad57afd504f48a2\",\"name\":\"Encontra Vit\u00f3ria\",\"image\":{\"@type\":\"ImageObject\",\"inLanguage\":\"pt-BR\",\"@id\":\"https:\/\/www.encontravitoria.com.br\/sobre\/#\/schema\/person\/image\/\",\"url\":\"https:\/\/secure.gravatar.com\/avatar\/507340682b8270222e1f208e23198b6ae7e2c6a1033ae84e99bc6bce4f82a387?s=96&d=mm&r=g\",\"contentUrl\":\"https:\/\/secure.gravatar.com\/avatar\/507340682b8270222e1f208e23198b6ae7e2c6a1033ae84e99bc6bce4f82a387?s=96&d=mm&r=g\",\"caption\":\"Encontra Vit\u00f3ria\"},\"sameAs\":[\"http:\/\/www.encontravitoria.com.br\"],\"url\":\"https:\/\/www.encontravitoria.com.br\/sobre\/author\/evitoria\/\"}]}<\/script>\n<!-- \/ Yoast SEO plugin. -->","yoast_head_json":{"title":"Vit\u00f3ria inaugura primeira Pra\u00e7a Inclusiva e j\u00e1 anuncia outras tr\u00eas unidades - Encontra Vit\u00f3ria","robots":{"index":"index","follow":"follow","max-snippet":"max-snippet:-1","max-image-preview":"max-image-preview:large","max-video-preview":"max-video-preview:-1"},"canonical":"https:\/\/www.encontravitoria.com.br\/sobre\/vitoria-inaugura-primeira-praca-inclusiva-e-ja-anuncia-outras-tres-unidades\/","og_locale":"pt_BR","og_type":"article","og_title":"Vit\u00f3ria inaugura primeira Pra\u00e7a Inclusiva e j\u00e1 anuncia outras tr\u00eas unidades - Encontra Vit\u00f3ria","og_description":"Pra\u00e7a Inclusiva em Vit\u00f3ria oferece acessibilidade e divers\u00e3o para todos.","og_url":"https:\/\/www.encontravitoria.com.br\/sobre\/vitoria-inaugura-primeira-praca-inclusiva-e-ja-anuncia-outras-tres-unidades\/","og_site_name":"Encontra Vit\u00f3ria","article_published_time":"2026-04-27T16:15:33+00:00","og_image":[{"url":"https:\/\/www.encontravitoria.com.br\/sobre\/wp-content\/uploads\/2026\/04\/vitoria-inaugura-primeira-praca-inclusiva-e-ja-anuncia-outras-tres-unidades.webp","type":"","width":"","height":""}],"author":"Encontra Vit\u00f3ria","twitter_card":"summary_large_image","twitter_misc":{"Escrito por":"Encontra Vit\u00f3ria","Est. tempo de leitura":"3 minutos"},"schema":{"@context":"https:\/\/schema.org","@graph":[{"@type":"Article","@id":"https:\/\/www.encontravitoria.com.br\/sobre\/vitoria-inaugura-primeira-praca-inclusiva-e-ja-anuncia-outras-tres-unidades\/#article","isPartOf":{"@id":"https:\/\/www.encontravitoria.com.br\/sobre\/vitoria-inaugura-primeira-praca-inclusiva-e-ja-anuncia-outras-tres-unidades\/"},"author":{"name":"Encontra Vit\u00f3ria","@id":"https:\/\/www.encontravitoria.com.br\/sobre\/#\/schema\/person\/0f8e5bcc88fbadf1bad57afd504f48a2"},"headline":"Vit\u00f3ria inaugura primeira Pra\u00e7a Inclusiva e j\u00e1 anuncia outras tr\u00eas unidades","datePublished":"2026-04-27T16:15:33+00:00","mainEntityOfPage":{"@id":"https:\/\/www.encontravitoria.com.br\/sobre\/vitoria-inaugura-primeira-praca-inclusiva-e-ja-anuncia-outras-tres-unidades\/"},"wordCount":719,"commentCount":0,"image":{"@id":"https:\/\/www.encontravitoria.com.br\/sobre\/vitoria-inaugura-primeira-praca-inclusiva-e-ja-anuncia-outras-tres-unidades\/#primaryimage"},"thumbnailUrl":"https:\/\/www.encontravitoria.com.br\/sobre\/wp-content\/uploads\/2026\/04\/vitoria-inaugura-primeira-praca-inclusiva-e-ja-anuncia-outras-tres-unidades.webp","articleSection":["Not\u00edcias Vit\u00f3ria"],"inLanguage":"pt-BR","potentialAction":[{"@type":"CommentAction","name":"Comment","target":["https:\/\/www.encontravitoria.com.br\/sobre\/vitoria-inaugura-primeira-praca-inclusiva-e-ja-anuncia-outras-tres-unidades\/#respond"]}]},{"@type":"WebPage","@id":"https:\/\/www.encontravitoria.com.br\/sobre\/vitoria-inaugura-primeira-praca-inclusiva-e-ja-anuncia-outras-tres-unidades\/","url":"https:\/\/www.encontravitoria.com.br\/sobre\/vitoria-inaugura-primeira-praca-inclusiva-e-ja-anuncia-outras-tres-unidades\/","name":"Vit\u00f3ria inaugura primeira Pra\u00e7a Inclusiva e j\u00e1 anuncia outras tr\u00eas unidades - Encontra Vit\u00f3ria","isPartOf":{"@id":"https:\/\/www.encontravitoria.com.br\/sobre\/#website"},"primaryImageOfPage":{"@id":"https:\/\/www.encontravitoria.com.br\/sobre\/vitoria-inaugura-primeira-praca-inclusiva-e-ja-anuncia-outras-tres-unidades\/#primaryimage"},"image":{"@id":"https:\/\/www.encontravitoria.com.br\/sobre\/vitoria-inaugura-primeira-praca-inclusiva-e-ja-anuncia-outras-tres-unidades\/#primaryimage"},"thumbnailUrl":"https:\/\/www.encontravitoria.com.br\/sobre\/wp-content\/uploads\/2026\/04\/vitoria-inaugura-primeira-praca-inclusiva-e-ja-anuncia-outras-tres-unidades.webp","datePublished":"2026-04-27T16:15:33+00:00","author":{"@id":"https:\/\/www.encontravitoria.com.br\/sobre\/#\/schema\/person\/0f8e5bcc88fbadf1bad57afd504f48a2"},"breadcrumb":{"@id":"https:\/\/www.encontravitoria.com.br\/sobre\/vitoria-inaugura-primeira-praca-inclusiva-e-ja-anuncia-outras-tres-unidades\/#breadcrumb"},"inLanguage":"pt-BR","potentialAction":[{"@type":"ReadAction","target":["https:\/\/www.encontravitoria.com.br\/sobre\/vitoria-inaugura-primeira-praca-inclusiva-e-ja-anuncia-outras-tres-unidades\/"]}]},{"@type":"ImageObject","inLanguage":"pt-BR","@id":"https:\/\/www.encontravitoria.com.br\/sobre\/vitoria-inaugura-primeira-praca-inclusiva-e-ja-anuncia-outras-tres-unidades\/#primaryimage","url":"https:\/\/www.encontravitoria.com.br\/sobre\/wp-content\/uploads\/2026\/04\/vitoria-inaugura-primeira-praca-inclusiva-e-ja-anuncia-outras-tres-unidades.webp","contentUrl":"https:\/\/www.encontravitoria.com.br\/sobre\/wp-content\/uploads\/2026\/04\/vitoria-inaugura-primeira-praca-inclusiva-e-ja-anuncia-outras-tres-unidades.webp","width":280,"height":280,"caption":"Pra\u00e7a Inclusiva"},{"@type":"BreadcrumbList","@id":"https:\/\/www.encontravitoria.com.br\/sobre\/vitoria-inaugura-primeira-praca-inclusiva-e-ja-anuncia-outras-tres-unidades\/#breadcrumb","itemListElement":[{"@type":"ListItem","position":1,"name":"In\u00edcio","item":"https:\/\/www.encontravitoria.com.br\/sobre\/"},{"@type":"ListItem","position":2,"name":"Vit\u00f3ria inaugura primeira Pra\u00e7a Inclusiva e j\u00e1 anuncia outras tr\u00eas unidades"}]},{"@type":"WebSite","@id":"https:\/\/www.encontravitoria.com.br\/sobre\/#website","url":"https:\/\/www.encontravitoria.com.br\/sobre\/","name":"Encontra Vit\u00f3ria","description":"Not\u00edcias, eventos, informa\u00e7\u00f5es e dicas na cidade Vit\u00f3ria e regi\u00e3o.","potentialAction":[{"@type":"SearchAction","target":{"@type":"EntryPoint","urlTemplate":"https:\/\/www.encontravitoria.com.br\/sobre\/?s={search_term_string}"},"query-input":{"@type":"PropertyValueSpecification","valueRequired":true,"valueName":"search_term_string"}}],"inLanguage":"pt-BR"},{"@type":"Person","@id":"https:\/\/www.encontravitoria.com.br\/sobre\/#\/schema\/person\/0f8e5bcc88fbadf1bad57afd504f48a2","name":"Encontra Vit\u00f3ria","image":{"@type":"ImageObject","inLanguage":"pt-BR","@id":"https:\/\/www.encontravitoria.com.br\/sobre\/#\/schema\/person\/image\/","url":"https:\/\/secure.gravatar.com\/avatar\/507340682b8270222e1f208e23198b6ae7e2c6a1033ae84e99bc6bce4f82a387?s=96&d=mm&r=g","contentUrl":"https:\/\/secure.gravatar.com\/avatar\/507340682b8270222e1f208e23198b6ae7e2c6a1033ae84e99bc6bce4f82a387?s=96&d=mm&r=g","caption":"Encontra Vit\u00f3ria"},"sameAs":["http:\/\/www.encontravitoria.com.br"],"url":"https:\/\/www.encontravitoria.com.br\/sobre\/author\/evitoria\/"}]}},"_links":{"self":[{"href":"https:\/\/www.encontravitoria.com.br\/sobre\/wp-json\/wp\/v2\/posts\/1525","targetHints":{"allow":["GET"]}}],"collection":[{"href":"https:\/\/www.encontravitoria.com.br\/sobre\/wp-json\/wp\/v2\/posts"}],"about":[{"href":"https:\/\/www.encontravitoria.com.br\/sobre\/wp-json\/wp\/v2\/types\/post"}],"author":[{"embeddable":true,"href":"https:\/\/www.encontravitoria.com.br\/sobre\/wp-json\/wp\/v2\/users\/1"}],"replies":[{"embeddable":true,"href":"https:\/\/www.encontravitoria.com.br\/sobre\/wp-json\/wp\/v2\/comments?post=1525"}],"version-history":[{"count":0,"href":"https:\/\/www.encontravitoria.com.br\/sobre\/wp-json\/wp\/v2\/posts\/1525\/revisions"}],"wp:featuredmedia":[{"embeddable":true,"href":"https:\/\/www.encontravitoria.com.br\/sobre\/wp-json\/wp\/v2\/media\/1524"}],"wp:attachment":[{"href":"https:\/\/www.encontravitoria.com.br\/sobre\/wp-json\/wp\/v2\/media?parent=1525"}],"wp:term":[{"taxonomy":"category","embeddable":true,"href":"https:\/\/www.encontravitoria.com.br\/sobre\/wp-json\/wp\/v2\/categories?post=1525"},{"taxonomy":"post_tag","embeddable":true,"href":"https:\/\/www.encontravitoria.com.br\/sobre\/wp-json\/wp\/v2\/tags?post=1525"}],"curies":[{"name":"wp","href":"https:\/\/api.w.org\/{rel}","templated":true}]}}