{"id":1529,"date":"2026-04-28T16:04:58","date_gmt":"2026-04-28T16:04:58","guid":{"rendered":"https:\/\/www.encontravitoria.com.br\/sobre\/tiradentes-confira-o-funcionamento-dos-servicos-da-prefeitura-no-feriado-do-dia-21-de-abril\/"},"modified":"2026-04-28T16:04:58","modified_gmt":"2026-04-28T16:04:58","slug":"tiradentes-confira-o-funcionamento-dos-servicos-da-prefeitura-no-feriado-do-dia-21-de-abril","status":"publish","type":"post","link":"https:\/\/www.encontravitoria.com.br\/sobre\/tiradentes-confira-o-funcionamento-dos-servicos-da-prefeitura-no-feriado-do-dia-21-de-abril\/","title":{"rendered":"Tiradentes: confira o funcionamento dos servi\u00e7os da Prefeitura no feriado do dia 21 de abril"},"content":{"rendered":"<div class=\"23ed37709e053b55400ee1990aeffe41\" data-index=\"1\" style=\"float: none; margin:0px;\">\n<!-- Anuncio display - global -->\r\n<ins class=\"adsbygoogle\"\r\n     style=\"display:block\"\r\n     data-ad-client=\"ca-pub-8585364105181520\"\r\n     data-ad-slot=\"8789329856\"\r\n     data-ad-format=\"auto\"\r\n     data-full-width-responsive=\"true\"><\/ins>\r\n<script>\r\n     (adsbygoogle = window.adsbygoogle || []).push({});\r\n<\/script>\n<\/div>\n<h2>Funcionamento da Prefeitura no Feriado<\/h2>\n<p>Em virtude do feriado de Tiradentes, que ocorre no dia 21 de abril, a Prefeitura de Vit\u00f3ria (PMV) operar\u00e1 com servi\u00e7os reduzidos. Apenas aqueles considerados essenciais estar\u00e3o dispon\u00edveis neste dia. Por outro lado, na segunda-feira anterior ao feriado, todos os atendimentos nas reparti\u00e7\u00f5es municipais seguir\u00e3o a rotina normal.<\/p>\n<h2>Servi\u00e7os Essenciais Dispon\u00edveis<\/h2>\n<p>Os cidad\u00e3os que necessitarem de informa\u00e7\u00f5es sobre os diversos servi\u00e7os oferecidos poder\u00e3o fazer contato atrav\u00e9s do Fala Vit\u00f3ria 156. Este servi\u00e7o funciona tanto por telefone quanto via aplicativo Vit\u00f3ria Online ou por meio do website da Prefeitura. O atendimento telef\u00f4nico \u00e9 realizado diariamente, das 8h \u00e0s 22h, ao passo que os canais online proporcionam suporte 24 horas por dia.<\/p>\n<h2>Hor\u00e1rios de Atendimento<\/h2>\n<p>Em rela\u00e7\u00e3o aos hor\u00e1rios espec\u00edficos dos servi\u00e7os, abaixo segue um resumo:<\/p>\n<p><img decoding=\"async\" src=\"https:\/\/www.encontravitoria.com.br\/sobre\/wp-content\/uploads\/2026\/04\/tiradentes-confira-o-funcionamento-dos-servicos-da-prefeitura-no-feriado-do-dia-21-de-abril.webp\" alt=\"Tiradentes\" loading=\"lazy\" \/><\/p>\n<ul>\n<li><strong>Defesa Civil:<\/strong> A atua\u00e7\u00e3o ocorrer\u00e1 em regime de plant\u00e3o, dispon\u00edvel 24 horas pelo telefone <a href=\"tel:02798125-0986\">(27) 98125-0986<\/a>.<\/li>\n<li><strong>Educa\u00e7\u00e3o:<\/strong> As unidades de ensino da rede municipal estar\u00e3o sem aulas na segunda-feira (20) e ter\u00e7a-feira (21).<\/li>\n<li><strong>Unidades de Sa\u00fade:<\/strong> As unidades de sa\u00fade nos bairros Praia do Su\u00e1, Nova Palestina\/Conquista, Maru\u00edpe, Santo Ant\u00f4nio, Jardim Camburi e Maria Ortiz estar\u00e3o abertas das 7h \u00e0s 19h para atendimentos de baixa gravidade.<\/li>\n<li><strong>Pronto Atendimento:<\/strong> Os Prontos Atendimentos de S\u00e3o Pedro e Praia do Su\u00e1 funcionar\u00e3o em regime 24 horas.<\/li>\n<li><strong>Aten\u00e7\u00e3o Psicossocial:<\/strong> O Caps (Centro de Aten\u00e7\u00e3o Psicossocial) tanto de \u00c1lcool e outras Drogas quanto de S\u00e3o Pedro estar\u00e3o \u00e0 disposi\u00e7\u00e3o 24 horas.<\/li>\n<li><strong>Conselho Tutelar:<\/strong> O Conselho atuar\u00e1 em esquema de prontid\u00e3o e estar\u00e1 dispon\u00edvel pelo telefone <a href=\"tel:2733826488\">(27) 3382-6488<\/a>.<\/li>\n<li><strong>Parques Urbanos:<\/strong> No dia 21, os parques urbanos abrir\u00e3o das 5h \u00e0s 22h, enquanto os parques de conserva\u00e7\u00e3o funcionar\u00e3o das 8h \u00e0s 17h.<\/li>\n<li><strong>Restaurante Popular:<\/strong> O restaurante estar\u00e1 em opera\u00e7\u00e3o normal com o hor\u00e1rio de servi\u00e7o das 11h \u00e0s 14h para o almo\u00e7o e das 18h \u00e0s 20h para o jantar.<\/li>\n<li><strong>Ruas de Lazer:<\/strong> As ruas de lazer de Camburi e do Centro, incluindo a ciclofaixa, tamb\u00e9m funcionar\u00e3o no hor\u00e1rio normal no feriado.<\/li>\n<\/ul>\n<h2>Contato com a Defesa Civil<\/h2>\n<p>A Defesa Civil de Vit\u00f3ria est\u00e1 sempre dispon\u00edvel para atender \u00e0 popula\u00e7\u00e3o em caso de emerg\u00eancia. O n\u00famero para contato \u00e9 (27) 98125-0986, onde \u00e9 poss\u00edvel receber orienta\u00e7\u00f5es sobre desastres naturais e medidas de seguran\u00e7a a serem adotadas.<\/p>\n<h2>Educa\u00e7\u00e3o: Aulas em Recesso<\/h2>\n<p>No contexto do feriado de Tiradentes, as aulas nas escolas da rede municipal de Vit\u00f3ria estar\u00e3o interrompidas, abrangendo tanto a segunda quanto a ter\u00e7a-feira. Isso se aplica a todas as unidades de ensino, garantindo que os alunos tenham um tempo adequado para descanso.<\/p>\n<h2>Unidades de Sa\u00fade em Funcionamento<\/h2>\n<p>As unidades de sa\u00fade mencionadas anteriormente, que atendem \u00e0s necessidades da popula\u00e7\u00e3o em \u00e1reas espec\u00edficas da cidade, funcionar\u00e3o em hor\u00e1rios reduzidos, oferecendo suporte para problemas de sa\u00fade que n\u00e3o exigem cuidados de emerg\u00eancia.  A busca por assist\u00eancia deve ser sempre realizada com cautela e preferencialmente nos hor\u00e1rios de maior atendimento.<\/p>\n<h2>Atendimento Psicossocial 24h<\/h2>\n<p>\u00c9 fundamental que a popula\u00e7\u00e3o saiba que o atendimento psicol\u00f3gico direto est\u00e1 dispon\u00edvel a qualquer hora, especialmente para aqueles que enfrentam crises emocionais ou psiqui\u00e1tricas. Os Centros de Aten\u00e7\u00e3o Psicossocial estar\u00e3o prontos para atender aos cidad\u00e3os que necessitam deste suporte vital.<\/p>\n<h2>Conselho Tutelar e seu Atendimento<\/h2>\n<p>O trabalho do Conselho Tutelar n\u00e3o para. Eles estar\u00e3o \u00e0 disposi\u00e7\u00e3o com um sistema de prontid\u00e3o, garantindo que os direitos das crian\u00e7as e adolescentes sejam protegidos. O atendimento ser\u00e1 feito atrav\u00e9s do n\u00famero (27) 3382-6488, pronto para responder a qualquer den\u00fancia ou necessidade de interven\u00e7\u00e3o.<\/p>\n<h2>Hor\u00e1rio dos Parques Urbanos<\/h2>\n<p>Os parques urbanos de Vit\u00f3ria s\u00e3o \u00f3timos lugares para desfrutar de um dia ao ar livre, especialmente durante feriados. No dia 21, eles estar\u00e3o abertos das 5h at\u00e9 \u00e0s 22h, permitindo que os habitantes e visitantes desfrutem de atividades de lazer. J\u00e1 os parques de conserva\u00e7\u00e3o, por serem geridos sob normas especiais, estar\u00e3o dispon\u00edveis de 8h \u00e0s 17h.<\/p>\n<h2>Restaurante Popular: Informa\u00e7\u00f5es Importantes<\/h2>\n<p>O Restaurante Popular representa uma importante op\u00e7\u00e3o de alimenta\u00e7\u00e3o para a comunidade local. Durante o feriado, os servi\u00e7os continuar\u00e3o normalmente, com almo\u00e7os servidos das 11h \u00e0s 14h e jantares das 18h \u00e0s 20h. Esses hor\u00e1rios garantem que a popula\u00e7\u00e3o tenha acesso a refei\u00e7\u00f5es de qualidade a um custo acess\u00edvel.<\/p>\n\n<div style=\"font-size: 0px; height: 0px; line-height: 0px; margin: 0; padding: 0; clear: both;\"><\/div>","protected":false},"excerpt":{"rendered":"<p>Tiradentes se aproxima; saiba como a Prefeitura funcionar\u00e1 nesse feriado.<\/p>\n","protected":false},"author":1,"featured_media":1528,"comment_status":"open","ping_status":"closed","sticky":false,"template":"","format":"standard","meta":{"footnotes":""},"categories":[6],"tags":[],"class_list":["post-1529","post","type-post","status-publish","format-standard","has-post-thumbnail","hentry","category-noticias-em-vitoria","has_thumb"],"yoast_head":"<!-- This site is optimized with the Yoast SEO plugin v26.7 - https:\/\/yoast.com\/wordpress\/plugins\/seo\/ -->\n<title>Tiradentes: confira o funcionamento dos servi\u00e7os da Prefeitura no feriado do dia 21 de abril - Encontra Vit\u00f3ria<\/title>\n<meta name=\"robots\" content=\"index, follow, max-snippet:-1, max-image-preview:large, max-video-preview:-1\" \/>\n<link rel=\"canonical\" href=\"https:\/\/www.encontravitoria.com.br\/sobre\/tiradentes-confira-o-funcionamento-dos-servicos-da-prefeitura-no-feriado-do-dia-21-de-abril\/\" \/>\n<meta property=\"og:locale\" content=\"pt_BR\" \/>\n<meta property=\"og:type\" content=\"article\" \/>\n<meta property=\"og:title\" content=\"Tiradentes: confira o funcionamento dos servi\u00e7os da Prefeitura no feriado do dia 21 de abril - Encontra Vit\u00f3ria\" \/>\n<meta property=\"og:description\" content=\"Tiradentes se aproxima; saiba como a Prefeitura funcionar\u00e1 nesse feriado.\" \/>\n<meta property=\"og:url\" content=\"https:\/\/www.encontravitoria.com.br\/sobre\/tiradentes-confira-o-funcionamento-dos-servicos-da-prefeitura-no-feriado-do-dia-21-de-abril\/\" \/>\n<meta property=\"og:site_name\" content=\"Encontra Vit\u00f3ria\" \/>\n<meta property=\"article:published_time\" content=\"2026-04-28T16:04:58+00:00\" \/>\n<meta property=\"og:image\" content=\"https:\/\/www.encontravitoria.com.br\/sobre\/wp-content\/uploads\/2026\/04\/tiradentes-confira-o-funcionamento-dos-servicos-da-prefeitura-no-feriado-do-dia-21-de-abril.webp\" \/>\n<meta name=\"author\" content=\"Encontra Vit\u00f3ria\" \/>\n<meta name=\"twitter:card\" content=\"summary_large_image\" \/>\n<meta name=\"twitter:label1\" content=\"Escrito por\" \/>\n\t<meta name=\"twitter:data1\" content=\"Encontra Vit\u00f3ria\" \/>\n\t<meta name=\"twitter:label2\" content=\"Est. tempo de leitura\" \/>\n\t<meta name=\"twitter:data2\" content=\"4 minutos\" \/>\n<script type=\"application\/ld+json\" class=\"yoast-schema-graph\">{\"@context\":\"https:\/\/schema.org\",\"@graph\":[{\"@type\":\"Article\",\"@id\":\"https:\/\/www.encontravitoria.com.br\/sobre\/tiradentes-confira-o-funcionamento-dos-servicos-da-prefeitura-no-feriado-do-dia-21-de-abril\/#article\",\"isPartOf\":{\"@id\":\"https:\/\/www.encontravitoria.com.br\/sobre\/tiradentes-confira-o-funcionamento-dos-servicos-da-prefeitura-no-feriado-do-dia-21-de-abril\/\"},\"author\":{\"name\":\"Encontra Vit\u00f3ria\",\"@id\":\"https:\/\/www.encontravitoria.com.br\/sobre\/#\/schema\/person\/0f8e5bcc88fbadf1bad57afd504f48a2\"},\"headline\":\"Tiradentes: confira o funcionamento dos servi\u00e7os da Prefeitura no feriado do dia 21 de abril\",\"datePublished\":\"2026-04-28T16:04:58+00:00\",\"mainEntityOfPage\":{\"@id\":\"https:\/\/www.encontravitoria.com.br\/sobre\/tiradentes-confira-o-funcionamento-dos-servicos-da-prefeitura-no-feriado-do-dia-21-de-abril\/\"},\"wordCount\":781,\"commentCount\":0,\"image\":{\"@id\":\"https:\/\/www.encontravitoria.com.br\/sobre\/tiradentes-confira-o-funcionamento-dos-servicos-da-prefeitura-no-feriado-do-dia-21-de-abril\/#primaryimage\"},\"thumbnailUrl\":\"https:\/\/www.encontravitoria.com.br\/sobre\/wp-content\/uploads\/2026\/04\/tiradentes-confira-o-funcionamento-dos-servicos-da-prefeitura-no-feriado-do-dia-21-de-abril.webp\",\"articleSection\":[\"Not\u00edcias Vit\u00f3ria\"],\"inLanguage\":\"pt-BR\",\"potentialAction\":[{\"@type\":\"CommentAction\",\"name\":\"Comment\",\"target\":[\"https:\/\/www.encontravitoria.com.br\/sobre\/tiradentes-confira-o-funcionamento-dos-servicos-da-prefeitura-no-feriado-do-dia-21-de-abril\/#respond\"]}]},{\"@type\":\"WebPage\",\"@id\":\"https:\/\/www.encontravitoria.com.br\/sobre\/tiradentes-confira-o-funcionamento-dos-servicos-da-prefeitura-no-feriado-do-dia-21-de-abril\/\",\"url\":\"https:\/\/www.encontravitoria.com.br\/sobre\/tiradentes-confira-o-funcionamento-dos-servicos-da-prefeitura-no-feriado-do-dia-21-de-abril\/\",\"name\":\"Tiradentes: confira o funcionamento dos servi\u00e7os da Prefeitura no feriado do dia 21 de abril - Encontra Vit\u00f3ria\",\"isPartOf\":{\"@id\":\"https:\/\/www.encontravitoria.com.br\/sobre\/#website\"},\"primaryImageOfPage\":{\"@id\":\"https:\/\/www.encontravitoria.com.br\/sobre\/tiradentes-confira-o-funcionamento-dos-servicos-da-prefeitura-no-feriado-do-dia-21-de-abril\/#primaryimage\"},\"image\":{\"@id\":\"https:\/\/www.encontravitoria.com.br\/sobre\/tiradentes-confira-o-funcionamento-dos-servicos-da-prefeitura-no-feriado-do-dia-21-de-abril\/#primaryimage\"},\"thumbnailUrl\":\"https:\/\/www.encontravitoria.com.br\/sobre\/wp-content\/uploads\/2026\/04\/tiradentes-confira-o-funcionamento-dos-servicos-da-prefeitura-no-feriado-do-dia-21-de-abril.webp\",\"datePublished\":\"2026-04-28T16:04:58+00:00\",\"author\":{\"@id\":\"https:\/\/www.encontravitoria.com.br\/sobre\/#\/schema\/person\/0f8e5bcc88fbadf1bad57afd504f48a2\"},\"breadcrumb\":{\"@id\":\"https:\/\/www.encontravitoria.com.br\/sobre\/tiradentes-confira-o-funcionamento-dos-servicos-da-prefeitura-no-feriado-do-dia-21-de-abril\/#breadcrumb\"},\"inLanguage\":\"pt-BR\",\"potentialAction\":[{\"@type\":\"ReadAction\",\"target\":[\"https:\/\/www.encontravitoria.com.br\/sobre\/tiradentes-confira-o-funcionamento-dos-servicos-da-prefeitura-no-feriado-do-dia-21-de-abril\/\"]}]},{\"@type\":\"ImageObject\",\"inLanguage\":\"pt-BR\",\"@id\":\"https:\/\/www.encontravitoria.com.br\/sobre\/tiradentes-confira-o-funcionamento-dos-servicos-da-prefeitura-no-feriado-do-dia-21-de-abril\/#primaryimage\",\"url\":\"https:\/\/www.encontravitoria.com.br\/sobre\/wp-content\/uploads\/2026\/04\/tiradentes-confira-o-funcionamento-dos-servicos-da-prefeitura-no-feriado-do-dia-21-de-abril.webp\",\"contentUrl\":\"https:\/\/www.encontravitoria.com.br\/sobre\/wp-content\/uploads\/2026\/04\/tiradentes-confira-o-funcionamento-dos-servicos-da-prefeitura-no-feriado-do-dia-21-de-abril.webp\",\"width\":280,\"height\":280,\"caption\":\"Tiradentes\"},{\"@type\":\"BreadcrumbList\",\"@id\":\"https:\/\/www.encontravitoria.com.br\/sobre\/tiradentes-confira-o-funcionamento-dos-servicos-da-prefeitura-no-feriado-do-dia-21-de-abril\/#breadcrumb\",\"itemListElement\":[{\"@type\":\"ListItem\",\"position\":1,\"name\":\"In\u00edcio\",\"item\":\"https:\/\/www.encontravitoria.com.br\/sobre\/\"},{\"@type\":\"ListItem\",\"position\":2,\"name\":\"Tiradentes: confira o funcionamento dos servi\u00e7os da Prefeitura no feriado do dia 21 de abril\"}]},{\"@type\":\"WebSite\",\"@id\":\"https:\/\/www.encontravitoria.com.br\/sobre\/#website\",\"url\":\"https:\/\/www.encontravitoria.com.br\/sobre\/\",\"name\":\"Encontra Vit\u00f3ria\",\"description\":\"Not\u00edcias, eventos, informa\u00e7\u00f5es e dicas na cidade Vit\u00f3ria e regi\u00e3o.\",\"potentialAction\":[{\"@type\":\"SearchAction\",\"target\":{\"@type\":\"EntryPoint\",\"urlTemplate\":\"https:\/\/www.encontravitoria.com.br\/sobre\/?s={search_term_string}\"},\"query-input\":{\"@type\":\"PropertyValueSpecification\",\"valueRequired\":true,\"valueName\":\"search_term_string\"}}],\"inLanguage\":\"pt-BR\"},{\"@type\":\"Person\",\"@id\":\"https:\/\/www.encontravitoria.com.br\/sobre\/#\/schema\/person\/0f8e5bcc88fbadf1bad57afd504f48a2\",\"name\":\"Encontra Vit\u00f3ria\",\"image\":{\"@type\":\"ImageObject\",\"inLanguage\":\"pt-BR\",\"@id\":\"https:\/\/www.encontravitoria.com.br\/sobre\/#\/schema\/person\/image\/\",\"url\":\"https:\/\/secure.gravatar.com\/avatar\/507340682b8270222e1f208e23198b6ae7e2c6a1033ae84e99bc6bce4f82a387?s=96&d=mm&r=g\",\"contentUrl\":\"https:\/\/secure.gravatar.com\/avatar\/507340682b8270222e1f208e23198b6ae7e2c6a1033ae84e99bc6bce4f82a387?s=96&d=mm&r=g\",\"caption\":\"Encontra Vit\u00f3ria\"},\"sameAs\":[\"http:\/\/www.encontravitoria.com.br\"],\"url\":\"https:\/\/www.encontravitoria.com.br\/sobre\/author\/evitoria\/\"}]}<\/script>\n<!-- \/ Yoast SEO plugin. -->","yoast_head_json":{"title":"Tiradentes: confira o funcionamento dos servi\u00e7os da Prefeitura no feriado do dia 21 de abril - Encontra Vit\u00f3ria","robots":{"index":"index","follow":"follow","max-snippet":"max-snippet:-1","max-image-preview":"max-image-preview:large","max-video-preview":"max-video-preview:-1"},"canonical":"https:\/\/www.encontravitoria.com.br\/sobre\/tiradentes-confira-o-funcionamento-dos-servicos-da-prefeitura-no-feriado-do-dia-21-de-abril\/","og_locale":"pt_BR","og_type":"article","og_title":"Tiradentes: confira o funcionamento dos servi\u00e7os da Prefeitura no feriado do dia 21 de abril - Encontra Vit\u00f3ria","og_description":"Tiradentes se aproxima; saiba como a Prefeitura funcionar\u00e1 nesse feriado.","og_url":"https:\/\/www.encontravitoria.com.br\/sobre\/tiradentes-confira-o-funcionamento-dos-servicos-da-prefeitura-no-feriado-do-dia-21-de-abril\/","og_site_name":"Encontra Vit\u00f3ria","article_published_time":"2026-04-28T16:04:58+00:00","og_image":[{"url":"https:\/\/www.encontravitoria.com.br\/sobre\/wp-content\/uploads\/2026\/04\/tiradentes-confira-o-funcionamento-dos-servicos-da-prefeitura-no-feriado-do-dia-21-de-abril.webp","type":"","width":"","height":""}],"author":"Encontra Vit\u00f3ria","twitter_card":"summary_large_image","twitter_misc":{"Escrito por":"Encontra Vit\u00f3ria","Est. tempo de leitura":"4 minutos"},"schema":{"@context":"https:\/\/schema.org","@graph":[{"@type":"Article","@id":"https:\/\/www.encontravitoria.com.br\/sobre\/tiradentes-confira-o-funcionamento-dos-servicos-da-prefeitura-no-feriado-do-dia-21-de-abril\/#article","isPartOf":{"@id":"https:\/\/www.encontravitoria.com.br\/sobre\/tiradentes-confira-o-funcionamento-dos-servicos-da-prefeitura-no-feriado-do-dia-21-de-abril\/"},"author":{"name":"Encontra Vit\u00f3ria","@id":"https:\/\/www.encontravitoria.com.br\/sobre\/#\/schema\/person\/0f8e5bcc88fbadf1bad57afd504f48a2"},"headline":"Tiradentes: confira o funcionamento dos servi\u00e7os da Prefeitura no feriado do dia 21 de abril","datePublished":"2026-04-28T16:04:58+00:00","mainEntityOfPage":{"@id":"https:\/\/www.encontravitoria.com.br\/sobre\/tiradentes-confira-o-funcionamento-dos-servicos-da-prefeitura-no-feriado-do-dia-21-de-abril\/"},"wordCount":781,"commentCount":0,"image":{"@id":"https:\/\/www.encontravitoria.com.br\/sobre\/tiradentes-confira-o-funcionamento-dos-servicos-da-prefeitura-no-feriado-do-dia-21-de-abril\/#primaryimage"},"thumbnailUrl":"https:\/\/www.encontravitoria.com.br\/sobre\/wp-content\/uploads\/2026\/04\/tiradentes-confira-o-funcionamento-dos-servicos-da-prefeitura-no-feriado-do-dia-21-de-abril.webp","articleSection":["Not\u00edcias Vit\u00f3ria"],"inLanguage":"pt-BR","potentialAction":[{"@type":"CommentAction","name":"Comment","target":["https:\/\/www.encontravitoria.com.br\/sobre\/tiradentes-confira-o-funcionamento-dos-servicos-da-prefeitura-no-feriado-do-dia-21-de-abril\/#respond"]}]},{"@type":"WebPage","@id":"https:\/\/www.encontravitoria.com.br\/sobre\/tiradentes-confira-o-funcionamento-dos-servicos-da-prefeitura-no-feriado-do-dia-21-de-abril\/","url":"https:\/\/www.encontravitoria.com.br\/sobre\/tiradentes-confira-o-funcionamento-dos-servicos-da-prefeitura-no-feriado-do-dia-21-de-abril\/","name":"Tiradentes: confira o funcionamento dos servi\u00e7os da Prefeitura no feriado do dia 21 de abril - Encontra Vit\u00f3ria","isPartOf":{"@id":"https:\/\/www.encontravitoria.com.br\/sobre\/#website"},"primaryImageOfPage":{"@id":"https:\/\/www.encontravitoria.com.br\/sobre\/tiradentes-confira-o-funcionamento-dos-servicos-da-prefeitura-no-feriado-do-dia-21-de-abril\/#primaryimage"},"image":{"@id":"https:\/\/www.encontravitoria.com.br\/sobre\/tiradentes-confira-o-funcionamento-dos-servicos-da-prefeitura-no-feriado-do-dia-21-de-abril\/#primaryimage"},"thumbnailUrl":"https:\/\/www.encontravitoria.com.br\/sobre\/wp-content\/uploads\/2026\/04\/tiradentes-confira-o-funcionamento-dos-servicos-da-prefeitura-no-feriado-do-dia-21-de-abril.webp","datePublished":"2026-04-28T16:04:58+00:00","author":{"@id":"https:\/\/www.encontravitoria.com.br\/sobre\/#\/schema\/person\/0f8e5bcc88fbadf1bad57afd504f48a2"},"breadcrumb":{"@id":"https:\/\/www.encontravitoria.com.br\/sobre\/tiradentes-confira-o-funcionamento-dos-servicos-da-prefeitura-no-feriado-do-dia-21-de-abril\/#breadcrumb"},"inLanguage":"pt-BR","potentialAction":[{"@type":"ReadAction","target":["https:\/\/www.encontravitoria.com.br\/sobre\/tiradentes-confira-o-funcionamento-dos-servicos-da-prefeitura-no-feriado-do-dia-21-de-abril\/"]}]},{"@type":"ImageObject","inLanguage":"pt-BR","@id":"https:\/\/www.encontravitoria.com.br\/sobre\/tiradentes-confira-o-funcionamento-dos-servicos-da-prefeitura-no-feriado-do-dia-21-de-abril\/#primaryimage","url":"https:\/\/www.encontravitoria.com.br\/sobre\/wp-content\/uploads\/2026\/04\/tiradentes-confira-o-funcionamento-dos-servicos-da-prefeitura-no-feriado-do-dia-21-de-abril.webp","contentUrl":"https:\/\/www.encontravitoria.com.br\/sobre\/wp-content\/uploads\/2026\/04\/tiradentes-confira-o-funcionamento-dos-servicos-da-prefeitura-no-feriado-do-dia-21-de-abril.webp","width":280,"height":280,"caption":"Tiradentes"},{"@type":"BreadcrumbList","@id":"https:\/\/www.encontravitoria.com.br\/sobre\/tiradentes-confira-o-funcionamento-dos-servicos-da-prefeitura-no-feriado-do-dia-21-de-abril\/#breadcrumb","itemListElement":[{"@type":"ListItem","position":1,"name":"In\u00edcio","item":"https:\/\/www.encontravitoria.com.br\/sobre\/"},{"@type":"ListItem","position":2,"name":"Tiradentes: confira o funcionamento dos servi\u00e7os da Prefeitura no feriado do dia 21 de abril"}]},{"@type":"WebSite","@id":"https:\/\/www.encontravitoria.com.br\/sobre\/#website","url":"https:\/\/www.encontravitoria.com.br\/sobre\/","name":"Encontra Vit\u00f3ria","description":"Not\u00edcias, eventos, informa\u00e7\u00f5es e dicas na cidade Vit\u00f3ria e regi\u00e3o.","potentialAction":[{"@type":"SearchAction","target":{"@type":"EntryPoint","urlTemplate":"https:\/\/www.encontravitoria.com.br\/sobre\/?s={search_term_string}"},"query-input":{"@type":"PropertyValueSpecification","valueRequired":true,"valueName":"search_term_string"}}],"inLanguage":"pt-BR"},{"@type":"Person","@id":"https:\/\/www.encontravitoria.com.br\/sobre\/#\/schema\/person\/0f8e5bcc88fbadf1bad57afd504f48a2","name":"Encontra Vit\u00f3ria","image":{"@type":"ImageObject","inLanguage":"pt-BR","@id":"https:\/\/www.encontravitoria.com.br\/sobre\/#\/schema\/person\/image\/","url":"https:\/\/secure.gravatar.com\/avatar\/507340682b8270222e1f208e23198b6ae7e2c6a1033ae84e99bc6bce4f82a387?s=96&d=mm&r=g","contentUrl":"https:\/\/secure.gravatar.com\/avatar\/507340682b8270222e1f208e23198b6ae7e2c6a1033ae84e99bc6bce4f82a387?s=96&d=mm&r=g","caption":"Encontra Vit\u00f3ria"},"sameAs":["http:\/\/www.encontravitoria.com.br"],"url":"https:\/\/www.encontravitoria.com.br\/sobre\/author\/evitoria\/"}]}},"_links":{"self":[{"href":"https:\/\/www.encontravitoria.com.br\/sobre\/wp-json\/wp\/v2\/posts\/1529","targetHints":{"allow":["GET"]}}],"collection":[{"href":"https:\/\/www.encontravitoria.com.br\/sobre\/wp-json\/wp\/v2\/posts"}],"about":[{"href":"https:\/\/www.encontravitoria.com.br\/sobre\/wp-json\/wp\/v2\/types\/post"}],"author":[{"embeddable":true,"href":"https:\/\/www.encontravitoria.com.br\/sobre\/wp-json\/wp\/v2\/users\/1"}],"replies":[{"embeddable":true,"href":"https:\/\/www.encontravitoria.com.br\/sobre\/wp-json\/wp\/v2\/comments?post=1529"}],"version-history":[{"count":0,"href":"https:\/\/www.encontravitoria.com.br\/sobre\/wp-json\/wp\/v2\/posts\/1529\/revisions"}],"wp:featuredmedia":[{"embeddable":true,"href":"https:\/\/www.encontravitoria.com.br\/sobre\/wp-json\/wp\/v2\/media\/1528"}],"wp:attachment":[{"href":"https:\/\/www.encontravitoria.com.br\/sobre\/wp-json\/wp\/v2\/media?parent=1529"}],"wp:term":[{"taxonomy":"category","embeddable":true,"href":"https:\/\/www.encontravitoria.com.br\/sobre\/wp-json\/wp\/v2\/categories?post=1529"},{"taxonomy":"post_tag","embeddable":true,"href":"https:\/\/www.encontravitoria.com.br\/sobre\/wp-json\/wp\/v2\/tags?post=1529"}],"curies":[{"name":"wp","href":"https:\/\/api.w.org\/{rel}","templated":true}]}}