{"id":1531,"date":"2026-04-28T16:06:41","date_gmt":"2026-04-28T16:06:41","guid":{"rendered":"https:\/\/www.encontravitoria.com.br\/sobre\/conheca-o-novo-edital-da-prefeitura-de-vitoria\/"},"modified":"2026-04-28T16:06:41","modified_gmt":"2026-04-28T16:06:41","slug":"conheca-o-novo-edital-da-prefeitura-de-vitoria","status":"publish","type":"post","link":"https:\/\/www.encontravitoria.com.br\/sobre\/conheca-o-novo-edital-da-prefeitura-de-vitoria\/","title":{"rendered":"Conhe\u00e7a o novo edital da Prefeitura de Vit\u00f3ria"},"content":{"rendered":"<div class=\"23ed37709e053b55400ee1990aeffe41\" data-index=\"1\" style=\"float: none; margin:0px;\">\n<!-- Anuncio display - global -->\r\n<ins class=\"adsbygoogle\"\r\n     style=\"display:block\"\r\n     data-ad-client=\"ca-pub-8585364105181520\"\r\n     data-ad-slot=\"8789329856\"\r\n     data-ad-format=\"auto\"\r\n     data-full-width-responsive=\"true\"><\/ins>\r\n<script>\r\n     (adsbygoogle = window.adsbygoogle || []).push({});\r\n<\/script>\n<\/div>\n<h2>Conhecendo o Novo Edital da Prefeitura de Vit\u00f3ria<\/h2>\n<p>O concurso para a Prefeitura de Vit\u00f3ria, localizada no Esp\u00edrito Santo, est\u00e1 prestes a ser uma grande oportunidade para muitos profissionais. Com um cen\u00e1rio natural deslumbrante e diversas op\u00e7\u00f5es de qualidade de vida, esta cidade n\u00e3o s\u00f3 encanta como tamb\u00e9m oferece vagas interessantes no setor p\u00fablico.<\/p>\n<h2>Cargos em Destaque no Concurso da Prefeitura de Vit\u00f3ria<\/h2>\n<p>O edital mais recente traz uma variedade de op\u00e7\u00f5es para candidatos com n\u00edvel superior. Vejamos os cargos dispon\u00edveis:<\/p>\n<table>\n<tr>\n<th>Cargo<\/th>\n<th>Vagas Dispon\u00edveis<\/th>\n<th>Remunera\u00e7\u00e3o Mensal<\/th>\n<\/tr>\n<tr>\n<td>Analista em Gest\u00e3o P\u00fablica<\/td>\n<td>7 + CR<\/td>\n<td>R$ 5.844,30 + R$ 825,00 (vale alimenta\u00e7\u00e3o)<\/td>\n<\/tr>\n<tr>\n<td>Analista em TI<\/td>\n<td>9 + CR<\/td>\n<td>R$ 7.560,32 + R$ 2.300,00 (produtividade) + R$ 825,00 (vale alimenta\u00e7\u00e3o)<\/td>\n<\/tr>\n<tr>\n<td>Arquiteto<\/td>\n<td>5 + CR<\/td>\n<td>R$ 7.560,32 + R$ 825,00 (vale alimenta\u00e7\u00e3o)<\/td>\n<\/tr>\n<tr>\n<td>Engenheiro<\/td>\n<td>11 + CR<\/td>\n<td>R$ 7.560,32 + R$ 825,00 (vale alimenta\u00e7\u00e3o)<\/td>\n<\/tr>\n<\/table>\n<h2>Quantas Vagas Est\u00e3o Dispon\u00edveis?<\/h2>\n<p>Ao todo, s\u00e3o 32 vagas imediatas, al\u00e9m de um cadastro de reserva. As posi\u00e7\u00f5es abrangem diversos setores, incluindo Administra\u00e7\u00e3o, Tecnologia da Informa\u00e7\u00e3o, Arquitetura e Engenharia, indicando uma excelente variedade de oportunidades para os candidatos.<\/p>\n<p><img decoding=\"async\" src=\"https:\/\/www.encontravitoria.com.br\/sobre\/wp-content\/uploads\/2026\/04\/conheca-o-novo-edital-da-prefeitura-de-vitoria.webp\" alt=\"novo edital da Prefeitura de Vit\u00f3ria\" loading=\"lazy\" \/><\/p>\n<h2>Como Funciona o Processo de Inscri\u00e7\u00e3o?<\/h2>\n<p>As inscri\u00e7\u00f5es para o concurso estar\u00e3o abertas a partir do dia 27 de abril. Para participar, os interessados devem acessar o site oficial da Prefeitura de Vit\u00f3ria, onde encontrar\u00e3o todas as orienta\u00e7\u00f5es necess\u00e1rias para a realiza\u00e7\u00e3o da inscri\u00e7\u00e3o.<\/p>\n<h2>Quais S\u00e3o os Sal\u00e1rios Atraentes?<\/h2>\n<p>Os sal\u00e1rios oferecidos s\u00e3o bastante competitivos, especialmente para aqueles que buscam estabilidade e bons benef\u00edcios. Como mencionado anteriormente, os valores podem ultrapassar os R$ 10 mil, dependendo do cargo e da \u00e1rea de atua\u00e7\u00e3o. Essa remunera\u00e7\u00e3o \u00e9 uma excelente motiva\u00e7\u00e3o para os candidatos, que buscam n\u00e3o apenas um emprego, mas tamb\u00e9m a realiza\u00e7\u00e3o de uma carreira p\u00fablica s\u00f3lida.<\/p>\n<h2>Requisitos Necess\u00e1rios para Candidatos<\/h2>\n<p>Para se inscrever, os candidatos devem atender a requisitos espec\u00edficos, sendo essencial a forma\u00e7\u00e3o em n\u00edvel superior, conforme a vaga desejada:<\/p>\n<ul>\n<li><strong>Analista em Gest\u00e3o P\u00fablica:<\/strong> diploma na \u00e1rea relevante (Administra\u00e7\u00e3o, Economia ou Estat\u00edstica).<\/li>\n<li><strong>Analista em TI:<\/strong> diploma superior em Tecnologia da Informa\u00e7\u00e3o ou \u00e1reas correlatas.<\/li>\n<li><strong>Arquiteto:<\/strong> gradua\u00e7\u00e3o em Arquitetura e registro em conselho profissional.<\/li>\n<li><strong>Engenheiros (todas as especialidades):<\/strong> forma\u00e7\u00e3o em Engenharia correspondente e registro no conselho.<\/li>\n<li><strong>Engenheiro de Seguran\u00e7a do Trabalho:<\/strong> forma\u00e7\u00e3o em Engenharia ou Arquitetura, com especializa\u00e7\u00e3o em Engenharia de Seguran\u00e7a do Trabalho e registro no conselho profissional.<\/li>\n<\/ul>\n<h2>Benef\u00edcios Adicionais dos Cargos<\/h2>\n<p>Al\u00e9m das remunera\u00e7\u00f5es atrativas, os cargos na Prefeitura de Vit\u00f3ria oferecem benef\u00edcios, como:<\/p>\n<ul>\n<li><strong>Vale Alimenta\u00e7\u00e3o:<\/strong> um valor mensal consistente, que contribui significativamente na folha de pagamentos.<\/li>\n<li><strong>Estabilidade:<\/strong> a carreira p\u00fablica proporciona estabilidade financeira e profissional, um fator importante para muitos candidatos.<\/li>\n<li><strong>Desenvolvimento Profissional:<\/strong> oportunidades de crescimento e capacita\u00e7\u00e3o cont\u00ednua em diversas \u00e1reas\u3002<\/li>\n<\/ul>\n<h2>Panorama do Mercado P\u00fablico em Vit\u00f3ria<\/h2>\n<p>O mercado p\u00fablico em Vit\u00f3ria se mostra promissor, com um aumento na demanda por profissionais qualificados nas diversas \u00e1reas mencionadas. Com diversas obras e projetos em andamento, a necessidade de servidores capacitados ser\u00e1 ainda mais acentuada, tornando este um \u00f3timo momento para se ingressar na carreira p\u00fablica.<\/p>\n<h2>Dicas para se Preparar para o Concurso<\/h2>\n<p>Para se destacar durante o processo seletivo, algumas dicas s\u00e3o fundamentais:<\/p>\n<ul>\n<li><strong>Planejamento de Estudos:<\/strong> Elabore um cronograma de estudos que inclua todas as mat\u00e9rias relevantes para a prova. <\/li>\n<li><strong>Material de Qualidade:<\/strong> Utilize livros, cursos online e videoaulas que ofere\u00e7am um conte\u00fado atualizado e direcionado ao concurso.<\/li>\n<li><strong>Simulados:<\/strong> Pratique com simulados, para se familiarizar com o formato da prova e o tipo de quest\u00f5es que podem ser cobradas.<\/li>\n<li><strong>Grupos de Estudo:<\/strong> Junte-se a grupos de estudo para trocar informa\u00e7\u00f5es, dicas e tirar d\u00favidas com colegas.<\/li>\n<\/ul>\n<h2>Depoimentos de Aprovados em Concursos<\/h2>\n<p>A busca por inspira\u00e7\u00e3o tamb\u00e9m \u00e9 essencial. Muitos aprovados em concursos destacam a import\u00e2ncia da disciplina e da dedica\u00e7\u00e3o. Eles relatam como seguir um cronograma rigoroso e adotar estrat\u00e9gias de estudo eficazes fez a diferen\u00e7a em suas trajet\u00f3rias. Al\u00e9m disso, ressaltam o suporte de cursos preparat\u00f3rios, que ajudaram a direcionar seus estudos de forma eficaz.<\/p>\n<h2>Pr\u00f3ximos Passos Ap\u00f3s a Inscri\u00e7\u00e3o<\/h2>\n<p>Uma vez realizadas as inscri\u00e7\u00f5es, o candidato deve se preparar para as etapas seguintes, que incluem:<\/p>\n<ul>\n<li><strong>Estudar para a Prova:<\/strong> Focar nos conte\u00fados exigidos no edital e reservar tempo suficiente para cada disciplina.<\/li>\n<li><strong>Fica de Olho nas Datas:<\/strong> Prestar aten\u00e7\u00e3o \u00e0s datas importantes, como a divulga\u00e7\u00e3o do local da prova e a data da realiza\u00e7\u00e3o do exame.<\/li>\n<li><strong>Manter a Calma:<\/strong> A gest\u00e3o do estresse \u00e9 importante para um desempenho adequado no dia da prova. T\u00e9cnicas de relaxamento podem ser \u00fateis.<\/li>\n<\/ul>\n<p>Para mais informa\u00e7\u00f5es sobre o concurso da Prefeitura de Vit\u00f3ria, os candidatos s\u00e3o incentivados a acessar o portal oficial e se manter atualizados sobre quaisquer mudan\u00e7as ou novas orienta\u00e7\u00f5es. Esta \u00e9 uma chance excelente que n\u00e3o deve ser deixada passar!<\/p>\n\n<div style=\"font-size: 0px; height: 0px; line-height: 0px; margin: 0; padding: 0; clear: both;\"><\/div>","protected":false},"excerpt":{"rendered":"<p>Novo edital da Prefeitura de Vit\u00f3ria: cargos e vagas imperd\u00edveis para concursos p\u00fablicos!<\/p>\n","protected":false},"author":1,"featured_media":1530,"comment_status":"open","ping_status":"closed","sticky":false,"template":"","format":"standard","meta":{"footnotes":""},"categories":[6],"tags":[],"class_list":["post-1531","post","type-post","status-publish","format-standard","has-post-thumbnail","hentry","category-noticias-em-vitoria","has_thumb"],"yoast_head":"<!-- This site is optimized with the Yoast SEO plugin v26.7 - https:\/\/yoast.com\/wordpress\/plugins\/seo\/ -->\n<title>Conhe\u00e7a o novo edital da Prefeitura de Vit\u00f3ria - Encontra Vit\u00f3ria<\/title>\n<meta name=\"robots\" content=\"index, follow, max-snippet:-1, max-image-preview:large, max-video-preview:-1\" \/>\n<link rel=\"canonical\" href=\"https:\/\/www.encontravitoria.com.br\/sobre\/conheca-o-novo-edital-da-prefeitura-de-vitoria\/\" \/>\n<meta property=\"og:locale\" content=\"pt_BR\" \/>\n<meta property=\"og:type\" content=\"article\" \/>\n<meta property=\"og:title\" content=\"Conhe\u00e7a o novo edital da Prefeitura de Vit\u00f3ria - Encontra Vit\u00f3ria\" \/>\n<meta property=\"og:description\" content=\"Novo edital da Prefeitura de Vit\u00f3ria: cargos e vagas imperd\u00edveis para concursos p\u00fablicos!\" \/>\n<meta property=\"og:url\" content=\"https:\/\/www.encontravitoria.com.br\/sobre\/conheca-o-novo-edital-da-prefeitura-de-vitoria\/\" \/>\n<meta property=\"og:site_name\" content=\"Encontra Vit\u00f3ria\" \/>\n<meta property=\"article:published_time\" content=\"2026-04-28T16:06:41+00:00\" \/>\n<meta property=\"og:image\" content=\"https:\/\/www.encontravitoria.com.br\/sobre\/wp-content\/uploads\/2026\/04\/conheca-o-novo-edital-da-prefeitura-de-vitoria.webp\" \/>\n<meta name=\"author\" content=\"Encontra Vit\u00f3ria\" \/>\n<meta name=\"twitter:card\" content=\"summary_large_image\" \/>\n<meta name=\"twitter:label1\" content=\"Escrito por\" \/>\n\t<meta name=\"twitter:data1\" content=\"Encontra Vit\u00f3ria\" \/>\n\t<meta name=\"twitter:label2\" content=\"Est. tempo de leitura\" \/>\n\t<meta name=\"twitter:data2\" content=\"4 minutos\" \/>\n<script type=\"application\/ld+json\" class=\"yoast-schema-graph\">{\"@context\":\"https:\/\/schema.org\",\"@graph\":[{\"@type\":\"Article\",\"@id\":\"https:\/\/www.encontravitoria.com.br\/sobre\/conheca-o-novo-edital-da-prefeitura-de-vitoria\/#article\",\"isPartOf\":{\"@id\":\"https:\/\/www.encontravitoria.com.br\/sobre\/conheca-o-novo-edital-da-prefeitura-de-vitoria\/\"},\"author\":{\"name\":\"Encontra Vit\u00f3ria\",\"@id\":\"https:\/\/www.encontravitoria.com.br\/sobre\/#\/schema\/person\/0f8e5bcc88fbadf1bad57afd504f48a2\"},\"headline\":\"Conhe\u00e7a o novo edital da Prefeitura de Vit\u00f3ria\",\"datePublished\":\"2026-04-28T16:06:41+00:00\",\"mainEntityOfPage\":{\"@id\":\"https:\/\/www.encontravitoria.com.br\/sobre\/conheca-o-novo-edital-da-prefeitura-de-vitoria\/\"},\"wordCount\":853,\"commentCount\":0,\"image\":{\"@id\":\"https:\/\/www.encontravitoria.com.br\/sobre\/conheca-o-novo-edital-da-prefeitura-de-vitoria\/#primaryimage\"},\"thumbnailUrl\":\"https:\/\/www.encontravitoria.com.br\/sobre\/wp-content\/uploads\/2026\/04\/conheca-o-novo-edital-da-prefeitura-de-vitoria.webp\",\"articleSection\":[\"Not\u00edcias Vit\u00f3ria\"],\"inLanguage\":\"pt-BR\",\"potentialAction\":[{\"@type\":\"CommentAction\",\"name\":\"Comment\",\"target\":[\"https:\/\/www.encontravitoria.com.br\/sobre\/conheca-o-novo-edital-da-prefeitura-de-vitoria\/#respond\"]}]},{\"@type\":\"WebPage\",\"@id\":\"https:\/\/www.encontravitoria.com.br\/sobre\/conheca-o-novo-edital-da-prefeitura-de-vitoria\/\",\"url\":\"https:\/\/www.encontravitoria.com.br\/sobre\/conheca-o-novo-edital-da-prefeitura-de-vitoria\/\",\"name\":\"Conhe\u00e7a o novo edital da Prefeitura de Vit\u00f3ria - Encontra Vit\u00f3ria\",\"isPartOf\":{\"@id\":\"https:\/\/www.encontravitoria.com.br\/sobre\/#website\"},\"primaryImageOfPage\":{\"@id\":\"https:\/\/www.encontravitoria.com.br\/sobre\/conheca-o-novo-edital-da-prefeitura-de-vitoria\/#primaryimage\"},\"image\":{\"@id\":\"https:\/\/www.encontravitoria.com.br\/sobre\/conheca-o-novo-edital-da-prefeitura-de-vitoria\/#primaryimage\"},\"thumbnailUrl\":\"https:\/\/www.encontravitoria.com.br\/sobre\/wp-content\/uploads\/2026\/04\/conheca-o-novo-edital-da-prefeitura-de-vitoria.webp\",\"datePublished\":\"2026-04-28T16:06:41+00:00\",\"author\":{\"@id\":\"https:\/\/www.encontravitoria.com.br\/sobre\/#\/schema\/person\/0f8e5bcc88fbadf1bad57afd504f48a2\"},\"breadcrumb\":{\"@id\":\"https:\/\/www.encontravitoria.com.br\/sobre\/conheca-o-novo-edital-da-prefeitura-de-vitoria\/#breadcrumb\"},\"inLanguage\":\"pt-BR\",\"potentialAction\":[{\"@type\":\"ReadAction\",\"target\":[\"https:\/\/www.encontravitoria.com.br\/sobre\/conheca-o-novo-edital-da-prefeitura-de-vitoria\/\"]}]},{\"@type\":\"ImageObject\",\"inLanguage\":\"pt-BR\",\"@id\":\"https:\/\/www.encontravitoria.com.br\/sobre\/conheca-o-novo-edital-da-prefeitura-de-vitoria\/#primaryimage\",\"url\":\"https:\/\/www.encontravitoria.com.br\/sobre\/wp-content\/uploads\/2026\/04\/conheca-o-novo-edital-da-prefeitura-de-vitoria.webp\",\"contentUrl\":\"https:\/\/www.encontravitoria.com.br\/sobre\/wp-content\/uploads\/2026\/04\/conheca-o-novo-edital-da-prefeitura-de-vitoria.webp\",\"width\":280,\"height\":280,\"caption\":\"novo edital da Prefeitura de Vit\u00f3ria\"},{\"@type\":\"BreadcrumbList\",\"@id\":\"https:\/\/www.encontravitoria.com.br\/sobre\/conheca-o-novo-edital-da-prefeitura-de-vitoria\/#breadcrumb\",\"itemListElement\":[{\"@type\":\"ListItem\",\"position\":1,\"name\":\"In\u00edcio\",\"item\":\"https:\/\/www.encontravitoria.com.br\/sobre\/\"},{\"@type\":\"ListItem\",\"position\":2,\"name\":\"Conhe\u00e7a o novo edital da Prefeitura de Vit\u00f3ria\"}]},{\"@type\":\"WebSite\",\"@id\":\"https:\/\/www.encontravitoria.com.br\/sobre\/#website\",\"url\":\"https:\/\/www.encontravitoria.com.br\/sobre\/\",\"name\":\"Encontra Vit\u00f3ria\",\"description\":\"Not\u00edcias, eventos, informa\u00e7\u00f5es e dicas na cidade Vit\u00f3ria e regi\u00e3o.\",\"potentialAction\":[{\"@type\":\"SearchAction\",\"target\":{\"@type\":\"EntryPoint\",\"urlTemplate\":\"https:\/\/www.encontravitoria.com.br\/sobre\/?s={search_term_string}\"},\"query-input\":{\"@type\":\"PropertyValueSpecification\",\"valueRequired\":true,\"valueName\":\"search_term_string\"}}],\"inLanguage\":\"pt-BR\"},{\"@type\":\"Person\",\"@id\":\"https:\/\/www.encontravitoria.com.br\/sobre\/#\/schema\/person\/0f8e5bcc88fbadf1bad57afd504f48a2\",\"name\":\"Encontra Vit\u00f3ria\",\"image\":{\"@type\":\"ImageObject\",\"inLanguage\":\"pt-BR\",\"@id\":\"https:\/\/www.encontravitoria.com.br\/sobre\/#\/schema\/person\/image\/\",\"url\":\"https:\/\/secure.gravatar.com\/avatar\/507340682b8270222e1f208e23198b6ae7e2c6a1033ae84e99bc6bce4f82a387?s=96&d=mm&r=g\",\"contentUrl\":\"https:\/\/secure.gravatar.com\/avatar\/507340682b8270222e1f208e23198b6ae7e2c6a1033ae84e99bc6bce4f82a387?s=96&d=mm&r=g\",\"caption\":\"Encontra Vit\u00f3ria\"},\"sameAs\":[\"http:\/\/www.encontravitoria.com.br\"],\"url\":\"https:\/\/www.encontravitoria.com.br\/sobre\/author\/evitoria\/\"}]}<\/script>\n<!-- \/ Yoast SEO plugin. -->","yoast_head_json":{"title":"Conhe\u00e7a o novo edital da Prefeitura de Vit\u00f3ria - Encontra Vit\u00f3ria","robots":{"index":"index","follow":"follow","max-snippet":"max-snippet:-1","max-image-preview":"max-image-preview:large","max-video-preview":"max-video-preview:-1"},"canonical":"https:\/\/www.encontravitoria.com.br\/sobre\/conheca-o-novo-edital-da-prefeitura-de-vitoria\/","og_locale":"pt_BR","og_type":"article","og_title":"Conhe\u00e7a o novo edital da Prefeitura de Vit\u00f3ria - Encontra Vit\u00f3ria","og_description":"Novo edital da Prefeitura de Vit\u00f3ria: cargos e vagas imperd\u00edveis para concursos p\u00fablicos!","og_url":"https:\/\/www.encontravitoria.com.br\/sobre\/conheca-o-novo-edital-da-prefeitura-de-vitoria\/","og_site_name":"Encontra Vit\u00f3ria","article_published_time":"2026-04-28T16:06:41+00:00","og_image":[{"url":"https:\/\/www.encontravitoria.com.br\/sobre\/wp-content\/uploads\/2026\/04\/conheca-o-novo-edital-da-prefeitura-de-vitoria.webp","type":"","width":"","height":""}],"author":"Encontra Vit\u00f3ria","twitter_card":"summary_large_image","twitter_misc":{"Escrito por":"Encontra Vit\u00f3ria","Est. tempo de leitura":"4 minutos"},"schema":{"@context":"https:\/\/schema.org","@graph":[{"@type":"Article","@id":"https:\/\/www.encontravitoria.com.br\/sobre\/conheca-o-novo-edital-da-prefeitura-de-vitoria\/#article","isPartOf":{"@id":"https:\/\/www.encontravitoria.com.br\/sobre\/conheca-o-novo-edital-da-prefeitura-de-vitoria\/"},"author":{"name":"Encontra Vit\u00f3ria","@id":"https:\/\/www.encontravitoria.com.br\/sobre\/#\/schema\/person\/0f8e5bcc88fbadf1bad57afd504f48a2"},"headline":"Conhe\u00e7a o novo edital da Prefeitura de Vit\u00f3ria","datePublished":"2026-04-28T16:06:41+00:00","mainEntityOfPage":{"@id":"https:\/\/www.encontravitoria.com.br\/sobre\/conheca-o-novo-edital-da-prefeitura-de-vitoria\/"},"wordCount":853,"commentCount":0,"image":{"@id":"https:\/\/www.encontravitoria.com.br\/sobre\/conheca-o-novo-edital-da-prefeitura-de-vitoria\/#primaryimage"},"thumbnailUrl":"https:\/\/www.encontravitoria.com.br\/sobre\/wp-content\/uploads\/2026\/04\/conheca-o-novo-edital-da-prefeitura-de-vitoria.webp","articleSection":["Not\u00edcias Vit\u00f3ria"],"inLanguage":"pt-BR","potentialAction":[{"@type":"CommentAction","name":"Comment","target":["https:\/\/www.encontravitoria.com.br\/sobre\/conheca-o-novo-edital-da-prefeitura-de-vitoria\/#respond"]}]},{"@type":"WebPage","@id":"https:\/\/www.encontravitoria.com.br\/sobre\/conheca-o-novo-edital-da-prefeitura-de-vitoria\/","url":"https:\/\/www.encontravitoria.com.br\/sobre\/conheca-o-novo-edital-da-prefeitura-de-vitoria\/","name":"Conhe\u00e7a o novo edital da Prefeitura de Vit\u00f3ria - Encontra Vit\u00f3ria","isPartOf":{"@id":"https:\/\/www.encontravitoria.com.br\/sobre\/#website"},"primaryImageOfPage":{"@id":"https:\/\/www.encontravitoria.com.br\/sobre\/conheca-o-novo-edital-da-prefeitura-de-vitoria\/#primaryimage"},"image":{"@id":"https:\/\/www.encontravitoria.com.br\/sobre\/conheca-o-novo-edital-da-prefeitura-de-vitoria\/#primaryimage"},"thumbnailUrl":"https:\/\/www.encontravitoria.com.br\/sobre\/wp-content\/uploads\/2026\/04\/conheca-o-novo-edital-da-prefeitura-de-vitoria.webp","datePublished":"2026-04-28T16:06:41+00:00","author":{"@id":"https:\/\/www.encontravitoria.com.br\/sobre\/#\/schema\/person\/0f8e5bcc88fbadf1bad57afd504f48a2"},"breadcrumb":{"@id":"https:\/\/www.encontravitoria.com.br\/sobre\/conheca-o-novo-edital-da-prefeitura-de-vitoria\/#breadcrumb"},"inLanguage":"pt-BR","potentialAction":[{"@type":"ReadAction","target":["https:\/\/www.encontravitoria.com.br\/sobre\/conheca-o-novo-edital-da-prefeitura-de-vitoria\/"]}]},{"@type":"ImageObject","inLanguage":"pt-BR","@id":"https:\/\/www.encontravitoria.com.br\/sobre\/conheca-o-novo-edital-da-prefeitura-de-vitoria\/#primaryimage","url":"https:\/\/www.encontravitoria.com.br\/sobre\/wp-content\/uploads\/2026\/04\/conheca-o-novo-edital-da-prefeitura-de-vitoria.webp","contentUrl":"https:\/\/www.encontravitoria.com.br\/sobre\/wp-content\/uploads\/2026\/04\/conheca-o-novo-edital-da-prefeitura-de-vitoria.webp","width":280,"height":280,"caption":"novo edital da Prefeitura de Vit\u00f3ria"},{"@type":"BreadcrumbList","@id":"https:\/\/www.encontravitoria.com.br\/sobre\/conheca-o-novo-edital-da-prefeitura-de-vitoria\/#breadcrumb","itemListElement":[{"@type":"ListItem","position":1,"name":"In\u00edcio","item":"https:\/\/www.encontravitoria.com.br\/sobre\/"},{"@type":"ListItem","position":2,"name":"Conhe\u00e7a o novo edital da Prefeitura de Vit\u00f3ria"}]},{"@type":"WebSite","@id":"https:\/\/www.encontravitoria.com.br\/sobre\/#website","url":"https:\/\/www.encontravitoria.com.br\/sobre\/","name":"Encontra Vit\u00f3ria","description":"Not\u00edcias, eventos, informa\u00e7\u00f5es e dicas na cidade Vit\u00f3ria e regi\u00e3o.","potentialAction":[{"@type":"SearchAction","target":{"@type":"EntryPoint","urlTemplate":"https:\/\/www.encontravitoria.com.br\/sobre\/?s={search_term_string}"},"query-input":{"@type":"PropertyValueSpecification","valueRequired":true,"valueName":"search_term_string"}}],"inLanguage":"pt-BR"},{"@type":"Person","@id":"https:\/\/www.encontravitoria.com.br\/sobre\/#\/schema\/person\/0f8e5bcc88fbadf1bad57afd504f48a2","name":"Encontra Vit\u00f3ria","image":{"@type":"ImageObject","inLanguage":"pt-BR","@id":"https:\/\/www.encontravitoria.com.br\/sobre\/#\/schema\/person\/image\/","url":"https:\/\/secure.gravatar.com\/avatar\/507340682b8270222e1f208e23198b6ae7e2c6a1033ae84e99bc6bce4f82a387?s=96&d=mm&r=g","contentUrl":"https:\/\/secure.gravatar.com\/avatar\/507340682b8270222e1f208e23198b6ae7e2c6a1033ae84e99bc6bce4f82a387?s=96&d=mm&r=g","caption":"Encontra Vit\u00f3ria"},"sameAs":["http:\/\/www.encontravitoria.com.br"],"url":"https:\/\/www.encontravitoria.com.br\/sobre\/author\/evitoria\/"}]}},"_links":{"self":[{"href":"https:\/\/www.encontravitoria.com.br\/sobre\/wp-json\/wp\/v2\/posts\/1531","targetHints":{"allow":["GET"]}}],"collection":[{"href":"https:\/\/www.encontravitoria.com.br\/sobre\/wp-json\/wp\/v2\/posts"}],"about":[{"href":"https:\/\/www.encontravitoria.com.br\/sobre\/wp-json\/wp\/v2\/types\/post"}],"author":[{"embeddable":true,"href":"https:\/\/www.encontravitoria.com.br\/sobre\/wp-json\/wp\/v2\/users\/1"}],"replies":[{"embeddable":true,"href":"https:\/\/www.encontravitoria.com.br\/sobre\/wp-json\/wp\/v2\/comments?post=1531"}],"version-history":[{"count":0,"href":"https:\/\/www.encontravitoria.com.br\/sobre\/wp-json\/wp\/v2\/posts\/1531\/revisions"}],"wp:featuredmedia":[{"embeddable":true,"href":"https:\/\/www.encontravitoria.com.br\/sobre\/wp-json\/wp\/v2\/media\/1530"}],"wp:attachment":[{"href":"https:\/\/www.encontravitoria.com.br\/sobre\/wp-json\/wp\/v2\/media?parent=1531"}],"wp:term":[{"taxonomy":"category","embeddable":true,"href":"https:\/\/www.encontravitoria.com.br\/sobre\/wp-json\/wp\/v2\/categories?post=1531"},{"taxonomy":"post_tag","embeddable":true,"href":"https:\/\/www.encontravitoria.com.br\/sobre\/wp-json\/wp\/v2\/tags?post=1531"}],"curies":[{"name":"wp","href":"https:\/\/api.w.org\/{rel}","templated":true}]}}