{"id":1533,"date":"2026-04-29T16:41:23","date_gmt":"2026-04-29T16:41:23","guid":{"rendered":"https:\/\/www.encontravitoria.com.br\/sobre\/c-r-flamengo-x-porto-vitoria\/"},"modified":"2026-04-29T16:41:23","modified_gmt":"2026-04-29T16:41:23","slug":"c-r-flamengo-x-porto-vitoria","status":"publish","type":"post","link":"https:\/\/www.encontravitoria.com.br\/sobre\/c-r-flamengo-x-porto-vitoria\/","title":{"rendered":"C.R Flamengo x Porto Vit\u00f3ria"},"content":{"rendered":"<div class=\"23ed37709e053b55400ee1990aeffe41\" data-index=\"1\" style=\"float: none; margin:0px;\">\n<!-- Anuncio display - global -->\r\n<ins class=\"adsbygoogle\"\r\n     style=\"display:block\"\r\n     data-ad-client=\"ca-pub-8585364105181520\"\r\n     data-ad-slot=\"8789329856\"\r\n     data-ad-format=\"auto\"\r\n     data-full-width-responsive=\"true\"><\/ins>\r\n<script>\r\n     (adsbygoogle = window.adsbygoogle || []).push({});\r\n<\/script>\n<\/div>\n<h2>O Cen\u00e1rio do Campeonato Sub-15<\/h2>\n<p>O Campeonato Sub-15 se destaca como um importante espa\u00e7o para o surgimento de novos talentos no futebol brasileiro. Neste ambiente competitivo, as equipes t\u00eam a chance de revelar jogadores promissores que, no futuro, podem entrar para o elenco profissional. A Copa do Brasil, em particular, integra esses jovens atletas em uma vitrine nacional, proporcionando experi\u00eancias valiosas de jogo e aprendizado.<\/p>\n<h2>Como Foi a Prepara\u00e7\u00e3o do C.R Flamengo?<\/h2>\n<p>Antes de enfrentar o Porto Vit\u00f3ria-ES, o C.R Flamengo passou por um per\u00edodo rigoroso de treinamentos. A equipe t\u00e9cnica focou em aspectos t\u00e9cnicos e t\u00e1ticos, al\u00e9m de promover diversas atividades f\u00edsicas para garantir o condicionamento ideal dos jogadores. O objetivo da prepara\u00e7\u00e3o era n\u00e3o apenas vencer, mas fazer isso com um bom desempenho coletivo e individual em campo.<\/p>\n<h2>Fatos Interessantes sobre o Porto Vit\u00f3ria-ES<\/h2>\n<p>O Porto Vit\u00f3ria-ES \u00e9 um time que, apesar de menos visibilidade em rela\u00e7\u00e3o ao Flamengo, possui uma rica hist\u00f3ria no cen\u00e1rio do futebol capixaba. A equipe \u00e9 conhecida por sua paix\u00e3o e dedica\u00e7\u00e3o, que se refletem em cada partida. Os atletas do Porto t\u00eam a oportunidade de mostrar seu talento em campo, e enfrentar o Flamengo \u00e9 sempre visto como uma grande chance de brilhar.<\/p>\n<p><img decoding=\"async\" src=\"https:\/\/www.encontravitoria.com.br\/sobre\/wp-content\/uploads\/2026\/04\/c-r-flamengo-x-porto-vitoria.webp\" alt=\"C.R Flamengo x Porto Vit\u00f3ria-es\" loading=\"lazy\" \/><\/p>\n<h2>Os Destaques do Jogo: Quem Brilhou em Campo?<\/h2>\n<p>No confronto entre C.R Flamengo e Porto Vit\u00f3ria-ES, alguns jogadores se destacaram pela atua\u00e7\u00e3o em campo. O goleiro do Flamengo foi fundamental, realizando defesas impressionantes que garantiram a seguran\u00e7a da equipe. Al\u00e9m disso, os atacantes mostraram grande sintonia, convertendo v\u00e1rias oportunidades em gols que culminaram na vit\u00f3ria arrasadora de 6 a 1.<\/p>\n<h2>An\u00e1lise do Desempenho das Equipes<\/h2>\n<p>A an\u00e1lise do desempenho do C.R Flamengo revela um time bem organizado, que se destacou pela posse de bola e passes precisos, criando jogadas eficientes. Por outro lado, o Porto Vit\u00f3ria-ES, mesmo com a derrota, demonstrou garra e n\u00e3o se intimidou durante a partida, buscando oportunidades de ataque e mostrando potencial para competir efetivamente.<\/p>\n<h2>Import\u00e2ncia da Copa do Brasil para os Jovens Atletas<\/h2>\n<p>A Copa do Brasil representa uma oportunidade significativa para os jovens jogadores do Sub-15. Jogar em um torneio de grande visibilidade permite que eles adquiram n\u00e3o apenas experi\u00eancia, mas tamb\u00e9m a chance de se destacar frente a olheiros de clubes maiores. Essa competi\u00e7\u00e3o \u00e9 um passo importante na trajet\u00f3ria de muitos atletas em dire\u00e7\u00e3o ao profissionalismo.<\/p>\n<h2>Hist\u00f3rico de Confrontos entre as Equipes<\/h2>\n<p>Os encontros entre C.R Flamengo e Porto Vit\u00f3ria-ES costumam ser emocionantes e recheados de disputas acirradas. Historicamente, o Flamengo tem levado vantagem nos confrontos diretos, mas o Porto tamb\u00e9m j\u00e1 apresentou boas atua\u00e7\u00f5es, especialmente em momentos decisivos, mostrando que sempre \u00e9 capaz de surpreender em campo.<\/p>\n<h2>Expectativas para os Pr\u00f3ximos Jogos<\/h2>\n<p>A vit\u00f3ria do C.R Flamengo criou um \u00e2nimo renovado para a equipe, que almeja continuar avan\u00e7ando na Copa do Brasil. A expectativa agora \u00e9 de que o Flamengo mantenha o foco e ajuste sua estrat\u00e9gia para os pr\u00f3ximos advers\u00e1rios, enquanto o Porto Vit\u00f3ria-ES dever\u00e1 aprender com os erros para melhorar seu desempenho em futuras partidas.<\/p>\n<h2>O Papel da Torcida na Motiva\u00e7\u00e3o dos Jogadores<\/h2>\n<p>A torcida exerce um papel crucial na motiva\u00e7\u00e3o dos jovens atletas. O apoio incondicional dos f\u00e3s pode fazer a diferen\u00e7a em momentos de press\u00e3o, tanto para o Flamengo quanto para o Porto. Com a presen\u00e7a animada dos torcedores nas arquibancadas, os jogadores tendem a se sentir mais confiantes e motivados a dar o seu melhor em campo.<\/p>\n\n<div style=\"font-size: 0px; height: 0px; line-height: 0px; margin: 0; padding: 0; clear: both;\"><\/div>","protected":false},"excerpt":{"rendered":"<p>C.R Flamengo e Porto Vit\u00f3ria-ES se enfrentam na Copa do Brasil &#8211; Sub-15; veja todos os detalhes.<\/p>\n","protected":false},"author":1,"featured_media":1532,"comment_status":"open","ping_status":"closed","sticky":false,"template":"","format":"standard","meta":{"footnotes":""},"categories":[6],"tags":[],"class_list":["post-1533","post","type-post","status-publish","format-standard","has-post-thumbnail","hentry","category-noticias-em-vitoria","has_thumb"],"yoast_head":"<!-- This site is optimized with the Yoast SEO plugin v26.7 - https:\/\/yoast.com\/wordpress\/plugins\/seo\/ -->\n<title>C.R Flamengo x Porto Vit\u00f3ria - Encontra Vit\u00f3ria<\/title>\n<meta name=\"robots\" content=\"index, follow, max-snippet:-1, max-image-preview:large, max-video-preview:-1\" \/>\n<link rel=\"canonical\" href=\"https:\/\/www.encontravitoria.com.br\/sobre\/c-r-flamengo-x-porto-vitoria\/\" \/>\n<meta property=\"og:locale\" content=\"pt_BR\" \/>\n<meta property=\"og:type\" content=\"article\" \/>\n<meta property=\"og:title\" content=\"C.R Flamengo x Porto Vit\u00f3ria - Encontra Vit\u00f3ria\" \/>\n<meta property=\"og:description\" content=\"C.R Flamengo e Porto Vit\u00f3ria-ES se enfrentam na Copa do Brasil - Sub-15; veja todos os detalhes.\" \/>\n<meta property=\"og:url\" content=\"https:\/\/www.encontravitoria.com.br\/sobre\/c-r-flamengo-x-porto-vitoria\/\" \/>\n<meta property=\"og:site_name\" content=\"Encontra Vit\u00f3ria\" \/>\n<meta property=\"article:published_time\" content=\"2026-04-29T16:41:23+00:00\" \/>\n<meta property=\"og:image\" content=\"https:\/\/www.encontravitoria.com.br\/sobre\/wp-content\/uploads\/2026\/04\/c-r-flamengo-x-porto-vitoria.webp\" \/>\n<meta name=\"author\" content=\"Encontra Vit\u00f3ria\" \/>\n<meta name=\"twitter:card\" content=\"summary_large_image\" \/>\n<meta name=\"twitter:label1\" content=\"Escrito por\" \/>\n\t<meta name=\"twitter:data1\" content=\"Encontra Vit\u00f3ria\" \/>\n\t<meta name=\"twitter:label2\" content=\"Est. tempo de leitura\" \/>\n\t<meta name=\"twitter:data2\" content=\"3 minutos\" \/>\n<script type=\"application\/ld+json\" class=\"yoast-schema-graph\">{\"@context\":\"https:\/\/schema.org\",\"@graph\":[{\"@type\":\"Article\",\"@id\":\"https:\/\/www.encontravitoria.com.br\/sobre\/c-r-flamengo-x-porto-vitoria\/#article\",\"isPartOf\":{\"@id\":\"https:\/\/www.encontravitoria.com.br\/sobre\/c-r-flamengo-x-porto-vitoria\/\"},\"author\":{\"name\":\"Encontra Vit\u00f3ria\",\"@id\":\"https:\/\/www.encontravitoria.com.br\/sobre\/#\/schema\/person\/0f8e5bcc88fbadf1bad57afd504f48a2\"},\"headline\":\"C.R Flamengo x Porto Vit\u00f3ria\",\"datePublished\":\"2026-04-29T16:41:23+00:00\",\"mainEntityOfPage\":{\"@id\":\"https:\/\/www.encontravitoria.com.br\/sobre\/c-r-flamengo-x-porto-vitoria\/\"},\"wordCount\":623,\"commentCount\":0,\"image\":{\"@id\":\"https:\/\/www.encontravitoria.com.br\/sobre\/c-r-flamengo-x-porto-vitoria\/#primaryimage\"},\"thumbnailUrl\":\"https:\/\/www.encontravitoria.com.br\/sobre\/wp-content\/uploads\/2026\/04\/c-r-flamengo-x-porto-vitoria.webp\",\"articleSection\":[\"Not\u00edcias Vit\u00f3ria\"],\"inLanguage\":\"pt-BR\",\"potentialAction\":[{\"@type\":\"CommentAction\",\"name\":\"Comment\",\"target\":[\"https:\/\/www.encontravitoria.com.br\/sobre\/c-r-flamengo-x-porto-vitoria\/#respond\"]}]},{\"@type\":\"WebPage\",\"@id\":\"https:\/\/www.encontravitoria.com.br\/sobre\/c-r-flamengo-x-porto-vitoria\/\",\"url\":\"https:\/\/www.encontravitoria.com.br\/sobre\/c-r-flamengo-x-porto-vitoria\/\",\"name\":\"C.R Flamengo x Porto Vit\u00f3ria - Encontra Vit\u00f3ria\",\"isPartOf\":{\"@id\":\"https:\/\/www.encontravitoria.com.br\/sobre\/#website\"},\"primaryImageOfPage\":{\"@id\":\"https:\/\/www.encontravitoria.com.br\/sobre\/c-r-flamengo-x-porto-vitoria\/#primaryimage\"},\"image\":{\"@id\":\"https:\/\/www.encontravitoria.com.br\/sobre\/c-r-flamengo-x-porto-vitoria\/#primaryimage\"},\"thumbnailUrl\":\"https:\/\/www.encontravitoria.com.br\/sobre\/wp-content\/uploads\/2026\/04\/c-r-flamengo-x-porto-vitoria.webp\",\"datePublished\":\"2026-04-29T16:41:23+00:00\",\"author\":{\"@id\":\"https:\/\/www.encontravitoria.com.br\/sobre\/#\/schema\/person\/0f8e5bcc88fbadf1bad57afd504f48a2\"},\"breadcrumb\":{\"@id\":\"https:\/\/www.encontravitoria.com.br\/sobre\/c-r-flamengo-x-porto-vitoria\/#breadcrumb\"},\"inLanguage\":\"pt-BR\",\"potentialAction\":[{\"@type\":\"ReadAction\",\"target\":[\"https:\/\/www.encontravitoria.com.br\/sobre\/c-r-flamengo-x-porto-vitoria\/\"]}]},{\"@type\":\"ImageObject\",\"inLanguage\":\"pt-BR\",\"@id\":\"https:\/\/www.encontravitoria.com.br\/sobre\/c-r-flamengo-x-porto-vitoria\/#primaryimage\",\"url\":\"https:\/\/www.encontravitoria.com.br\/sobre\/wp-content\/uploads\/2026\/04\/c-r-flamengo-x-porto-vitoria.webp\",\"contentUrl\":\"https:\/\/www.encontravitoria.com.br\/sobre\/wp-content\/uploads\/2026\/04\/c-r-flamengo-x-porto-vitoria.webp\",\"width\":280,\"height\":280,\"caption\":\"C.R Flamengo x Porto Vit\u00f3ria-es\"},{\"@type\":\"BreadcrumbList\",\"@id\":\"https:\/\/www.encontravitoria.com.br\/sobre\/c-r-flamengo-x-porto-vitoria\/#breadcrumb\",\"itemListElement\":[{\"@type\":\"ListItem\",\"position\":1,\"name\":\"In\u00edcio\",\"item\":\"https:\/\/www.encontravitoria.com.br\/sobre\/\"},{\"@type\":\"ListItem\",\"position\":2,\"name\":\"C.R Flamengo x Porto Vit\u00f3ria\"}]},{\"@type\":\"WebSite\",\"@id\":\"https:\/\/www.encontravitoria.com.br\/sobre\/#website\",\"url\":\"https:\/\/www.encontravitoria.com.br\/sobre\/\",\"name\":\"Encontra Vit\u00f3ria\",\"description\":\"Not\u00edcias, eventos, informa\u00e7\u00f5es e dicas na cidade Vit\u00f3ria e regi\u00e3o.\",\"potentialAction\":[{\"@type\":\"SearchAction\",\"target\":{\"@type\":\"EntryPoint\",\"urlTemplate\":\"https:\/\/www.encontravitoria.com.br\/sobre\/?s={search_term_string}\"},\"query-input\":{\"@type\":\"PropertyValueSpecification\",\"valueRequired\":true,\"valueName\":\"search_term_string\"}}],\"inLanguage\":\"pt-BR\"},{\"@type\":\"Person\",\"@id\":\"https:\/\/www.encontravitoria.com.br\/sobre\/#\/schema\/person\/0f8e5bcc88fbadf1bad57afd504f48a2\",\"name\":\"Encontra Vit\u00f3ria\",\"image\":{\"@type\":\"ImageObject\",\"inLanguage\":\"pt-BR\",\"@id\":\"https:\/\/www.encontravitoria.com.br\/sobre\/#\/schema\/person\/image\/\",\"url\":\"https:\/\/secure.gravatar.com\/avatar\/507340682b8270222e1f208e23198b6ae7e2c6a1033ae84e99bc6bce4f82a387?s=96&d=mm&r=g\",\"contentUrl\":\"https:\/\/secure.gravatar.com\/avatar\/507340682b8270222e1f208e23198b6ae7e2c6a1033ae84e99bc6bce4f82a387?s=96&d=mm&r=g\",\"caption\":\"Encontra Vit\u00f3ria\"},\"sameAs\":[\"http:\/\/www.encontravitoria.com.br\"],\"url\":\"https:\/\/www.encontravitoria.com.br\/sobre\/author\/evitoria\/\"}]}<\/script>\n<!-- \/ Yoast SEO plugin. -->","yoast_head_json":{"title":"C.R Flamengo x Porto Vit\u00f3ria - Encontra Vit\u00f3ria","robots":{"index":"index","follow":"follow","max-snippet":"max-snippet:-1","max-image-preview":"max-image-preview:large","max-video-preview":"max-video-preview:-1"},"canonical":"https:\/\/www.encontravitoria.com.br\/sobre\/c-r-flamengo-x-porto-vitoria\/","og_locale":"pt_BR","og_type":"article","og_title":"C.R Flamengo x Porto Vit\u00f3ria - Encontra Vit\u00f3ria","og_description":"C.R Flamengo e Porto Vit\u00f3ria-ES se enfrentam na Copa do Brasil - Sub-15; veja todos os detalhes.","og_url":"https:\/\/www.encontravitoria.com.br\/sobre\/c-r-flamengo-x-porto-vitoria\/","og_site_name":"Encontra Vit\u00f3ria","article_published_time":"2026-04-29T16:41:23+00:00","og_image":[{"url":"https:\/\/www.encontravitoria.com.br\/sobre\/wp-content\/uploads\/2026\/04\/c-r-flamengo-x-porto-vitoria.webp","type":"","width":"","height":""}],"author":"Encontra Vit\u00f3ria","twitter_card":"summary_large_image","twitter_misc":{"Escrito por":"Encontra Vit\u00f3ria","Est. tempo de leitura":"3 minutos"},"schema":{"@context":"https:\/\/schema.org","@graph":[{"@type":"Article","@id":"https:\/\/www.encontravitoria.com.br\/sobre\/c-r-flamengo-x-porto-vitoria\/#article","isPartOf":{"@id":"https:\/\/www.encontravitoria.com.br\/sobre\/c-r-flamengo-x-porto-vitoria\/"},"author":{"name":"Encontra Vit\u00f3ria","@id":"https:\/\/www.encontravitoria.com.br\/sobre\/#\/schema\/person\/0f8e5bcc88fbadf1bad57afd504f48a2"},"headline":"C.R Flamengo x Porto Vit\u00f3ria","datePublished":"2026-04-29T16:41:23+00:00","mainEntityOfPage":{"@id":"https:\/\/www.encontravitoria.com.br\/sobre\/c-r-flamengo-x-porto-vitoria\/"},"wordCount":623,"commentCount":0,"image":{"@id":"https:\/\/www.encontravitoria.com.br\/sobre\/c-r-flamengo-x-porto-vitoria\/#primaryimage"},"thumbnailUrl":"https:\/\/www.encontravitoria.com.br\/sobre\/wp-content\/uploads\/2026\/04\/c-r-flamengo-x-porto-vitoria.webp","articleSection":["Not\u00edcias Vit\u00f3ria"],"inLanguage":"pt-BR","potentialAction":[{"@type":"CommentAction","name":"Comment","target":["https:\/\/www.encontravitoria.com.br\/sobre\/c-r-flamengo-x-porto-vitoria\/#respond"]}]},{"@type":"WebPage","@id":"https:\/\/www.encontravitoria.com.br\/sobre\/c-r-flamengo-x-porto-vitoria\/","url":"https:\/\/www.encontravitoria.com.br\/sobre\/c-r-flamengo-x-porto-vitoria\/","name":"C.R Flamengo x Porto Vit\u00f3ria - Encontra Vit\u00f3ria","isPartOf":{"@id":"https:\/\/www.encontravitoria.com.br\/sobre\/#website"},"primaryImageOfPage":{"@id":"https:\/\/www.encontravitoria.com.br\/sobre\/c-r-flamengo-x-porto-vitoria\/#primaryimage"},"image":{"@id":"https:\/\/www.encontravitoria.com.br\/sobre\/c-r-flamengo-x-porto-vitoria\/#primaryimage"},"thumbnailUrl":"https:\/\/www.encontravitoria.com.br\/sobre\/wp-content\/uploads\/2026\/04\/c-r-flamengo-x-porto-vitoria.webp","datePublished":"2026-04-29T16:41:23+00:00","author":{"@id":"https:\/\/www.encontravitoria.com.br\/sobre\/#\/schema\/person\/0f8e5bcc88fbadf1bad57afd504f48a2"},"breadcrumb":{"@id":"https:\/\/www.encontravitoria.com.br\/sobre\/c-r-flamengo-x-porto-vitoria\/#breadcrumb"},"inLanguage":"pt-BR","potentialAction":[{"@type":"ReadAction","target":["https:\/\/www.encontravitoria.com.br\/sobre\/c-r-flamengo-x-porto-vitoria\/"]}]},{"@type":"ImageObject","inLanguage":"pt-BR","@id":"https:\/\/www.encontravitoria.com.br\/sobre\/c-r-flamengo-x-porto-vitoria\/#primaryimage","url":"https:\/\/www.encontravitoria.com.br\/sobre\/wp-content\/uploads\/2026\/04\/c-r-flamengo-x-porto-vitoria.webp","contentUrl":"https:\/\/www.encontravitoria.com.br\/sobre\/wp-content\/uploads\/2026\/04\/c-r-flamengo-x-porto-vitoria.webp","width":280,"height":280,"caption":"C.R Flamengo x Porto Vit\u00f3ria-es"},{"@type":"BreadcrumbList","@id":"https:\/\/www.encontravitoria.com.br\/sobre\/c-r-flamengo-x-porto-vitoria\/#breadcrumb","itemListElement":[{"@type":"ListItem","position":1,"name":"In\u00edcio","item":"https:\/\/www.encontravitoria.com.br\/sobre\/"},{"@type":"ListItem","position":2,"name":"C.R Flamengo x Porto Vit\u00f3ria"}]},{"@type":"WebSite","@id":"https:\/\/www.encontravitoria.com.br\/sobre\/#website","url":"https:\/\/www.encontravitoria.com.br\/sobre\/","name":"Encontra Vit\u00f3ria","description":"Not\u00edcias, eventos, informa\u00e7\u00f5es e dicas na cidade Vit\u00f3ria e regi\u00e3o.","potentialAction":[{"@type":"SearchAction","target":{"@type":"EntryPoint","urlTemplate":"https:\/\/www.encontravitoria.com.br\/sobre\/?s={search_term_string}"},"query-input":{"@type":"PropertyValueSpecification","valueRequired":true,"valueName":"search_term_string"}}],"inLanguage":"pt-BR"},{"@type":"Person","@id":"https:\/\/www.encontravitoria.com.br\/sobre\/#\/schema\/person\/0f8e5bcc88fbadf1bad57afd504f48a2","name":"Encontra Vit\u00f3ria","image":{"@type":"ImageObject","inLanguage":"pt-BR","@id":"https:\/\/www.encontravitoria.com.br\/sobre\/#\/schema\/person\/image\/","url":"https:\/\/secure.gravatar.com\/avatar\/507340682b8270222e1f208e23198b6ae7e2c6a1033ae84e99bc6bce4f82a387?s=96&d=mm&r=g","contentUrl":"https:\/\/secure.gravatar.com\/avatar\/507340682b8270222e1f208e23198b6ae7e2c6a1033ae84e99bc6bce4f82a387?s=96&d=mm&r=g","caption":"Encontra Vit\u00f3ria"},"sameAs":["http:\/\/www.encontravitoria.com.br"],"url":"https:\/\/www.encontravitoria.com.br\/sobre\/author\/evitoria\/"}]}},"_links":{"self":[{"href":"https:\/\/www.encontravitoria.com.br\/sobre\/wp-json\/wp\/v2\/posts\/1533","targetHints":{"allow":["GET"]}}],"collection":[{"href":"https:\/\/www.encontravitoria.com.br\/sobre\/wp-json\/wp\/v2\/posts"}],"about":[{"href":"https:\/\/www.encontravitoria.com.br\/sobre\/wp-json\/wp\/v2\/types\/post"}],"author":[{"embeddable":true,"href":"https:\/\/www.encontravitoria.com.br\/sobre\/wp-json\/wp\/v2\/users\/1"}],"replies":[{"embeddable":true,"href":"https:\/\/www.encontravitoria.com.br\/sobre\/wp-json\/wp\/v2\/comments?post=1533"}],"version-history":[{"count":0,"href":"https:\/\/www.encontravitoria.com.br\/sobre\/wp-json\/wp\/v2\/posts\/1533\/revisions"}],"wp:featuredmedia":[{"embeddable":true,"href":"https:\/\/www.encontravitoria.com.br\/sobre\/wp-json\/wp\/v2\/media\/1532"}],"wp:attachment":[{"href":"https:\/\/www.encontravitoria.com.br\/sobre\/wp-json\/wp\/v2\/media?parent=1533"}],"wp:term":[{"taxonomy":"category","embeddable":true,"href":"https:\/\/www.encontravitoria.com.br\/sobre\/wp-json\/wp\/v2\/categories?post=1533"},{"taxonomy":"post_tag","embeddable":true,"href":"https:\/\/www.encontravitoria.com.br\/sobre\/wp-json\/wp\/v2\/tags?post=1533"}],"curies":[{"name":"wp","href":"https:\/\/api.w.org\/{rel}","templated":true}]}}