{"id":1540,"date":"2026-04-30T16:18:35","date_gmt":"2026-04-30T16:18:35","guid":{"rendered":"https:\/\/www.encontravitoria.com.br\/sobre\/seguranca-confira-as-atuacoes-da-guarda-de-vitoria-desta-quinta-16-e-sexta\/"},"modified":"2026-04-30T16:18:35","modified_gmt":"2026-04-30T16:18:35","slug":"seguranca-confira-as-atuacoes-da-guarda-de-vitoria-desta-quinta-16-e-sexta","status":"publish","type":"post","link":"https:\/\/www.encontravitoria.com.br\/sobre\/seguranca-confira-as-atuacoes-da-guarda-de-vitoria-desta-quinta-16-e-sexta\/","title":{"rendered":"Seguran\u00e7a: confira as atua\u00e7\u00f5es da Guarda de Vit\u00f3ria desta quinta (16) e sexta"},"content":{"rendered":"<div class=\"23ed37709e053b55400ee1990aeffe41\" data-index=\"1\" style=\"float: none; margin:0px;\">\n<!-- Anuncio display - global -->\r\n<ins class=\"adsbygoogle\"\r\n     style=\"display:block\"\r\n     data-ad-client=\"ca-pub-8585364105181520\"\r\n     data-ad-slot=\"8789329856\"\r\n     data-ad-format=\"auto\"\r\n     data-full-width-responsive=\"true\"><\/ins>\r\n<script>\r\n     (adsbygoogle = window.adsbygoogle || []).push({});\r\n<\/script>\n<\/div>\n<h2>Deten\u00e7\u00e3o por D\u00edvida de Pens\u00e3o Aliment\u00edcia<\/h2>\n<p>No dia 16 de abril, a Guarda Civil Municipal de Vit\u00f3ria (GCMV) efetuou a deten\u00e7\u00e3o de um homem de 33 anos com um mandado de pris\u00e3o em aberto devido a uma d\u00edvida de mais de R$ 50 mil em pens\u00e3o aliment\u00edcia. O fato ocorreu na Enseada do Su\u00e1 durante um patrulhamento noturno, por volta das 22h30. Os guardas perceberam que o indiv\u00edduo demonstrou nervosismo com a aproxima\u00e7\u00e3o da equipe, o que levou \u00e0 abordagem.<\/p>\n<p>Ao solicitar sua identifica\u00e7\u00e3o, foi constatado que o homem tinha um mandado gerado pela 4\u00aa Vara de Fam\u00edlia de Vit\u00f3ria, que determinava a pris\u00e3o civil em decorr\u00eancia da falta de pagamento da pens\u00e3o. O inspetor Dalcin mencionou que a pris\u00e3o foi realizada de acordo com a Lei de Alimentos, que autoriza essa medida como forma de compelir o devedor a regularizar sua situa\u00e7\u00e3o.<\/p>\n<p>Esse tipo de pris\u00e3o, segundo a legisla\u00e7\u00e3o vigente, n\u00e3o \u00e9 considerada um crime, mas um procedimento civil que visa garantir a quita\u00e7\u00e3o da d\u00edvida. Caso o valor devedor seja pago, a pris\u00e3o pode ser suspensa, podendo um juiz determinar prazos de at\u00e9 tr\u00eas meses para a deten\u00e7\u00e3o.<\/p>\n<p><img decoding=\"async\" src=\"https:\/\/www.encontravitoria.com.br\/sobre\/wp-content\/uploads\/2026\/04\/seguranca-confira-as-atuacoes-da-guarda-de-vitoria-desta-quinta-16-e-sexta.webp\" alt=\"Guarda de Vit\u00f3ria\" loading=\"lazy\" \/><\/p>\n<h2>Apreens\u00e3o de Suspeito em Furto de Celular<\/h2>\n<p>No mesmo dia, outro incidente ocorreu em Conquista, onde um homem de 30 anos foi preso ap\u00f3s furtar um celular de uma loja, fingindo desmaiar para cumprir o ato. Ele foi detido pela Guarda Municipal enquanto a equipe realizava patrulhamento na Avenida Marechal Campos. Durante a abordagem, o celular furtado foi encontrado com ele, al\u00e9m de p\u00e3es e carne mo\u00edda que supostamente foram adquiridos de forma il\u00edcita.<\/p>\n<p>A funcion\u00e1ria da loja, ao chegar no local, reconheceu tanto o objeto furtado quanto o suspeito. Ela relatou que o homem teria entrado na loja alegando estar mal e, ap\u00f3s um breve atendimento, aproveitou-se da situa\u00e7\u00e3o para roubar o celular. O homem foi encaminhado \u00e0 Delegacia Regional de Vit\u00f3ria, onde ficou \u00e0 disposi\u00e7\u00e3o das autoridades.<\/p>\n<h2>Abordagem a Motorista Embriagado<\/h2>\n<p>Outra a\u00e7\u00e3o significativa da Guarda ocorreu na madrugada do dia 17 de abril, quando um motorista de 40 anos foi detido por dirigir sob efeito de \u00e1lcool no Centro da cidade. A situa\u00e7\u00e3o se deu ap\u00f3s a Central de Monitoramento identificar seu Porsche Macan dirigindo na contram\u00e3o. A equipe de patrulhamento interveio e constatou que o condutor apresentava diversos sinais de embriaguez, como balan\u00e7o descontrolado e fala arrastada.<\/p>\n<p>Al\u00e9m disso, no ve\u00edculo foram encontrados pinos de coca\u00edna com o passageiro, bem como bebidas alco\u00f3licas. O teste do baf\u00f4metro apontou um \u00edndice de 0,36mg\/l, configurando a infra\u00e7\u00e3o de tr\u00e2nsito. Ambos foram levados \u00e0 Delegacia Regional e as medidas legais pertinentes foram tomadas. \u00c9 importante reiterar que a combina\u00e7\u00e3o de \u00e1lcool e dire\u00e7\u00e3o \u00e9 uma infra\u00e7\u00e3o grave, colocando em risco a vida dos motoristas e pedestres.<\/p>\n<h2>Impacto das A\u00e7\u00f5es da Guarda na Comunidade<\/h2>\n<p>As opera\u00e7\u00f5es realizadas pela Guarda Civil Municipal de Vit\u00f3ria t\u00eam um grande impacto na seguran\u00e7a p\u00fablica local. A atua\u00e7\u00e3o cont\u00ednua e eficaz n\u00e3o apenas ajuda a conter a criminalidade, mas tamb\u00e9m posiciona a Guarda como um pilar na manuten\u00e7\u00e3o da ordem e bem-estar social. O aumento da visibilidade dos guardas nas ruas gera confian\u00e7a na popula\u00e7\u00e3o e desencoraja a pr\u00e1tica de crimes.<\/p>\n<p>A presen\u00e7a da Guarda tem sido fundamental para a r\u00e1pida resposta a incidentes e para a realiza\u00e7\u00e3o de a\u00e7\u00f5es preventivas. A comunidade tem um papel ativo e significativo nas opera\u00e7\u00f5es de seguran\u00e7a ao colaborar com informa\u00e7\u00f5es relevantes, o que se mostrou crucial para o sucesso das interven\u00e7\u00f5es.<\/p>\n<h2>A Evolu\u00e7\u00e3o das Atividades da Guarda Civil<\/h2>\n<p>A Guarda Civil Municipal de Vit\u00f3ria tem evolu\u00eddo significativamente em suas fun\u00e7\u00f5es e pervasividades. Desde sua origem, a institui\u00e7\u00e3o tem se adaptado \u00e0s necessidades da popula\u00e7\u00e3o e aos novos desafios que surgem na \u00e1rea da seguran\u00e7a p\u00fablica. Com o uso de tecnologias modernas, como monitoramento via c\u00e2meras e sistemas de informa\u00e7\u00e3o, a Guarda se mostra preparada para agir de forma \u00e1gil e eficaz.<\/p>\n<h2>Contribui\u00e7\u00e3o da Popula\u00e7\u00e3o para a Seguran\u00e7a<\/h2>\n<p>Um aspecto vital para o sucesso das a\u00e7\u00f5es da Guarda \u00e9 a participa\u00e7\u00e3o da popula\u00e7\u00e3o. O engajamento da comunidade em atividades de conscientiza\u00e7\u00e3o e den\u00fancia de crimes \u00e9 essencial para o fortalecimento das a\u00e7\u00f5es preventivas. A colabora\u00e7\u00e3o entre os cidad\u00e3os e a Guarda resulta em um ambiente mais seguro e acolhedor para todos.<\/p>\n<h2>Lei de Alimentos e suas Implica\u00e7\u00f5es<\/h2>\n<p>A Lei de Alimentos estabelece que o n\u00e3o cumprimento das obriga\u00e7\u00f5es aliment\u00edcias pode resultar em consequ\u00eancias legais s\u00e9rias, incluindo a possibilidade de pris\u00e3o civil do devedor. Essa legisla\u00e7\u00e3o \u00e9 um recurso importante para garantir que os direitos das crian\u00e7as e dependentes sejam respeitados, assegurando que a pens\u00e3o aliment\u00edcia seja paga adequadamente e no tempo certo.<\/p>\n<h2>T\u00e1ticas Utilizadas pela Guarda de Vit\u00f3ria<\/h2>\n<p>As t\u00e1ticas adotadas pela Guarda Civil Municipal s\u00e3o variadas e adaptadas de acordo com a necessidade do momento. Isso inclui patrulhamentos regulares em \u00e1reas de maior incid\u00eancia de crimes, a\u00e7\u00f5es educativas na comunidade e parcerias com outras institui\u00e7\u00f5es para promover a seguran\u00e7a em eventos p\u00fablicos.<\/p>\n<h2>Import\u00e2ncia do Patrulhamento Preventivo<\/h2>\n<p>O patrulhamento preventivo tem um papel crucial na seguran\u00e7a urbana. Ele n\u00e3o apenas visa inibir a\u00e7\u00f5es criminosas, mas tamb\u00e9m aproxima a Guarda da popula\u00e7\u00e3o, criando um canal direto de comunica\u00e7\u00e3o e confian\u00e7a. Esse contato frequente \u00e9 fundamental para manuten\u00e7\u00e3o da paz social.<\/p>\n<h2>Desafios Frente \u00e0 Criminalidade<\/h2>\n<p>Um dos principais desafios enfrentados pela Guarda Civil \u00e9 a adapta\u00e7\u00e3o \u00e0s demandas de um cen\u00e1rio de criminalidade em constante mudan\u00e7a. Novas formas de crime, como os delitos cibern\u00e9ticos e o tr\u00e1fico de drogas, exigem uma r\u00e1pida adapta\u00e7\u00e3o e treinamento cont\u00ednuo dos policiais. Al\u00e9m disso, a institui\u00e7\u00e3o deve sempre estar atenta \u00e0s necessidades da popula\u00e7\u00e3o, garantindo que seus servi\u00e7os sejam relevantes e eficazes.<\/p>\n\n<div style=\"font-size: 0px; height: 0px; line-height: 0px; margin: 0; padding: 0; clear: both;\"><\/div>","protected":false},"excerpt":{"rendered":"<p>Conhe\u00e7a as recentes atua\u00e7\u00f5es da Guarda de Vit\u00f3ria em seguran\u00e7a p\u00fablica.<\/p>\n","protected":false},"author":1,"featured_media":1539,"comment_status":"open","ping_status":"closed","sticky":false,"template":"","format":"standard","meta":{"footnotes":""},"categories":[6],"tags":[],"class_list":["post-1540","post","type-post","status-publish","format-standard","has-post-thumbnail","hentry","category-noticias-em-vitoria","has_thumb"],"yoast_head":"<!-- This site is optimized with the Yoast SEO plugin v26.7 - https:\/\/yoast.com\/wordpress\/plugins\/seo\/ -->\n<title>Seguran\u00e7a: confira as atua\u00e7\u00f5es da Guarda de Vit\u00f3ria desta quinta (16) e sexta - Encontra Vit\u00f3ria<\/title>\n<meta name=\"robots\" content=\"index, follow, max-snippet:-1, max-image-preview:large, max-video-preview:-1\" \/>\n<link rel=\"canonical\" href=\"https:\/\/www.encontravitoria.com.br\/sobre\/seguranca-confira-as-atuacoes-da-guarda-de-vitoria-desta-quinta-16-e-sexta\/\" \/>\n<meta property=\"og:locale\" content=\"pt_BR\" \/>\n<meta property=\"og:type\" content=\"article\" \/>\n<meta property=\"og:title\" content=\"Seguran\u00e7a: confira as atua\u00e7\u00f5es da Guarda de Vit\u00f3ria desta quinta (16) e sexta - Encontra Vit\u00f3ria\" \/>\n<meta property=\"og:description\" content=\"Conhe\u00e7a as recentes atua\u00e7\u00f5es da Guarda de Vit\u00f3ria em seguran\u00e7a p\u00fablica.\" \/>\n<meta property=\"og:url\" content=\"https:\/\/www.encontravitoria.com.br\/sobre\/seguranca-confira-as-atuacoes-da-guarda-de-vitoria-desta-quinta-16-e-sexta\/\" \/>\n<meta property=\"og:site_name\" content=\"Encontra Vit\u00f3ria\" \/>\n<meta property=\"article:published_time\" content=\"2026-04-30T16:18:35+00:00\" \/>\n<meta property=\"og:image\" content=\"https:\/\/www.encontravitoria.com.br\/sobre\/wp-content\/uploads\/2026\/04\/seguranca-confira-as-atuacoes-da-guarda-de-vitoria-desta-quinta-16-e-sexta.webp\" \/>\n<meta name=\"author\" content=\"Encontra Vit\u00f3ria\" \/>\n<meta name=\"twitter:card\" content=\"summary_large_image\" \/>\n<meta name=\"twitter:label1\" content=\"Escrito por\" \/>\n\t<meta name=\"twitter:data1\" content=\"Encontra Vit\u00f3ria\" \/>\n\t<meta name=\"twitter:label2\" content=\"Est. tempo de leitura\" \/>\n\t<meta name=\"twitter:data2\" content=\"5 minutos\" \/>\n<script type=\"application\/ld+json\" class=\"yoast-schema-graph\">{\"@context\":\"https:\/\/schema.org\",\"@graph\":[{\"@type\":\"Article\",\"@id\":\"https:\/\/www.encontravitoria.com.br\/sobre\/seguranca-confira-as-atuacoes-da-guarda-de-vitoria-desta-quinta-16-e-sexta\/#article\",\"isPartOf\":{\"@id\":\"https:\/\/www.encontravitoria.com.br\/sobre\/seguranca-confira-as-atuacoes-da-guarda-de-vitoria-desta-quinta-16-e-sexta\/\"},\"author\":{\"name\":\"Encontra Vit\u00f3ria\",\"@id\":\"https:\/\/www.encontravitoria.com.br\/sobre\/#\/schema\/person\/0f8e5bcc88fbadf1bad57afd504f48a2\"},\"headline\":\"Seguran\u00e7a: confira as atua\u00e7\u00f5es da Guarda de Vit\u00f3ria desta quinta (16) e sexta\",\"datePublished\":\"2026-04-30T16:18:35+00:00\",\"mainEntityOfPage\":{\"@id\":\"https:\/\/www.encontravitoria.com.br\/sobre\/seguranca-confira-as-atuacoes-da-guarda-de-vitoria-desta-quinta-16-e-sexta\/\"},\"wordCount\":1061,\"commentCount\":0,\"image\":{\"@id\":\"https:\/\/www.encontravitoria.com.br\/sobre\/seguranca-confira-as-atuacoes-da-guarda-de-vitoria-desta-quinta-16-e-sexta\/#primaryimage\"},\"thumbnailUrl\":\"https:\/\/www.encontravitoria.com.br\/sobre\/wp-content\/uploads\/2026\/04\/seguranca-confira-as-atuacoes-da-guarda-de-vitoria-desta-quinta-16-e-sexta.webp\",\"articleSection\":[\"Not\u00edcias Vit\u00f3ria\"],\"inLanguage\":\"pt-BR\",\"potentialAction\":[{\"@type\":\"CommentAction\",\"name\":\"Comment\",\"target\":[\"https:\/\/www.encontravitoria.com.br\/sobre\/seguranca-confira-as-atuacoes-da-guarda-de-vitoria-desta-quinta-16-e-sexta\/#respond\"]}]},{\"@type\":\"WebPage\",\"@id\":\"https:\/\/www.encontravitoria.com.br\/sobre\/seguranca-confira-as-atuacoes-da-guarda-de-vitoria-desta-quinta-16-e-sexta\/\",\"url\":\"https:\/\/www.encontravitoria.com.br\/sobre\/seguranca-confira-as-atuacoes-da-guarda-de-vitoria-desta-quinta-16-e-sexta\/\",\"name\":\"Seguran\u00e7a: confira as atua\u00e7\u00f5es da Guarda de Vit\u00f3ria desta quinta (16) e sexta - Encontra Vit\u00f3ria\",\"isPartOf\":{\"@id\":\"https:\/\/www.encontravitoria.com.br\/sobre\/#website\"},\"primaryImageOfPage\":{\"@id\":\"https:\/\/www.encontravitoria.com.br\/sobre\/seguranca-confira-as-atuacoes-da-guarda-de-vitoria-desta-quinta-16-e-sexta\/#primaryimage\"},\"image\":{\"@id\":\"https:\/\/www.encontravitoria.com.br\/sobre\/seguranca-confira-as-atuacoes-da-guarda-de-vitoria-desta-quinta-16-e-sexta\/#primaryimage\"},\"thumbnailUrl\":\"https:\/\/www.encontravitoria.com.br\/sobre\/wp-content\/uploads\/2026\/04\/seguranca-confira-as-atuacoes-da-guarda-de-vitoria-desta-quinta-16-e-sexta.webp\",\"datePublished\":\"2026-04-30T16:18:35+00:00\",\"author\":{\"@id\":\"https:\/\/www.encontravitoria.com.br\/sobre\/#\/schema\/person\/0f8e5bcc88fbadf1bad57afd504f48a2\"},\"breadcrumb\":{\"@id\":\"https:\/\/www.encontravitoria.com.br\/sobre\/seguranca-confira-as-atuacoes-da-guarda-de-vitoria-desta-quinta-16-e-sexta\/#breadcrumb\"},\"inLanguage\":\"pt-BR\",\"potentialAction\":[{\"@type\":\"ReadAction\",\"target\":[\"https:\/\/www.encontravitoria.com.br\/sobre\/seguranca-confira-as-atuacoes-da-guarda-de-vitoria-desta-quinta-16-e-sexta\/\"]}]},{\"@type\":\"ImageObject\",\"inLanguage\":\"pt-BR\",\"@id\":\"https:\/\/www.encontravitoria.com.br\/sobre\/seguranca-confira-as-atuacoes-da-guarda-de-vitoria-desta-quinta-16-e-sexta\/#primaryimage\",\"url\":\"https:\/\/www.encontravitoria.com.br\/sobre\/wp-content\/uploads\/2026\/04\/seguranca-confira-as-atuacoes-da-guarda-de-vitoria-desta-quinta-16-e-sexta.webp\",\"contentUrl\":\"https:\/\/www.encontravitoria.com.br\/sobre\/wp-content\/uploads\/2026\/04\/seguranca-confira-as-atuacoes-da-guarda-de-vitoria-desta-quinta-16-e-sexta.webp\",\"width\":280,\"height\":280,\"caption\":\"Guarda de Vit\u00f3ria\"},{\"@type\":\"BreadcrumbList\",\"@id\":\"https:\/\/www.encontravitoria.com.br\/sobre\/seguranca-confira-as-atuacoes-da-guarda-de-vitoria-desta-quinta-16-e-sexta\/#breadcrumb\",\"itemListElement\":[{\"@type\":\"ListItem\",\"position\":1,\"name\":\"In\u00edcio\",\"item\":\"https:\/\/www.encontravitoria.com.br\/sobre\/\"},{\"@type\":\"ListItem\",\"position\":2,\"name\":\"Seguran\u00e7a: confira as atua\u00e7\u00f5es da Guarda de Vit\u00f3ria desta quinta (16) e sexta\"}]},{\"@type\":\"WebSite\",\"@id\":\"https:\/\/www.encontravitoria.com.br\/sobre\/#website\",\"url\":\"https:\/\/www.encontravitoria.com.br\/sobre\/\",\"name\":\"Encontra Vit\u00f3ria\",\"description\":\"Not\u00edcias, eventos, informa\u00e7\u00f5es e dicas na cidade Vit\u00f3ria e regi\u00e3o.\",\"potentialAction\":[{\"@type\":\"SearchAction\",\"target\":{\"@type\":\"EntryPoint\",\"urlTemplate\":\"https:\/\/www.encontravitoria.com.br\/sobre\/?s={search_term_string}\"},\"query-input\":{\"@type\":\"PropertyValueSpecification\",\"valueRequired\":true,\"valueName\":\"search_term_string\"}}],\"inLanguage\":\"pt-BR\"},{\"@type\":\"Person\",\"@id\":\"https:\/\/www.encontravitoria.com.br\/sobre\/#\/schema\/person\/0f8e5bcc88fbadf1bad57afd504f48a2\",\"name\":\"Encontra Vit\u00f3ria\",\"image\":{\"@type\":\"ImageObject\",\"inLanguage\":\"pt-BR\",\"@id\":\"https:\/\/www.encontravitoria.com.br\/sobre\/#\/schema\/person\/image\/\",\"url\":\"https:\/\/secure.gravatar.com\/avatar\/507340682b8270222e1f208e23198b6ae7e2c6a1033ae84e99bc6bce4f82a387?s=96&d=mm&r=g\",\"contentUrl\":\"https:\/\/secure.gravatar.com\/avatar\/507340682b8270222e1f208e23198b6ae7e2c6a1033ae84e99bc6bce4f82a387?s=96&d=mm&r=g\",\"caption\":\"Encontra Vit\u00f3ria\"},\"sameAs\":[\"http:\/\/www.encontravitoria.com.br\"],\"url\":\"https:\/\/www.encontravitoria.com.br\/sobre\/author\/evitoria\/\"}]}<\/script>\n<!-- \/ Yoast SEO plugin. -->","yoast_head_json":{"title":"Seguran\u00e7a: confira as atua\u00e7\u00f5es da Guarda de Vit\u00f3ria desta quinta (16) e sexta - Encontra Vit\u00f3ria","robots":{"index":"index","follow":"follow","max-snippet":"max-snippet:-1","max-image-preview":"max-image-preview:large","max-video-preview":"max-video-preview:-1"},"canonical":"https:\/\/www.encontravitoria.com.br\/sobre\/seguranca-confira-as-atuacoes-da-guarda-de-vitoria-desta-quinta-16-e-sexta\/","og_locale":"pt_BR","og_type":"article","og_title":"Seguran\u00e7a: confira as atua\u00e7\u00f5es da Guarda de Vit\u00f3ria desta quinta (16) e sexta - Encontra Vit\u00f3ria","og_description":"Conhe\u00e7a as recentes atua\u00e7\u00f5es da Guarda de Vit\u00f3ria em seguran\u00e7a p\u00fablica.","og_url":"https:\/\/www.encontravitoria.com.br\/sobre\/seguranca-confira-as-atuacoes-da-guarda-de-vitoria-desta-quinta-16-e-sexta\/","og_site_name":"Encontra Vit\u00f3ria","article_published_time":"2026-04-30T16:18:35+00:00","og_image":[{"url":"https:\/\/www.encontravitoria.com.br\/sobre\/wp-content\/uploads\/2026\/04\/seguranca-confira-as-atuacoes-da-guarda-de-vitoria-desta-quinta-16-e-sexta.webp","type":"","width":"","height":""}],"author":"Encontra Vit\u00f3ria","twitter_card":"summary_large_image","twitter_misc":{"Escrito por":"Encontra Vit\u00f3ria","Est. tempo de leitura":"5 minutos"},"schema":{"@context":"https:\/\/schema.org","@graph":[{"@type":"Article","@id":"https:\/\/www.encontravitoria.com.br\/sobre\/seguranca-confira-as-atuacoes-da-guarda-de-vitoria-desta-quinta-16-e-sexta\/#article","isPartOf":{"@id":"https:\/\/www.encontravitoria.com.br\/sobre\/seguranca-confira-as-atuacoes-da-guarda-de-vitoria-desta-quinta-16-e-sexta\/"},"author":{"name":"Encontra Vit\u00f3ria","@id":"https:\/\/www.encontravitoria.com.br\/sobre\/#\/schema\/person\/0f8e5bcc88fbadf1bad57afd504f48a2"},"headline":"Seguran\u00e7a: confira as atua\u00e7\u00f5es da Guarda de Vit\u00f3ria desta quinta (16) e sexta","datePublished":"2026-04-30T16:18:35+00:00","mainEntityOfPage":{"@id":"https:\/\/www.encontravitoria.com.br\/sobre\/seguranca-confira-as-atuacoes-da-guarda-de-vitoria-desta-quinta-16-e-sexta\/"},"wordCount":1061,"commentCount":0,"image":{"@id":"https:\/\/www.encontravitoria.com.br\/sobre\/seguranca-confira-as-atuacoes-da-guarda-de-vitoria-desta-quinta-16-e-sexta\/#primaryimage"},"thumbnailUrl":"https:\/\/www.encontravitoria.com.br\/sobre\/wp-content\/uploads\/2026\/04\/seguranca-confira-as-atuacoes-da-guarda-de-vitoria-desta-quinta-16-e-sexta.webp","articleSection":["Not\u00edcias Vit\u00f3ria"],"inLanguage":"pt-BR","potentialAction":[{"@type":"CommentAction","name":"Comment","target":["https:\/\/www.encontravitoria.com.br\/sobre\/seguranca-confira-as-atuacoes-da-guarda-de-vitoria-desta-quinta-16-e-sexta\/#respond"]}]},{"@type":"WebPage","@id":"https:\/\/www.encontravitoria.com.br\/sobre\/seguranca-confira-as-atuacoes-da-guarda-de-vitoria-desta-quinta-16-e-sexta\/","url":"https:\/\/www.encontravitoria.com.br\/sobre\/seguranca-confira-as-atuacoes-da-guarda-de-vitoria-desta-quinta-16-e-sexta\/","name":"Seguran\u00e7a: confira as atua\u00e7\u00f5es da Guarda de Vit\u00f3ria desta quinta (16) e sexta - Encontra Vit\u00f3ria","isPartOf":{"@id":"https:\/\/www.encontravitoria.com.br\/sobre\/#website"},"primaryImageOfPage":{"@id":"https:\/\/www.encontravitoria.com.br\/sobre\/seguranca-confira-as-atuacoes-da-guarda-de-vitoria-desta-quinta-16-e-sexta\/#primaryimage"},"image":{"@id":"https:\/\/www.encontravitoria.com.br\/sobre\/seguranca-confira-as-atuacoes-da-guarda-de-vitoria-desta-quinta-16-e-sexta\/#primaryimage"},"thumbnailUrl":"https:\/\/www.encontravitoria.com.br\/sobre\/wp-content\/uploads\/2026\/04\/seguranca-confira-as-atuacoes-da-guarda-de-vitoria-desta-quinta-16-e-sexta.webp","datePublished":"2026-04-30T16:18:35+00:00","author":{"@id":"https:\/\/www.encontravitoria.com.br\/sobre\/#\/schema\/person\/0f8e5bcc88fbadf1bad57afd504f48a2"},"breadcrumb":{"@id":"https:\/\/www.encontravitoria.com.br\/sobre\/seguranca-confira-as-atuacoes-da-guarda-de-vitoria-desta-quinta-16-e-sexta\/#breadcrumb"},"inLanguage":"pt-BR","potentialAction":[{"@type":"ReadAction","target":["https:\/\/www.encontravitoria.com.br\/sobre\/seguranca-confira-as-atuacoes-da-guarda-de-vitoria-desta-quinta-16-e-sexta\/"]}]},{"@type":"ImageObject","inLanguage":"pt-BR","@id":"https:\/\/www.encontravitoria.com.br\/sobre\/seguranca-confira-as-atuacoes-da-guarda-de-vitoria-desta-quinta-16-e-sexta\/#primaryimage","url":"https:\/\/www.encontravitoria.com.br\/sobre\/wp-content\/uploads\/2026\/04\/seguranca-confira-as-atuacoes-da-guarda-de-vitoria-desta-quinta-16-e-sexta.webp","contentUrl":"https:\/\/www.encontravitoria.com.br\/sobre\/wp-content\/uploads\/2026\/04\/seguranca-confira-as-atuacoes-da-guarda-de-vitoria-desta-quinta-16-e-sexta.webp","width":280,"height":280,"caption":"Guarda de Vit\u00f3ria"},{"@type":"BreadcrumbList","@id":"https:\/\/www.encontravitoria.com.br\/sobre\/seguranca-confira-as-atuacoes-da-guarda-de-vitoria-desta-quinta-16-e-sexta\/#breadcrumb","itemListElement":[{"@type":"ListItem","position":1,"name":"In\u00edcio","item":"https:\/\/www.encontravitoria.com.br\/sobre\/"},{"@type":"ListItem","position":2,"name":"Seguran\u00e7a: confira as atua\u00e7\u00f5es da Guarda de Vit\u00f3ria desta quinta (16) e sexta"}]},{"@type":"WebSite","@id":"https:\/\/www.encontravitoria.com.br\/sobre\/#website","url":"https:\/\/www.encontravitoria.com.br\/sobre\/","name":"Encontra Vit\u00f3ria","description":"Not\u00edcias, eventos, informa\u00e7\u00f5es e dicas na cidade Vit\u00f3ria e regi\u00e3o.","potentialAction":[{"@type":"SearchAction","target":{"@type":"EntryPoint","urlTemplate":"https:\/\/www.encontravitoria.com.br\/sobre\/?s={search_term_string}"},"query-input":{"@type":"PropertyValueSpecification","valueRequired":true,"valueName":"search_term_string"}}],"inLanguage":"pt-BR"},{"@type":"Person","@id":"https:\/\/www.encontravitoria.com.br\/sobre\/#\/schema\/person\/0f8e5bcc88fbadf1bad57afd504f48a2","name":"Encontra Vit\u00f3ria","image":{"@type":"ImageObject","inLanguage":"pt-BR","@id":"https:\/\/www.encontravitoria.com.br\/sobre\/#\/schema\/person\/image\/","url":"https:\/\/secure.gravatar.com\/avatar\/507340682b8270222e1f208e23198b6ae7e2c6a1033ae84e99bc6bce4f82a387?s=96&d=mm&r=g","contentUrl":"https:\/\/secure.gravatar.com\/avatar\/507340682b8270222e1f208e23198b6ae7e2c6a1033ae84e99bc6bce4f82a387?s=96&d=mm&r=g","caption":"Encontra Vit\u00f3ria"},"sameAs":["http:\/\/www.encontravitoria.com.br"],"url":"https:\/\/www.encontravitoria.com.br\/sobre\/author\/evitoria\/"}]}},"_links":{"self":[{"href":"https:\/\/www.encontravitoria.com.br\/sobre\/wp-json\/wp\/v2\/posts\/1540","targetHints":{"allow":["GET"]}}],"collection":[{"href":"https:\/\/www.encontravitoria.com.br\/sobre\/wp-json\/wp\/v2\/posts"}],"about":[{"href":"https:\/\/www.encontravitoria.com.br\/sobre\/wp-json\/wp\/v2\/types\/post"}],"author":[{"embeddable":true,"href":"https:\/\/www.encontravitoria.com.br\/sobre\/wp-json\/wp\/v2\/users\/1"}],"replies":[{"embeddable":true,"href":"https:\/\/www.encontravitoria.com.br\/sobre\/wp-json\/wp\/v2\/comments?post=1540"}],"version-history":[{"count":0,"href":"https:\/\/www.encontravitoria.com.br\/sobre\/wp-json\/wp\/v2\/posts\/1540\/revisions"}],"wp:featuredmedia":[{"embeddable":true,"href":"https:\/\/www.encontravitoria.com.br\/sobre\/wp-json\/wp\/v2\/media\/1539"}],"wp:attachment":[{"href":"https:\/\/www.encontravitoria.com.br\/sobre\/wp-json\/wp\/v2\/media?parent=1540"}],"wp:term":[{"taxonomy":"category","embeddable":true,"href":"https:\/\/www.encontravitoria.com.br\/sobre\/wp-json\/wp\/v2\/categories?post=1540"},{"taxonomy":"post_tag","embeddable":true,"href":"https:\/\/www.encontravitoria.com.br\/sobre\/wp-json\/wp\/v2\/tags?post=1540"}],"curies":[{"name":"wp","href":"https:\/\/api.w.org\/{rel}","templated":true}]}}