{"id":1542,"date":"2026-05-01T16:03:09","date_gmt":"2026-05-01T16:03:09","guid":{"rendered":"https:\/\/www.encontravitoria.com.br\/sobre\/capital-capixaba-sera-embalada-pelo-ritmo-do-rock-neste-sabado-2\/"},"modified":"2026-05-01T16:03:09","modified_gmt":"2026-05-01T16:03:09","slug":"capital-capixaba-sera-embalada-pelo-ritmo-do-rock-neste-sabado-2","status":"publish","type":"post","link":"https:\/\/www.encontravitoria.com.br\/sobre\/capital-capixaba-sera-embalada-pelo-ritmo-do-rock-neste-sabado-2\/","title":{"rendered":"Capital capixaba ser\u00e1 embalada pelo ritmo do rock neste s\u00e1bado (2)"},"content":{"rendered":"<div class=\"23ed37709e053b55400ee1990aeffe41\" data-index=\"1\" style=\"float: none; margin:0px;\">\n<!-- Anuncio display - global -->\r\n<ins class=\"adsbygoogle\"\r\n     style=\"display:block\"\r\n     data-ad-client=\"ca-pub-8585364105181520\"\r\n     data-ad-slot=\"8789329856\"\r\n     data-ad-format=\"auto\"\r\n     data-full-width-responsive=\"true\"><\/ins>\r\n<script>\r\n     (adsbygoogle = window.adsbygoogle || []).push({});\r\n<\/script>\n<\/div>\n<h2>Qualidade e Diversidade no Line-up do Vibra Rock<\/h2>\n<p>A segunda edi\u00e7\u00e3o do Vibra Rock Brasil promete um line-up imperd\u00edvel, apresentando artistas renomados e novas promessas que representam diversas vertentes do rock. Com mais de doze horas de m\u00fasica ao vivo, o festival aborda desde cl\u00e1ssicos do rock nacional at\u00e9 subg\u00eaneros contempor\u00e2neos, garantindo que todos os gostos sejam atendidos.<\/p>\n<h2>Uma Experi\u00eancia para Toda a Fam\u00edlia<\/h2>\n<p>O Vibra Rock Brasil \u00e9 mais do que apenas um evento musical; \u00e9 uma celebra\u00e7\u00e3o da cultura e do lazer familiar. Com espa\u00e7os dedicados a crian\u00e7as e \u00e1reas de descanso para adultos, o festival se esfor\u00e7a para ser um ambiente onde todos possam se divertir e relaxar em harmonia, refor\u00e7ando o conceito de inclus\u00e3o e diversidade.<\/p>\n<h2>Transporte e Acessibilidade no Evento<\/h2>\n<p>O festival foi planejado com considera\u00e7\u00e3o \u00e0 acessibilidade, oferecendo op\u00e7\u00f5es de transporte que facilitam a locomo\u00e7\u00e3o para todos os visitantes. A Pra\u00e7a do Papa, local escolhido para o evento, conta com \u00f3timas conex\u00f5es de transporte p\u00fablico, al\u00e9m de espa\u00e7os para estacionar ve\u00edculos, garantindo a conveni\u00eancia para quem deseja aproveitar o dia inteiro.<\/p>\n<p><img decoding=\"async\" src=\"https:\/\/www.encontravitoria.com.br\/sobre\/wp-content\/uploads\/2026\/05\/capital-capixaba-sera-embalada-pelo-ritmo-do-rock-neste-sabado-2.webp\" alt=\"Vibra Rock Brasil\" loading=\"lazy\" \/><\/p>\n<h2>Espa\u00e7o Kids: Divers\u00e3o para as Crian\u00e7as<\/h2>\n<p>O evento inclui um Espa\u00e7o Kids completo, projetado para oferecer divers\u00e3o e entretenimento para as crian\u00e7as. A \u00e1rea \u00e9 equipada com atividades recreativas monitoradas, garantindo que os pequenos possam brincar com seguran\u00e7a enquanto os adultos apreciam as apresenta\u00e7\u00f5es musicais. A entrada \u00e9 gratuita para crian\u00e7as at\u00e9 12 anos acompanhadas por respons\u00e1veis, ampliando ainda mais o p\u00fablico familiar.<\/p>\n<h2>Localiza\u00e7\u00e3o Privilegiada na Pra\u00e7a do Papa<\/h2>\n<p>A Pra\u00e7a do Papa, al\u00e9m de ter uma bela vista para o mar, \u00e9 um dos locais mais ic\u00f4nicos de Vit\u00f3ria, oferecendo uma atmosfera deslumbrante para o festival. O espa\u00e7o foi cuidadosamente escolhido para acolher uma estrutura ampla e confort\u00e1vel, garantindo que todos possam aproveitar ao m\u00e1ximo as atra\u00e7\u00f5es e a programa\u00e7\u00e3o do evento.<\/p>\n<h2>Gastronomia Diversificada para Todos os Gostos<\/h2>\n<p>Os amantes da comida encontrar\u00e3o uma pra\u00e7a de alimenta\u00e7\u00e3o diversificada, com op\u00e7\u00f5es que v\u00e3o desde pratos tradicionais at\u00e9 experi\u00eancias gourmet. Restaurantes locais se re\u00fanem em um espa\u00e7o onde \u00e9 poss\u00edvel degustar diferentes sabores, destacando a riqueza da culin\u00e1ria capixaba e brasileira. A oferta gastron\u00f4mica \u00e9 um dos pontos altos do festival.<\/p>\n<h2>Impacto Social: O Lado Solid\u00e1rio do Rock<\/h2>\n<p>Al\u00e9m de entreter, o Vibra Rock Brasil tem uma forte compromisso social. A edi\u00e7\u00e3o anterior arrecadou sete toneladas de alimentos, que foram doadas para entidades assistenciais locais. O evento deste ano mant\u00e9m essa tradi\u00e7\u00e3o, incentivando a solidariedade dos participantes, que podem contribuir trazendo itens n\u00e3o perec\u00edveis.<\/p>\n<h2>Hist\u00f3rico do Vibra Rock Brasil<\/h2>\n<p>Desde sua primeira edi\u00e7\u00e3o, o Vibra Rock Brasil tem se consolidado como um evento de destaque no calend\u00e1rio cultural do Esp\u00edrito Santo. Com um conceito que visa promover n\u00e3o s\u00f3 a m\u00fasica, mas tamb\u00e9m a uni\u00e3o e a solidariedade, o festival tem atra\u00eddo cada vez mais a aten\u00e7\u00e3o de novos visitantes e amantes do rock.<\/p>\n<h2>O que Esperar da Edi\u00e7\u00e3o de 2026<\/h2>\n<p>Para 2026, o festival promete trazer melhorias significativas na estrutura e na experi\u00eancia do p\u00fablico. Com amplia\u00e7\u00e3o do espa\u00e7o e uma programa\u00e7\u00e3o ainda mais recheada de atra\u00e7\u00f5es, a expectativa \u00e9 que o evento se torne refer\u00eancia em festivais de m\u00fasica em todo o Brasil, atraindo cada vez mais turistas para a capital capixaba.<\/p>\n<h2>Como Participar do Vibra Rock Brasil<\/h2>\n<p>A participa\u00e7\u00e3o no Vibra Rock Brasil \u00e9 simples e acess\u00edvel. A entrada \u00e9 gratuita, o que permite que qualquer pessoa possa aproveitar as atra\u00e7\u00f5es do festival. Para garantir uma experi\u00eancia tranquila, \u00e9 recomend\u00e1vel chegar cedo, aproveitar as atividades e se programar para usar o transporte p\u00fablico ou caronas, j\u00e1 que a demanda por estacionamento pode ser alta no dia do evento.<\/p>\n\n<div style=\"font-size: 0px; height: 0px; line-height: 0px; margin: 0; padding: 0; clear: both;\"><\/div>","protected":false},"excerpt":{"rendered":"<p>Vibra Rock Brasil promete uma experi\u00eancia inesquec\u00edvel neste s\u00e1bado em Vit\u00f3ria.<\/p>\n","protected":false},"author":1,"featured_media":1541,"comment_status":"open","ping_status":"closed","sticky":false,"template":"","format":"standard","meta":{"footnotes":""},"categories":[6],"tags":[],"class_list":["post-1542","post","type-post","status-publish","format-standard","has-post-thumbnail","hentry","category-noticias-em-vitoria","has_thumb"],"yoast_head":"<!-- This site is optimized with the Yoast SEO plugin v26.7 - https:\/\/yoast.com\/wordpress\/plugins\/seo\/ -->\n<title>Capital capixaba ser\u00e1 embalada pelo ritmo do rock neste s\u00e1bado (2) - Encontra Vit\u00f3ria<\/title>\n<meta name=\"robots\" content=\"index, follow, max-snippet:-1, max-image-preview:large, max-video-preview:-1\" \/>\n<link rel=\"canonical\" href=\"https:\/\/www.encontravitoria.com.br\/sobre\/capital-capixaba-sera-embalada-pelo-ritmo-do-rock-neste-sabado-2\/\" \/>\n<meta property=\"og:locale\" content=\"pt_BR\" \/>\n<meta property=\"og:type\" content=\"article\" \/>\n<meta property=\"og:title\" content=\"Capital capixaba ser\u00e1 embalada pelo ritmo do rock neste s\u00e1bado (2) - Encontra Vit\u00f3ria\" \/>\n<meta property=\"og:description\" content=\"Vibra Rock Brasil promete uma experi\u00eancia inesquec\u00edvel neste s\u00e1bado em Vit\u00f3ria.\" \/>\n<meta property=\"og:url\" content=\"https:\/\/www.encontravitoria.com.br\/sobre\/capital-capixaba-sera-embalada-pelo-ritmo-do-rock-neste-sabado-2\/\" \/>\n<meta property=\"og:site_name\" content=\"Encontra Vit\u00f3ria\" \/>\n<meta property=\"article:published_time\" content=\"2026-05-01T16:03:09+00:00\" \/>\n<meta property=\"og:image\" content=\"https:\/\/www.encontravitoria.com.br\/sobre\/wp-content\/uploads\/2026\/05\/capital-capixaba-sera-embalada-pelo-ritmo-do-rock-neste-sabado-2.webp\" \/>\n<meta name=\"author\" content=\"Encontra Vit\u00f3ria\" \/>\n<meta name=\"twitter:card\" content=\"summary_large_image\" \/>\n<meta name=\"twitter:label1\" content=\"Escrito por\" \/>\n\t<meta name=\"twitter:data1\" content=\"Encontra Vit\u00f3ria\" \/>\n\t<meta name=\"twitter:label2\" content=\"Est. tempo de leitura\" \/>\n\t<meta name=\"twitter:data2\" content=\"3 minutos\" \/>\n<script type=\"application\/ld+json\" class=\"yoast-schema-graph\">{\"@context\":\"https:\/\/schema.org\",\"@graph\":[{\"@type\":\"Article\",\"@id\":\"https:\/\/www.encontravitoria.com.br\/sobre\/capital-capixaba-sera-embalada-pelo-ritmo-do-rock-neste-sabado-2\/#article\",\"isPartOf\":{\"@id\":\"https:\/\/www.encontravitoria.com.br\/sobre\/capital-capixaba-sera-embalada-pelo-ritmo-do-rock-neste-sabado-2\/\"},\"author\":{\"name\":\"Encontra Vit\u00f3ria\",\"@id\":\"https:\/\/www.encontravitoria.com.br\/sobre\/#\/schema\/person\/0f8e5bcc88fbadf1bad57afd504f48a2\"},\"headline\":\"Capital capixaba ser\u00e1 embalada pelo ritmo do rock neste s\u00e1bado (2)\",\"datePublished\":\"2026-05-01T16:03:09+00:00\",\"mainEntityOfPage\":{\"@id\":\"https:\/\/www.encontravitoria.com.br\/sobre\/capital-capixaba-sera-embalada-pelo-ritmo-do-rock-neste-sabado-2\/\"},\"wordCount\":682,\"commentCount\":0,\"image\":{\"@id\":\"https:\/\/www.encontravitoria.com.br\/sobre\/capital-capixaba-sera-embalada-pelo-ritmo-do-rock-neste-sabado-2\/#primaryimage\"},\"thumbnailUrl\":\"https:\/\/www.encontravitoria.com.br\/sobre\/wp-content\/uploads\/2026\/05\/capital-capixaba-sera-embalada-pelo-ritmo-do-rock-neste-sabado-2.webp\",\"articleSection\":[\"Not\u00edcias Vit\u00f3ria\"],\"inLanguage\":\"pt-BR\",\"potentialAction\":[{\"@type\":\"CommentAction\",\"name\":\"Comment\",\"target\":[\"https:\/\/www.encontravitoria.com.br\/sobre\/capital-capixaba-sera-embalada-pelo-ritmo-do-rock-neste-sabado-2\/#respond\"]}]},{\"@type\":\"WebPage\",\"@id\":\"https:\/\/www.encontravitoria.com.br\/sobre\/capital-capixaba-sera-embalada-pelo-ritmo-do-rock-neste-sabado-2\/\",\"url\":\"https:\/\/www.encontravitoria.com.br\/sobre\/capital-capixaba-sera-embalada-pelo-ritmo-do-rock-neste-sabado-2\/\",\"name\":\"Capital capixaba ser\u00e1 embalada pelo ritmo do rock neste s\u00e1bado (2) - Encontra Vit\u00f3ria\",\"isPartOf\":{\"@id\":\"https:\/\/www.encontravitoria.com.br\/sobre\/#website\"},\"primaryImageOfPage\":{\"@id\":\"https:\/\/www.encontravitoria.com.br\/sobre\/capital-capixaba-sera-embalada-pelo-ritmo-do-rock-neste-sabado-2\/#primaryimage\"},\"image\":{\"@id\":\"https:\/\/www.encontravitoria.com.br\/sobre\/capital-capixaba-sera-embalada-pelo-ritmo-do-rock-neste-sabado-2\/#primaryimage\"},\"thumbnailUrl\":\"https:\/\/www.encontravitoria.com.br\/sobre\/wp-content\/uploads\/2026\/05\/capital-capixaba-sera-embalada-pelo-ritmo-do-rock-neste-sabado-2.webp\",\"datePublished\":\"2026-05-01T16:03:09+00:00\",\"author\":{\"@id\":\"https:\/\/www.encontravitoria.com.br\/sobre\/#\/schema\/person\/0f8e5bcc88fbadf1bad57afd504f48a2\"},\"breadcrumb\":{\"@id\":\"https:\/\/www.encontravitoria.com.br\/sobre\/capital-capixaba-sera-embalada-pelo-ritmo-do-rock-neste-sabado-2\/#breadcrumb\"},\"inLanguage\":\"pt-BR\",\"potentialAction\":[{\"@type\":\"ReadAction\",\"target\":[\"https:\/\/www.encontravitoria.com.br\/sobre\/capital-capixaba-sera-embalada-pelo-ritmo-do-rock-neste-sabado-2\/\"]}]},{\"@type\":\"ImageObject\",\"inLanguage\":\"pt-BR\",\"@id\":\"https:\/\/www.encontravitoria.com.br\/sobre\/capital-capixaba-sera-embalada-pelo-ritmo-do-rock-neste-sabado-2\/#primaryimage\",\"url\":\"https:\/\/www.encontravitoria.com.br\/sobre\/wp-content\/uploads\/2026\/05\/capital-capixaba-sera-embalada-pelo-ritmo-do-rock-neste-sabado-2.webp\",\"contentUrl\":\"https:\/\/www.encontravitoria.com.br\/sobre\/wp-content\/uploads\/2026\/05\/capital-capixaba-sera-embalada-pelo-ritmo-do-rock-neste-sabado-2.webp\",\"width\":280,\"height\":280,\"caption\":\"Vibra Rock Brasil\"},{\"@type\":\"BreadcrumbList\",\"@id\":\"https:\/\/www.encontravitoria.com.br\/sobre\/capital-capixaba-sera-embalada-pelo-ritmo-do-rock-neste-sabado-2\/#breadcrumb\",\"itemListElement\":[{\"@type\":\"ListItem\",\"position\":1,\"name\":\"In\u00edcio\",\"item\":\"https:\/\/www.encontravitoria.com.br\/sobre\/\"},{\"@type\":\"ListItem\",\"position\":2,\"name\":\"Capital capixaba ser\u00e1 embalada pelo ritmo do rock neste s\u00e1bado (2)\"}]},{\"@type\":\"WebSite\",\"@id\":\"https:\/\/www.encontravitoria.com.br\/sobre\/#website\",\"url\":\"https:\/\/www.encontravitoria.com.br\/sobre\/\",\"name\":\"Encontra Vit\u00f3ria\",\"description\":\"Not\u00edcias, eventos, informa\u00e7\u00f5es e dicas na cidade Vit\u00f3ria e regi\u00e3o.\",\"potentialAction\":[{\"@type\":\"SearchAction\",\"target\":{\"@type\":\"EntryPoint\",\"urlTemplate\":\"https:\/\/www.encontravitoria.com.br\/sobre\/?s={search_term_string}\"},\"query-input\":{\"@type\":\"PropertyValueSpecification\",\"valueRequired\":true,\"valueName\":\"search_term_string\"}}],\"inLanguage\":\"pt-BR\"},{\"@type\":\"Person\",\"@id\":\"https:\/\/www.encontravitoria.com.br\/sobre\/#\/schema\/person\/0f8e5bcc88fbadf1bad57afd504f48a2\",\"name\":\"Encontra Vit\u00f3ria\",\"image\":{\"@type\":\"ImageObject\",\"inLanguage\":\"pt-BR\",\"@id\":\"https:\/\/www.encontravitoria.com.br\/sobre\/#\/schema\/person\/image\/\",\"url\":\"https:\/\/secure.gravatar.com\/avatar\/507340682b8270222e1f208e23198b6ae7e2c6a1033ae84e99bc6bce4f82a387?s=96&d=mm&r=g\",\"contentUrl\":\"https:\/\/secure.gravatar.com\/avatar\/507340682b8270222e1f208e23198b6ae7e2c6a1033ae84e99bc6bce4f82a387?s=96&d=mm&r=g\",\"caption\":\"Encontra Vit\u00f3ria\"},\"sameAs\":[\"http:\/\/www.encontravitoria.com.br\"],\"url\":\"https:\/\/www.encontravitoria.com.br\/sobre\/author\/evitoria\/\"}]}<\/script>\n<!-- \/ Yoast SEO plugin. -->","yoast_head_json":{"title":"Capital capixaba ser\u00e1 embalada pelo ritmo do rock neste s\u00e1bado (2) - Encontra Vit\u00f3ria","robots":{"index":"index","follow":"follow","max-snippet":"max-snippet:-1","max-image-preview":"max-image-preview:large","max-video-preview":"max-video-preview:-1"},"canonical":"https:\/\/www.encontravitoria.com.br\/sobre\/capital-capixaba-sera-embalada-pelo-ritmo-do-rock-neste-sabado-2\/","og_locale":"pt_BR","og_type":"article","og_title":"Capital capixaba ser\u00e1 embalada pelo ritmo do rock neste s\u00e1bado (2) - Encontra Vit\u00f3ria","og_description":"Vibra Rock Brasil promete uma experi\u00eancia inesquec\u00edvel neste s\u00e1bado em Vit\u00f3ria.","og_url":"https:\/\/www.encontravitoria.com.br\/sobre\/capital-capixaba-sera-embalada-pelo-ritmo-do-rock-neste-sabado-2\/","og_site_name":"Encontra Vit\u00f3ria","article_published_time":"2026-05-01T16:03:09+00:00","og_image":[{"url":"https:\/\/www.encontravitoria.com.br\/sobre\/wp-content\/uploads\/2026\/05\/capital-capixaba-sera-embalada-pelo-ritmo-do-rock-neste-sabado-2.webp","type":"","width":"","height":""}],"author":"Encontra Vit\u00f3ria","twitter_card":"summary_large_image","twitter_misc":{"Escrito por":"Encontra Vit\u00f3ria","Est. tempo de leitura":"3 minutos"},"schema":{"@context":"https:\/\/schema.org","@graph":[{"@type":"Article","@id":"https:\/\/www.encontravitoria.com.br\/sobre\/capital-capixaba-sera-embalada-pelo-ritmo-do-rock-neste-sabado-2\/#article","isPartOf":{"@id":"https:\/\/www.encontravitoria.com.br\/sobre\/capital-capixaba-sera-embalada-pelo-ritmo-do-rock-neste-sabado-2\/"},"author":{"name":"Encontra Vit\u00f3ria","@id":"https:\/\/www.encontravitoria.com.br\/sobre\/#\/schema\/person\/0f8e5bcc88fbadf1bad57afd504f48a2"},"headline":"Capital capixaba ser\u00e1 embalada pelo ritmo do rock neste s\u00e1bado (2)","datePublished":"2026-05-01T16:03:09+00:00","mainEntityOfPage":{"@id":"https:\/\/www.encontravitoria.com.br\/sobre\/capital-capixaba-sera-embalada-pelo-ritmo-do-rock-neste-sabado-2\/"},"wordCount":682,"commentCount":0,"image":{"@id":"https:\/\/www.encontravitoria.com.br\/sobre\/capital-capixaba-sera-embalada-pelo-ritmo-do-rock-neste-sabado-2\/#primaryimage"},"thumbnailUrl":"https:\/\/www.encontravitoria.com.br\/sobre\/wp-content\/uploads\/2026\/05\/capital-capixaba-sera-embalada-pelo-ritmo-do-rock-neste-sabado-2.webp","articleSection":["Not\u00edcias Vit\u00f3ria"],"inLanguage":"pt-BR","potentialAction":[{"@type":"CommentAction","name":"Comment","target":["https:\/\/www.encontravitoria.com.br\/sobre\/capital-capixaba-sera-embalada-pelo-ritmo-do-rock-neste-sabado-2\/#respond"]}]},{"@type":"WebPage","@id":"https:\/\/www.encontravitoria.com.br\/sobre\/capital-capixaba-sera-embalada-pelo-ritmo-do-rock-neste-sabado-2\/","url":"https:\/\/www.encontravitoria.com.br\/sobre\/capital-capixaba-sera-embalada-pelo-ritmo-do-rock-neste-sabado-2\/","name":"Capital capixaba ser\u00e1 embalada pelo ritmo do rock neste s\u00e1bado (2) - Encontra Vit\u00f3ria","isPartOf":{"@id":"https:\/\/www.encontravitoria.com.br\/sobre\/#website"},"primaryImageOfPage":{"@id":"https:\/\/www.encontravitoria.com.br\/sobre\/capital-capixaba-sera-embalada-pelo-ritmo-do-rock-neste-sabado-2\/#primaryimage"},"image":{"@id":"https:\/\/www.encontravitoria.com.br\/sobre\/capital-capixaba-sera-embalada-pelo-ritmo-do-rock-neste-sabado-2\/#primaryimage"},"thumbnailUrl":"https:\/\/www.encontravitoria.com.br\/sobre\/wp-content\/uploads\/2026\/05\/capital-capixaba-sera-embalada-pelo-ritmo-do-rock-neste-sabado-2.webp","datePublished":"2026-05-01T16:03:09+00:00","author":{"@id":"https:\/\/www.encontravitoria.com.br\/sobre\/#\/schema\/person\/0f8e5bcc88fbadf1bad57afd504f48a2"},"breadcrumb":{"@id":"https:\/\/www.encontravitoria.com.br\/sobre\/capital-capixaba-sera-embalada-pelo-ritmo-do-rock-neste-sabado-2\/#breadcrumb"},"inLanguage":"pt-BR","potentialAction":[{"@type":"ReadAction","target":["https:\/\/www.encontravitoria.com.br\/sobre\/capital-capixaba-sera-embalada-pelo-ritmo-do-rock-neste-sabado-2\/"]}]},{"@type":"ImageObject","inLanguage":"pt-BR","@id":"https:\/\/www.encontravitoria.com.br\/sobre\/capital-capixaba-sera-embalada-pelo-ritmo-do-rock-neste-sabado-2\/#primaryimage","url":"https:\/\/www.encontravitoria.com.br\/sobre\/wp-content\/uploads\/2026\/05\/capital-capixaba-sera-embalada-pelo-ritmo-do-rock-neste-sabado-2.webp","contentUrl":"https:\/\/www.encontravitoria.com.br\/sobre\/wp-content\/uploads\/2026\/05\/capital-capixaba-sera-embalada-pelo-ritmo-do-rock-neste-sabado-2.webp","width":280,"height":280,"caption":"Vibra Rock Brasil"},{"@type":"BreadcrumbList","@id":"https:\/\/www.encontravitoria.com.br\/sobre\/capital-capixaba-sera-embalada-pelo-ritmo-do-rock-neste-sabado-2\/#breadcrumb","itemListElement":[{"@type":"ListItem","position":1,"name":"In\u00edcio","item":"https:\/\/www.encontravitoria.com.br\/sobre\/"},{"@type":"ListItem","position":2,"name":"Capital capixaba ser\u00e1 embalada pelo ritmo do rock neste s\u00e1bado (2)"}]},{"@type":"WebSite","@id":"https:\/\/www.encontravitoria.com.br\/sobre\/#website","url":"https:\/\/www.encontravitoria.com.br\/sobre\/","name":"Encontra Vit\u00f3ria","description":"Not\u00edcias, eventos, informa\u00e7\u00f5es e dicas na cidade Vit\u00f3ria e regi\u00e3o.","potentialAction":[{"@type":"SearchAction","target":{"@type":"EntryPoint","urlTemplate":"https:\/\/www.encontravitoria.com.br\/sobre\/?s={search_term_string}"},"query-input":{"@type":"PropertyValueSpecification","valueRequired":true,"valueName":"search_term_string"}}],"inLanguage":"pt-BR"},{"@type":"Person","@id":"https:\/\/www.encontravitoria.com.br\/sobre\/#\/schema\/person\/0f8e5bcc88fbadf1bad57afd504f48a2","name":"Encontra Vit\u00f3ria","image":{"@type":"ImageObject","inLanguage":"pt-BR","@id":"https:\/\/www.encontravitoria.com.br\/sobre\/#\/schema\/person\/image\/","url":"https:\/\/secure.gravatar.com\/avatar\/507340682b8270222e1f208e23198b6ae7e2c6a1033ae84e99bc6bce4f82a387?s=96&d=mm&r=g","contentUrl":"https:\/\/secure.gravatar.com\/avatar\/507340682b8270222e1f208e23198b6ae7e2c6a1033ae84e99bc6bce4f82a387?s=96&d=mm&r=g","caption":"Encontra Vit\u00f3ria"},"sameAs":["http:\/\/www.encontravitoria.com.br"],"url":"https:\/\/www.encontravitoria.com.br\/sobre\/author\/evitoria\/"}]}},"_links":{"self":[{"href":"https:\/\/www.encontravitoria.com.br\/sobre\/wp-json\/wp\/v2\/posts\/1542","targetHints":{"allow":["GET"]}}],"collection":[{"href":"https:\/\/www.encontravitoria.com.br\/sobre\/wp-json\/wp\/v2\/posts"}],"about":[{"href":"https:\/\/www.encontravitoria.com.br\/sobre\/wp-json\/wp\/v2\/types\/post"}],"author":[{"embeddable":true,"href":"https:\/\/www.encontravitoria.com.br\/sobre\/wp-json\/wp\/v2\/users\/1"}],"replies":[{"embeddable":true,"href":"https:\/\/www.encontravitoria.com.br\/sobre\/wp-json\/wp\/v2\/comments?post=1542"}],"version-history":[{"count":0,"href":"https:\/\/www.encontravitoria.com.br\/sobre\/wp-json\/wp\/v2\/posts\/1542\/revisions"}],"wp:featuredmedia":[{"embeddable":true,"href":"https:\/\/www.encontravitoria.com.br\/sobre\/wp-json\/wp\/v2\/media\/1541"}],"wp:attachment":[{"href":"https:\/\/www.encontravitoria.com.br\/sobre\/wp-json\/wp\/v2\/media?parent=1542"}],"wp:term":[{"taxonomy":"category","embeddable":true,"href":"https:\/\/www.encontravitoria.com.br\/sobre\/wp-json\/wp\/v2\/categories?post=1542"},{"taxonomy":"post_tag","embeddable":true,"href":"https:\/\/www.encontravitoria.com.br\/sobre\/wp-json\/wp\/v2\/tags?post=1542"}],"curies":[{"name":"wp","href":"https:\/\/api.w.org\/{rel}","templated":true}]}}