{"id":1544,"date":"2026-05-01T16:05:22","date_gmt":"2026-05-01T16:05:22","guid":{"rendered":"https:\/\/www.encontravitoria.com.br\/sobre\/vitoria-no-ritmo-do-rock-prefeitura-confirma-data-de-show-historico-da-banda-nazareth\/"},"modified":"2026-05-01T16:05:22","modified_gmt":"2026-05-01T16:05:22","slug":"vitoria-no-ritmo-do-rock-prefeitura-confirma-data-de-show-historico-da-banda-nazareth","status":"publish","type":"post","link":"https:\/\/www.encontravitoria.com.br\/sobre\/vitoria-no-ritmo-do-rock-prefeitura-confirma-data-de-show-historico-da-banda-nazareth\/","title":{"rendered":"Vit\u00f3ria no ritmo do rock: Prefeitura confirma data de show hist\u00f3rico da banda Nazareth"},"content":{"rendered":"<div class=\"23ed37709e053b55400ee1990aeffe41\" data-index=\"1\" style=\"float: none; margin:0px;\">\n<!-- Anuncio display - global -->\r\n<ins class=\"adsbygoogle\"\r\n     style=\"display:block\"\r\n     data-ad-client=\"ca-pub-8585364105181520\"\r\n     data-ad-slot=\"8789329856\"\r\n     data-ad-format=\"auto\"\r\n     data-full-width-responsive=\"true\"><\/ins>\r\n<script>\r\n     (adsbygoogle = window.adsbygoogle || []).push({});\r\n<\/script>\n<\/div>\n<h2>O Evento Imperd\u00edvel para os F\u00e3s de Rock<\/h2>\n<p>Vit\u00f3ria, uma das cidades mais vibrantes do cen\u00e1rio capixaba, est\u00e1 prestes a viver uma experi\u00eancia inesquec\u00edvel com a apresenta\u00e7\u00e3o da ic\u00f4nica banda Nazareth. Este evento, que ser\u00e1 gratuito e ao ar livre, ocorrer\u00e1 no dia 16 de julho de 2026, na famosa Pra\u00e7a do Papa, um dos principais cart\u00f5es postais da capital. Com essa iniciativa, a Prefeitura de Vit\u00f3ria, atrav\u00e9s da Secretaria Municipal de Cultura, visa promover um encontro musical extraordin\u00e1rio, celebrando a ess\u00eancia do rock.<\/p>\n<h2>Atra\u00e7\u00f5es Musicais e Cultura em Vit\u00f3ria<\/h2>\n<p>O show da banda Nazareth \u00e9 parte da programa\u00e7\u00e3o especial celebrando o Dia Mundial do Rock, que ocorre no dia 13 de julho. Esse dia, que \u00e9 um marco importante para os amantes do g\u00eanero, foi escolhido para real\u00e7ar a import\u00e2ncia da m\u00fasica na sociedade e no agito cultural de Vit\u00f3ria. A apresenta\u00e7\u00e3o promete trazer um repert\u00f3rio recheado de sucessos que marcaram \u00e9poca e que continuam a ressoar nas playlists de milhares de f\u00e3s ao redor do mundo.<\/p>\n<h2>Nazareth: Uma Banda com Hist\u00f3ria<\/h2>\n<p>Formada em 1968 na Esc\u00f3cia, a banda Nazareth conquistou o cora\u00e7\u00e3o de f\u00e3s em todo o mundo ao longo de seus mais de cinco d\u00e9cadas de carreira. Com mais de 20 \u00e1lbuns em seu portf\u00f3lio, a banda \u00e9 reconhecida por seus hits imortais como &#8220;Love Hurts&#8221; e &#8220;Hair of the Dog&#8221;, que definiram o cen\u00e1rio do hard rock nos anos 70. A trajet\u00f3ria da banda \u00e9 marcada por inova\u00e7\u00f5es e por uma dedica\u00e7\u00e3o inabal\u00e1vel \u00e0 m\u00fasica, o que a torna uma presen\u00e7a indispens\u00e1vel no calend\u00e1rio musical brasileiro.<\/p>\n<p><img decoding=\"async\" src=\"https:\/\/www.encontravitoria.com.br\/sobre\/wp-content\/uploads\/2026\/05\/vitoria-no-ritmo-do-rock-prefeitura-confirma-data-de-show-historico-da-banda-nazareth.webp\" alt=\"show gratuito banda Nazareth\" loading=\"lazy\" \/><\/p>\n<h2>O Legado Musical de Nazareth<\/h2>\n<p>O legado musical da Nazareth transcende gera\u00e7\u00f5es. Suas can\u00e7\u00f5es, que abordam diversos temas, continuam relevantes e s\u00e3o frequentemente redescobertas por novas audi\u00eancias. O estilo caracter\u00edstico da banda, que combina elementos do rock tradicional e do blues, estabelece uma conex\u00e3o emocional com o p\u00fablico, criando experi\u00eancias memor\u00e1veis em seus shows. A apresenta\u00e7\u00e3o em Vit\u00f3ria ser\u00e1 uma oportunidade \u00fanica para os f\u00e3s reverem ao vivo esses cl\u00e1ssicos e sentirem a energia contagiante que a banda traz ao palco.<\/p>\n<h2>Dia Mundial do Rock: Celebra\u00e7\u00e3o Global<\/h2>\n<p>O Dia Mundial do Rock \u00e9 mais do que uma festividade; \u00e9 uma oportunidade de uni\u00e3o entre os amantes da m\u00fasica. Celebrado anualmente em 13 de julho, o dia remete ao hist\u00f3rico Live Aid de 1985, um grandioso evento beneficente que reuniu grandes artistas para levantar fundos. Assim, o show de Nazareth em Vit\u00f3ria \u00e9 uma maneira de honrar a tradi\u00e7\u00e3o do rock e o seu impacto cultural, servindo como um lembrete do poder que a m\u00fasica possui de unir pessoas e criar consci\u00eancia social.<\/p>\n<h2>Expectativas para o Show na Pra\u00e7a do Papa<\/h2>\n<p>A expectativa para o show \u00e9 palp\u00e1vel entre os f\u00e3s. A Pra\u00e7a do Papa, famosa por seu ambiente acolhedor e paisagens deslumbrantes, se transforma em um verdadeiro templo do rock, onde o p\u00fablico poder\u00e1 viver momentos de pura emo\u00e7\u00e3o e celebra\u00e7\u00e3o da m\u00fasica. Com um acesso facilitado e a promessa de uma experi\u00eancia \u00fanica, espera-se uma grande participa\u00e7\u00e3o do p\u00fablico de todas as idades, prontos para cantar e celebrar juntos.<\/p>\n<h2>Como Chegar Ao Evento<\/h2>\n<p>Para aqueles que desejam participar da apresenta\u00e7\u00e3o, a Pra\u00e7a do Papa \u00e9 facilmente acess\u00edvel por transporte p\u00fablico e ve\u00edculos particulares. Recomenda-se verificar as op\u00e7\u00f5es de transporte dispon\u00edveis e planejar a chegada ao local com anteced\u00eancia, pois a expectativa \u00e9 de grande afluxo de p\u00fablico. Avisos sobre poss\u00edveis bloqueios de tr\u00e1fego e orienta\u00e7\u00f5es de transporte poder\u00e3o ser divulgados atrav\u00e9s da Prefeitura, garantindo que todos possam chegar com conforto e seguran\u00e7a.<\/p>\n<h2>Seguran\u00e7a e Conforto para o P\u00fablico<\/h2>\n<p>A seguran\u00e7a do p\u00fablico \u00e9 uma prioridade para a organiza\u00e7\u00e3o do evento. Medidas estar\u00e3o em vigor para garantir que todos possam desfrutar da apresenta\u00e7\u00e3o com tranquilidade. Isso inclui o controle de acesso, seguran\u00e7a refor\u00e7ada e uma equipe preparada para atender quaisquer necessidades do p\u00fablico durante a festividade. Al\u00e9m disso, op\u00e7\u00f5es de alimenta\u00e7\u00e3o e espa\u00e7o para descanso ser\u00e3o disponibilizadas para maior conforto de todos os participantes.<\/p>\n<h2>O Impacto do Rock na Cena Cultural<\/h2>\n<p>O cen\u00e1rio cultural de Vit\u00f3ria \u00e9 enriquecido com a variedade de express\u00f5es art\u00edsticas, e o rock ocupa um lugar especial nesse contexto. A programa\u00e7\u00e3o de eventos como o show do Nazareth evidenciam o esfor\u00e7o cont\u00ednuo da cidade em promover e valorizar a cultura local. O rock, com sua capacidade de inspirar e mobilizar, exerce um papel fundamental na vida comunit\u00e1ria e na forma\u00e7\u00e3o de identidade cultural entre as novas gera\u00e7\u00f5es.<\/p>\n<h2>Convite para Todos: Junte-se \u00e0 Festa<\/h2>\n<p>O convite est\u00e1 feito! A banda Nazareth e a Prefeitura de Vit\u00f3ria convidam todos para essa grande celebra\u00e7\u00e3o do rock. N\u00e3o perca a chance de fazer parte dessa mem\u00f3ria musical, unindo-se a amigos e familiares para uma noite que promete ser t\u00e3o emocionante quanto hist\u00f3rica. Abrace a energia do rock e viva experi\u00eancias que ficar\u00e3o marcadas para sempre em sua mem\u00f3ria!<\/p>\n\n<div style=\"font-size: 0px; height: 0px; line-height: 0px; margin: 0; padding: 0; clear: both;\"><\/div>","protected":false},"excerpt":{"rendered":"<p>Vit\u00f3ria confirma show gratuito da banda Nazareth na Pra\u00e7a do Papa.<\/p>\n","protected":false},"author":1,"featured_media":1543,"comment_status":"open","ping_status":"closed","sticky":false,"template":"","format":"standard","meta":{"footnotes":""},"categories":[6],"tags":[],"class_list":["post-1544","post","type-post","status-publish","format-standard","has-post-thumbnail","hentry","category-noticias-em-vitoria","has_thumb"],"yoast_head":"<!-- This site is optimized with the Yoast SEO plugin v26.7 - https:\/\/yoast.com\/wordpress\/plugins\/seo\/ -->\n<title>Vit\u00f3ria no ritmo do rock: Prefeitura confirma data de show hist\u00f3rico da banda Nazareth - Encontra Vit\u00f3ria<\/title>\n<meta name=\"robots\" content=\"index, follow, max-snippet:-1, max-image-preview:large, max-video-preview:-1\" \/>\n<link rel=\"canonical\" href=\"https:\/\/www.encontravitoria.com.br\/sobre\/vitoria-no-ritmo-do-rock-prefeitura-confirma-data-de-show-historico-da-banda-nazareth\/\" \/>\n<meta property=\"og:locale\" content=\"pt_BR\" \/>\n<meta property=\"og:type\" content=\"article\" \/>\n<meta property=\"og:title\" content=\"Vit\u00f3ria no ritmo do rock: Prefeitura confirma data de show hist\u00f3rico da banda Nazareth - Encontra Vit\u00f3ria\" \/>\n<meta property=\"og:description\" content=\"Vit\u00f3ria confirma show gratuito da banda Nazareth na Pra\u00e7a do Papa.\" \/>\n<meta property=\"og:url\" content=\"https:\/\/www.encontravitoria.com.br\/sobre\/vitoria-no-ritmo-do-rock-prefeitura-confirma-data-de-show-historico-da-banda-nazareth\/\" \/>\n<meta property=\"og:site_name\" content=\"Encontra Vit\u00f3ria\" \/>\n<meta property=\"article:published_time\" content=\"2026-05-01T16:05:22+00:00\" \/>\n<meta property=\"og:image\" content=\"https:\/\/www.encontravitoria.com.br\/sobre\/wp-content\/uploads\/2026\/05\/vitoria-no-ritmo-do-rock-prefeitura-confirma-data-de-show-historico-da-banda-nazareth.webp\" \/>\n<meta name=\"author\" content=\"Encontra Vit\u00f3ria\" \/>\n<meta name=\"twitter:card\" content=\"summary_large_image\" \/>\n<meta name=\"twitter:label1\" content=\"Escrito por\" \/>\n\t<meta name=\"twitter:data1\" content=\"Encontra Vit\u00f3ria\" \/>\n\t<meta name=\"twitter:label2\" content=\"Est. tempo de leitura\" \/>\n\t<meta name=\"twitter:data2\" content=\"4 minutos\" \/>\n<script type=\"application\/ld+json\" class=\"yoast-schema-graph\">{\"@context\":\"https:\/\/schema.org\",\"@graph\":[{\"@type\":\"Article\",\"@id\":\"https:\/\/www.encontravitoria.com.br\/sobre\/vitoria-no-ritmo-do-rock-prefeitura-confirma-data-de-show-historico-da-banda-nazareth\/#article\",\"isPartOf\":{\"@id\":\"https:\/\/www.encontravitoria.com.br\/sobre\/vitoria-no-ritmo-do-rock-prefeitura-confirma-data-de-show-historico-da-banda-nazareth\/\"},\"author\":{\"name\":\"Encontra Vit\u00f3ria\",\"@id\":\"https:\/\/www.encontravitoria.com.br\/sobre\/#\/schema\/person\/0f8e5bcc88fbadf1bad57afd504f48a2\"},\"headline\":\"Vit\u00f3ria no ritmo do rock: Prefeitura confirma data de show hist\u00f3rico da banda Nazareth\",\"datePublished\":\"2026-05-01T16:05:22+00:00\",\"mainEntityOfPage\":{\"@id\":\"https:\/\/www.encontravitoria.com.br\/sobre\/vitoria-no-ritmo-do-rock-prefeitura-confirma-data-de-show-historico-da-banda-nazareth\/\"},\"wordCount\":913,\"commentCount\":0,\"image\":{\"@id\":\"https:\/\/www.encontravitoria.com.br\/sobre\/vitoria-no-ritmo-do-rock-prefeitura-confirma-data-de-show-historico-da-banda-nazareth\/#primaryimage\"},\"thumbnailUrl\":\"https:\/\/www.encontravitoria.com.br\/sobre\/wp-content\/uploads\/2026\/05\/vitoria-no-ritmo-do-rock-prefeitura-confirma-data-de-show-historico-da-banda-nazareth.webp\",\"articleSection\":[\"Not\u00edcias Vit\u00f3ria\"],\"inLanguage\":\"pt-BR\",\"potentialAction\":[{\"@type\":\"CommentAction\",\"name\":\"Comment\",\"target\":[\"https:\/\/www.encontravitoria.com.br\/sobre\/vitoria-no-ritmo-do-rock-prefeitura-confirma-data-de-show-historico-da-banda-nazareth\/#respond\"]}]},{\"@type\":\"WebPage\",\"@id\":\"https:\/\/www.encontravitoria.com.br\/sobre\/vitoria-no-ritmo-do-rock-prefeitura-confirma-data-de-show-historico-da-banda-nazareth\/\",\"url\":\"https:\/\/www.encontravitoria.com.br\/sobre\/vitoria-no-ritmo-do-rock-prefeitura-confirma-data-de-show-historico-da-banda-nazareth\/\",\"name\":\"Vit\u00f3ria no ritmo do rock: Prefeitura confirma data de show hist\u00f3rico da banda Nazareth - Encontra Vit\u00f3ria\",\"isPartOf\":{\"@id\":\"https:\/\/www.encontravitoria.com.br\/sobre\/#website\"},\"primaryImageOfPage\":{\"@id\":\"https:\/\/www.encontravitoria.com.br\/sobre\/vitoria-no-ritmo-do-rock-prefeitura-confirma-data-de-show-historico-da-banda-nazareth\/#primaryimage\"},\"image\":{\"@id\":\"https:\/\/www.encontravitoria.com.br\/sobre\/vitoria-no-ritmo-do-rock-prefeitura-confirma-data-de-show-historico-da-banda-nazareth\/#primaryimage\"},\"thumbnailUrl\":\"https:\/\/www.encontravitoria.com.br\/sobre\/wp-content\/uploads\/2026\/05\/vitoria-no-ritmo-do-rock-prefeitura-confirma-data-de-show-historico-da-banda-nazareth.webp\",\"datePublished\":\"2026-05-01T16:05:22+00:00\",\"author\":{\"@id\":\"https:\/\/www.encontravitoria.com.br\/sobre\/#\/schema\/person\/0f8e5bcc88fbadf1bad57afd504f48a2\"},\"breadcrumb\":{\"@id\":\"https:\/\/www.encontravitoria.com.br\/sobre\/vitoria-no-ritmo-do-rock-prefeitura-confirma-data-de-show-historico-da-banda-nazareth\/#breadcrumb\"},\"inLanguage\":\"pt-BR\",\"potentialAction\":[{\"@type\":\"ReadAction\",\"target\":[\"https:\/\/www.encontravitoria.com.br\/sobre\/vitoria-no-ritmo-do-rock-prefeitura-confirma-data-de-show-historico-da-banda-nazareth\/\"]}]},{\"@type\":\"ImageObject\",\"inLanguage\":\"pt-BR\",\"@id\":\"https:\/\/www.encontravitoria.com.br\/sobre\/vitoria-no-ritmo-do-rock-prefeitura-confirma-data-de-show-historico-da-banda-nazareth\/#primaryimage\",\"url\":\"https:\/\/www.encontravitoria.com.br\/sobre\/wp-content\/uploads\/2026\/05\/vitoria-no-ritmo-do-rock-prefeitura-confirma-data-de-show-historico-da-banda-nazareth.webp\",\"contentUrl\":\"https:\/\/www.encontravitoria.com.br\/sobre\/wp-content\/uploads\/2026\/05\/vitoria-no-ritmo-do-rock-prefeitura-confirma-data-de-show-historico-da-banda-nazareth.webp\",\"width\":280,\"height\":280,\"caption\":\"show gratuito banda Nazareth\"},{\"@type\":\"BreadcrumbList\",\"@id\":\"https:\/\/www.encontravitoria.com.br\/sobre\/vitoria-no-ritmo-do-rock-prefeitura-confirma-data-de-show-historico-da-banda-nazareth\/#breadcrumb\",\"itemListElement\":[{\"@type\":\"ListItem\",\"position\":1,\"name\":\"In\u00edcio\",\"item\":\"https:\/\/www.encontravitoria.com.br\/sobre\/\"},{\"@type\":\"ListItem\",\"position\":2,\"name\":\"Vit\u00f3ria no ritmo do rock: Prefeitura confirma data de show hist\u00f3rico da banda Nazareth\"}]},{\"@type\":\"WebSite\",\"@id\":\"https:\/\/www.encontravitoria.com.br\/sobre\/#website\",\"url\":\"https:\/\/www.encontravitoria.com.br\/sobre\/\",\"name\":\"Encontra Vit\u00f3ria\",\"description\":\"Not\u00edcias, eventos, informa\u00e7\u00f5es e dicas na cidade Vit\u00f3ria e regi\u00e3o.\",\"potentialAction\":[{\"@type\":\"SearchAction\",\"target\":{\"@type\":\"EntryPoint\",\"urlTemplate\":\"https:\/\/www.encontravitoria.com.br\/sobre\/?s={search_term_string}\"},\"query-input\":{\"@type\":\"PropertyValueSpecification\",\"valueRequired\":true,\"valueName\":\"search_term_string\"}}],\"inLanguage\":\"pt-BR\"},{\"@type\":\"Person\",\"@id\":\"https:\/\/www.encontravitoria.com.br\/sobre\/#\/schema\/person\/0f8e5bcc88fbadf1bad57afd504f48a2\",\"name\":\"Encontra Vit\u00f3ria\",\"image\":{\"@type\":\"ImageObject\",\"inLanguage\":\"pt-BR\",\"@id\":\"https:\/\/www.encontravitoria.com.br\/sobre\/#\/schema\/person\/image\/\",\"url\":\"https:\/\/secure.gravatar.com\/avatar\/507340682b8270222e1f208e23198b6ae7e2c6a1033ae84e99bc6bce4f82a387?s=96&d=mm&r=g\",\"contentUrl\":\"https:\/\/secure.gravatar.com\/avatar\/507340682b8270222e1f208e23198b6ae7e2c6a1033ae84e99bc6bce4f82a387?s=96&d=mm&r=g\",\"caption\":\"Encontra Vit\u00f3ria\"},\"sameAs\":[\"http:\/\/www.encontravitoria.com.br\"],\"url\":\"https:\/\/www.encontravitoria.com.br\/sobre\/author\/evitoria\/\"}]}<\/script>\n<!-- \/ Yoast SEO plugin. -->","yoast_head_json":{"title":"Vit\u00f3ria no ritmo do rock: Prefeitura confirma data de show hist\u00f3rico da banda Nazareth - Encontra Vit\u00f3ria","robots":{"index":"index","follow":"follow","max-snippet":"max-snippet:-1","max-image-preview":"max-image-preview:large","max-video-preview":"max-video-preview:-1"},"canonical":"https:\/\/www.encontravitoria.com.br\/sobre\/vitoria-no-ritmo-do-rock-prefeitura-confirma-data-de-show-historico-da-banda-nazareth\/","og_locale":"pt_BR","og_type":"article","og_title":"Vit\u00f3ria no ritmo do rock: Prefeitura confirma data de show hist\u00f3rico da banda Nazareth - Encontra Vit\u00f3ria","og_description":"Vit\u00f3ria confirma show gratuito da banda Nazareth na Pra\u00e7a do Papa.","og_url":"https:\/\/www.encontravitoria.com.br\/sobre\/vitoria-no-ritmo-do-rock-prefeitura-confirma-data-de-show-historico-da-banda-nazareth\/","og_site_name":"Encontra Vit\u00f3ria","article_published_time":"2026-05-01T16:05:22+00:00","og_image":[{"url":"https:\/\/www.encontravitoria.com.br\/sobre\/wp-content\/uploads\/2026\/05\/vitoria-no-ritmo-do-rock-prefeitura-confirma-data-de-show-historico-da-banda-nazareth.webp","type":"","width":"","height":""}],"author":"Encontra Vit\u00f3ria","twitter_card":"summary_large_image","twitter_misc":{"Escrito por":"Encontra Vit\u00f3ria","Est. tempo de leitura":"4 minutos"},"schema":{"@context":"https:\/\/schema.org","@graph":[{"@type":"Article","@id":"https:\/\/www.encontravitoria.com.br\/sobre\/vitoria-no-ritmo-do-rock-prefeitura-confirma-data-de-show-historico-da-banda-nazareth\/#article","isPartOf":{"@id":"https:\/\/www.encontravitoria.com.br\/sobre\/vitoria-no-ritmo-do-rock-prefeitura-confirma-data-de-show-historico-da-banda-nazareth\/"},"author":{"name":"Encontra Vit\u00f3ria","@id":"https:\/\/www.encontravitoria.com.br\/sobre\/#\/schema\/person\/0f8e5bcc88fbadf1bad57afd504f48a2"},"headline":"Vit\u00f3ria no ritmo do rock: Prefeitura confirma data de show hist\u00f3rico da banda Nazareth","datePublished":"2026-05-01T16:05:22+00:00","mainEntityOfPage":{"@id":"https:\/\/www.encontravitoria.com.br\/sobre\/vitoria-no-ritmo-do-rock-prefeitura-confirma-data-de-show-historico-da-banda-nazareth\/"},"wordCount":913,"commentCount":0,"image":{"@id":"https:\/\/www.encontravitoria.com.br\/sobre\/vitoria-no-ritmo-do-rock-prefeitura-confirma-data-de-show-historico-da-banda-nazareth\/#primaryimage"},"thumbnailUrl":"https:\/\/www.encontravitoria.com.br\/sobre\/wp-content\/uploads\/2026\/05\/vitoria-no-ritmo-do-rock-prefeitura-confirma-data-de-show-historico-da-banda-nazareth.webp","articleSection":["Not\u00edcias Vit\u00f3ria"],"inLanguage":"pt-BR","potentialAction":[{"@type":"CommentAction","name":"Comment","target":["https:\/\/www.encontravitoria.com.br\/sobre\/vitoria-no-ritmo-do-rock-prefeitura-confirma-data-de-show-historico-da-banda-nazareth\/#respond"]}]},{"@type":"WebPage","@id":"https:\/\/www.encontravitoria.com.br\/sobre\/vitoria-no-ritmo-do-rock-prefeitura-confirma-data-de-show-historico-da-banda-nazareth\/","url":"https:\/\/www.encontravitoria.com.br\/sobre\/vitoria-no-ritmo-do-rock-prefeitura-confirma-data-de-show-historico-da-banda-nazareth\/","name":"Vit\u00f3ria no ritmo do rock: Prefeitura confirma data de show hist\u00f3rico da banda Nazareth - Encontra Vit\u00f3ria","isPartOf":{"@id":"https:\/\/www.encontravitoria.com.br\/sobre\/#website"},"primaryImageOfPage":{"@id":"https:\/\/www.encontravitoria.com.br\/sobre\/vitoria-no-ritmo-do-rock-prefeitura-confirma-data-de-show-historico-da-banda-nazareth\/#primaryimage"},"image":{"@id":"https:\/\/www.encontravitoria.com.br\/sobre\/vitoria-no-ritmo-do-rock-prefeitura-confirma-data-de-show-historico-da-banda-nazareth\/#primaryimage"},"thumbnailUrl":"https:\/\/www.encontravitoria.com.br\/sobre\/wp-content\/uploads\/2026\/05\/vitoria-no-ritmo-do-rock-prefeitura-confirma-data-de-show-historico-da-banda-nazareth.webp","datePublished":"2026-05-01T16:05:22+00:00","author":{"@id":"https:\/\/www.encontravitoria.com.br\/sobre\/#\/schema\/person\/0f8e5bcc88fbadf1bad57afd504f48a2"},"breadcrumb":{"@id":"https:\/\/www.encontravitoria.com.br\/sobre\/vitoria-no-ritmo-do-rock-prefeitura-confirma-data-de-show-historico-da-banda-nazareth\/#breadcrumb"},"inLanguage":"pt-BR","potentialAction":[{"@type":"ReadAction","target":["https:\/\/www.encontravitoria.com.br\/sobre\/vitoria-no-ritmo-do-rock-prefeitura-confirma-data-de-show-historico-da-banda-nazareth\/"]}]},{"@type":"ImageObject","inLanguage":"pt-BR","@id":"https:\/\/www.encontravitoria.com.br\/sobre\/vitoria-no-ritmo-do-rock-prefeitura-confirma-data-de-show-historico-da-banda-nazareth\/#primaryimage","url":"https:\/\/www.encontravitoria.com.br\/sobre\/wp-content\/uploads\/2026\/05\/vitoria-no-ritmo-do-rock-prefeitura-confirma-data-de-show-historico-da-banda-nazareth.webp","contentUrl":"https:\/\/www.encontravitoria.com.br\/sobre\/wp-content\/uploads\/2026\/05\/vitoria-no-ritmo-do-rock-prefeitura-confirma-data-de-show-historico-da-banda-nazareth.webp","width":280,"height":280,"caption":"show gratuito banda Nazareth"},{"@type":"BreadcrumbList","@id":"https:\/\/www.encontravitoria.com.br\/sobre\/vitoria-no-ritmo-do-rock-prefeitura-confirma-data-de-show-historico-da-banda-nazareth\/#breadcrumb","itemListElement":[{"@type":"ListItem","position":1,"name":"In\u00edcio","item":"https:\/\/www.encontravitoria.com.br\/sobre\/"},{"@type":"ListItem","position":2,"name":"Vit\u00f3ria no ritmo do rock: Prefeitura confirma data de show hist\u00f3rico da banda Nazareth"}]},{"@type":"WebSite","@id":"https:\/\/www.encontravitoria.com.br\/sobre\/#website","url":"https:\/\/www.encontravitoria.com.br\/sobre\/","name":"Encontra Vit\u00f3ria","description":"Not\u00edcias, eventos, informa\u00e7\u00f5es e dicas na cidade Vit\u00f3ria e regi\u00e3o.","potentialAction":[{"@type":"SearchAction","target":{"@type":"EntryPoint","urlTemplate":"https:\/\/www.encontravitoria.com.br\/sobre\/?s={search_term_string}"},"query-input":{"@type":"PropertyValueSpecification","valueRequired":true,"valueName":"search_term_string"}}],"inLanguage":"pt-BR"},{"@type":"Person","@id":"https:\/\/www.encontravitoria.com.br\/sobre\/#\/schema\/person\/0f8e5bcc88fbadf1bad57afd504f48a2","name":"Encontra Vit\u00f3ria","image":{"@type":"ImageObject","inLanguage":"pt-BR","@id":"https:\/\/www.encontravitoria.com.br\/sobre\/#\/schema\/person\/image\/","url":"https:\/\/secure.gravatar.com\/avatar\/507340682b8270222e1f208e23198b6ae7e2c6a1033ae84e99bc6bce4f82a387?s=96&d=mm&r=g","contentUrl":"https:\/\/secure.gravatar.com\/avatar\/507340682b8270222e1f208e23198b6ae7e2c6a1033ae84e99bc6bce4f82a387?s=96&d=mm&r=g","caption":"Encontra Vit\u00f3ria"},"sameAs":["http:\/\/www.encontravitoria.com.br"],"url":"https:\/\/www.encontravitoria.com.br\/sobre\/author\/evitoria\/"}]}},"_links":{"self":[{"href":"https:\/\/www.encontravitoria.com.br\/sobre\/wp-json\/wp\/v2\/posts\/1544","targetHints":{"allow":["GET"]}}],"collection":[{"href":"https:\/\/www.encontravitoria.com.br\/sobre\/wp-json\/wp\/v2\/posts"}],"about":[{"href":"https:\/\/www.encontravitoria.com.br\/sobre\/wp-json\/wp\/v2\/types\/post"}],"author":[{"embeddable":true,"href":"https:\/\/www.encontravitoria.com.br\/sobre\/wp-json\/wp\/v2\/users\/1"}],"replies":[{"embeddable":true,"href":"https:\/\/www.encontravitoria.com.br\/sobre\/wp-json\/wp\/v2\/comments?post=1544"}],"version-history":[{"count":0,"href":"https:\/\/www.encontravitoria.com.br\/sobre\/wp-json\/wp\/v2\/posts\/1544\/revisions"}],"wp:featuredmedia":[{"embeddable":true,"href":"https:\/\/www.encontravitoria.com.br\/sobre\/wp-json\/wp\/v2\/media\/1543"}],"wp:attachment":[{"href":"https:\/\/www.encontravitoria.com.br\/sobre\/wp-json\/wp\/v2\/media?parent=1544"}],"wp:term":[{"taxonomy":"category","embeddable":true,"href":"https:\/\/www.encontravitoria.com.br\/sobre\/wp-json\/wp\/v2\/categories?post=1544"},{"taxonomy":"post_tag","embeddable":true,"href":"https:\/\/www.encontravitoria.com.br\/sobre\/wp-json\/wp\/v2\/tags?post=1544"}],"curies":[{"name":"wp","href":"https:\/\/api.w.org\/{rel}","templated":true}]}}