{"id":1545,"date":"2026-05-01T16:08:27","date_gmt":"2026-05-01T16:08:27","guid":{"rendered":"https:\/\/www.encontravitoria.com.br\/sobre\/novo-crai-de-vitoria-modernidade-e-cuidado-para-a-autonomia-da-pessoa-idosa\/"},"modified":"2026-05-01T16:08:27","modified_gmt":"2026-05-01T16:08:27","slug":"novo-crai-de-vitoria-modernidade-e-cuidado-para-a-autonomia-da-pessoa-idosa","status":"publish","type":"post","link":"https:\/\/www.encontravitoria.com.br\/sobre\/novo-crai-de-vitoria-modernidade-e-cuidado-para-a-autonomia-da-pessoa-idosa\/","title":{"rendered":"Novo Crai de Vit\u00f3ria: modernidade e cuidado para a autonomia da pessoa idosa"},"content":{"rendered":"<div class=\"23ed37709e053b55400ee1990aeffe41\" data-index=\"1\" style=\"float: none; margin:0px;\">\n<!-- Anuncio display - global -->\r\n<ins class=\"adsbygoogle\"\r\n     style=\"display:block\"\r\n     data-ad-client=\"ca-pub-8585364105181520\"\r\n     data-ad-slot=\"8789329856\"\r\n     data-ad-format=\"auto\"\r\n     data-full-width-responsive=\"true\"><\/ins>\r\n<script>\r\n     (adsbygoogle = window.adsbygoogle || []).push({});\r\n<\/script>\n<\/div>\n<h2>A Moderniza\u00e7\u00e3o do CRAI em Vit\u00f3ria<\/h2>\n<p>O Centro de Refer\u00eancia ao Idoso (CRAI) na cidade de Vit\u00f3ria celebra um m\u00eas de funcionamento em sua nova localiza\u00e7\u00e3o. Com essa mudan\u00e7a, n\u00e3o \u00e9 apenas a estrutura f\u00edsica que foi renovada, mas tamb\u00e9m a proposta de atendimento aos idosos foi modernizada. O novo espa\u00e7o reflete um comprometimento em oferecer conforto e acolhimento adequado a todos os usu\u00e1rios, promovendo um ambiente onde as pessoas idosas se sintam valorizadas e cuidadas.<\/p>\n<h2>Benef\u00edcios do Novo Espa\u00e7o para Idosos<\/h2>\n<p>A nova sede do CRAI representa um marco importante, pois oferece maiores benef\u00edcios para o atendimento aos idosos. Mirtes Moraes Batista, uma usu\u00e1ria, expressou sua satisfa\u00e7\u00e3o ao declarar que o local est\u00e1 &#8220;t\u00e3o bonito e novinho&#8230; estou adorando&#8221;. Ao usufruir de servi\u00e7os como psicologia e fisioterapia, ela destaca a melhoria na mobilidade em sua vida cotidiana, um detalhe que ressalta a import\u00e2ncia de um ambiente bem planejado.<\/p>\n<h2>Servi\u00e7os Oferecidos na Nova Sede<\/h2>\n<p>Os servi\u00e7os oferecidos no novo espa\u00e7o do CRAI s\u00e3o abrangentes e foram planejados para atender \u00e0s necessidades espec\u00edficas da popula\u00e7\u00e3o idosa. Entre as op\u00e7\u00f5es dispon\u00edveis, destaco:<\/p>\n<ul>\n<li>Atendimentos em Geriatria<\/li>\n<li>Consultas de Enfermagem<\/li>\n<li>Psicologia e Servi\u00e7o Social<\/li>\n<li>Fonoaudiologia<\/li>\n<li>Nutri\u00e7\u00e3o<\/li>\n<li>Fisioterapia<\/li>\n<li>Terapia Ocupacional<\/li>\n<\/ul>\n<p>Al\u00e9m desses servi\u00e7os, o CRAI disponibiliza um Laborat\u00f3rio de Atividades de Vida Di\u00e1ria, proporcionando aos usu\u00e1rios a oportunidade de praticar e desenvolver habilidades essenciais para a autonomia no dia a dia.<\/p>\n<h2>Reabilita\u00e7\u00e3o e Autonomia para Pacientes<\/h2>\n<p>A reabilita\u00e7\u00e3o \u00e9 um dos focos principais do CRAI. A fisioterapeuta Joana Paola Mazarin comenta que a miss\u00e3o principal do centro \u00e9 promover a autonomia e a independ\u00eancia dos pacientes. Cada intera\u00e7\u00e3o com os usu\u00e1rios \u00e9 uma oportunidade para os profissionais sugerirem melhorias no ambiente dom\u00e9stico, garantindo uma melhor qualidade de vida para os idosos.<\/p>\n<h2>Import\u00e2ncia do Apoio Psicossocial<\/h2>\n<p>O apoio psicossocial \u00e9 uma parte vital do atendimento no CRAI. Por meio de orienta\u00e7\u00f5es adequadas, os familiares dos usu\u00e1rios, como a cuidadora Tereza de Jesus da Silva, percebem a diferen\u00e7a significativa que visitas regulares e orienta\u00e7\u00f5es de profissionais podem fazer na rotina dos idosos, facilitando o cuidado e a adapta\u00e7\u00e3o \u00e0s novas estrat\u00e9gias de vida.<\/p>\n<h2>Experi\u00eancias de Usu\u00e1rios do CRAI<\/h2>\n<p>Diversas experi\u00eancias positivas emergem desse novo servi\u00e7o, como a do senhor Jorge Justo Rodrigues, que, ap\u00f3s reabilita\u00e7\u00e3o p\u00f3s-AVC, encontra esperan\u00e7a no novo laborat\u00f3rio, acreditando que poder\u00e1 retomar suas atividades cotidianas. A conex\u00e3o emocional que o CRAI constr\u00f3i com seus usu\u00e1rios \u00e9 um testamento ao impacto das mudan\u00e7as recentes no espa\u00e7o e no atendimento.<\/p>\n<h2>Atividades de Vida Di\u00e1ria no CRAI<\/h2>\n<p>O Laborat\u00f3rio de Atividades de Vida Di\u00e1ria (AVDs) \u00e9 um espa\u00e7o inovador que simula condi\u00e7\u00f5es reais para auxiliar os idosos a readquirir habilidades essenciais para a vida. Isso inclui tarefas como se vestir, cozinhar e at\u00e9 organizar o ambiente. A terapeuta ocupacional Adriana Liporatti refor\u00e7a que o enfoque est\u00e1 em ensinar estrat\u00e9gias que permitam aos idosos realizarem essas atividades de forma independente.<\/p>\n<h2>Equipe Profissional Dedicada e Humana<\/h2>\n<p>Uma equipe comprometida de profissionais faz toda a diferen\u00e7a no atendimento. Desde fisioterapeutas at\u00e9 assistentes sociais, todos possuem um papel crucial na orienta\u00e7\u00e3o e cuidado. A intera\u00e7\u00e3o humana \u00e9 um componente essencial que n\u00e3o pode ser subestimado na promo\u00e7\u00e3o de bem-estar e sa\u00fade mental dos idosos atendidos.<\/p>\n<h2>Impacto do CRAI na Comunidade<\/h2>\n<p>O CRAI n\u00e3o \u00e9 apenas um centro de cuidado individual, mas tamb\u00e9m um pilar fundamental na comunidade. Ao perpassar pela vida de seus usu\u00e1rios, o centro cria um efeito positivo em suas fam\u00edlias, compartilhando conhecimentos e t\u00e9cnicas que melhoram a qualidade de vida em geral.<\/p>\n<h2>Futuro do Atendimento ao Idoso em Vit\u00f3ria<\/h2>\n<p>O futuro do atendimento aos idosos em Vit\u00f3ria se mostra promissor com o CRAI. Com a expans\u00e3o de servi\u00e7os e o compromisso com a quest\u00e3o da autonomia, a expectativa \u00e9 que cada vez mais idosos se beneficiem e foquem em reabilita\u00e7\u00e3o e bem-estar, resultando em uma comunidade mais ativa e saud\u00e1vel.<\/p>\n<p>Os atendimentos no CRAI s\u00e3o destinados a idosos que, ap\u00f3s uma avalia\u00e7\u00e3o cl\u00ednica na UBS, s\u00e3o encaminhados para do servi\u00e7o. A nova estrutura n\u00e3o somente melhora o acesso aos servi\u00e7os, mas tamb\u00e9m se compromete em oferecer um ambiente seguro e estimulante. O futuro do atendimento ao idoso se delineia com a\u00e7\u00f5es pensadas para garantir a dignidade e promover a vida com qualidade.<\/p>\n\n<div style=\"font-size: 0px; height: 0px; line-height: 0px; margin: 0; padding: 0; clear: both;\"><\/div>","protected":false},"excerpt":{"rendered":"<p>Novo CRAI de Vit\u00f3ria transforma a vida de idosos com cuidados e conforto.<\/p>\n","protected":false},"author":1,"featured_media":0,"comment_status":"open","ping_status":"closed","sticky":false,"template":"","format":"standard","meta":{"footnotes":""},"categories":[22],"tags":[],"class_list":["post-1545","post","type-post","status-publish","format-standard","hentry","category-saude-em-vitoria"],"yoast_head":"<!-- This site is optimized with the Yoast SEO plugin v26.7 - https:\/\/yoast.com\/wordpress\/plugins\/seo\/ -->\n<title>Novo Crai de Vit\u00f3ria: modernidade e cuidado para a autonomia da pessoa idosa - Encontra Vit\u00f3ria<\/title>\n<meta name=\"robots\" content=\"index, follow, max-snippet:-1, max-image-preview:large, max-video-preview:-1\" \/>\n<link rel=\"canonical\" href=\"https:\/\/www.encontravitoria.com.br\/sobre\/novo-crai-de-vitoria-modernidade-e-cuidado-para-a-autonomia-da-pessoa-idosa\/\" \/>\n<meta property=\"og:locale\" content=\"pt_BR\" \/>\n<meta property=\"og:type\" content=\"article\" \/>\n<meta property=\"og:title\" content=\"Novo Crai de Vit\u00f3ria: modernidade e cuidado para a autonomia da pessoa idosa - Encontra Vit\u00f3ria\" \/>\n<meta property=\"og:description\" content=\"Novo CRAI de Vit\u00f3ria transforma a vida de idosos com cuidados e conforto.\" \/>\n<meta property=\"og:url\" content=\"https:\/\/www.encontravitoria.com.br\/sobre\/novo-crai-de-vitoria-modernidade-e-cuidado-para-a-autonomia-da-pessoa-idosa\/\" \/>\n<meta property=\"og:site_name\" content=\"Encontra Vit\u00f3ria\" \/>\n<meta property=\"article:published_time\" content=\"2026-05-01T16:08:27+00:00\" \/>\n<meta name=\"author\" content=\"Encontra Vit\u00f3ria\" \/>\n<meta name=\"twitter:card\" content=\"summary_large_image\" \/>\n<meta name=\"twitter:label1\" content=\"Escrito por\" \/>\n\t<meta name=\"twitter:data1\" content=\"Encontra Vit\u00f3ria\" \/>\n\t<meta name=\"twitter:label2\" content=\"Est. tempo de leitura\" \/>\n\t<meta name=\"twitter:data2\" content=\"4 minutos\" \/>\n<script type=\"application\/ld+json\" class=\"yoast-schema-graph\">{\"@context\":\"https:\/\/schema.org\",\"@graph\":[{\"@type\":\"Article\",\"@id\":\"https:\/\/www.encontravitoria.com.br\/sobre\/novo-crai-de-vitoria-modernidade-e-cuidado-para-a-autonomia-da-pessoa-idosa\/#article\",\"isPartOf\":{\"@id\":\"https:\/\/www.encontravitoria.com.br\/sobre\/novo-crai-de-vitoria-modernidade-e-cuidado-para-a-autonomia-da-pessoa-idosa\/\"},\"author\":{\"name\":\"Encontra Vit\u00f3ria\",\"@id\":\"https:\/\/www.encontravitoria.com.br\/sobre\/#\/schema\/person\/0f8e5bcc88fbadf1bad57afd504f48a2\"},\"headline\":\"Novo Crai de Vit\u00f3ria: modernidade e cuidado para a autonomia da pessoa idosa\",\"datePublished\":\"2026-05-01T16:08:27+00:00\",\"mainEntityOfPage\":{\"@id\":\"https:\/\/www.encontravitoria.com.br\/sobre\/novo-crai-de-vitoria-modernidade-e-cuidado-para-a-autonomia-da-pessoa-idosa\/\"},\"wordCount\":796,\"commentCount\":0,\"articleSection\":[\"Sa\u00fade Vit\u00f3ria\"],\"inLanguage\":\"pt-BR\",\"potentialAction\":[{\"@type\":\"CommentAction\",\"name\":\"Comment\",\"target\":[\"https:\/\/www.encontravitoria.com.br\/sobre\/novo-crai-de-vitoria-modernidade-e-cuidado-para-a-autonomia-da-pessoa-idosa\/#respond\"]}]},{\"@type\":\"WebPage\",\"@id\":\"https:\/\/www.encontravitoria.com.br\/sobre\/novo-crai-de-vitoria-modernidade-e-cuidado-para-a-autonomia-da-pessoa-idosa\/\",\"url\":\"https:\/\/www.encontravitoria.com.br\/sobre\/novo-crai-de-vitoria-modernidade-e-cuidado-para-a-autonomia-da-pessoa-idosa\/\",\"name\":\"Novo Crai de Vit\u00f3ria: modernidade e cuidado para a autonomia da pessoa idosa - Encontra Vit\u00f3ria\",\"isPartOf\":{\"@id\":\"https:\/\/www.encontravitoria.com.br\/sobre\/#website\"},\"datePublished\":\"2026-05-01T16:08:27+00:00\",\"author\":{\"@id\":\"https:\/\/www.encontravitoria.com.br\/sobre\/#\/schema\/person\/0f8e5bcc88fbadf1bad57afd504f48a2\"},\"breadcrumb\":{\"@id\":\"https:\/\/www.encontravitoria.com.br\/sobre\/novo-crai-de-vitoria-modernidade-e-cuidado-para-a-autonomia-da-pessoa-idosa\/#breadcrumb\"},\"inLanguage\":\"pt-BR\",\"potentialAction\":[{\"@type\":\"ReadAction\",\"target\":[\"https:\/\/www.encontravitoria.com.br\/sobre\/novo-crai-de-vitoria-modernidade-e-cuidado-para-a-autonomia-da-pessoa-idosa\/\"]}]},{\"@type\":\"BreadcrumbList\",\"@id\":\"https:\/\/www.encontravitoria.com.br\/sobre\/novo-crai-de-vitoria-modernidade-e-cuidado-para-a-autonomia-da-pessoa-idosa\/#breadcrumb\",\"itemListElement\":[{\"@type\":\"ListItem\",\"position\":1,\"name\":\"In\u00edcio\",\"item\":\"https:\/\/www.encontravitoria.com.br\/sobre\/\"},{\"@type\":\"ListItem\",\"position\":2,\"name\":\"Novo Crai de Vit\u00f3ria: modernidade e cuidado para a autonomia da pessoa idosa\"}]},{\"@type\":\"WebSite\",\"@id\":\"https:\/\/www.encontravitoria.com.br\/sobre\/#website\",\"url\":\"https:\/\/www.encontravitoria.com.br\/sobre\/\",\"name\":\"Encontra Vit\u00f3ria\",\"description\":\"Not\u00edcias, eventos, informa\u00e7\u00f5es e dicas na cidade Vit\u00f3ria e regi\u00e3o.\",\"potentialAction\":[{\"@type\":\"SearchAction\",\"target\":{\"@type\":\"EntryPoint\",\"urlTemplate\":\"https:\/\/www.encontravitoria.com.br\/sobre\/?s={search_term_string}\"},\"query-input\":{\"@type\":\"PropertyValueSpecification\",\"valueRequired\":true,\"valueName\":\"search_term_string\"}}],\"inLanguage\":\"pt-BR\"},{\"@type\":\"Person\",\"@id\":\"https:\/\/www.encontravitoria.com.br\/sobre\/#\/schema\/person\/0f8e5bcc88fbadf1bad57afd504f48a2\",\"name\":\"Encontra Vit\u00f3ria\",\"image\":{\"@type\":\"ImageObject\",\"inLanguage\":\"pt-BR\",\"@id\":\"https:\/\/www.encontravitoria.com.br\/sobre\/#\/schema\/person\/image\/\",\"url\":\"https:\/\/secure.gravatar.com\/avatar\/507340682b8270222e1f208e23198b6ae7e2c6a1033ae84e99bc6bce4f82a387?s=96&d=mm&r=g\",\"contentUrl\":\"https:\/\/secure.gravatar.com\/avatar\/507340682b8270222e1f208e23198b6ae7e2c6a1033ae84e99bc6bce4f82a387?s=96&d=mm&r=g\",\"caption\":\"Encontra Vit\u00f3ria\"},\"sameAs\":[\"http:\/\/www.encontravitoria.com.br\"],\"url\":\"https:\/\/www.encontravitoria.com.br\/sobre\/author\/evitoria\/\"}]}<\/script>\n<!-- \/ Yoast SEO plugin. -->","yoast_head_json":{"title":"Novo Crai de Vit\u00f3ria: modernidade e cuidado para a autonomia da pessoa idosa - Encontra Vit\u00f3ria","robots":{"index":"index","follow":"follow","max-snippet":"max-snippet:-1","max-image-preview":"max-image-preview:large","max-video-preview":"max-video-preview:-1"},"canonical":"https:\/\/www.encontravitoria.com.br\/sobre\/novo-crai-de-vitoria-modernidade-e-cuidado-para-a-autonomia-da-pessoa-idosa\/","og_locale":"pt_BR","og_type":"article","og_title":"Novo Crai de Vit\u00f3ria: modernidade e cuidado para a autonomia da pessoa idosa - Encontra Vit\u00f3ria","og_description":"Novo CRAI de Vit\u00f3ria transforma a vida de idosos com cuidados e conforto.","og_url":"https:\/\/www.encontravitoria.com.br\/sobre\/novo-crai-de-vitoria-modernidade-e-cuidado-para-a-autonomia-da-pessoa-idosa\/","og_site_name":"Encontra Vit\u00f3ria","article_published_time":"2026-05-01T16:08:27+00:00","author":"Encontra Vit\u00f3ria","twitter_card":"summary_large_image","twitter_misc":{"Escrito por":"Encontra Vit\u00f3ria","Est. tempo de leitura":"4 minutos"},"schema":{"@context":"https:\/\/schema.org","@graph":[{"@type":"Article","@id":"https:\/\/www.encontravitoria.com.br\/sobre\/novo-crai-de-vitoria-modernidade-e-cuidado-para-a-autonomia-da-pessoa-idosa\/#article","isPartOf":{"@id":"https:\/\/www.encontravitoria.com.br\/sobre\/novo-crai-de-vitoria-modernidade-e-cuidado-para-a-autonomia-da-pessoa-idosa\/"},"author":{"name":"Encontra Vit\u00f3ria","@id":"https:\/\/www.encontravitoria.com.br\/sobre\/#\/schema\/person\/0f8e5bcc88fbadf1bad57afd504f48a2"},"headline":"Novo Crai de Vit\u00f3ria: modernidade e cuidado para a autonomia da pessoa idosa","datePublished":"2026-05-01T16:08:27+00:00","mainEntityOfPage":{"@id":"https:\/\/www.encontravitoria.com.br\/sobre\/novo-crai-de-vitoria-modernidade-e-cuidado-para-a-autonomia-da-pessoa-idosa\/"},"wordCount":796,"commentCount":0,"articleSection":["Sa\u00fade Vit\u00f3ria"],"inLanguage":"pt-BR","potentialAction":[{"@type":"CommentAction","name":"Comment","target":["https:\/\/www.encontravitoria.com.br\/sobre\/novo-crai-de-vitoria-modernidade-e-cuidado-para-a-autonomia-da-pessoa-idosa\/#respond"]}]},{"@type":"WebPage","@id":"https:\/\/www.encontravitoria.com.br\/sobre\/novo-crai-de-vitoria-modernidade-e-cuidado-para-a-autonomia-da-pessoa-idosa\/","url":"https:\/\/www.encontravitoria.com.br\/sobre\/novo-crai-de-vitoria-modernidade-e-cuidado-para-a-autonomia-da-pessoa-idosa\/","name":"Novo Crai de Vit\u00f3ria: modernidade e cuidado para a autonomia da pessoa idosa - Encontra Vit\u00f3ria","isPartOf":{"@id":"https:\/\/www.encontravitoria.com.br\/sobre\/#website"},"datePublished":"2026-05-01T16:08:27+00:00","author":{"@id":"https:\/\/www.encontravitoria.com.br\/sobre\/#\/schema\/person\/0f8e5bcc88fbadf1bad57afd504f48a2"},"breadcrumb":{"@id":"https:\/\/www.encontravitoria.com.br\/sobre\/novo-crai-de-vitoria-modernidade-e-cuidado-para-a-autonomia-da-pessoa-idosa\/#breadcrumb"},"inLanguage":"pt-BR","potentialAction":[{"@type":"ReadAction","target":["https:\/\/www.encontravitoria.com.br\/sobre\/novo-crai-de-vitoria-modernidade-e-cuidado-para-a-autonomia-da-pessoa-idosa\/"]}]},{"@type":"BreadcrumbList","@id":"https:\/\/www.encontravitoria.com.br\/sobre\/novo-crai-de-vitoria-modernidade-e-cuidado-para-a-autonomia-da-pessoa-idosa\/#breadcrumb","itemListElement":[{"@type":"ListItem","position":1,"name":"In\u00edcio","item":"https:\/\/www.encontravitoria.com.br\/sobre\/"},{"@type":"ListItem","position":2,"name":"Novo Crai de Vit\u00f3ria: modernidade e cuidado para a autonomia da pessoa idosa"}]},{"@type":"WebSite","@id":"https:\/\/www.encontravitoria.com.br\/sobre\/#website","url":"https:\/\/www.encontravitoria.com.br\/sobre\/","name":"Encontra Vit\u00f3ria","description":"Not\u00edcias, eventos, informa\u00e7\u00f5es e dicas na cidade Vit\u00f3ria e regi\u00e3o.","potentialAction":[{"@type":"SearchAction","target":{"@type":"EntryPoint","urlTemplate":"https:\/\/www.encontravitoria.com.br\/sobre\/?s={search_term_string}"},"query-input":{"@type":"PropertyValueSpecification","valueRequired":true,"valueName":"search_term_string"}}],"inLanguage":"pt-BR"},{"@type":"Person","@id":"https:\/\/www.encontravitoria.com.br\/sobre\/#\/schema\/person\/0f8e5bcc88fbadf1bad57afd504f48a2","name":"Encontra Vit\u00f3ria","image":{"@type":"ImageObject","inLanguage":"pt-BR","@id":"https:\/\/www.encontravitoria.com.br\/sobre\/#\/schema\/person\/image\/","url":"https:\/\/secure.gravatar.com\/avatar\/507340682b8270222e1f208e23198b6ae7e2c6a1033ae84e99bc6bce4f82a387?s=96&d=mm&r=g","contentUrl":"https:\/\/secure.gravatar.com\/avatar\/507340682b8270222e1f208e23198b6ae7e2c6a1033ae84e99bc6bce4f82a387?s=96&d=mm&r=g","caption":"Encontra Vit\u00f3ria"},"sameAs":["http:\/\/www.encontravitoria.com.br"],"url":"https:\/\/www.encontravitoria.com.br\/sobre\/author\/evitoria\/"}]}},"_links":{"self":[{"href":"https:\/\/www.encontravitoria.com.br\/sobre\/wp-json\/wp\/v2\/posts\/1545","targetHints":{"allow":["GET"]}}],"collection":[{"href":"https:\/\/www.encontravitoria.com.br\/sobre\/wp-json\/wp\/v2\/posts"}],"about":[{"href":"https:\/\/www.encontravitoria.com.br\/sobre\/wp-json\/wp\/v2\/types\/post"}],"author":[{"embeddable":true,"href":"https:\/\/www.encontravitoria.com.br\/sobre\/wp-json\/wp\/v2\/users\/1"}],"replies":[{"embeddable":true,"href":"https:\/\/www.encontravitoria.com.br\/sobre\/wp-json\/wp\/v2\/comments?post=1545"}],"version-history":[{"count":0,"href":"https:\/\/www.encontravitoria.com.br\/sobre\/wp-json\/wp\/v2\/posts\/1545\/revisions"}],"wp:attachment":[{"href":"https:\/\/www.encontravitoria.com.br\/sobre\/wp-json\/wp\/v2\/media?parent=1545"}],"wp:term":[{"taxonomy":"category","embeddable":true,"href":"https:\/\/www.encontravitoria.com.br\/sobre\/wp-json\/wp\/v2\/categories?post=1545"},{"taxonomy":"post_tag","embeddable":true,"href":"https:\/\/www.encontravitoria.com.br\/sobre\/wp-json\/wp\/v2\/tags?post=1545"}],"curies":[{"name":"wp","href":"https:\/\/api.w.org\/{rel}","templated":true}]}}