{"id":1695,"date":"2026-06-05T16:16:29","date_gmt":"2026-06-05T16:16:29","guid":{"rendered":"https:\/\/www.encontravitoria.com.br\/sobre\/copa-vitoria-das-comunidades-2026-tem-abertura-oficial-e-reforca-futebol-amador-na-capital\/"},"modified":"2026-06-05T16:16:29","modified_gmt":"2026-06-05T16:16:29","slug":"copa-vitoria-das-comunidades-2026-tem-abertura-oficial-e-reforca-futebol-amador-na-capital","status":"publish","type":"post","link":"https:\/\/www.encontravitoria.com.br\/sobre\/copa-vitoria-das-comunidades-2026-tem-abertura-oficial-e-reforca-futebol-amador-na-capital\/","title":{"rendered":"Copa Vit\u00f3ria das Comunidades 2026 tem abertura oficial e refor\u00e7a futebol amador na capital"},"content":{"rendered":"<div class=\"23ed37709e053b55400ee1990aeffe41\" data-index=\"1\" style=\"float: none; margin:0px;\">\n<!-- Anuncio display - global -->\r\n<ins class=\"adsbygoogle\"\r\n     style=\"display:block\"\r\n     data-ad-client=\"ca-pub-8585364105181520\"\r\n     data-ad-slot=\"8789329856\"\r\n     data-ad-format=\"auto\"\r\n     data-full-width-responsive=\"true\"><\/ins>\r\n<script>\r\n     (adsbygoogle = window.adsbygoogle || []).push({});\r\n<\/script>\n<\/div>\n<h2>Abertura Oficial e Atra\u00e7\u00f5es do Evento<\/h2>\n<p>Na ter\u00e7a-feira, dia 2 de junho de 2026, ocorreu a cerim\u00f4nia de abertura da Copa Vit\u00f3ria das Comunidades, o maior evento de futebol amador do Esp\u00edrito Santo. Este evento foi realizado no audit\u00f3rio da Prefeitura de Vit\u00f3ria e assinalou o in\u00edcio de mais uma edi\u00e7\u00e3o do torneio, que \u00e9 um importante pilar no calend\u00e1rio esportivo local. Com previs\u00e3o para iniciar as partidas femininas em 8 de junho e os jogos masculinos em 9 de junho, a grandiosa final est\u00e1 marcada para o dia 6 de setembro e ser\u00e1 transmitida ao vivo pela Rede Vit\u00f3ria.<\/p>\n<p>A prefeita de Vit\u00f3ria, Cris Samorini, conduziu a abertura, ressaltando os significativos avan\u00e7os na infraestrutura esportiva da cidade, al\u00e9m do aumento da participa\u00e7\u00e3o feminina em suas competi\u00e7\u00f5es.<\/p>\n<h2>Crescimento do Futebol Feminino em Vit\u00f3ria<\/h2>\n<p>A prefeita mencionou com orgulho a evolu\u00e7\u00e3o do futebol feminino no munic\u00edpio. &#8220;\u00c9 emotivo ver Vit\u00f3ria sob a lideran\u00e7a da primeira prefeita mulher enquanto a Copa registra um n\u00famero recorde de equipes femininas. Isso indica que estamos expandindo oportunidades e assegurando a valoriza\u00e7\u00e3o e respeito das mulheres no esporte&#8221;, afirmou. O aumento de visibilidade para o futebol feminino se tornou um marco nesta edi\u00e7\u00e3o, refletindo o compromisso da administra\u00e7\u00e3o em promover a igualdade de g\u00eanero no esporte.<\/p>\n<p><img decoding=\"async\" src=\"https:\/\/www.encontravitoria.com.br\/sobre\/wp-content\/uploads\/2026\/06\/copa-vitoria-das-comunidades-2026-tem-abertura-oficial-e-reforca-futebol-amador-na-capital.webp\" alt=\"Copa Vit\u00f3ria das Comunidades 2026\" loading=\"lazy\" \/><\/p>\n<h2>Estruturas Esportivas: Um Impacto Real<\/h2>\n<p>A prefeita tamb\u00e9m elogiou as melhorias na infraestrutura esportiva, com um aumento significativo de campos de futebol na cidade. &#8220;Passamos de 18 para 40 campos de qualidade, todos com ilumina\u00e7\u00e3o, gramado adequado e estrutura apropriada. Isso proporciona oportunidades para crian\u00e7as, jovens e adultos praticarem atividades esportivas com dignidade e seguran\u00e7a&#8221;, comentou.<\/p>\n<h2>Participa\u00e7\u00e3o das Comunidades e Seus Efeitos<\/h2>\n<p>O secret\u00e1rio municipal de Esportes e Lazer, Rodrigo Ronchi, destacou que a Copa Vit\u00f3ria representa mais do que apenas um torneio de futebol; \u00e9 um evento que reflete a verdadeira ess\u00eancia da cidade. &#8220;Quando a bola come\u00e7a a rolar, \u00e9 toda a cidade que ganha. Esta competi\u00e7\u00e3o conecta bairros e valoriza talentos locais, mostrando o melhor que Vit\u00f3ria possui: o seu povo&#8221;, enfatizou.<\/p>\n<p>Citando o in\u00edcio da valoriza\u00e7\u00e3o midi\u00e1tica da Copa, Ronchi relembrou os desafios que surgiram desde a primeira edi\u00e7\u00e3o, em 2013. Aumento da cobertura da competi\u00e7\u00e3o tem sido uma parte vital na transforma\u00e7\u00e3o da percep\u00e7\u00e3o sobre as comunidades, revelando suas culturas e for\u00e7as.<\/p>\n<h2>Premia\u00e7\u00e3o e Incentivos para as Equipes<\/h2>\n<p>A Copa Vit\u00f3ria das Comunidades estipulou uma premia\u00e7\u00e3o total de R$ 28 mil: cada equipe vencedora, tanto no masculino quanto no feminino, receber\u00e1 R$ 14 mil. A distribui\u00e7\u00e3o dos pr\u00eamios reflete o empenho em incentivar os jogadores e as equipes a darem o seu melhor durante a competi\u00e7\u00e3o.<\/p>\n<h2>Formato Competitivo da Copa 2026<\/h2>\n<p>O formato do torneio \u00e9 estruturado para fomentar uma competi\u00e7\u00e3o acirrada e justa. Na primeira divis\u00e3o, 16 equipes competem no masculino e 10 equipes participam no feminino. A primeira fase ser\u00e1 composta por tr\u00eas rodadas iniciais, cada uma com oito jogos por categoria, seguidas pelas fases eliminat\u00f3rias que determinar\u00e3o as quartas de final, semifinais e as finais.<\/p>\n<p>Os grupos master e da segunda divis\u00e3o, que reunir\u00e3o 10 e 58 equipes, respectivamente, estar\u00e3o disputando em um sistema distinto de mata-mata, apresentando uma din\u00e2mica que promete bastante rivalidade e emo\u00e7\u00e3o.<\/p>\n<h2>Clubes Representantes e Suas Hist\u00f3rias<\/h2>\n<p>As equipes masculinas que participar\u00e3o desse ano incluem Balne\u00e1rio, Bavi, Bela Vista, Cruz Azul, Estrela, Estrelinha, Gal\u00e1ticos de S\u00e1bado, Gr\u00eamio do Forte, Imperatriz do Forte, Jockey, Motor, Orla, Santa Cruz, Terra Brasil, Trevo, e VT Itarar\u00e9. No futebol feminino, as representantes incluem Andorinhas, Estadual 13, Estadual FC, F\u00eanix, Las Lobas, Luso Serrano, MDE, Ponta da Fruta, Vila Nova e Vila Soccer.<\/p>\n<p>Esses clubes n\u00e3o apenas competem, mas representam suas comunidades, cada um trazendo sua paix\u00e3o e seus desafios para o torneio.<\/p>\n<h2>O Papel do Esporte na Inclus\u00e3o Social<\/h2>\n<p>Cris Samorini comentou ainda sobre como o esporte serve como uma ferramenta transformadora nas comunidades. &#8220;Quando entregamos um espa\u00e7o esportivo, n\u00e3o estamos apenas fornecendo um local f\u00edsico; estamos criando oportunidades, promovendo pertencimento e gerando caminhos para que muitos jovens mudem suas hist\u00f3rias&#8221;, afirmou. O esporte \u00e9 um elo poderoso que aproxima as pessoas e transforma realidades, e a Copa Vit\u00f3ria das Comunidades reflete precisamente essa miss\u00e3o.<\/p>\n<h2>Expectativas para as Finais do Torneio<\/h2>\n<p>Com a inaugura\u00e7\u00e3o das competi\u00e7\u00f5es e o in\u00edcio dos jogos, as expectativas para as finais aumentam. O clima de competi\u00e7\u00e3o est\u00e1 acirrado e as comunidades j\u00e1 se mobilizam para apoiar suas equipes, fazendo da Copa n\u00e3o apenas um evento esportivo, mas uma celebra\u00e7\u00e3o comunit\u00e1ria.<\/p>\n<p>As finais prometem ser marcantes, com um grande envolvimento do p\u00fablico e transmiss\u00f5es que celebrar\u00e3o as conquistas de cada equipe.<\/p>\n<h2>Como a Copa Fortalece a Identidade Local<\/h2>\n<p>Al\u00e9m de ser um torneio esportivo, a Copa Vit\u00f3ria das Comunidades fortalece a identidade local de habitantes de Vit\u00f3ria. A diversidade de bairros e suas respectivas culturas s\u00e3o celebradas durante todo o evento, promovendo uma rica troca cultural. Isso n\u00e3o somente refor\u00e7a a solidariedade entre as comunidades, mas tamb\u00e9m contribui para um esp\u00edrito de uni\u00e3o e orgulho local.<\/p>\n<p>A import\u00e2ncia do futebol vai al\u00e9m dos campos; \u00e9 um s\u00edmbolo de resist\u00eancia e esperan\u00e7a para muitos. E \u00e9 essa conex\u00e3o que a Copa Vit\u00f3ria das Comunidades promove, um verdadeiro reflexo do povo capixaba em sua ess\u00eancia.<\/p>\n\n<div style=\"font-size: 0px; height: 0px; line-height: 0px; margin: 0; padding: 0; clear: both;\"><\/div>","protected":false},"excerpt":{"rendered":"<p>Copa Vit\u00f3ria das Comunidades 2026 \u00e9 um evento transformador para o futebol amador na capital.<\/p>\n","protected":false},"author":1,"featured_media":1694,"comment_status":"open","ping_status":"closed","sticky":false,"template":"","format":"standard","meta":{"footnotes":""},"categories":[6],"tags":[],"class_list":["post-1695","post","type-post","status-publish","format-standard","has-post-thumbnail","hentry","category-noticias-em-vitoria","has_thumb"],"yoast_head":"<!-- This site is optimized with the Yoast SEO plugin v28.2 - https:\/\/yoast.com\/product\/yoast-seo-wordpress\/ -->\n<title>Copa Vit\u00f3ria das Comunidades 2026 tem abertura oficial e refor\u00e7a futebol amador na capital - Encontra Vit\u00f3ria<\/title>\n<meta name=\"robots\" content=\"index, follow, max-snippet:-1, max-image-preview:large, max-video-preview:-1\" \/>\n<link rel=\"canonical\" href=\"https:\/\/www.encontravitoria.com.br\/sobre\/copa-vitoria-das-comunidades-2026-tem-abertura-oficial-e-reforca-futebol-amador-na-capital\/\" \/>\n<meta property=\"og:locale\" content=\"pt_BR\" \/>\n<meta property=\"og:type\" content=\"article\" \/>\n<meta property=\"og:title\" content=\"Copa Vit\u00f3ria das Comunidades 2026 tem abertura oficial e refor\u00e7a futebol amador na capital - Encontra Vit\u00f3ria\" \/>\n<meta property=\"og:description\" content=\"Copa Vit\u00f3ria das Comunidades 2026 \u00e9 um evento transformador para o futebol amador na capital.\" \/>\n<meta property=\"og:url\" content=\"https:\/\/www.encontravitoria.com.br\/sobre\/copa-vitoria-das-comunidades-2026-tem-abertura-oficial-e-reforca-futebol-amador-na-capital\/\" \/>\n<meta property=\"og:site_name\" content=\"Encontra Vit\u00f3ria\" \/>\n<meta property=\"article:published_time\" content=\"2026-06-05T16:16:29+00:00\" \/>\n<meta property=\"og:image\" content=\"https:\/\/www.encontravitoria.com.br\/sobre\/wp-content\/uploads\/2026\/06\/copa-vitoria-das-comunidades-2026-tem-abertura-oficial-e-reforca-futebol-amador-na-capital.webp\" \/>\n<meta name=\"author\" content=\"Encontra Vit\u00f3ria\" \/>\n<meta name=\"twitter:card\" content=\"summary_large_image\" \/>\n<meta name=\"twitter:label1\" content=\"Escrito por\" \/>\n\t<meta name=\"twitter:data1\" content=\"Encontra Vit\u00f3ria\" \/>\n\t<meta name=\"twitter:label2\" content=\"Est. tempo de leitura\" \/>\n\t<meta name=\"twitter:data2\" content=\"5 minutos\" \/>\n<script type=\"application\/ld+json\" class=\"yoast-schema-graph\">{\"@context\":\"https:\\\/\\\/schema.org\",\"@graph\":[{\"@type\":\"Article\",\"@id\":\"https:\\\/\\\/www.encontravitoria.com.br\\\/sobre\\\/copa-vitoria-das-comunidades-2026-tem-abertura-oficial-e-reforca-futebol-amador-na-capital\\\/#article\",\"isPartOf\":{\"@id\":\"https:\\\/\\\/www.encontravitoria.com.br\\\/sobre\\\/copa-vitoria-das-comunidades-2026-tem-abertura-oficial-e-reforca-futebol-amador-na-capital\\\/\"},\"author\":{\"name\":\"Encontra Vit\u00f3ria\",\"@id\":\"https:\\\/\\\/www.encontravitoria.com.br\\\/sobre\\\/#\\\/schema\\\/person\\\/0f8e5bcc88fbadf1bad57afd504f48a2\"},\"headline\":\"Copa Vit\u00f3ria das Comunidades 2026 tem abertura oficial e refor\u00e7a futebol amador na capital\",\"datePublished\":\"2026-06-05T16:16:29+00:00\",\"mainEntityOfPage\":{\"@id\":\"https:\\\/\\\/www.encontravitoria.com.br\\\/sobre\\\/copa-vitoria-das-comunidades-2026-tem-abertura-oficial-e-reforca-futebol-amador-na-capital\\\/\"},\"wordCount\":951,\"commentCount\":0,\"image\":{\"@id\":\"https:\\\/\\\/www.encontravitoria.com.br\\\/sobre\\\/copa-vitoria-das-comunidades-2026-tem-abertura-oficial-e-reforca-futebol-amador-na-capital\\\/#primaryimage\"},\"thumbnailUrl\":\"https:\\\/\\\/www.encontravitoria.com.br\\\/sobre\\\/wp-content\\\/uploads\\\/2026\\\/06\\\/copa-vitoria-das-comunidades-2026-tem-abertura-oficial-e-reforca-futebol-amador-na-capital.webp\",\"articleSection\":[\"Not\u00edcias Vit\u00f3ria\"],\"inLanguage\":\"pt-BR\",\"potentialAction\":[{\"@type\":\"CommentAction\",\"name\":\"Comment\",\"target\":[\"https:\\\/\\\/www.encontravitoria.com.br\\\/sobre\\\/copa-vitoria-das-comunidades-2026-tem-abertura-oficial-e-reforca-futebol-amador-na-capital\\\/#respond\"]}]},{\"@type\":\"WebPage\",\"@id\":\"https:\\\/\\\/www.encontravitoria.com.br\\\/sobre\\\/copa-vitoria-das-comunidades-2026-tem-abertura-oficial-e-reforca-futebol-amador-na-capital\\\/\",\"url\":\"https:\\\/\\\/www.encontravitoria.com.br\\\/sobre\\\/copa-vitoria-das-comunidades-2026-tem-abertura-oficial-e-reforca-futebol-amador-na-capital\\\/\",\"name\":\"Copa Vit\u00f3ria das Comunidades 2026 tem abertura oficial e refor\u00e7a futebol amador na capital - Encontra Vit\u00f3ria\",\"isPartOf\":{\"@id\":\"https:\\\/\\\/www.encontravitoria.com.br\\\/sobre\\\/#website\"},\"primaryImageOfPage\":{\"@id\":\"https:\\\/\\\/www.encontravitoria.com.br\\\/sobre\\\/copa-vitoria-das-comunidades-2026-tem-abertura-oficial-e-reforca-futebol-amador-na-capital\\\/#primaryimage\"},\"image\":{\"@id\":\"https:\\\/\\\/www.encontravitoria.com.br\\\/sobre\\\/copa-vitoria-das-comunidades-2026-tem-abertura-oficial-e-reforca-futebol-amador-na-capital\\\/#primaryimage\"},\"thumbnailUrl\":\"https:\\\/\\\/www.encontravitoria.com.br\\\/sobre\\\/wp-content\\\/uploads\\\/2026\\\/06\\\/copa-vitoria-das-comunidades-2026-tem-abertura-oficial-e-reforca-futebol-amador-na-capital.webp\",\"datePublished\":\"2026-06-05T16:16:29+00:00\",\"author\":{\"@id\":\"https:\\\/\\\/www.encontravitoria.com.br\\\/sobre\\\/#\\\/schema\\\/person\\\/0f8e5bcc88fbadf1bad57afd504f48a2\"},\"breadcrumb\":{\"@id\":\"https:\\\/\\\/www.encontravitoria.com.br\\\/sobre\\\/copa-vitoria-das-comunidades-2026-tem-abertura-oficial-e-reforca-futebol-amador-na-capital\\\/#breadcrumb\"},\"inLanguage\":\"pt-BR\",\"potentialAction\":[{\"@type\":\"ReadAction\",\"target\":[\"https:\\\/\\\/www.encontravitoria.com.br\\\/sobre\\\/copa-vitoria-das-comunidades-2026-tem-abertura-oficial-e-reforca-futebol-amador-na-capital\\\/\"]}]},{\"@type\":\"ImageObject\",\"inLanguage\":\"pt-BR\",\"@id\":\"https:\\\/\\\/www.encontravitoria.com.br\\\/sobre\\\/copa-vitoria-das-comunidades-2026-tem-abertura-oficial-e-reforca-futebol-amador-na-capital\\\/#primaryimage\",\"url\":\"https:\\\/\\\/www.encontravitoria.com.br\\\/sobre\\\/wp-content\\\/uploads\\\/2026\\\/06\\\/copa-vitoria-das-comunidades-2026-tem-abertura-oficial-e-reforca-futebol-amador-na-capital.webp\",\"contentUrl\":\"https:\\\/\\\/www.encontravitoria.com.br\\\/sobre\\\/wp-content\\\/uploads\\\/2026\\\/06\\\/copa-vitoria-das-comunidades-2026-tem-abertura-oficial-e-reforca-futebol-amador-na-capital.webp\",\"width\":280,\"height\":280,\"caption\":\"Copa Vit\u00f3ria das Comunidades 2026\"},{\"@type\":\"BreadcrumbList\",\"@id\":\"https:\\\/\\\/www.encontravitoria.com.br\\\/sobre\\\/copa-vitoria-das-comunidades-2026-tem-abertura-oficial-e-reforca-futebol-amador-na-capital\\\/#breadcrumb\",\"itemListElement\":[{\"@type\":\"ListItem\",\"position\":1,\"name\":\"In\u00edcio\",\"item\":\"https:\\\/\\\/www.encontravitoria.com.br\\\/sobre\\\/\"},{\"@type\":\"ListItem\",\"position\":2,\"name\":\"Copa Vit\u00f3ria das Comunidades 2026 tem abertura oficial e refor\u00e7a futebol amador na capital\"}]},{\"@type\":\"WebSite\",\"@id\":\"https:\\\/\\\/www.encontravitoria.com.br\\\/sobre\\\/#website\",\"url\":\"https:\\\/\\\/www.encontravitoria.com.br\\\/sobre\\\/\",\"name\":\"Encontra Vit\u00f3ria\",\"description\":\"Not\u00edcias, eventos, informa\u00e7\u00f5es e dicas na cidade Vit\u00f3ria e regi\u00e3o.\",\"potentialAction\":[{\"@type\":\"SearchAction\",\"target\":{\"@type\":\"EntryPoint\",\"urlTemplate\":\"https:\\\/\\\/www.encontravitoria.com.br\\\/sobre\\\/?s={search_term_string}\"},\"query-input\":{\"@type\":\"PropertyValueSpecification\",\"valueRequired\":true,\"valueName\":\"search_term_string\"}}],\"inLanguage\":\"pt-BR\"},{\"@type\":\"Person\",\"@id\":\"https:\\\/\\\/www.encontravitoria.com.br\\\/sobre\\\/#\\\/schema\\\/person\\\/0f8e5bcc88fbadf1bad57afd504f48a2\",\"name\":\"Encontra Vit\u00f3ria\",\"image\":{\"@type\":\"ImageObject\",\"inLanguage\":\"pt-BR\",\"@id\":\"https:\\\/\\\/secure.gravatar.com\\\/avatar\\\/507340682b8270222e1f208e23198b6ae7e2c6a1033ae84e99bc6bce4f82a387?s=96&d=mm&r=g\",\"url\":\"https:\\\/\\\/secure.gravatar.com\\\/avatar\\\/507340682b8270222e1f208e23198b6ae7e2c6a1033ae84e99bc6bce4f82a387?s=96&d=mm&r=g\",\"contentUrl\":\"https:\\\/\\\/secure.gravatar.com\\\/avatar\\\/507340682b8270222e1f208e23198b6ae7e2c6a1033ae84e99bc6bce4f82a387?s=96&d=mm&r=g\",\"caption\":\"Encontra Vit\u00f3ria\"},\"sameAs\":[\"http:\\\/\\\/www.encontravitoria.com.br\"],\"url\":\"https:\\\/\\\/www.encontravitoria.com.br\\\/sobre\\\/author\\\/evitoria\\\/\"}]}<\/script>\n<!-- \/ Yoast SEO plugin. -->","yoast_head_json":{"title":"Copa Vit\u00f3ria das Comunidades 2026 tem abertura oficial e refor\u00e7a futebol amador na capital - Encontra Vit\u00f3ria","robots":{"index":"index","follow":"follow","max-snippet":"max-snippet:-1","max-image-preview":"max-image-preview:large","max-video-preview":"max-video-preview:-1"},"canonical":"https:\/\/www.encontravitoria.com.br\/sobre\/copa-vitoria-das-comunidades-2026-tem-abertura-oficial-e-reforca-futebol-amador-na-capital\/","og_locale":"pt_BR","og_type":"article","og_title":"Copa Vit\u00f3ria das Comunidades 2026 tem abertura oficial e refor\u00e7a futebol amador na capital - Encontra Vit\u00f3ria","og_description":"Copa Vit\u00f3ria das Comunidades 2026 \u00e9 um evento transformador para o futebol amador na capital.","og_url":"https:\/\/www.encontravitoria.com.br\/sobre\/copa-vitoria-das-comunidades-2026-tem-abertura-oficial-e-reforca-futebol-amador-na-capital\/","og_site_name":"Encontra Vit\u00f3ria","article_published_time":"2026-06-05T16:16:29+00:00","og_image":[{"url":"https:\/\/www.encontravitoria.com.br\/sobre\/wp-content\/uploads\/2026\/06\/copa-vitoria-das-comunidades-2026-tem-abertura-oficial-e-reforca-futebol-amador-na-capital.webp","type":"","width":"","height":""}],"author":"Encontra Vit\u00f3ria","twitter_card":"summary_large_image","twitter_misc":{"Escrito por":"Encontra Vit\u00f3ria","Est. tempo de leitura":"5 minutos"},"schema":{"@context":"https:\/\/schema.org","@graph":[{"@type":"Article","@id":"https:\/\/www.encontravitoria.com.br\/sobre\/copa-vitoria-das-comunidades-2026-tem-abertura-oficial-e-reforca-futebol-amador-na-capital\/#article","isPartOf":{"@id":"https:\/\/www.encontravitoria.com.br\/sobre\/copa-vitoria-das-comunidades-2026-tem-abertura-oficial-e-reforca-futebol-amador-na-capital\/"},"author":{"name":"Encontra Vit\u00f3ria","@id":"https:\/\/www.encontravitoria.com.br\/sobre\/#\/schema\/person\/0f8e5bcc88fbadf1bad57afd504f48a2"},"headline":"Copa Vit\u00f3ria das Comunidades 2026 tem abertura oficial e refor\u00e7a futebol amador na capital","datePublished":"2026-06-05T16:16:29+00:00","mainEntityOfPage":{"@id":"https:\/\/www.encontravitoria.com.br\/sobre\/copa-vitoria-das-comunidades-2026-tem-abertura-oficial-e-reforca-futebol-amador-na-capital\/"},"wordCount":951,"commentCount":0,"image":{"@id":"https:\/\/www.encontravitoria.com.br\/sobre\/copa-vitoria-das-comunidades-2026-tem-abertura-oficial-e-reforca-futebol-amador-na-capital\/#primaryimage"},"thumbnailUrl":"https:\/\/www.encontravitoria.com.br\/sobre\/wp-content\/uploads\/2026\/06\/copa-vitoria-das-comunidades-2026-tem-abertura-oficial-e-reforca-futebol-amador-na-capital.webp","articleSection":["Not\u00edcias Vit\u00f3ria"],"inLanguage":"pt-BR","potentialAction":[{"@type":"CommentAction","name":"Comment","target":["https:\/\/www.encontravitoria.com.br\/sobre\/copa-vitoria-das-comunidades-2026-tem-abertura-oficial-e-reforca-futebol-amador-na-capital\/#respond"]}]},{"@type":"WebPage","@id":"https:\/\/www.encontravitoria.com.br\/sobre\/copa-vitoria-das-comunidades-2026-tem-abertura-oficial-e-reforca-futebol-amador-na-capital\/","url":"https:\/\/www.encontravitoria.com.br\/sobre\/copa-vitoria-das-comunidades-2026-tem-abertura-oficial-e-reforca-futebol-amador-na-capital\/","name":"Copa Vit\u00f3ria das Comunidades 2026 tem abertura oficial e refor\u00e7a futebol amador na capital - Encontra Vit\u00f3ria","isPartOf":{"@id":"https:\/\/www.encontravitoria.com.br\/sobre\/#website"},"primaryImageOfPage":{"@id":"https:\/\/www.encontravitoria.com.br\/sobre\/copa-vitoria-das-comunidades-2026-tem-abertura-oficial-e-reforca-futebol-amador-na-capital\/#primaryimage"},"image":{"@id":"https:\/\/www.encontravitoria.com.br\/sobre\/copa-vitoria-das-comunidades-2026-tem-abertura-oficial-e-reforca-futebol-amador-na-capital\/#primaryimage"},"thumbnailUrl":"https:\/\/www.encontravitoria.com.br\/sobre\/wp-content\/uploads\/2026\/06\/copa-vitoria-das-comunidades-2026-tem-abertura-oficial-e-reforca-futebol-amador-na-capital.webp","datePublished":"2026-06-05T16:16:29+00:00","author":{"@id":"https:\/\/www.encontravitoria.com.br\/sobre\/#\/schema\/person\/0f8e5bcc88fbadf1bad57afd504f48a2"},"breadcrumb":{"@id":"https:\/\/www.encontravitoria.com.br\/sobre\/copa-vitoria-das-comunidades-2026-tem-abertura-oficial-e-reforca-futebol-amador-na-capital\/#breadcrumb"},"inLanguage":"pt-BR","potentialAction":[{"@type":"ReadAction","target":["https:\/\/www.encontravitoria.com.br\/sobre\/copa-vitoria-das-comunidades-2026-tem-abertura-oficial-e-reforca-futebol-amador-na-capital\/"]}]},{"@type":"ImageObject","inLanguage":"pt-BR","@id":"https:\/\/www.encontravitoria.com.br\/sobre\/copa-vitoria-das-comunidades-2026-tem-abertura-oficial-e-reforca-futebol-amador-na-capital\/#primaryimage","url":"https:\/\/www.encontravitoria.com.br\/sobre\/wp-content\/uploads\/2026\/06\/copa-vitoria-das-comunidades-2026-tem-abertura-oficial-e-reforca-futebol-amador-na-capital.webp","contentUrl":"https:\/\/www.encontravitoria.com.br\/sobre\/wp-content\/uploads\/2026\/06\/copa-vitoria-das-comunidades-2026-tem-abertura-oficial-e-reforca-futebol-amador-na-capital.webp","width":280,"height":280,"caption":"Copa Vit\u00f3ria das Comunidades 2026"},{"@type":"BreadcrumbList","@id":"https:\/\/www.encontravitoria.com.br\/sobre\/copa-vitoria-das-comunidades-2026-tem-abertura-oficial-e-reforca-futebol-amador-na-capital\/#breadcrumb","itemListElement":[{"@type":"ListItem","position":1,"name":"In\u00edcio","item":"https:\/\/www.encontravitoria.com.br\/sobre\/"},{"@type":"ListItem","position":2,"name":"Copa Vit\u00f3ria das Comunidades 2026 tem abertura oficial e refor\u00e7a futebol amador na capital"}]},{"@type":"WebSite","@id":"https:\/\/www.encontravitoria.com.br\/sobre\/#website","url":"https:\/\/www.encontravitoria.com.br\/sobre\/","name":"Encontra Vit\u00f3ria","description":"Not\u00edcias, eventos, informa\u00e7\u00f5es e dicas na cidade Vit\u00f3ria e regi\u00e3o.","potentialAction":[{"@type":"SearchAction","target":{"@type":"EntryPoint","urlTemplate":"https:\/\/www.encontravitoria.com.br\/sobre\/?s={search_term_string}"},"query-input":{"@type":"PropertyValueSpecification","valueRequired":true,"valueName":"search_term_string"}}],"inLanguage":"pt-BR"},{"@type":"Person","@id":"https:\/\/www.encontravitoria.com.br\/sobre\/#\/schema\/person\/0f8e5bcc88fbadf1bad57afd504f48a2","name":"Encontra Vit\u00f3ria","image":{"@type":"ImageObject","inLanguage":"pt-BR","@id":"https:\/\/secure.gravatar.com\/avatar\/507340682b8270222e1f208e23198b6ae7e2c6a1033ae84e99bc6bce4f82a387?s=96&d=mm&r=g","url":"https:\/\/secure.gravatar.com\/avatar\/507340682b8270222e1f208e23198b6ae7e2c6a1033ae84e99bc6bce4f82a387?s=96&d=mm&r=g","contentUrl":"https:\/\/secure.gravatar.com\/avatar\/507340682b8270222e1f208e23198b6ae7e2c6a1033ae84e99bc6bce4f82a387?s=96&d=mm&r=g","caption":"Encontra Vit\u00f3ria"},"sameAs":["http:\/\/www.encontravitoria.com.br"],"url":"https:\/\/www.encontravitoria.com.br\/sobre\/author\/evitoria\/"}]}},"_links":{"self":[{"href":"https:\/\/www.encontravitoria.com.br\/sobre\/wp-json\/wp\/v2\/posts\/1695","targetHints":{"allow":["GET"]}}],"collection":[{"href":"https:\/\/www.encontravitoria.com.br\/sobre\/wp-json\/wp\/v2\/posts"}],"about":[{"href":"https:\/\/www.encontravitoria.com.br\/sobre\/wp-json\/wp\/v2\/types\/post"}],"author":[{"embeddable":true,"href":"https:\/\/www.encontravitoria.com.br\/sobre\/wp-json\/wp\/v2\/users\/1"}],"replies":[{"embeddable":true,"href":"https:\/\/www.encontravitoria.com.br\/sobre\/wp-json\/wp\/v2\/comments?post=1695"}],"version-history":[{"count":0,"href":"https:\/\/www.encontravitoria.com.br\/sobre\/wp-json\/wp\/v2\/posts\/1695\/revisions"}],"wp:featuredmedia":[{"embeddable":true,"href":"https:\/\/www.encontravitoria.com.br\/sobre\/wp-json\/wp\/v2\/media\/1694"}],"wp:attachment":[{"href":"https:\/\/www.encontravitoria.com.br\/sobre\/wp-json\/wp\/v2\/media?parent=1695"}],"wp:term":[{"taxonomy":"category","embeddable":true,"href":"https:\/\/www.encontravitoria.com.br\/sobre\/wp-json\/wp\/v2\/categories?post=1695"},{"taxonomy":"post_tag","embeddable":true,"href":"https:\/\/www.encontravitoria.com.br\/sobre\/wp-json\/wp\/v2\/tags?post=1695"}],"curies":[{"name":"wp","href":"https:\/\/api.w.org\/{rel}","templated":true}]}}