{"id":1764,"date":"2026-06-21T16:43:04","date_gmt":"2026-06-21T16:43:04","guid":{"rendered":"https:\/\/www.encontravitoria.com.br\/sobre\/ambulantes-da-orla-de-vitoria-participam-de-curso-de-primeiros-socorros-no-tancredao\/"},"modified":"2026-06-21T16:43:04","modified_gmt":"2026-06-21T16:43:04","slug":"ambulantes-da-orla-de-vitoria-participam-de-curso-de-primeiros-socorros-no-tancredao","status":"publish","type":"post","link":"https:\/\/www.encontravitoria.com.br\/sobre\/ambulantes-da-orla-de-vitoria-participam-de-curso-de-primeiros-socorros-no-tancredao\/","title":{"rendered":"Ambulantes da orla de Vit\u00f3ria participam de curso de primeiros socorros no Tancred\u00e3o"},"content":{"rendered":"<div class=\"23ed37709e053b55400ee1990aeffe41\" data-index=\"1\" style=\"float: none; margin:0px;\">\n<!-- Anuncio display - global -->\r\n<ins class=\"adsbygoogle\"\r\n     style=\"display:block\"\r\n     data-ad-client=\"ca-pub-8585364105181520\"\r\n     data-ad-slot=\"8789329856\"\r\n     data-ad-format=\"auto\"\r\n     data-full-width-responsive=\"true\"><\/ins>\r\n<script>\r\n     (adsbygoogle = window.adsbygoogle || []).push({});\r\n<\/script>\n<\/div>\n<h2>Objetivo do Curso de Primeiros Socorros<\/h2>\n<p>O curso de primeiros socorros visa capacitar os participantes, especialmente os ambulantes que atuam na orla de Vit\u00f3ria, na interven\u00e7\u00e3o inicial em emerg\u00eancias m\u00e9dicas. O aprendizado inclui t\u00e9cnicas pr\u00e1ticas que podem ser fundamentais em situa\u00e7\u00f5es cr\u00edticas e potencialmente salvar vidas. O curso \u00e9 uma resposta \u00e0 demanda por mais seguran\u00e7a e prepara\u00e7\u00e3o em ambientes p\u00fablicos, onde acidentes e emerg\u00eancias podem ocorrer a qualquer momento.<\/p>\n<h2>Datas e Local das Aulas<\/h2>\n<p>As aulas do curso ocorrer\u00e3o entre os dias <strong>1\u00ba e 3 de junho<\/strong>, sempre das <strong>8h \u00e0s 12h<\/strong>, no <strong>Centro Esportivo Tancredo de Almeida Neves<\/strong>, mais conhecido como <em>Tancred\u00e3o<\/em>. Este local \u00e9 convenientemente equipado com a <strong>Unidade M\u00f3vel de Sa\u00fade do Senac-ES<\/strong>, que \u00e9 a parceira respons\u00e1vel por oferecer este treinamento important\u00edssimo.<\/p>\n<h2>Contribui\u00e7\u00e3o dos Ambulantes na Capacita\u00e7\u00e3o<\/h2>\n<p>A participa\u00e7\u00e3o dos ambulantes neste curso \u00e9 uma iniciativa proativa da categoria. Ao se inscreverem, eles demonstram seu compromisso n\u00e3o apenas com o exerc\u00edcio correto de suas atividades di\u00e1rias, mas tamb\u00e9m com o bem-estar dos usu\u00e1rios das praias. Esse engajamento da comunidade \u00e9 fundamental, pois esses profissionais podem ser os primeiros a reagir em situa\u00e7\u00f5es de emerg\u00eancia, sobretudo em praias e locais com grande concentra\u00e7\u00e3o de pessoas.<\/p>\n<p><img decoding=\"async\" src=\"https:\/\/www.encontravitoria.com.br\/sobre\/wp-content\/uploads\/2026\/06\/ambulantes-da-orla-de-vitoria-participam-de-curso-de-primeiros-socorros-no-tancredao.webp\" alt=\"curso de primeiros socorros\" loading=\"lazy\" \/><\/p>\n<h2>Import\u00e2ncia do Conhecimento em Emerg\u00eancias<\/h2>\n<p>Conhecimento em primeiros socorros \u00e9 vital para qualquer pessoa, especialmente para aqueles que trabalham em locais p\u00fablicos. A capacidade de identificar rapidamente uma emerg\u00eancia, aplicar as t\u00e9cnicas corretas e agir de forma tranquila pode ser decisiva. Durante as aulas, os participantes aprendem desde a avalia\u00e7\u00e3o inicial da situa\u00e7\u00e3o at\u00e9 a realiza\u00e7\u00e3o de manobras de salvamento e suporte vital b\u00e1sico, proporcionando um conhecimento que pode fazer toda a diferen\u00e7a em momentos cr\u00edticos.<\/p>\n<h2>Depoimentos dos Participantes<\/h2>\n<p>A expectativa dos participantes \u00e9 um reflexo da import\u00e2ncia do curso. Muitos expressaram entusiasmo com a oportunidade de aprender e sentir que est\u00e3o contribuindo para um ambiente mais seguro. Exemplos de feedback incluem declara\u00e7\u00f5es como &#8220;\u00e9 fundamental estarmos preparados para ajudar&#8221; e &#8220;me sinto mais confiante para agir em caso de emerg\u00eancia&#8221;. Esses testemunhos indicam n\u00e3o s\u00f3 a utilidade pr\u00e1tica do curso, mas tamb\u00e9m uma mudan\u00e7a de mentalidade em rela\u00e7\u00e3o \u00e0 seguran\u00e7a no trabalho.<\/p>\n<h2>Parcerias para a Capacita\u00e7\u00e3o dos Ambulantes<\/h2>\n<p>A parceria entre a Prefeitura de Vit\u00f3ria e o <strong>Senac-ES<\/strong> \u00e9 essencial para a realiza\u00e7\u00e3o do curso. O Senac traz seu know-how e a experi\u00eancia necess\u00e1ria para garantir que o conte\u00fado apresentado seja n\u00e3o apenas te\u00f3rico, mas tamb\u00e9m pr\u00e1tico e aplic\u00e1vel ao cotidiano dos ambulantes. Essa colabora\u00e7\u00e3o demonstra o compromisso de diferentes setores em promover a sa\u00fade e seguran\u00e7a p\u00fablica atrav\u00e9s da educa\u00e7\u00e3o.<\/p>\n<h2>A\u00e7\u00f5es da Prefeitura em Cursos de Qualifica\u00e7\u00e3o<\/h2>\n<p>Este curso integra uma s\u00e9rie de iniciativas que a <strong>Secretaria Municipal de Cidadania, Direitos Humanos e Trabalho<\/strong> j\u00e1 vem promovendo na capital. Desde o in\u00edcio de 2026, a prefeitura lan\u00e7ou diversos cursos gratuitos em \u00e1reas como sa\u00fade, est\u00e9tica e terapias integrativas. Com o objetivo de empoderar os cidad\u00e3os, essas qualifica\u00e7\u00f5es ajudam na inser\u00e7\u00e3o social e na gera\u00e7\u00e3o de renda, proporcionando melhores oportunidades de trabalho aos moradores de Vit\u00f3ria.<\/p>\n<h2>Desafios Enfrentados pelos Ambulantes<\/h2>\n<p>Os ambulantes enfrentam diversos desafios diariamente, desde concorr\u00eancia e regulamenta\u00e7\u00f5es at\u00e9 as condi\u00e7\u00f5es clim\u00e1ticas. Em situa\u00e7\u00f5es de emerg\u00eancia, n\u00e3o ter o conhecimento adequado pode agravar a situa\u00e7\u00e3o, pois eles s\u00e3o frequentemente os primeiros a se deparar com acidentes em suas \u00e1reas de atua\u00e7\u00e3o. Assim, a forma\u00e7\u00e3o em primeiros socorros n\u00e3o apenas contribui para sua seguran\u00e7a pessoal, mas tamb\u00e9m para a prote\u00e7\u00e3o dos frequentadores das praias.<\/p>\n<h2>Prepara\u00e7\u00e3o para Situa\u00e7\u00f5es de Emerg\u00eancia na Praia<\/h2>\n<p>As praias de Vit\u00f3ria s\u00e3o locais de grande movimento, especialmente durante os fins de semana e feriados. Nesse ambiente, a probabilidade de ocorr\u00eancias de acidentes, como afogamentos, cortes ou desmaios, \u00e9 significativa. \u00c9 crucial que os ambulantes estejam treinados para atuar nessas situa\u00e7\u00f5es, sabendo como estabilizar um ferido ou como realizar manobras de ressuscita\u00e7\u00e3o antes da chegada de um servi\u00e7o de emerg\u00eancia.<\/p>\n<h2>Pr\u00f3ximas Capacita\u00e7\u00f5es Agendadas<\/h2>\n<p>Ap\u00f3s o curso de primeiros socorros, o Programa de Qualifica\u00e7\u00e3o oferece diversas outras capacita\u00e7\u00f5es, incluindo:<\/p>\n<ul>\n<li><strong>Drenagem Linf\u00e1tica Corporal no P\u00f3s-Operat\u00f3rio Imediato<\/strong>: 8 a 18 de junho, das 8h \u00e0s 12h.<\/li>\n<li><strong>Aromaterapia aplicada \u00e0 massagem<\/strong>: 16 a 26 de junho, das 13h \u00e0s 17h.<\/li>\n<li><strong>Ventosaterapia e Moxabust\u00e3o<\/strong>: 19 a 26 de junho, das 8h \u00e0s 12h.<\/li>\n<\/ul>\n<p>Todas as capacita\u00e7\u00f5es visam ampliar as oportunidades de renda e fortalecer o empreendedorismo na cidade, fundamentais para a gera\u00e7\u00e3o de emprego.<\/p>\n<p>Com essas iniciativas, a prefeitura reafirma seu compromisso em promover a inclus\u00e3o produtiva e a autonomia financeira dos seus cidad\u00e3os, transformando o cen\u00e1rio local e preparando a popula\u00e7\u00e3o para futuros desafios.<\/p>\n\n<div style=\"font-size: 0px; height: 0px; line-height: 0px; margin: 0; padding: 0; clear: both;\"><\/div>","protected":false},"excerpt":{"rendered":"<p>Ambulantes da orla de Vit\u00f3ria participam de curso de primeiros socorros gratuito.<\/p>\n","protected":false},"author":1,"featured_media":1763,"comment_status":"open","ping_status":"closed","sticky":false,"template":"","format":"standard","meta":{"footnotes":""},"categories":[6],"tags":[],"class_list":["post-1764","post","type-post","status-publish","format-standard","has-post-thumbnail","hentry","category-noticias-em-vitoria","has_thumb"],"yoast_head":"<!-- This site is optimized with the Yoast SEO plugin v28.2 - https:\/\/yoast.com\/product\/yoast-seo-wordpress\/ -->\n<title>Ambulantes da orla de Vit\u00f3ria participam de curso de primeiros socorros no Tancred\u00e3o - Encontra Vit\u00f3ria<\/title>\n<meta name=\"robots\" content=\"index, follow, max-snippet:-1, max-image-preview:large, max-video-preview:-1\" \/>\n<link rel=\"canonical\" href=\"https:\/\/www.encontravitoria.com.br\/sobre\/ambulantes-da-orla-de-vitoria-participam-de-curso-de-primeiros-socorros-no-tancredao\/\" \/>\n<meta property=\"og:locale\" content=\"pt_BR\" \/>\n<meta property=\"og:type\" content=\"article\" \/>\n<meta property=\"og:title\" content=\"Ambulantes da orla de Vit\u00f3ria participam de curso de primeiros socorros no Tancred\u00e3o - Encontra Vit\u00f3ria\" \/>\n<meta property=\"og:description\" content=\"Ambulantes da orla de Vit\u00f3ria participam de curso de primeiros socorros gratuito.\" \/>\n<meta property=\"og:url\" content=\"https:\/\/www.encontravitoria.com.br\/sobre\/ambulantes-da-orla-de-vitoria-participam-de-curso-de-primeiros-socorros-no-tancredao\/\" \/>\n<meta property=\"og:site_name\" content=\"Encontra Vit\u00f3ria\" \/>\n<meta property=\"article:published_time\" content=\"2026-06-21T16:43:04+00:00\" \/>\n<meta property=\"og:image\" content=\"https:\/\/www.encontravitoria.com.br\/sobre\/wp-content\/uploads\/2026\/06\/ambulantes-da-orla-de-vitoria-participam-de-curso-de-primeiros-socorros-no-tancredao.webp\" \/>\n<meta name=\"author\" content=\"Encontra Vit\u00f3ria\" \/>\n<meta name=\"twitter:card\" content=\"summary_large_image\" \/>\n<meta name=\"twitter:label1\" content=\"Escrito por\" \/>\n\t<meta name=\"twitter:data1\" content=\"Encontra Vit\u00f3ria\" \/>\n\t<meta name=\"twitter:label2\" content=\"Est. tempo de leitura\" \/>\n\t<meta name=\"twitter:data2\" content=\"4 minutos\" \/>\n<script type=\"application\/ld+json\" class=\"yoast-schema-graph\">{\"@context\":\"https:\\\/\\\/schema.org\",\"@graph\":[{\"@type\":\"Article\",\"@id\":\"https:\\\/\\\/www.encontravitoria.com.br\\\/sobre\\\/ambulantes-da-orla-de-vitoria-participam-de-curso-de-primeiros-socorros-no-tancredao\\\/#article\",\"isPartOf\":{\"@id\":\"https:\\\/\\\/www.encontravitoria.com.br\\\/sobre\\\/ambulantes-da-orla-de-vitoria-participam-de-curso-de-primeiros-socorros-no-tancredao\\\/\"},\"author\":{\"name\":\"Encontra Vit\u00f3ria\",\"@id\":\"https:\\\/\\\/www.encontravitoria.com.br\\\/sobre\\\/#\\\/schema\\\/person\\\/0f8e5bcc88fbadf1bad57afd504f48a2\"},\"headline\":\"Ambulantes da orla de Vit\u00f3ria participam de curso de primeiros socorros no Tancred\u00e3o\",\"datePublished\":\"2026-06-21T16:43:04+00:00\",\"mainEntityOfPage\":{\"@id\":\"https:\\\/\\\/www.encontravitoria.com.br\\\/sobre\\\/ambulantes-da-orla-de-vitoria-participam-de-curso-de-primeiros-socorros-no-tancredao\\\/\"},\"wordCount\":855,\"commentCount\":0,\"image\":{\"@id\":\"https:\\\/\\\/www.encontravitoria.com.br\\\/sobre\\\/ambulantes-da-orla-de-vitoria-participam-de-curso-de-primeiros-socorros-no-tancredao\\\/#primaryimage\"},\"thumbnailUrl\":\"https:\\\/\\\/www.encontravitoria.com.br\\\/sobre\\\/wp-content\\\/uploads\\\/2026\\\/06\\\/ambulantes-da-orla-de-vitoria-participam-de-curso-de-primeiros-socorros-no-tancredao.webp\",\"articleSection\":[\"Not\u00edcias Vit\u00f3ria\"],\"inLanguage\":\"pt-BR\",\"potentialAction\":[{\"@type\":\"CommentAction\",\"name\":\"Comment\",\"target\":[\"https:\\\/\\\/www.encontravitoria.com.br\\\/sobre\\\/ambulantes-da-orla-de-vitoria-participam-de-curso-de-primeiros-socorros-no-tancredao\\\/#respond\"]}]},{\"@type\":\"WebPage\",\"@id\":\"https:\\\/\\\/www.encontravitoria.com.br\\\/sobre\\\/ambulantes-da-orla-de-vitoria-participam-de-curso-de-primeiros-socorros-no-tancredao\\\/\",\"url\":\"https:\\\/\\\/www.encontravitoria.com.br\\\/sobre\\\/ambulantes-da-orla-de-vitoria-participam-de-curso-de-primeiros-socorros-no-tancredao\\\/\",\"name\":\"Ambulantes da orla de Vit\u00f3ria participam de curso de primeiros socorros no Tancred\u00e3o - Encontra Vit\u00f3ria\",\"isPartOf\":{\"@id\":\"https:\\\/\\\/www.encontravitoria.com.br\\\/sobre\\\/#website\"},\"primaryImageOfPage\":{\"@id\":\"https:\\\/\\\/www.encontravitoria.com.br\\\/sobre\\\/ambulantes-da-orla-de-vitoria-participam-de-curso-de-primeiros-socorros-no-tancredao\\\/#primaryimage\"},\"image\":{\"@id\":\"https:\\\/\\\/www.encontravitoria.com.br\\\/sobre\\\/ambulantes-da-orla-de-vitoria-participam-de-curso-de-primeiros-socorros-no-tancredao\\\/#primaryimage\"},\"thumbnailUrl\":\"https:\\\/\\\/www.encontravitoria.com.br\\\/sobre\\\/wp-content\\\/uploads\\\/2026\\\/06\\\/ambulantes-da-orla-de-vitoria-participam-de-curso-de-primeiros-socorros-no-tancredao.webp\",\"datePublished\":\"2026-06-21T16:43:04+00:00\",\"author\":{\"@id\":\"https:\\\/\\\/www.encontravitoria.com.br\\\/sobre\\\/#\\\/schema\\\/person\\\/0f8e5bcc88fbadf1bad57afd504f48a2\"},\"breadcrumb\":{\"@id\":\"https:\\\/\\\/www.encontravitoria.com.br\\\/sobre\\\/ambulantes-da-orla-de-vitoria-participam-de-curso-de-primeiros-socorros-no-tancredao\\\/#breadcrumb\"},\"inLanguage\":\"pt-BR\",\"potentialAction\":[{\"@type\":\"ReadAction\",\"target\":[\"https:\\\/\\\/www.encontravitoria.com.br\\\/sobre\\\/ambulantes-da-orla-de-vitoria-participam-de-curso-de-primeiros-socorros-no-tancredao\\\/\"]}]},{\"@type\":\"ImageObject\",\"inLanguage\":\"pt-BR\",\"@id\":\"https:\\\/\\\/www.encontravitoria.com.br\\\/sobre\\\/ambulantes-da-orla-de-vitoria-participam-de-curso-de-primeiros-socorros-no-tancredao\\\/#primaryimage\",\"url\":\"https:\\\/\\\/www.encontravitoria.com.br\\\/sobre\\\/wp-content\\\/uploads\\\/2026\\\/06\\\/ambulantes-da-orla-de-vitoria-participam-de-curso-de-primeiros-socorros-no-tancredao.webp\",\"contentUrl\":\"https:\\\/\\\/www.encontravitoria.com.br\\\/sobre\\\/wp-content\\\/uploads\\\/2026\\\/06\\\/ambulantes-da-orla-de-vitoria-participam-de-curso-de-primeiros-socorros-no-tancredao.webp\",\"width\":280,\"height\":280,\"caption\":\"curso de primeiros socorros\"},{\"@type\":\"BreadcrumbList\",\"@id\":\"https:\\\/\\\/www.encontravitoria.com.br\\\/sobre\\\/ambulantes-da-orla-de-vitoria-participam-de-curso-de-primeiros-socorros-no-tancredao\\\/#breadcrumb\",\"itemListElement\":[{\"@type\":\"ListItem\",\"position\":1,\"name\":\"In\u00edcio\",\"item\":\"https:\\\/\\\/www.encontravitoria.com.br\\\/sobre\\\/\"},{\"@type\":\"ListItem\",\"position\":2,\"name\":\"Ambulantes da orla de Vit\u00f3ria participam de curso de primeiros socorros no Tancred\u00e3o\"}]},{\"@type\":\"WebSite\",\"@id\":\"https:\\\/\\\/www.encontravitoria.com.br\\\/sobre\\\/#website\",\"url\":\"https:\\\/\\\/www.encontravitoria.com.br\\\/sobre\\\/\",\"name\":\"Encontra Vit\u00f3ria\",\"description\":\"Not\u00edcias, eventos, informa\u00e7\u00f5es e dicas na cidade Vit\u00f3ria e regi\u00e3o.\",\"potentialAction\":[{\"@type\":\"SearchAction\",\"target\":{\"@type\":\"EntryPoint\",\"urlTemplate\":\"https:\\\/\\\/www.encontravitoria.com.br\\\/sobre\\\/?s={search_term_string}\"},\"query-input\":{\"@type\":\"PropertyValueSpecification\",\"valueRequired\":true,\"valueName\":\"search_term_string\"}}],\"inLanguage\":\"pt-BR\"},{\"@type\":\"Person\",\"@id\":\"https:\\\/\\\/www.encontravitoria.com.br\\\/sobre\\\/#\\\/schema\\\/person\\\/0f8e5bcc88fbadf1bad57afd504f48a2\",\"name\":\"Encontra Vit\u00f3ria\",\"image\":{\"@type\":\"ImageObject\",\"inLanguage\":\"pt-BR\",\"@id\":\"https:\\\/\\\/secure.gravatar.com\\\/avatar\\\/507340682b8270222e1f208e23198b6ae7e2c6a1033ae84e99bc6bce4f82a387?s=96&d=mm&r=g\",\"url\":\"https:\\\/\\\/secure.gravatar.com\\\/avatar\\\/507340682b8270222e1f208e23198b6ae7e2c6a1033ae84e99bc6bce4f82a387?s=96&d=mm&r=g\",\"contentUrl\":\"https:\\\/\\\/secure.gravatar.com\\\/avatar\\\/507340682b8270222e1f208e23198b6ae7e2c6a1033ae84e99bc6bce4f82a387?s=96&d=mm&r=g\",\"caption\":\"Encontra Vit\u00f3ria\"},\"sameAs\":[\"http:\\\/\\\/www.encontravitoria.com.br\"],\"url\":\"https:\\\/\\\/www.encontravitoria.com.br\\\/sobre\\\/author\\\/evitoria\\\/\"}]}<\/script>\n<!-- \/ Yoast SEO plugin. -->","yoast_head_json":{"title":"Ambulantes da orla de Vit\u00f3ria participam de curso de primeiros socorros no Tancred\u00e3o - Encontra Vit\u00f3ria","robots":{"index":"index","follow":"follow","max-snippet":"max-snippet:-1","max-image-preview":"max-image-preview:large","max-video-preview":"max-video-preview:-1"},"canonical":"https:\/\/www.encontravitoria.com.br\/sobre\/ambulantes-da-orla-de-vitoria-participam-de-curso-de-primeiros-socorros-no-tancredao\/","og_locale":"pt_BR","og_type":"article","og_title":"Ambulantes da orla de Vit\u00f3ria participam de curso de primeiros socorros no Tancred\u00e3o - Encontra Vit\u00f3ria","og_description":"Ambulantes da orla de Vit\u00f3ria participam de curso de primeiros socorros gratuito.","og_url":"https:\/\/www.encontravitoria.com.br\/sobre\/ambulantes-da-orla-de-vitoria-participam-de-curso-de-primeiros-socorros-no-tancredao\/","og_site_name":"Encontra Vit\u00f3ria","article_published_time":"2026-06-21T16:43:04+00:00","og_image":[{"url":"https:\/\/www.encontravitoria.com.br\/sobre\/wp-content\/uploads\/2026\/06\/ambulantes-da-orla-de-vitoria-participam-de-curso-de-primeiros-socorros-no-tancredao.webp","type":"","width":"","height":""}],"author":"Encontra Vit\u00f3ria","twitter_card":"summary_large_image","twitter_misc":{"Escrito por":"Encontra Vit\u00f3ria","Est. tempo de leitura":"4 minutos"},"schema":{"@context":"https:\/\/schema.org","@graph":[{"@type":"Article","@id":"https:\/\/www.encontravitoria.com.br\/sobre\/ambulantes-da-orla-de-vitoria-participam-de-curso-de-primeiros-socorros-no-tancredao\/#article","isPartOf":{"@id":"https:\/\/www.encontravitoria.com.br\/sobre\/ambulantes-da-orla-de-vitoria-participam-de-curso-de-primeiros-socorros-no-tancredao\/"},"author":{"name":"Encontra Vit\u00f3ria","@id":"https:\/\/www.encontravitoria.com.br\/sobre\/#\/schema\/person\/0f8e5bcc88fbadf1bad57afd504f48a2"},"headline":"Ambulantes da orla de Vit\u00f3ria participam de curso de primeiros socorros no Tancred\u00e3o","datePublished":"2026-06-21T16:43:04+00:00","mainEntityOfPage":{"@id":"https:\/\/www.encontravitoria.com.br\/sobre\/ambulantes-da-orla-de-vitoria-participam-de-curso-de-primeiros-socorros-no-tancredao\/"},"wordCount":855,"commentCount":0,"image":{"@id":"https:\/\/www.encontravitoria.com.br\/sobre\/ambulantes-da-orla-de-vitoria-participam-de-curso-de-primeiros-socorros-no-tancredao\/#primaryimage"},"thumbnailUrl":"https:\/\/www.encontravitoria.com.br\/sobre\/wp-content\/uploads\/2026\/06\/ambulantes-da-orla-de-vitoria-participam-de-curso-de-primeiros-socorros-no-tancredao.webp","articleSection":["Not\u00edcias Vit\u00f3ria"],"inLanguage":"pt-BR","potentialAction":[{"@type":"CommentAction","name":"Comment","target":["https:\/\/www.encontravitoria.com.br\/sobre\/ambulantes-da-orla-de-vitoria-participam-de-curso-de-primeiros-socorros-no-tancredao\/#respond"]}]},{"@type":"WebPage","@id":"https:\/\/www.encontravitoria.com.br\/sobre\/ambulantes-da-orla-de-vitoria-participam-de-curso-de-primeiros-socorros-no-tancredao\/","url":"https:\/\/www.encontravitoria.com.br\/sobre\/ambulantes-da-orla-de-vitoria-participam-de-curso-de-primeiros-socorros-no-tancredao\/","name":"Ambulantes da orla de Vit\u00f3ria participam de curso de primeiros socorros no Tancred\u00e3o - Encontra Vit\u00f3ria","isPartOf":{"@id":"https:\/\/www.encontravitoria.com.br\/sobre\/#website"},"primaryImageOfPage":{"@id":"https:\/\/www.encontravitoria.com.br\/sobre\/ambulantes-da-orla-de-vitoria-participam-de-curso-de-primeiros-socorros-no-tancredao\/#primaryimage"},"image":{"@id":"https:\/\/www.encontravitoria.com.br\/sobre\/ambulantes-da-orla-de-vitoria-participam-de-curso-de-primeiros-socorros-no-tancredao\/#primaryimage"},"thumbnailUrl":"https:\/\/www.encontravitoria.com.br\/sobre\/wp-content\/uploads\/2026\/06\/ambulantes-da-orla-de-vitoria-participam-de-curso-de-primeiros-socorros-no-tancredao.webp","datePublished":"2026-06-21T16:43:04+00:00","author":{"@id":"https:\/\/www.encontravitoria.com.br\/sobre\/#\/schema\/person\/0f8e5bcc88fbadf1bad57afd504f48a2"},"breadcrumb":{"@id":"https:\/\/www.encontravitoria.com.br\/sobre\/ambulantes-da-orla-de-vitoria-participam-de-curso-de-primeiros-socorros-no-tancredao\/#breadcrumb"},"inLanguage":"pt-BR","potentialAction":[{"@type":"ReadAction","target":["https:\/\/www.encontravitoria.com.br\/sobre\/ambulantes-da-orla-de-vitoria-participam-de-curso-de-primeiros-socorros-no-tancredao\/"]}]},{"@type":"ImageObject","inLanguage":"pt-BR","@id":"https:\/\/www.encontravitoria.com.br\/sobre\/ambulantes-da-orla-de-vitoria-participam-de-curso-de-primeiros-socorros-no-tancredao\/#primaryimage","url":"https:\/\/www.encontravitoria.com.br\/sobre\/wp-content\/uploads\/2026\/06\/ambulantes-da-orla-de-vitoria-participam-de-curso-de-primeiros-socorros-no-tancredao.webp","contentUrl":"https:\/\/www.encontravitoria.com.br\/sobre\/wp-content\/uploads\/2026\/06\/ambulantes-da-orla-de-vitoria-participam-de-curso-de-primeiros-socorros-no-tancredao.webp","width":280,"height":280,"caption":"curso de primeiros socorros"},{"@type":"BreadcrumbList","@id":"https:\/\/www.encontravitoria.com.br\/sobre\/ambulantes-da-orla-de-vitoria-participam-de-curso-de-primeiros-socorros-no-tancredao\/#breadcrumb","itemListElement":[{"@type":"ListItem","position":1,"name":"In\u00edcio","item":"https:\/\/www.encontravitoria.com.br\/sobre\/"},{"@type":"ListItem","position":2,"name":"Ambulantes da orla de Vit\u00f3ria participam de curso de primeiros socorros no Tancred\u00e3o"}]},{"@type":"WebSite","@id":"https:\/\/www.encontravitoria.com.br\/sobre\/#website","url":"https:\/\/www.encontravitoria.com.br\/sobre\/","name":"Encontra Vit\u00f3ria","description":"Not\u00edcias, eventos, informa\u00e7\u00f5es e dicas na cidade Vit\u00f3ria e regi\u00e3o.","potentialAction":[{"@type":"SearchAction","target":{"@type":"EntryPoint","urlTemplate":"https:\/\/www.encontravitoria.com.br\/sobre\/?s={search_term_string}"},"query-input":{"@type":"PropertyValueSpecification","valueRequired":true,"valueName":"search_term_string"}}],"inLanguage":"pt-BR"},{"@type":"Person","@id":"https:\/\/www.encontravitoria.com.br\/sobre\/#\/schema\/person\/0f8e5bcc88fbadf1bad57afd504f48a2","name":"Encontra Vit\u00f3ria","image":{"@type":"ImageObject","inLanguage":"pt-BR","@id":"https:\/\/secure.gravatar.com\/avatar\/507340682b8270222e1f208e23198b6ae7e2c6a1033ae84e99bc6bce4f82a387?s=96&d=mm&r=g","url":"https:\/\/secure.gravatar.com\/avatar\/507340682b8270222e1f208e23198b6ae7e2c6a1033ae84e99bc6bce4f82a387?s=96&d=mm&r=g","contentUrl":"https:\/\/secure.gravatar.com\/avatar\/507340682b8270222e1f208e23198b6ae7e2c6a1033ae84e99bc6bce4f82a387?s=96&d=mm&r=g","caption":"Encontra Vit\u00f3ria"},"sameAs":["http:\/\/www.encontravitoria.com.br"],"url":"https:\/\/www.encontravitoria.com.br\/sobre\/author\/evitoria\/"}]}},"_links":{"self":[{"href":"https:\/\/www.encontravitoria.com.br\/sobre\/wp-json\/wp\/v2\/posts\/1764","targetHints":{"allow":["GET"]}}],"collection":[{"href":"https:\/\/www.encontravitoria.com.br\/sobre\/wp-json\/wp\/v2\/posts"}],"about":[{"href":"https:\/\/www.encontravitoria.com.br\/sobre\/wp-json\/wp\/v2\/types\/post"}],"author":[{"embeddable":true,"href":"https:\/\/www.encontravitoria.com.br\/sobre\/wp-json\/wp\/v2\/users\/1"}],"replies":[{"embeddable":true,"href":"https:\/\/www.encontravitoria.com.br\/sobre\/wp-json\/wp\/v2\/comments?post=1764"}],"version-history":[{"count":0,"href":"https:\/\/www.encontravitoria.com.br\/sobre\/wp-json\/wp\/v2\/posts\/1764\/revisions"}],"wp:featuredmedia":[{"embeddable":true,"href":"https:\/\/www.encontravitoria.com.br\/sobre\/wp-json\/wp\/v2\/media\/1763"}],"wp:attachment":[{"href":"https:\/\/www.encontravitoria.com.br\/sobre\/wp-json\/wp\/v2\/media?parent=1764"}],"wp:term":[{"taxonomy":"category","embeddable":true,"href":"https:\/\/www.encontravitoria.com.br\/sobre\/wp-json\/wp\/v2\/categories?post=1764"},{"taxonomy":"post_tag","embeddable":true,"href":"https:\/\/www.encontravitoria.com.br\/sobre\/wp-json\/wp\/v2\/tags?post=1764"}],"curies":[{"name":"wp","href":"https:\/\/api.w.org\/{rel}","templated":true}]}}