{"id":1768,"date":"2026-06-22T16:41:36","date_gmt":"2026-06-22T16:41:36","guid":{"rendered":"https:\/\/www.encontravitoria.com.br\/sobre\/defesa-se-destaca-e-e-determinante-na-campanha-do-vitoria\/"},"modified":"2026-06-22T16:41:36","modified_gmt":"2026-06-22T16:41:36","slug":"defesa-se-destaca-e-e-determinante-na-campanha-do-vitoria","status":"publish","type":"post","link":"https:\/\/www.encontravitoria.com.br\/sobre\/defesa-se-destaca-e-e-determinante-na-campanha-do-vitoria\/","title":{"rendered":"Defesa se destaca e \u00e9 determinante na campanha do Vit\u00f3ria"},"content":{"rendered":"<div class=\"23ed37709e053b55400ee1990aeffe41\" data-index=\"1\" style=\"float: none; margin:0px;\">\n<!-- Anuncio display - global -->\r\n<ins class=\"adsbygoogle\"\r\n     style=\"display:block\"\r\n     data-ad-client=\"ca-pub-8585364105181520\"\r\n     data-ad-slot=\"8789329856\"\r\n     data-ad-format=\"auto\"\r\n     data-full-width-responsive=\"true\"><\/ins>\r\n<script>\r\n     (adsbygoogle = window.adsbygoogle || []).push({});\r\n<\/script>\n<\/div>\n<h2>Consist\u00eancia Defensiva do Vit\u00f3ria-ES<\/h2>\n<p>O <strong>Vit\u00f3ria-ES<\/strong> consolidou sua presen\u00e7a na atual edi\u00e7\u00e3o da <strong>S\u00e9rie D<\/strong> do Campeonato Brasileiro, destacando-se pela efici\u00eancia de sua defesa com apenas <strong>oito gols sofridos<\/strong> em <strong>nove partidas<\/strong>. Este desempenho not\u00e1vel representa a melhor m\u00e9dia defensiva desde sua introdu\u00e7\u00e3o na competi\u00e7\u00e3o nacional em 2019. A consistente atua\u00e7\u00e3o defensiva tem sido um fator determinante para a classifica\u00e7\u00e3o antecipada \u00e0 segunda fase do torneio.<\/p>\n<h2>Compara\u00e7\u00e3o com Campanhas Anteriores<\/h2>\n<p>A an\u00e1lise dos n\u00fameros revela uma evolu\u00e7\u00e3o significativa na performance defensiva do <strong>vit\u00f3ria-ES<\/strong>. Na atual avalia\u00e7\u00e3o, o time possui uma m\u00e9dia de <strong>0,9 gol por jogo<\/strong>, um avan\u00e7o em rela\u00e7\u00e3o \u00e0s campanhas de 2020 e 2023, onde as m\u00e9dias foram de <strong>1,6<\/strong> e <strong>1,4<\/strong> respectivamente. Mesmo em compara\u00e7\u00e3o com a emblem\u00e1tica campanha de 2019, que atingiu a menor m\u00e9dia de <strong>0,7 gol por jogo<\/strong>, a defesa do time se mant\u00e9m s\u00f3lida, ainda que tenha sido eliminada nas oitavas de final daquela edi\u00e7\u00e3o.<\/p>\n<h2>M\u00e9dia de Gols Sofridos No Campeonato<\/h2>\n<p>Durante a primeira fase, o <strong>Vit\u00f3ria-ES<\/strong> n\u00e3o apenas se destacou pela m\u00e9dia de gols sofridos, como tamb\u00e9m conseguiu registrar um <strong>saldo positivo de quatro gols<\/strong>, o melhor resultado em sua trajet\u00f3ria nas edi\u00e7\u00f5es da <strong>S\u00e9rie D<\/strong>. Este fato \u00e9 reflexo do comprometimento e esfor\u00e7o do time nas rodadas, que tem sido essencial para assegurar vit\u00f3rias e evitar derrotas.<\/p>\n<p><img decoding=\"async\" src=\"https:\/\/www.encontravitoria.com.br\/sobre\/wp-content\/uploads\/2026\/06\/defesa-se-destaca-e-e-determinante-na-campanha-do-vitoria.webp\" alt=\"defesa do Vit\u00f3ria-ES\" loading=\"lazy\" \/><\/p>\n<h2>Import\u00e2ncia do Comprometimento Coletivo<\/h2>\n<p>O goleiro <strong>Luc\u00e3o<\/strong> enfatiza que a consist\u00eancia defensiva \u00e9 resultado do trabalho conjunto de toda a equipe. Ele destaca que a defesa inicia no ataque, implicando que o comprometimento de todos os jogadores, incluindo os atacantes, \u00e9 vital para a forma\u00e7\u00e3o de uma defesa forte. &#8220;<em>A defesa come\u00e7a no ataque, e isso demonstra o conhecimento coletivo e o desejo de alcan\u00e7ar nossos objetivos<\/em>&#8220;, afirma Luc\u00e3o.<\/p>\n<h2>An\u00e1lise das T\u00e1ticas Defensivas<\/h2>\n<p>O <strong>t\u00e9cnico Rafael Soriano<\/strong> atribui o s\u00f3lido desempenho defensivo da equipe a uma organiza\u00e7\u00e3o eficaz ao longo das partidas. A habilidade dos defensores, que tamb\u00e9m atuam na constru\u00e7\u00e3o do jogo a partir da defesa, \u00e9 fundamental. A combina\u00e7\u00e3o entre a capacidade de infiltra\u00e7\u00e3o dos zagueiros e o reconhecimento do papel de cada jogador no sistema defensivo contribui para uma defesa robusta.<\/p>\n<h2>O Papel do Goleiro na Defesa<\/h2>\n<p>Luc\u00e3o, que participou de <strong>oito dos nove jogos<\/strong> do <strong>Vit\u00f3ria-ES<\/strong> na competi\u00e7\u00e3o, representa uma das chaves para o sucesso defensivo. O goleiro destaca a import\u00e2ncia do treinamento di\u00e1rio e como suas habilidades refletem-se diretamente nas performances de campo. Ele comenta sobre a motiva\u00e7\u00e3o que sente ao ver os resultados do trabalho em equipe e espera que o time possa, ainda mais, reduzir a quantidade de gols sofridos no restante do campeonato.<\/p>\n<h2>Declara\u00e7\u00f5es do T\u00e9cnico sobre o Desempenho<\/h2>\n<p>Em entrevistas, <strong>Rafael Soriano<\/strong> refor\u00e7a a necessidade de um equil\u00edbrio estruturado entre defesa e ataque. Para ele, a organiza\u00e7\u00e3o coletiva \u00e9 o que permite ao time manter um bom desempenho. &#8220;<em>\u00c9 crucial que cada jogador entenda sua fun\u00e7\u00e3o tanto no ataque quanto na defesa<\/em>&#8220;, explica Soriano, enfatizando que a contribui\u00e7\u00e3o de todos \u00e9 essencial para os resultados positivos.<\/p>\n<h2>Impacto da Defensiva no Ataque<\/h2>\n<p>A seguran\u00e7a defensiva certamente impacta a efici\u00eancia do ataque. Com uma defesa que consegue desacelerar os advers\u00e1rios, a equipe pode se concentrar em construir jogadas ofensivas sem o estresse de sofrer rapidamente um gol. A solidez na defesa oferece mais liberdade para os atacantes, permitindo que eles se posicionem melhor e aproveitem as oportunidades criadas.<\/p>\n<h2>Expectativas para o Pr\u00f3ximo Jogo<\/h2>\n<p>Com a elimina\u00e7\u00e3o garantida da primeira fase, o <strong>Vit\u00f3ria-ES<\/strong> ter\u00e1 a chance de usar a \u00faltima partida para aprimorar sua performance e buscar uma melhor coloca\u00e7\u00e3o no Grupo 12 antes da fase de mata-mata, onde vai enfrentar o <strong>Tombense<\/strong>. O pr\u00f3ximo desafio \u00e0s <strong>17h<\/strong> no est\u00e1dio Almeid\u00e3o, em Tombos, ser\u00e1 uma nova oportunidade para refor\u00e7ar a capacidade defensiva da equipe.<\/p>\n<h2>O Caminho para o Acesso \u00e0 S\u00e9rie C<\/h2>\n<p>A meta do <strong>Vit\u00f3ria-ES<\/strong> \u00e9 clara: garantir o acesso \u00e0 <strong>S\u00e9rie C<\/strong> do Campeonato Brasileiro. Para isso, o time precisar\u00e1 continuar mostrando a mesma for\u00e7a defensiva que o levou a esta fase do torneio, aliando isso ao desempenho ofensivo. A uni\u00e3o e o comprometimento coletivo devem ser mantidos ao longo deste percurso decisivo.<\/p>\n\n<div style=\"font-size: 0px; height: 0px; line-height: 0px; margin: 0; padding: 0; clear: both;\"><\/div>","protected":false},"excerpt":{"rendered":"<p>A defesa do Vit\u00f3ria-ES se destaca como fator chave na S\u00e9rie D de 2026.<\/p>\n","protected":false},"author":1,"featured_media":1767,"comment_status":"open","ping_status":"closed","sticky":false,"template":"","format":"standard","meta":{"footnotes":""},"categories":[6],"tags":[],"class_list":["post-1768","post","type-post","status-publish","format-standard","has-post-thumbnail","hentry","category-noticias-em-vitoria","has_thumb"],"yoast_head":"<!-- This site is optimized with the Yoast SEO plugin v28.2 - https:\/\/yoast.com\/product\/yoast-seo-wordpress\/ -->\n<title>Defesa se destaca e \u00e9 determinante na campanha do Vit\u00f3ria - Encontra Vit\u00f3ria<\/title>\n<meta name=\"robots\" content=\"index, follow, max-snippet:-1, max-image-preview:large, max-video-preview:-1\" \/>\n<link rel=\"canonical\" href=\"https:\/\/www.encontravitoria.com.br\/sobre\/defesa-se-destaca-e-e-determinante-na-campanha-do-vitoria\/\" \/>\n<meta property=\"og:locale\" content=\"pt_BR\" \/>\n<meta property=\"og:type\" content=\"article\" \/>\n<meta property=\"og:title\" content=\"Defesa se destaca e \u00e9 determinante na campanha do Vit\u00f3ria - Encontra Vit\u00f3ria\" \/>\n<meta property=\"og:description\" content=\"A defesa do Vit\u00f3ria-ES se destaca como fator chave na S\u00e9rie D de 2026.\" \/>\n<meta property=\"og:url\" content=\"https:\/\/www.encontravitoria.com.br\/sobre\/defesa-se-destaca-e-e-determinante-na-campanha-do-vitoria\/\" \/>\n<meta property=\"og:site_name\" content=\"Encontra Vit\u00f3ria\" \/>\n<meta property=\"article:published_time\" content=\"2026-06-22T16:41:36+00:00\" \/>\n<meta property=\"og:image\" content=\"https:\/\/www.encontravitoria.com.br\/sobre\/wp-content\/uploads\/2026\/06\/defesa-se-destaca-e-e-determinante-na-campanha-do-vitoria.webp\" \/>\n<meta name=\"author\" content=\"Encontra Vit\u00f3ria\" \/>\n<meta name=\"twitter:card\" content=\"summary_large_image\" \/>\n<meta name=\"twitter:label1\" content=\"Escrito por\" \/>\n\t<meta name=\"twitter:data1\" content=\"Encontra Vit\u00f3ria\" \/>\n\t<meta name=\"twitter:label2\" content=\"Est. tempo de leitura\" \/>\n\t<meta name=\"twitter:data2\" content=\"4 minutos\" \/>\n<script type=\"application\/ld+json\" class=\"yoast-schema-graph\">{\"@context\":\"https:\\\/\\\/schema.org\",\"@graph\":[{\"@type\":\"Article\",\"@id\":\"https:\\\/\\\/www.encontravitoria.com.br\\\/sobre\\\/defesa-se-destaca-e-e-determinante-na-campanha-do-vitoria\\\/#article\",\"isPartOf\":{\"@id\":\"https:\\\/\\\/www.encontravitoria.com.br\\\/sobre\\\/defesa-se-destaca-e-e-determinante-na-campanha-do-vitoria\\\/\"},\"author\":{\"name\":\"Encontra Vit\u00f3ria\",\"@id\":\"https:\\\/\\\/www.encontravitoria.com.br\\\/sobre\\\/#\\\/schema\\\/person\\\/0f8e5bcc88fbadf1bad57afd504f48a2\"},\"headline\":\"Defesa se destaca e \u00e9 determinante na campanha do Vit\u00f3ria\",\"datePublished\":\"2026-06-22T16:41:36+00:00\",\"mainEntityOfPage\":{\"@id\":\"https:\\\/\\\/www.encontravitoria.com.br\\\/sobre\\\/defesa-se-destaca-e-e-determinante-na-campanha-do-vitoria\\\/\"},\"wordCount\":751,\"commentCount\":0,\"image\":{\"@id\":\"https:\\\/\\\/www.encontravitoria.com.br\\\/sobre\\\/defesa-se-destaca-e-e-determinante-na-campanha-do-vitoria\\\/#primaryimage\"},\"thumbnailUrl\":\"https:\\\/\\\/www.encontravitoria.com.br\\\/sobre\\\/wp-content\\\/uploads\\\/2026\\\/06\\\/defesa-se-destaca-e-e-determinante-na-campanha-do-vitoria.webp\",\"articleSection\":[\"Not\u00edcias Vit\u00f3ria\"],\"inLanguage\":\"pt-BR\",\"potentialAction\":[{\"@type\":\"CommentAction\",\"name\":\"Comment\",\"target\":[\"https:\\\/\\\/www.encontravitoria.com.br\\\/sobre\\\/defesa-se-destaca-e-e-determinante-na-campanha-do-vitoria\\\/#respond\"]}]},{\"@type\":\"WebPage\",\"@id\":\"https:\\\/\\\/www.encontravitoria.com.br\\\/sobre\\\/defesa-se-destaca-e-e-determinante-na-campanha-do-vitoria\\\/\",\"url\":\"https:\\\/\\\/www.encontravitoria.com.br\\\/sobre\\\/defesa-se-destaca-e-e-determinante-na-campanha-do-vitoria\\\/\",\"name\":\"Defesa se destaca e \u00e9 determinante na campanha do Vit\u00f3ria - Encontra Vit\u00f3ria\",\"isPartOf\":{\"@id\":\"https:\\\/\\\/www.encontravitoria.com.br\\\/sobre\\\/#website\"},\"primaryImageOfPage\":{\"@id\":\"https:\\\/\\\/www.encontravitoria.com.br\\\/sobre\\\/defesa-se-destaca-e-e-determinante-na-campanha-do-vitoria\\\/#primaryimage\"},\"image\":{\"@id\":\"https:\\\/\\\/www.encontravitoria.com.br\\\/sobre\\\/defesa-se-destaca-e-e-determinante-na-campanha-do-vitoria\\\/#primaryimage\"},\"thumbnailUrl\":\"https:\\\/\\\/www.encontravitoria.com.br\\\/sobre\\\/wp-content\\\/uploads\\\/2026\\\/06\\\/defesa-se-destaca-e-e-determinante-na-campanha-do-vitoria.webp\",\"datePublished\":\"2026-06-22T16:41:36+00:00\",\"author\":{\"@id\":\"https:\\\/\\\/www.encontravitoria.com.br\\\/sobre\\\/#\\\/schema\\\/person\\\/0f8e5bcc88fbadf1bad57afd504f48a2\"},\"breadcrumb\":{\"@id\":\"https:\\\/\\\/www.encontravitoria.com.br\\\/sobre\\\/defesa-se-destaca-e-e-determinante-na-campanha-do-vitoria\\\/#breadcrumb\"},\"inLanguage\":\"pt-BR\",\"potentialAction\":[{\"@type\":\"ReadAction\",\"target\":[\"https:\\\/\\\/www.encontravitoria.com.br\\\/sobre\\\/defesa-se-destaca-e-e-determinante-na-campanha-do-vitoria\\\/\"]}]},{\"@type\":\"ImageObject\",\"inLanguage\":\"pt-BR\",\"@id\":\"https:\\\/\\\/www.encontravitoria.com.br\\\/sobre\\\/defesa-se-destaca-e-e-determinante-na-campanha-do-vitoria\\\/#primaryimage\",\"url\":\"https:\\\/\\\/www.encontravitoria.com.br\\\/sobre\\\/wp-content\\\/uploads\\\/2026\\\/06\\\/defesa-se-destaca-e-e-determinante-na-campanha-do-vitoria.webp\",\"contentUrl\":\"https:\\\/\\\/www.encontravitoria.com.br\\\/sobre\\\/wp-content\\\/uploads\\\/2026\\\/06\\\/defesa-se-destaca-e-e-determinante-na-campanha-do-vitoria.webp\",\"width\":280,\"height\":280,\"caption\":\"defesa do Vit\u00f3ria-ES\"},{\"@type\":\"BreadcrumbList\",\"@id\":\"https:\\\/\\\/www.encontravitoria.com.br\\\/sobre\\\/defesa-se-destaca-e-e-determinante-na-campanha-do-vitoria\\\/#breadcrumb\",\"itemListElement\":[{\"@type\":\"ListItem\",\"position\":1,\"name\":\"In\u00edcio\",\"item\":\"https:\\\/\\\/www.encontravitoria.com.br\\\/sobre\\\/\"},{\"@type\":\"ListItem\",\"position\":2,\"name\":\"Defesa se destaca e \u00e9 determinante na campanha do Vit\u00f3ria\"}]},{\"@type\":\"WebSite\",\"@id\":\"https:\\\/\\\/www.encontravitoria.com.br\\\/sobre\\\/#website\",\"url\":\"https:\\\/\\\/www.encontravitoria.com.br\\\/sobre\\\/\",\"name\":\"Encontra Vit\u00f3ria\",\"description\":\"Not\u00edcias, eventos, informa\u00e7\u00f5es e dicas na cidade Vit\u00f3ria e regi\u00e3o.\",\"potentialAction\":[{\"@type\":\"SearchAction\",\"target\":{\"@type\":\"EntryPoint\",\"urlTemplate\":\"https:\\\/\\\/www.encontravitoria.com.br\\\/sobre\\\/?s={search_term_string}\"},\"query-input\":{\"@type\":\"PropertyValueSpecification\",\"valueRequired\":true,\"valueName\":\"search_term_string\"}}],\"inLanguage\":\"pt-BR\"},{\"@type\":\"Person\",\"@id\":\"https:\\\/\\\/www.encontravitoria.com.br\\\/sobre\\\/#\\\/schema\\\/person\\\/0f8e5bcc88fbadf1bad57afd504f48a2\",\"name\":\"Encontra Vit\u00f3ria\",\"image\":{\"@type\":\"ImageObject\",\"inLanguage\":\"pt-BR\",\"@id\":\"https:\\\/\\\/secure.gravatar.com\\\/avatar\\\/507340682b8270222e1f208e23198b6ae7e2c6a1033ae84e99bc6bce4f82a387?s=96&d=mm&r=g\",\"url\":\"https:\\\/\\\/secure.gravatar.com\\\/avatar\\\/507340682b8270222e1f208e23198b6ae7e2c6a1033ae84e99bc6bce4f82a387?s=96&d=mm&r=g\",\"contentUrl\":\"https:\\\/\\\/secure.gravatar.com\\\/avatar\\\/507340682b8270222e1f208e23198b6ae7e2c6a1033ae84e99bc6bce4f82a387?s=96&d=mm&r=g\",\"caption\":\"Encontra Vit\u00f3ria\"},\"sameAs\":[\"http:\\\/\\\/www.encontravitoria.com.br\"],\"url\":\"https:\\\/\\\/www.encontravitoria.com.br\\\/sobre\\\/author\\\/evitoria\\\/\"}]}<\/script>\n<!-- \/ Yoast SEO plugin. -->","yoast_head_json":{"title":"Defesa se destaca e \u00e9 determinante na campanha do Vit\u00f3ria - Encontra Vit\u00f3ria","robots":{"index":"index","follow":"follow","max-snippet":"max-snippet:-1","max-image-preview":"max-image-preview:large","max-video-preview":"max-video-preview:-1"},"canonical":"https:\/\/www.encontravitoria.com.br\/sobre\/defesa-se-destaca-e-e-determinante-na-campanha-do-vitoria\/","og_locale":"pt_BR","og_type":"article","og_title":"Defesa se destaca e \u00e9 determinante na campanha do Vit\u00f3ria - Encontra Vit\u00f3ria","og_description":"A defesa do Vit\u00f3ria-ES se destaca como fator chave na S\u00e9rie D de 2026.","og_url":"https:\/\/www.encontravitoria.com.br\/sobre\/defesa-se-destaca-e-e-determinante-na-campanha-do-vitoria\/","og_site_name":"Encontra Vit\u00f3ria","article_published_time":"2026-06-22T16:41:36+00:00","og_image":[{"url":"https:\/\/www.encontravitoria.com.br\/sobre\/wp-content\/uploads\/2026\/06\/defesa-se-destaca-e-e-determinante-na-campanha-do-vitoria.webp","type":"","width":"","height":""}],"author":"Encontra Vit\u00f3ria","twitter_card":"summary_large_image","twitter_misc":{"Escrito por":"Encontra Vit\u00f3ria","Est. tempo de leitura":"4 minutos"},"schema":{"@context":"https:\/\/schema.org","@graph":[{"@type":"Article","@id":"https:\/\/www.encontravitoria.com.br\/sobre\/defesa-se-destaca-e-e-determinante-na-campanha-do-vitoria\/#article","isPartOf":{"@id":"https:\/\/www.encontravitoria.com.br\/sobre\/defesa-se-destaca-e-e-determinante-na-campanha-do-vitoria\/"},"author":{"name":"Encontra Vit\u00f3ria","@id":"https:\/\/www.encontravitoria.com.br\/sobre\/#\/schema\/person\/0f8e5bcc88fbadf1bad57afd504f48a2"},"headline":"Defesa se destaca e \u00e9 determinante na campanha do Vit\u00f3ria","datePublished":"2026-06-22T16:41:36+00:00","mainEntityOfPage":{"@id":"https:\/\/www.encontravitoria.com.br\/sobre\/defesa-se-destaca-e-e-determinante-na-campanha-do-vitoria\/"},"wordCount":751,"commentCount":0,"image":{"@id":"https:\/\/www.encontravitoria.com.br\/sobre\/defesa-se-destaca-e-e-determinante-na-campanha-do-vitoria\/#primaryimage"},"thumbnailUrl":"https:\/\/www.encontravitoria.com.br\/sobre\/wp-content\/uploads\/2026\/06\/defesa-se-destaca-e-e-determinante-na-campanha-do-vitoria.webp","articleSection":["Not\u00edcias Vit\u00f3ria"],"inLanguage":"pt-BR","potentialAction":[{"@type":"CommentAction","name":"Comment","target":["https:\/\/www.encontravitoria.com.br\/sobre\/defesa-se-destaca-e-e-determinante-na-campanha-do-vitoria\/#respond"]}]},{"@type":"WebPage","@id":"https:\/\/www.encontravitoria.com.br\/sobre\/defesa-se-destaca-e-e-determinante-na-campanha-do-vitoria\/","url":"https:\/\/www.encontravitoria.com.br\/sobre\/defesa-se-destaca-e-e-determinante-na-campanha-do-vitoria\/","name":"Defesa se destaca e \u00e9 determinante na campanha do Vit\u00f3ria - Encontra Vit\u00f3ria","isPartOf":{"@id":"https:\/\/www.encontravitoria.com.br\/sobre\/#website"},"primaryImageOfPage":{"@id":"https:\/\/www.encontravitoria.com.br\/sobre\/defesa-se-destaca-e-e-determinante-na-campanha-do-vitoria\/#primaryimage"},"image":{"@id":"https:\/\/www.encontravitoria.com.br\/sobre\/defesa-se-destaca-e-e-determinante-na-campanha-do-vitoria\/#primaryimage"},"thumbnailUrl":"https:\/\/www.encontravitoria.com.br\/sobre\/wp-content\/uploads\/2026\/06\/defesa-se-destaca-e-e-determinante-na-campanha-do-vitoria.webp","datePublished":"2026-06-22T16:41:36+00:00","author":{"@id":"https:\/\/www.encontravitoria.com.br\/sobre\/#\/schema\/person\/0f8e5bcc88fbadf1bad57afd504f48a2"},"breadcrumb":{"@id":"https:\/\/www.encontravitoria.com.br\/sobre\/defesa-se-destaca-e-e-determinante-na-campanha-do-vitoria\/#breadcrumb"},"inLanguage":"pt-BR","potentialAction":[{"@type":"ReadAction","target":["https:\/\/www.encontravitoria.com.br\/sobre\/defesa-se-destaca-e-e-determinante-na-campanha-do-vitoria\/"]}]},{"@type":"ImageObject","inLanguage":"pt-BR","@id":"https:\/\/www.encontravitoria.com.br\/sobre\/defesa-se-destaca-e-e-determinante-na-campanha-do-vitoria\/#primaryimage","url":"https:\/\/www.encontravitoria.com.br\/sobre\/wp-content\/uploads\/2026\/06\/defesa-se-destaca-e-e-determinante-na-campanha-do-vitoria.webp","contentUrl":"https:\/\/www.encontravitoria.com.br\/sobre\/wp-content\/uploads\/2026\/06\/defesa-se-destaca-e-e-determinante-na-campanha-do-vitoria.webp","width":280,"height":280,"caption":"defesa do Vit\u00f3ria-ES"},{"@type":"BreadcrumbList","@id":"https:\/\/www.encontravitoria.com.br\/sobre\/defesa-se-destaca-e-e-determinante-na-campanha-do-vitoria\/#breadcrumb","itemListElement":[{"@type":"ListItem","position":1,"name":"In\u00edcio","item":"https:\/\/www.encontravitoria.com.br\/sobre\/"},{"@type":"ListItem","position":2,"name":"Defesa se destaca e \u00e9 determinante na campanha do Vit\u00f3ria"}]},{"@type":"WebSite","@id":"https:\/\/www.encontravitoria.com.br\/sobre\/#website","url":"https:\/\/www.encontravitoria.com.br\/sobre\/","name":"Encontra Vit\u00f3ria","description":"Not\u00edcias, eventos, informa\u00e7\u00f5es e dicas na cidade Vit\u00f3ria e regi\u00e3o.","potentialAction":[{"@type":"SearchAction","target":{"@type":"EntryPoint","urlTemplate":"https:\/\/www.encontravitoria.com.br\/sobre\/?s={search_term_string}"},"query-input":{"@type":"PropertyValueSpecification","valueRequired":true,"valueName":"search_term_string"}}],"inLanguage":"pt-BR"},{"@type":"Person","@id":"https:\/\/www.encontravitoria.com.br\/sobre\/#\/schema\/person\/0f8e5bcc88fbadf1bad57afd504f48a2","name":"Encontra Vit\u00f3ria","image":{"@type":"ImageObject","inLanguage":"pt-BR","@id":"https:\/\/secure.gravatar.com\/avatar\/507340682b8270222e1f208e23198b6ae7e2c6a1033ae84e99bc6bce4f82a387?s=96&d=mm&r=g","url":"https:\/\/secure.gravatar.com\/avatar\/507340682b8270222e1f208e23198b6ae7e2c6a1033ae84e99bc6bce4f82a387?s=96&d=mm&r=g","contentUrl":"https:\/\/secure.gravatar.com\/avatar\/507340682b8270222e1f208e23198b6ae7e2c6a1033ae84e99bc6bce4f82a387?s=96&d=mm&r=g","caption":"Encontra Vit\u00f3ria"},"sameAs":["http:\/\/www.encontravitoria.com.br"],"url":"https:\/\/www.encontravitoria.com.br\/sobre\/author\/evitoria\/"}]}},"_links":{"self":[{"href":"https:\/\/www.encontravitoria.com.br\/sobre\/wp-json\/wp\/v2\/posts\/1768","targetHints":{"allow":["GET"]}}],"collection":[{"href":"https:\/\/www.encontravitoria.com.br\/sobre\/wp-json\/wp\/v2\/posts"}],"about":[{"href":"https:\/\/www.encontravitoria.com.br\/sobre\/wp-json\/wp\/v2\/types\/post"}],"author":[{"embeddable":true,"href":"https:\/\/www.encontravitoria.com.br\/sobre\/wp-json\/wp\/v2\/users\/1"}],"replies":[{"embeddable":true,"href":"https:\/\/www.encontravitoria.com.br\/sobre\/wp-json\/wp\/v2\/comments?post=1768"}],"version-history":[{"count":0,"href":"https:\/\/www.encontravitoria.com.br\/sobre\/wp-json\/wp\/v2\/posts\/1768\/revisions"}],"wp:featuredmedia":[{"embeddable":true,"href":"https:\/\/www.encontravitoria.com.br\/sobre\/wp-json\/wp\/v2\/media\/1767"}],"wp:attachment":[{"href":"https:\/\/www.encontravitoria.com.br\/sobre\/wp-json\/wp\/v2\/media?parent=1768"}],"wp:term":[{"taxonomy":"category","embeddable":true,"href":"https:\/\/www.encontravitoria.com.br\/sobre\/wp-json\/wp\/v2\/categories?post=1768"},{"taxonomy":"post_tag","embeddable":true,"href":"https:\/\/www.encontravitoria.com.br\/sobre\/wp-json\/wp\/v2\/tags?post=1768"}],"curies":[{"name":"wp","href":"https:\/\/api.w.org\/{rel}","templated":true}]}}