{"id":1805,"date":"2026-06-30T16:56:04","date_gmt":"2026-06-30T16:56:04","guid":{"rendered":"https:\/\/www.encontravitoria.com.br\/sobre\/lordose-pra-leao-abre-show-da-banda-nazareth-em-vitoria-com-tributo-ao-historico-festival-dia-d\/"},"modified":"2026-06-30T16:56:04","modified_gmt":"2026-06-30T16:56:04","slug":"lordose-pra-leao-abre-show-da-banda-nazareth-em-vitoria-com-tributo-ao-historico-festival-dia-d","status":"publish","type":"post","link":"https:\/\/www.encontravitoria.com.br\/sobre\/lordose-pra-leao-abre-show-da-banda-nazareth-em-vitoria-com-tributo-ao-historico-festival-dia-d\/","title":{"rendered":"Lordose pra Le\u00e3o abre show da banda Nazareth em Vit\u00f3ria, com tributo ao hist\u00f3rico Festival Dia D"},"content":{"rendered":"<div class=\"23ed37709e053b55400ee1990aeffe41\" data-index=\"1\" style=\"float: none; margin:0px;\">\n<!-- Anuncio display - global -->\r\n<ins class=\"adsbygoogle\"\r\n     style=\"display:block\"\r\n     data-ad-client=\"ca-pub-8585364105181520\"\r\n     data-ad-slot=\"8789329856\"\r\n     data-ad-format=\"auto\"\r\n     data-full-width-responsive=\"true\"><\/ins>\r\n<script>\r\n     (adsbygoogle = window.adsbygoogle || []).push({});\r\n<\/script>\n<\/div>\n<h2>A Hist\u00f3ria do Festival Dia D<\/h2>\n<p>O Festival Dia D, que ganhou notoriedade entre os anos de 1999 e 2002, se destacou por ser um \u00edcone cultural no Esp\u00edrito Santo. Realizado na Pra\u00e7a do Papa, o evento foi um marco que transformou a cena musical local, promovendo n\u00e3o apenas o rock, mas uma diversidade de g\u00eaneros musicais, como punk rock, pop e m\u00fasica alternativa. Com uma estrutura que se propunha a integrar bandas locais com grandes nomes nacionais, o festival atraiu p\u00fablicos massivos, criando um espa\u00e7o de conviv\u00eancia e celebra\u00e7\u00e3o da cultura capixaba.<\/p>\n<p>Na sua primeira edi\u00e7\u00e3o, o festival reuniu aproximadamente oito mil pessoas, um n\u00famero que cresceu dramaticamente nas edi\u00e7\u00f5es seguintes, registrando participa\u00e7\u00e3o de mais de 20 mil pessoas nas maratonas sonoras. Cada edi\u00e7\u00e3o trazia uma nova proposta, com palcos dedicados a diferentes estilos, permitindo aos espectadores uma experi\u00eancia musical rica e variada.<\/p>\n<h2>Lordose pra Le\u00e3o: Uma Trajet\u00f3ria de Sucesso<\/h2>\n<p>Formada em 1991, a banda Lordose pra Le\u00e3o se consolidou como uma das principais refer\u00eancias do rock capixaba. Nascida dos encontros informais na Universidade Federal do Esp\u00edrito Santo (Ufes), a banda rapidamente se distinguiu pela sua musicalidade e letras impactantes, conquistando f\u00e3s e um espa\u00e7o significativo na cena local. Com um estilo \u00fanico, a banda misturou elementos de rock com influ\u00eancias da cultura capixaba, criando uma sonoridade que ressoou profundamente entre os amantes da m\u00fasica. Desde ent\u00e3o, o grupo se destacou com m\u00fasicas que se tornaram cl\u00e1ssicos, como &#8220;Jullyetsch&#8221; e &#8220;Ananias e o Cavalo&#8221;, mostrando que a m\u00fasica capixaba poderia criar di\u00e1logos com o cen\u00e1rio nacional.<\/p>\n<p><img decoding=\"async\" src=\"https:\/\/www.encontravitoria.com.br\/sobre\/wp-content\/uploads\/2026\/06\/lordose-pra-leao-abre-show-da-banda-nazareth-em-vitoria-com-tributo-ao-historico-festival-dia-d.webp\" alt=\"Lordose pra Le\u00e3o\" loading=\"lazy\" \/><\/p>\n<h2>O Impacto Cultural do Festival na Cena Capixaba<\/h2>\n<p>O Festival Dia D n\u00e3o foi apenas um evento musical; foi um catalisador da cultura local, unindo artistas, bandas e o p\u00fablico em torno de uma identidade musical partilhada. Ele proporcionou uma plataforma para m\u00fasicos independentes e emergentes, permitindo que se apresentassem ao lado de artistas consagrados. Gra\u00e7as ao festival, muitos capixabas descobriram novos talentos e puderam vivenciar a m\u00fasica de uma forma que antes n\u00e3o era poss\u00edvel, fomentando uma cena musical vibrante e diversificada.<\/p>\n<p>Entre 1999 e 2002, movimentos culturais e musicais se formaram a partir dos ideais do festival, inflando o orgulho local e gerando n\u00e3o apenas entretenimento, mas tamb\u00e9m uma forte conex\u00e3o entre os habitantes do Esp\u00edrito Santo e sua express\u00e3o art\u00edstica. O festival deixou um legado que perdura at\u00e9 hoje, com novos eventos nascendo a partir de sua influ\u00eancia.<\/p>\n<h2>Banda Lordose e Sua Hist\u00f3ria Musical<\/h2>\n<p>A trajet\u00f3ria do Lordose pra Le\u00e3o \u00e9 marcada por v\u00e1rias produ\u00e7\u00f5es musicais significativas. Al\u00e9m de seus \u00e1lbuns estelares, a banda continua a atrair novas gera\u00e7\u00f5es atrav\u00e9s de suas letras que falam sobre amor, liberdade e a cultura capixaba. O grupo tem um portf\u00f3lio que inclui \u00e1lbuns emblem\u00e1ticos, como &#8220;Todo Mundo Est\u00e1 Feliz&#8221; e o mais recente, &#8220;Lordose Canta Letaif&#8221;, de 2024. A combina\u00e7\u00e3o da voz potente de Adolfo Oleari com os arranjos sofisticados de seus m\u00fasicos faz com que cada apresenta\u00e7\u00e3o da banda seja uma verdadeira celebra\u00e7\u00e3o do rock capixaba.<\/p>\n<h2>Reuni\u00e3o de Gera\u00e7\u00f5es no Palco da Pra\u00e7a do Papa<\/h2>\n<p>O show de abertura da banda Lordose pra Le\u00e3o no aguardado concerto da banda Nazareth marca um importante momento de reencontro generacional. O evento promete reunir f\u00e3s de diferentes idades, proporcionando um espa\u00e7o onde novas e antigas gera\u00e7\u00f5es se encontram para celebrar a m\u00fasica que moldou suas vidas. A ic\u00f4nica Pra\u00e7a do Papa, que j\u00e1 foi palco de tantas mem\u00f3rias musicais, voltar\u00e1 a ser invadida por um esp\u00edrito coletivo de nostalgia e celebra\u00e7\u00e3o.<\/p>\n<h2>A Import\u00e2ncia da M\u00fasica Autoral em Vit\u00f3ria<\/h2>\n<p>A m\u00fasica autoral desempenha um papel vital na constru\u00e7\u00e3o da identidade cultural de Vit\u00f3ria. Bandas como o Lordose pra Le\u00e3o e tantas outras que surgiram ao longo das d\u00e9cadas n\u00e3o s\u00f3 entret\u00eam, mas tamb\u00e9m narram hist\u00f3rias locais, refletem as emo\u00e7\u00f5es da popula\u00e7\u00e3o e pressionam transforma\u00e7\u00f5es sociais. Essa m\u00fasica original traz uma voz \u00fanica para a cidade, fortalecendo seu lugar na cena musical nacional e inspirando jovens m\u00fasicos a experimentar e inovar em suas cria\u00e7\u00f5es.<\/p>\n<h2>Nazareth: Uma Lenda do Rock Mundial<\/h2>\n<p>No contexto do show, a banda Nazareth surge como um s\u00edmbolo eterno do rock. Com mais de 55 anos de carreira, eles s\u00e3o conhecidos por cl\u00e1ssicos como &#8220;Love Hurts&#8221; e &#8220;Hair of the Dog&#8221;, que moldaram a sonoridade do hard rock setentista. Sua presen\u00e7a na Pra\u00e7a do Papa n\u00e3o apenas celebra o passado, mas tamb\u00e9m reafirma a import\u00e2ncia da m\u00fasica como forma de arte que une pessoas, independente de idade ou prefer\u00eancia musical.<\/p>\n<h2>O Legado Musical de Vit\u00f3ria em Cena<\/h2>\n<p>O legado musical de Vit\u00f3ria, impulsionado por iniciativas como o Festival Dia D e por bandas locais como o Lordose pra Le\u00e3o, continua a florescer. Essa uni\u00e3o entre artistas e o apoio \u00e0 m\u00fasica autoral fomentam um ecossistema vibrante que estimula o surgimento de novos talentos, al\u00e9m de garantir que a cultura local se mantenha viva e relevante. O retorno do festival, mesmo que em uma nova forma, \u00e9 uma celebra\u00e7\u00e3o do rico panorama musical capixaba que continua a impactar novas gera\u00e7\u00f5es.<\/p>\n<h2>Momentos Ic\u00f4nicos do Rock Capixaba<\/h2>\n<p>Os momentos ic\u00f4nicos do rock capixaba est\u00e3o entrela\u00e7ados com a hist\u00f3ria do Dia D e do Lordose pra Le\u00e3o. A capacidade da m\u00fasica de mover multid\u00f5es e criar conex\u00f5es \u00e9 evidente em cada apresenta\u00e7\u00e3o, reafirmando o poder da m\u00fasica na vida cultural da cidade. Esses epis\u00f3dios se tornam n\u00e3o apenas lembran\u00e7as pessoais, mas parte do patrim\u00f4nio coletivo de um povo que defende sua identidade.<\/p>\n<h2>Preparativos para um Grande Show<\/h2>\n<p>Com a proximidade do grande show, os preparativos est\u00e3o em seu auge. A expectativa \u00e9 palp\u00e1vel entre os f\u00e3s, que aguardam ansiosos para mergulhar em uma experi\u00eancia musical que recupera a ess\u00eancia do rock capixaba. O Lordose pra Le\u00e3o se prepara para apresentar uma performance \u00fanica, revisitando cl\u00e1ssicos e entregando a energia que sempre caracterizou suas apresenta\u00e7\u00f5es.<\/p>\n<p>A hist\u00f3ria musical de Vit\u00f3ria e a mem\u00f3ria do Festival Dia D continuam vivas na nova gera\u00e7\u00e3o, especialmente na ala do rock. \u00c9 uma celebra\u00e7\u00e3o de identidade, resist\u00eancia e arte que promete ecoar ainda por muito tempo no cora\u00e7\u00e3o dos capixabas.<\/p>\n\n<div style=\"font-size: 0px; height: 0px; line-height: 0px; margin: 0; padding: 0; clear: both;\"><\/div>","protected":false},"excerpt":{"rendered":"<p>Lordose pra Le\u00e3o abre show em Vit\u00f3ria, celebrando a m\u00fasica capixaba.<\/p>\n","protected":false},"author":1,"featured_media":1804,"comment_status":"open","ping_status":"closed","sticky":false,"template":"","format":"standard","meta":{"footnotes":""},"categories":[6],"tags":[],"class_list":["post-1805","post","type-post","status-publish","format-standard","has-post-thumbnail","hentry","category-noticias-em-vitoria","has_thumb"],"yoast_head":"<!-- This site is optimized with the Yoast SEO plugin v28.2 - https:\/\/yoast.com\/product\/yoast-seo-wordpress\/ -->\n<title>Lordose pra Le\u00e3o abre show da banda Nazareth em Vit\u00f3ria, com tributo ao hist\u00f3rico Festival Dia D - Encontra Vit\u00f3ria<\/title>\n<meta name=\"robots\" content=\"index, follow, max-snippet:-1, max-image-preview:large, max-video-preview:-1\" \/>\n<link rel=\"canonical\" href=\"https:\/\/www.encontravitoria.com.br\/sobre\/lordose-pra-leao-abre-show-da-banda-nazareth-em-vitoria-com-tributo-ao-historico-festival-dia-d\/\" \/>\n<meta property=\"og:locale\" content=\"pt_BR\" \/>\n<meta property=\"og:type\" content=\"article\" \/>\n<meta property=\"og:title\" content=\"Lordose pra Le\u00e3o abre show da banda Nazareth em Vit\u00f3ria, com tributo ao hist\u00f3rico Festival Dia D - Encontra Vit\u00f3ria\" \/>\n<meta property=\"og:description\" content=\"Lordose pra Le\u00e3o abre show em Vit\u00f3ria, celebrando a m\u00fasica capixaba.\" \/>\n<meta property=\"og:url\" content=\"https:\/\/www.encontravitoria.com.br\/sobre\/lordose-pra-leao-abre-show-da-banda-nazareth-em-vitoria-com-tributo-ao-historico-festival-dia-d\/\" \/>\n<meta property=\"og:site_name\" content=\"Encontra Vit\u00f3ria\" \/>\n<meta property=\"article:published_time\" content=\"2026-06-30T16:56:04+00:00\" \/>\n<meta property=\"og:image\" content=\"https:\/\/www.encontravitoria.com.br\/sobre\/wp-content\/uploads\/2026\/06\/lordose-pra-leao-abre-show-da-banda-nazareth-em-vitoria-com-tributo-ao-historico-festival-dia-d.webp\" \/>\n<meta name=\"author\" content=\"Encontra Vit\u00f3ria\" \/>\n<meta name=\"twitter:card\" content=\"summary_large_image\" \/>\n<meta name=\"twitter:label1\" content=\"Escrito por\" \/>\n\t<meta name=\"twitter:data1\" content=\"Encontra Vit\u00f3ria\" \/>\n\t<meta name=\"twitter:label2\" content=\"Est. tempo de leitura\" \/>\n\t<meta name=\"twitter:data2\" content=\"6 minutos\" \/>\n<script type=\"application\/ld+json\" class=\"yoast-schema-graph\">{\"@context\":\"https:\\\/\\\/schema.org\",\"@graph\":[{\"@type\":\"Article\",\"@id\":\"https:\\\/\\\/www.encontravitoria.com.br\\\/sobre\\\/lordose-pra-leao-abre-show-da-banda-nazareth-em-vitoria-com-tributo-ao-historico-festival-dia-d\\\/#article\",\"isPartOf\":{\"@id\":\"https:\\\/\\\/www.encontravitoria.com.br\\\/sobre\\\/lordose-pra-leao-abre-show-da-banda-nazareth-em-vitoria-com-tributo-ao-historico-festival-dia-d\\\/\"},\"author\":{\"name\":\"Encontra Vit\u00f3ria\",\"@id\":\"https:\\\/\\\/www.encontravitoria.com.br\\\/sobre\\\/#\\\/schema\\\/person\\\/0f8e5bcc88fbadf1bad57afd504f48a2\"},\"headline\":\"Lordose pra Le\u00e3o abre show da banda Nazareth em Vit\u00f3ria, com tributo ao hist\u00f3rico Festival Dia D\",\"datePublished\":\"2026-06-30T16:56:04+00:00\",\"mainEntityOfPage\":{\"@id\":\"https:\\\/\\\/www.encontravitoria.com.br\\\/sobre\\\/lordose-pra-leao-abre-show-da-banda-nazareth-em-vitoria-com-tributo-ao-historico-festival-dia-d\\\/\"},\"wordCount\":1141,\"commentCount\":0,\"image\":{\"@id\":\"https:\\\/\\\/www.encontravitoria.com.br\\\/sobre\\\/lordose-pra-leao-abre-show-da-banda-nazareth-em-vitoria-com-tributo-ao-historico-festival-dia-d\\\/#primaryimage\"},\"thumbnailUrl\":\"https:\\\/\\\/www.encontravitoria.com.br\\\/sobre\\\/wp-content\\\/uploads\\\/2026\\\/06\\\/lordose-pra-leao-abre-show-da-banda-nazareth-em-vitoria-com-tributo-ao-historico-festival-dia-d.webp\",\"articleSection\":[\"Not\u00edcias Vit\u00f3ria\"],\"inLanguage\":\"pt-BR\",\"potentialAction\":[{\"@type\":\"CommentAction\",\"name\":\"Comment\",\"target\":[\"https:\\\/\\\/www.encontravitoria.com.br\\\/sobre\\\/lordose-pra-leao-abre-show-da-banda-nazareth-em-vitoria-com-tributo-ao-historico-festival-dia-d\\\/#respond\"]}]},{\"@type\":\"WebPage\",\"@id\":\"https:\\\/\\\/www.encontravitoria.com.br\\\/sobre\\\/lordose-pra-leao-abre-show-da-banda-nazareth-em-vitoria-com-tributo-ao-historico-festival-dia-d\\\/\",\"url\":\"https:\\\/\\\/www.encontravitoria.com.br\\\/sobre\\\/lordose-pra-leao-abre-show-da-banda-nazareth-em-vitoria-com-tributo-ao-historico-festival-dia-d\\\/\",\"name\":\"Lordose pra Le\u00e3o abre show da banda Nazareth em Vit\u00f3ria, com tributo ao hist\u00f3rico Festival Dia D - Encontra Vit\u00f3ria\",\"isPartOf\":{\"@id\":\"https:\\\/\\\/www.encontravitoria.com.br\\\/sobre\\\/#website\"},\"primaryImageOfPage\":{\"@id\":\"https:\\\/\\\/www.encontravitoria.com.br\\\/sobre\\\/lordose-pra-leao-abre-show-da-banda-nazareth-em-vitoria-com-tributo-ao-historico-festival-dia-d\\\/#primaryimage\"},\"image\":{\"@id\":\"https:\\\/\\\/www.encontravitoria.com.br\\\/sobre\\\/lordose-pra-leao-abre-show-da-banda-nazareth-em-vitoria-com-tributo-ao-historico-festival-dia-d\\\/#primaryimage\"},\"thumbnailUrl\":\"https:\\\/\\\/www.encontravitoria.com.br\\\/sobre\\\/wp-content\\\/uploads\\\/2026\\\/06\\\/lordose-pra-leao-abre-show-da-banda-nazareth-em-vitoria-com-tributo-ao-historico-festival-dia-d.webp\",\"datePublished\":\"2026-06-30T16:56:04+00:00\",\"author\":{\"@id\":\"https:\\\/\\\/www.encontravitoria.com.br\\\/sobre\\\/#\\\/schema\\\/person\\\/0f8e5bcc88fbadf1bad57afd504f48a2\"},\"breadcrumb\":{\"@id\":\"https:\\\/\\\/www.encontravitoria.com.br\\\/sobre\\\/lordose-pra-leao-abre-show-da-banda-nazareth-em-vitoria-com-tributo-ao-historico-festival-dia-d\\\/#breadcrumb\"},\"inLanguage\":\"pt-BR\",\"potentialAction\":[{\"@type\":\"ReadAction\",\"target\":[\"https:\\\/\\\/www.encontravitoria.com.br\\\/sobre\\\/lordose-pra-leao-abre-show-da-banda-nazareth-em-vitoria-com-tributo-ao-historico-festival-dia-d\\\/\"]}]},{\"@type\":\"ImageObject\",\"inLanguage\":\"pt-BR\",\"@id\":\"https:\\\/\\\/www.encontravitoria.com.br\\\/sobre\\\/lordose-pra-leao-abre-show-da-banda-nazareth-em-vitoria-com-tributo-ao-historico-festival-dia-d\\\/#primaryimage\",\"url\":\"https:\\\/\\\/www.encontravitoria.com.br\\\/sobre\\\/wp-content\\\/uploads\\\/2026\\\/06\\\/lordose-pra-leao-abre-show-da-banda-nazareth-em-vitoria-com-tributo-ao-historico-festival-dia-d.webp\",\"contentUrl\":\"https:\\\/\\\/www.encontravitoria.com.br\\\/sobre\\\/wp-content\\\/uploads\\\/2026\\\/06\\\/lordose-pra-leao-abre-show-da-banda-nazareth-em-vitoria-com-tributo-ao-historico-festival-dia-d.webp\",\"width\":280,\"height\":280,\"caption\":\"Lordose pra Le\u00e3o\"},{\"@type\":\"BreadcrumbList\",\"@id\":\"https:\\\/\\\/www.encontravitoria.com.br\\\/sobre\\\/lordose-pra-leao-abre-show-da-banda-nazareth-em-vitoria-com-tributo-ao-historico-festival-dia-d\\\/#breadcrumb\",\"itemListElement\":[{\"@type\":\"ListItem\",\"position\":1,\"name\":\"In\u00edcio\",\"item\":\"https:\\\/\\\/www.encontravitoria.com.br\\\/sobre\\\/\"},{\"@type\":\"ListItem\",\"position\":2,\"name\":\"Lordose pra Le\u00e3o abre show da banda Nazareth em Vit\u00f3ria, com tributo ao hist\u00f3rico Festival Dia D\"}]},{\"@type\":\"WebSite\",\"@id\":\"https:\\\/\\\/www.encontravitoria.com.br\\\/sobre\\\/#website\",\"url\":\"https:\\\/\\\/www.encontravitoria.com.br\\\/sobre\\\/\",\"name\":\"Encontra Vit\u00f3ria\",\"description\":\"Not\u00edcias, eventos, informa\u00e7\u00f5es e dicas na cidade Vit\u00f3ria e regi\u00e3o.\",\"potentialAction\":[{\"@type\":\"SearchAction\",\"target\":{\"@type\":\"EntryPoint\",\"urlTemplate\":\"https:\\\/\\\/www.encontravitoria.com.br\\\/sobre\\\/?s={search_term_string}\"},\"query-input\":{\"@type\":\"PropertyValueSpecification\",\"valueRequired\":true,\"valueName\":\"search_term_string\"}}],\"inLanguage\":\"pt-BR\"},{\"@type\":\"Person\",\"@id\":\"https:\\\/\\\/www.encontravitoria.com.br\\\/sobre\\\/#\\\/schema\\\/person\\\/0f8e5bcc88fbadf1bad57afd504f48a2\",\"name\":\"Encontra Vit\u00f3ria\",\"image\":{\"@type\":\"ImageObject\",\"inLanguage\":\"pt-BR\",\"@id\":\"https:\\\/\\\/secure.gravatar.com\\\/avatar\\\/507340682b8270222e1f208e23198b6ae7e2c6a1033ae84e99bc6bce4f82a387?s=96&d=mm&r=g\",\"url\":\"https:\\\/\\\/secure.gravatar.com\\\/avatar\\\/507340682b8270222e1f208e23198b6ae7e2c6a1033ae84e99bc6bce4f82a387?s=96&d=mm&r=g\",\"contentUrl\":\"https:\\\/\\\/secure.gravatar.com\\\/avatar\\\/507340682b8270222e1f208e23198b6ae7e2c6a1033ae84e99bc6bce4f82a387?s=96&d=mm&r=g\",\"caption\":\"Encontra Vit\u00f3ria\"},\"sameAs\":[\"http:\\\/\\\/www.encontravitoria.com.br\"],\"url\":\"https:\\\/\\\/www.encontravitoria.com.br\\\/sobre\\\/author\\\/evitoria\\\/\"}]}<\/script>\n<!-- \/ Yoast SEO plugin. -->","yoast_head_json":{"title":"Lordose pra Le\u00e3o abre show da banda Nazareth em Vit\u00f3ria, com tributo ao hist\u00f3rico Festival Dia D - Encontra Vit\u00f3ria","robots":{"index":"index","follow":"follow","max-snippet":"max-snippet:-1","max-image-preview":"max-image-preview:large","max-video-preview":"max-video-preview:-1"},"canonical":"https:\/\/www.encontravitoria.com.br\/sobre\/lordose-pra-leao-abre-show-da-banda-nazareth-em-vitoria-com-tributo-ao-historico-festival-dia-d\/","og_locale":"pt_BR","og_type":"article","og_title":"Lordose pra Le\u00e3o abre show da banda Nazareth em Vit\u00f3ria, com tributo ao hist\u00f3rico Festival Dia D - Encontra Vit\u00f3ria","og_description":"Lordose pra Le\u00e3o abre show em Vit\u00f3ria, celebrando a m\u00fasica capixaba.","og_url":"https:\/\/www.encontravitoria.com.br\/sobre\/lordose-pra-leao-abre-show-da-banda-nazareth-em-vitoria-com-tributo-ao-historico-festival-dia-d\/","og_site_name":"Encontra Vit\u00f3ria","article_published_time":"2026-06-30T16:56:04+00:00","og_image":[{"url":"https:\/\/www.encontravitoria.com.br\/sobre\/wp-content\/uploads\/2026\/06\/lordose-pra-leao-abre-show-da-banda-nazareth-em-vitoria-com-tributo-ao-historico-festival-dia-d.webp","type":"","width":"","height":""}],"author":"Encontra Vit\u00f3ria","twitter_card":"summary_large_image","twitter_misc":{"Escrito por":"Encontra Vit\u00f3ria","Est. tempo de leitura":"6 minutos"},"schema":{"@context":"https:\/\/schema.org","@graph":[{"@type":"Article","@id":"https:\/\/www.encontravitoria.com.br\/sobre\/lordose-pra-leao-abre-show-da-banda-nazareth-em-vitoria-com-tributo-ao-historico-festival-dia-d\/#article","isPartOf":{"@id":"https:\/\/www.encontravitoria.com.br\/sobre\/lordose-pra-leao-abre-show-da-banda-nazareth-em-vitoria-com-tributo-ao-historico-festival-dia-d\/"},"author":{"name":"Encontra Vit\u00f3ria","@id":"https:\/\/www.encontravitoria.com.br\/sobre\/#\/schema\/person\/0f8e5bcc88fbadf1bad57afd504f48a2"},"headline":"Lordose pra Le\u00e3o abre show da banda Nazareth em Vit\u00f3ria, com tributo ao hist\u00f3rico Festival Dia D","datePublished":"2026-06-30T16:56:04+00:00","mainEntityOfPage":{"@id":"https:\/\/www.encontravitoria.com.br\/sobre\/lordose-pra-leao-abre-show-da-banda-nazareth-em-vitoria-com-tributo-ao-historico-festival-dia-d\/"},"wordCount":1141,"commentCount":0,"image":{"@id":"https:\/\/www.encontravitoria.com.br\/sobre\/lordose-pra-leao-abre-show-da-banda-nazareth-em-vitoria-com-tributo-ao-historico-festival-dia-d\/#primaryimage"},"thumbnailUrl":"https:\/\/www.encontravitoria.com.br\/sobre\/wp-content\/uploads\/2026\/06\/lordose-pra-leao-abre-show-da-banda-nazareth-em-vitoria-com-tributo-ao-historico-festival-dia-d.webp","articleSection":["Not\u00edcias Vit\u00f3ria"],"inLanguage":"pt-BR","potentialAction":[{"@type":"CommentAction","name":"Comment","target":["https:\/\/www.encontravitoria.com.br\/sobre\/lordose-pra-leao-abre-show-da-banda-nazareth-em-vitoria-com-tributo-ao-historico-festival-dia-d\/#respond"]}]},{"@type":"WebPage","@id":"https:\/\/www.encontravitoria.com.br\/sobre\/lordose-pra-leao-abre-show-da-banda-nazareth-em-vitoria-com-tributo-ao-historico-festival-dia-d\/","url":"https:\/\/www.encontravitoria.com.br\/sobre\/lordose-pra-leao-abre-show-da-banda-nazareth-em-vitoria-com-tributo-ao-historico-festival-dia-d\/","name":"Lordose pra Le\u00e3o abre show da banda Nazareth em Vit\u00f3ria, com tributo ao hist\u00f3rico Festival Dia D - Encontra Vit\u00f3ria","isPartOf":{"@id":"https:\/\/www.encontravitoria.com.br\/sobre\/#website"},"primaryImageOfPage":{"@id":"https:\/\/www.encontravitoria.com.br\/sobre\/lordose-pra-leao-abre-show-da-banda-nazareth-em-vitoria-com-tributo-ao-historico-festival-dia-d\/#primaryimage"},"image":{"@id":"https:\/\/www.encontravitoria.com.br\/sobre\/lordose-pra-leao-abre-show-da-banda-nazareth-em-vitoria-com-tributo-ao-historico-festival-dia-d\/#primaryimage"},"thumbnailUrl":"https:\/\/www.encontravitoria.com.br\/sobre\/wp-content\/uploads\/2026\/06\/lordose-pra-leao-abre-show-da-banda-nazareth-em-vitoria-com-tributo-ao-historico-festival-dia-d.webp","datePublished":"2026-06-30T16:56:04+00:00","author":{"@id":"https:\/\/www.encontravitoria.com.br\/sobre\/#\/schema\/person\/0f8e5bcc88fbadf1bad57afd504f48a2"},"breadcrumb":{"@id":"https:\/\/www.encontravitoria.com.br\/sobre\/lordose-pra-leao-abre-show-da-banda-nazareth-em-vitoria-com-tributo-ao-historico-festival-dia-d\/#breadcrumb"},"inLanguage":"pt-BR","potentialAction":[{"@type":"ReadAction","target":["https:\/\/www.encontravitoria.com.br\/sobre\/lordose-pra-leao-abre-show-da-banda-nazareth-em-vitoria-com-tributo-ao-historico-festival-dia-d\/"]}]},{"@type":"ImageObject","inLanguage":"pt-BR","@id":"https:\/\/www.encontravitoria.com.br\/sobre\/lordose-pra-leao-abre-show-da-banda-nazareth-em-vitoria-com-tributo-ao-historico-festival-dia-d\/#primaryimage","url":"https:\/\/www.encontravitoria.com.br\/sobre\/wp-content\/uploads\/2026\/06\/lordose-pra-leao-abre-show-da-banda-nazareth-em-vitoria-com-tributo-ao-historico-festival-dia-d.webp","contentUrl":"https:\/\/www.encontravitoria.com.br\/sobre\/wp-content\/uploads\/2026\/06\/lordose-pra-leao-abre-show-da-banda-nazareth-em-vitoria-com-tributo-ao-historico-festival-dia-d.webp","width":280,"height":280,"caption":"Lordose pra Le\u00e3o"},{"@type":"BreadcrumbList","@id":"https:\/\/www.encontravitoria.com.br\/sobre\/lordose-pra-leao-abre-show-da-banda-nazareth-em-vitoria-com-tributo-ao-historico-festival-dia-d\/#breadcrumb","itemListElement":[{"@type":"ListItem","position":1,"name":"In\u00edcio","item":"https:\/\/www.encontravitoria.com.br\/sobre\/"},{"@type":"ListItem","position":2,"name":"Lordose pra Le\u00e3o abre show da banda Nazareth em Vit\u00f3ria, com tributo ao hist\u00f3rico Festival Dia D"}]},{"@type":"WebSite","@id":"https:\/\/www.encontravitoria.com.br\/sobre\/#website","url":"https:\/\/www.encontravitoria.com.br\/sobre\/","name":"Encontra Vit\u00f3ria","description":"Not\u00edcias, eventos, informa\u00e7\u00f5es e dicas na cidade Vit\u00f3ria e regi\u00e3o.","potentialAction":[{"@type":"SearchAction","target":{"@type":"EntryPoint","urlTemplate":"https:\/\/www.encontravitoria.com.br\/sobre\/?s={search_term_string}"},"query-input":{"@type":"PropertyValueSpecification","valueRequired":true,"valueName":"search_term_string"}}],"inLanguage":"pt-BR"},{"@type":"Person","@id":"https:\/\/www.encontravitoria.com.br\/sobre\/#\/schema\/person\/0f8e5bcc88fbadf1bad57afd504f48a2","name":"Encontra Vit\u00f3ria","image":{"@type":"ImageObject","inLanguage":"pt-BR","@id":"https:\/\/secure.gravatar.com\/avatar\/507340682b8270222e1f208e23198b6ae7e2c6a1033ae84e99bc6bce4f82a387?s=96&d=mm&r=g","url":"https:\/\/secure.gravatar.com\/avatar\/507340682b8270222e1f208e23198b6ae7e2c6a1033ae84e99bc6bce4f82a387?s=96&d=mm&r=g","contentUrl":"https:\/\/secure.gravatar.com\/avatar\/507340682b8270222e1f208e23198b6ae7e2c6a1033ae84e99bc6bce4f82a387?s=96&d=mm&r=g","caption":"Encontra Vit\u00f3ria"},"sameAs":["http:\/\/www.encontravitoria.com.br"],"url":"https:\/\/www.encontravitoria.com.br\/sobre\/author\/evitoria\/"}]}},"_links":{"self":[{"href":"https:\/\/www.encontravitoria.com.br\/sobre\/wp-json\/wp\/v2\/posts\/1805","targetHints":{"allow":["GET"]}}],"collection":[{"href":"https:\/\/www.encontravitoria.com.br\/sobre\/wp-json\/wp\/v2\/posts"}],"about":[{"href":"https:\/\/www.encontravitoria.com.br\/sobre\/wp-json\/wp\/v2\/types\/post"}],"author":[{"embeddable":true,"href":"https:\/\/www.encontravitoria.com.br\/sobre\/wp-json\/wp\/v2\/users\/1"}],"replies":[{"embeddable":true,"href":"https:\/\/www.encontravitoria.com.br\/sobre\/wp-json\/wp\/v2\/comments?post=1805"}],"version-history":[{"count":0,"href":"https:\/\/www.encontravitoria.com.br\/sobre\/wp-json\/wp\/v2\/posts\/1805\/revisions"}],"wp:featuredmedia":[{"embeddable":true,"href":"https:\/\/www.encontravitoria.com.br\/sobre\/wp-json\/wp\/v2\/media\/1804"}],"wp:attachment":[{"href":"https:\/\/www.encontravitoria.com.br\/sobre\/wp-json\/wp\/v2\/media?parent=1805"}],"wp:term":[{"taxonomy":"category","embeddable":true,"href":"https:\/\/www.encontravitoria.com.br\/sobre\/wp-json\/wp\/v2\/categories?post=1805"},{"taxonomy":"post_tag","embeddable":true,"href":"https:\/\/www.encontravitoria.com.br\/sobre\/wp-json\/wp\/v2\/tags?post=1805"}],"curies":[{"name":"wp","href":"https:\/\/api.w.org\/{rel}","templated":true}]}}