{"id":1813,"date":"2026-07-01T16:42:42","date_gmt":"2026-07-01T16:42:42","guid":{"rendered":"https:\/\/www.encontravitoria.com.br\/sobre\/prefeitura-de-vitoria-adia-provas-de-concurso-publico-para-o-dia-12-de-julho\/"},"modified":"2026-07-01T16:42:42","modified_gmt":"2026-07-01T16:42:42","slug":"prefeitura-de-vitoria-adia-provas-de-concurso-publico-para-o-dia-12-de-julho","status":"publish","type":"post","link":"https:\/\/www.encontravitoria.com.br\/sobre\/prefeitura-de-vitoria-adia-provas-de-concurso-publico-para-o-dia-12-de-julho\/","title":{"rendered":"Prefeitura de Vit\u00f3ria adia provas de concurso p\u00fablico para o dia 12 de julho"},"content":{"rendered":"<div class=\"23ed37709e053b55400ee1990aeffe41\" data-index=\"1\" style=\"float: none; margin:0px;\">\n<!-- Anuncio display - global -->\r\n<ins class=\"adsbygoogle\"\r\n     style=\"display:block\"\r\n     data-ad-client=\"ca-pub-8585364105181520\"\r\n     data-ad-slot=\"8789329856\"\r\n     data-ad-format=\"auto\"\r\n     data-full-width-responsive=\"true\"><\/ins>\r\n<script>\r\n     (adsbygoogle = window.adsbygoogle || []).push({});\r\n<\/script>\n<\/div>\n<h2>Motivo do adiamento das provas<\/h2>\n<p>A Prefeitura de Vit\u00f3ria anunciou o adiamento das provas do concurso p\u00fablico devido \u00e0 realiza\u00e7\u00e3o de um importante jogo da Sele\u00e7\u00e3o Brasileira de Futebol, que ocorre durante a Copa do Mundo. O evento programado para o dia 5 de julho envolve um grande n\u00famero de torcedores e potenciais interfer\u00eancias na log\u00edstica dos candidatos. Essa decis\u00e3o visa garantir que todos os participantes tenham condi\u00e7\u00f5es ideais para a realiza\u00e7\u00e3o das provas, evitando distra\u00e7\u00f5es e transtornos que poderiam impactar o desempenho.<\/p>\n<h2>Nova data para realiza\u00e7\u00e3o do concurso<\/h2>\n<p>As provas foram remarcadas para o dia 12 de julho de 2026, oferecendo aos candidatos mais tempo para se prepararem. A nova data proporciona um intervalo que pode ser explorado para revis\u00f5es intensivas e solu\u00e7\u00e3o de poss\u00edveis d\u00favidas sobre o conte\u00fado abordado no edital. \u00c9 importante que os candidatos estejam atentos a essa mudan\u00e7a e se programem adequadamente para n\u00e3o perder essa oportunidade.<\/p>\n<h2>Impacto da Copa do Mundo nas provas<\/h2>\n<p>A Copa do Mundo \u00e9 um evento de grande magnitude, atraindo a aten\u00e7\u00e3o do p\u00fablico em geral e possuindo o potencial de criar aglomera\u00e7\u00f5es significativas nas proximidades dos locais de prova. O adiamento foi uma forma de assegurar que vari\u00e1veis como barulho, concentra\u00e7\u00e3o de pessoas e poss\u00edveis dificuldades de deslocamento n\u00e3o afetassem a tranquilidade necess\u00e1ria para a realiza\u00e7\u00e3o do concurso. A mudan\u00e7a reflete a preocupa\u00e7\u00e3o da administra\u00e7\u00e3o em manter a isonomia entre os candidatos, mantendo a integridade e a lisura do concurso.<\/p>\n<p><img decoding=\"async\" src=\"https:\/\/www.encontravitoria.com.br\/sobre\/wp-content\/uploads\/2026\/07\/prefeitura-de-vitoria-adia-provas-de-concurso-publico-para-o-dia-12-de-julho.webp\" alt=\"Prefeitura de Vit\u00f3ria\" loading=\"lazy\" \/><\/p>\n<h2>Candidatos afetados pelo adiamento<\/h2>\n<p>Milhares de candidatos estavam inscritos para os cargos de Analista em Gest\u00e3o P\u00fablica, Analista em Tecnologia da Informa\u00e7\u00e3o, Arquiteto e Engenheiro, e agora poder\u00e3o se preparar de forma mais adequada para a nova data. Isso pode ser visto como uma segunda chance para muitos, permitindo que aproveitem o tempo adicional para resolver d\u00favidas pendentes e fazer uma revis\u00e3o mais detalhada do conte\u00fado. O objetivo \u00e9 que todos tenham a capacidade de se apresentar em igualdade de condi\u00e7\u00f5es.<\/p>\n<h2>Preparativos para o dia das provas<\/h2>\n<p>Os candidatos devem ficar atentos \u00e0s orienta\u00e7\u00f5es que ser\u00e3o divulgadas sobre a data e local das provas. \u00c9 essencial que todos verifiquem suas informa\u00e7\u00f5es e estejam atentos aos hor\u00e1rios de fechamento dos port\u00f5es. No per\u00edodo da manh\u00e3, os port\u00f5es fechar\u00e3o \u00e0s 8h, enquanto no per\u00edodo da tarde, o hor\u00e1rio limite ser\u00e1 \u00e0s 15h. Materiais como documentos de identifica\u00e7\u00e3o, caneta e outros artigos permitidos devem ser preparados com anteced\u00eancia, garantindo que n\u00e3o haja imprevistos no dia do exame.<\/p>\n<h2>Orienta\u00e7\u00f5es para os candidatos<\/h2>\n<p>As informa\u00e7\u00f5es sobre a realiza\u00e7\u00e3o das provas, como hor\u00e1rios e locais de aplica\u00e7\u00e3o, estar\u00e3o dispon\u00edveis no site do Instituto Consulplan, a partir do dia 6 de julho de 2026. Os candidatos devem acompanhar as orienta\u00e7\u00f5es e imprimir seu Cart\u00e3o de Confirma\u00e7\u00e3o de Inscri\u00e7\u00e3o (CCI) para garantir acesso \u00e0s salas de provas. \u00c9 vital que todos se familiarizem com o local da prova e se planejem para chegar com anteced\u00eancia, evitando estresse de \u00faltima hora.<\/p>\n<h2>Vagas e cargos dispon\u00edveis no concurso<\/h2>\n<p>O concurso abrange diversas vagas, tanto para atua\u00e7\u00e3o nos cargos efetivos como para a forma\u00e7\u00e3o de um cadastro de reserva, conforme especificado no edital. As posi\u00e7\u00f5es dispon\u00edveis incluem: <\/p>\n<ul>\n<li>Analista em Tecnologia da Informa\u00e7\u00e3o &#8211; Infraestrutura e Suporte<\/li>\n<li>Arquiteto<\/li>\n<li>Engenheiro Ambiental<\/li>\n<li>Engenheiro Civil<\/li>\n<li>Engenheiro Eletricista<\/li>\n<li>Engenheiro Mec\u00e2nico<\/li>\n<\/ul>\n<p>A abertura de novas vagas \u00e9 um excelente indicativo de que a Prefeitura de Vit\u00f3ria est\u00e1 se empenhando em fortalecer sua equipe, promovendo oportunidades para aqueles que atuam na gest\u00e3o p\u00fablica, tecnologia e engenharia.<\/p>\n<h2>Import\u00e2ncia do concurso para a administra\u00e7\u00e3o p\u00fablica<\/h2>\n<p>A realiza\u00e7\u00e3o deste concurso \u00e9 crucial para o fortalecimento da administra\u00e7\u00e3o p\u00fablica em Vit\u00f3ria. A inclus\u00e3o de novos profissionais qualificados trar\u00e1 inova\u00e7\u00f5es, efici\u00eancia e aprimoramento cont\u00ednuo dos servi\u00e7os prestados \u00e0 popula\u00e7\u00e3o. Os concursos p\u00fablicos s\u00e3o a forma mais justa e transparente de prover cargos p\u00fablicos e garantir a igualdade de oportunidades no acesso a fun\u00e7\u00f5es que impactam diretamente a vida dos cidad\u00e3os.<\/p>\n<h2>Expectativas para o pr\u00f3ximo edital<\/h2>\n<p>Dada a import\u00e2ncia do concurso e a relev\u00e2ncia das fun\u00e7\u00f5es oferecidas, as expectativas est\u00e3o altas. A oferta de novos editais nos pr\u00f3ximos anos \u00e9 desejada, uma vez que a moderniza\u00e7\u00e3o da gest\u00e3o p\u00fablica demanda profissionais qualificados. Com base na experi\u00eancia do concurso atual, \u00e9 importante que os futuros editais mantenham a m\u00e1xima transpar\u00eancia e sigam o que prescreve a legisla\u00e7\u00e3o vigente, a fim de garantir a credibilidade necess\u00e1ria perante a sociedade.<\/p>\n<h2>Como se preparar para o concurso<\/h2>\n<p>Preparar-se para o concurso exige disciplina e estrat\u00e9gia. \u00c9 fundamental seguir algumas dicas pr\u00e1ticas:<\/p>\n<ul>\n<li><strong>Revis\u00e3o constante:<\/strong> Revisar o conte\u00fado frequentemente ajudar\u00e1 a fixar a mat\u00e9ria e minimizar a ansiedade.<\/li>\n<li><strong>Simulados:<\/strong> Realizar simulados pode ajudar a se familiarizar com o formato das provas e aumentar a confian\u00e7a.<\/li>\n<li><strong>Grupos de estudo:<\/strong> Participar de grupos de estudo pode ser uma forma eficaz de trocar informa\u00e7\u00f5es e tirar d\u00favidas, al\u00e9m de proporcionar motiva\u00e7\u00e3o.<\/li>\n<li><strong>Acompanhamento de not\u00edcias:<\/strong> Manter-se atualizado sobre a administra\u00e7\u00e3o p\u00fablica e novidades referentes ao concurso \u00e9 essencial.<\/li>\n<\/ul>\n<p>Todos esses fatores podem contribuir para um desempenho positivo no dia da prova, aumentando as chances de sucesso na conquista de uma vaga p\u00fablica relevante.<\/p>\n\n<div style=\"font-size: 0px; height: 0px; line-height: 0px; margin: 0; padding: 0; clear: both;\"><\/div>","protected":false},"excerpt":{"rendered":"<p>Prefeitura de Vit\u00f3ria adiou provas de concurso p\u00fablico para 12 de julho de 2026.<\/p>\n","protected":false},"author":1,"featured_media":1812,"comment_status":"open","ping_status":"closed","sticky":false,"template":"","format":"standard","meta":{"footnotes":""},"categories":[6],"tags":[],"class_list":["post-1813","post","type-post","status-publish","format-standard","has-post-thumbnail","hentry","category-noticias-em-vitoria","has_thumb"],"yoast_head":"<!-- This site is optimized with the Yoast SEO plugin v28.2 - https:\/\/yoast.com\/product\/yoast-seo-wordpress\/ -->\n<title>Prefeitura de Vit\u00f3ria adia provas de concurso p\u00fablico para o dia 12 de julho - Encontra Vit\u00f3ria<\/title>\n<meta name=\"robots\" content=\"index, follow, max-snippet:-1, max-image-preview:large, max-video-preview:-1\" \/>\n<link rel=\"canonical\" href=\"https:\/\/www.encontravitoria.com.br\/sobre\/prefeitura-de-vitoria-adia-provas-de-concurso-publico-para-o-dia-12-de-julho\/\" \/>\n<meta property=\"og:locale\" content=\"pt_BR\" \/>\n<meta property=\"og:type\" content=\"article\" \/>\n<meta property=\"og:title\" content=\"Prefeitura de Vit\u00f3ria adia provas de concurso p\u00fablico para o dia 12 de julho - Encontra Vit\u00f3ria\" \/>\n<meta property=\"og:description\" content=\"Prefeitura de Vit\u00f3ria adiou provas de concurso p\u00fablico para 12 de julho de 2026.\" \/>\n<meta property=\"og:url\" content=\"https:\/\/www.encontravitoria.com.br\/sobre\/prefeitura-de-vitoria-adia-provas-de-concurso-publico-para-o-dia-12-de-julho\/\" \/>\n<meta property=\"og:site_name\" content=\"Encontra Vit\u00f3ria\" \/>\n<meta property=\"article:published_time\" content=\"2026-07-01T16:42:42+00:00\" \/>\n<meta property=\"og:image\" content=\"https:\/\/www.encontravitoria.com.br\/sobre\/wp-content\/uploads\/2026\/07\/prefeitura-de-vitoria-adia-provas-de-concurso-publico-para-o-dia-12-de-julho.webp\" \/>\n<meta name=\"author\" content=\"Encontra Vit\u00f3ria\" \/>\n<meta name=\"twitter:card\" content=\"summary_large_image\" \/>\n<meta name=\"twitter:label1\" content=\"Escrito por\" \/>\n\t<meta name=\"twitter:data1\" content=\"Encontra Vit\u00f3ria\" \/>\n\t<meta name=\"twitter:label2\" content=\"Est. tempo de leitura\" \/>\n\t<meta name=\"twitter:data2\" content=\"5 minutos\" \/>\n<script type=\"application\/ld+json\" class=\"yoast-schema-graph\">{\"@context\":\"https:\\\/\\\/schema.org\",\"@graph\":[{\"@type\":\"Article\",\"@id\":\"https:\\\/\\\/www.encontravitoria.com.br\\\/sobre\\\/prefeitura-de-vitoria-adia-provas-de-concurso-publico-para-o-dia-12-de-julho\\\/#article\",\"isPartOf\":{\"@id\":\"https:\\\/\\\/www.encontravitoria.com.br\\\/sobre\\\/prefeitura-de-vitoria-adia-provas-de-concurso-publico-para-o-dia-12-de-julho\\\/\"},\"author\":{\"name\":\"Encontra Vit\u00f3ria\",\"@id\":\"https:\\\/\\\/www.encontravitoria.com.br\\\/sobre\\\/#\\\/schema\\\/person\\\/0f8e5bcc88fbadf1bad57afd504f48a2\"},\"headline\":\"Prefeitura de Vit\u00f3ria adia provas de concurso p\u00fablico para o dia 12 de julho\",\"datePublished\":\"2026-07-01T16:42:42+00:00\",\"mainEntityOfPage\":{\"@id\":\"https:\\\/\\\/www.encontravitoria.com.br\\\/sobre\\\/prefeitura-de-vitoria-adia-provas-de-concurso-publico-para-o-dia-12-de-julho\\\/\"},\"wordCount\":947,\"commentCount\":0,\"image\":{\"@id\":\"https:\\\/\\\/www.encontravitoria.com.br\\\/sobre\\\/prefeitura-de-vitoria-adia-provas-de-concurso-publico-para-o-dia-12-de-julho\\\/#primaryimage\"},\"thumbnailUrl\":\"https:\\\/\\\/www.encontravitoria.com.br\\\/sobre\\\/wp-content\\\/uploads\\\/2026\\\/07\\\/prefeitura-de-vitoria-adia-provas-de-concurso-publico-para-o-dia-12-de-julho.webp\",\"articleSection\":[\"Not\u00edcias Vit\u00f3ria\"],\"inLanguage\":\"pt-BR\",\"potentialAction\":[{\"@type\":\"CommentAction\",\"name\":\"Comment\",\"target\":[\"https:\\\/\\\/www.encontravitoria.com.br\\\/sobre\\\/prefeitura-de-vitoria-adia-provas-de-concurso-publico-para-o-dia-12-de-julho\\\/#respond\"]}]},{\"@type\":\"WebPage\",\"@id\":\"https:\\\/\\\/www.encontravitoria.com.br\\\/sobre\\\/prefeitura-de-vitoria-adia-provas-de-concurso-publico-para-o-dia-12-de-julho\\\/\",\"url\":\"https:\\\/\\\/www.encontravitoria.com.br\\\/sobre\\\/prefeitura-de-vitoria-adia-provas-de-concurso-publico-para-o-dia-12-de-julho\\\/\",\"name\":\"Prefeitura de Vit\u00f3ria adia provas de concurso p\u00fablico para o dia 12 de julho - Encontra Vit\u00f3ria\",\"isPartOf\":{\"@id\":\"https:\\\/\\\/www.encontravitoria.com.br\\\/sobre\\\/#website\"},\"primaryImageOfPage\":{\"@id\":\"https:\\\/\\\/www.encontravitoria.com.br\\\/sobre\\\/prefeitura-de-vitoria-adia-provas-de-concurso-publico-para-o-dia-12-de-julho\\\/#primaryimage\"},\"image\":{\"@id\":\"https:\\\/\\\/www.encontravitoria.com.br\\\/sobre\\\/prefeitura-de-vitoria-adia-provas-de-concurso-publico-para-o-dia-12-de-julho\\\/#primaryimage\"},\"thumbnailUrl\":\"https:\\\/\\\/www.encontravitoria.com.br\\\/sobre\\\/wp-content\\\/uploads\\\/2026\\\/07\\\/prefeitura-de-vitoria-adia-provas-de-concurso-publico-para-o-dia-12-de-julho.webp\",\"datePublished\":\"2026-07-01T16:42:42+00:00\",\"author\":{\"@id\":\"https:\\\/\\\/www.encontravitoria.com.br\\\/sobre\\\/#\\\/schema\\\/person\\\/0f8e5bcc88fbadf1bad57afd504f48a2\"},\"breadcrumb\":{\"@id\":\"https:\\\/\\\/www.encontravitoria.com.br\\\/sobre\\\/prefeitura-de-vitoria-adia-provas-de-concurso-publico-para-o-dia-12-de-julho\\\/#breadcrumb\"},\"inLanguage\":\"pt-BR\",\"potentialAction\":[{\"@type\":\"ReadAction\",\"target\":[\"https:\\\/\\\/www.encontravitoria.com.br\\\/sobre\\\/prefeitura-de-vitoria-adia-provas-de-concurso-publico-para-o-dia-12-de-julho\\\/\"]}]},{\"@type\":\"ImageObject\",\"inLanguage\":\"pt-BR\",\"@id\":\"https:\\\/\\\/www.encontravitoria.com.br\\\/sobre\\\/prefeitura-de-vitoria-adia-provas-de-concurso-publico-para-o-dia-12-de-julho\\\/#primaryimage\",\"url\":\"https:\\\/\\\/www.encontravitoria.com.br\\\/sobre\\\/wp-content\\\/uploads\\\/2026\\\/07\\\/prefeitura-de-vitoria-adia-provas-de-concurso-publico-para-o-dia-12-de-julho.webp\",\"contentUrl\":\"https:\\\/\\\/www.encontravitoria.com.br\\\/sobre\\\/wp-content\\\/uploads\\\/2026\\\/07\\\/prefeitura-de-vitoria-adia-provas-de-concurso-publico-para-o-dia-12-de-julho.webp\",\"width\":280,\"height\":280,\"caption\":\"Prefeitura de Vit\u00f3ria\"},{\"@type\":\"BreadcrumbList\",\"@id\":\"https:\\\/\\\/www.encontravitoria.com.br\\\/sobre\\\/prefeitura-de-vitoria-adia-provas-de-concurso-publico-para-o-dia-12-de-julho\\\/#breadcrumb\",\"itemListElement\":[{\"@type\":\"ListItem\",\"position\":1,\"name\":\"In\u00edcio\",\"item\":\"https:\\\/\\\/www.encontravitoria.com.br\\\/sobre\\\/\"},{\"@type\":\"ListItem\",\"position\":2,\"name\":\"Prefeitura de Vit\u00f3ria adia provas de concurso p\u00fablico para o dia 12 de julho\"}]},{\"@type\":\"WebSite\",\"@id\":\"https:\\\/\\\/www.encontravitoria.com.br\\\/sobre\\\/#website\",\"url\":\"https:\\\/\\\/www.encontravitoria.com.br\\\/sobre\\\/\",\"name\":\"Encontra Vit\u00f3ria\",\"description\":\"Not\u00edcias, eventos, informa\u00e7\u00f5es e dicas na cidade Vit\u00f3ria e regi\u00e3o.\",\"potentialAction\":[{\"@type\":\"SearchAction\",\"target\":{\"@type\":\"EntryPoint\",\"urlTemplate\":\"https:\\\/\\\/www.encontravitoria.com.br\\\/sobre\\\/?s={search_term_string}\"},\"query-input\":{\"@type\":\"PropertyValueSpecification\",\"valueRequired\":true,\"valueName\":\"search_term_string\"}}],\"inLanguage\":\"pt-BR\"},{\"@type\":\"Person\",\"@id\":\"https:\\\/\\\/www.encontravitoria.com.br\\\/sobre\\\/#\\\/schema\\\/person\\\/0f8e5bcc88fbadf1bad57afd504f48a2\",\"name\":\"Encontra Vit\u00f3ria\",\"image\":{\"@type\":\"ImageObject\",\"inLanguage\":\"pt-BR\",\"@id\":\"https:\\\/\\\/secure.gravatar.com\\\/avatar\\\/507340682b8270222e1f208e23198b6ae7e2c6a1033ae84e99bc6bce4f82a387?s=96&d=mm&r=g\",\"url\":\"https:\\\/\\\/secure.gravatar.com\\\/avatar\\\/507340682b8270222e1f208e23198b6ae7e2c6a1033ae84e99bc6bce4f82a387?s=96&d=mm&r=g\",\"contentUrl\":\"https:\\\/\\\/secure.gravatar.com\\\/avatar\\\/507340682b8270222e1f208e23198b6ae7e2c6a1033ae84e99bc6bce4f82a387?s=96&d=mm&r=g\",\"caption\":\"Encontra Vit\u00f3ria\"},\"sameAs\":[\"http:\\\/\\\/www.encontravitoria.com.br\"],\"url\":\"https:\\\/\\\/www.encontravitoria.com.br\\\/sobre\\\/author\\\/evitoria\\\/\"}]}<\/script>\n<!-- \/ Yoast SEO plugin. -->","yoast_head_json":{"title":"Prefeitura de Vit\u00f3ria adia provas de concurso p\u00fablico para o dia 12 de julho - Encontra Vit\u00f3ria","robots":{"index":"index","follow":"follow","max-snippet":"max-snippet:-1","max-image-preview":"max-image-preview:large","max-video-preview":"max-video-preview:-1"},"canonical":"https:\/\/www.encontravitoria.com.br\/sobre\/prefeitura-de-vitoria-adia-provas-de-concurso-publico-para-o-dia-12-de-julho\/","og_locale":"pt_BR","og_type":"article","og_title":"Prefeitura de Vit\u00f3ria adia provas de concurso p\u00fablico para o dia 12 de julho - Encontra Vit\u00f3ria","og_description":"Prefeitura de Vit\u00f3ria adiou provas de concurso p\u00fablico para 12 de julho de 2026.","og_url":"https:\/\/www.encontravitoria.com.br\/sobre\/prefeitura-de-vitoria-adia-provas-de-concurso-publico-para-o-dia-12-de-julho\/","og_site_name":"Encontra Vit\u00f3ria","article_published_time":"2026-07-01T16:42:42+00:00","og_image":[{"url":"https:\/\/www.encontravitoria.com.br\/sobre\/wp-content\/uploads\/2026\/07\/prefeitura-de-vitoria-adia-provas-de-concurso-publico-para-o-dia-12-de-julho.webp","type":"","width":"","height":""}],"author":"Encontra Vit\u00f3ria","twitter_card":"summary_large_image","twitter_misc":{"Escrito por":"Encontra Vit\u00f3ria","Est. tempo de leitura":"5 minutos"},"schema":{"@context":"https:\/\/schema.org","@graph":[{"@type":"Article","@id":"https:\/\/www.encontravitoria.com.br\/sobre\/prefeitura-de-vitoria-adia-provas-de-concurso-publico-para-o-dia-12-de-julho\/#article","isPartOf":{"@id":"https:\/\/www.encontravitoria.com.br\/sobre\/prefeitura-de-vitoria-adia-provas-de-concurso-publico-para-o-dia-12-de-julho\/"},"author":{"name":"Encontra Vit\u00f3ria","@id":"https:\/\/www.encontravitoria.com.br\/sobre\/#\/schema\/person\/0f8e5bcc88fbadf1bad57afd504f48a2"},"headline":"Prefeitura de Vit\u00f3ria adia provas de concurso p\u00fablico para o dia 12 de julho","datePublished":"2026-07-01T16:42:42+00:00","mainEntityOfPage":{"@id":"https:\/\/www.encontravitoria.com.br\/sobre\/prefeitura-de-vitoria-adia-provas-de-concurso-publico-para-o-dia-12-de-julho\/"},"wordCount":947,"commentCount":0,"image":{"@id":"https:\/\/www.encontravitoria.com.br\/sobre\/prefeitura-de-vitoria-adia-provas-de-concurso-publico-para-o-dia-12-de-julho\/#primaryimage"},"thumbnailUrl":"https:\/\/www.encontravitoria.com.br\/sobre\/wp-content\/uploads\/2026\/07\/prefeitura-de-vitoria-adia-provas-de-concurso-publico-para-o-dia-12-de-julho.webp","articleSection":["Not\u00edcias Vit\u00f3ria"],"inLanguage":"pt-BR","potentialAction":[{"@type":"CommentAction","name":"Comment","target":["https:\/\/www.encontravitoria.com.br\/sobre\/prefeitura-de-vitoria-adia-provas-de-concurso-publico-para-o-dia-12-de-julho\/#respond"]}]},{"@type":"WebPage","@id":"https:\/\/www.encontravitoria.com.br\/sobre\/prefeitura-de-vitoria-adia-provas-de-concurso-publico-para-o-dia-12-de-julho\/","url":"https:\/\/www.encontravitoria.com.br\/sobre\/prefeitura-de-vitoria-adia-provas-de-concurso-publico-para-o-dia-12-de-julho\/","name":"Prefeitura de Vit\u00f3ria adia provas de concurso p\u00fablico para o dia 12 de julho - Encontra Vit\u00f3ria","isPartOf":{"@id":"https:\/\/www.encontravitoria.com.br\/sobre\/#website"},"primaryImageOfPage":{"@id":"https:\/\/www.encontravitoria.com.br\/sobre\/prefeitura-de-vitoria-adia-provas-de-concurso-publico-para-o-dia-12-de-julho\/#primaryimage"},"image":{"@id":"https:\/\/www.encontravitoria.com.br\/sobre\/prefeitura-de-vitoria-adia-provas-de-concurso-publico-para-o-dia-12-de-julho\/#primaryimage"},"thumbnailUrl":"https:\/\/www.encontravitoria.com.br\/sobre\/wp-content\/uploads\/2026\/07\/prefeitura-de-vitoria-adia-provas-de-concurso-publico-para-o-dia-12-de-julho.webp","datePublished":"2026-07-01T16:42:42+00:00","author":{"@id":"https:\/\/www.encontravitoria.com.br\/sobre\/#\/schema\/person\/0f8e5bcc88fbadf1bad57afd504f48a2"},"breadcrumb":{"@id":"https:\/\/www.encontravitoria.com.br\/sobre\/prefeitura-de-vitoria-adia-provas-de-concurso-publico-para-o-dia-12-de-julho\/#breadcrumb"},"inLanguage":"pt-BR","potentialAction":[{"@type":"ReadAction","target":["https:\/\/www.encontravitoria.com.br\/sobre\/prefeitura-de-vitoria-adia-provas-de-concurso-publico-para-o-dia-12-de-julho\/"]}]},{"@type":"ImageObject","inLanguage":"pt-BR","@id":"https:\/\/www.encontravitoria.com.br\/sobre\/prefeitura-de-vitoria-adia-provas-de-concurso-publico-para-o-dia-12-de-julho\/#primaryimage","url":"https:\/\/www.encontravitoria.com.br\/sobre\/wp-content\/uploads\/2026\/07\/prefeitura-de-vitoria-adia-provas-de-concurso-publico-para-o-dia-12-de-julho.webp","contentUrl":"https:\/\/www.encontravitoria.com.br\/sobre\/wp-content\/uploads\/2026\/07\/prefeitura-de-vitoria-adia-provas-de-concurso-publico-para-o-dia-12-de-julho.webp","width":280,"height":280,"caption":"Prefeitura de Vit\u00f3ria"},{"@type":"BreadcrumbList","@id":"https:\/\/www.encontravitoria.com.br\/sobre\/prefeitura-de-vitoria-adia-provas-de-concurso-publico-para-o-dia-12-de-julho\/#breadcrumb","itemListElement":[{"@type":"ListItem","position":1,"name":"In\u00edcio","item":"https:\/\/www.encontravitoria.com.br\/sobre\/"},{"@type":"ListItem","position":2,"name":"Prefeitura de Vit\u00f3ria adia provas de concurso p\u00fablico para o dia 12 de julho"}]},{"@type":"WebSite","@id":"https:\/\/www.encontravitoria.com.br\/sobre\/#website","url":"https:\/\/www.encontravitoria.com.br\/sobre\/","name":"Encontra Vit\u00f3ria","description":"Not\u00edcias, eventos, informa\u00e7\u00f5es e dicas na cidade Vit\u00f3ria e regi\u00e3o.","potentialAction":[{"@type":"SearchAction","target":{"@type":"EntryPoint","urlTemplate":"https:\/\/www.encontravitoria.com.br\/sobre\/?s={search_term_string}"},"query-input":{"@type":"PropertyValueSpecification","valueRequired":true,"valueName":"search_term_string"}}],"inLanguage":"pt-BR"},{"@type":"Person","@id":"https:\/\/www.encontravitoria.com.br\/sobre\/#\/schema\/person\/0f8e5bcc88fbadf1bad57afd504f48a2","name":"Encontra Vit\u00f3ria","image":{"@type":"ImageObject","inLanguage":"pt-BR","@id":"https:\/\/secure.gravatar.com\/avatar\/507340682b8270222e1f208e23198b6ae7e2c6a1033ae84e99bc6bce4f82a387?s=96&d=mm&r=g","url":"https:\/\/secure.gravatar.com\/avatar\/507340682b8270222e1f208e23198b6ae7e2c6a1033ae84e99bc6bce4f82a387?s=96&d=mm&r=g","contentUrl":"https:\/\/secure.gravatar.com\/avatar\/507340682b8270222e1f208e23198b6ae7e2c6a1033ae84e99bc6bce4f82a387?s=96&d=mm&r=g","caption":"Encontra Vit\u00f3ria"},"sameAs":["http:\/\/www.encontravitoria.com.br"],"url":"https:\/\/www.encontravitoria.com.br\/sobre\/author\/evitoria\/"}]}},"_links":{"self":[{"href":"https:\/\/www.encontravitoria.com.br\/sobre\/wp-json\/wp\/v2\/posts\/1813","targetHints":{"allow":["GET"]}}],"collection":[{"href":"https:\/\/www.encontravitoria.com.br\/sobre\/wp-json\/wp\/v2\/posts"}],"about":[{"href":"https:\/\/www.encontravitoria.com.br\/sobre\/wp-json\/wp\/v2\/types\/post"}],"author":[{"embeddable":true,"href":"https:\/\/www.encontravitoria.com.br\/sobre\/wp-json\/wp\/v2\/users\/1"}],"replies":[{"embeddable":true,"href":"https:\/\/www.encontravitoria.com.br\/sobre\/wp-json\/wp\/v2\/comments?post=1813"}],"version-history":[{"count":0,"href":"https:\/\/www.encontravitoria.com.br\/sobre\/wp-json\/wp\/v2\/posts\/1813\/revisions"}],"wp:featuredmedia":[{"embeddable":true,"href":"https:\/\/www.encontravitoria.com.br\/sobre\/wp-json\/wp\/v2\/media\/1812"}],"wp:attachment":[{"href":"https:\/\/www.encontravitoria.com.br\/sobre\/wp-json\/wp\/v2\/media?parent=1813"}],"wp:term":[{"taxonomy":"category","embeddable":true,"href":"https:\/\/www.encontravitoria.com.br\/sobre\/wp-json\/wp\/v2\/categories?post=1813"},{"taxonomy":"post_tag","embeddable":true,"href":"https:\/\/www.encontravitoria.com.br\/sobre\/wp-json\/wp\/v2\/tags?post=1813"}],"curies":[{"name":"wp","href":"https:\/\/api.w.org\/{rel}","templated":true}]}}