{"id":1827,"date":"2026-07-04T10:44:59","date_gmt":"2026-07-04T10:44:59","guid":{"rendered":"https:\/\/www.encontravitoria.com.br\/sobre\/segunda-tem-lei-guarda-de-vitoria-aborda-mais-de-40-veiculos-durante-blitz\/"},"modified":"2026-07-04T10:44:59","modified_gmt":"2026-07-04T10:44:59","slug":"segunda-tem-lei-guarda-de-vitoria-aborda-mais-de-40-veiculos-durante-blitz","status":"publish","type":"post","link":"https:\/\/www.encontravitoria.com.br\/sobre\/segunda-tem-lei-guarda-de-vitoria-aborda-mais-de-40-veiculos-durante-blitz\/","title":{"rendered":"Segunda Tem Lei: Guarda de Vit\u00f3ria aborda mais de 40 ve\u00edculos durante blitz"},"content":{"rendered":"<div class=\"23ed37709e053b55400ee1990aeffe41\" data-index=\"1\" style=\"float: none; margin:0px;\">\n<!-- Anuncio display - global -->\r\n<ins class=\"adsbygoogle\"\r\n     style=\"display:block\"\r\n     data-ad-client=\"ca-pub-8585364105181520\"\r\n     data-ad-slot=\"8789329856\"\r\n     data-ad-format=\"auto\"\r\n     data-full-width-responsive=\"true\"><\/ins>\r\n<script>\r\n     (adsbygoogle = window.adsbygoogle || []).push({});\r\n<\/script>\n<\/div>\n<h2>A Import\u00e2ncia das Blitz no Tr\u00e2nsito<\/h2>\n<p>As blitz realizadas pela Guarda Civil Municipal de Vit\u00f3ria t\u00eam um papel fundamental na manuten\u00e7\u00e3o da seguran\u00e7a nas vias. Essas opera\u00e7\u00f5es visam prevenir acidentes, desestimular comportamentos imprudentes e garantir que as normas de tr\u00e2nsito sejam respeitadas por todos os motoristas. Ao promover a fiscaliza\u00e7\u00e3o, as autoridades n\u00e3o apenas educam os condutores, mas tamb\u00e9m criam um ambiente onde a seguran\u00e7a no tr\u00e2nsito \u00e9 prioridade.<\/p>\n<h2>Resultados das Blitz Realizadas<\/h2>\n<p>Os dados coletados durante as blitz evidenciam seu impacto positivo. Com a realiza\u00e7\u00e3o das opera\u00e7\u00f5es, observa-se uma diminui\u00e7\u00e3o significativa nas infra\u00e7\u00f5es de tr\u00e2nsito. Em uma opera\u00e7\u00e3o recente, foram abordados diversos ve\u00edculos, resultando em v\u00e1rias autua\u00e7\u00f5es por pr\u00e1ticas inadequadas. O n\u00famero de infra\u00e7\u00f5es, como excesso de velocidade ou dire\u00e7\u00e3o sob efeito de \u00e1lcool, \u00e9 um indicativo claro da efic\u00e1cia da a\u00e7\u00e3o policial.<\/p>\n<h2>Foco na Alcoolemia e Identifica\u00e7\u00e3o Veicular<\/h2>\n<p>A fiscaliza\u00e7\u00e3o de alcoolemia ao volante \u00e9 um dos principais focos durante as blitz. Testes de baf\u00f4metro s\u00e3o realizados para garantir que os motoristas n\u00e3o estejam dirigindo sob efeito de \u00e1lcool. Esse tipo de abordagem \u00e9 crucial, pois a dire\u00e7\u00e3o alcoolizada \u00e9 uma das principais causas de acidentes fatais. Al\u00e9m disso, a identifica\u00e7\u00e3o de ve\u00edculos com irregularidades, como documenta\u00e7\u00e3o vencida, tamb\u00e9m \u00e9 um aspecto essencial do trabalho da Guarda.<\/p>\n<p><img decoding=\"async\" src=\"https:\/\/www.encontravitoria.com.br\/sobre\/wp-content\/uploads\/2026\/07\/segunda-tem-lei-guarda-de-vitoria-aborda-mais-de-40-veiculos-durante-blitz.webp\" alt=\"blitz da guarda de vit\u00f3ria\" loading=\"lazy\" \/><\/p>\n<h2>Infra\u00e7\u00f5es Comuns Encontradas<\/h2>\n<p>Dentre as infra\u00e7\u00f5es comuns detectadas, est\u00e3o:<\/p>\n<ul>\n<li>Ve\u00edculos com ilumina\u00e7\u00e3o irregular, como far\u00f3is queimados;<\/li>\n<li>Condutores sem a carteira de habilita\u00e7\u00e3o ou com CNH vencida;<\/li>\n<li>Uso de celular ao volante;<\/li>\n<li>Passageiros sem cinto de seguran\u00e7a;<\/li>\n<li>Motociclistas trafegando com viseira do capacete aberta.<\/li>\n<\/ul>\n<h2>Campanha Maio Amarelo<\/h2>\n<p>O movimento Maio Amarelo \u00e9 uma campanha de conscientiza\u00e7\u00e3o a respeito da seguran\u00e7a no tr\u00e2nsito. Durante esse per\u00edodo, as blitz s\u00e3o intensificadas, chamando a aten\u00e7\u00e3o da sociedade para os riscos e a import\u00e2ncia de pr\u00e1ticas seguras ao dirigir. A comunica\u00e7\u00e3o clara sobre as a\u00e7\u00f5es realizadas e seus impactos tem maior alcance, contribuindo para uma mudan\u00e7a de comportamento entre os motoristas.<\/p>\n<h2>Redu\u00e7\u00e3o de Acidentes em Vit\u00f3ria<\/h2>\n<p>Os n\u00fameros referentes \u00e0 diminui\u00e7\u00e3o de acidentes de tr\u00e2nsito em Vit\u00f3ria s\u00e3o animadores. Ap\u00f3s as opera\u00e7\u00f5es realizadas durante o Maio Amarelo, viu-se uma redu\u00e7\u00e3o acentuada, em torno de 31%, nas ocorr\u00eancias de acidentes. Essa queda significativa \u00e9 um resultado direto da forte presen\u00e7a de fiscaliza\u00e7\u00e3o e da mobiliza\u00e7\u00e3o social em torno do tema.<\/p>\n<h2>Como a Fiscaliza\u00e7\u00e3o Gera Conscientiza\u00e7\u00e3o<\/h2>\n<p>A presen\u00e7a da Guarda Civil nas ruas n\u00e3o serve apenas para reprimir infra\u00e7\u00f5es, mas tamb\u00e9m para educar os motoristas. Por meio da abordagem e da explica\u00e7\u00e3o sobre os riscos associados \u00e0s infra\u00e7\u00f5es, muitos condutores passam a refletir sobre suas pr\u00e1ticas. Essa conscientiza\u00e7\u00e3o \u00e9 um dos maiores legados das blitz na cidade.<\/p>\n<h2>Testes do Baf\u00f4metro e Seus Resultados<\/h2>\n<p>Os testes realizados com baf\u00f4metros durante as blitz t\u00eam mostrado resultados positivos, com altos \u00edndices de motoristas que se submetem voluntariamente. Nos \u00faltimos eventos, os agentes aplicaram dezenas de testes, sem registrar casos de embriaguez, o que demonstra uma mudan\u00e7a de comportamento e uma maior responsabiliza\u00e7\u00e3o por parte dos motoristas.<\/p>\n<h2>A Opini\u00e3o da Guarda Civil sobre as Blitz<\/h2>\n<p>Os agentes da Guarda Civil expressam otimismo sobre o impacto das opera\u00e7\u00f5es de fiscaliza\u00e7\u00e3o. Eles acreditam que, ao promover a\u00e7\u00f5es continuadas, \u00e9 poss\u00edvel n\u00e3o apenas multar, mas tamb\u00e9m transformar a cultura de dire\u00e7\u00e3o da cidade. Seu papel educativo \u00e9 muitas vezes t\u00e3o importante quanto as autua\u00e7\u00f5es aplicadas. Para eles, a combina\u00e7\u00e3o de conscientiza\u00e7\u00e3o e fiscaliza\u00e7\u00e3o \u00e9 a chave para uma Vit\u00f3ria mais segura.<\/p>\n<h2>O Futuro das A\u00e7\u00f5es de Seguran\u00e7a em Vit\u00f3ria<\/h2>\n<p>O que se espera para o futuro das blitz em Vit\u00f3ria \u00e9 uma amplia\u00e7\u00e3o das a\u00e7\u00f5es, com a utiliza\u00e7\u00e3o de novas tecnologias e abordagens ainda mais eficazes. A continuidade das opera\u00e7\u00f5es \u00e9 uma promessa por parte das autoridades, sempre visando a seguran\u00e7a dos cidad\u00e3os. A efetividade das blitz constata a necessidade de estrat\u00e9gias constantes que garantam um tr\u00e2nsito seguro e consciente.<\/p>\n\n<div style=\"font-size: 0px; height: 0px; line-height: 0px; margin: 0; padding: 0; clear: both;\"><\/div>","protected":false},"excerpt":{"rendered":"<p>Blitz da Guarda de Vit\u00f3ria aborda mais de 40 ve\u00edculos em a\u00e7\u00f5es de seguran\u00e7a.<\/p>\n","protected":false},"author":1,"featured_media":1826,"comment_status":"open","ping_status":"closed","sticky":false,"template":"","format":"standard","meta":{"footnotes":""},"categories":[23],"tags":[],"class_list":["post-1827","post","type-post","status-publish","format-standard","has-post-thumbnail","hentry","category-veiculos-em-vitoria","has_thumb"],"yoast_head":"<!-- This site is optimized with the Yoast SEO plugin v28.2 - https:\/\/yoast.com\/product\/yoast-seo-wordpress\/ -->\n<title>Segunda Tem Lei: Guarda de Vit\u00f3ria aborda mais de 40 ve\u00edculos durante blitz - Encontra Vit\u00f3ria<\/title>\n<meta name=\"robots\" content=\"index, follow, max-snippet:-1, max-image-preview:large, max-video-preview:-1\" \/>\n<link rel=\"canonical\" href=\"https:\/\/www.encontravitoria.com.br\/sobre\/segunda-tem-lei-guarda-de-vitoria-aborda-mais-de-40-veiculos-durante-blitz\/\" \/>\n<meta property=\"og:locale\" content=\"pt_BR\" \/>\n<meta property=\"og:type\" content=\"article\" \/>\n<meta property=\"og:title\" content=\"Segunda Tem Lei: Guarda de Vit\u00f3ria aborda mais de 40 ve\u00edculos durante blitz - Encontra Vit\u00f3ria\" \/>\n<meta property=\"og:description\" content=\"Blitz da Guarda de Vit\u00f3ria aborda mais de 40 ve\u00edculos em a\u00e7\u00f5es de seguran\u00e7a.\" \/>\n<meta property=\"og:url\" content=\"https:\/\/www.encontravitoria.com.br\/sobre\/segunda-tem-lei-guarda-de-vitoria-aborda-mais-de-40-veiculos-durante-blitz\/\" \/>\n<meta property=\"og:site_name\" content=\"Encontra Vit\u00f3ria\" \/>\n<meta property=\"article:published_time\" content=\"2026-07-04T10:44:59+00:00\" \/>\n<meta property=\"og:image\" content=\"https:\/\/www.encontravitoria.com.br\/sobre\/wp-content\/uploads\/2026\/07\/segunda-tem-lei-guarda-de-vitoria-aborda-mais-de-40-veiculos-durante-blitz.webp\" \/>\n<meta name=\"author\" content=\"Encontra Vit\u00f3ria\" \/>\n<meta name=\"twitter:card\" content=\"summary_large_image\" \/>\n<meta name=\"twitter:label1\" content=\"Escrito por\" \/>\n\t<meta name=\"twitter:data1\" content=\"Encontra Vit\u00f3ria\" \/>\n\t<meta name=\"twitter:label2\" content=\"Est. tempo de leitura\" \/>\n\t<meta name=\"twitter:data2\" content=\"4 minutos\" \/>\n<script type=\"application\/ld+json\" class=\"yoast-schema-graph\">{\"@context\":\"https:\\\/\\\/schema.org\",\"@graph\":[{\"@type\":\"Article\",\"@id\":\"https:\\\/\\\/www.encontravitoria.com.br\\\/sobre\\\/segunda-tem-lei-guarda-de-vitoria-aborda-mais-de-40-veiculos-durante-blitz\\\/#article\",\"isPartOf\":{\"@id\":\"https:\\\/\\\/www.encontravitoria.com.br\\\/sobre\\\/segunda-tem-lei-guarda-de-vitoria-aborda-mais-de-40-veiculos-durante-blitz\\\/\"},\"author\":{\"name\":\"Encontra Vit\u00f3ria\",\"@id\":\"https:\\\/\\\/www.encontravitoria.com.br\\\/sobre\\\/#\\\/schema\\\/person\\\/0f8e5bcc88fbadf1bad57afd504f48a2\"},\"headline\":\"Segunda Tem Lei: Guarda de Vit\u00f3ria aborda mais de 40 ve\u00edculos durante blitz\",\"datePublished\":\"2026-07-04T10:44:59+00:00\",\"mainEntityOfPage\":{\"@id\":\"https:\\\/\\\/www.encontravitoria.com.br\\\/sobre\\\/segunda-tem-lei-guarda-de-vitoria-aborda-mais-de-40-veiculos-durante-blitz\\\/\"},\"wordCount\":736,\"commentCount\":0,\"image\":{\"@id\":\"https:\\\/\\\/www.encontravitoria.com.br\\\/sobre\\\/segunda-tem-lei-guarda-de-vitoria-aborda-mais-de-40-veiculos-durante-blitz\\\/#primaryimage\"},\"thumbnailUrl\":\"https:\\\/\\\/www.encontravitoria.com.br\\\/sobre\\\/wp-content\\\/uploads\\\/2026\\\/07\\\/segunda-tem-lei-guarda-de-vitoria-aborda-mais-de-40-veiculos-durante-blitz.webp\",\"articleSection\":[\"Ve\u00edculos Vit\u00f3ria\"],\"inLanguage\":\"pt-BR\",\"potentialAction\":[{\"@type\":\"CommentAction\",\"name\":\"Comment\",\"target\":[\"https:\\\/\\\/www.encontravitoria.com.br\\\/sobre\\\/segunda-tem-lei-guarda-de-vitoria-aborda-mais-de-40-veiculos-durante-blitz\\\/#respond\"]}]},{\"@type\":\"WebPage\",\"@id\":\"https:\\\/\\\/www.encontravitoria.com.br\\\/sobre\\\/segunda-tem-lei-guarda-de-vitoria-aborda-mais-de-40-veiculos-durante-blitz\\\/\",\"url\":\"https:\\\/\\\/www.encontravitoria.com.br\\\/sobre\\\/segunda-tem-lei-guarda-de-vitoria-aborda-mais-de-40-veiculos-durante-blitz\\\/\",\"name\":\"Segunda Tem Lei: Guarda de Vit\u00f3ria aborda mais de 40 ve\u00edculos durante blitz - Encontra Vit\u00f3ria\",\"isPartOf\":{\"@id\":\"https:\\\/\\\/www.encontravitoria.com.br\\\/sobre\\\/#website\"},\"primaryImageOfPage\":{\"@id\":\"https:\\\/\\\/www.encontravitoria.com.br\\\/sobre\\\/segunda-tem-lei-guarda-de-vitoria-aborda-mais-de-40-veiculos-durante-blitz\\\/#primaryimage\"},\"image\":{\"@id\":\"https:\\\/\\\/www.encontravitoria.com.br\\\/sobre\\\/segunda-tem-lei-guarda-de-vitoria-aborda-mais-de-40-veiculos-durante-blitz\\\/#primaryimage\"},\"thumbnailUrl\":\"https:\\\/\\\/www.encontravitoria.com.br\\\/sobre\\\/wp-content\\\/uploads\\\/2026\\\/07\\\/segunda-tem-lei-guarda-de-vitoria-aborda-mais-de-40-veiculos-durante-blitz.webp\",\"datePublished\":\"2026-07-04T10:44:59+00:00\",\"author\":{\"@id\":\"https:\\\/\\\/www.encontravitoria.com.br\\\/sobre\\\/#\\\/schema\\\/person\\\/0f8e5bcc88fbadf1bad57afd504f48a2\"},\"breadcrumb\":{\"@id\":\"https:\\\/\\\/www.encontravitoria.com.br\\\/sobre\\\/segunda-tem-lei-guarda-de-vitoria-aborda-mais-de-40-veiculos-durante-blitz\\\/#breadcrumb\"},\"inLanguage\":\"pt-BR\",\"potentialAction\":[{\"@type\":\"ReadAction\",\"target\":[\"https:\\\/\\\/www.encontravitoria.com.br\\\/sobre\\\/segunda-tem-lei-guarda-de-vitoria-aborda-mais-de-40-veiculos-durante-blitz\\\/\"]}]},{\"@type\":\"ImageObject\",\"inLanguage\":\"pt-BR\",\"@id\":\"https:\\\/\\\/www.encontravitoria.com.br\\\/sobre\\\/segunda-tem-lei-guarda-de-vitoria-aborda-mais-de-40-veiculos-durante-blitz\\\/#primaryimage\",\"url\":\"https:\\\/\\\/www.encontravitoria.com.br\\\/sobre\\\/wp-content\\\/uploads\\\/2026\\\/07\\\/segunda-tem-lei-guarda-de-vitoria-aborda-mais-de-40-veiculos-durante-blitz.webp\",\"contentUrl\":\"https:\\\/\\\/www.encontravitoria.com.br\\\/sobre\\\/wp-content\\\/uploads\\\/2026\\\/07\\\/segunda-tem-lei-guarda-de-vitoria-aborda-mais-de-40-veiculos-durante-blitz.webp\",\"width\":280,\"height\":280,\"caption\":\"blitz da guarda de vit\u00f3ria\"},{\"@type\":\"BreadcrumbList\",\"@id\":\"https:\\\/\\\/www.encontravitoria.com.br\\\/sobre\\\/segunda-tem-lei-guarda-de-vitoria-aborda-mais-de-40-veiculos-durante-blitz\\\/#breadcrumb\",\"itemListElement\":[{\"@type\":\"ListItem\",\"position\":1,\"name\":\"In\u00edcio\",\"item\":\"https:\\\/\\\/www.encontravitoria.com.br\\\/sobre\\\/\"},{\"@type\":\"ListItem\",\"position\":2,\"name\":\"Segunda Tem Lei: Guarda de Vit\u00f3ria aborda mais de 40 ve\u00edculos durante blitz\"}]},{\"@type\":\"WebSite\",\"@id\":\"https:\\\/\\\/www.encontravitoria.com.br\\\/sobre\\\/#website\",\"url\":\"https:\\\/\\\/www.encontravitoria.com.br\\\/sobre\\\/\",\"name\":\"Encontra Vit\u00f3ria\",\"description\":\"Not\u00edcias, eventos, informa\u00e7\u00f5es e dicas na cidade Vit\u00f3ria e regi\u00e3o.\",\"potentialAction\":[{\"@type\":\"SearchAction\",\"target\":{\"@type\":\"EntryPoint\",\"urlTemplate\":\"https:\\\/\\\/www.encontravitoria.com.br\\\/sobre\\\/?s={search_term_string}\"},\"query-input\":{\"@type\":\"PropertyValueSpecification\",\"valueRequired\":true,\"valueName\":\"search_term_string\"}}],\"inLanguage\":\"pt-BR\"},{\"@type\":\"Person\",\"@id\":\"https:\\\/\\\/www.encontravitoria.com.br\\\/sobre\\\/#\\\/schema\\\/person\\\/0f8e5bcc88fbadf1bad57afd504f48a2\",\"name\":\"Encontra Vit\u00f3ria\",\"image\":{\"@type\":\"ImageObject\",\"inLanguage\":\"pt-BR\",\"@id\":\"https:\\\/\\\/secure.gravatar.com\\\/avatar\\\/507340682b8270222e1f208e23198b6ae7e2c6a1033ae84e99bc6bce4f82a387?s=96&d=mm&r=g\",\"url\":\"https:\\\/\\\/secure.gravatar.com\\\/avatar\\\/507340682b8270222e1f208e23198b6ae7e2c6a1033ae84e99bc6bce4f82a387?s=96&d=mm&r=g\",\"contentUrl\":\"https:\\\/\\\/secure.gravatar.com\\\/avatar\\\/507340682b8270222e1f208e23198b6ae7e2c6a1033ae84e99bc6bce4f82a387?s=96&d=mm&r=g\",\"caption\":\"Encontra Vit\u00f3ria\"},\"sameAs\":[\"http:\\\/\\\/www.encontravitoria.com.br\"],\"url\":\"https:\\\/\\\/www.encontravitoria.com.br\\\/sobre\\\/author\\\/evitoria\\\/\"}]}<\/script>\n<!-- \/ Yoast SEO plugin. -->","yoast_head_json":{"title":"Segunda Tem Lei: Guarda de Vit\u00f3ria aborda mais de 40 ve\u00edculos durante blitz - Encontra Vit\u00f3ria","robots":{"index":"index","follow":"follow","max-snippet":"max-snippet:-1","max-image-preview":"max-image-preview:large","max-video-preview":"max-video-preview:-1"},"canonical":"https:\/\/www.encontravitoria.com.br\/sobre\/segunda-tem-lei-guarda-de-vitoria-aborda-mais-de-40-veiculos-durante-blitz\/","og_locale":"pt_BR","og_type":"article","og_title":"Segunda Tem Lei: Guarda de Vit\u00f3ria aborda mais de 40 ve\u00edculos durante blitz - Encontra Vit\u00f3ria","og_description":"Blitz da Guarda de Vit\u00f3ria aborda mais de 40 ve\u00edculos em a\u00e7\u00f5es de seguran\u00e7a.","og_url":"https:\/\/www.encontravitoria.com.br\/sobre\/segunda-tem-lei-guarda-de-vitoria-aborda-mais-de-40-veiculos-durante-blitz\/","og_site_name":"Encontra Vit\u00f3ria","article_published_time":"2026-07-04T10:44:59+00:00","og_image":[{"url":"https:\/\/www.encontravitoria.com.br\/sobre\/wp-content\/uploads\/2026\/07\/segunda-tem-lei-guarda-de-vitoria-aborda-mais-de-40-veiculos-durante-blitz.webp","type":"","width":"","height":""}],"author":"Encontra Vit\u00f3ria","twitter_card":"summary_large_image","twitter_misc":{"Escrito por":"Encontra Vit\u00f3ria","Est. tempo de leitura":"4 minutos"},"schema":{"@context":"https:\/\/schema.org","@graph":[{"@type":"Article","@id":"https:\/\/www.encontravitoria.com.br\/sobre\/segunda-tem-lei-guarda-de-vitoria-aborda-mais-de-40-veiculos-durante-blitz\/#article","isPartOf":{"@id":"https:\/\/www.encontravitoria.com.br\/sobre\/segunda-tem-lei-guarda-de-vitoria-aborda-mais-de-40-veiculos-durante-blitz\/"},"author":{"name":"Encontra Vit\u00f3ria","@id":"https:\/\/www.encontravitoria.com.br\/sobre\/#\/schema\/person\/0f8e5bcc88fbadf1bad57afd504f48a2"},"headline":"Segunda Tem Lei: Guarda de Vit\u00f3ria aborda mais de 40 ve\u00edculos durante blitz","datePublished":"2026-07-04T10:44:59+00:00","mainEntityOfPage":{"@id":"https:\/\/www.encontravitoria.com.br\/sobre\/segunda-tem-lei-guarda-de-vitoria-aborda-mais-de-40-veiculos-durante-blitz\/"},"wordCount":736,"commentCount":0,"image":{"@id":"https:\/\/www.encontravitoria.com.br\/sobre\/segunda-tem-lei-guarda-de-vitoria-aborda-mais-de-40-veiculos-durante-blitz\/#primaryimage"},"thumbnailUrl":"https:\/\/www.encontravitoria.com.br\/sobre\/wp-content\/uploads\/2026\/07\/segunda-tem-lei-guarda-de-vitoria-aborda-mais-de-40-veiculos-durante-blitz.webp","articleSection":["Ve\u00edculos Vit\u00f3ria"],"inLanguage":"pt-BR","potentialAction":[{"@type":"CommentAction","name":"Comment","target":["https:\/\/www.encontravitoria.com.br\/sobre\/segunda-tem-lei-guarda-de-vitoria-aborda-mais-de-40-veiculos-durante-blitz\/#respond"]}]},{"@type":"WebPage","@id":"https:\/\/www.encontravitoria.com.br\/sobre\/segunda-tem-lei-guarda-de-vitoria-aborda-mais-de-40-veiculos-durante-blitz\/","url":"https:\/\/www.encontravitoria.com.br\/sobre\/segunda-tem-lei-guarda-de-vitoria-aborda-mais-de-40-veiculos-durante-blitz\/","name":"Segunda Tem Lei: Guarda de Vit\u00f3ria aborda mais de 40 ve\u00edculos durante blitz - Encontra Vit\u00f3ria","isPartOf":{"@id":"https:\/\/www.encontravitoria.com.br\/sobre\/#website"},"primaryImageOfPage":{"@id":"https:\/\/www.encontravitoria.com.br\/sobre\/segunda-tem-lei-guarda-de-vitoria-aborda-mais-de-40-veiculos-durante-blitz\/#primaryimage"},"image":{"@id":"https:\/\/www.encontravitoria.com.br\/sobre\/segunda-tem-lei-guarda-de-vitoria-aborda-mais-de-40-veiculos-durante-blitz\/#primaryimage"},"thumbnailUrl":"https:\/\/www.encontravitoria.com.br\/sobre\/wp-content\/uploads\/2026\/07\/segunda-tem-lei-guarda-de-vitoria-aborda-mais-de-40-veiculos-durante-blitz.webp","datePublished":"2026-07-04T10:44:59+00:00","author":{"@id":"https:\/\/www.encontravitoria.com.br\/sobre\/#\/schema\/person\/0f8e5bcc88fbadf1bad57afd504f48a2"},"breadcrumb":{"@id":"https:\/\/www.encontravitoria.com.br\/sobre\/segunda-tem-lei-guarda-de-vitoria-aborda-mais-de-40-veiculos-durante-blitz\/#breadcrumb"},"inLanguage":"pt-BR","potentialAction":[{"@type":"ReadAction","target":["https:\/\/www.encontravitoria.com.br\/sobre\/segunda-tem-lei-guarda-de-vitoria-aborda-mais-de-40-veiculos-durante-blitz\/"]}]},{"@type":"ImageObject","inLanguage":"pt-BR","@id":"https:\/\/www.encontravitoria.com.br\/sobre\/segunda-tem-lei-guarda-de-vitoria-aborda-mais-de-40-veiculos-durante-blitz\/#primaryimage","url":"https:\/\/www.encontravitoria.com.br\/sobre\/wp-content\/uploads\/2026\/07\/segunda-tem-lei-guarda-de-vitoria-aborda-mais-de-40-veiculos-durante-blitz.webp","contentUrl":"https:\/\/www.encontravitoria.com.br\/sobre\/wp-content\/uploads\/2026\/07\/segunda-tem-lei-guarda-de-vitoria-aborda-mais-de-40-veiculos-durante-blitz.webp","width":280,"height":280,"caption":"blitz da guarda de vit\u00f3ria"},{"@type":"BreadcrumbList","@id":"https:\/\/www.encontravitoria.com.br\/sobre\/segunda-tem-lei-guarda-de-vitoria-aborda-mais-de-40-veiculos-durante-blitz\/#breadcrumb","itemListElement":[{"@type":"ListItem","position":1,"name":"In\u00edcio","item":"https:\/\/www.encontravitoria.com.br\/sobre\/"},{"@type":"ListItem","position":2,"name":"Segunda Tem Lei: Guarda de Vit\u00f3ria aborda mais de 40 ve\u00edculos durante blitz"}]},{"@type":"WebSite","@id":"https:\/\/www.encontravitoria.com.br\/sobre\/#website","url":"https:\/\/www.encontravitoria.com.br\/sobre\/","name":"Encontra Vit\u00f3ria","description":"Not\u00edcias, eventos, informa\u00e7\u00f5es e dicas na cidade Vit\u00f3ria e regi\u00e3o.","potentialAction":[{"@type":"SearchAction","target":{"@type":"EntryPoint","urlTemplate":"https:\/\/www.encontravitoria.com.br\/sobre\/?s={search_term_string}"},"query-input":{"@type":"PropertyValueSpecification","valueRequired":true,"valueName":"search_term_string"}}],"inLanguage":"pt-BR"},{"@type":"Person","@id":"https:\/\/www.encontravitoria.com.br\/sobre\/#\/schema\/person\/0f8e5bcc88fbadf1bad57afd504f48a2","name":"Encontra Vit\u00f3ria","image":{"@type":"ImageObject","inLanguage":"pt-BR","@id":"https:\/\/secure.gravatar.com\/avatar\/507340682b8270222e1f208e23198b6ae7e2c6a1033ae84e99bc6bce4f82a387?s=96&d=mm&r=g","url":"https:\/\/secure.gravatar.com\/avatar\/507340682b8270222e1f208e23198b6ae7e2c6a1033ae84e99bc6bce4f82a387?s=96&d=mm&r=g","contentUrl":"https:\/\/secure.gravatar.com\/avatar\/507340682b8270222e1f208e23198b6ae7e2c6a1033ae84e99bc6bce4f82a387?s=96&d=mm&r=g","caption":"Encontra Vit\u00f3ria"},"sameAs":["http:\/\/www.encontravitoria.com.br"],"url":"https:\/\/www.encontravitoria.com.br\/sobre\/author\/evitoria\/"}]}},"_links":{"self":[{"href":"https:\/\/www.encontravitoria.com.br\/sobre\/wp-json\/wp\/v2\/posts\/1827","targetHints":{"allow":["GET"]}}],"collection":[{"href":"https:\/\/www.encontravitoria.com.br\/sobre\/wp-json\/wp\/v2\/posts"}],"about":[{"href":"https:\/\/www.encontravitoria.com.br\/sobre\/wp-json\/wp\/v2\/types\/post"}],"author":[{"embeddable":true,"href":"https:\/\/www.encontravitoria.com.br\/sobre\/wp-json\/wp\/v2\/users\/1"}],"replies":[{"embeddable":true,"href":"https:\/\/www.encontravitoria.com.br\/sobre\/wp-json\/wp\/v2\/comments?post=1827"}],"version-history":[{"count":0,"href":"https:\/\/www.encontravitoria.com.br\/sobre\/wp-json\/wp\/v2\/posts\/1827\/revisions"}],"wp:featuredmedia":[{"embeddable":true,"href":"https:\/\/www.encontravitoria.com.br\/sobre\/wp-json\/wp\/v2\/media\/1826"}],"wp:attachment":[{"href":"https:\/\/www.encontravitoria.com.br\/sobre\/wp-json\/wp\/v2\/media?parent=1827"}],"wp:term":[{"taxonomy":"category","embeddable":true,"href":"https:\/\/www.encontravitoria.com.br\/sobre\/wp-json\/wp\/v2\/categories?post=1827"},{"taxonomy":"post_tag","embeddable":true,"href":"https:\/\/www.encontravitoria.com.br\/sobre\/wp-json\/wp\/v2\/tags?post=1827"}],"curies":[{"name":"wp","href":"https:\/\/api.w.org\/{rel}","templated":true}]}}