{"id":1831,"date":"2026-07-04T10:47:50","date_gmt":"2026-07-04T10:47:50","guid":{"rendered":"https:\/\/www.encontravitoria.com.br\/sobre\/vitoria-recebe-acao-social-global-com-servicos-gratuitos-neste-sabado-20\/"},"modified":"2026-07-04T10:47:50","modified_gmt":"2026-07-04T10:47:50","slug":"vitoria-recebe-acao-social-global-com-servicos-gratuitos-neste-sabado-20","status":"publish","type":"post","link":"https:\/\/www.encontravitoria.com.br\/sobre\/vitoria-recebe-acao-social-global-com-servicos-gratuitos-neste-sabado-20\/","title":{"rendered":"Vit\u00f3ria recebe A\u00e7\u00e3o Social Global com servi\u00e7os gratuitos neste s\u00e1bado (20)"},"content":{"rendered":"<div class=\"23ed37709e053b55400ee1990aeffe41\" data-index=\"1\" style=\"float: none; margin:0px;\">\n<!-- Anuncio display - global -->\r\n<ins class=\"adsbygoogle\"\r\n     style=\"display:block\"\r\n     data-ad-client=\"ca-pub-8585364105181520\"\r\n     data-ad-slot=\"8789329856\"\r\n     data-ad-format=\"auto\"\r\n     data-full-width-responsive=\"true\"><\/ins>\r\n<script>\r\n     (adsbygoogle = window.adsbygoogle || []).push({});\r\n<\/script>\n<\/div>\n<h2>O que \u00e9 a A\u00e7\u00e3o Social Global?<\/h2>\n<p>A A\u00e7\u00e3o Social Global \u00e9 uma iniciativa realizada em v\u00e1rias comunidades com o intuito de oferecer servi\u00e7os gratuitos que atendem \u00e0s necessidades da popula\u00e7\u00e3o. Visa promover a cidadania e a inclus\u00e3o social, garantindo que cidad\u00e3os tenham acesso a servi\u00e7os essenciais em uma \u00fanica oportunidade. O evento re\u00fane diversas secretarias e organiza\u00e7\u00f5es, facilitando a vida das pessoas e fortalecendo a rede de apoio social.<\/p>\n<h2>Data e Local do Evento<\/h2>\n<p>O evento ocorrer\u00e1 no dia 20 de junho, a partir das 8h, na Rua Jos\u00e9 Carvalho, 334, Ilha de Santa Maria, em Vit\u00f3ria. Este local foi escolhido para centralizar os atendimentos e mobilizar a comunidade em torno dos servi\u00e7os oferecidos.<\/p>\n<h2>Benef\u00edcios Dispon\u00edveis para a Comunidade<\/h2>\n<p>A A\u00e7\u00e3o Social Global proporcionar\u00e1 uma s\u00e9rie de benef\u00edcios para os moradores da regi\u00e3o, incluindo:<\/p>\n<p><img decoding=\"async\" src=\"https:\/\/www.encontravitoria.com.br\/sobre\/wp-content\/uploads\/2026\/07\/vitoria-recebe-acao-social-global-com-servicos-gratuitos-neste-sabado-20.webp\" alt=\"A\u00e7\u00e3o Social Global em Vit\u00f3ria\" loading=\"lazy\" \/><\/p>\n<ul>\n<li><strong>Distribui\u00e7\u00e3o de roupas:<\/strong> Por meio do Cabide Solid\u00e1rio, onde a comunidade poder\u00e1 obter pe\u00e7as de vestu\u00e1rio sem custo.<\/li>\n<li><strong>Atendimentos na \u00e1rea da sa\u00fade:<\/strong> Incluindo vacina\u00e7\u00e3o, testes r\u00e1pidos para ISTs e orienta\u00e7\u00f5es de sa\u00fade.<\/li>\n<li><strong>Casos de viol\u00eancia:<\/strong> Orienta\u00e7\u00f5es e suporte no Centro de Refer\u00eancia de Atendimento \u00e0 Mulher em Situa\u00e7\u00e3o de Viol\u00eancia.<\/li>\n<li><strong>Apoio a jovens:<\/strong> Informa\u00e7\u00f5es sobre o programa Jovem Aprendiz e inscri\u00e7\u00f5es para cursos de qualifica\u00e7\u00e3o.<\/li>\n<li><strong>Servi\u00e7os do Procon:<\/strong> Orienta\u00e7\u00f5es ao consumidor e distribui\u00e7\u00e3o de material informativo.<\/li>\n<\/ul>\n<h2>Servi\u00e7os de Sa\u00fade Oferecidos<\/h2>\n<p>A Secretaria de Sa\u00fade de Vit\u00f3ria (Semus) participar\u00e1 com uma ampla gama de servi\u00e7os, incluindo:<\/p>\n<ul>\n<li><strong>Vacina\u00e7\u00e3o:<\/strong> Vacinas b\u00e1sicas para crian\u00e7as e adultos, essenciais para a preven\u00e7\u00e3o de doen\u00e7as.<\/li>\n<li><strong>Testes r\u00e1pidos:<\/strong> Testes de Infec\u00e7\u00f5es Sexualmente Transmiss\u00edveis, promovendo sa\u00fade preventiva.<\/li>\n<li><strong>Orienta\u00e7\u00f5es de sa\u00fade bucal:<\/strong> Distribui\u00e7\u00e3o de kits de higiene e dicas de cuidado dental.<\/li>\n<\/ul>\n<h2>Atividades para Crian\u00e7as e Fam\u00edlias<\/h2>\n<p>Diversas atividades l\u00fadicas e educativas estar\u00e3o dispon\u00edveis, promovendo o envolvimento das fam\u00edlias e divers\u00e3o para as crian\u00e7as. Entre as principais atividades:<\/p>\n<ul>\n<li><strong>Pintura de rosto:<\/strong> Uma atividade divertida que atrai as crian\u00e7as e encoraja a participa\u00e7\u00e3o.<\/li>\n<li><strong>Tapete de transitol\u00e2ndia:<\/strong> Uma experi\u00eancia educativa que ensina sobre seguran\u00e7a no tr\u00e2nsito atrav\u00e9s de jogos.<\/li>\n<li><strong>\u00d3culos de simula\u00e7\u00e3o de embriaguez:<\/strong> Uma ferramenta para demonstrar os efeitos do \u00e1lcool e a import\u00e2ncia da seguran\u00e7a no tr\u00e2nsito.<\/li>\n<\/ul>\n<h2>Participa\u00e7\u00e3o da Guarda Civil Municipal<\/h2>\n<p>A Guarda de Vit\u00f3ria participar\u00e1 com a\u00e7\u00f5es voltadas ao refor\u00e7o da educa\u00e7\u00e3o para a cidadania. O grupamento Guarda Cidad\u00e3 proporcionar\u00e1:<\/p>\n<ul>\n<li><strong>Atividades educativas:<\/strong> Que ensinam sobre a import\u00e2ncia das leis de tr\u00e2nsito e conviv\u00eancia segura.<\/li>\n<li><strong>Intera\u00e7\u00e3o com a comunidade:<\/strong> Estimulando um novo olhar sobre a seguran\u00e7a p\u00fablica e o papel da guarda na sociedade.<\/li>\n<\/ul>\n<h2>Dicas para Aproveitar o Evento<\/h2>\n<p>Para garantir que sua experi\u00eancia na A\u00e7\u00e3o Social Global seja maximizada, considere as seguintes dicas:<\/p>\n<ul>\n<li><strong>Chegue cedo:<\/strong> O evento come\u00e7a \u00e0s 8h e as vagas para alguns servi\u00e7os podem ser limitadas.<\/li>\n<li><strong>Leve documentos necess\u00e1rios:<\/strong> Para servi\u00e7os como emiss\u00e3o de certid\u00f5es e orienta\u00e7\u00f5es no Procon.<\/li>\n<li><strong>Prepare as crian\u00e7as:<\/strong> Explique as atividades e a import\u00e2ncia da participa\u00e7\u00e3o.<\/li>\n<\/ul>\n<h2>Como se Preparar para A\u00e7\u00e3o Social<\/h2>\n<p>Para participar da A\u00e7\u00e3o, \u00e9 fundamental estar preparado. Algumas sugest\u00f5es incluem:<\/p>\n<ul>\n<li><strong>Roupas confort\u00e1veis:<\/strong> Vista-se de forma adequada para se movimentar e participar das atividades.<\/li>\n<li><strong>Recursos:<\/strong> Traga \u00e1gua e alguns lanches para um dia inteiro de servi\u00e7os e atividades.<\/li>\n<li><strong>Fam\u00edlia e amigos:<\/strong> Compartilhe a experi\u00eancia com familiares e amigos, tornando o evento mais divertido.<\/li>\n<\/ul>\n<h2>A Import\u00e2ncia da Assist\u00eancia Social<\/h2>\n<p>A assist\u00eancia social desempenha um papel crucial na promo\u00e7\u00e3o do bem-estar da comunidade. As A\u00e7\u00f5es Sociais Globais representam um esfor\u00e7o coletivo para:<\/p>\n<ul>\n<li><strong>Combate \u00e0 pobreza:<\/strong> Atrav\u00e9s da oferta de servi\u00e7os e apoio, diminui-se a desigualdade social.<\/li>\n<li><strong>Promo\u00e7\u00e3o da sa\u00fade:<\/strong> Oferecendo servi\u00e7os de sa\u00fade acess\u00edveis e preventivos.<\/li>\n<li><strong>Fortalecimento de v\u00ednculos comunit\u00e1rios:<\/strong> Atrav\u00e9s da intera\u00e7\u00e3o entre cidad\u00e3os e autoridades locais.<\/li>\n<\/ul>\n<h2>Depoimentos de Participantes Anteriores<\/h2>\n<p>Diversas pessoas que participaram de a\u00e7\u00f5es anteriores relatam experi\u00eancias positivas e transformadoras. Algumas das opini\u00f5es incluem:<\/p>\n<ul>\n<li><strong>Maria, 32 anos:<\/strong> &#8220;A A\u00e7\u00e3o Social me deu acesso a servi\u00e7os que n\u00e3o sabia que existiam. Consegui resolver v\u00e1rias pend\u00eancias de uma s\u00f3 vez!&#8221;<\/li>\n<li><strong>Carlos, 45 anos:<\/strong> &#8220;Foi uma oportunidade incr\u00edvel para minha fam\u00edlia. As crian\u00e7as se divertiram e aprendemos sobre seguran\u00e7a no tr\u00e2nsito juntos.&#8221;<\/li>\n<li><strong>Luana, 29 anos:<\/strong> &#8220;Os servi\u00e7os de sa\u00fade foram impressionantes. Fiz meu teste e recebi orienta\u00e7\u00f5es que v\u00e3o me ajudar a cuidar melhor da minha sa\u00fade!&#8221;<\/li>\n<\/ul>\n\n<div style=\"font-size: 0px; height: 0px; line-height: 0px; margin: 0; padding: 0; clear: both;\"><\/div>","protected":false},"excerpt":{"rendered":"<p>A\u00e7\u00e3o Social Global em Vit\u00f3ria oferece servi\u00e7os gratuitos \u00e0 popula\u00e7\u00e3o.<\/p>\n","protected":false},"author":1,"featured_media":1830,"comment_status":"open","ping_status":"closed","sticky":false,"template":"","format":"standard","meta":{"footnotes":""},"categories":[8],"tags":[],"class_list":["post-1831","post","type-post","status-publish","format-standard","has-post-thumbnail","hentry","category-servicos-em-vitoria","has_thumb"],"yoast_head":"<!-- This site is optimized with the Yoast SEO plugin v28.2 - https:\/\/yoast.com\/product\/yoast-seo-wordpress\/ -->\n<title>Vit\u00f3ria recebe A\u00e7\u00e3o Social Global com servi\u00e7os gratuitos neste s\u00e1bado (20) - Encontra Vit\u00f3ria<\/title>\n<meta name=\"robots\" content=\"index, follow, max-snippet:-1, max-image-preview:large, max-video-preview:-1\" \/>\n<link rel=\"canonical\" href=\"https:\/\/www.encontravitoria.com.br\/sobre\/vitoria-recebe-acao-social-global-com-servicos-gratuitos-neste-sabado-20\/\" \/>\n<meta property=\"og:locale\" content=\"pt_BR\" \/>\n<meta property=\"og:type\" content=\"article\" \/>\n<meta property=\"og:title\" content=\"Vit\u00f3ria recebe A\u00e7\u00e3o Social Global com servi\u00e7os gratuitos neste s\u00e1bado (20) - Encontra Vit\u00f3ria\" \/>\n<meta property=\"og:description\" content=\"A\u00e7\u00e3o Social Global em Vit\u00f3ria oferece servi\u00e7os gratuitos \u00e0 popula\u00e7\u00e3o.\" \/>\n<meta property=\"og:url\" content=\"https:\/\/www.encontravitoria.com.br\/sobre\/vitoria-recebe-acao-social-global-com-servicos-gratuitos-neste-sabado-20\/\" \/>\n<meta property=\"og:site_name\" content=\"Encontra Vit\u00f3ria\" \/>\n<meta property=\"article:published_time\" content=\"2026-07-04T10:47:50+00:00\" \/>\n<meta property=\"og:image\" content=\"https:\/\/www.encontravitoria.com.br\/sobre\/wp-content\/uploads\/2026\/07\/vitoria-recebe-acao-social-global-com-servicos-gratuitos-neste-sabado-20.webp\" \/>\n<meta name=\"author\" content=\"Encontra Vit\u00f3ria\" \/>\n<meta name=\"twitter:card\" content=\"summary_large_image\" \/>\n<meta name=\"twitter:label1\" content=\"Escrito por\" \/>\n\t<meta name=\"twitter:data1\" content=\"Encontra Vit\u00f3ria\" \/>\n\t<meta name=\"twitter:label2\" content=\"Est. tempo de leitura\" \/>\n\t<meta name=\"twitter:data2\" content=\"4 minutos\" \/>\n<script type=\"application\/ld+json\" class=\"yoast-schema-graph\">{\"@context\":\"https:\\\/\\\/schema.org\",\"@graph\":[{\"@type\":\"Article\",\"@id\":\"https:\\\/\\\/www.encontravitoria.com.br\\\/sobre\\\/vitoria-recebe-acao-social-global-com-servicos-gratuitos-neste-sabado-20\\\/#article\",\"isPartOf\":{\"@id\":\"https:\\\/\\\/www.encontravitoria.com.br\\\/sobre\\\/vitoria-recebe-acao-social-global-com-servicos-gratuitos-neste-sabado-20\\\/\"},\"author\":{\"name\":\"Encontra Vit\u00f3ria\",\"@id\":\"https:\\\/\\\/www.encontravitoria.com.br\\\/sobre\\\/#\\\/schema\\\/person\\\/0f8e5bcc88fbadf1bad57afd504f48a2\"},\"headline\":\"Vit\u00f3ria recebe A\u00e7\u00e3o Social Global com servi\u00e7os gratuitos neste s\u00e1bado (20)\",\"datePublished\":\"2026-07-04T10:47:50+00:00\",\"mainEntityOfPage\":{\"@id\":\"https:\\\/\\\/www.encontravitoria.com.br\\\/sobre\\\/vitoria-recebe-acao-social-global-com-servicos-gratuitos-neste-sabado-20\\\/\"},\"wordCount\":817,\"commentCount\":0,\"image\":{\"@id\":\"https:\\\/\\\/www.encontravitoria.com.br\\\/sobre\\\/vitoria-recebe-acao-social-global-com-servicos-gratuitos-neste-sabado-20\\\/#primaryimage\"},\"thumbnailUrl\":\"https:\\\/\\\/www.encontravitoria.com.br\\\/sobre\\\/wp-content\\\/uploads\\\/2026\\\/07\\\/vitoria-recebe-acao-social-global-com-servicos-gratuitos-neste-sabado-20.webp\",\"articleSection\":[\"Servi\u00e7os Vit\u00f3ria\"],\"inLanguage\":\"pt-BR\",\"potentialAction\":[{\"@type\":\"CommentAction\",\"name\":\"Comment\",\"target\":[\"https:\\\/\\\/www.encontravitoria.com.br\\\/sobre\\\/vitoria-recebe-acao-social-global-com-servicos-gratuitos-neste-sabado-20\\\/#respond\"]}]},{\"@type\":\"WebPage\",\"@id\":\"https:\\\/\\\/www.encontravitoria.com.br\\\/sobre\\\/vitoria-recebe-acao-social-global-com-servicos-gratuitos-neste-sabado-20\\\/\",\"url\":\"https:\\\/\\\/www.encontravitoria.com.br\\\/sobre\\\/vitoria-recebe-acao-social-global-com-servicos-gratuitos-neste-sabado-20\\\/\",\"name\":\"Vit\u00f3ria recebe A\u00e7\u00e3o Social Global com servi\u00e7os gratuitos neste s\u00e1bado (20) - Encontra Vit\u00f3ria\",\"isPartOf\":{\"@id\":\"https:\\\/\\\/www.encontravitoria.com.br\\\/sobre\\\/#website\"},\"primaryImageOfPage\":{\"@id\":\"https:\\\/\\\/www.encontravitoria.com.br\\\/sobre\\\/vitoria-recebe-acao-social-global-com-servicos-gratuitos-neste-sabado-20\\\/#primaryimage\"},\"image\":{\"@id\":\"https:\\\/\\\/www.encontravitoria.com.br\\\/sobre\\\/vitoria-recebe-acao-social-global-com-servicos-gratuitos-neste-sabado-20\\\/#primaryimage\"},\"thumbnailUrl\":\"https:\\\/\\\/www.encontravitoria.com.br\\\/sobre\\\/wp-content\\\/uploads\\\/2026\\\/07\\\/vitoria-recebe-acao-social-global-com-servicos-gratuitos-neste-sabado-20.webp\",\"datePublished\":\"2026-07-04T10:47:50+00:00\",\"author\":{\"@id\":\"https:\\\/\\\/www.encontravitoria.com.br\\\/sobre\\\/#\\\/schema\\\/person\\\/0f8e5bcc88fbadf1bad57afd504f48a2\"},\"breadcrumb\":{\"@id\":\"https:\\\/\\\/www.encontravitoria.com.br\\\/sobre\\\/vitoria-recebe-acao-social-global-com-servicos-gratuitos-neste-sabado-20\\\/#breadcrumb\"},\"inLanguage\":\"pt-BR\",\"potentialAction\":[{\"@type\":\"ReadAction\",\"target\":[\"https:\\\/\\\/www.encontravitoria.com.br\\\/sobre\\\/vitoria-recebe-acao-social-global-com-servicos-gratuitos-neste-sabado-20\\\/\"]}]},{\"@type\":\"ImageObject\",\"inLanguage\":\"pt-BR\",\"@id\":\"https:\\\/\\\/www.encontravitoria.com.br\\\/sobre\\\/vitoria-recebe-acao-social-global-com-servicos-gratuitos-neste-sabado-20\\\/#primaryimage\",\"url\":\"https:\\\/\\\/www.encontravitoria.com.br\\\/sobre\\\/wp-content\\\/uploads\\\/2026\\\/07\\\/vitoria-recebe-acao-social-global-com-servicos-gratuitos-neste-sabado-20.webp\",\"contentUrl\":\"https:\\\/\\\/www.encontravitoria.com.br\\\/sobre\\\/wp-content\\\/uploads\\\/2026\\\/07\\\/vitoria-recebe-acao-social-global-com-servicos-gratuitos-neste-sabado-20.webp\",\"width\":280,\"height\":280,\"caption\":\"A\u00e7\u00e3o Social Global em Vit\u00f3ria\"},{\"@type\":\"BreadcrumbList\",\"@id\":\"https:\\\/\\\/www.encontravitoria.com.br\\\/sobre\\\/vitoria-recebe-acao-social-global-com-servicos-gratuitos-neste-sabado-20\\\/#breadcrumb\",\"itemListElement\":[{\"@type\":\"ListItem\",\"position\":1,\"name\":\"In\u00edcio\",\"item\":\"https:\\\/\\\/www.encontravitoria.com.br\\\/sobre\\\/\"},{\"@type\":\"ListItem\",\"position\":2,\"name\":\"Vit\u00f3ria recebe A\u00e7\u00e3o Social Global com servi\u00e7os gratuitos neste s\u00e1bado (20)\"}]},{\"@type\":\"WebSite\",\"@id\":\"https:\\\/\\\/www.encontravitoria.com.br\\\/sobre\\\/#website\",\"url\":\"https:\\\/\\\/www.encontravitoria.com.br\\\/sobre\\\/\",\"name\":\"Encontra Vit\u00f3ria\",\"description\":\"Not\u00edcias, eventos, informa\u00e7\u00f5es e dicas na cidade Vit\u00f3ria e regi\u00e3o.\",\"potentialAction\":[{\"@type\":\"SearchAction\",\"target\":{\"@type\":\"EntryPoint\",\"urlTemplate\":\"https:\\\/\\\/www.encontravitoria.com.br\\\/sobre\\\/?s={search_term_string}\"},\"query-input\":{\"@type\":\"PropertyValueSpecification\",\"valueRequired\":true,\"valueName\":\"search_term_string\"}}],\"inLanguage\":\"pt-BR\"},{\"@type\":\"Person\",\"@id\":\"https:\\\/\\\/www.encontravitoria.com.br\\\/sobre\\\/#\\\/schema\\\/person\\\/0f8e5bcc88fbadf1bad57afd504f48a2\",\"name\":\"Encontra Vit\u00f3ria\",\"image\":{\"@type\":\"ImageObject\",\"inLanguage\":\"pt-BR\",\"@id\":\"https:\\\/\\\/secure.gravatar.com\\\/avatar\\\/507340682b8270222e1f208e23198b6ae7e2c6a1033ae84e99bc6bce4f82a387?s=96&d=mm&r=g\",\"url\":\"https:\\\/\\\/secure.gravatar.com\\\/avatar\\\/507340682b8270222e1f208e23198b6ae7e2c6a1033ae84e99bc6bce4f82a387?s=96&d=mm&r=g\",\"contentUrl\":\"https:\\\/\\\/secure.gravatar.com\\\/avatar\\\/507340682b8270222e1f208e23198b6ae7e2c6a1033ae84e99bc6bce4f82a387?s=96&d=mm&r=g\",\"caption\":\"Encontra Vit\u00f3ria\"},\"sameAs\":[\"http:\\\/\\\/www.encontravitoria.com.br\"],\"url\":\"https:\\\/\\\/www.encontravitoria.com.br\\\/sobre\\\/author\\\/evitoria\\\/\"}]}<\/script>\n<!-- \/ Yoast SEO plugin. -->","yoast_head_json":{"title":"Vit\u00f3ria recebe A\u00e7\u00e3o Social Global com servi\u00e7os gratuitos neste s\u00e1bado (20) - Encontra Vit\u00f3ria","robots":{"index":"index","follow":"follow","max-snippet":"max-snippet:-1","max-image-preview":"max-image-preview:large","max-video-preview":"max-video-preview:-1"},"canonical":"https:\/\/www.encontravitoria.com.br\/sobre\/vitoria-recebe-acao-social-global-com-servicos-gratuitos-neste-sabado-20\/","og_locale":"pt_BR","og_type":"article","og_title":"Vit\u00f3ria recebe A\u00e7\u00e3o Social Global com servi\u00e7os gratuitos neste s\u00e1bado (20) - Encontra Vit\u00f3ria","og_description":"A\u00e7\u00e3o Social Global em Vit\u00f3ria oferece servi\u00e7os gratuitos \u00e0 popula\u00e7\u00e3o.","og_url":"https:\/\/www.encontravitoria.com.br\/sobre\/vitoria-recebe-acao-social-global-com-servicos-gratuitos-neste-sabado-20\/","og_site_name":"Encontra Vit\u00f3ria","article_published_time":"2026-07-04T10:47:50+00:00","og_image":[{"url":"https:\/\/www.encontravitoria.com.br\/sobre\/wp-content\/uploads\/2026\/07\/vitoria-recebe-acao-social-global-com-servicos-gratuitos-neste-sabado-20.webp","type":"","width":"","height":""}],"author":"Encontra Vit\u00f3ria","twitter_card":"summary_large_image","twitter_misc":{"Escrito por":"Encontra Vit\u00f3ria","Est. tempo de leitura":"4 minutos"},"schema":{"@context":"https:\/\/schema.org","@graph":[{"@type":"Article","@id":"https:\/\/www.encontravitoria.com.br\/sobre\/vitoria-recebe-acao-social-global-com-servicos-gratuitos-neste-sabado-20\/#article","isPartOf":{"@id":"https:\/\/www.encontravitoria.com.br\/sobre\/vitoria-recebe-acao-social-global-com-servicos-gratuitos-neste-sabado-20\/"},"author":{"name":"Encontra Vit\u00f3ria","@id":"https:\/\/www.encontravitoria.com.br\/sobre\/#\/schema\/person\/0f8e5bcc88fbadf1bad57afd504f48a2"},"headline":"Vit\u00f3ria recebe A\u00e7\u00e3o Social Global com servi\u00e7os gratuitos neste s\u00e1bado (20)","datePublished":"2026-07-04T10:47:50+00:00","mainEntityOfPage":{"@id":"https:\/\/www.encontravitoria.com.br\/sobre\/vitoria-recebe-acao-social-global-com-servicos-gratuitos-neste-sabado-20\/"},"wordCount":817,"commentCount":0,"image":{"@id":"https:\/\/www.encontravitoria.com.br\/sobre\/vitoria-recebe-acao-social-global-com-servicos-gratuitos-neste-sabado-20\/#primaryimage"},"thumbnailUrl":"https:\/\/www.encontravitoria.com.br\/sobre\/wp-content\/uploads\/2026\/07\/vitoria-recebe-acao-social-global-com-servicos-gratuitos-neste-sabado-20.webp","articleSection":["Servi\u00e7os Vit\u00f3ria"],"inLanguage":"pt-BR","potentialAction":[{"@type":"CommentAction","name":"Comment","target":["https:\/\/www.encontravitoria.com.br\/sobre\/vitoria-recebe-acao-social-global-com-servicos-gratuitos-neste-sabado-20\/#respond"]}]},{"@type":"WebPage","@id":"https:\/\/www.encontravitoria.com.br\/sobre\/vitoria-recebe-acao-social-global-com-servicos-gratuitos-neste-sabado-20\/","url":"https:\/\/www.encontravitoria.com.br\/sobre\/vitoria-recebe-acao-social-global-com-servicos-gratuitos-neste-sabado-20\/","name":"Vit\u00f3ria recebe A\u00e7\u00e3o Social Global com servi\u00e7os gratuitos neste s\u00e1bado (20) - Encontra Vit\u00f3ria","isPartOf":{"@id":"https:\/\/www.encontravitoria.com.br\/sobre\/#website"},"primaryImageOfPage":{"@id":"https:\/\/www.encontravitoria.com.br\/sobre\/vitoria-recebe-acao-social-global-com-servicos-gratuitos-neste-sabado-20\/#primaryimage"},"image":{"@id":"https:\/\/www.encontravitoria.com.br\/sobre\/vitoria-recebe-acao-social-global-com-servicos-gratuitos-neste-sabado-20\/#primaryimage"},"thumbnailUrl":"https:\/\/www.encontravitoria.com.br\/sobre\/wp-content\/uploads\/2026\/07\/vitoria-recebe-acao-social-global-com-servicos-gratuitos-neste-sabado-20.webp","datePublished":"2026-07-04T10:47:50+00:00","author":{"@id":"https:\/\/www.encontravitoria.com.br\/sobre\/#\/schema\/person\/0f8e5bcc88fbadf1bad57afd504f48a2"},"breadcrumb":{"@id":"https:\/\/www.encontravitoria.com.br\/sobre\/vitoria-recebe-acao-social-global-com-servicos-gratuitos-neste-sabado-20\/#breadcrumb"},"inLanguage":"pt-BR","potentialAction":[{"@type":"ReadAction","target":["https:\/\/www.encontravitoria.com.br\/sobre\/vitoria-recebe-acao-social-global-com-servicos-gratuitos-neste-sabado-20\/"]}]},{"@type":"ImageObject","inLanguage":"pt-BR","@id":"https:\/\/www.encontravitoria.com.br\/sobre\/vitoria-recebe-acao-social-global-com-servicos-gratuitos-neste-sabado-20\/#primaryimage","url":"https:\/\/www.encontravitoria.com.br\/sobre\/wp-content\/uploads\/2026\/07\/vitoria-recebe-acao-social-global-com-servicos-gratuitos-neste-sabado-20.webp","contentUrl":"https:\/\/www.encontravitoria.com.br\/sobre\/wp-content\/uploads\/2026\/07\/vitoria-recebe-acao-social-global-com-servicos-gratuitos-neste-sabado-20.webp","width":280,"height":280,"caption":"A\u00e7\u00e3o Social Global em Vit\u00f3ria"},{"@type":"BreadcrumbList","@id":"https:\/\/www.encontravitoria.com.br\/sobre\/vitoria-recebe-acao-social-global-com-servicos-gratuitos-neste-sabado-20\/#breadcrumb","itemListElement":[{"@type":"ListItem","position":1,"name":"In\u00edcio","item":"https:\/\/www.encontravitoria.com.br\/sobre\/"},{"@type":"ListItem","position":2,"name":"Vit\u00f3ria recebe A\u00e7\u00e3o Social Global com servi\u00e7os gratuitos neste s\u00e1bado (20)"}]},{"@type":"WebSite","@id":"https:\/\/www.encontravitoria.com.br\/sobre\/#website","url":"https:\/\/www.encontravitoria.com.br\/sobre\/","name":"Encontra Vit\u00f3ria","description":"Not\u00edcias, eventos, informa\u00e7\u00f5es e dicas na cidade Vit\u00f3ria e regi\u00e3o.","potentialAction":[{"@type":"SearchAction","target":{"@type":"EntryPoint","urlTemplate":"https:\/\/www.encontravitoria.com.br\/sobre\/?s={search_term_string}"},"query-input":{"@type":"PropertyValueSpecification","valueRequired":true,"valueName":"search_term_string"}}],"inLanguage":"pt-BR"},{"@type":"Person","@id":"https:\/\/www.encontravitoria.com.br\/sobre\/#\/schema\/person\/0f8e5bcc88fbadf1bad57afd504f48a2","name":"Encontra Vit\u00f3ria","image":{"@type":"ImageObject","inLanguage":"pt-BR","@id":"https:\/\/secure.gravatar.com\/avatar\/507340682b8270222e1f208e23198b6ae7e2c6a1033ae84e99bc6bce4f82a387?s=96&d=mm&r=g","url":"https:\/\/secure.gravatar.com\/avatar\/507340682b8270222e1f208e23198b6ae7e2c6a1033ae84e99bc6bce4f82a387?s=96&d=mm&r=g","contentUrl":"https:\/\/secure.gravatar.com\/avatar\/507340682b8270222e1f208e23198b6ae7e2c6a1033ae84e99bc6bce4f82a387?s=96&d=mm&r=g","caption":"Encontra Vit\u00f3ria"},"sameAs":["http:\/\/www.encontravitoria.com.br"],"url":"https:\/\/www.encontravitoria.com.br\/sobre\/author\/evitoria\/"}]}},"_links":{"self":[{"href":"https:\/\/www.encontravitoria.com.br\/sobre\/wp-json\/wp\/v2\/posts\/1831","targetHints":{"allow":["GET"]}}],"collection":[{"href":"https:\/\/www.encontravitoria.com.br\/sobre\/wp-json\/wp\/v2\/posts"}],"about":[{"href":"https:\/\/www.encontravitoria.com.br\/sobre\/wp-json\/wp\/v2\/types\/post"}],"author":[{"embeddable":true,"href":"https:\/\/www.encontravitoria.com.br\/sobre\/wp-json\/wp\/v2\/users\/1"}],"replies":[{"embeddable":true,"href":"https:\/\/www.encontravitoria.com.br\/sobre\/wp-json\/wp\/v2\/comments?post=1831"}],"version-history":[{"count":0,"href":"https:\/\/www.encontravitoria.com.br\/sobre\/wp-json\/wp\/v2\/posts\/1831\/revisions"}],"wp:featuredmedia":[{"embeddable":true,"href":"https:\/\/www.encontravitoria.com.br\/sobre\/wp-json\/wp\/v2\/media\/1830"}],"wp:attachment":[{"href":"https:\/\/www.encontravitoria.com.br\/sobre\/wp-json\/wp\/v2\/media?parent=1831"}],"wp:term":[{"taxonomy":"category","embeddable":true,"href":"https:\/\/www.encontravitoria.com.br\/sobre\/wp-json\/wp\/v2\/categories?post=1831"},{"taxonomy":"post_tag","embeddable":true,"href":"https:\/\/www.encontravitoria.com.br\/sobre\/wp-json\/wp\/v2\/tags?post=1831"}],"curies":[{"name":"wp","href":"https:\/\/api.w.org\/{rel}","templated":true}]}}