{"id":1841,"date":"2026-07-06T01:06:54","date_gmt":"2026-07-06T01:06:54","guid":{"rendered":"https:\/\/www.encontravitoria.com.br\/sobre\/prefeitura-garante-apoio-para-delegacao-da-fafi-representar-vitoria-em-festival-internacional\/"},"modified":"2026-07-06T01:06:54","modified_gmt":"2026-07-06T01:06:54","slug":"prefeitura-garante-apoio-para-delegacao-da-fafi-representar-vitoria-em-festival-internacional","status":"publish","type":"post","link":"https:\/\/www.encontravitoria.com.br\/sobre\/prefeitura-garante-apoio-para-delegacao-da-fafi-representar-vitoria-em-festival-internacional\/","title":{"rendered":"Prefeitura garante apoio para delega\u00e7\u00e3o da Fafi representar Vit\u00f3ria em festival internacional"},"content":{"rendered":"<div class=\"23ed37709e053b55400ee1990aeffe41\" data-index=\"1\" style=\"float: none; margin:0px;\">\n<!-- Anuncio display - global -->\r\n<ins class=\"adsbygoogle\"\r\n     style=\"display:block\"\r\n     data-ad-client=\"ca-pub-8585364105181520\"\r\n     data-ad-slot=\"8789329856\"\r\n     data-ad-format=\"auto\"\r\n     data-full-width-responsive=\"true\"><\/ins>\r\n<script>\r\n     (adsbygoogle = window.adsbygoogle || []).push({});\r\n<\/script>\n<\/div>\n<h2>O Papel da Prefeitura no Apoio Cultural<\/h2>\n<p>A Prefeitura de Vit\u00f3ria desempenha um papel crucial na promo\u00e7\u00e3o da cultura local, especialmente quando se trata de iniciativas art\u00edsticas. Recentemente, a prefeita Cris Samorini anunciou um importante apoio \u00e0 Escola T\u00e9cnica Municipal de Teatro, Dan\u00e7a e M\u00fasica (Fafi), proporcionando recursos para a participa\u00e7\u00e3o dos alunos em um festival internacional. Este investimento \u00e9 um reflexo da diretriz da administra\u00e7\u00e3o em fortalecer a cultura e as artes na cidade.<\/p>\n<h2>A Fafi e seu Crescimento Art\u00edstico<\/h2>\n<p>A Fafi, desde sua funda\u00e7\u00e3o, tem se consolidado como uma inspira\u00e7\u00e3o em forma\u00e7\u00e3o art\u00edstica na capital capixaba. Com um curr\u00edculo que abrange dan\u00e7a, teatro e m\u00fasica, a institui\u00e7\u00e3o tem sido um pilar na forma\u00e7\u00e3o de jovens talentos. O recente reconhecimento no Festival Internacional de Dan\u00e7a Goi\u00e1s, com a sele\u00e7\u00e3o de cinco coreografias da Fafi, vem a calhar como um marco na trajet\u00f3ria da escola, evidenciando o sucesso das pol\u00edticas p\u00fablicas implementadas.<\/p>\n<h2>Participa\u00e7\u00e3o da Fafi no Festival Internacional<\/h2>\n<p>O festival \u00e9 considerado um dos maiores eventos de dan\u00e7a na Am\u00e9rica Latina e ocorrer\u00e1 de 2 a 7 de julho em Goi\u00e2nia. A Fafi levar\u00e1 uma delega\u00e7\u00e3o composta por seis alunos e tr\u00eas profissionais para representar a cidade. Este evento n\u00e3o s\u00f3 \u00e9 uma oportunidade para competir, mas tamb\u00e9m um espa\u00e7o de troca cultural e aprendizado, onde os estudantes poder\u00e3o interagir com outros grupos de todo o Brasil e do exterior.<\/p>\n<p><img decoding=\"async\" src=\"https:\/\/www.encontravitoria.com.br\/sobre\/wp-content\/uploads\/2026\/07\/prefeitura-garante-apoio-para-delegacao-da-fafi-representar-vitoria-em-festival-internacional.webp\" alt=\"delega\u00e7\u00e3o da Fafi\" loading=\"lazy\" \/><\/p>\n<h2>Talentos em Destaque: Estudantes Selecionados<\/h2>\n<p>A delega\u00e7\u00e3o da Fafi \u00e9 composta por alunas talentosas que j\u00e1 demonstraram um desenvolvimento excepcional ao longo de sua forma\u00e7\u00e3o. As integrantes s\u00e3o Isabela Nery Cabidelli, Bruna Silva Mandelli, Ester Nascimento Brum, Teodora Ferreira Schneider, Clarisse Marques dos Santos Vallejo e Clara Campos Sipolatti Conti. Cada uma delas traz consigo uma bagagem rica de experi\u00eancias, que se reflete na habilidade e na entrega das coreografias que apresentar\u00e3o no festival.<\/p>\n<h2>Coreografias que Representar\u00e3o Vit\u00f3ria<\/h2>\n<p>As coreografias selecionadas s\u00e3o um testemunho da diversidade e da riqueza art\u00edstica que a Fafi cultiva. As pe\u00e7as &#8220;Reconvexo&#8221;, &#8220;\u00cdmpeto&#8221;, &#8220;Barb\u00e1rie&#8221;, &#8220;Interstellar&#8221; e &#8220;Macabeia&#8221; foram escolhidas para a Mostra Competitiva, abrangendo diferentes estilos que v\u00e3o do contempor\u00e2neo ao cl\u00e1ssico. Estas obras n\u00e3o apenas demonstram a t\u00e9cnica refinada dos alunos, mas tamb\u00e9m suas interpreta\u00e7\u00f5es criativas e inovadoras sobre temas diversos.<\/p>\n<h2>Expectativas da Delega\u00e7\u00e3o para o Evento<\/h2>\n<p>As expectativas para o festival s\u00e3o altas. As jovens est\u00e3o ansiosas e motivadas para compartilhar o que aprenderam na Fafi. Isabela, uma das participantes, expressou seu orgulho e gratid\u00e3o pela oportunidade. A delega\u00e7\u00e3o n\u00e3o est\u00e1 apenas em busca de pr\u00eamios, mas sim de experi\u00eancias que possam enriquecer suas carreiras art\u00edsticas e provocar uma reflex\u00e3o sobre o papel da arte na sociedade.<\/p>\n<h2>Investimento em Cultura e Artes<\/h2>\n<p>A participa\u00e7\u00e3o da delega\u00e7\u00e3o da Fafi no festival reflete o comprometimento da Prefeitura em investir na cultura e nas artes. O repasse dos recursos cobre custos essenciais, incluindo passagens, acomoda\u00e7\u00f5es e alimenta\u00e7\u00e3o, permitindo que os alunos participem do evento sem preocupa\u00e7\u00f5es financeiras. Essa a\u00e7\u00e3o \u00e9 um exemplo de como os investimentos em cultura podem ter um impacto duradouro na forma\u00e7\u00e3o de indiv\u00edduos e no fortalecimento da identidade local.<\/p>\n<h2>Impacto do Festival na Comunidade Local<\/h2>\n<p>Eventos como o Festival Internacional de Dan\u00e7a v\u00e3o al\u00e9m da merecida visibilidade. Eles t\u00eam o potencial de mobilizar a comunidade, estimular a economia local e promover um interc\u00e2mbio cultural que beneficia n\u00e3o apenas os participantes, mas toda a cidade. O festival se torna uma vitrine para o talento capixaba, crescendo ainda mais o reconhecimento da gera\u00e7\u00e3o art\u00edstica da regi\u00e3o.<\/p>\n<h2>Hist\u00f3rico de Conquistas da Fafi<\/h2>\n<p>A Fafi tem um hist\u00f3rico not\u00e1vel de conquistas significativas no cen\u00e1rio cultural brasileiro e internacional. As aprova\u00e7\u00f5es de seus estudantes em institui\u00e7\u00f5es prestigiosas, como a Escola do Teatro Bolshoi, e as premia\u00e7\u00f5es em festivais de renome s\u00e3o provas de sua excel\u00eancia. Essas realiza\u00e7\u00f5es reafirmam o compromisso da escola com a forma\u00e7\u00e3o de artistas completos, capazes de se destacarem em v\u00e1rias esferas.<\/p>\n<h2>Compromisso com a Forma\u00e7\u00e3o Art\u00edstica P\u00fablica<\/h2>\n<p>A Fafi, apoiada pela Prefeitura, representa a fus\u00e3o entre a educa\u00e7\u00e3o p\u00fablica e a arte, onde o investimento na forma\u00e7\u00e3o cultural se traduz em resultados relevantes para a sociedade. Ao oferecer um ambiente rico e desafiador, a institui\u00e7\u00e3o capacita os alunos a se tornarem n\u00e3o s\u00f3 artistas, mas tamb\u00e9m cidad\u00e3os conscientes e cr\u00edticos, preparados para fazer a diferen\u00e7a em suas comunidades.<\/p>\n<p>O esfor\u00e7o cont\u00ednuo da Prefeitura em manter e expandir esse suporte \u00e9 vital para o crescimento e a sustentabilidade das iniciativas culturais na cidade, mostrando que quando a arte e a cultura s\u00e3o priorizadas, o resultado \u00e9 uma sociedade mais rica e diversificada.<\/p>\n\n<div style=\"font-size: 0px; height: 0px; line-height: 0px; margin: 0; padding: 0; clear: both;\"><\/div>","protected":false},"excerpt":{"rendered":"<p>Fafi participar\u00e1 do Festival Internacional de Dan\u00e7a, representando Vit\u00f3ria e mostrando seu talento.<\/p>\n","protected":false},"author":1,"featured_media":1840,"comment_status":"open","ping_status":"closed","sticky":false,"template":"","format":"standard","meta":{"footnotes":""},"categories":[34],"tags":[],"class_list":["post-1841","post","type-post","status-publish","format-standard","has-post-thumbnail","hentry","category-delegacias-vitoria","has_thumb"],"yoast_head":"<!-- This site is optimized with the Yoast SEO plugin v28.2 - https:\/\/yoast.com\/product\/yoast-seo-wordpress\/ -->\n<title>Prefeitura garante apoio para delega\u00e7\u00e3o da Fafi representar Vit\u00f3ria em festival internacional - Encontra Vit\u00f3ria<\/title>\n<meta name=\"robots\" content=\"index, follow, max-snippet:-1, max-image-preview:large, max-video-preview:-1\" \/>\n<link rel=\"canonical\" href=\"https:\/\/www.encontravitoria.com.br\/sobre\/prefeitura-garante-apoio-para-delegacao-da-fafi-representar-vitoria-em-festival-internacional\/\" \/>\n<meta property=\"og:locale\" content=\"pt_BR\" \/>\n<meta property=\"og:type\" content=\"article\" \/>\n<meta property=\"og:title\" content=\"Prefeitura garante apoio para delega\u00e7\u00e3o da Fafi representar Vit\u00f3ria em festival internacional - Encontra Vit\u00f3ria\" \/>\n<meta property=\"og:description\" content=\"Fafi participar\u00e1 do Festival Internacional de Dan\u00e7a, representando Vit\u00f3ria e mostrando seu talento.\" \/>\n<meta property=\"og:url\" content=\"https:\/\/www.encontravitoria.com.br\/sobre\/prefeitura-garante-apoio-para-delegacao-da-fafi-representar-vitoria-em-festival-internacional\/\" \/>\n<meta property=\"og:site_name\" content=\"Encontra Vit\u00f3ria\" \/>\n<meta property=\"article:published_time\" content=\"2026-07-06T01:06:54+00:00\" \/>\n<meta property=\"og:image\" content=\"https:\/\/www.encontravitoria.com.br\/sobre\/wp-content\/uploads\/2026\/07\/prefeitura-garante-apoio-para-delegacao-da-fafi-representar-vitoria-em-festival-internacional.webp\" \/>\n<meta name=\"author\" content=\"Encontra Vit\u00f3ria\" \/>\n<meta name=\"twitter:card\" content=\"summary_large_image\" \/>\n<meta name=\"twitter:label1\" content=\"Escrito por\" \/>\n\t<meta name=\"twitter:data1\" content=\"Encontra Vit\u00f3ria\" \/>\n\t<meta name=\"twitter:label2\" content=\"Est. tempo de leitura\" \/>\n\t<meta name=\"twitter:data2\" content=\"4 minutos\" \/>\n<script type=\"application\/ld+json\" class=\"yoast-schema-graph\">{\"@context\":\"https:\\\/\\\/schema.org\",\"@graph\":[{\"@type\":\"Article\",\"@id\":\"https:\\\/\\\/www.encontravitoria.com.br\\\/sobre\\\/prefeitura-garante-apoio-para-delegacao-da-fafi-representar-vitoria-em-festival-internacional\\\/#article\",\"isPartOf\":{\"@id\":\"https:\\\/\\\/www.encontravitoria.com.br\\\/sobre\\\/prefeitura-garante-apoio-para-delegacao-da-fafi-representar-vitoria-em-festival-internacional\\\/\"},\"author\":{\"name\":\"Encontra Vit\u00f3ria\",\"@id\":\"https:\\\/\\\/www.encontravitoria.com.br\\\/sobre\\\/#\\\/schema\\\/person\\\/0f8e5bcc88fbadf1bad57afd504f48a2\"},\"headline\":\"Prefeitura garante apoio para delega\u00e7\u00e3o da Fafi representar Vit\u00f3ria em festival internacional\",\"datePublished\":\"2026-07-06T01:06:54+00:00\",\"mainEntityOfPage\":{\"@id\":\"https:\\\/\\\/www.encontravitoria.com.br\\\/sobre\\\/prefeitura-garante-apoio-para-delegacao-da-fafi-representar-vitoria-em-festival-internacional\\\/\"},\"wordCount\":859,\"commentCount\":0,\"image\":{\"@id\":\"https:\\\/\\\/www.encontravitoria.com.br\\\/sobre\\\/prefeitura-garante-apoio-para-delegacao-da-fafi-representar-vitoria-em-festival-internacional\\\/#primaryimage\"},\"thumbnailUrl\":\"https:\\\/\\\/www.encontravitoria.com.br\\\/sobre\\\/wp-content\\\/uploads\\\/2026\\\/07\\\/prefeitura-garante-apoio-para-delegacao-da-fafi-representar-vitoria-em-festival-internacional.webp\",\"articleSection\":[\"Delegacias Vit\u00f3ria\"],\"inLanguage\":\"pt-BR\",\"potentialAction\":[{\"@type\":\"CommentAction\",\"name\":\"Comment\",\"target\":[\"https:\\\/\\\/www.encontravitoria.com.br\\\/sobre\\\/prefeitura-garante-apoio-para-delegacao-da-fafi-representar-vitoria-em-festival-internacional\\\/#respond\"]}]},{\"@type\":\"WebPage\",\"@id\":\"https:\\\/\\\/www.encontravitoria.com.br\\\/sobre\\\/prefeitura-garante-apoio-para-delegacao-da-fafi-representar-vitoria-em-festival-internacional\\\/\",\"url\":\"https:\\\/\\\/www.encontravitoria.com.br\\\/sobre\\\/prefeitura-garante-apoio-para-delegacao-da-fafi-representar-vitoria-em-festival-internacional\\\/\",\"name\":\"Prefeitura garante apoio para delega\u00e7\u00e3o da Fafi representar Vit\u00f3ria em festival internacional - Encontra Vit\u00f3ria\",\"isPartOf\":{\"@id\":\"https:\\\/\\\/www.encontravitoria.com.br\\\/sobre\\\/#website\"},\"primaryImageOfPage\":{\"@id\":\"https:\\\/\\\/www.encontravitoria.com.br\\\/sobre\\\/prefeitura-garante-apoio-para-delegacao-da-fafi-representar-vitoria-em-festival-internacional\\\/#primaryimage\"},\"image\":{\"@id\":\"https:\\\/\\\/www.encontravitoria.com.br\\\/sobre\\\/prefeitura-garante-apoio-para-delegacao-da-fafi-representar-vitoria-em-festival-internacional\\\/#primaryimage\"},\"thumbnailUrl\":\"https:\\\/\\\/www.encontravitoria.com.br\\\/sobre\\\/wp-content\\\/uploads\\\/2026\\\/07\\\/prefeitura-garante-apoio-para-delegacao-da-fafi-representar-vitoria-em-festival-internacional.webp\",\"datePublished\":\"2026-07-06T01:06:54+00:00\",\"author\":{\"@id\":\"https:\\\/\\\/www.encontravitoria.com.br\\\/sobre\\\/#\\\/schema\\\/person\\\/0f8e5bcc88fbadf1bad57afd504f48a2\"},\"breadcrumb\":{\"@id\":\"https:\\\/\\\/www.encontravitoria.com.br\\\/sobre\\\/prefeitura-garante-apoio-para-delegacao-da-fafi-representar-vitoria-em-festival-internacional\\\/#breadcrumb\"},\"inLanguage\":\"pt-BR\",\"potentialAction\":[{\"@type\":\"ReadAction\",\"target\":[\"https:\\\/\\\/www.encontravitoria.com.br\\\/sobre\\\/prefeitura-garante-apoio-para-delegacao-da-fafi-representar-vitoria-em-festival-internacional\\\/\"]}]},{\"@type\":\"ImageObject\",\"inLanguage\":\"pt-BR\",\"@id\":\"https:\\\/\\\/www.encontravitoria.com.br\\\/sobre\\\/prefeitura-garante-apoio-para-delegacao-da-fafi-representar-vitoria-em-festival-internacional\\\/#primaryimage\",\"url\":\"https:\\\/\\\/www.encontravitoria.com.br\\\/sobre\\\/wp-content\\\/uploads\\\/2026\\\/07\\\/prefeitura-garante-apoio-para-delegacao-da-fafi-representar-vitoria-em-festival-internacional.webp\",\"contentUrl\":\"https:\\\/\\\/www.encontravitoria.com.br\\\/sobre\\\/wp-content\\\/uploads\\\/2026\\\/07\\\/prefeitura-garante-apoio-para-delegacao-da-fafi-representar-vitoria-em-festival-internacional.webp\",\"width\":280,\"height\":280,\"caption\":\"delega\u00e7\u00e3o da Fafi\"},{\"@type\":\"BreadcrumbList\",\"@id\":\"https:\\\/\\\/www.encontravitoria.com.br\\\/sobre\\\/prefeitura-garante-apoio-para-delegacao-da-fafi-representar-vitoria-em-festival-internacional\\\/#breadcrumb\",\"itemListElement\":[{\"@type\":\"ListItem\",\"position\":1,\"name\":\"In\u00edcio\",\"item\":\"https:\\\/\\\/www.encontravitoria.com.br\\\/sobre\\\/\"},{\"@type\":\"ListItem\",\"position\":2,\"name\":\"Prefeitura garante apoio para delega\u00e7\u00e3o da Fafi representar Vit\u00f3ria em festival internacional\"}]},{\"@type\":\"WebSite\",\"@id\":\"https:\\\/\\\/www.encontravitoria.com.br\\\/sobre\\\/#website\",\"url\":\"https:\\\/\\\/www.encontravitoria.com.br\\\/sobre\\\/\",\"name\":\"Encontra Vit\u00f3ria\",\"description\":\"Not\u00edcias, eventos, informa\u00e7\u00f5es e dicas na cidade Vit\u00f3ria e regi\u00e3o.\",\"potentialAction\":[{\"@type\":\"SearchAction\",\"target\":{\"@type\":\"EntryPoint\",\"urlTemplate\":\"https:\\\/\\\/www.encontravitoria.com.br\\\/sobre\\\/?s={search_term_string}\"},\"query-input\":{\"@type\":\"PropertyValueSpecification\",\"valueRequired\":true,\"valueName\":\"search_term_string\"}}],\"inLanguage\":\"pt-BR\"},{\"@type\":\"Person\",\"@id\":\"https:\\\/\\\/www.encontravitoria.com.br\\\/sobre\\\/#\\\/schema\\\/person\\\/0f8e5bcc88fbadf1bad57afd504f48a2\",\"name\":\"Encontra Vit\u00f3ria\",\"image\":{\"@type\":\"ImageObject\",\"inLanguage\":\"pt-BR\",\"@id\":\"https:\\\/\\\/secure.gravatar.com\\\/avatar\\\/507340682b8270222e1f208e23198b6ae7e2c6a1033ae84e99bc6bce4f82a387?s=96&d=mm&r=g\",\"url\":\"https:\\\/\\\/secure.gravatar.com\\\/avatar\\\/507340682b8270222e1f208e23198b6ae7e2c6a1033ae84e99bc6bce4f82a387?s=96&d=mm&r=g\",\"contentUrl\":\"https:\\\/\\\/secure.gravatar.com\\\/avatar\\\/507340682b8270222e1f208e23198b6ae7e2c6a1033ae84e99bc6bce4f82a387?s=96&d=mm&r=g\",\"caption\":\"Encontra Vit\u00f3ria\"},\"sameAs\":[\"http:\\\/\\\/www.encontravitoria.com.br\"],\"url\":\"https:\\\/\\\/www.encontravitoria.com.br\\\/sobre\\\/author\\\/evitoria\\\/\"}]}<\/script>\n<!-- \/ Yoast SEO plugin. -->","yoast_head_json":{"title":"Prefeitura garante apoio para delega\u00e7\u00e3o da Fafi representar Vit\u00f3ria em festival internacional - Encontra Vit\u00f3ria","robots":{"index":"index","follow":"follow","max-snippet":"max-snippet:-1","max-image-preview":"max-image-preview:large","max-video-preview":"max-video-preview:-1"},"canonical":"https:\/\/www.encontravitoria.com.br\/sobre\/prefeitura-garante-apoio-para-delegacao-da-fafi-representar-vitoria-em-festival-internacional\/","og_locale":"pt_BR","og_type":"article","og_title":"Prefeitura garante apoio para delega\u00e7\u00e3o da Fafi representar Vit\u00f3ria em festival internacional - Encontra Vit\u00f3ria","og_description":"Fafi participar\u00e1 do Festival Internacional de Dan\u00e7a, representando Vit\u00f3ria e mostrando seu talento.","og_url":"https:\/\/www.encontravitoria.com.br\/sobre\/prefeitura-garante-apoio-para-delegacao-da-fafi-representar-vitoria-em-festival-internacional\/","og_site_name":"Encontra Vit\u00f3ria","article_published_time":"2026-07-06T01:06:54+00:00","og_image":[{"url":"https:\/\/www.encontravitoria.com.br\/sobre\/wp-content\/uploads\/2026\/07\/prefeitura-garante-apoio-para-delegacao-da-fafi-representar-vitoria-em-festival-internacional.webp","type":"","width":"","height":""}],"author":"Encontra Vit\u00f3ria","twitter_card":"summary_large_image","twitter_misc":{"Escrito por":"Encontra Vit\u00f3ria","Est. tempo de leitura":"4 minutos"},"schema":{"@context":"https:\/\/schema.org","@graph":[{"@type":"Article","@id":"https:\/\/www.encontravitoria.com.br\/sobre\/prefeitura-garante-apoio-para-delegacao-da-fafi-representar-vitoria-em-festival-internacional\/#article","isPartOf":{"@id":"https:\/\/www.encontravitoria.com.br\/sobre\/prefeitura-garante-apoio-para-delegacao-da-fafi-representar-vitoria-em-festival-internacional\/"},"author":{"name":"Encontra Vit\u00f3ria","@id":"https:\/\/www.encontravitoria.com.br\/sobre\/#\/schema\/person\/0f8e5bcc88fbadf1bad57afd504f48a2"},"headline":"Prefeitura garante apoio para delega\u00e7\u00e3o da Fafi representar Vit\u00f3ria em festival internacional","datePublished":"2026-07-06T01:06:54+00:00","mainEntityOfPage":{"@id":"https:\/\/www.encontravitoria.com.br\/sobre\/prefeitura-garante-apoio-para-delegacao-da-fafi-representar-vitoria-em-festival-internacional\/"},"wordCount":859,"commentCount":0,"image":{"@id":"https:\/\/www.encontravitoria.com.br\/sobre\/prefeitura-garante-apoio-para-delegacao-da-fafi-representar-vitoria-em-festival-internacional\/#primaryimage"},"thumbnailUrl":"https:\/\/www.encontravitoria.com.br\/sobre\/wp-content\/uploads\/2026\/07\/prefeitura-garante-apoio-para-delegacao-da-fafi-representar-vitoria-em-festival-internacional.webp","articleSection":["Delegacias Vit\u00f3ria"],"inLanguage":"pt-BR","potentialAction":[{"@type":"CommentAction","name":"Comment","target":["https:\/\/www.encontravitoria.com.br\/sobre\/prefeitura-garante-apoio-para-delegacao-da-fafi-representar-vitoria-em-festival-internacional\/#respond"]}]},{"@type":"WebPage","@id":"https:\/\/www.encontravitoria.com.br\/sobre\/prefeitura-garante-apoio-para-delegacao-da-fafi-representar-vitoria-em-festival-internacional\/","url":"https:\/\/www.encontravitoria.com.br\/sobre\/prefeitura-garante-apoio-para-delegacao-da-fafi-representar-vitoria-em-festival-internacional\/","name":"Prefeitura garante apoio para delega\u00e7\u00e3o da Fafi representar Vit\u00f3ria em festival internacional - Encontra Vit\u00f3ria","isPartOf":{"@id":"https:\/\/www.encontravitoria.com.br\/sobre\/#website"},"primaryImageOfPage":{"@id":"https:\/\/www.encontravitoria.com.br\/sobre\/prefeitura-garante-apoio-para-delegacao-da-fafi-representar-vitoria-em-festival-internacional\/#primaryimage"},"image":{"@id":"https:\/\/www.encontravitoria.com.br\/sobre\/prefeitura-garante-apoio-para-delegacao-da-fafi-representar-vitoria-em-festival-internacional\/#primaryimage"},"thumbnailUrl":"https:\/\/www.encontravitoria.com.br\/sobre\/wp-content\/uploads\/2026\/07\/prefeitura-garante-apoio-para-delegacao-da-fafi-representar-vitoria-em-festival-internacional.webp","datePublished":"2026-07-06T01:06:54+00:00","author":{"@id":"https:\/\/www.encontravitoria.com.br\/sobre\/#\/schema\/person\/0f8e5bcc88fbadf1bad57afd504f48a2"},"breadcrumb":{"@id":"https:\/\/www.encontravitoria.com.br\/sobre\/prefeitura-garante-apoio-para-delegacao-da-fafi-representar-vitoria-em-festival-internacional\/#breadcrumb"},"inLanguage":"pt-BR","potentialAction":[{"@type":"ReadAction","target":["https:\/\/www.encontravitoria.com.br\/sobre\/prefeitura-garante-apoio-para-delegacao-da-fafi-representar-vitoria-em-festival-internacional\/"]}]},{"@type":"ImageObject","inLanguage":"pt-BR","@id":"https:\/\/www.encontravitoria.com.br\/sobre\/prefeitura-garante-apoio-para-delegacao-da-fafi-representar-vitoria-em-festival-internacional\/#primaryimage","url":"https:\/\/www.encontravitoria.com.br\/sobre\/wp-content\/uploads\/2026\/07\/prefeitura-garante-apoio-para-delegacao-da-fafi-representar-vitoria-em-festival-internacional.webp","contentUrl":"https:\/\/www.encontravitoria.com.br\/sobre\/wp-content\/uploads\/2026\/07\/prefeitura-garante-apoio-para-delegacao-da-fafi-representar-vitoria-em-festival-internacional.webp","width":280,"height":280,"caption":"delega\u00e7\u00e3o da Fafi"},{"@type":"BreadcrumbList","@id":"https:\/\/www.encontravitoria.com.br\/sobre\/prefeitura-garante-apoio-para-delegacao-da-fafi-representar-vitoria-em-festival-internacional\/#breadcrumb","itemListElement":[{"@type":"ListItem","position":1,"name":"In\u00edcio","item":"https:\/\/www.encontravitoria.com.br\/sobre\/"},{"@type":"ListItem","position":2,"name":"Prefeitura garante apoio para delega\u00e7\u00e3o da Fafi representar Vit\u00f3ria em festival internacional"}]},{"@type":"WebSite","@id":"https:\/\/www.encontravitoria.com.br\/sobre\/#website","url":"https:\/\/www.encontravitoria.com.br\/sobre\/","name":"Encontra Vit\u00f3ria","description":"Not\u00edcias, eventos, informa\u00e7\u00f5es e dicas na cidade Vit\u00f3ria e regi\u00e3o.","potentialAction":[{"@type":"SearchAction","target":{"@type":"EntryPoint","urlTemplate":"https:\/\/www.encontravitoria.com.br\/sobre\/?s={search_term_string}"},"query-input":{"@type":"PropertyValueSpecification","valueRequired":true,"valueName":"search_term_string"}}],"inLanguage":"pt-BR"},{"@type":"Person","@id":"https:\/\/www.encontravitoria.com.br\/sobre\/#\/schema\/person\/0f8e5bcc88fbadf1bad57afd504f48a2","name":"Encontra Vit\u00f3ria","image":{"@type":"ImageObject","inLanguage":"pt-BR","@id":"https:\/\/secure.gravatar.com\/avatar\/507340682b8270222e1f208e23198b6ae7e2c6a1033ae84e99bc6bce4f82a387?s=96&d=mm&r=g","url":"https:\/\/secure.gravatar.com\/avatar\/507340682b8270222e1f208e23198b6ae7e2c6a1033ae84e99bc6bce4f82a387?s=96&d=mm&r=g","contentUrl":"https:\/\/secure.gravatar.com\/avatar\/507340682b8270222e1f208e23198b6ae7e2c6a1033ae84e99bc6bce4f82a387?s=96&d=mm&r=g","caption":"Encontra Vit\u00f3ria"},"sameAs":["http:\/\/www.encontravitoria.com.br"],"url":"https:\/\/www.encontravitoria.com.br\/sobre\/author\/evitoria\/"}]}},"_links":{"self":[{"href":"https:\/\/www.encontravitoria.com.br\/sobre\/wp-json\/wp\/v2\/posts\/1841","targetHints":{"allow":["GET"]}}],"collection":[{"href":"https:\/\/www.encontravitoria.com.br\/sobre\/wp-json\/wp\/v2\/posts"}],"about":[{"href":"https:\/\/www.encontravitoria.com.br\/sobre\/wp-json\/wp\/v2\/types\/post"}],"author":[{"embeddable":true,"href":"https:\/\/www.encontravitoria.com.br\/sobre\/wp-json\/wp\/v2\/users\/1"}],"replies":[{"embeddable":true,"href":"https:\/\/www.encontravitoria.com.br\/sobre\/wp-json\/wp\/v2\/comments?post=1841"}],"version-history":[{"count":0,"href":"https:\/\/www.encontravitoria.com.br\/sobre\/wp-json\/wp\/v2\/posts\/1841\/revisions"}],"wp:featuredmedia":[{"embeddable":true,"href":"https:\/\/www.encontravitoria.com.br\/sobre\/wp-json\/wp\/v2\/media\/1840"}],"wp:attachment":[{"href":"https:\/\/www.encontravitoria.com.br\/sobre\/wp-json\/wp\/v2\/media?parent=1841"}],"wp:term":[{"taxonomy":"category","embeddable":true,"href":"https:\/\/www.encontravitoria.com.br\/sobre\/wp-json\/wp\/v2\/categories?post=1841"},{"taxonomy":"post_tag","embeddable":true,"href":"https:\/\/www.encontravitoria.com.br\/sobre\/wp-json\/wp\/v2\/tags?post=1841"}],"curies":[{"name":"wp","href":"https:\/\/api.w.org\/{rel}","templated":true}]}}