{"id":1854,"date":"2026-07-06T18:42:33","date_gmt":"2026-07-06T18:42:33","guid":{"rendered":"https:\/\/www.encontravitoria.com.br\/sobre\/vitoria-divulga-programacao-do-carro-fumace-para-o-mes-de-julho\/"},"modified":"2026-07-06T18:42:33","modified_gmt":"2026-07-06T18:42:33","slug":"vitoria-divulga-programacao-do-carro-fumace-para-o-mes-de-julho","status":"publish","type":"post","link":"https:\/\/www.encontravitoria.com.br\/sobre\/vitoria-divulga-programacao-do-carro-fumace-para-o-mes-de-julho\/","title":{"rendered":"Vit\u00f3ria divulga programa\u00e7\u00e3o do carro fumac\u00ea para o m\u00eas de julho"},"content":{"rendered":"<div class=\"23ed37709e053b55400ee1990aeffe41\" data-index=\"1\" style=\"float: none; margin:0px;\">\n<!-- Anuncio display - global -->\r\n<ins class=\"adsbygoogle\"\r\n     style=\"display:block\"\r\n     data-ad-client=\"ca-pub-8585364105181520\"\r\n     data-ad-slot=\"8789329856\"\r\n     data-ad-format=\"auto\"\r\n     data-full-width-responsive=\"true\"><\/ins>\r\n<script>\r\n     (adsbygoogle = window.adsbygoogle || []).push({});\r\n<\/script>\n<\/div>\n<h2>Calend\u00e1rio do Carro Fumac\u00ea<\/h2>\n<p>Para o m\u00eas de julho, a Prefeitura de Vit\u00f3ria anunciou o calend\u00e1rio de movimenta\u00e7\u00e3o do carro fumac\u00ea, que est\u00e1 destinado a combater o mosquito <em>Aedes aegypti<\/em>, conhecido por ser um vetor de doen\u00e7as como dengue, zika e chikungunya. A opera\u00e7\u00e3o se realizar\u00e1 em diversos bairros da cidade, permitindo uma interven\u00e7\u00e3o eficaz na luta contra esses insetos.<br \/>\nA programa\u00e7\u00e3o, elaborada pelo Centro de Vigil\u00e2ncia em Sa\u00fade Ambiental (CVSA), j\u00e1 est\u00e1 dispon\u00edvel no Portal da PMV, facilitando que os cidad\u00e3os saibam quando o servi\u00e7o estar\u00e1 presente em suas localidades.<\/p>\n<h2>M\u00e9todos de Aplica\u00e7\u00e3o do Inseticida<\/h2>\n<p>O inseticida utilizado na opera\u00e7\u00e3o \u00e9 aplicado por meio da t\u00e9cnica Ultra Baixo Volume (UBV), caracterizada por uma n\u00e9voa quase impercept\u00edvel. Este m\u00e9todo \u00e9 eficaz para atingir mosquitos em voo, contribuindo para uma significativa redu\u00e7\u00e3o da popula\u00e7\u00e3o desse vetor em sua forma adulta, colaborando assim no controle das doen\u00e7as que ele pode transmitir.<\/p>\n<h2>Import\u00e2ncia do Combate ao Aedes Aegypti<\/h2>\n<p>A luta contra o <em>Aedes aegypti<\/em> \u00e9 de extrema import\u00e2ncia n\u00e3o apenas para a sa\u00fade p\u00fablica, mas tamb\u00e9m para a qualidade de vida da popula\u00e7\u00e3o. O controle deste mosquito minimiza a incid\u00eancia de doen\u00e7as, evitando surtos que podem sobrecarregar o sistema de sa\u00fade. Al\u00e9m disso, as medidas de combate auxiliam na conscientiza\u00e7\u00e3o da popula\u00e7\u00e3o sobre a import\u00e2ncia de manter os ambientes limpos e livres de locais onde os mosquitos possam se proliferar.<\/p>\n<p><img decoding=\"async\" src=\"https:\/\/www.encontravitoria.com.br\/sobre\/wp-content\/uploads\/2026\/07\/vitoria-divulga-programacao-do-carro-fumace-para-o-mes-de-julho.webp\" alt=\"carro fumac\u00ea\" loading=\"lazy\" \/><\/p>\n<h2>Como Funciona o Carro Fumac\u00ea<\/h2>\n<p>O carro fumac\u00ea \u00e9 um caminh\u00e3o adaptado que realiza a aplica\u00e7\u00e3o do inseticida nas ruas. Sua opera\u00e7\u00e3o \u00e9 realizada em hor\u00e1rios estrat\u00e9gicos para maximizar a efici\u00eancia, geralmente ao amanhecer ou ao entardecer, momentos em que os mosquitos est\u00e3o mais ativos. A equipe respons\u00e1vel pelo servi\u00e7o orienta a popula\u00e7\u00e3o sobre como e quando se deve evitar \u00e1reas em que o fumac\u00ea est\u00e1 sendo aplicado, garantindo assim a seguran\u00e7a de todos durante a opera\u00e7\u00e3o.<\/p>\n<h2>Monitoramento em Tempo Real<\/h2>\n<p>A Prefeitura de Vit\u00f3ria inovou ao disponibilizar uma op\u00e7\u00e3o de monitoramento em tempo real do percurso do carro fumac\u00ea. Os cidad\u00e3os t\u00eam a possibilidade de  acompanhar a localiza\u00e7\u00e3o do ve\u00edculo pelo Portal da PMV. Isso proporciona um maior controle e auxilia moradores a se programarem para evitar a exposi\u00e7\u00e3o ao inseticida durante a sua aplica\u00e7\u00e3o.<\/p>\n<h2>A Participa\u00e7\u00e3o da Comunidade<\/h2>\n<p>O combate ao <em>Aedes aegypti<\/em> \u00e9 uma responsabilidade compartilhada. A participa\u00e7\u00e3o ativa da comunidade \u00e9 fundamental, pois cerca de 80% dos focos do mosquito s\u00e3o encontrados dentro das resid\u00eancias. Por isso, \u00e9 imprescind\u00edvel que os moradores adotem medidas preventivas em suas casas, como eliminar poss\u00edveis criadouros, tampando caixas d&#8217;\u00e1gua e vasilhas que possam acumular \u00e1gua.<\/p>\n<h2>Dicas para Combater o Mosquito em Casa<\/h2>\n<p>Para ajudar a popula\u00e7\u00e3o a prevenir a prolifera\u00e7\u00e3o do <em>Aedes aegypti<\/em>, a Prefeitura disponibiliza um checklist com dicas \u00fateis. Algumas das recomenda\u00e7\u00f5es incluem:<\/p>\n<ul>\n<li>Elimine qualquer \u00e1gua parada em recipientes como pneus, vasos de plantas ou garrafas;<\/li>\n<li>Mantenha as calhas sempre limpas para garantir o escoamento adequado da \u00e1gua;<\/li>\n<li>Tampe as caixas d&#8217;\u00e1gua e mantenha as geladeiras e outros dep\u00f3sitos limpos;<\/li>\n<li>Verifique as plantas internas, pois elas tamb\u00e9m podem acumular \u00e1gua.<\/li>\n<\/ul>\n<p>Essas pequenas pr\u00e1ticas di\u00e1rias podem ter um impacto significativo no controle do mosquito em \u00e1reas urbanas.<\/p>\n<h2>Efeitos do Inseticida na Sa\u00fade<\/h2>\n<p>Embora o uso de inseticidas seja uma ferramenta necess\u00e1ria no combate ao <em>Aedes aegypti<\/em>, \u00e9 importante que a popula\u00e7\u00e3o esteja ciente de que a aplica\u00e7\u00e3o \u00e9 realizada com produtos que possuem registro e aprova\u00e7\u00e3o dos \u00f3rg\u00e3os de sa\u00fade. As concentra\u00e7\u00f5es utilizadas s\u00e3o seguras e s\u00e3o constantemente monitoradas quanto \u00e0 sua efic\u00e1cia e impacto na sa\u00fade p\u00fablica. Al\u00e9m disso, s\u00e3o fornecidas orienta\u00e7\u00f5es sobre a prote\u00e7\u00e3o de crian\u00e7as e animais dom\u00e9sticos durante a aplica\u00e7\u00e3o.<\/p>\n<h2>Responsabilidade da Prefeitura<\/h2>\n<p>A Prefeitura tem um papel crucial na preven\u00e7\u00e3o de epidemias atrav\u00e9s do combate ao mosquito transmissor de doen\u00e7as. Isso inclui n\u00e3o s\u00f3 a aplica\u00e7\u00e3o do fumac\u00ea, mas tamb\u00e9m campanhas educativas, conscientiza\u00e7\u00e3o da popula\u00e7\u00e3o e a\u00e7\u00f5es de controle permanente. O trabalho em conjunto entre o poder p\u00fablico e a comunidade \u00e9 fundamental para garantir uma cidade saud\u00e1vel.<\/p>\n<h2>A\u00e7\u00f5es de Vigil\u00e2ncia Sanit\u00e1ria<\/h2>\n<p>Para garantir a efic\u00e1cia das a\u00e7\u00f5es de combate, a Vigil\u00e2ncia Sanit\u00e1ria atua em parceria com outros \u00f3rg\u00e3os na coordena\u00e7\u00e3o das atividades. Isto envolve a realiza\u00e7\u00e3o de inspe\u00e7\u00f5es, coletas de dados sobre focos do mosquito e a promo\u00e7\u00e3o de campanhas educativas. Assim, Vit\u00f3ria tem se esfor\u00e7ado para fornecer uma resposta eficiente ao problema da propaga\u00e7\u00e3o do <em>Aedes aegypti<\/em>.<\/p>\n\n<div style=\"font-size: 0px; height: 0px; line-height: 0px; margin: 0; padding: 0; clear: both;\"><\/div>","protected":false},"excerpt":{"rendered":"<p>Carro fumac\u00ea em Vit\u00f3ria: descubra a programa\u00e7\u00e3o para julho e proteja sua sa\u00fade.<\/p>\n","protected":false},"author":1,"featured_media":1853,"comment_status":"open","ping_status":"closed","sticky":false,"template":"","format":"standard","meta":{"footnotes":""},"categories":[6],"tags":[],"class_list":["post-1854","post","type-post","status-publish","format-standard","has-post-thumbnail","hentry","category-noticias-em-vitoria","has_thumb"],"yoast_head":"<!-- This site is optimized with the Yoast SEO plugin v28.2 - https:\/\/yoast.com\/product\/yoast-seo-wordpress\/ -->\n<title>Vit\u00f3ria divulga programa\u00e7\u00e3o do carro fumac\u00ea para o m\u00eas de julho - Encontra Vit\u00f3ria<\/title>\n<meta name=\"robots\" content=\"index, follow, max-snippet:-1, max-image-preview:large, max-video-preview:-1\" \/>\n<link rel=\"canonical\" href=\"https:\/\/www.encontravitoria.com.br\/sobre\/vitoria-divulga-programacao-do-carro-fumace-para-o-mes-de-julho\/\" \/>\n<meta property=\"og:locale\" content=\"pt_BR\" \/>\n<meta property=\"og:type\" content=\"article\" \/>\n<meta property=\"og:title\" content=\"Vit\u00f3ria divulga programa\u00e7\u00e3o do carro fumac\u00ea para o m\u00eas de julho - Encontra Vit\u00f3ria\" \/>\n<meta property=\"og:description\" content=\"Carro fumac\u00ea em Vit\u00f3ria: descubra a programa\u00e7\u00e3o para julho e proteja sua sa\u00fade.\" \/>\n<meta property=\"og:url\" content=\"https:\/\/www.encontravitoria.com.br\/sobre\/vitoria-divulga-programacao-do-carro-fumace-para-o-mes-de-julho\/\" \/>\n<meta property=\"og:site_name\" content=\"Encontra Vit\u00f3ria\" \/>\n<meta property=\"article:published_time\" content=\"2026-07-06T18:42:33+00:00\" \/>\n<meta property=\"og:image\" content=\"https:\/\/www.encontravitoria.com.br\/sobre\/wp-content\/uploads\/2026\/07\/vitoria-divulga-programacao-do-carro-fumace-para-o-mes-de-julho.webp\" \/>\n<meta name=\"author\" content=\"Encontra Vit\u00f3ria\" \/>\n<meta name=\"twitter:card\" content=\"summary_large_image\" \/>\n<meta name=\"twitter:label1\" content=\"Escrito por\" \/>\n\t<meta name=\"twitter:data1\" content=\"Encontra Vit\u00f3ria\" \/>\n\t<meta name=\"twitter:label2\" content=\"Est. tempo de leitura\" \/>\n\t<meta name=\"twitter:data2\" content=\"4 minutos\" \/>\n<script type=\"application\/ld+json\" class=\"yoast-schema-graph\">{\"@context\":\"https:\\\/\\\/schema.org\",\"@graph\":[{\"@type\":\"Article\",\"@id\":\"https:\\\/\\\/www.encontravitoria.com.br\\\/sobre\\\/vitoria-divulga-programacao-do-carro-fumace-para-o-mes-de-julho\\\/#article\",\"isPartOf\":{\"@id\":\"https:\\\/\\\/www.encontravitoria.com.br\\\/sobre\\\/vitoria-divulga-programacao-do-carro-fumace-para-o-mes-de-julho\\\/\"},\"author\":{\"name\":\"Encontra Vit\u00f3ria\",\"@id\":\"https:\\\/\\\/www.encontravitoria.com.br\\\/sobre\\\/#\\\/schema\\\/person\\\/0f8e5bcc88fbadf1bad57afd504f48a2\"},\"headline\":\"Vit\u00f3ria divulga programa\u00e7\u00e3o do carro fumac\u00ea para o m\u00eas de julho\",\"datePublished\":\"2026-07-06T18:42:33+00:00\",\"mainEntityOfPage\":{\"@id\":\"https:\\\/\\\/www.encontravitoria.com.br\\\/sobre\\\/vitoria-divulga-programacao-do-carro-fumace-para-o-mes-de-julho\\\/\"},\"wordCount\":832,\"commentCount\":0,\"image\":{\"@id\":\"https:\\\/\\\/www.encontravitoria.com.br\\\/sobre\\\/vitoria-divulga-programacao-do-carro-fumace-para-o-mes-de-julho\\\/#primaryimage\"},\"thumbnailUrl\":\"https:\\\/\\\/www.encontravitoria.com.br\\\/sobre\\\/wp-content\\\/uploads\\\/2026\\\/07\\\/vitoria-divulga-programacao-do-carro-fumace-para-o-mes-de-julho.webp\",\"articleSection\":[\"Not\u00edcias Vit\u00f3ria\"],\"inLanguage\":\"pt-BR\",\"potentialAction\":[{\"@type\":\"CommentAction\",\"name\":\"Comment\",\"target\":[\"https:\\\/\\\/www.encontravitoria.com.br\\\/sobre\\\/vitoria-divulga-programacao-do-carro-fumace-para-o-mes-de-julho\\\/#respond\"]}]},{\"@type\":\"WebPage\",\"@id\":\"https:\\\/\\\/www.encontravitoria.com.br\\\/sobre\\\/vitoria-divulga-programacao-do-carro-fumace-para-o-mes-de-julho\\\/\",\"url\":\"https:\\\/\\\/www.encontravitoria.com.br\\\/sobre\\\/vitoria-divulga-programacao-do-carro-fumace-para-o-mes-de-julho\\\/\",\"name\":\"Vit\u00f3ria divulga programa\u00e7\u00e3o do carro fumac\u00ea para o m\u00eas de julho - Encontra Vit\u00f3ria\",\"isPartOf\":{\"@id\":\"https:\\\/\\\/www.encontravitoria.com.br\\\/sobre\\\/#website\"},\"primaryImageOfPage\":{\"@id\":\"https:\\\/\\\/www.encontravitoria.com.br\\\/sobre\\\/vitoria-divulga-programacao-do-carro-fumace-para-o-mes-de-julho\\\/#primaryimage\"},\"image\":{\"@id\":\"https:\\\/\\\/www.encontravitoria.com.br\\\/sobre\\\/vitoria-divulga-programacao-do-carro-fumace-para-o-mes-de-julho\\\/#primaryimage\"},\"thumbnailUrl\":\"https:\\\/\\\/www.encontravitoria.com.br\\\/sobre\\\/wp-content\\\/uploads\\\/2026\\\/07\\\/vitoria-divulga-programacao-do-carro-fumace-para-o-mes-de-julho.webp\",\"datePublished\":\"2026-07-06T18:42:33+00:00\",\"author\":{\"@id\":\"https:\\\/\\\/www.encontravitoria.com.br\\\/sobre\\\/#\\\/schema\\\/person\\\/0f8e5bcc88fbadf1bad57afd504f48a2\"},\"breadcrumb\":{\"@id\":\"https:\\\/\\\/www.encontravitoria.com.br\\\/sobre\\\/vitoria-divulga-programacao-do-carro-fumace-para-o-mes-de-julho\\\/#breadcrumb\"},\"inLanguage\":\"pt-BR\",\"potentialAction\":[{\"@type\":\"ReadAction\",\"target\":[\"https:\\\/\\\/www.encontravitoria.com.br\\\/sobre\\\/vitoria-divulga-programacao-do-carro-fumace-para-o-mes-de-julho\\\/\"]}]},{\"@type\":\"ImageObject\",\"inLanguage\":\"pt-BR\",\"@id\":\"https:\\\/\\\/www.encontravitoria.com.br\\\/sobre\\\/vitoria-divulga-programacao-do-carro-fumace-para-o-mes-de-julho\\\/#primaryimage\",\"url\":\"https:\\\/\\\/www.encontravitoria.com.br\\\/sobre\\\/wp-content\\\/uploads\\\/2026\\\/07\\\/vitoria-divulga-programacao-do-carro-fumace-para-o-mes-de-julho.webp\",\"contentUrl\":\"https:\\\/\\\/www.encontravitoria.com.br\\\/sobre\\\/wp-content\\\/uploads\\\/2026\\\/07\\\/vitoria-divulga-programacao-do-carro-fumace-para-o-mes-de-julho.webp\",\"width\":280,\"height\":280,\"caption\":\"carro fumac\u00ea\"},{\"@type\":\"BreadcrumbList\",\"@id\":\"https:\\\/\\\/www.encontravitoria.com.br\\\/sobre\\\/vitoria-divulga-programacao-do-carro-fumace-para-o-mes-de-julho\\\/#breadcrumb\",\"itemListElement\":[{\"@type\":\"ListItem\",\"position\":1,\"name\":\"In\u00edcio\",\"item\":\"https:\\\/\\\/www.encontravitoria.com.br\\\/sobre\\\/\"},{\"@type\":\"ListItem\",\"position\":2,\"name\":\"Vit\u00f3ria divulga programa\u00e7\u00e3o do carro fumac\u00ea para o m\u00eas de julho\"}]},{\"@type\":\"WebSite\",\"@id\":\"https:\\\/\\\/www.encontravitoria.com.br\\\/sobre\\\/#website\",\"url\":\"https:\\\/\\\/www.encontravitoria.com.br\\\/sobre\\\/\",\"name\":\"Encontra Vit\u00f3ria\",\"description\":\"Not\u00edcias, eventos, informa\u00e7\u00f5es e dicas na cidade Vit\u00f3ria e regi\u00e3o.\",\"potentialAction\":[{\"@type\":\"SearchAction\",\"target\":{\"@type\":\"EntryPoint\",\"urlTemplate\":\"https:\\\/\\\/www.encontravitoria.com.br\\\/sobre\\\/?s={search_term_string}\"},\"query-input\":{\"@type\":\"PropertyValueSpecification\",\"valueRequired\":true,\"valueName\":\"search_term_string\"}}],\"inLanguage\":\"pt-BR\"},{\"@type\":\"Person\",\"@id\":\"https:\\\/\\\/www.encontravitoria.com.br\\\/sobre\\\/#\\\/schema\\\/person\\\/0f8e5bcc88fbadf1bad57afd504f48a2\",\"name\":\"Encontra Vit\u00f3ria\",\"image\":{\"@type\":\"ImageObject\",\"inLanguage\":\"pt-BR\",\"@id\":\"https:\\\/\\\/secure.gravatar.com\\\/avatar\\\/507340682b8270222e1f208e23198b6ae7e2c6a1033ae84e99bc6bce4f82a387?s=96&d=mm&r=g\",\"url\":\"https:\\\/\\\/secure.gravatar.com\\\/avatar\\\/507340682b8270222e1f208e23198b6ae7e2c6a1033ae84e99bc6bce4f82a387?s=96&d=mm&r=g\",\"contentUrl\":\"https:\\\/\\\/secure.gravatar.com\\\/avatar\\\/507340682b8270222e1f208e23198b6ae7e2c6a1033ae84e99bc6bce4f82a387?s=96&d=mm&r=g\",\"caption\":\"Encontra Vit\u00f3ria\"},\"sameAs\":[\"http:\\\/\\\/www.encontravitoria.com.br\"],\"url\":\"https:\\\/\\\/www.encontravitoria.com.br\\\/sobre\\\/author\\\/evitoria\\\/\"}]}<\/script>\n<!-- \/ Yoast SEO plugin. -->","yoast_head_json":{"title":"Vit\u00f3ria divulga programa\u00e7\u00e3o do carro fumac\u00ea para o m\u00eas de julho - Encontra Vit\u00f3ria","robots":{"index":"index","follow":"follow","max-snippet":"max-snippet:-1","max-image-preview":"max-image-preview:large","max-video-preview":"max-video-preview:-1"},"canonical":"https:\/\/www.encontravitoria.com.br\/sobre\/vitoria-divulga-programacao-do-carro-fumace-para-o-mes-de-julho\/","og_locale":"pt_BR","og_type":"article","og_title":"Vit\u00f3ria divulga programa\u00e7\u00e3o do carro fumac\u00ea para o m\u00eas de julho - Encontra Vit\u00f3ria","og_description":"Carro fumac\u00ea em Vit\u00f3ria: descubra a programa\u00e7\u00e3o para julho e proteja sua sa\u00fade.","og_url":"https:\/\/www.encontravitoria.com.br\/sobre\/vitoria-divulga-programacao-do-carro-fumace-para-o-mes-de-julho\/","og_site_name":"Encontra Vit\u00f3ria","article_published_time":"2026-07-06T18:42:33+00:00","og_image":[{"url":"https:\/\/www.encontravitoria.com.br\/sobre\/wp-content\/uploads\/2026\/07\/vitoria-divulga-programacao-do-carro-fumace-para-o-mes-de-julho.webp","type":"","width":"","height":""}],"author":"Encontra Vit\u00f3ria","twitter_card":"summary_large_image","twitter_misc":{"Escrito por":"Encontra Vit\u00f3ria","Est. tempo de leitura":"4 minutos"},"schema":{"@context":"https:\/\/schema.org","@graph":[{"@type":"Article","@id":"https:\/\/www.encontravitoria.com.br\/sobre\/vitoria-divulga-programacao-do-carro-fumace-para-o-mes-de-julho\/#article","isPartOf":{"@id":"https:\/\/www.encontravitoria.com.br\/sobre\/vitoria-divulga-programacao-do-carro-fumace-para-o-mes-de-julho\/"},"author":{"name":"Encontra Vit\u00f3ria","@id":"https:\/\/www.encontravitoria.com.br\/sobre\/#\/schema\/person\/0f8e5bcc88fbadf1bad57afd504f48a2"},"headline":"Vit\u00f3ria divulga programa\u00e7\u00e3o do carro fumac\u00ea para o m\u00eas de julho","datePublished":"2026-07-06T18:42:33+00:00","mainEntityOfPage":{"@id":"https:\/\/www.encontravitoria.com.br\/sobre\/vitoria-divulga-programacao-do-carro-fumace-para-o-mes-de-julho\/"},"wordCount":832,"commentCount":0,"image":{"@id":"https:\/\/www.encontravitoria.com.br\/sobre\/vitoria-divulga-programacao-do-carro-fumace-para-o-mes-de-julho\/#primaryimage"},"thumbnailUrl":"https:\/\/www.encontravitoria.com.br\/sobre\/wp-content\/uploads\/2026\/07\/vitoria-divulga-programacao-do-carro-fumace-para-o-mes-de-julho.webp","articleSection":["Not\u00edcias Vit\u00f3ria"],"inLanguage":"pt-BR","potentialAction":[{"@type":"CommentAction","name":"Comment","target":["https:\/\/www.encontravitoria.com.br\/sobre\/vitoria-divulga-programacao-do-carro-fumace-para-o-mes-de-julho\/#respond"]}]},{"@type":"WebPage","@id":"https:\/\/www.encontravitoria.com.br\/sobre\/vitoria-divulga-programacao-do-carro-fumace-para-o-mes-de-julho\/","url":"https:\/\/www.encontravitoria.com.br\/sobre\/vitoria-divulga-programacao-do-carro-fumace-para-o-mes-de-julho\/","name":"Vit\u00f3ria divulga programa\u00e7\u00e3o do carro fumac\u00ea para o m\u00eas de julho - Encontra Vit\u00f3ria","isPartOf":{"@id":"https:\/\/www.encontravitoria.com.br\/sobre\/#website"},"primaryImageOfPage":{"@id":"https:\/\/www.encontravitoria.com.br\/sobre\/vitoria-divulga-programacao-do-carro-fumace-para-o-mes-de-julho\/#primaryimage"},"image":{"@id":"https:\/\/www.encontravitoria.com.br\/sobre\/vitoria-divulga-programacao-do-carro-fumace-para-o-mes-de-julho\/#primaryimage"},"thumbnailUrl":"https:\/\/www.encontravitoria.com.br\/sobre\/wp-content\/uploads\/2026\/07\/vitoria-divulga-programacao-do-carro-fumace-para-o-mes-de-julho.webp","datePublished":"2026-07-06T18:42:33+00:00","author":{"@id":"https:\/\/www.encontravitoria.com.br\/sobre\/#\/schema\/person\/0f8e5bcc88fbadf1bad57afd504f48a2"},"breadcrumb":{"@id":"https:\/\/www.encontravitoria.com.br\/sobre\/vitoria-divulga-programacao-do-carro-fumace-para-o-mes-de-julho\/#breadcrumb"},"inLanguage":"pt-BR","potentialAction":[{"@type":"ReadAction","target":["https:\/\/www.encontravitoria.com.br\/sobre\/vitoria-divulga-programacao-do-carro-fumace-para-o-mes-de-julho\/"]}]},{"@type":"ImageObject","inLanguage":"pt-BR","@id":"https:\/\/www.encontravitoria.com.br\/sobre\/vitoria-divulga-programacao-do-carro-fumace-para-o-mes-de-julho\/#primaryimage","url":"https:\/\/www.encontravitoria.com.br\/sobre\/wp-content\/uploads\/2026\/07\/vitoria-divulga-programacao-do-carro-fumace-para-o-mes-de-julho.webp","contentUrl":"https:\/\/www.encontravitoria.com.br\/sobre\/wp-content\/uploads\/2026\/07\/vitoria-divulga-programacao-do-carro-fumace-para-o-mes-de-julho.webp","width":280,"height":280,"caption":"carro fumac\u00ea"},{"@type":"BreadcrumbList","@id":"https:\/\/www.encontravitoria.com.br\/sobre\/vitoria-divulga-programacao-do-carro-fumace-para-o-mes-de-julho\/#breadcrumb","itemListElement":[{"@type":"ListItem","position":1,"name":"In\u00edcio","item":"https:\/\/www.encontravitoria.com.br\/sobre\/"},{"@type":"ListItem","position":2,"name":"Vit\u00f3ria divulga programa\u00e7\u00e3o do carro fumac\u00ea para o m\u00eas de julho"}]},{"@type":"WebSite","@id":"https:\/\/www.encontravitoria.com.br\/sobre\/#website","url":"https:\/\/www.encontravitoria.com.br\/sobre\/","name":"Encontra Vit\u00f3ria","description":"Not\u00edcias, eventos, informa\u00e7\u00f5es e dicas na cidade Vit\u00f3ria e regi\u00e3o.","potentialAction":[{"@type":"SearchAction","target":{"@type":"EntryPoint","urlTemplate":"https:\/\/www.encontravitoria.com.br\/sobre\/?s={search_term_string}"},"query-input":{"@type":"PropertyValueSpecification","valueRequired":true,"valueName":"search_term_string"}}],"inLanguage":"pt-BR"},{"@type":"Person","@id":"https:\/\/www.encontravitoria.com.br\/sobre\/#\/schema\/person\/0f8e5bcc88fbadf1bad57afd504f48a2","name":"Encontra Vit\u00f3ria","image":{"@type":"ImageObject","inLanguage":"pt-BR","@id":"https:\/\/secure.gravatar.com\/avatar\/507340682b8270222e1f208e23198b6ae7e2c6a1033ae84e99bc6bce4f82a387?s=96&d=mm&r=g","url":"https:\/\/secure.gravatar.com\/avatar\/507340682b8270222e1f208e23198b6ae7e2c6a1033ae84e99bc6bce4f82a387?s=96&d=mm&r=g","contentUrl":"https:\/\/secure.gravatar.com\/avatar\/507340682b8270222e1f208e23198b6ae7e2c6a1033ae84e99bc6bce4f82a387?s=96&d=mm&r=g","caption":"Encontra Vit\u00f3ria"},"sameAs":["http:\/\/www.encontravitoria.com.br"],"url":"https:\/\/www.encontravitoria.com.br\/sobre\/author\/evitoria\/"}]}},"_links":{"self":[{"href":"https:\/\/www.encontravitoria.com.br\/sobre\/wp-json\/wp\/v2\/posts\/1854","targetHints":{"allow":["GET"]}}],"collection":[{"href":"https:\/\/www.encontravitoria.com.br\/sobre\/wp-json\/wp\/v2\/posts"}],"about":[{"href":"https:\/\/www.encontravitoria.com.br\/sobre\/wp-json\/wp\/v2\/types\/post"}],"author":[{"embeddable":true,"href":"https:\/\/www.encontravitoria.com.br\/sobre\/wp-json\/wp\/v2\/users\/1"}],"replies":[{"embeddable":true,"href":"https:\/\/www.encontravitoria.com.br\/sobre\/wp-json\/wp\/v2\/comments?post=1854"}],"version-history":[{"count":0,"href":"https:\/\/www.encontravitoria.com.br\/sobre\/wp-json\/wp\/v2\/posts\/1854\/revisions"}],"wp:featuredmedia":[{"embeddable":true,"href":"https:\/\/www.encontravitoria.com.br\/sobre\/wp-json\/wp\/v2\/media\/1853"}],"wp:attachment":[{"href":"https:\/\/www.encontravitoria.com.br\/sobre\/wp-json\/wp\/v2\/media?parent=1854"}],"wp:term":[{"taxonomy":"category","embeddable":true,"href":"https:\/\/www.encontravitoria.com.br\/sobre\/wp-json\/wp\/v2\/categories?post=1854"},{"taxonomy":"post_tag","embeddable":true,"href":"https:\/\/www.encontravitoria.com.br\/sobre\/wp-json\/wp\/v2\/tags?post=1854"}],"curies":[{"name":"wp","href":"https:\/\/api.w.org\/{rel}","templated":true}]}}