{"id":1907,"date":"2026-07-14T06:00:04","date_gmt":"2026-07-14T06:00:04","guid":{"rendered":"https:\/\/www.encontravitoria.com.br\/sobre\/merendeira-da-rede-de-ensino-de-vitoria-recebe-premiacao-em-brasilia-por-receita-escolar\/"},"modified":"2026-07-14T06:00:04","modified_gmt":"2026-07-14T06:00:04","slug":"merendeira-da-rede-de-ensino-de-vitoria-recebe-premiacao-em-brasilia-por-receita-escolar","status":"publish","type":"post","link":"https:\/\/www.encontravitoria.com.br\/sobre\/merendeira-da-rede-de-ensino-de-vitoria-recebe-premiacao-em-brasilia-por-receita-escolar\/","title":{"rendered":"Merendeira da rede de ensino de Vit\u00f3ria recebe premia\u00e7\u00e3o em Bras\u00edlia por receita escolar"},"content":{"rendered":"<div class=\"23ed37709e053b55400ee1990aeffe41\" data-index=\"1\" style=\"float: none; margin:0px;\">\n<!-- Anuncio display - global -->\r\n<ins class=\"adsbygoogle\"\r\n     style=\"display:block\"\r\n     data-ad-client=\"ca-pub-8585364105181520\"\r\n     data-ad-slot=\"8789329856\"\r\n     data-ad-format=\"auto\"\r\n     data-full-width-responsive=\"true\"><\/ins>\r\n<script>\r\n     (adsbygoogle = window.adsbygoogle || []).push({});\r\n<\/script>\n<\/div>\n<h2>O reconhecimento nacional da alimenta\u00e7\u00e3o escolar<\/h2>\n<p>A merendeira Janete Cust\u00f3dio, que atua na Escola Municipal de Ensino Fundamental (Emef) Ceciliano Abel de Almeida em Vit\u00f3ria, conquistou um pr\u00eamio durante a 3\u00aa edi\u00e7\u00e3o do Concurso Melhores Receitas da Alimenta\u00e7\u00e3o Escolar, promovido pelo Fundo Nacional de Desenvolvimento da Educa\u00e7\u00e3o (FNDE). Essa premia\u00e7\u00e3o, que ocorreu em Bras\u00edlia, destaca a import\u00e2ncia do papel das merendeiras na promo\u00e7\u00e3o da sa\u00fade alimentar nas escolas p\u00fablicas.<\/p>\n<p>Essa valoriza\u00e7\u00e3o do trabalho das merendeiras n\u00e3o s\u00f3 envolve a entrega de pr\u00eamios, mas um reconhecimento amplo da contribui\u00e7\u00e3o significativa que esses profissionais oferecem na educa\u00e7\u00e3o e sa\u00fade das crian\u00e7as. O pr\u00eamio recebido por Janete, que totalizou R$ 5 mil e um trof\u00e9u, \u00e9 uma demonstra\u00e7\u00e3o do esfor\u00e7o para melhorar a qualidade da alimenta\u00e7\u00e3o nas escolas.<\/p>\n<h2>A contribui\u00e7\u00e3o das merendeiras na educa\u00e7\u00e3o p\u00fablica<\/h2>\n<p>As merendeiras desempenham um papel crucial no contexto escolar, indo muito al\u00e9m do fornecimento de refei\u00e7\u00f5es. Elas s\u00e3o respons\u00e1veis por criar um ambiente saud\u00e1vel e acolhedor para os estudantes. A alimenta\u00e7\u00e3o adequada \u00e9 essencial para o aprendizado, pois uma alimenta\u00e7\u00e3o balanceada contribui para o rendimento escolar e o desenvolvimento integral dos alunos. Janete, por meio de sua receita premiada, exemplifica essa conex\u00e3o direta entre boa alimenta\u00e7\u00e3o e aprendizado.<\/p>\n<p><img decoding=\"async\" src=\"https:\/\/www.encontravitoria.com.br\/sobre\/wp-content\/uploads\/2026\/07\/merendeira-da-rede-de-ensino-de-vitoria-recebe-premiacao-em-brasilia-por-receita-escolar.webp\" alt=\"merendeira da rede de ensino de Vit\u00f3ria\" loading=\"lazy\" \/><\/p>\n<p>O concurso em que Janete participou integra o projeto Alimenta\u00e7\u00e3o Escolar Nota 10, que tem a miss\u00e3o de enfatizar a import\u00e2ncia da alimenta\u00e7\u00e3o saud\u00e1vel e sua destina\u00e7\u00e3o nas escolas. Esse reconhecimento reflete n\u00e3o apenas a qualidade nutricional das refei\u00e7\u00f5es, mas tamb\u00e9m a celebra\u00e7\u00e3o da criatividade e inova\u00e7\u00e3o na cozinha, um aspecto fundamental para envolver os alunos no que se refere \u00e0s escolhas alimentares.<\/p>\n<h2>Detalhes sobre a receita premiada de Janete Cust\u00f3dio<\/h2>\n<p>A receita de Janete, que ganhou destaque, \u00e9 uma torta de ab\u00f3bora com frango e requeij\u00e3o de inhame. Essa combina\u00e7\u00e3o saud\u00e1vel e nutritiva n\u00e3o apenas satisfaz o paladar, mas tamb\u00e9m contribui para uma dieta balanceada. O sucesso da receita revela a capacidade das merendeiras de adaptar pratos tradicionais a novos sabores, utilizando ingredientes frescos e saud\u00e1veis. Janete expressou sua gratid\u00e3o por ter sido apoiada por sua equipe, o que possibilitou sua participa\u00e7\u00e3o e a chance de compartilhar sua cria\u00e7\u00e3o culin\u00e1ria ao p\u00fablico.<\/p>\n<h2>A import\u00e2ncia da alimenta\u00e7\u00e3o saud\u00e1vel nas escolas<\/h2>\n<p>A alimenta\u00e7\u00e3o escolar desempenha um papel essencial na promo\u00e7\u00e3o da sa\u00fade infantil. Em um mundo onde a obesidade e as doen\u00e7as relacionadas \u00e0 m\u00e1 alimenta\u00e7\u00e3o est\u00e3o em ascens\u00e3o, garantir que as crian\u00e7as recebam refei\u00e7\u00f5es saud\u00e1veis e balanceadas nas escolas \u00e9 uma prioridade. Em Vit\u00f3ria, mais de 100 mil refei\u00e7\u00f5es s\u00e3o servidas diariamente, o que demonstra o comprometimento da rede municipal de educa\u00e7\u00e3o em oferecer um suporte alimentacional robusto aos alunos.<\/p>\n<p>Estudos mostram que a alimenta\u00e7\u00e3o saud\u00e1vel influencia n\u00e3o apenas a sa\u00fade f\u00edsica das crian\u00e7as, mas tamb\u00e9m sua capacidade de concentra\u00e7\u00e3o e aprendizado. Ao oferecer refei\u00e7\u00f5es que atendem \u00e0s necessidades nutricionais, as escolas contribuem para um ambiente educacional mais eficaz e produtivo.<\/p>\n<h2>Como \u00e9 feita a escolha das melhores receitas<\/h2>\n<p>O processo de sele\u00e7\u00e3o das receitas vencedoras no concurso \u00e9 baseado em crit\u00e9rios que visam avaliar n\u00e3o apenas o sabor, mas tamb\u00e9m o valor nutricional e a apresenta\u00e7\u00e3o dos pratos. As merendeiras s\u00e3o incentivadas a criar receitas que utilizem ingredientes locais e que possam ser facilmente reproduzidas nas escolas. Este crit\u00e9rio \u00e9 essencial para promover a sustentabilidade e o apoio \u00e0 agricultura familiar, alinhando a alimenta\u00e7\u00e3o escolar com os princ\u00edpios de uma dieta respeitosa com o meio ambiente.<\/p>\n<h2>Impactos da alimenta\u00e7\u00e3o escolar na sa\u00fade infantil<\/h2>\n<p>As refei\u00e7\u00f5es escolares t\u00eam um impacto significativo na sa\u00fade e desenvolvimento das crian\u00e7as. A oferta de uma dieta balanceada ajuda a prevenir problemas de sa\u00fade como obesidade, diabetes e defici\u00eancias nutricionais. Um corpo bem nutrido \u00e9 capaz de pensar com mais clareza e produzir melhores resultados acad\u00eamicos. Portanto, as iniciativas como o concurso Melhores Receitas s\u00e3o vitais para estimular n\u00e3o s\u00f3 a qualidade das refei\u00e7\u00f5es, mas tamb\u00e9m a conscientiza\u00e7\u00e3o sobre a alimenta\u00e7\u00e3o saud\u00e1vel nas escolas.<\/p>\n<h2>A parceria entre escolas e agricultura familiar<\/h2>\n<p>Um dos elementos centrais das pr\u00e1ticas alimentares nas escolas de Vit\u00f3ria \u00e9 a parceria estabelecida com os agricultores locais. Essa colabora\u00e7\u00e3o assegura que muitos dos produtos utilizados nas refei\u00e7\u00f5es escolares sejam frescos e de qualidade, al\u00e9m de contribuir significativamente para a economia local. Muitos itens, como frutas e vegetais, s\u00e3o adquiridos diretamente de pequenos produtores, promovendo uma cadeia de valor sustent\u00e1vel. Essa rela\u00e7\u00e3o n\u00e3o apenas garante alimentos de qualidade, mas tamb\u00e9m educa os alunos sobre a import\u00e2ncia da alimenta\u00e7\u00e3o saud\u00e1vel e da agricultura sustent\u00e1vel.<\/p>\n<h2>Pr\u00eamios e incentivos para as merendeiras<\/h2>\n<p>O reconhecimento das merendeiras por meio de pr\u00eamios e concursos n\u00e3o apenas valoriza seu trabalho, mas tamb\u00e9m serve como uma motiva\u00e7\u00e3o para a busca constante pela inova\u00e7\u00e3o na cozinha escolar. Esses incentivos ajudam a cultivar um esp\u00edrito de comunidade e de participa\u00e7\u00e3o, permitindo que as merendeiras compartilhem suas experi\u00eancias e aprendam umas com as outras. A troca de conhecimentos e t\u00e9cnicas culin\u00e1rias \u00e9 enriquecedora, fortalecendo a rede de profissionais da alimenta\u00e7\u00e3o escolar.<\/p>\n<h2>A repercuss\u00e3o da vit\u00f3ria na comunidade de Vit\u00f3ria<\/h2>\n<p>A premia\u00e7\u00e3o de Janete n\u00e3o s\u00f3 trouxe reconhecimento individual, mas tamb\u00e9m destacou o trabalho coletivo de toda a equipe da escola e da Prefeitura de Vit\u00f3ria. Essa vit\u00f3ria gera um sentimento de orgulho entre os alunos, pais e a comunidade, mostrando que o esfor\u00e7o conjunto pode levar a conquistas significativas. A correspond\u00eancia entre a nutri\u00e7\u00e3o escolar e o sucesso dos alunos \u00e9 um claro sinal de que o que se coloca no prato faz diferen\u00e7a na vida educacional das crian\u00e7as.<\/p>\n<h2>O futuro da alimenta\u00e7\u00e3o escolar em Vit\u00f3ria<\/h2>\n<p>O investimento na alimenta\u00e7\u00e3o escolar em Vit\u00f3ria est\u00e1 destinado a crescer e se desenvolver. O compromisso da Prefeitura em melhorar constantemente a qualidade das refei\u00e7\u00f5es e engajar as comunidades locais ser\u00e1 fundamental para alcan\u00e7ar resultados ainda mais expressivos no futuro. A promo\u00e7\u00e3o de iniciativas semelhantes ao concurso Melhores Receitas s\u00e3o esperadas nos pr\u00f3ximos anos, incentivando ainda mais a participa\u00e7\u00e3o das merendeiras e o aprimoramento cont\u00ednuo das pr\u00e1ticas alimentares nas escolas. Ao garantir que as crian\u00e7as t\u00eam acesso a uma alimenta\u00e7\u00e3o de qualidade, Vit\u00f3ria pavimenta o caminho para um futuro mais saud\u00e1vel e produtivo.<\/p>\n\n<div style=\"font-size: 0px; height: 0px; line-height: 0px; margin: 0; padding: 0; clear: both;\"><\/div>","protected":false},"excerpt":{"rendered":"<p>Merendeira da Escola Municipal de Ensino Fundamental \u00e9 premiada por receita escolar em Bras\u00edlia.<\/p>\n","protected":false},"author":1,"featured_media":1906,"comment_status":"open","ping_status":"closed","sticky":false,"template":"","format":"standard","meta":{"footnotes":""},"categories":[16],"tags":[],"class_list":["post-1907","post","type-post","status-publish","format-standard","has-post-thumbnail","hentry","category-educacao-em-vitoria","has_thumb"],"yoast_head":"<!-- This site is optimized with the Yoast SEO plugin v28.2 - https:\/\/yoast.com\/product\/yoast-seo-wordpress\/ -->\n<title>Merendeira da rede de ensino de Vit\u00f3ria recebe premia\u00e7\u00e3o em Bras\u00edlia por receita escolar - Encontra Vit\u00f3ria<\/title>\n<meta name=\"robots\" content=\"index, follow, max-snippet:-1, max-image-preview:large, max-video-preview:-1\" \/>\n<link rel=\"canonical\" href=\"https:\/\/www.encontravitoria.com.br\/sobre\/merendeira-da-rede-de-ensino-de-vitoria-recebe-premiacao-em-brasilia-por-receita-escolar\/\" \/>\n<meta property=\"og:locale\" content=\"pt_BR\" \/>\n<meta property=\"og:type\" content=\"article\" \/>\n<meta property=\"og:title\" content=\"Merendeira da rede de ensino de Vit\u00f3ria recebe premia\u00e7\u00e3o em Bras\u00edlia por receita escolar - Encontra Vit\u00f3ria\" \/>\n<meta property=\"og:description\" content=\"Merendeira da Escola Municipal de Ensino Fundamental \u00e9 premiada por receita escolar em Bras\u00edlia.\" \/>\n<meta property=\"og:url\" content=\"https:\/\/www.encontravitoria.com.br\/sobre\/merendeira-da-rede-de-ensino-de-vitoria-recebe-premiacao-em-brasilia-por-receita-escolar\/\" \/>\n<meta property=\"og:site_name\" content=\"Encontra Vit\u00f3ria\" \/>\n<meta property=\"article:published_time\" content=\"2026-07-14T06:00:04+00:00\" \/>\n<meta property=\"og:image\" content=\"https:\/\/www.encontravitoria.com.br\/sobre\/wp-content\/uploads\/2026\/07\/merendeira-da-rede-de-ensino-de-vitoria-recebe-premiacao-em-brasilia-por-receita-escolar.webp\" \/>\n<meta name=\"author\" content=\"Encontra Vit\u00f3ria\" \/>\n<meta name=\"twitter:card\" content=\"summary_large_image\" \/>\n<meta name=\"twitter:label1\" content=\"Escrito por\" \/>\n\t<meta name=\"twitter:data1\" content=\"Encontra Vit\u00f3ria\" \/>\n\t<meta name=\"twitter:label2\" content=\"Est. tempo de leitura\" \/>\n\t<meta name=\"twitter:data2\" content=\"6 minutos\" \/>\n<script type=\"application\/ld+json\" class=\"yoast-schema-graph\">{\"@context\":\"https:\\\/\\\/schema.org\",\"@graph\":[{\"@type\":\"Article\",\"@id\":\"https:\\\/\\\/www.encontravitoria.com.br\\\/sobre\\\/merendeira-da-rede-de-ensino-de-vitoria-recebe-premiacao-em-brasilia-por-receita-escolar\\\/#article\",\"isPartOf\":{\"@id\":\"https:\\\/\\\/www.encontravitoria.com.br\\\/sobre\\\/merendeira-da-rede-de-ensino-de-vitoria-recebe-premiacao-em-brasilia-por-receita-escolar\\\/\"},\"author\":{\"name\":\"Encontra Vit\u00f3ria\",\"@id\":\"https:\\\/\\\/www.encontravitoria.com.br\\\/sobre\\\/#\\\/schema\\\/person\\\/0f8e5bcc88fbadf1bad57afd504f48a2\"},\"headline\":\"Merendeira da rede de ensino de Vit\u00f3ria recebe premia\u00e7\u00e3o em Bras\u00edlia por receita escolar\",\"datePublished\":\"2026-07-14T06:00:04+00:00\",\"mainEntityOfPage\":{\"@id\":\"https:\\\/\\\/www.encontravitoria.com.br\\\/sobre\\\/merendeira-da-rede-de-ensino-de-vitoria-recebe-premiacao-em-brasilia-por-receita-escolar\\\/\"},\"wordCount\":1164,\"commentCount\":0,\"image\":{\"@id\":\"https:\\\/\\\/www.encontravitoria.com.br\\\/sobre\\\/merendeira-da-rede-de-ensino-de-vitoria-recebe-premiacao-em-brasilia-por-receita-escolar\\\/#primaryimage\"},\"thumbnailUrl\":\"https:\\\/\\\/www.encontravitoria.com.br\\\/sobre\\\/wp-content\\\/uploads\\\/2026\\\/07\\\/merendeira-da-rede-de-ensino-de-vitoria-recebe-premiacao-em-brasilia-por-receita-escolar.webp\",\"articleSection\":[\"Educa\u00e7\u00e3o Vit\u00f3ria\"],\"inLanguage\":\"pt-BR\",\"potentialAction\":[{\"@type\":\"CommentAction\",\"name\":\"Comment\",\"target\":[\"https:\\\/\\\/www.encontravitoria.com.br\\\/sobre\\\/merendeira-da-rede-de-ensino-de-vitoria-recebe-premiacao-em-brasilia-por-receita-escolar\\\/#respond\"]}]},{\"@type\":\"WebPage\",\"@id\":\"https:\\\/\\\/www.encontravitoria.com.br\\\/sobre\\\/merendeira-da-rede-de-ensino-de-vitoria-recebe-premiacao-em-brasilia-por-receita-escolar\\\/\",\"url\":\"https:\\\/\\\/www.encontravitoria.com.br\\\/sobre\\\/merendeira-da-rede-de-ensino-de-vitoria-recebe-premiacao-em-brasilia-por-receita-escolar\\\/\",\"name\":\"Merendeira da rede de ensino de Vit\u00f3ria recebe premia\u00e7\u00e3o em Bras\u00edlia por receita escolar - Encontra Vit\u00f3ria\",\"isPartOf\":{\"@id\":\"https:\\\/\\\/www.encontravitoria.com.br\\\/sobre\\\/#website\"},\"primaryImageOfPage\":{\"@id\":\"https:\\\/\\\/www.encontravitoria.com.br\\\/sobre\\\/merendeira-da-rede-de-ensino-de-vitoria-recebe-premiacao-em-brasilia-por-receita-escolar\\\/#primaryimage\"},\"image\":{\"@id\":\"https:\\\/\\\/www.encontravitoria.com.br\\\/sobre\\\/merendeira-da-rede-de-ensino-de-vitoria-recebe-premiacao-em-brasilia-por-receita-escolar\\\/#primaryimage\"},\"thumbnailUrl\":\"https:\\\/\\\/www.encontravitoria.com.br\\\/sobre\\\/wp-content\\\/uploads\\\/2026\\\/07\\\/merendeira-da-rede-de-ensino-de-vitoria-recebe-premiacao-em-brasilia-por-receita-escolar.webp\",\"datePublished\":\"2026-07-14T06:00:04+00:00\",\"author\":{\"@id\":\"https:\\\/\\\/www.encontravitoria.com.br\\\/sobre\\\/#\\\/schema\\\/person\\\/0f8e5bcc88fbadf1bad57afd504f48a2\"},\"breadcrumb\":{\"@id\":\"https:\\\/\\\/www.encontravitoria.com.br\\\/sobre\\\/merendeira-da-rede-de-ensino-de-vitoria-recebe-premiacao-em-brasilia-por-receita-escolar\\\/#breadcrumb\"},\"inLanguage\":\"pt-BR\",\"potentialAction\":[{\"@type\":\"ReadAction\",\"target\":[\"https:\\\/\\\/www.encontravitoria.com.br\\\/sobre\\\/merendeira-da-rede-de-ensino-de-vitoria-recebe-premiacao-em-brasilia-por-receita-escolar\\\/\"]}]},{\"@type\":\"ImageObject\",\"inLanguage\":\"pt-BR\",\"@id\":\"https:\\\/\\\/www.encontravitoria.com.br\\\/sobre\\\/merendeira-da-rede-de-ensino-de-vitoria-recebe-premiacao-em-brasilia-por-receita-escolar\\\/#primaryimage\",\"url\":\"https:\\\/\\\/www.encontravitoria.com.br\\\/sobre\\\/wp-content\\\/uploads\\\/2026\\\/07\\\/merendeira-da-rede-de-ensino-de-vitoria-recebe-premiacao-em-brasilia-por-receita-escolar.webp\",\"contentUrl\":\"https:\\\/\\\/www.encontravitoria.com.br\\\/sobre\\\/wp-content\\\/uploads\\\/2026\\\/07\\\/merendeira-da-rede-de-ensino-de-vitoria-recebe-premiacao-em-brasilia-por-receita-escolar.webp\",\"width\":280,\"height\":280,\"caption\":\"merendeira da rede de ensino de Vit\u00f3ria\"},{\"@type\":\"BreadcrumbList\",\"@id\":\"https:\\\/\\\/www.encontravitoria.com.br\\\/sobre\\\/merendeira-da-rede-de-ensino-de-vitoria-recebe-premiacao-em-brasilia-por-receita-escolar\\\/#breadcrumb\",\"itemListElement\":[{\"@type\":\"ListItem\",\"position\":1,\"name\":\"In\u00edcio\",\"item\":\"https:\\\/\\\/www.encontravitoria.com.br\\\/sobre\\\/\"},{\"@type\":\"ListItem\",\"position\":2,\"name\":\"Merendeira da rede de ensino de Vit\u00f3ria recebe premia\u00e7\u00e3o em Bras\u00edlia por receita escolar\"}]},{\"@type\":\"WebSite\",\"@id\":\"https:\\\/\\\/www.encontravitoria.com.br\\\/sobre\\\/#website\",\"url\":\"https:\\\/\\\/www.encontravitoria.com.br\\\/sobre\\\/\",\"name\":\"Encontra Vit\u00f3ria\",\"description\":\"Not\u00edcias, eventos, informa\u00e7\u00f5es e dicas na cidade Vit\u00f3ria e regi\u00e3o.\",\"potentialAction\":[{\"@type\":\"SearchAction\",\"target\":{\"@type\":\"EntryPoint\",\"urlTemplate\":\"https:\\\/\\\/www.encontravitoria.com.br\\\/sobre\\\/?s={search_term_string}\"},\"query-input\":{\"@type\":\"PropertyValueSpecification\",\"valueRequired\":true,\"valueName\":\"search_term_string\"}}],\"inLanguage\":\"pt-BR\"},{\"@type\":\"Person\",\"@id\":\"https:\\\/\\\/www.encontravitoria.com.br\\\/sobre\\\/#\\\/schema\\\/person\\\/0f8e5bcc88fbadf1bad57afd504f48a2\",\"name\":\"Encontra Vit\u00f3ria\",\"image\":{\"@type\":\"ImageObject\",\"inLanguage\":\"pt-BR\",\"@id\":\"https:\\\/\\\/secure.gravatar.com\\\/avatar\\\/507340682b8270222e1f208e23198b6ae7e2c6a1033ae84e99bc6bce4f82a387?s=96&d=mm&r=g\",\"url\":\"https:\\\/\\\/secure.gravatar.com\\\/avatar\\\/507340682b8270222e1f208e23198b6ae7e2c6a1033ae84e99bc6bce4f82a387?s=96&d=mm&r=g\",\"contentUrl\":\"https:\\\/\\\/secure.gravatar.com\\\/avatar\\\/507340682b8270222e1f208e23198b6ae7e2c6a1033ae84e99bc6bce4f82a387?s=96&d=mm&r=g\",\"caption\":\"Encontra Vit\u00f3ria\"},\"sameAs\":[\"http:\\\/\\\/www.encontravitoria.com.br\"],\"url\":\"https:\\\/\\\/www.encontravitoria.com.br\\\/sobre\\\/author\\\/evitoria\\\/\"}]}<\/script>\n<!-- \/ Yoast SEO plugin. -->","yoast_head_json":{"title":"Merendeira da rede de ensino de Vit\u00f3ria recebe premia\u00e7\u00e3o em Bras\u00edlia por receita escolar - Encontra Vit\u00f3ria","robots":{"index":"index","follow":"follow","max-snippet":"max-snippet:-1","max-image-preview":"max-image-preview:large","max-video-preview":"max-video-preview:-1"},"canonical":"https:\/\/www.encontravitoria.com.br\/sobre\/merendeira-da-rede-de-ensino-de-vitoria-recebe-premiacao-em-brasilia-por-receita-escolar\/","og_locale":"pt_BR","og_type":"article","og_title":"Merendeira da rede de ensino de Vit\u00f3ria recebe premia\u00e7\u00e3o em Bras\u00edlia por receita escolar - Encontra Vit\u00f3ria","og_description":"Merendeira da Escola Municipal de Ensino Fundamental \u00e9 premiada por receita escolar em Bras\u00edlia.","og_url":"https:\/\/www.encontravitoria.com.br\/sobre\/merendeira-da-rede-de-ensino-de-vitoria-recebe-premiacao-em-brasilia-por-receita-escolar\/","og_site_name":"Encontra Vit\u00f3ria","article_published_time":"2026-07-14T06:00:04+00:00","og_image":[{"url":"https:\/\/www.encontravitoria.com.br\/sobre\/wp-content\/uploads\/2026\/07\/merendeira-da-rede-de-ensino-de-vitoria-recebe-premiacao-em-brasilia-por-receita-escolar.webp","type":"","width":"","height":""}],"author":"Encontra Vit\u00f3ria","twitter_card":"summary_large_image","twitter_misc":{"Escrito por":"Encontra Vit\u00f3ria","Est. tempo de leitura":"6 minutos"},"schema":{"@context":"https:\/\/schema.org","@graph":[{"@type":"Article","@id":"https:\/\/www.encontravitoria.com.br\/sobre\/merendeira-da-rede-de-ensino-de-vitoria-recebe-premiacao-em-brasilia-por-receita-escolar\/#article","isPartOf":{"@id":"https:\/\/www.encontravitoria.com.br\/sobre\/merendeira-da-rede-de-ensino-de-vitoria-recebe-premiacao-em-brasilia-por-receita-escolar\/"},"author":{"name":"Encontra Vit\u00f3ria","@id":"https:\/\/www.encontravitoria.com.br\/sobre\/#\/schema\/person\/0f8e5bcc88fbadf1bad57afd504f48a2"},"headline":"Merendeira da rede de ensino de Vit\u00f3ria recebe premia\u00e7\u00e3o em Bras\u00edlia por receita escolar","datePublished":"2026-07-14T06:00:04+00:00","mainEntityOfPage":{"@id":"https:\/\/www.encontravitoria.com.br\/sobre\/merendeira-da-rede-de-ensino-de-vitoria-recebe-premiacao-em-brasilia-por-receita-escolar\/"},"wordCount":1164,"commentCount":0,"image":{"@id":"https:\/\/www.encontravitoria.com.br\/sobre\/merendeira-da-rede-de-ensino-de-vitoria-recebe-premiacao-em-brasilia-por-receita-escolar\/#primaryimage"},"thumbnailUrl":"https:\/\/www.encontravitoria.com.br\/sobre\/wp-content\/uploads\/2026\/07\/merendeira-da-rede-de-ensino-de-vitoria-recebe-premiacao-em-brasilia-por-receita-escolar.webp","articleSection":["Educa\u00e7\u00e3o Vit\u00f3ria"],"inLanguage":"pt-BR","potentialAction":[{"@type":"CommentAction","name":"Comment","target":["https:\/\/www.encontravitoria.com.br\/sobre\/merendeira-da-rede-de-ensino-de-vitoria-recebe-premiacao-em-brasilia-por-receita-escolar\/#respond"]}]},{"@type":"WebPage","@id":"https:\/\/www.encontravitoria.com.br\/sobre\/merendeira-da-rede-de-ensino-de-vitoria-recebe-premiacao-em-brasilia-por-receita-escolar\/","url":"https:\/\/www.encontravitoria.com.br\/sobre\/merendeira-da-rede-de-ensino-de-vitoria-recebe-premiacao-em-brasilia-por-receita-escolar\/","name":"Merendeira da rede de ensino de Vit\u00f3ria recebe premia\u00e7\u00e3o em Bras\u00edlia por receita escolar - Encontra Vit\u00f3ria","isPartOf":{"@id":"https:\/\/www.encontravitoria.com.br\/sobre\/#website"},"primaryImageOfPage":{"@id":"https:\/\/www.encontravitoria.com.br\/sobre\/merendeira-da-rede-de-ensino-de-vitoria-recebe-premiacao-em-brasilia-por-receita-escolar\/#primaryimage"},"image":{"@id":"https:\/\/www.encontravitoria.com.br\/sobre\/merendeira-da-rede-de-ensino-de-vitoria-recebe-premiacao-em-brasilia-por-receita-escolar\/#primaryimage"},"thumbnailUrl":"https:\/\/www.encontravitoria.com.br\/sobre\/wp-content\/uploads\/2026\/07\/merendeira-da-rede-de-ensino-de-vitoria-recebe-premiacao-em-brasilia-por-receita-escolar.webp","datePublished":"2026-07-14T06:00:04+00:00","author":{"@id":"https:\/\/www.encontravitoria.com.br\/sobre\/#\/schema\/person\/0f8e5bcc88fbadf1bad57afd504f48a2"},"breadcrumb":{"@id":"https:\/\/www.encontravitoria.com.br\/sobre\/merendeira-da-rede-de-ensino-de-vitoria-recebe-premiacao-em-brasilia-por-receita-escolar\/#breadcrumb"},"inLanguage":"pt-BR","potentialAction":[{"@type":"ReadAction","target":["https:\/\/www.encontravitoria.com.br\/sobre\/merendeira-da-rede-de-ensino-de-vitoria-recebe-premiacao-em-brasilia-por-receita-escolar\/"]}]},{"@type":"ImageObject","inLanguage":"pt-BR","@id":"https:\/\/www.encontravitoria.com.br\/sobre\/merendeira-da-rede-de-ensino-de-vitoria-recebe-premiacao-em-brasilia-por-receita-escolar\/#primaryimage","url":"https:\/\/www.encontravitoria.com.br\/sobre\/wp-content\/uploads\/2026\/07\/merendeira-da-rede-de-ensino-de-vitoria-recebe-premiacao-em-brasilia-por-receita-escolar.webp","contentUrl":"https:\/\/www.encontravitoria.com.br\/sobre\/wp-content\/uploads\/2026\/07\/merendeira-da-rede-de-ensino-de-vitoria-recebe-premiacao-em-brasilia-por-receita-escolar.webp","width":280,"height":280,"caption":"merendeira da rede de ensino de Vit\u00f3ria"},{"@type":"BreadcrumbList","@id":"https:\/\/www.encontravitoria.com.br\/sobre\/merendeira-da-rede-de-ensino-de-vitoria-recebe-premiacao-em-brasilia-por-receita-escolar\/#breadcrumb","itemListElement":[{"@type":"ListItem","position":1,"name":"In\u00edcio","item":"https:\/\/www.encontravitoria.com.br\/sobre\/"},{"@type":"ListItem","position":2,"name":"Merendeira da rede de ensino de Vit\u00f3ria recebe premia\u00e7\u00e3o em Bras\u00edlia por receita escolar"}]},{"@type":"WebSite","@id":"https:\/\/www.encontravitoria.com.br\/sobre\/#website","url":"https:\/\/www.encontravitoria.com.br\/sobre\/","name":"Encontra Vit\u00f3ria","description":"Not\u00edcias, eventos, informa\u00e7\u00f5es e dicas na cidade Vit\u00f3ria e regi\u00e3o.","potentialAction":[{"@type":"SearchAction","target":{"@type":"EntryPoint","urlTemplate":"https:\/\/www.encontravitoria.com.br\/sobre\/?s={search_term_string}"},"query-input":{"@type":"PropertyValueSpecification","valueRequired":true,"valueName":"search_term_string"}}],"inLanguage":"pt-BR"},{"@type":"Person","@id":"https:\/\/www.encontravitoria.com.br\/sobre\/#\/schema\/person\/0f8e5bcc88fbadf1bad57afd504f48a2","name":"Encontra Vit\u00f3ria","image":{"@type":"ImageObject","inLanguage":"pt-BR","@id":"https:\/\/secure.gravatar.com\/avatar\/507340682b8270222e1f208e23198b6ae7e2c6a1033ae84e99bc6bce4f82a387?s=96&d=mm&r=g","url":"https:\/\/secure.gravatar.com\/avatar\/507340682b8270222e1f208e23198b6ae7e2c6a1033ae84e99bc6bce4f82a387?s=96&d=mm&r=g","contentUrl":"https:\/\/secure.gravatar.com\/avatar\/507340682b8270222e1f208e23198b6ae7e2c6a1033ae84e99bc6bce4f82a387?s=96&d=mm&r=g","caption":"Encontra Vit\u00f3ria"},"sameAs":["http:\/\/www.encontravitoria.com.br"],"url":"https:\/\/www.encontravitoria.com.br\/sobre\/author\/evitoria\/"}]}},"_links":{"self":[{"href":"https:\/\/www.encontravitoria.com.br\/sobre\/wp-json\/wp\/v2\/posts\/1907","targetHints":{"allow":["GET"]}}],"collection":[{"href":"https:\/\/www.encontravitoria.com.br\/sobre\/wp-json\/wp\/v2\/posts"}],"about":[{"href":"https:\/\/www.encontravitoria.com.br\/sobre\/wp-json\/wp\/v2\/types\/post"}],"author":[{"embeddable":true,"href":"https:\/\/www.encontravitoria.com.br\/sobre\/wp-json\/wp\/v2\/users\/1"}],"replies":[{"embeddable":true,"href":"https:\/\/www.encontravitoria.com.br\/sobre\/wp-json\/wp\/v2\/comments?post=1907"}],"version-history":[{"count":0,"href":"https:\/\/www.encontravitoria.com.br\/sobre\/wp-json\/wp\/v2\/posts\/1907\/revisions"}],"wp:featuredmedia":[{"embeddable":true,"href":"https:\/\/www.encontravitoria.com.br\/sobre\/wp-json\/wp\/v2\/media\/1906"}],"wp:attachment":[{"href":"https:\/\/www.encontravitoria.com.br\/sobre\/wp-json\/wp\/v2\/media?parent=1907"}],"wp:term":[{"taxonomy":"category","embeddable":true,"href":"https:\/\/www.encontravitoria.com.br\/sobre\/wp-json\/wp\/v2\/categories?post=1907"},{"taxonomy":"post_tag","embeddable":true,"href":"https:\/\/www.encontravitoria.com.br\/sobre\/wp-json\/wp\/v2\/tags?post=1907"}],"curies":[{"name":"wp","href":"https:\/\/api.w.org\/{rel}","templated":true}]}}