{"id":1912,"date":"2026-07-14T16:38:36","date_gmt":"2026-07-14T16:38:36","guid":{"rendered":"https:\/\/www.encontravitoria.com.br\/sobre\/vitoria-conclui-a-etapa-de-votacao-das-assembleias-do-conselho-municipal-de-politica-urbana\/"},"modified":"2026-07-14T16:38:36","modified_gmt":"2026-07-14T16:38:36","slug":"vitoria-conclui-a-etapa-de-votacao-das-assembleias-do-conselho-municipal-de-politica-urbana","status":"publish","type":"post","link":"https:\/\/www.encontravitoria.com.br\/sobre\/vitoria-conclui-a-etapa-de-votacao-das-assembleias-do-conselho-municipal-de-politica-urbana\/","title":{"rendered":"Vit\u00f3ria conclui a etapa de vota\u00e7\u00e3o das assembleias do Conselho Municipal de Pol\u00edtica Urbana"},"content":{"rendered":"<div class=\"23ed37709e053b55400ee1990aeffe41\" data-index=\"1\" style=\"float: none; margin:0px;\">\n<!-- Anuncio display - global -->\r\n<ins class=\"adsbygoogle\"\r\n     style=\"display:block\"\r\n     data-ad-client=\"ca-pub-8585364105181520\"\r\n     data-ad-slot=\"8789329856\"\r\n     data-ad-format=\"auto\"\r\n     data-full-width-responsive=\"true\"><\/ins>\r\n<script>\r\n     (adsbygoogle = window.adsbygoogle || []).push({});\r\n<\/script>\n<\/div>\n<h2>Import\u00e2ncia da Participa\u00e7\u00e3o Popular<\/h2>\n<p>A participa\u00e7\u00e3o ativa da popula\u00e7\u00e3o em processos de decis\u00e3o \u00e9 fundamental para o fortalecimento da democracia e para a constru\u00e7\u00e3o de pol\u00edticas que atendam \u00e0s reais necessidades da comunidade. No contexto do Conselho Municipal de Pol\u00edtica Urbana (CMPU), isso se torna ainda mais relevante, uma vez que o conselho \u00e9 respons\u00e1vel por assuntos que impactam diretamente o desenvolvimento e o planejamento urbano da cidade. A presen\u00e7a de cidad\u00e3os nas assembleias assegura que diferentes vozes sejam ouvidas e que as pol\u00edticas p\u00fablicas desenvolvidas reflitam a diversidade de interesses e experi\u00eancias dos moradores.<\/p>\n<h2>Vota\u00e7\u00e3o nas Regi\u00f5es Administrativas<\/h2>\n<p>Na quarta-feira, dia 8, a Prefeitura de Vit\u00f3ria encerrou a vota\u00e7\u00e3o das assembleias territoriais do CMPU, referente ao tri\u00eanio 2026-2029. Esse processo incluiu a vota\u00e7\u00e3o presencial em dias estabelecidos para diferentes Regi\u00f5es Administrativas. A primeira etapa aconteceu no dia 7, onde moradores das Regi\u00f5es 1 e 2 participaram da escolha de seus representantes, seguidos pelas Regi\u00f5es 5 e 8 no dia subsequente.<\/p>\n<p>Em algumas regi\u00f5es, a vota\u00e7\u00e3o n\u00e3o se fez necess\u00e1ria. Isso ocorreu quando houve apenas uma candidatura ou quando os candidatos chegaram a um consenso sobre a divis\u00e3o entre titular e suplente, a fim de assegurar uma representa\u00e7\u00e3o equitativa.<\/p>\n<p><img decoding=\"async\" src=\"https:\/\/www.encontravitoria.com.br\/sobre\/wp-content\/uploads\/2026\/07\/vitoria-conclui-a-etapa-de-votacao-das-assembleias-do-conselho-municipal-de-politica-urbana.webp\" alt=\"Conselho Municipal de Pol\u00edtica Urbana\" loading=\"lazy\" \/><\/p>\n<h2>Resultados das Assembleias<\/h2>\n<p>Os resultados referentes \u00e0 vota\u00e7\u00e3o ser\u00e3o consolidados e publicados em um decreto ap\u00f3s a an\u00e1lise dos recursos, que devem ser apresentados at\u00e9 a pr\u00f3xima ter\u00e7a-feira, dia 14. Essa etapa \u00e9 essencial para garantir que todas as vozes sejam consideradas e que o processo eleitoral ocorra de forma transparente e justa. A posse dos novos representantes est\u00e1 prevista para acontecer ainda em julho, reunindo os l\u00edderes escolhidos para dar voz \u00e0s suas regi\u00f5es.<\/p>\n<h2>Como os Representantes S\u00e3o Escolhidos<\/h2>\n<p>Os representantes que comp\u00f5em o CMPU s\u00e3o eleitos por meio de um processo democr\u00e1tico que prioriza a participa\u00e7\u00e3o da comunidade. Cada Regi\u00e3o Administrativa tem a possibilidade de votar em seus candidatos, sendo que as quest\u00f5es de consenso garantem que a representa\u00e7\u00e3o n\u00e3o s\u00f3 reflita as prefer\u00eancias dos moradores, mas tamb\u00e9m que promova a colabora\u00e7\u00e3o e a harmonia entre os escolhidos. O conselho ser\u00e1 composto por nove representantes titulares, cada um acompanhado por um suplente, o que garante uma organiza\u00e7\u00e3o equilibrada e eficiente.<\/p>\n<h2>O Papel do CMPU na Cidade<\/h2>\n<p>O CMPU desempenha um papel vital nas quest\u00f5es relacionadas ao crescimento e desenvolvimento urbano de Vit\u00f3ria. Ele atua como um espa\u00e7o de delibera\u00e7\u00e3o onde s\u00e3o discutidos e definidos os instrumentos que moldam o planejamento urbano, o uso do solo e as prioridades para os futuros empreendimentos na cidade. A fun\u00e7\u00e3o principal do CMU \u00e9 garantir que o planejamento da cidade seja feito de forma inclusiva, considerando as experi\u00eancias cotidianas dos moradores, o que \u00e9 vital para o desenvolvimento de pol\u00edticas p\u00fablicas mais eficazes.<\/p>\n<h2>Pr\u00f3ximos Passos Ap\u00f3s a Vota\u00e7\u00e3o<\/h2>\n<p>Ap\u00f3s a finaliza\u00e7\u00e3o da vota\u00e7\u00e3o e a posse dos novos representantes, o CMPU ter\u00e1 a responsabilidade de come\u00e7ar a trabalhar nas diretrizes de planejamento urbano que impactar\u00e3o diretamente os moradores. As discuss\u00f5es dever\u00e3o incluir temas como infraestrutura, transporte, habita\u00e7\u00e3o, e preserva\u00e7\u00e3o ambiental, sempre buscando a participa\u00e7\u00e3o dos cidad\u00e3os nas delibera\u00e7\u00f5es.<\/p>\n<h2>Impacto da Vota\u00e7\u00e3o na Comunidade<\/h2>\n<p>O impacto da vota\u00e7\u00e3o nas assembleias do CMPU \u00e9 significativo, pois a escolha dos representantes \u00e9 um reflexo dos anseios da popula\u00e7\u00e3o. Ao permitir que moradores elejam aqueles que melhor representam seus interesses, a cidade v\u00ea um alinhamento maior entre as pol\u00edticas p\u00fablicas e as necessidades reais da popula\u00e7\u00e3o. Este processo n\u00e3o apenas fortalece a democracia local, mas tamb\u00e9m garante que as decis\u00f5es tomadas sejam mais receptivas \u00e0s demandas sociais e territoriais da comunidade.<\/p>\n<h2>Apoio das Lideran\u00e7as Comunit\u00e1rias<\/h2>\n<p>O papel das lideran\u00e7as comunit\u00e1rias \u00e9 fundamental para o sucesso do processo eleitoral e para o fortalecimento do CMPU. Elas atuam como facilitadoras, promovendo o engajamento dos moradores e assegurando que todos tenham acesso \u00e0 informa\u00e7\u00e3o necess\u00e1ria para fazer escolhas conscientes. Essas lideran\u00e7as n\u00e3o s\u00f3 ajudam a mobilizar a comunidade, mas tamb\u00e9m trazem \u00e0 tona quest\u00f5es pertinentes que precisam ser discutidas nas assembleias, enriquecendo o debate e ampliando a representatividade.<\/p>\n<h2>Compromisso da Prefeitura com a Cidadania<\/h2>\n<p>A Prefeitura de Vit\u00f3ria, ao promover essas assembleias e o CMPU, reafirma seu compromisso com a cidadania e a democratiza\u00e7\u00e3o dos processos de governan\u00e7a. Isso demonstra uma preocupa\u00e7\u00e3o em ouvir os cidad\u00e3os e adaptar suas pol\u00edticas de modo a atender as reais demandas da popula\u00e7\u00e3o. O CMPU \u00e9 um canal vital para garantir que as vozes dos moradores sejam escutadas e suas opini\u00f5es registradas nas decis\u00f5es que moldar\u00e3o o futuro urbano da cidade.<\/p>\n<h2>Conhe\u00e7a os Candidatos e Seus Planos<\/h2>\n<p>Os candidatos eleitos para o CMPU trazem consigo uma variedade de experi\u00eancias e propostas que refletem as necessidades de suas comunidades. Ao conhecer os planos e vis\u00f5es dos representantes, a popula\u00e7\u00e3o pode entender melhor como suas preocupa\u00e7\u00f5es estar\u00e3o representadas no conselho. Este conhecimento permite um maior acompanhamento das atividades e delibera\u00e7\u00f5es do CMPU, incentivando os cidad\u00e3os a se engajar ativamente nas discuss\u00f5es e reivindica\u00e7\u00f5es que emergem dos debates p\u00fablicos.<\/p>\n<h2>Conclus\u00e3o<\/h2>\n<p>Em resumo, a recente vota\u00e7\u00e3o das assembleias do CMPU representa um marco significativo para a governan\u00e7a em Vit\u00f3ria, promovendo a participa\u00e7\u00e3o popular e assegurando que os cidad\u00e3os tenham voz nas quest\u00f5es que afetam seu cotidiano. A mobiliza\u00e7\u00e3o e o engajamento da comunidade, junto ao apoio da Prefeitura e das lideran\u00e7as comunit\u00e1rias, s\u00e3o fundamentais para a constru\u00e7\u00e3o de um futuro urbano mais inclusivo e sustent\u00e1vel. O compromisso cont\u00ednuo com a participa\u00e7\u00e3o e a transpar\u00eancia garantir\u00e1 que todos possam contribuir para o desenvolvimento de sua cidade.<\/p>\n\n<div style=\"font-size: 0px; height: 0px; line-height: 0px; margin: 0; padding: 0; clear: both;\"><\/div>","protected":false},"excerpt":{"rendered":"<p>Vit\u00f3ria conclui vota\u00e7\u00e3o das assembleias do Conselho Municipal de Pol\u00edtica Urbana com participa\u00e7\u00e3o significativa da popula\u00e7\u00e3o.<\/p>\n","protected":false},"author":1,"featured_media":1911,"comment_status":"open","ping_status":"closed","sticky":false,"template":"","format":"standard","meta":{"footnotes":""},"categories":[16],"tags":[],"class_list":["post-1912","post","type-post","status-publish","format-standard","has-post-thumbnail","hentry","category-educacao-em-vitoria","has_thumb"],"yoast_head":"<!-- This site is optimized with the Yoast SEO plugin v28.2 - https:\/\/yoast.com\/product\/yoast-seo-wordpress\/ -->\n<title>Vit\u00f3ria conclui a etapa de vota\u00e7\u00e3o das assembleias do Conselho Municipal de Pol\u00edtica Urbana - Encontra Vit\u00f3ria<\/title>\n<meta name=\"robots\" content=\"index, follow, max-snippet:-1, max-image-preview:large, max-video-preview:-1\" \/>\n<link rel=\"canonical\" href=\"https:\/\/www.encontravitoria.com.br\/sobre\/vitoria-conclui-a-etapa-de-votacao-das-assembleias-do-conselho-municipal-de-politica-urbana\/\" \/>\n<meta property=\"og:locale\" content=\"pt_BR\" \/>\n<meta property=\"og:type\" content=\"article\" \/>\n<meta property=\"og:title\" content=\"Vit\u00f3ria conclui a etapa de vota\u00e7\u00e3o das assembleias do Conselho Municipal de Pol\u00edtica Urbana - Encontra Vit\u00f3ria\" \/>\n<meta property=\"og:description\" content=\"Vit\u00f3ria conclui vota\u00e7\u00e3o das assembleias do Conselho Municipal de Pol\u00edtica Urbana com participa\u00e7\u00e3o significativa da popula\u00e7\u00e3o.\" \/>\n<meta property=\"og:url\" content=\"https:\/\/www.encontravitoria.com.br\/sobre\/vitoria-conclui-a-etapa-de-votacao-das-assembleias-do-conselho-municipal-de-politica-urbana\/\" \/>\n<meta property=\"og:site_name\" content=\"Encontra Vit\u00f3ria\" \/>\n<meta property=\"article:published_time\" content=\"2026-07-14T16:38:36+00:00\" \/>\n<meta property=\"og:image\" content=\"https:\/\/www.encontravitoria.com.br\/sobre\/wp-content\/uploads\/2026\/07\/vitoria-conclui-a-etapa-de-votacao-das-assembleias-do-conselho-municipal-de-politica-urbana.webp\" \/>\n<meta name=\"author\" content=\"Encontra Vit\u00f3ria\" \/>\n<meta name=\"twitter:card\" content=\"summary_large_image\" \/>\n<meta name=\"twitter:label1\" content=\"Escrito por\" \/>\n\t<meta name=\"twitter:data1\" content=\"Encontra Vit\u00f3ria\" \/>\n\t<meta name=\"twitter:label2\" content=\"Est. tempo de leitura\" \/>\n\t<meta name=\"twitter:data2\" content=\"5 minutos\" \/>\n<script type=\"application\/ld+json\" class=\"yoast-schema-graph\">{\"@context\":\"https:\\\/\\\/schema.org\",\"@graph\":[{\"@type\":\"Article\",\"@id\":\"https:\\\/\\\/www.encontravitoria.com.br\\\/sobre\\\/vitoria-conclui-a-etapa-de-votacao-das-assembleias-do-conselho-municipal-de-politica-urbana\\\/#article\",\"isPartOf\":{\"@id\":\"https:\\\/\\\/www.encontravitoria.com.br\\\/sobre\\\/vitoria-conclui-a-etapa-de-votacao-das-assembleias-do-conselho-municipal-de-politica-urbana\\\/\"},\"author\":{\"name\":\"Encontra Vit\u00f3ria\",\"@id\":\"https:\\\/\\\/www.encontravitoria.com.br\\\/sobre\\\/#\\\/schema\\\/person\\\/0f8e5bcc88fbadf1bad57afd504f48a2\"},\"headline\":\"Vit\u00f3ria conclui a etapa de vota\u00e7\u00e3o das assembleias do Conselho Municipal de Pol\u00edtica Urbana\",\"datePublished\":\"2026-07-14T16:38:36+00:00\",\"mainEntityOfPage\":{\"@id\":\"https:\\\/\\\/www.encontravitoria.com.br\\\/sobre\\\/vitoria-conclui-a-etapa-de-votacao-das-assembleias-do-conselho-municipal-de-politica-urbana\\\/\"},\"wordCount\":1025,\"commentCount\":0,\"image\":{\"@id\":\"https:\\\/\\\/www.encontravitoria.com.br\\\/sobre\\\/vitoria-conclui-a-etapa-de-votacao-das-assembleias-do-conselho-municipal-de-politica-urbana\\\/#primaryimage\"},\"thumbnailUrl\":\"https:\\\/\\\/www.encontravitoria.com.br\\\/sobre\\\/wp-content\\\/uploads\\\/2026\\\/07\\\/vitoria-conclui-a-etapa-de-votacao-das-assembleias-do-conselho-municipal-de-politica-urbana.webp\",\"articleSection\":[\"Educa\u00e7\u00e3o Vit\u00f3ria\"],\"inLanguage\":\"pt-BR\",\"potentialAction\":[{\"@type\":\"CommentAction\",\"name\":\"Comment\",\"target\":[\"https:\\\/\\\/www.encontravitoria.com.br\\\/sobre\\\/vitoria-conclui-a-etapa-de-votacao-das-assembleias-do-conselho-municipal-de-politica-urbana\\\/#respond\"]}]},{\"@type\":\"WebPage\",\"@id\":\"https:\\\/\\\/www.encontravitoria.com.br\\\/sobre\\\/vitoria-conclui-a-etapa-de-votacao-das-assembleias-do-conselho-municipal-de-politica-urbana\\\/\",\"url\":\"https:\\\/\\\/www.encontravitoria.com.br\\\/sobre\\\/vitoria-conclui-a-etapa-de-votacao-das-assembleias-do-conselho-municipal-de-politica-urbana\\\/\",\"name\":\"Vit\u00f3ria conclui a etapa de vota\u00e7\u00e3o das assembleias do Conselho Municipal de Pol\u00edtica Urbana - Encontra Vit\u00f3ria\",\"isPartOf\":{\"@id\":\"https:\\\/\\\/www.encontravitoria.com.br\\\/sobre\\\/#website\"},\"primaryImageOfPage\":{\"@id\":\"https:\\\/\\\/www.encontravitoria.com.br\\\/sobre\\\/vitoria-conclui-a-etapa-de-votacao-das-assembleias-do-conselho-municipal-de-politica-urbana\\\/#primaryimage\"},\"image\":{\"@id\":\"https:\\\/\\\/www.encontravitoria.com.br\\\/sobre\\\/vitoria-conclui-a-etapa-de-votacao-das-assembleias-do-conselho-municipal-de-politica-urbana\\\/#primaryimage\"},\"thumbnailUrl\":\"https:\\\/\\\/www.encontravitoria.com.br\\\/sobre\\\/wp-content\\\/uploads\\\/2026\\\/07\\\/vitoria-conclui-a-etapa-de-votacao-das-assembleias-do-conselho-municipal-de-politica-urbana.webp\",\"datePublished\":\"2026-07-14T16:38:36+00:00\",\"author\":{\"@id\":\"https:\\\/\\\/www.encontravitoria.com.br\\\/sobre\\\/#\\\/schema\\\/person\\\/0f8e5bcc88fbadf1bad57afd504f48a2\"},\"breadcrumb\":{\"@id\":\"https:\\\/\\\/www.encontravitoria.com.br\\\/sobre\\\/vitoria-conclui-a-etapa-de-votacao-das-assembleias-do-conselho-municipal-de-politica-urbana\\\/#breadcrumb\"},\"inLanguage\":\"pt-BR\",\"potentialAction\":[{\"@type\":\"ReadAction\",\"target\":[\"https:\\\/\\\/www.encontravitoria.com.br\\\/sobre\\\/vitoria-conclui-a-etapa-de-votacao-das-assembleias-do-conselho-municipal-de-politica-urbana\\\/\"]}]},{\"@type\":\"ImageObject\",\"inLanguage\":\"pt-BR\",\"@id\":\"https:\\\/\\\/www.encontravitoria.com.br\\\/sobre\\\/vitoria-conclui-a-etapa-de-votacao-das-assembleias-do-conselho-municipal-de-politica-urbana\\\/#primaryimage\",\"url\":\"https:\\\/\\\/www.encontravitoria.com.br\\\/sobre\\\/wp-content\\\/uploads\\\/2026\\\/07\\\/vitoria-conclui-a-etapa-de-votacao-das-assembleias-do-conselho-municipal-de-politica-urbana.webp\",\"contentUrl\":\"https:\\\/\\\/www.encontravitoria.com.br\\\/sobre\\\/wp-content\\\/uploads\\\/2026\\\/07\\\/vitoria-conclui-a-etapa-de-votacao-das-assembleias-do-conselho-municipal-de-politica-urbana.webp\",\"width\":280,\"height\":280,\"caption\":\"Conselho Municipal de Pol\u00edtica Urbana\"},{\"@type\":\"BreadcrumbList\",\"@id\":\"https:\\\/\\\/www.encontravitoria.com.br\\\/sobre\\\/vitoria-conclui-a-etapa-de-votacao-das-assembleias-do-conselho-municipal-de-politica-urbana\\\/#breadcrumb\",\"itemListElement\":[{\"@type\":\"ListItem\",\"position\":1,\"name\":\"In\u00edcio\",\"item\":\"https:\\\/\\\/www.encontravitoria.com.br\\\/sobre\\\/\"},{\"@type\":\"ListItem\",\"position\":2,\"name\":\"Vit\u00f3ria conclui a etapa de vota\u00e7\u00e3o das assembleias do Conselho Municipal de Pol\u00edtica Urbana\"}]},{\"@type\":\"WebSite\",\"@id\":\"https:\\\/\\\/www.encontravitoria.com.br\\\/sobre\\\/#website\",\"url\":\"https:\\\/\\\/www.encontravitoria.com.br\\\/sobre\\\/\",\"name\":\"Encontra Vit\u00f3ria\",\"description\":\"Not\u00edcias, eventos, informa\u00e7\u00f5es e dicas na cidade Vit\u00f3ria e regi\u00e3o.\",\"potentialAction\":[{\"@type\":\"SearchAction\",\"target\":{\"@type\":\"EntryPoint\",\"urlTemplate\":\"https:\\\/\\\/www.encontravitoria.com.br\\\/sobre\\\/?s={search_term_string}\"},\"query-input\":{\"@type\":\"PropertyValueSpecification\",\"valueRequired\":true,\"valueName\":\"search_term_string\"}}],\"inLanguage\":\"pt-BR\"},{\"@type\":\"Person\",\"@id\":\"https:\\\/\\\/www.encontravitoria.com.br\\\/sobre\\\/#\\\/schema\\\/person\\\/0f8e5bcc88fbadf1bad57afd504f48a2\",\"name\":\"Encontra Vit\u00f3ria\",\"image\":{\"@type\":\"ImageObject\",\"inLanguage\":\"pt-BR\",\"@id\":\"https:\\\/\\\/secure.gravatar.com\\\/avatar\\\/507340682b8270222e1f208e23198b6ae7e2c6a1033ae84e99bc6bce4f82a387?s=96&d=mm&r=g\",\"url\":\"https:\\\/\\\/secure.gravatar.com\\\/avatar\\\/507340682b8270222e1f208e23198b6ae7e2c6a1033ae84e99bc6bce4f82a387?s=96&d=mm&r=g\",\"contentUrl\":\"https:\\\/\\\/secure.gravatar.com\\\/avatar\\\/507340682b8270222e1f208e23198b6ae7e2c6a1033ae84e99bc6bce4f82a387?s=96&d=mm&r=g\",\"caption\":\"Encontra Vit\u00f3ria\"},\"sameAs\":[\"http:\\\/\\\/www.encontravitoria.com.br\"],\"url\":\"https:\\\/\\\/www.encontravitoria.com.br\\\/sobre\\\/author\\\/evitoria\\\/\"}]}<\/script>\n<!-- \/ Yoast SEO plugin. -->","yoast_head_json":{"title":"Vit\u00f3ria conclui a etapa de vota\u00e7\u00e3o das assembleias do Conselho Municipal de Pol\u00edtica Urbana - Encontra Vit\u00f3ria","robots":{"index":"index","follow":"follow","max-snippet":"max-snippet:-1","max-image-preview":"max-image-preview:large","max-video-preview":"max-video-preview:-1"},"canonical":"https:\/\/www.encontravitoria.com.br\/sobre\/vitoria-conclui-a-etapa-de-votacao-das-assembleias-do-conselho-municipal-de-politica-urbana\/","og_locale":"pt_BR","og_type":"article","og_title":"Vit\u00f3ria conclui a etapa de vota\u00e7\u00e3o das assembleias do Conselho Municipal de Pol\u00edtica Urbana - Encontra Vit\u00f3ria","og_description":"Vit\u00f3ria conclui vota\u00e7\u00e3o das assembleias do Conselho Municipal de Pol\u00edtica Urbana com participa\u00e7\u00e3o significativa da popula\u00e7\u00e3o.","og_url":"https:\/\/www.encontravitoria.com.br\/sobre\/vitoria-conclui-a-etapa-de-votacao-das-assembleias-do-conselho-municipal-de-politica-urbana\/","og_site_name":"Encontra Vit\u00f3ria","article_published_time":"2026-07-14T16:38:36+00:00","og_image":[{"url":"https:\/\/www.encontravitoria.com.br\/sobre\/wp-content\/uploads\/2026\/07\/vitoria-conclui-a-etapa-de-votacao-das-assembleias-do-conselho-municipal-de-politica-urbana.webp","type":"","width":"","height":""}],"author":"Encontra Vit\u00f3ria","twitter_card":"summary_large_image","twitter_misc":{"Escrito por":"Encontra Vit\u00f3ria","Est. tempo de leitura":"5 minutos"},"schema":{"@context":"https:\/\/schema.org","@graph":[{"@type":"Article","@id":"https:\/\/www.encontravitoria.com.br\/sobre\/vitoria-conclui-a-etapa-de-votacao-das-assembleias-do-conselho-municipal-de-politica-urbana\/#article","isPartOf":{"@id":"https:\/\/www.encontravitoria.com.br\/sobre\/vitoria-conclui-a-etapa-de-votacao-das-assembleias-do-conselho-municipal-de-politica-urbana\/"},"author":{"name":"Encontra Vit\u00f3ria","@id":"https:\/\/www.encontravitoria.com.br\/sobre\/#\/schema\/person\/0f8e5bcc88fbadf1bad57afd504f48a2"},"headline":"Vit\u00f3ria conclui a etapa de vota\u00e7\u00e3o das assembleias do Conselho Municipal de Pol\u00edtica Urbana","datePublished":"2026-07-14T16:38:36+00:00","mainEntityOfPage":{"@id":"https:\/\/www.encontravitoria.com.br\/sobre\/vitoria-conclui-a-etapa-de-votacao-das-assembleias-do-conselho-municipal-de-politica-urbana\/"},"wordCount":1025,"commentCount":0,"image":{"@id":"https:\/\/www.encontravitoria.com.br\/sobre\/vitoria-conclui-a-etapa-de-votacao-das-assembleias-do-conselho-municipal-de-politica-urbana\/#primaryimage"},"thumbnailUrl":"https:\/\/www.encontravitoria.com.br\/sobre\/wp-content\/uploads\/2026\/07\/vitoria-conclui-a-etapa-de-votacao-das-assembleias-do-conselho-municipal-de-politica-urbana.webp","articleSection":["Educa\u00e7\u00e3o Vit\u00f3ria"],"inLanguage":"pt-BR","potentialAction":[{"@type":"CommentAction","name":"Comment","target":["https:\/\/www.encontravitoria.com.br\/sobre\/vitoria-conclui-a-etapa-de-votacao-das-assembleias-do-conselho-municipal-de-politica-urbana\/#respond"]}]},{"@type":"WebPage","@id":"https:\/\/www.encontravitoria.com.br\/sobre\/vitoria-conclui-a-etapa-de-votacao-das-assembleias-do-conselho-municipal-de-politica-urbana\/","url":"https:\/\/www.encontravitoria.com.br\/sobre\/vitoria-conclui-a-etapa-de-votacao-das-assembleias-do-conselho-municipal-de-politica-urbana\/","name":"Vit\u00f3ria conclui a etapa de vota\u00e7\u00e3o das assembleias do Conselho Municipal de Pol\u00edtica Urbana - Encontra Vit\u00f3ria","isPartOf":{"@id":"https:\/\/www.encontravitoria.com.br\/sobre\/#website"},"primaryImageOfPage":{"@id":"https:\/\/www.encontravitoria.com.br\/sobre\/vitoria-conclui-a-etapa-de-votacao-das-assembleias-do-conselho-municipal-de-politica-urbana\/#primaryimage"},"image":{"@id":"https:\/\/www.encontravitoria.com.br\/sobre\/vitoria-conclui-a-etapa-de-votacao-das-assembleias-do-conselho-municipal-de-politica-urbana\/#primaryimage"},"thumbnailUrl":"https:\/\/www.encontravitoria.com.br\/sobre\/wp-content\/uploads\/2026\/07\/vitoria-conclui-a-etapa-de-votacao-das-assembleias-do-conselho-municipal-de-politica-urbana.webp","datePublished":"2026-07-14T16:38:36+00:00","author":{"@id":"https:\/\/www.encontravitoria.com.br\/sobre\/#\/schema\/person\/0f8e5bcc88fbadf1bad57afd504f48a2"},"breadcrumb":{"@id":"https:\/\/www.encontravitoria.com.br\/sobre\/vitoria-conclui-a-etapa-de-votacao-das-assembleias-do-conselho-municipal-de-politica-urbana\/#breadcrumb"},"inLanguage":"pt-BR","potentialAction":[{"@type":"ReadAction","target":["https:\/\/www.encontravitoria.com.br\/sobre\/vitoria-conclui-a-etapa-de-votacao-das-assembleias-do-conselho-municipal-de-politica-urbana\/"]}]},{"@type":"ImageObject","inLanguage":"pt-BR","@id":"https:\/\/www.encontravitoria.com.br\/sobre\/vitoria-conclui-a-etapa-de-votacao-das-assembleias-do-conselho-municipal-de-politica-urbana\/#primaryimage","url":"https:\/\/www.encontravitoria.com.br\/sobre\/wp-content\/uploads\/2026\/07\/vitoria-conclui-a-etapa-de-votacao-das-assembleias-do-conselho-municipal-de-politica-urbana.webp","contentUrl":"https:\/\/www.encontravitoria.com.br\/sobre\/wp-content\/uploads\/2026\/07\/vitoria-conclui-a-etapa-de-votacao-das-assembleias-do-conselho-municipal-de-politica-urbana.webp","width":280,"height":280,"caption":"Conselho Municipal de Pol\u00edtica Urbana"},{"@type":"BreadcrumbList","@id":"https:\/\/www.encontravitoria.com.br\/sobre\/vitoria-conclui-a-etapa-de-votacao-das-assembleias-do-conselho-municipal-de-politica-urbana\/#breadcrumb","itemListElement":[{"@type":"ListItem","position":1,"name":"In\u00edcio","item":"https:\/\/www.encontravitoria.com.br\/sobre\/"},{"@type":"ListItem","position":2,"name":"Vit\u00f3ria conclui a etapa de vota\u00e7\u00e3o das assembleias do Conselho Municipal de Pol\u00edtica Urbana"}]},{"@type":"WebSite","@id":"https:\/\/www.encontravitoria.com.br\/sobre\/#website","url":"https:\/\/www.encontravitoria.com.br\/sobre\/","name":"Encontra Vit\u00f3ria","description":"Not\u00edcias, eventos, informa\u00e7\u00f5es e dicas na cidade Vit\u00f3ria e regi\u00e3o.","potentialAction":[{"@type":"SearchAction","target":{"@type":"EntryPoint","urlTemplate":"https:\/\/www.encontravitoria.com.br\/sobre\/?s={search_term_string}"},"query-input":{"@type":"PropertyValueSpecification","valueRequired":true,"valueName":"search_term_string"}}],"inLanguage":"pt-BR"},{"@type":"Person","@id":"https:\/\/www.encontravitoria.com.br\/sobre\/#\/schema\/person\/0f8e5bcc88fbadf1bad57afd504f48a2","name":"Encontra Vit\u00f3ria","image":{"@type":"ImageObject","inLanguage":"pt-BR","@id":"https:\/\/secure.gravatar.com\/avatar\/507340682b8270222e1f208e23198b6ae7e2c6a1033ae84e99bc6bce4f82a387?s=96&d=mm&r=g","url":"https:\/\/secure.gravatar.com\/avatar\/507340682b8270222e1f208e23198b6ae7e2c6a1033ae84e99bc6bce4f82a387?s=96&d=mm&r=g","contentUrl":"https:\/\/secure.gravatar.com\/avatar\/507340682b8270222e1f208e23198b6ae7e2c6a1033ae84e99bc6bce4f82a387?s=96&d=mm&r=g","caption":"Encontra Vit\u00f3ria"},"sameAs":["http:\/\/www.encontravitoria.com.br"],"url":"https:\/\/www.encontravitoria.com.br\/sobre\/author\/evitoria\/"}]}},"_links":{"self":[{"href":"https:\/\/www.encontravitoria.com.br\/sobre\/wp-json\/wp\/v2\/posts\/1912","targetHints":{"allow":["GET"]}}],"collection":[{"href":"https:\/\/www.encontravitoria.com.br\/sobre\/wp-json\/wp\/v2\/posts"}],"about":[{"href":"https:\/\/www.encontravitoria.com.br\/sobre\/wp-json\/wp\/v2\/types\/post"}],"author":[{"embeddable":true,"href":"https:\/\/www.encontravitoria.com.br\/sobre\/wp-json\/wp\/v2\/users\/1"}],"replies":[{"embeddable":true,"href":"https:\/\/www.encontravitoria.com.br\/sobre\/wp-json\/wp\/v2\/comments?post=1912"}],"version-history":[{"count":0,"href":"https:\/\/www.encontravitoria.com.br\/sobre\/wp-json\/wp\/v2\/posts\/1912\/revisions"}],"wp:featuredmedia":[{"embeddable":true,"href":"https:\/\/www.encontravitoria.com.br\/sobre\/wp-json\/wp\/v2\/media\/1911"}],"wp:attachment":[{"href":"https:\/\/www.encontravitoria.com.br\/sobre\/wp-json\/wp\/v2\/media?parent=1912"}],"wp:term":[{"taxonomy":"category","embeddable":true,"href":"https:\/\/www.encontravitoria.com.br\/sobre\/wp-json\/wp\/v2\/categories?post=1912"},{"taxonomy":"post_tag","embeddable":true,"href":"https:\/\/www.encontravitoria.com.br\/sobre\/wp-json\/wp\/v2\/tags?post=1912"}],"curies":[{"name":"wp","href":"https:\/\/api.w.org\/{rel}","templated":true}]}}