{"id":1940,"date":"2026-07-16T10:30:45","date_gmt":"2026-07-16T10:30:45","guid":{"rendered":"https:\/\/www.encontravitoria.com.br\/sobre\/projetos-de-saude-de-vitoria-ganham-evidencia-em-congresso-internacional-da-rede-unida\/"},"modified":"2026-07-16T10:30:45","modified_gmt":"2026-07-16T10:30:45","slug":"projetos-de-saude-de-vitoria-ganham-evidencia-em-congresso-internacional-da-rede-unida","status":"publish","type":"post","link":"https:\/\/www.encontravitoria.com.br\/sobre\/projetos-de-saude-de-vitoria-ganham-evidencia-em-congresso-internacional-da-rede-unida\/","title":{"rendered":"Projetos de sa\u00fade de Vit\u00f3ria ganham evid\u00eancia em Congresso Internacional da Rede Unida"},"content":{"rendered":"<div class=\"23ed37709e053b55400ee1990aeffe41\" data-index=\"1\" style=\"float: none; margin:0px;\">\n<!-- Anuncio display - global -->\r\n<ins class=\"adsbygoogle\"\r\n     style=\"display:block\"\r\n     data-ad-client=\"ca-pub-8585364105181520\"\r\n     data-ad-slot=\"8789329856\"\r\n     data-ad-format=\"auto\"\r\n     data-full-width-responsive=\"true\"><\/ins>\r\n<script>\r\n     (adsbygoogle = window.adsbygoogle || []).push({});\r\n<\/script>\n<\/div>\n<h2>Import\u00e2ncia dos projetos de sa\u00fade em Vit\u00f3ria<\/h2>\n<p>Os projetos de sa\u00fade implementados pela Secretaria Municipal de Sa\u00fade de Vit\u00f3ria (Semus) s\u00e3o cruciais n\u00e3o apenas para o bem-estar da popula\u00e7\u00e3o, mas tamb\u00e9m para o fortalecimento da rede de sa\u00fade p\u00fablica. Ao direcionar aten\u00e7\u00e3o a cuidados integrativos e promover a autonomia dos cidad\u00e3os, esses projetos ampliam as possibilidades de tratamentos e ajudam a criar uma sociedade mais consciente sobre sa\u00fade e autocuidado.<\/p>\n<p>Com a crescente demanda por pr\u00e1ticas que considerem a totalidade do ser humano, iniciativas como a &#8220;Forma\u00e7\u00e3o em Auriculoterapia no SUS em Vit\u00f3ria&#8221; e o &#8220;Projeto Grupo Jardim da Sa\u00fade&#8221; evidenciam o comprometimento da not\u00e1vel cidade capixaba em transformar n\u00e3o apenas a sa\u00fade dos seus cidad\u00e3os, mas tamb\u00e9m as pr\u00e1ticas relacionadas \u00e0s pol\u00edticas de sa\u00fade p\u00fablica.<\/p>\n<h2>A apresenta\u00e7\u00e3o no Congresso Internacional<\/h2>\n<p>Recentemente, dois projetos desenvolvidos na capital capixaba foram destacados no XVII Congresso Internacional da Rede Unida, realizado na UEMA em S\u00e3o Lu\u00eds. O reconhecimento internacional \u00e9 um marco para a cidade, que tenta mostrar a for\u00e7a de suas pr\u00e1ticas de sa\u00fade. Neste congresso, foram discutidos n\u00e3o apenas os resultados, mas tamb\u00e9m a import\u00e2ncia da implementa\u00e7\u00e3o de alternativas \u00e0 medicina tradicional, contribuindo assim para uma sa\u00fade mais humanizada e acess\u00edvel.<\/p>\n<p><img decoding=\"async\" src=\"https:\/\/www.encontravitoria.com.br\/sobre\/wp-content\/uploads\/2026\/07\/projetos-de-saude-de-vitoria-ganham-evidencia-em-congresso-internacional-da-rede-unida.webp\" alt=\"projetos de sa\u00fade de Vit\u00f3ria\" loading=\"lazy\" \/><\/p>\n<h2>Autonomia dos usu\u00e1rios na sa\u00fade<\/h2>\n<p>A autonomia do usu\u00e1rio \u00e9 um dos pilares que orientam as pr\u00e1ticas de sa\u00fade em Vit\u00f3ria. Projetos como o &#8220;Grupo Jardim da Sa\u00fade&#8221; t\u00eam o objetivo de incentivar o uso de plantas medicinais, capacitando os moradores a utiliz\u00e1-las de maneira segura. Al\u00e9m disso, o envolvimento da popula\u00e7\u00e3o em rodas de conversas n\u00e3o apenas promove conhecimento, mas tamb\u00e9m fortalece os la\u00e7os comunit\u00e1rios, ajudando as pessoas a se tornarem agentes de sua pr\u00f3pria sa\u00fade.<\/p>\n<h2>Inova\u00e7\u00f5es em Auriculoterapia no SUS<\/h2>\n<p>A Auriculoterapia est\u00e1 se consolidando como uma abordagem valiosa dentro do Sistema \u00danico de Sa\u00fade (SUS) em Vit\u00f3ria. O projeto que qualifica profissionais nessa t\u00e9cnica visa oferecer interven\u00e7\u00f5es que abordam quest\u00f5es como ansiedade e dor, mostrando resultados positivos. A forma\u00e7\u00e3o cont\u00ednua de 54 profissionais em 2024 e 2025 gerou mais de 1.900 atendimentos. O m\u00e9todo n\u00e3o s\u00f3 \u00e9 inovador, mas tamb\u00e9m pr\u00e1tico, alocando via prontu\u00e1rio eletr\u00f4nico, o que garante um acompanhamento adequado e eficaz das interven\u00e7\u00f5es.<\/p>\n<h2>Grupo Jardim da Sa\u00fade e seus benef\u00edcios<\/h2>\n<p>O &#8220;Grupo Jardim da Sa\u00fade&#8221; se destaca por sua proposta de transformar o espa\u00e7o da Unidade de Sa\u00fade da Fam\u00edlia em um local de cultivo e aprendizado sobre autocuidado. Iniciado em 2014, o projeto tem se mostrado eficaz no tratamento de condi\u00e7\u00f5es como estresse e ins\u00f4nia, ao integrar saberes tradicionais e cient\u00edficos. A colabora\u00e7\u00e3o da comunidade tem sido fundamental para o sucesso do projeto, onde os participantes relatam benef\u00edcios significativos em suas rotinas de sa\u00fade.<\/p>\n<h2>Avalia\u00e7\u00e3o dos projetos pela comunidade<\/h2>\n<p>A avalia\u00e7\u00e3o da percep\u00e7\u00e3o e dos resultados dos projetos pela comunidade \u00e9 uma pr\u00e1tica recorrente. Os usu\u00e1rios se mostram satisfeitos n\u00e3o apenas com os cuidados recebidos, mas tamb\u00e9m com a possibilidade de dialogar sobre suas experi\u00eancias. A reflex\u00e3o constante sobre os resultados e feedbacks dos cidad\u00e3os ajuda a Semus a ajustar suas estrat\u00e9gias, garantindo que as iniciativas atendam melhor as demandas da popula\u00e7\u00e3o.<\/p>\n<h2>Experi\u00eancias compartilhadas entre os congressistas<\/h2>\n<p>O Congresso Internacional da Rede Unida possibilitou a troca de experi\u00eancias entre profissionais de diversas regi\u00f5es, enriquecendo o debate sobre sa\u00fade p\u00fablica no Brasil. A variedade de relatos sobre pr\u00e1ticas de sucesso e os desafios enfrentados refor\u00e7am a import\u00e2ncia do trabalho coletivo na busca por solu\u00e7\u00f5es inovadoras. O compartilhamento dessas viv\u00eancias enriqueceu o conhecimento e gerou novas ideias que podem ser aplicadas em Vit\u00f3ria e outras localidades.<\/p>\n<h2>Sa\u00fade p\u00fablica e desafios contempor\u00e2neos<\/h2>\n<p>A sa\u00fade p\u00fablica enfrenta uma s\u00e9rie de desafios contempor\u00e2neos, que v\u00e3o desde acesso a tratamentos at\u00e9 a promo\u00e7\u00e3o da sa\u00fade mental. Os projetos de Vit\u00f3ria buscam n\u00e3o s\u00f3 respostas para essas quest\u00f5es, mas tamb\u00e9m criar um modelo que possa servir de refer\u00eancia a outras cidades. O enfoque na qualidade do atendimento e na autonomia do paciente \u00e9 uma resposta a esses desafios, proporcionando um servi\u00e7o de sa\u00fade mais humano e efetivo.<\/p>\n<h2>O papel da forma\u00e7\u00e3o continuada em sa\u00fade<\/h2>\n<p>A forma\u00e7\u00e3o continuada dos profissionais de sa\u00fade \u00e9 essencial para garantir a qualidade dos servi\u00e7os prestados. Com a capacita\u00e7\u00e3o constante em pr\u00e1ticas integrativas, como a auriculoterapia, Vit\u00f3ria se posiciona como um exemplo a ser seguido. Isso n\u00e3o apenas melhora o atendimento, mas tamb\u00e9m contribui para um ambiente de trabalho mais motivante e proativo, onde os profissionais est\u00e3o preparados para lidar com as necessidades da popula\u00e7\u00e3o de forma diversificada.<\/p>\n<h2>A relev\u00e2ncia das Pr\u00e1ticas Integrativas e Complementares<\/h2>\n<p>As Pr\u00e1ticas Integrativas e Complementares (PICS) ganham destaque em Vit\u00f3ria como uma forma eficaz de atendimento, pois promovem o bem-estar e a sa\u00fade das pessoas de maneira integral. Ao incorporar t\u00e9cnicas como auriculoterapia e uso de plantas medicinais, o munic\u00edpio demonstra que \u00e9 poss\u00edvel unir conhecimentos tradicionais \u00e0s pr\u00e1ticas modernas, ampliando o horizonte de cuidados dispon\u00edveis no SUS. O reconhecimento desses m\u00e9todos mostra a evolu\u00e7\u00e3o das pol\u00edticas p\u00fablicas voltadas \u00e0 sa\u00fade em Vit\u00f3ria e sua sensibilidade em atender as demandas da popula\u00e7\u00e3o de maneira ampla e eficaz.<\/p>\n\n<div style=\"font-size: 0px; height: 0px; line-height: 0px; margin: 0; padding: 0; clear: both;\"><\/div>","protected":false},"excerpt":{"rendered":"<p>Projete seu interesse: sa\u00fade de Vit\u00f3ria brilha em congresso!<\/p>\n","protected":false},"author":1,"featured_media":1939,"comment_status":"open","ping_status":"closed","sticky":false,"template":"","format":"standard","meta":{"footnotes":""},"categories":[22],"tags":[],"class_list":["post-1940","post","type-post","status-publish","format-standard","has-post-thumbnail","hentry","category-saude-em-vitoria","has_thumb"],"yoast_head":"<!-- This site is optimized with the Yoast SEO plugin v28.2 - https:\/\/yoast.com\/product\/yoast-seo-wordpress\/ -->\n<title>Projetos de sa\u00fade de Vit\u00f3ria ganham evid\u00eancia em Congresso Internacional da Rede Unida - Encontra Vit\u00f3ria<\/title>\n<meta name=\"robots\" content=\"index, follow, max-snippet:-1, max-image-preview:large, max-video-preview:-1\" \/>\n<link rel=\"canonical\" href=\"https:\/\/www.encontravitoria.com.br\/sobre\/projetos-de-saude-de-vitoria-ganham-evidencia-em-congresso-internacional-da-rede-unida\/\" \/>\n<meta property=\"og:locale\" content=\"pt_BR\" \/>\n<meta property=\"og:type\" content=\"article\" \/>\n<meta property=\"og:title\" content=\"Projetos de sa\u00fade de Vit\u00f3ria ganham evid\u00eancia em Congresso Internacional da Rede Unida - Encontra Vit\u00f3ria\" \/>\n<meta property=\"og:description\" content=\"Projete seu interesse: sa\u00fade de Vit\u00f3ria brilha em congresso!\" \/>\n<meta property=\"og:url\" content=\"https:\/\/www.encontravitoria.com.br\/sobre\/projetos-de-saude-de-vitoria-ganham-evidencia-em-congresso-internacional-da-rede-unida\/\" \/>\n<meta property=\"og:site_name\" content=\"Encontra Vit\u00f3ria\" \/>\n<meta property=\"article:published_time\" content=\"2026-07-16T10:30:45+00:00\" \/>\n<meta property=\"og:image\" content=\"https:\/\/www.encontravitoria.com.br\/sobre\/wp-content\/uploads\/2026\/07\/projetos-de-saude-de-vitoria-ganham-evidencia-em-congresso-internacional-da-rede-unida.webp\" \/>\n<meta name=\"author\" content=\"Encontra Vit\u00f3ria\" \/>\n<meta name=\"twitter:card\" content=\"summary_large_image\" \/>\n<meta name=\"twitter:label1\" content=\"Escrito por\" \/>\n\t<meta name=\"twitter:data1\" content=\"Encontra Vit\u00f3ria\" \/>\n\t<meta name=\"twitter:label2\" content=\"Est. tempo de leitura\" \/>\n\t<meta name=\"twitter:data2\" content=\"5 minutos\" \/>\n<script type=\"application\/ld+json\" class=\"yoast-schema-graph\">{\"@context\":\"https:\\\/\\\/schema.org\",\"@graph\":[{\"@type\":\"Article\",\"@id\":\"https:\\\/\\\/www.encontravitoria.com.br\\\/sobre\\\/projetos-de-saude-de-vitoria-ganham-evidencia-em-congresso-internacional-da-rede-unida\\\/#article\",\"isPartOf\":{\"@id\":\"https:\\\/\\\/www.encontravitoria.com.br\\\/sobre\\\/projetos-de-saude-de-vitoria-ganham-evidencia-em-congresso-internacional-da-rede-unida\\\/\"},\"author\":{\"name\":\"Encontra Vit\u00f3ria\",\"@id\":\"https:\\\/\\\/www.encontravitoria.com.br\\\/sobre\\\/#\\\/schema\\\/person\\\/0f8e5bcc88fbadf1bad57afd504f48a2\"},\"headline\":\"Projetos de sa\u00fade de Vit\u00f3ria ganham evid\u00eancia em Congresso Internacional da Rede Unida\",\"datePublished\":\"2026-07-16T10:30:45+00:00\",\"mainEntityOfPage\":{\"@id\":\"https:\\\/\\\/www.encontravitoria.com.br\\\/sobre\\\/projetos-de-saude-de-vitoria-ganham-evidencia-em-congresso-internacional-da-rede-unida\\\/\"},\"wordCount\":980,\"commentCount\":0,\"image\":{\"@id\":\"https:\\\/\\\/www.encontravitoria.com.br\\\/sobre\\\/projetos-de-saude-de-vitoria-ganham-evidencia-em-congresso-internacional-da-rede-unida\\\/#primaryimage\"},\"thumbnailUrl\":\"https:\\\/\\\/www.encontravitoria.com.br\\\/sobre\\\/wp-content\\\/uploads\\\/2026\\\/07\\\/projetos-de-saude-de-vitoria-ganham-evidencia-em-congresso-internacional-da-rede-unida.webp\",\"articleSection\":[\"Sa\u00fade Vit\u00f3ria\"],\"inLanguage\":\"pt-BR\",\"potentialAction\":[{\"@type\":\"CommentAction\",\"name\":\"Comment\",\"target\":[\"https:\\\/\\\/www.encontravitoria.com.br\\\/sobre\\\/projetos-de-saude-de-vitoria-ganham-evidencia-em-congresso-internacional-da-rede-unida\\\/#respond\"]}]},{\"@type\":\"WebPage\",\"@id\":\"https:\\\/\\\/www.encontravitoria.com.br\\\/sobre\\\/projetos-de-saude-de-vitoria-ganham-evidencia-em-congresso-internacional-da-rede-unida\\\/\",\"url\":\"https:\\\/\\\/www.encontravitoria.com.br\\\/sobre\\\/projetos-de-saude-de-vitoria-ganham-evidencia-em-congresso-internacional-da-rede-unida\\\/\",\"name\":\"Projetos de sa\u00fade de Vit\u00f3ria ganham evid\u00eancia em Congresso Internacional da Rede Unida - Encontra Vit\u00f3ria\",\"isPartOf\":{\"@id\":\"https:\\\/\\\/www.encontravitoria.com.br\\\/sobre\\\/#website\"},\"primaryImageOfPage\":{\"@id\":\"https:\\\/\\\/www.encontravitoria.com.br\\\/sobre\\\/projetos-de-saude-de-vitoria-ganham-evidencia-em-congresso-internacional-da-rede-unida\\\/#primaryimage\"},\"image\":{\"@id\":\"https:\\\/\\\/www.encontravitoria.com.br\\\/sobre\\\/projetos-de-saude-de-vitoria-ganham-evidencia-em-congresso-internacional-da-rede-unida\\\/#primaryimage\"},\"thumbnailUrl\":\"https:\\\/\\\/www.encontravitoria.com.br\\\/sobre\\\/wp-content\\\/uploads\\\/2026\\\/07\\\/projetos-de-saude-de-vitoria-ganham-evidencia-em-congresso-internacional-da-rede-unida.webp\",\"datePublished\":\"2026-07-16T10:30:45+00:00\",\"author\":{\"@id\":\"https:\\\/\\\/www.encontravitoria.com.br\\\/sobre\\\/#\\\/schema\\\/person\\\/0f8e5bcc88fbadf1bad57afd504f48a2\"},\"breadcrumb\":{\"@id\":\"https:\\\/\\\/www.encontravitoria.com.br\\\/sobre\\\/projetos-de-saude-de-vitoria-ganham-evidencia-em-congresso-internacional-da-rede-unida\\\/#breadcrumb\"},\"inLanguage\":\"pt-BR\",\"potentialAction\":[{\"@type\":\"ReadAction\",\"target\":[\"https:\\\/\\\/www.encontravitoria.com.br\\\/sobre\\\/projetos-de-saude-de-vitoria-ganham-evidencia-em-congresso-internacional-da-rede-unida\\\/\"]}]},{\"@type\":\"ImageObject\",\"inLanguage\":\"pt-BR\",\"@id\":\"https:\\\/\\\/www.encontravitoria.com.br\\\/sobre\\\/projetos-de-saude-de-vitoria-ganham-evidencia-em-congresso-internacional-da-rede-unida\\\/#primaryimage\",\"url\":\"https:\\\/\\\/www.encontravitoria.com.br\\\/sobre\\\/wp-content\\\/uploads\\\/2026\\\/07\\\/projetos-de-saude-de-vitoria-ganham-evidencia-em-congresso-internacional-da-rede-unida.webp\",\"contentUrl\":\"https:\\\/\\\/www.encontravitoria.com.br\\\/sobre\\\/wp-content\\\/uploads\\\/2026\\\/07\\\/projetos-de-saude-de-vitoria-ganham-evidencia-em-congresso-internacional-da-rede-unida.webp\",\"width\":280,\"height\":280,\"caption\":\"projetos de sa\u00fade de Vit\u00f3ria\"},{\"@type\":\"BreadcrumbList\",\"@id\":\"https:\\\/\\\/www.encontravitoria.com.br\\\/sobre\\\/projetos-de-saude-de-vitoria-ganham-evidencia-em-congresso-internacional-da-rede-unida\\\/#breadcrumb\",\"itemListElement\":[{\"@type\":\"ListItem\",\"position\":1,\"name\":\"In\u00edcio\",\"item\":\"https:\\\/\\\/www.encontravitoria.com.br\\\/sobre\\\/\"},{\"@type\":\"ListItem\",\"position\":2,\"name\":\"Projetos de sa\u00fade de Vit\u00f3ria ganham evid\u00eancia em Congresso Internacional da Rede Unida\"}]},{\"@type\":\"WebSite\",\"@id\":\"https:\\\/\\\/www.encontravitoria.com.br\\\/sobre\\\/#website\",\"url\":\"https:\\\/\\\/www.encontravitoria.com.br\\\/sobre\\\/\",\"name\":\"Encontra Vit\u00f3ria\",\"description\":\"Not\u00edcias, eventos, informa\u00e7\u00f5es e dicas na cidade Vit\u00f3ria e regi\u00e3o.\",\"potentialAction\":[{\"@type\":\"SearchAction\",\"target\":{\"@type\":\"EntryPoint\",\"urlTemplate\":\"https:\\\/\\\/www.encontravitoria.com.br\\\/sobre\\\/?s={search_term_string}\"},\"query-input\":{\"@type\":\"PropertyValueSpecification\",\"valueRequired\":true,\"valueName\":\"search_term_string\"}}],\"inLanguage\":\"pt-BR\"},{\"@type\":\"Person\",\"@id\":\"https:\\\/\\\/www.encontravitoria.com.br\\\/sobre\\\/#\\\/schema\\\/person\\\/0f8e5bcc88fbadf1bad57afd504f48a2\",\"name\":\"Encontra Vit\u00f3ria\",\"image\":{\"@type\":\"ImageObject\",\"inLanguage\":\"pt-BR\",\"@id\":\"https:\\\/\\\/secure.gravatar.com\\\/avatar\\\/507340682b8270222e1f208e23198b6ae7e2c6a1033ae84e99bc6bce4f82a387?s=96&d=mm&r=g\",\"url\":\"https:\\\/\\\/secure.gravatar.com\\\/avatar\\\/507340682b8270222e1f208e23198b6ae7e2c6a1033ae84e99bc6bce4f82a387?s=96&d=mm&r=g\",\"contentUrl\":\"https:\\\/\\\/secure.gravatar.com\\\/avatar\\\/507340682b8270222e1f208e23198b6ae7e2c6a1033ae84e99bc6bce4f82a387?s=96&d=mm&r=g\",\"caption\":\"Encontra Vit\u00f3ria\"},\"sameAs\":[\"http:\\\/\\\/www.encontravitoria.com.br\"],\"url\":\"https:\\\/\\\/www.encontravitoria.com.br\\\/sobre\\\/author\\\/evitoria\\\/\"}]}<\/script>\n<!-- \/ Yoast SEO plugin. -->","yoast_head_json":{"title":"Projetos de sa\u00fade de Vit\u00f3ria ganham evid\u00eancia em Congresso Internacional da Rede Unida - Encontra Vit\u00f3ria","robots":{"index":"index","follow":"follow","max-snippet":"max-snippet:-1","max-image-preview":"max-image-preview:large","max-video-preview":"max-video-preview:-1"},"canonical":"https:\/\/www.encontravitoria.com.br\/sobre\/projetos-de-saude-de-vitoria-ganham-evidencia-em-congresso-internacional-da-rede-unida\/","og_locale":"pt_BR","og_type":"article","og_title":"Projetos de sa\u00fade de Vit\u00f3ria ganham evid\u00eancia em Congresso Internacional da Rede Unida - Encontra Vit\u00f3ria","og_description":"Projete seu interesse: sa\u00fade de Vit\u00f3ria brilha em congresso!","og_url":"https:\/\/www.encontravitoria.com.br\/sobre\/projetos-de-saude-de-vitoria-ganham-evidencia-em-congresso-internacional-da-rede-unida\/","og_site_name":"Encontra Vit\u00f3ria","article_published_time":"2026-07-16T10:30:45+00:00","og_image":[{"url":"https:\/\/www.encontravitoria.com.br\/sobre\/wp-content\/uploads\/2026\/07\/projetos-de-saude-de-vitoria-ganham-evidencia-em-congresso-internacional-da-rede-unida.webp","type":"","width":"","height":""}],"author":"Encontra Vit\u00f3ria","twitter_card":"summary_large_image","twitter_misc":{"Escrito por":"Encontra Vit\u00f3ria","Est. tempo de leitura":"5 minutos"},"schema":{"@context":"https:\/\/schema.org","@graph":[{"@type":"Article","@id":"https:\/\/www.encontravitoria.com.br\/sobre\/projetos-de-saude-de-vitoria-ganham-evidencia-em-congresso-internacional-da-rede-unida\/#article","isPartOf":{"@id":"https:\/\/www.encontravitoria.com.br\/sobre\/projetos-de-saude-de-vitoria-ganham-evidencia-em-congresso-internacional-da-rede-unida\/"},"author":{"name":"Encontra Vit\u00f3ria","@id":"https:\/\/www.encontravitoria.com.br\/sobre\/#\/schema\/person\/0f8e5bcc88fbadf1bad57afd504f48a2"},"headline":"Projetos de sa\u00fade de Vit\u00f3ria ganham evid\u00eancia em Congresso Internacional da Rede Unida","datePublished":"2026-07-16T10:30:45+00:00","mainEntityOfPage":{"@id":"https:\/\/www.encontravitoria.com.br\/sobre\/projetos-de-saude-de-vitoria-ganham-evidencia-em-congresso-internacional-da-rede-unida\/"},"wordCount":980,"commentCount":0,"image":{"@id":"https:\/\/www.encontravitoria.com.br\/sobre\/projetos-de-saude-de-vitoria-ganham-evidencia-em-congresso-internacional-da-rede-unida\/#primaryimage"},"thumbnailUrl":"https:\/\/www.encontravitoria.com.br\/sobre\/wp-content\/uploads\/2026\/07\/projetos-de-saude-de-vitoria-ganham-evidencia-em-congresso-internacional-da-rede-unida.webp","articleSection":["Sa\u00fade Vit\u00f3ria"],"inLanguage":"pt-BR","potentialAction":[{"@type":"CommentAction","name":"Comment","target":["https:\/\/www.encontravitoria.com.br\/sobre\/projetos-de-saude-de-vitoria-ganham-evidencia-em-congresso-internacional-da-rede-unida\/#respond"]}]},{"@type":"WebPage","@id":"https:\/\/www.encontravitoria.com.br\/sobre\/projetos-de-saude-de-vitoria-ganham-evidencia-em-congresso-internacional-da-rede-unida\/","url":"https:\/\/www.encontravitoria.com.br\/sobre\/projetos-de-saude-de-vitoria-ganham-evidencia-em-congresso-internacional-da-rede-unida\/","name":"Projetos de sa\u00fade de Vit\u00f3ria ganham evid\u00eancia em Congresso Internacional da Rede Unida - Encontra Vit\u00f3ria","isPartOf":{"@id":"https:\/\/www.encontravitoria.com.br\/sobre\/#website"},"primaryImageOfPage":{"@id":"https:\/\/www.encontravitoria.com.br\/sobre\/projetos-de-saude-de-vitoria-ganham-evidencia-em-congresso-internacional-da-rede-unida\/#primaryimage"},"image":{"@id":"https:\/\/www.encontravitoria.com.br\/sobre\/projetos-de-saude-de-vitoria-ganham-evidencia-em-congresso-internacional-da-rede-unida\/#primaryimage"},"thumbnailUrl":"https:\/\/www.encontravitoria.com.br\/sobre\/wp-content\/uploads\/2026\/07\/projetos-de-saude-de-vitoria-ganham-evidencia-em-congresso-internacional-da-rede-unida.webp","datePublished":"2026-07-16T10:30:45+00:00","author":{"@id":"https:\/\/www.encontravitoria.com.br\/sobre\/#\/schema\/person\/0f8e5bcc88fbadf1bad57afd504f48a2"},"breadcrumb":{"@id":"https:\/\/www.encontravitoria.com.br\/sobre\/projetos-de-saude-de-vitoria-ganham-evidencia-em-congresso-internacional-da-rede-unida\/#breadcrumb"},"inLanguage":"pt-BR","potentialAction":[{"@type":"ReadAction","target":["https:\/\/www.encontravitoria.com.br\/sobre\/projetos-de-saude-de-vitoria-ganham-evidencia-em-congresso-internacional-da-rede-unida\/"]}]},{"@type":"ImageObject","inLanguage":"pt-BR","@id":"https:\/\/www.encontravitoria.com.br\/sobre\/projetos-de-saude-de-vitoria-ganham-evidencia-em-congresso-internacional-da-rede-unida\/#primaryimage","url":"https:\/\/www.encontravitoria.com.br\/sobre\/wp-content\/uploads\/2026\/07\/projetos-de-saude-de-vitoria-ganham-evidencia-em-congresso-internacional-da-rede-unida.webp","contentUrl":"https:\/\/www.encontravitoria.com.br\/sobre\/wp-content\/uploads\/2026\/07\/projetos-de-saude-de-vitoria-ganham-evidencia-em-congresso-internacional-da-rede-unida.webp","width":280,"height":280,"caption":"projetos de sa\u00fade de Vit\u00f3ria"},{"@type":"BreadcrumbList","@id":"https:\/\/www.encontravitoria.com.br\/sobre\/projetos-de-saude-de-vitoria-ganham-evidencia-em-congresso-internacional-da-rede-unida\/#breadcrumb","itemListElement":[{"@type":"ListItem","position":1,"name":"In\u00edcio","item":"https:\/\/www.encontravitoria.com.br\/sobre\/"},{"@type":"ListItem","position":2,"name":"Projetos de sa\u00fade de Vit\u00f3ria ganham evid\u00eancia em Congresso Internacional da Rede Unida"}]},{"@type":"WebSite","@id":"https:\/\/www.encontravitoria.com.br\/sobre\/#website","url":"https:\/\/www.encontravitoria.com.br\/sobre\/","name":"Encontra Vit\u00f3ria","description":"Not\u00edcias, eventos, informa\u00e7\u00f5es e dicas na cidade Vit\u00f3ria e regi\u00e3o.","potentialAction":[{"@type":"SearchAction","target":{"@type":"EntryPoint","urlTemplate":"https:\/\/www.encontravitoria.com.br\/sobre\/?s={search_term_string}"},"query-input":{"@type":"PropertyValueSpecification","valueRequired":true,"valueName":"search_term_string"}}],"inLanguage":"pt-BR"},{"@type":"Person","@id":"https:\/\/www.encontravitoria.com.br\/sobre\/#\/schema\/person\/0f8e5bcc88fbadf1bad57afd504f48a2","name":"Encontra Vit\u00f3ria","image":{"@type":"ImageObject","inLanguage":"pt-BR","@id":"https:\/\/secure.gravatar.com\/avatar\/507340682b8270222e1f208e23198b6ae7e2c6a1033ae84e99bc6bce4f82a387?s=96&d=mm&r=g","url":"https:\/\/secure.gravatar.com\/avatar\/507340682b8270222e1f208e23198b6ae7e2c6a1033ae84e99bc6bce4f82a387?s=96&d=mm&r=g","contentUrl":"https:\/\/secure.gravatar.com\/avatar\/507340682b8270222e1f208e23198b6ae7e2c6a1033ae84e99bc6bce4f82a387?s=96&d=mm&r=g","caption":"Encontra Vit\u00f3ria"},"sameAs":["http:\/\/www.encontravitoria.com.br"],"url":"https:\/\/www.encontravitoria.com.br\/sobre\/author\/evitoria\/"}]}},"_links":{"self":[{"href":"https:\/\/www.encontravitoria.com.br\/sobre\/wp-json\/wp\/v2\/posts\/1940","targetHints":{"allow":["GET"]}}],"collection":[{"href":"https:\/\/www.encontravitoria.com.br\/sobre\/wp-json\/wp\/v2\/posts"}],"about":[{"href":"https:\/\/www.encontravitoria.com.br\/sobre\/wp-json\/wp\/v2\/types\/post"}],"author":[{"embeddable":true,"href":"https:\/\/www.encontravitoria.com.br\/sobre\/wp-json\/wp\/v2\/users\/1"}],"replies":[{"embeddable":true,"href":"https:\/\/www.encontravitoria.com.br\/sobre\/wp-json\/wp\/v2\/comments?post=1940"}],"version-history":[{"count":0,"href":"https:\/\/www.encontravitoria.com.br\/sobre\/wp-json\/wp\/v2\/posts\/1940\/revisions"}],"wp:featuredmedia":[{"embeddable":true,"href":"https:\/\/www.encontravitoria.com.br\/sobre\/wp-json\/wp\/v2\/media\/1939"}],"wp:attachment":[{"href":"https:\/\/www.encontravitoria.com.br\/sobre\/wp-json\/wp\/v2\/media?parent=1940"}],"wp:term":[{"taxonomy":"category","embeddable":true,"href":"https:\/\/www.encontravitoria.com.br\/sobre\/wp-json\/wp\/v2\/categories?post=1940"},{"taxonomy":"post_tag","embeddable":true,"href":"https:\/\/www.encontravitoria.com.br\/sobre\/wp-json\/wp\/v2\/tags?post=1940"}],"curies":[{"name":"wp","href":"https:\/\/api.w.org\/{rel}","templated":true}]}}