{"id":1942,"date":"2026-07-17T07:47:18","date_gmt":"2026-07-17T07:47:18","guid":{"rendered":"https:\/\/www.encontravitoria.com.br\/sobre\/central-de-servicos-orienta-sobre-destinacao-do-lixo\/"},"modified":"2026-07-17T07:47:18","modified_gmt":"2026-07-17T07:47:18","slug":"central-de-servicos-orienta-sobre-destinacao-do-lixo","status":"publish","type":"post","link":"https:\/\/www.encontravitoria.com.br\/sobre\/central-de-servicos-orienta-sobre-destinacao-do-lixo\/","title":{"rendered":"Central de Servi\u00e7os orienta sobre destina\u00e7\u00e3o do lixo"},"content":{"rendered":"<div class=\"23ed37709e053b55400ee1990aeffe41\" data-index=\"1\" style=\"float: none; margin:0px;\">\n<!-- Anuncio display - global -->\r\n<ins class=\"adsbygoogle\"\r\n     style=\"display:block\"\r\n     data-ad-client=\"ca-pub-8585364105181520\"\r\n     data-ad-slot=\"8789329856\"\r\n     data-ad-format=\"auto\"\r\n     data-full-width-responsive=\"true\"><\/ins>\r\n<script>\r\n     (adsbygoogle = window.adsbygoogle || []).push({});\r\n<\/script>\n<\/div>\n<h2>Como Armazenar o Lixo Durante a Paralisa\u00e7\u00e3o<\/h2>\n<p>Com a interrup\u00e7\u00e3o dos servi\u00e7os de coleta de lixo prevista para a pr\u00f3xima segunda-feira (22), os cidad\u00e3os devem estar atentos \u00e0s diretrizes para o armazenamento adequado de seus res\u00edduos. \u00c9 essencial que o lixo seja mantido em locais seguros e bem vedados, para evitar problemas com a higiene e a sa\u00fade p\u00fablica. Utilize recipientes com tampas que impe\u00e7am a entrada de animais e reduza odores.<\/p>\n<p>Al\u00e9m disso, \u00e9 importante agrupar os res\u00edduos por tipo, como recicl\u00e1veis e org\u00e2nicos, facilitando a disposi\u00e7\u00e3o correta assim que os servi\u00e7os forem normalizados. Evite deixar sacos de lixo expostos ou em \u00e1reas abertas, pois isso pode atrair pragas, p\u00f4r em risco a sa\u00fade p\u00fablica e comprometer a limpeza urbana.<\/p>\n<h2>Import\u00e2ncia da Coleta Seletiva<\/h2>\n<p>A coleta seletiva \u00e9 um passo fundamental para a sustentabilidade e a preserva\u00e7\u00e3o do meio ambiente. Este processo permite a separa\u00e7\u00e3o dos res\u00edduos recicl\u00e1veis, como pl\u00e1sticos, pap\u00e9is, vidros e metais, promovendo sua reutiliza\u00e7\u00e3o e minimizando o volume de lixo enviado a aterros. Durante o per\u00edodo de paralisa\u00e7\u00e3o, \u00e9 vital que os mun\u00edcipes continuem a praticar a separa\u00e7\u00e3o desses materiais, guardando-os de maneira organizada para o descarte apropriado assim que a coleta for retomada.<\/p>\n<p><img decoding=\"async\" src=\"https:\/\/www.encontravitoria.com.br\/sobre\/wp-content\/uploads\/2026\/07\/central-de-servicos-orienta-sobre-destinacao-do-lixo.webp\" alt=\"destina\u00e7\u00e3o do lixo\" loading=\"lazy\" \/><\/p>\n<p>Contribuir com a coleta seletiva n\u00e3o s\u00f3 auxilia na preserva\u00e7\u00e3o do meio ambiente, mas tamb\u00e9m ajuda no desenvolvimento de uma cidade mais limpa e sustent\u00e1vel para todos, promovendo a consci\u00eancia ecol\u00f3gica entre os cidad\u00e3os.<\/p>\n<h2>Orienta\u00e7\u00f5es para Cond\u00f4minos e Estabelecimentos<\/h2>\n<p>Os residentes de condom\u00ednios e propriet\u00e1rios de estabelecimentos comerciais devem adotar cuidados especiais durante a paralisa\u00e7\u00e3o. \u00c9 aconselh\u00e1vel que a administra\u00e7\u00e3o dos pr\u00e9dios e os respons\u00e1veis por empresas informem a todos os moradores e funcion\u00e1rios sobre a interrup\u00e7\u00e3o na coleta de lixo.<\/p>\n<p>Os condom\u00ednios devem designar locais espec\u00edficos para o armazenamento de res\u00edduos, garantindo que sejam mantidos limpos e sem contato com a \u00e1gua para evitar a prolifera\u00e7\u00e3o de insetos. J\u00e1 os estabelecimentos podem selecionar um espa\u00e7o separado e apropriado para os res\u00edduos, evitando o ac\u00famulo nas cal\u00e7adas, o que pode causar transtornos e impactar diretamente a limpeza p\u00fablica.<\/p>\n<h2>Impactos da Paralisa\u00e7\u00e3o no Servi\u00e7o de Limpeza<\/h2>\n<p>A interrup\u00e7\u00e3o dos servi\u00e7os de coleta de lixo pode resultar em diversos impactos negativos, como o ac\u00famulo de res\u00edduos nas ruas e o agravamento dos problemas de sa\u00fade p\u00fablica. A Prefeitura de Vit\u00f3ria, ciente disso, ampliou a comunica\u00e7\u00e3o com a popula\u00e7\u00e3o, orientando sobre como proceder durante esse per\u00edodo.<\/p>\n<p>Al\u00e9m disso, a manuten\u00e7\u00e3o da limpeza urbana depende do esfor\u00e7o conjunto entre os cidad\u00e3os e a administra\u00e7\u00e3o p\u00fablica. Pr\u00e1ticas como o armazenamento adequado de lixo e a sinaliza\u00e7\u00e3o de problemas de ac\u00famulo nas ruas s\u00e3o essenciais para se contrabalan\u00e7ar os efeitos dessa paralisa\u00e7\u00e3o.<\/p>\n<h2>O Papel da Comunidade na Manuten\u00e7\u00e3o da Limpeza<\/h2>\n<p>A responsabilidade pela limpeza da cidade \u00e9 compartilhada entre a Prefeitura e os cidad\u00e3os. Portanto, \u00e9 necess\u00e1rio que todos os envolvidos desempenhem seu papel. A comunidade pode colaborar evitando o descarte irregular de lixo nas vias p\u00fablicas e armazenando adequadamente os res\u00edduos at\u00e9 que a coleta volte a funcionar.<\/p>\n<p>Al\u00e9m disso, a participa\u00e7\u00e3o em campanhas educativas sobre cuidados com o meio ambiente e o aumento da conscientiza\u00e7\u00e3o sobre a import\u00e2ncia da limpeza s\u00e3o cruciais para garantir um espa\u00e7o p\u00fablico mais saud\u00e1vel e sustent\u00e1vel.<\/p>\n<h2>Dicas para Descarte Respons\u00e1vel de Res\u00edduos<\/h2>\n<p>Com a paralisa\u00e7\u00e3o, algumas dicas podem facilitar o descarte respons\u00e1vel de res\u00edduos:<\/p>\n<ul>\n<li><strong>Separar os Materiais:<\/strong> Guarde recicl\u00e1veis e compost\u00e1veis de forma diferenciada at\u00e9 a coleta regular.<\/li>\n<li><strong>Manter os Recipientes Fechados:<\/strong> Utilize sacos pl\u00e1sticos fechados para evitar odores e prolifera\u00e7\u00e3o de germes.<\/li>\n<li><strong>Consultar a Prefeitura:<\/strong> Fique atento a atualiza\u00e7\u00f5es sobre a coleta e procure informa\u00e7\u00f5es sobre servi\u00e7os alternativos.<\/li>\n<li><strong>Evitar Descartes Irregulares:<\/strong> N\u00e3o deixe lixo acumulado em \u00e1reas p\u00fablicas, pois isso pode gerar mais problemas.<\/li>\n<\/ul>\n<h2>Funcionamento da Unidade de Transbordo<\/h2>\n<p>A Unidade de Transbordo, localizada no bairro Resist\u00eancia, ser\u00e1 uma op\u00e7\u00e3o para os moradores durante a paralisa\u00e7\u00e3o. Este espa\u00e7o estar\u00e1 dispon\u00edvel para o descarte de res\u00edduos domiciliares provenientes de ve\u00edculos particulares, oferecendo uma alternativa tempor\u00e1ria e segura.<\/p>\n<p>O funcionamento da unidade ser\u00e1 at\u00e9 \u00e0s 22 horas, permitindo que as pessoas fa\u00e7am o descarte adequado de forma organizada e sem agravar a situa\u00e7\u00e3o de acumula\u00e7\u00e3o nas vias. Isso ajudar\u00e1 na manuten\u00e7\u00e3o da limpeza da cidade.<\/p>\n<h2>Alternativas para Descarte de Res\u00edduos Dom\u00e9sticos<\/h2>\n<p>Al\u00e9m da Unidade de Transbordo, os cidad\u00e3os podem buscar op\u00e7\u00f5es de reciclagem e compostagem em suas comunidades. Algumas cooperativas de catadores podem oferecer servi\u00e7os de coleta de recicl\u00e1veis, que pode ser uma excelente alternativa durante esse per\u00edodo de paralisa\u00e7\u00e3o.<\/p>\n<p>Essas a\u00e7\u00f5es n\u00e3o apenas ajudam a manter a cidade limpa, mas tamb\u00e9m apoiam iniciativas de economia solid\u00e1ria e inclus\u00e3o social, que s\u00e3o fundamentais para o desenvolvimento sustent\u00e1vel.<\/p>\n<h2>Colabora\u00e7\u00e3o da Popula\u00e7\u00e3o Durante a Crise<\/h2>\n<p>A colabora\u00e7\u00e3o da popula\u00e7\u00e3o \u00e9 vital para a supera\u00e7\u00e3o dos desafios gerados pela paralisa\u00e7\u00e3o. Cada cidad\u00e3o deve assumir a responsabilidade de armazenar e descartar res\u00edduos de forma correta, minimizando assim os riscos \u00e0 sa\u00fade coletiva e ao meio ambiente.<\/p>\n<p>Em momentos como esse, a uni\u00e3o da comunidade faz toda a diferen\u00e7a. Incentive seus vizinhos e familiares a se engajarem nesse esfor\u00e7o comum, promovendo pr\u00e1ticas que ajudem a preservar a higiene urbana e garantir um espa\u00e7o mais saud\u00e1vel para todos.<\/p>\n<h2>Como a Prefeitura Est\u00e1 Trabalhando para a Normaliza\u00e7\u00e3o<\/h2>\n<p>A gest\u00e3o municipal est\u00e1 atenta aos acontecimentos e adotando todas as medidas necess\u00e1rias para garantir que os servi\u00e7os de coleta de lixo sejam normalizados assim que poss\u00edvel. A Prefeitura tem realizado reuni\u00f5es e an\u00e1lises para a defini\u00e7\u00e3o de estrat\u00e9gias que ir\u00e3o mitigar os efeitos da paralisa\u00e7\u00e3o.<\/p>\n<p>Al\u00e9m da pronta resposta em informar a popula\u00e7\u00e3o, est\u00e3o sendo feitas avalia\u00e7\u00f5es constantes para assegurar que a cidade mantenha a limpeza e a organiza\u00e7\u00e3o durante este per\u00edodo cr\u00edtico. A administra\u00e7\u00e3o est\u00e1 empenhada em minimizar as consequ\u00eancias e assegurar que a cidade retorno \u00e0 sua normalidade rapidamente.<\/p>\n\n<div style=\"font-size: 0px; height: 0px; line-height: 0px; margin: 0; padding: 0; clear: both;\"><\/div>","protected":false},"excerpt":{"rendered":"<p>Central de Servi\u00e7os ensina a destinar lixo adequadamente durante a paralisa\u00e7\u00e3o dos servi\u00e7os de coleta.<\/p>\n","protected":false},"author":1,"featured_media":1941,"comment_status":"open","ping_status":"closed","sticky":false,"template":"","format":"standard","meta":{"footnotes":""},"categories":[8],"tags":[],"class_list":["post-1942","post","type-post","status-publish","format-standard","has-post-thumbnail","hentry","category-servicos-em-vitoria","has_thumb"],"yoast_head":"<!-- This site is optimized with the Yoast SEO plugin v28.2 - https:\/\/yoast.com\/product\/yoast-seo-wordpress\/ -->\n<title>Central de Servi\u00e7os orienta sobre destina\u00e7\u00e3o do lixo - Encontra Vit\u00f3ria<\/title>\n<meta name=\"robots\" content=\"index, follow, max-snippet:-1, max-image-preview:large, max-video-preview:-1\" \/>\n<link rel=\"canonical\" href=\"https:\/\/www.encontravitoria.com.br\/sobre\/central-de-servicos-orienta-sobre-destinacao-do-lixo\/\" \/>\n<meta property=\"og:locale\" content=\"pt_BR\" \/>\n<meta property=\"og:type\" content=\"article\" \/>\n<meta property=\"og:title\" content=\"Central de Servi\u00e7os orienta sobre destina\u00e7\u00e3o do lixo - Encontra Vit\u00f3ria\" \/>\n<meta property=\"og:description\" content=\"Central de Servi\u00e7os ensina a destinar lixo adequadamente durante a paralisa\u00e7\u00e3o dos servi\u00e7os de coleta.\" \/>\n<meta property=\"og:url\" content=\"https:\/\/www.encontravitoria.com.br\/sobre\/central-de-servicos-orienta-sobre-destinacao-do-lixo\/\" \/>\n<meta property=\"og:site_name\" content=\"Encontra Vit\u00f3ria\" \/>\n<meta property=\"article:published_time\" content=\"2026-07-17T07:47:18+00:00\" \/>\n<meta property=\"og:image\" content=\"https:\/\/www.encontravitoria.com.br\/sobre\/wp-content\/uploads\/2026\/07\/central-de-servicos-orienta-sobre-destinacao-do-lixo.webp\" \/>\n<meta name=\"author\" content=\"Encontra Vit\u00f3ria\" \/>\n<meta name=\"twitter:card\" content=\"summary_large_image\" \/>\n<meta name=\"twitter:label1\" content=\"Escrito por\" \/>\n\t<meta name=\"twitter:data1\" content=\"Encontra Vit\u00f3ria\" \/>\n\t<meta name=\"twitter:label2\" content=\"Est. tempo de leitura\" \/>\n\t<meta name=\"twitter:data2\" content=\"5 minutos\" \/>\n<script type=\"application\/ld+json\" class=\"yoast-schema-graph\">{\"@context\":\"https:\\\/\\\/schema.org\",\"@graph\":[{\"@type\":\"Article\",\"@id\":\"https:\\\/\\\/www.encontravitoria.com.br\\\/sobre\\\/central-de-servicos-orienta-sobre-destinacao-do-lixo\\\/#article\",\"isPartOf\":{\"@id\":\"https:\\\/\\\/www.encontravitoria.com.br\\\/sobre\\\/central-de-servicos-orienta-sobre-destinacao-do-lixo\\\/\"},\"author\":{\"name\":\"Encontra Vit\u00f3ria\",\"@id\":\"https:\\\/\\\/www.encontravitoria.com.br\\\/sobre\\\/#\\\/schema\\\/person\\\/0f8e5bcc88fbadf1bad57afd504f48a2\"},\"headline\":\"Central de Servi\u00e7os orienta sobre destina\u00e7\u00e3o do lixo\",\"datePublished\":\"2026-07-17T07:47:18+00:00\",\"mainEntityOfPage\":{\"@id\":\"https:\\\/\\\/www.encontravitoria.com.br\\\/sobre\\\/central-de-servicos-orienta-sobre-destinacao-do-lixo\\\/\"},\"wordCount\":1110,\"commentCount\":0,\"image\":{\"@id\":\"https:\\\/\\\/www.encontravitoria.com.br\\\/sobre\\\/central-de-servicos-orienta-sobre-destinacao-do-lixo\\\/#primaryimage\"},\"thumbnailUrl\":\"https:\\\/\\\/www.encontravitoria.com.br\\\/sobre\\\/wp-content\\\/uploads\\\/2026\\\/07\\\/central-de-servicos-orienta-sobre-destinacao-do-lixo.webp\",\"articleSection\":[\"Servi\u00e7os Vit\u00f3ria\"],\"inLanguage\":\"pt-BR\",\"potentialAction\":[{\"@type\":\"CommentAction\",\"name\":\"Comment\",\"target\":[\"https:\\\/\\\/www.encontravitoria.com.br\\\/sobre\\\/central-de-servicos-orienta-sobre-destinacao-do-lixo\\\/#respond\"]}]},{\"@type\":\"WebPage\",\"@id\":\"https:\\\/\\\/www.encontravitoria.com.br\\\/sobre\\\/central-de-servicos-orienta-sobre-destinacao-do-lixo\\\/\",\"url\":\"https:\\\/\\\/www.encontravitoria.com.br\\\/sobre\\\/central-de-servicos-orienta-sobre-destinacao-do-lixo\\\/\",\"name\":\"Central de Servi\u00e7os orienta sobre destina\u00e7\u00e3o do lixo - Encontra Vit\u00f3ria\",\"isPartOf\":{\"@id\":\"https:\\\/\\\/www.encontravitoria.com.br\\\/sobre\\\/#website\"},\"primaryImageOfPage\":{\"@id\":\"https:\\\/\\\/www.encontravitoria.com.br\\\/sobre\\\/central-de-servicos-orienta-sobre-destinacao-do-lixo\\\/#primaryimage\"},\"image\":{\"@id\":\"https:\\\/\\\/www.encontravitoria.com.br\\\/sobre\\\/central-de-servicos-orienta-sobre-destinacao-do-lixo\\\/#primaryimage\"},\"thumbnailUrl\":\"https:\\\/\\\/www.encontravitoria.com.br\\\/sobre\\\/wp-content\\\/uploads\\\/2026\\\/07\\\/central-de-servicos-orienta-sobre-destinacao-do-lixo.webp\",\"datePublished\":\"2026-07-17T07:47:18+00:00\",\"author\":{\"@id\":\"https:\\\/\\\/www.encontravitoria.com.br\\\/sobre\\\/#\\\/schema\\\/person\\\/0f8e5bcc88fbadf1bad57afd504f48a2\"},\"breadcrumb\":{\"@id\":\"https:\\\/\\\/www.encontravitoria.com.br\\\/sobre\\\/central-de-servicos-orienta-sobre-destinacao-do-lixo\\\/#breadcrumb\"},\"inLanguage\":\"pt-BR\",\"potentialAction\":[{\"@type\":\"ReadAction\",\"target\":[\"https:\\\/\\\/www.encontravitoria.com.br\\\/sobre\\\/central-de-servicos-orienta-sobre-destinacao-do-lixo\\\/\"]}]},{\"@type\":\"ImageObject\",\"inLanguage\":\"pt-BR\",\"@id\":\"https:\\\/\\\/www.encontravitoria.com.br\\\/sobre\\\/central-de-servicos-orienta-sobre-destinacao-do-lixo\\\/#primaryimage\",\"url\":\"https:\\\/\\\/www.encontravitoria.com.br\\\/sobre\\\/wp-content\\\/uploads\\\/2026\\\/07\\\/central-de-servicos-orienta-sobre-destinacao-do-lixo.webp\",\"contentUrl\":\"https:\\\/\\\/www.encontravitoria.com.br\\\/sobre\\\/wp-content\\\/uploads\\\/2026\\\/07\\\/central-de-servicos-orienta-sobre-destinacao-do-lixo.webp\",\"width\":280,\"height\":280,\"caption\":\"destina\u00e7\u00e3o do lixo\"},{\"@type\":\"BreadcrumbList\",\"@id\":\"https:\\\/\\\/www.encontravitoria.com.br\\\/sobre\\\/central-de-servicos-orienta-sobre-destinacao-do-lixo\\\/#breadcrumb\",\"itemListElement\":[{\"@type\":\"ListItem\",\"position\":1,\"name\":\"In\u00edcio\",\"item\":\"https:\\\/\\\/www.encontravitoria.com.br\\\/sobre\\\/\"},{\"@type\":\"ListItem\",\"position\":2,\"name\":\"Central de Servi\u00e7os orienta sobre destina\u00e7\u00e3o do lixo\"}]},{\"@type\":\"WebSite\",\"@id\":\"https:\\\/\\\/www.encontravitoria.com.br\\\/sobre\\\/#website\",\"url\":\"https:\\\/\\\/www.encontravitoria.com.br\\\/sobre\\\/\",\"name\":\"Encontra Vit\u00f3ria\",\"description\":\"Not\u00edcias, eventos, informa\u00e7\u00f5es e dicas na cidade Vit\u00f3ria e regi\u00e3o.\",\"potentialAction\":[{\"@type\":\"SearchAction\",\"target\":{\"@type\":\"EntryPoint\",\"urlTemplate\":\"https:\\\/\\\/www.encontravitoria.com.br\\\/sobre\\\/?s={search_term_string}\"},\"query-input\":{\"@type\":\"PropertyValueSpecification\",\"valueRequired\":true,\"valueName\":\"search_term_string\"}}],\"inLanguage\":\"pt-BR\"},{\"@type\":\"Person\",\"@id\":\"https:\\\/\\\/www.encontravitoria.com.br\\\/sobre\\\/#\\\/schema\\\/person\\\/0f8e5bcc88fbadf1bad57afd504f48a2\",\"name\":\"Encontra Vit\u00f3ria\",\"image\":{\"@type\":\"ImageObject\",\"inLanguage\":\"pt-BR\",\"@id\":\"https:\\\/\\\/secure.gravatar.com\\\/avatar\\\/507340682b8270222e1f208e23198b6ae7e2c6a1033ae84e99bc6bce4f82a387?s=96&d=mm&r=g\",\"url\":\"https:\\\/\\\/secure.gravatar.com\\\/avatar\\\/507340682b8270222e1f208e23198b6ae7e2c6a1033ae84e99bc6bce4f82a387?s=96&d=mm&r=g\",\"contentUrl\":\"https:\\\/\\\/secure.gravatar.com\\\/avatar\\\/507340682b8270222e1f208e23198b6ae7e2c6a1033ae84e99bc6bce4f82a387?s=96&d=mm&r=g\",\"caption\":\"Encontra Vit\u00f3ria\"},\"sameAs\":[\"http:\\\/\\\/www.encontravitoria.com.br\"],\"url\":\"https:\\\/\\\/www.encontravitoria.com.br\\\/sobre\\\/author\\\/evitoria\\\/\"}]}<\/script>\n<!-- \/ Yoast SEO plugin. -->","yoast_head_json":{"title":"Central de Servi\u00e7os orienta sobre destina\u00e7\u00e3o do lixo - Encontra Vit\u00f3ria","robots":{"index":"index","follow":"follow","max-snippet":"max-snippet:-1","max-image-preview":"max-image-preview:large","max-video-preview":"max-video-preview:-1"},"canonical":"https:\/\/www.encontravitoria.com.br\/sobre\/central-de-servicos-orienta-sobre-destinacao-do-lixo\/","og_locale":"pt_BR","og_type":"article","og_title":"Central de Servi\u00e7os orienta sobre destina\u00e7\u00e3o do lixo - Encontra Vit\u00f3ria","og_description":"Central de Servi\u00e7os ensina a destinar lixo adequadamente durante a paralisa\u00e7\u00e3o dos servi\u00e7os de coleta.","og_url":"https:\/\/www.encontravitoria.com.br\/sobre\/central-de-servicos-orienta-sobre-destinacao-do-lixo\/","og_site_name":"Encontra Vit\u00f3ria","article_published_time":"2026-07-17T07:47:18+00:00","og_image":[{"url":"https:\/\/www.encontravitoria.com.br\/sobre\/wp-content\/uploads\/2026\/07\/central-de-servicos-orienta-sobre-destinacao-do-lixo.webp","type":"","width":"","height":""}],"author":"Encontra Vit\u00f3ria","twitter_card":"summary_large_image","twitter_misc":{"Escrito por":"Encontra Vit\u00f3ria","Est. tempo de leitura":"5 minutos"},"schema":{"@context":"https:\/\/schema.org","@graph":[{"@type":"Article","@id":"https:\/\/www.encontravitoria.com.br\/sobre\/central-de-servicos-orienta-sobre-destinacao-do-lixo\/#article","isPartOf":{"@id":"https:\/\/www.encontravitoria.com.br\/sobre\/central-de-servicos-orienta-sobre-destinacao-do-lixo\/"},"author":{"name":"Encontra Vit\u00f3ria","@id":"https:\/\/www.encontravitoria.com.br\/sobre\/#\/schema\/person\/0f8e5bcc88fbadf1bad57afd504f48a2"},"headline":"Central de Servi\u00e7os orienta sobre destina\u00e7\u00e3o do lixo","datePublished":"2026-07-17T07:47:18+00:00","mainEntityOfPage":{"@id":"https:\/\/www.encontravitoria.com.br\/sobre\/central-de-servicos-orienta-sobre-destinacao-do-lixo\/"},"wordCount":1110,"commentCount":0,"image":{"@id":"https:\/\/www.encontravitoria.com.br\/sobre\/central-de-servicos-orienta-sobre-destinacao-do-lixo\/#primaryimage"},"thumbnailUrl":"https:\/\/www.encontravitoria.com.br\/sobre\/wp-content\/uploads\/2026\/07\/central-de-servicos-orienta-sobre-destinacao-do-lixo.webp","articleSection":["Servi\u00e7os Vit\u00f3ria"],"inLanguage":"pt-BR","potentialAction":[{"@type":"CommentAction","name":"Comment","target":["https:\/\/www.encontravitoria.com.br\/sobre\/central-de-servicos-orienta-sobre-destinacao-do-lixo\/#respond"]}]},{"@type":"WebPage","@id":"https:\/\/www.encontravitoria.com.br\/sobre\/central-de-servicos-orienta-sobre-destinacao-do-lixo\/","url":"https:\/\/www.encontravitoria.com.br\/sobre\/central-de-servicos-orienta-sobre-destinacao-do-lixo\/","name":"Central de Servi\u00e7os orienta sobre destina\u00e7\u00e3o do lixo - Encontra Vit\u00f3ria","isPartOf":{"@id":"https:\/\/www.encontravitoria.com.br\/sobre\/#website"},"primaryImageOfPage":{"@id":"https:\/\/www.encontravitoria.com.br\/sobre\/central-de-servicos-orienta-sobre-destinacao-do-lixo\/#primaryimage"},"image":{"@id":"https:\/\/www.encontravitoria.com.br\/sobre\/central-de-servicos-orienta-sobre-destinacao-do-lixo\/#primaryimage"},"thumbnailUrl":"https:\/\/www.encontravitoria.com.br\/sobre\/wp-content\/uploads\/2026\/07\/central-de-servicos-orienta-sobre-destinacao-do-lixo.webp","datePublished":"2026-07-17T07:47:18+00:00","author":{"@id":"https:\/\/www.encontravitoria.com.br\/sobre\/#\/schema\/person\/0f8e5bcc88fbadf1bad57afd504f48a2"},"breadcrumb":{"@id":"https:\/\/www.encontravitoria.com.br\/sobre\/central-de-servicos-orienta-sobre-destinacao-do-lixo\/#breadcrumb"},"inLanguage":"pt-BR","potentialAction":[{"@type":"ReadAction","target":["https:\/\/www.encontravitoria.com.br\/sobre\/central-de-servicos-orienta-sobre-destinacao-do-lixo\/"]}]},{"@type":"ImageObject","inLanguage":"pt-BR","@id":"https:\/\/www.encontravitoria.com.br\/sobre\/central-de-servicos-orienta-sobre-destinacao-do-lixo\/#primaryimage","url":"https:\/\/www.encontravitoria.com.br\/sobre\/wp-content\/uploads\/2026\/07\/central-de-servicos-orienta-sobre-destinacao-do-lixo.webp","contentUrl":"https:\/\/www.encontravitoria.com.br\/sobre\/wp-content\/uploads\/2026\/07\/central-de-servicos-orienta-sobre-destinacao-do-lixo.webp","width":280,"height":280,"caption":"destina\u00e7\u00e3o do lixo"},{"@type":"BreadcrumbList","@id":"https:\/\/www.encontravitoria.com.br\/sobre\/central-de-servicos-orienta-sobre-destinacao-do-lixo\/#breadcrumb","itemListElement":[{"@type":"ListItem","position":1,"name":"In\u00edcio","item":"https:\/\/www.encontravitoria.com.br\/sobre\/"},{"@type":"ListItem","position":2,"name":"Central de Servi\u00e7os orienta sobre destina\u00e7\u00e3o do lixo"}]},{"@type":"WebSite","@id":"https:\/\/www.encontravitoria.com.br\/sobre\/#website","url":"https:\/\/www.encontravitoria.com.br\/sobre\/","name":"Encontra Vit\u00f3ria","description":"Not\u00edcias, eventos, informa\u00e7\u00f5es e dicas na cidade Vit\u00f3ria e regi\u00e3o.","potentialAction":[{"@type":"SearchAction","target":{"@type":"EntryPoint","urlTemplate":"https:\/\/www.encontravitoria.com.br\/sobre\/?s={search_term_string}"},"query-input":{"@type":"PropertyValueSpecification","valueRequired":true,"valueName":"search_term_string"}}],"inLanguage":"pt-BR"},{"@type":"Person","@id":"https:\/\/www.encontravitoria.com.br\/sobre\/#\/schema\/person\/0f8e5bcc88fbadf1bad57afd504f48a2","name":"Encontra Vit\u00f3ria","image":{"@type":"ImageObject","inLanguage":"pt-BR","@id":"https:\/\/secure.gravatar.com\/avatar\/507340682b8270222e1f208e23198b6ae7e2c6a1033ae84e99bc6bce4f82a387?s=96&d=mm&r=g","url":"https:\/\/secure.gravatar.com\/avatar\/507340682b8270222e1f208e23198b6ae7e2c6a1033ae84e99bc6bce4f82a387?s=96&d=mm&r=g","contentUrl":"https:\/\/secure.gravatar.com\/avatar\/507340682b8270222e1f208e23198b6ae7e2c6a1033ae84e99bc6bce4f82a387?s=96&d=mm&r=g","caption":"Encontra Vit\u00f3ria"},"sameAs":["http:\/\/www.encontravitoria.com.br"],"url":"https:\/\/www.encontravitoria.com.br\/sobre\/author\/evitoria\/"}]}},"_links":{"self":[{"href":"https:\/\/www.encontravitoria.com.br\/sobre\/wp-json\/wp\/v2\/posts\/1942","targetHints":{"allow":["GET"]}}],"collection":[{"href":"https:\/\/www.encontravitoria.com.br\/sobre\/wp-json\/wp\/v2\/posts"}],"about":[{"href":"https:\/\/www.encontravitoria.com.br\/sobre\/wp-json\/wp\/v2\/types\/post"}],"author":[{"embeddable":true,"href":"https:\/\/www.encontravitoria.com.br\/sobre\/wp-json\/wp\/v2\/users\/1"}],"replies":[{"embeddable":true,"href":"https:\/\/www.encontravitoria.com.br\/sobre\/wp-json\/wp\/v2\/comments?post=1942"}],"version-history":[{"count":0,"href":"https:\/\/www.encontravitoria.com.br\/sobre\/wp-json\/wp\/v2\/posts\/1942\/revisions"}],"wp:featuredmedia":[{"embeddable":true,"href":"https:\/\/www.encontravitoria.com.br\/sobre\/wp-json\/wp\/v2\/media\/1941"}],"wp:attachment":[{"href":"https:\/\/www.encontravitoria.com.br\/sobre\/wp-json\/wp\/v2\/media?parent=1942"}],"wp:term":[{"taxonomy":"category","embeddable":true,"href":"https:\/\/www.encontravitoria.com.br\/sobre\/wp-json\/wp\/v2\/categories?post=1942"},{"taxonomy":"post_tag","embeddable":true,"href":"https:\/\/www.encontravitoria.com.br\/sobre\/wp-json\/wp\/v2\/tags?post=1942"}],"curies":[{"name":"wp","href":"https:\/\/api.w.org\/{rel}","templated":true}]}}