{"id":1944,"date":"2026-07-17T07:48:55","date_gmt":"2026-07-17T07:48:55","guid":{"rendered":"https:\/\/www.encontravitoria.com.br\/sobre\/vitoria-conquista-2o-lugar-no-iv-premio-qualidade-da-informacao-contabil-e-fiscal\/"},"modified":"2026-07-17T07:48:55","modified_gmt":"2026-07-17T07:48:55","slug":"vitoria-conquista-2o-lugar-no-iv-premio-qualidade-da-informacao-contabil-e-fiscal","status":"publish","type":"post","link":"https:\/\/www.encontravitoria.com.br\/sobre\/vitoria-conquista-2o-lugar-no-iv-premio-qualidade-da-informacao-contabil-e-fiscal\/","title":{"rendered":"Vit\u00f3ria conquista 2\u00ba lugar no IV Pr\u00eamio Qualidade da Informa\u00e7\u00e3o Cont\u00e1bil e Fiscal"},"content":{"rendered":"<div class=\"23ed37709e053b55400ee1990aeffe41\" data-index=\"1\" style=\"float: none; margin:0px;\">\n<!-- Anuncio display - global -->\r\n<ins class=\"adsbygoogle\"\r\n     style=\"display:block\"\r\n     data-ad-client=\"ca-pub-8585364105181520\"\r\n     data-ad-slot=\"8789329856\"\r\n     data-ad-format=\"auto\"\r\n     data-full-width-responsive=\"true\"><\/ins>\r\n<script>\r\n     (adsbygoogle = window.adsbygoogle || []).push({});\r\n<\/script>\n<\/div>\n<h2>Vit\u00f3ria no IV Pr\u00eamio Qualidade da Informa\u00e7\u00e3o<\/h2>\n<p>A cidade de Vit\u00f3ria se destacou ao alcan\u00e7ar o <strong>2\u00ba lugar<\/strong> no IV Pr\u00eamio Qualidade da Informa\u00e7\u00e3o Cont\u00e1bil e Fiscal, uma iniciativa promovida pela <strong>Secretaria do Tesouro Nacional (STN)<\/strong>. Essa premia\u00e7\u00e3o reconhece a efici\u00eancia e a excel\u00eancia das presta\u00e7\u00f5es de contas realizadas pelos munic\u00edpios brasileiros. O desempenho foi not\u00e1vel ao registrar uma pontua\u00e7\u00e3o de <strong>99,90%<\/strong>, ressaltando a compet\u00eancia no envio de dados cont\u00e1beis e fiscais.<\/p>\n<h2>Excelente Pontua\u00e7\u00e3o de 99,90%<\/h2>\n<p>A pontua\u00e7\u00e3o alcan\u00e7ada por Vit\u00f3ria evidencia um comprometimento com a qualidade das informa\u00e7\u00f5es que s\u00e3o enviadas ao <strong>Sistema de Informa\u00e7\u00f5es Cont\u00e1beis e Fiscais do Setor P\u00fablico Brasileiro (Siconfi)<\/strong>. Este resultado ressalta a import\u00e2ncia da transpar\u00eancia na gest\u00e3o p\u00fablica e a ado\u00e7\u00e3o de boas pr\u00e1ticas na administra\u00e7\u00e3o fiscal, que s\u00e3o essenciais para proporcionar um controle social efetivo.<\/p>\n<h2>Import\u00e2ncia da Transpar\u00eancia na Gest\u00e3o P\u00fablica<\/h2>\n<p>A transpar\u00eancia se configura como um dos pilares fundamentais da gest\u00e3o p\u00fablica. Em Vit\u00f3ria, a alta pontua\u00e7\u00e3o no pr\u00eamio refor\u00e7a o compromisso da administra\u00e7\u00e3o municipal em garantir que todas as informa\u00e7\u00f5es cont\u00e1beis e fiscais estejam acess\u00edveis de forma clara e precisa para a popula\u00e7\u00e3o. Isso n\u00e3o somente fortalece a confian\u00e7a dos cidad\u00e3os, mas tamb\u00e9m fomenta um ambiente de responsabilidade e presta\u00e7\u00e3o de contas na administra\u00e7\u00e3o p\u00fablica.<\/p>\n<p><img decoding=\"async\" src=\"https:\/\/www.encontravitoria.com.br\/sobre\/wp-content\/uploads\/2026\/07\/vitoria-conquista-2-lugar-no-iv-premio-qualidade-da-informacao-contabil-e-fiscal.webp\" alt=\"Pr\u00eamio Qualidade da Informa\u00e7\u00e3o Cont\u00e1bil\" loading=\"lazy\" \/><\/p>\n<h2>Como o Siconfi Avalia as Informa\u00e7\u00f5es Cont\u00e1beis?<\/h2>\n<p>O Siconfi realiza uma avalia\u00e7\u00e3o minuciosa dos relat\u00f3rios e demonstrativos cont\u00e1beis submetidos por todos os entes federativos. Essa an\u00e1lise considera diversos crit\u00e9rios, que incluem a precis\u00e3o dos dados, a regularidade na entrega das informa\u00e7\u00f5es e a adequa\u00e7\u00e3o aos padr\u00f5es estabelecidos. O objetivo \u00e9 elevar o n\u00edvel de qualidade das informa\u00e7\u00f5es fiscais em todo o pa\u00eds, o que, por sua vez, promove uma gest\u00e3o p\u00fablica mais eficaz.<\/p>\n<h2>Contribui\u00e7\u00f5es das Equipes T\u00e9cnicas de Vit\u00f3ria<\/h2>\n<p>A conquista de Vit\u00f3ria no pr\u00eamio \u00e9 resultado do trabalho conjuntos das equipes das secretarias municipais, especialmente da Secretaria Municipal de Fazenda (Semfa). O subsecret\u00e1rio <strong>Riller Pedro Sidequersky<\/strong> e o subsecret\u00e1rio de Contabilidade <strong>Fernando Antonio Barcellos<\/strong> representaram a cidade na cerim\u00f4nia de premia\u00e7\u00e3o, sendo que este reconhecimento \u00e9 creditado ao esfor\u00e7o cont\u00ednuo das equipes respons\u00e1veis pela organiza\u00e7\u00e3o e valida\u00e7\u00e3o das informa\u00e7\u00f5es fiscais.<\/p>\n<h2>Refor\u00e7ando o Compromisso com a Qualidade<\/h2>\n<p>Com esta premia\u00e7\u00e3o, Vit\u00f3ria reafirma seu compromisso com a melhoria cont\u00ednua e a qualidade dos dados p\u00fablicos. As iniciativas que garantem uma gest\u00e3o fiscal transparente s\u00e3o cruciais n\u00e3o apenas para a administra\u00e7\u00e3o, mas tamb\u00e9m para todos os cidad\u00e3os que dependem de informa\u00e7\u00f5es precisas em rela\u00e7\u00e3o aos gastos p\u00fablicos e \u00e0 utiliza\u00e7\u00e3o dos recursos municipais.<\/p>\n<h2>Impacto do Pr\u00eamio na Cidade e na Popula\u00e7\u00e3o<\/h2>\n<p>O reconhecimento no IV Pr\u00eamio Qualidade da Informa\u00e7\u00e3o Cont\u00e1bil e Fiscal tende a impactar positivamente a gest\u00e3o p\u00fablica de Vit\u00f3ria, promovendo um ambiente onde a confian\u00e7a e o compromisso com a transpar\u00eancia ganham destaque. Al\u00e9m disso, a popula\u00e7\u00e3o se beneficia com servi\u00e7os melhor qualificados e uma gest\u00e3o mais eficiente, refletindo diretamente em melhorias na qualidade de vida.<\/p>\n<h2>Hist\u00f3rico de Conquistas de Vit\u00f3ria<\/h2>\n<p>Este n\u00e3o \u00e9 o primeiro pr\u00eamio que Vit\u00f3ria recebe nesse \u00e2mbito; no ano anterior, o munic\u00edpio j\u00e1 havia conquistado o <strong>2\u00ba lugar<\/strong>, empatando com a capital <strong>Fortaleza<\/strong>, ambas com uma pontua\u00e7\u00e3o de <strong>99,897%<\/strong>. Essa continuidade de reconhecimentos ressalta um padr\u00e3o elevado de qualidade na presta\u00e7\u00e3o de contas e na administra\u00e7\u00e3o p\u00fablica.<\/p>\n<h2>Comparativo com Outras Capitais<\/h2>\n<p>A compara\u00e7\u00e3o com outras capitais do Brasil demonstra a excel\u00eancia de Vit\u00f3ria no cen\u00e1rio nacional. Com um desempenho superior a muitas outras cidades, a capital capixaba se posiciona como um exemplo de boas pr\u00e1ticas em gest\u00e3o p\u00fablica, promovendo um debate sobre a necessidade de melhorias cont\u00ednuas nas informa\u00e7\u00f5es cont\u00e1beis e fiscais em outros munic\u00edpios.<\/p>\n<h2>Perspectivas Futuras para a Gest\u00e3o Fiscal<\/h2>\n<p>O pr\u00eamio recebido n\u00e3o \u00e9 apenas um marco, mas tamb\u00e9m um incentivo para que a administra\u00e7\u00e3o de Vit\u00f3ria continue a investir na qualidade das informa\u00e7\u00f5es p\u00fablicas. Isso inclui a ado\u00e7\u00e3o de novas tecnologias que facilitem o acesso e a gest\u00e3o dos dados, al\u00e9m de processos de capacita\u00e7\u00e3o cont\u00ednua das equipes t\u00e9cnicas. O foco deve permanecer na busca por transpar\u00eancia e efici\u00eancia, assegurando que a popula\u00e7\u00e3o tenha acesso a informa\u00e7\u00f5es que reflitam a real situa\u00e7\u00e3o fiscal do munic\u00edpio.<\/p>\n\n<div style=\"font-size: 0px; height: 0px; line-height: 0px; margin: 0; padding: 0; clear: both;\"><\/div>","protected":false},"excerpt":{"rendered":"<p>Vit\u00f3ria se destaca ao conquistar o 2\u00ba lugar no IV Pr\u00eamio de Qualidade da Informa\u00e7\u00e3o Cont\u00e1bil.<\/p>\n","protected":false},"author":1,"featured_media":1943,"comment_status":"open","ping_status":"closed","sticky":false,"template":"","format":"standard","meta":{"footnotes":""},"categories":[6],"tags":[],"class_list":["post-1944","post","type-post","status-publish","format-standard","has-post-thumbnail","hentry","category-noticias-em-vitoria","has_thumb"],"yoast_head":"<!-- This site is optimized with the Yoast SEO plugin v28.2 - https:\/\/yoast.com\/product\/yoast-seo-wordpress\/ -->\n<title>Vit\u00f3ria conquista 2\u00ba lugar no IV Pr\u00eamio Qualidade da Informa\u00e7\u00e3o Cont\u00e1bil e Fiscal - Encontra Vit\u00f3ria<\/title>\n<meta name=\"robots\" content=\"index, follow, max-snippet:-1, max-image-preview:large, max-video-preview:-1\" \/>\n<link rel=\"canonical\" href=\"https:\/\/www.encontravitoria.com.br\/sobre\/vitoria-conquista-2o-lugar-no-iv-premio-qualidade-da-informacao-contabil-e-fiscal\/\" \/>\n<meta property=\"og:locale\" content=\"pt_BR\" \/>\n<meta property=\"og:type\" content=\"article\" \/>\n<meta property=\"og:title\" content=\"Vit\u00f3ria conquista 2\u00ba lugar no IV Pr\u00eamio Qualidade da Informa\u00e7\u00e3o Cont\u00e1bil e Fiscal - Encontra Vit\u00f3ria\" \/>\n<meta property=\"og:description\" content=\"Vit\u00f3ria se destaca ao conquistar o 2\u00ba lugar no IV Pr\u00eamio de Qualidade da Informa\u00e7\u00e3o Cont\u00e1bil.\" \/>\n<meta property=\"og:url\" content=\"https:\/\/www.encontravitoria.com.br\/sobre\/vitoria-conquista-2o-lugar-no-iv-premio-qualidade-da-informacao-contabil-e-fiscal\/\" \/>\n<meta property=\"og:site_name\" content=\"Encontra Vit\u00f3ria\" \/>\n<meta property=\"article:published_time\" content=\"2026-07-17T07:48:55+00:00\" \/>\n<meta property=\"og:image\" content=\"https:\/\/www.encontravitoria.com.br\/sobre\/wp-content\/uploads\/2026\/07\/vitoria-conquista-2-lugar-no-iv-premio-qualidade-da-informacao-contabil-e-fiscal.webp\" \/>\n<meta name=\"author\" content=\"Encontra Vit\u00f3ria\" \/>\n<meta name=\"twitter:card\" content=\"summary_large_image\" \/>\n<meta name=\"twitter:label1\" content=\"Escrito por\" \/>\n\t<meta name=\"twitter:data1\" content=\"Encontra Vit\u00f3ria\" \/>\n\t<meta name=\"twitter:label2\" content=\"Est. tempo de leitura\" \/>\n\t<meta name=\"twitter:data2\" content=\"4 minutos\" \/>\n<script type=\"application\/ld+json\" class=\"yoast-schema-graph\">{\"@context\":\"https:\\\/\\\/schema.org\",\"@graph\":[{\"@type\":\"Article\",\"@id\":\"https:\\\/\\\/www.encontravitoria.com.br\\\/sobre\\\/vitoria-conquista-2o-lugar-no-iv-premio-qualidade-da-informacao-contabil-e-fiscal\\\/#article\",\"isPartOf\":{\"@id\":\"https:\\\/\\\/www.encontravitoria.com.br\\\/sobre\\\/vitoria-conquista-2o-lugar-no-iv-premio-qualidade-da-informacao-contabil-e-fiscal\\\/\"},\"author\":{\"name\":\"Encontra Vit\u00f3ria\",\"@id\":\"https:\\\/\\\/www.encontravitoria.com.br\\\/sobre\\\/#\\\/schema\\\/person\\\/0f8e5bcc88fbadf1bad57afd504f48a2\"},\"headline\":\"Vit\u00f3ria conquista 2\u00ba lugar no IV Pr\u00eamio Qualidade da Informa\u00e7\u00e3o Cont\u00e1bil e Fiscal\",\"datePublished\":\"2026-07-17T07:48:55+00:00\",\"mainEntityOfPage\":{\"@id\":\"https:\\\/\\\/www.encontravitoria.com.br\\\/sobre\\\/vitoria-conquista-2o-lugar-no-iv-premio-qualidade-da-informacao-contabil-e-fiscal\\\/\"},\"wordCount\":831,\"commentCount\":0,\"image\":{\"@id\":\"https:\\\/\\\/www.encontravitoria.com.br\\\/sobre\\\/vitoria-conquista-2o-lugar-no-iv-premio-qualidade-da-informacao-contabil-e-fiscal\\\/#primaryimage\"},\"thumbnailUrl\":\"https:\\\/\\\/www.encontravitoria.com.br\\\/sobre\\\/wp-content\\\/uploads\\\/2026\\\/07\\\/vitoria-conquista-2-lugar-no-iv-premio-qualidade-da-informacao-contabil-e-fiscal.webp\",\"articleSection\":[\"Not\u00edcias Vit\u00f3ria\"],\"inLanguage\":\"pt-BR\",\"potentialAction\":[{\"@type\":\"CommentAction\",\"name\":\"Comment\",\"target\":[\"https:\\\/\\\/www.encontravitoria.com.br\\\/sobre\\\/vitoria-conquista-2o-lugar-no-iv-premio-qualidade-da-informacao-contabil-e-fiscal\\\/#respond\"]}]},{\"@type\":\"WebPage\",\"@id\":\"https:\\\/\\\/www.encontravitoria.com.br\\\/sobre\\\/vitoria-conquista-2o-lugar-no-iv-premio-qualidade-da-informacao-contabil-e-fiscal\\\/\",\"url\":\"https:\\\/\\\/www.encontravitoria.com.br\\\/sobre\\\/vitoria-conquista-2o-lugar-no-iv-premio-qualidade-da-informacao-contabil-e-fiscal\\\/\",\"name\":\"Vit\u00f3ria conquista 2\u00ba lugar no IV Pr\u00eamio Qualidade da Informa\u00e7\u00e3o Cont\u00e1bil e Fiscal - Encontra Vit\u00f3ria\",\"isPartOf\":{\"@id\":\"https:\\\/\\\/www.encontravitoria.com.br\\\/sobre\\\/#website\"},\"primaryImageOfPage\":{\"@id\":\"https:\\\/\\\/www.encontravitoria.com.br\\\/sobre\\\/vitoria-conquista-2o-lugar-no-iv-premio-qualidade-da-informacao-contabil-e-fiscal\\\/#primaryimage\"},\"image\":{\"@id\":\"https:\\\/\\\/www.encontravitoria.com.br\\\/sobre\\\/vitoria-conquista-2o-lugar-no-iv-premio-qualidade-da-informacao-contabil-e-fiscal\\\/#primaryimage\"},\"thumbnailUrl\":\"https:\\\/\\\/www.encontravitoria.com.br\\\/sobre\\\/wp-content\\\/uploads\\\/2026\\\/07\\\/vitoria-conquista-2-lugar-no-iv-premio-qualidade-da-informacao-contabil-e-fiscal.webp\",\"datePublished\":\"2026-07-17T07:48:55+00:00\",\"author\":{\"@id\":\"https:\\\/\\\/www.encontravitoria.com.br\\\/sobre\\\/#\\\/schema\\\/person\\\/0f8e5bcc88fbadf1bad57afd504f48a2\"},\"breadcrumb\":{\"@id\":\"https:\\\/\\\/www.encontravitoria.com.br\\\/sobre\\\/vitoria-conquista-2o-lugar-no-iv-premio-qualidade-da-informacao-contabil-e-fiscal\\\/#breadcrumb\"},\"inLanguage\":\"pt-BR\",\"potentialAction\":[{\"@type\":\"ReadAction\",\"target\":[\"https:\\\/\\\/www.encontravitoria.com.br\\\/sobre\\\/vitoria-conquista-2o-lugar-no-iv-premio-qualidade-da-informacao-contabil-e-fiscal\\\/\"]}]},{\"@type\":\"ImageObject\",\"inLanguage\":\"pt-BR\",\"@id\":\"https:\\\/\\\/www.encontravitoria.com.br\\\/sobre\\\/vitoria-conquista-2o-lugar-no-iv-premio-qualidade-da-informacao-contabil-e-fiscal\\\/#primaryimage\",\"url\":\"https:\\\/\\\/www.encontravitoria.com.br\\\/sobre\\\/wp-content\\\/uploads\\\/2026\\\/07\\\/vitoria-conquista-2-lugar-no-iv-premio-qualidade-da-informacao-contabil-e-fiscal.webp\",\"contentUrl\":\"https:\\\/\\\/www.encontravitoria.com.br\\\/sobre\\\/wp-content\\\/uploads\\\/2026\\\/07\\\/vitoria-conquista-2-lugar-no-iv-premio-qualidade-da-informacao-contabil-e-fiscal.webp\",\"width\":280,\"height\":280,\"caption\":\"Pr\u00eamio Qualidade da Informa\u00e7\u00e3o Cont\u00e1bil\"},{\"@type\":\"BreadcrumbList\",\"@id\":\"https:\\\/\\\/www.encontravitoria.com.br\\\/sobre\\\/vitoria-conquista-2o-lugar-no-iv-premio-qualidade-da-informacao-contabil-e-fiscal\\\/#breadcrumb\",\"itemListElement\":[{\"@type\":\"ListItem\",\"position\":1,\"name\":\"In\u00edcio\",\"item\":\"https:\\\/\\\/www.encontravitoria.com.br\\\/sobre\\\/\"},{\"@type\":\"ListItem\",\"position\":2,\"name\":\"Vit\u00f3ria conquista 2\u00ba lugar no IV Pr\u00eamio Qualidade da Informa\u00e7\u00e3o Cont\u00e1bil e Fiscal\"}]},{\"@type\":\"WebSite\",\"@id\":\"https:\\\/\\\/www.encontravitoria.com.br\\\/sobre\\\/#website\",\"url\":\"https:\\\/\\\/www.encontravitoria.com.br\\\/sobre\\\/\",\"name\":\"Encontra Vit\u00f3ria\",\"description\":\"Not\u00edcias, eventos, informa\u00e7\u00f5es e dicas na cidade Vit\u00f3ria e regi\u00e3o.\",\"potentialAction\":[{\"@type\":\"SearchAction\",\"target\":{\"@type\":\"EntryPoint\",\"urlTemplate\":\"https:\\\/\\\/www.encontravitoria.com.br\\\/sobre\\\/?s={search_term_string}\"},\"query-input\":{\"@type\":\"PropertyValueSpecification\",\"valueRequired\":true,\"valueName\":\"search_term_string\"}}],\"inLanguage\":\"pt-BR\"},{\"@type\":\"Person\",\"@id\":\"https:\\\/\\\/www.encontravitoria.com.br\\\/sobre\\\/#\\\/schema\\\/person\\\/0f8e5bcc88fbadf1bad57afd504f48a2\",\"name\":\"Encontra Vit\u00f3ria\",\"image\":{\"@type\":\"ImageObject\",\"inLanguage\":\"pt-BR\",\"@id\":\"https:\\\/\\\/secure.gravatar.com\\\/avatar\\\/507340682b8270222e1f208e23198b6ae7e2c6a1033ae84e99bc6bce4f82a387?s=96&d=mm&r=g\",\"url\":\"https:\\\/\\\/secure.gravatar.com\\\/avatar\\\/507340682b8270222e1f208e23198b6ae7e2c6a1033ae84e99bc6bce4f82a387?s=96&d=mm&r=g\",\"contentUrl\":\"https:\\\/\\\/secure.gravatar.com\\\/avatar\\\/507340682b8270222e1f208e23198b6ae7e2c6a1033ae84e99bc6bce4f82a387?s=96&d=mm&r=g\",\"caption\":\"Encontra Vit\u00f3ria\"},\"sameAs\":[\"http:\\\/\\\/www.encontravitoria.com.br\"],\"url\":\"https:\\\/\\\/www.encontravitoria.com.br\\\/sobre\\\/author\\\/evitoria\\\/\"}]}<\/script>\n<!-- \/ Yoast SEO plugin. -->","yoast_head_json":{"title":"Vit\u00f3ria conquista 2\u00ba lugar no IV Pr\u00eamio Qualidade da Informa\u00e7\u00e3o Cont\u00e1bil e Fiscal - Encontra Vit\u00f3ria","robots":{"index":"index","follow":"follow","max-snippet":"max-snippet:-1","max-image-preview":"max-image-preview:large","max-video-preview":"max-video-preview:-1"},"canonical":"https:\/\/www.encontravitoria.com.br\/sobre\/vitoria-conquista-2o-lugar-no-iv-premio-qualidade-da-informacao-contabil-e-fiscal\/","og_locale":"pt_BR","og_type":"article","og_title":"Vit\u00f3ria conquista 2\u00ba lugar no IV Pr\u00eamio Qualidade da Informa\u00e7\u00e3o Cont\u00e1bil e Fiscal - Encontra Vit\u00f3ria","og_description":"Vit\u00f3ria se destaca ao conquistar o 2\u00ba lugar no IV Pr\u00eamio de Qualidade da Informa\u00e7\u00e3o Cont\u00e1bil.","og_url":"https:\/\/www.encontravitoria.com.br\/sobre\/vitoria-conquista-2o-lugar-no-iv-premio-qualidade-da-informacao-contabil-e-fiscal\/","og_site_name":"Encontra Vit\u00f3ria","article_published_time":"2026-07-17T07:48:55+00:00","og_image":[{"url":"https:\/\/www.encontravitoria.com.br\/sobre\/wp-content\/uploads\/2026\/07\/vitoria-conquista-2-lugar-no-iv-premio-qualidade-da-informacao-contabil-e-fiscal.webp","type":"","width":"","height":""}],"author":"Encontra Vit\u00f3ria","twitter_card":"summary_large_image","twitter_misc":{"Escrito por":"Encontra Vit\u00f3ria","Est. tempo de leitura":"4 minutos"},"schema":{"@context":"https:\/\/schema.org","@graph":[{"@type":"Article","@id":"https:\/\/www.encontravitoria.com.br\/sobre\/vitoria-conquista-2o-lugar-no-iv-premio-qualidade-da-informacao-contabil-e-fiscal\/#article","isPartOf":{"@id":"https:\/\/www.encontravitoria.com.br\/sobre\/vitoria-conquista-2o-lugar-no-iv-premio-qualidade-da-informacao-contabil-e-fiscal\/"},"author":{"name":"Encontra Vit\u00f3ria","@id":"https:\/\/www.encontravitoria.com.br\/sobre\/#\/schema\/person\/0f8e5bcc88fbadf1bad57afd504f48a2"},"headline":"Vit\u00f3ria conquista 2\u00ba lugar no IV Pr\u00eamio Qualidade da Informa\u00e7\u00e3o Cont\u00e1bil e Fiscal","datePublished":"2026-07-17T07:48:55+00:00","mainEntityOfPage":{"@id":"https:\/\/www.encontravitoria.com.br\/sobre\/vitoria-conquista-2o-lugar-no-iv-premio-qualidade-da-informacao-contabil-e-fiscal\/"},"wordCount":831,"commentCount":0,"image":{"@id":"https:\/\/www.encontravitoria.com.br\/sobre\/vitoria-conquista-2o-lugar-no-iv-premio-qualidade-da-informacao-contabil-e-fiscal\/#primaryimage"},"thumbnailUrl":"https:\/\/www.encontravitoria.com.br\/sobre\/wp-content\/uploads\/2026\/07\/vitoria-conquista-2-lugar-no-iv-premio-qualidade-da-informacao-contabil-e-fiscal.webp","articleSection":["Not\u00edcias Vit\u00f3ria"],"inLanguage":"pt-BR","potentialAction":[{"@type":"CommentAction","name":"Comment","target":["https:\/\/www.encontravitoria.com.br\/sobre\/vitoria-conquista-2o-lugar-no-iv-premio-qualidade-da-informacao-contabil-e-fiscal\/#respond"]}]},{"@type":"WebPage","@id":"https:\/\/www.encontravitoria.com.br\/sobre\/vitoria-conquista-2o-lugar-no-iv-premio-qualidade-da-informacao-contabil-e-fiscal\/","url":"https:\/\/www.encontravitoria.com.br\/sobre\/vitoria-conquista-2o-lugar-no-iv-premio-qualidade-da-informacao-contabil-e-fiscal\/","name":"Vit\u00f3ria conquista 2\u00ba lugar no IV Pr\u00eamio Qualidade da Informa\u00e7\u00e3o Cont\u00e1bil e Fiscal - Encontra Vit\u00f3ria","isPartOf":{"@id":"https:\/\/www.encontravitoria.com.br\/sobre\/#website"},"primaryImageOfPage":{"@id":"https:\/\/www.encontravitoria.com.br\/sobre\/vitoria-conquista-2o-lugar-no-iv-premio-qualidade-da-informacao-contabil-e-fiscal\/#primaryimage"},"image":{"@id":"https:\/\/www.encontravitoria.com.br\/sobre\/vitoria-conquista-2o-lugar-no-iv-premio-qualidade-da-informacao-contabil-e-fiscal\/#primaryimage"},"thumbnailUrl":"https:\/\/www.encontravitoria.com.br\/sobre\/wp-content\/uploads\/2026\/07\/vitoria-conquista-2-lugar-no-iv-premio-qualidade-da-informacao-contabil-e-fiscal.webp","datePublished":"2026-07-17T07:48:55+00:00","author":{"@id":"https:\/\/www.encontravitoria.com.br\/sobre\/#\/schema\/person\/0f8e5bcc88fbadf1bad57afd504f48a2"},"breadcrumb":{"@id":"https:\/\/www.encontravitoria.com.br\/sobre\/vitoria-conquista-2o-lugar-no-iv-premio-qualidade-da-informacao-contabil-e-fiscal\/#breadcrumb"},"inLanguage":"pt-BR","potentialAction":[{"@type":"ReadAction","target":["https:\/\/www.encontravitoria.com.br\/sobre\/vitoria-conquista-2o-lugar-no-iv-premio-qualidade-da-informacao-contabil-e-fiscal\/"]}]},{"@type":"ImageObject","inLanguage":"pt-BR","@id":"https:\/\/www.encontravitoria.com.br\/sobre\/vitoria-conquista-2o-lugar-no-iv-premio-qualidade-da-informacao-contabil-e-fiscal\/#primaryimage","url":"https:\/\/www.encontravitoria.com.br\/sobre\/wp-content\/uploads\/2026\/07\/vitoria-conquista-2-lugar-no-iv-premio-qualidade-da-informacao-contabil-e-fiscal.webp","contentUrl":"https:\/\/www.encontravitoria.com.br\/sobre\/wp-content\/uploads\/2026\/07\/vitoria-conquista-2-lugar-no-iv-premio-qualidade-da-informacao-contabil-e-fiscal.webp","width":280,"height":280,"caption":"Pr\u00eamio Qualidade da Informa\u00e7\u00e3o Cont\u00e1bil"},{"@type":"BreadcrumbList","@id":"https:\/\/www.encontravitoria.com.br\/sobre\/vitoria-conquista-2o-lugar-no-iv-premio-qualidade-da-informacao-contabil-e-fiscal\/#breadcrumb","itemListElement":[{"@type":"ListItem","position":1,"name":"In\u00edcio","item":"https:\/\/www.encontravitoria.com.br\/sobre\/"},{"@type":"ListItem","position":2,"name":"Vit\u00f3ria conquista 2\u00ba lugar no IV Pr\u00eamio Qualidade da Informa\u00e7\u00e3o Cont\u00e1bil e Fiscal"}]},{"@type":"WebSite","@id":"https:\/\/www.encontravitoria.com.br\/sobre\/#website","url":"https:\/\/www.encontravitoria.com.br\/sobre\/","name":"Encontra Vit\u00f3ria","description":"Not\u00edcias, eventos, informa\u00e7\u00f5es e dicas na cidade Vit\u00f3ria e regi\u00e3o.","potentialAction":[{"@type":"SearchAction","target":{"@type":"EntryPoint","urlTemplate":"https:\/\/www.encontravitoria.com.br\/sobre\/?s={search_term_string}"},"query-input":{"@type":"PropertyValueSpecification","valueRequired":true,"valueName":"search_term_string"}}],"inLanguage":"pt-BR"},{"@type":"Person","@id":"https:\/\/www.encontravitoria.com.br\/sobre\/#\/schema\/person\/0f8e5bcc88fbadf1bad57afd504f48a2","name":"Encontra Vit\u00f3ria","image":{"@type":"ImageObject","inLanguage":"pt-BR","@id":"https:\/\/secure.gravatar.com\/avatar\/507340682b8270222e1f208e23198b6ae7e2c6a1033ae84e99bc6bce4f82a387?s=96&d=mm&r=g","url":"https:\/\/secure.gravatar.com\/avatar\/507340682b8270222e1f208e23198b6ae7e2c6a1033ae84e99bc6bce4f82a387?s=96&d=mm&r=g","contentUrl":"https:\/\/secure.gravatar.com\/avatar\/507340682b8270222e1f208e23198b6ae7e2c6a1033ae84e99bc6bce4f82a387?s=96&d=mm&r=g","caption":"Encontra Vit\u00f3ria"},"sameAs":["http:\/\/www.encontravitoria.com.br"],"url":"https:\/\/www.encontravitoria.com.br\/sobre\/author\/evitoria\/"}]}},"_links":{"self":[{"href":"https:\/\/www.encontravitoria.com.br\/sobre\/wp-json\/wp\/v2\/posts\/1944","targetHints":{"allow":["GET"]}}],"collection":[{"href":"https:\/\/www.encontravitoria.com.br\/sobre\/wp-json\/wp\/v2\/posts"}],"about":[{"href":"https:\/\/www.encontravitoria.com.br\/sobre\/wp-json\/wp\/v2\/types\/post"}],"author":[{"embeddable":true,"href":"https:\/\/www.encontravitoria.com.br\/sobre\/wp-json\/wp\/v2\/users\/1"}],"replies":[{"embeddable":true,"href":"https:\/\/www.encontravitoria.com.br\/sobre\/wp-json\/wp\/v2\/comments?post=1944"}],"version-history":[{"count":0,"href":"https:\/\/www.encontravitoria.com.br\/sobre\/wp-json\/wp\/v2\/posts\/1944\/revisions"}],"wp:featuredmedia":[{"embeddable":true,"href":"https:\/\/www.encontravitoria.com.br\/sobre\/wp-json\/wp\/v2\/media\/1943"}],"wp:attachment":[{"href":"https:\/\/www.encontravitoria.com.br\/sobre\/wp-json\/wp\/v2\/media?parent=1944"}],"wp:term":[{"taxonomy":"category","embeddable":true,"href":"https:\/\/www.encontravitoria.com.br\/sobre\/wp-json\/wp\/v2\/categories?post=1944"},{"taxonomy":"post_tag","embeddable":true,"href":"https:\/\/www.encontravitoria.com.br\/sobre\/wp-json\/wp\/v2\/tags?post=1944"}],"curies":[{"name":"wp","href":"https:\/\/api.w.org\/{rel}","templated":true}]}}