{"id":2012,"date":"2026-07-26T01:41:42","date_gmt":"2026-07-26T01:41:42","guid":{"rendered":"https:\/\/www.encontravitoria.com.br\/sobre\/maratona-de-vitoria-tera-operacao-de-transito-inedita-no-brasil\/"},"modified":"2026-07-26T01:41:42","modified_gmt":"2026-07-26T01:41:42","slug":"maratona-de-vitoria-tera-operacao-de-transito-inedita-no-brasil","status":"publish","type":"post","link":"https:\/\/www.encontravitoria.com.br\/sobre\/maratona-de-vitoria-tera-operacao-de-transito-inedita-no-brasil\/","title":{"rendered":"Maratona de Vit\u00f3ria ter\u00e1 opera\u00e7\u00e3o de tr\u00e2nsito in\u00e9dita no Brasil"},"content":{"rendered":"<div class=\"23ed37709e053b55400ee1990aeffe41\" data-index=\"1\" style=\"float: none; margin:0px;\">\n<!-- Anuncio display - global -->\r\n<ins class=\"adsbygoogle\"\r\n     style=\"display:block\"\r\n     data-ad-client=\"ca-pub-8585364105181520\"\r\n     data-ad-slot=\"8789329856\"\r\n     data-ad-format=\"auto\"\r\n     data-full-width-responsive=\"true\"><\/ins>\r\n<script>\r\n     (adsbygoogle = window.adsbygoogle || []).push({});\r\n<\/script>\n<\/div>\n<h2>O que Esperar da Maratona de Vit\u00f3ria<\/h2>\n<p>A Maratona de Vit\u00f3ria, marcada para o dia 30 de agosto, promete ser um evento marcante, atraindo corredores de diversos lugares. Este ano, a expectativa \u00e9 reunir aproximadamente 10 mil atletas, que se inscrever\u00e3o para participar dos percursos de diferentes categorias.<\/p>\n<p>A competi\u00e7\u00e3o \u00e9 sempre um ponto alto no calend\u00e1rio esportivo da cidade, n\u00e3o apenas pelo desafio que os atletas enfrentam, mas tamb\u00e9m pela festa que envolve o evento. Com um clima vibrante e cheio de energia, a Maratona promete n\u00e3o apenas desafiar corredores, mas tamb\u00e9m proporcionar um espet\u00e1culo para os espectadores que acompanhar\u00e3o a corrida ao longo das vias.<\/p>\n<h2>O In\u00e9dito Sistema de Tr\u00e2nsito<\/h2>\n<p>Com o intuito de minimizar os impactos no tr\u00e1fego durante a corrida, a Prefeitura de Vit\u00f3ria introduzir\u00e1 um sistema de tr\u00e2nsito inovador no pa\u00eds. Este novo m\u00e9todo permitir\u00e1 a utiliza\u00e7\u00e3o de uma faixa revers\u00edvel, combinada com travessia em p\u00eandulo. Isso permitir\u00e1 uma circula\u00e7\u00e3o alternada de ve\u00edculos, ciclistas e pedestres em intervalos programados, evitando a necessidade de bloqueios totais nas vias.<\/p>\n<p><img decoding=\"async\" src=\"https:\/\/www.encontravitoria.com.br\/sobre\/wp-content\/uploads\/2026\/07\/maratona-de-vitoria-tera-operacao-de-transito-inedita-no-brasil.webp\" alt=\"Maratona de Vit\u00f3ria\" loading=\"lazy\" \/><\/p>\n<p>Essa estrat\u00e9gia se apresenta como um marco na gest\u00e3o de tr\u00e2nsito em competi\u00e7\u00f5es de grande porte, permitindo que a cidade funcione sem interrup\u00e7\u00f5es significativas. A faixa revers\u00edvel funcionar\u00e1 nos principais acessos \u00e0s Ilhas do Boi e do Frade e nas vias mais movimentadas da regi\u00e3o, assegurando a seguran\u00e7a dos participantes.<\/p>\n<h2>Seguran\u00e7a em Primeiro Lugar<\/h2>\n<p>Um dos pilares fundamentais dessa opera\u00e7\u00e3o ser\u00e1 a seguran\u00e7a dos atletas e do p\u00fablico. As equipes da Guarda Civil Municipal, em conjunto com a Comiss\u00e3o de Eventos e a equipe de tr\u00e2nsito, coordenar\u00e3o as a\u00e7\u00f5es para garantir que todos possam participar da corrida em um ambiente seguro. O secret\u00e1rio de Governo, Luciano Forrechi, enfatizou que o sistema inovador reflete o comprometimento da Prefeitura em balancear os interesses de quem corre e dos que circulam pela cidade.<\/p>\n<p>A seguran\u00e7a tamb\u00e9m \u00e9 amplificada com a realiza\u00e7\u00e3o de um teste da opera\u00e7\u00e3o antes do dia da maratona. Uma simula\u00e7\u00e3o ocorrer\u00e1 no pr\u00f3ximo s\u00e1bado, \u00e0s 6 horas da manh\u00e3, para ajustar os detalhes finais e garantir que a execu\u00e7\u00e3o durante a prova transcorra sem problemas.<\/p>\n<h2>Detalhes sobre a Largada e o Percurso<\/h2>\n<p>A largada da Maratona de Vit\u00f3ria acontecer\u00e1 na ic\u00f4nica Pra\u00e7a do Papa, um local emblem\u00e1tico que proporciona um cen\u00e1rio deslumbrante para o in\u00edcio da competi\u00e7\u00e3o. O percurso se estender\u00e1 por 42 km, passando por pontos tur\u00edsticos e \u00e1reas que encantam tanto moradores quanto visitantes.<\/p>\n<p>O trajeto foi cuidadosamente planejado para garantir que os corredores tenham uma experi\u00eancia enriquecedora, contornando as belezas naturais e arquitet\u00f4nicas da cidade. Al\u00e9m disso, ser\u00e1 um momento de confraterniza\u00e7\u00e3o e celebra\u00e7\u00e3o do esporte, com p\u00fablicos se reunindo para torcer pelos seus corredores favoritos.<\/p>\n<h2>Expectativa de Participa\u00e7\u00e3o<\/h2>\n<p>A participa\u00e7\u00e3o na Maratona de Vit\u00f3ria \u00e9 sempre uma grande atra\u00e7\u00e3o. Para a edi\u00e7\u00e3o deste ano, as inscri\u00e7\u00f5es est\u00e3o abertas para v\u00e1rias categorias, com destaque para as dist\u00e2ncias de 5 km, 21 km e 42 km. Contudo, algumas modalidades j\u00e1 est\u00e3o esgotadas, sinalizando o grande interesse dos atletas.<\/p>\n<p>O evento se destaca pela diversidade de participantes, desde corredores iniciantes at\u00e9 maratonistas experientes. Essa inclus\u00e3o faz da maratona um evento abrangente, que valoriza o esporte em toda sua magnitude.<\/p>\n<h2>Prepara\u00e7\u00e3o da Prefeitura<\/h2>\n<p>A Prefeitura de Vit\u00f3ria tem se empenhado para que a Maratona seja um sucesso em todos os aspectos. O trabalho envolve a colabora\u00e7\u00e3o de diversas secretarias municipais, que est\u00e3o organizando infraestrutura e log\u00edstica para o evento. Desde a prepara\u00e7\u00e3o das vias at\u00e9 a defini\u00e7\u00e3o de estrat\u00e9gias de sa\u00fade e seguran\u00e7a, cada detalhe est\u00e1 sendo cuidadosamente pensado.<\/p>\n<p>Essa colabora\u00e7\u00e3o interdepartamental assegura que todos os pontos cr\u00edticos sejam cobertos, garantindo que percal\u00e7os sejam evitados para que o evento ocorra sem contratempos. Isso inclui a implementa\u00e7\u00e3o de sinaliza\u00e7\u00f5es espec\u00edficas e a disponibiliza\u00e7\u00e3o de atendimento m\u00e9dico e de seguran\u00e7a ao longo do percurso.<\/p>\n<h2>Impacto na Mobilidade Urbana<\/h2>\n<p>A Maratona de Vit\u00f3ria n\u00e3o s\u00f3 traz benef\u00edcios para o esporte, mas tamb\u00e9m promove reflex\u00f5es sobre mobilidade urbana. Este in\u00e9dito sistema de tr\u00e2nsito que ser\u00e1 implementado poder\u00e1 servir como modelo para futuras grandes competi\u00e7\u00f5es no Brasil. A opera\u00e7\u00e3o n\u00e3o apenas permitir\u00e1 que os eventos ocorram de forma mais fluida, mas tamb\u00e9m ajudar\u00e1 a melhorar o planejamento e a execu\u00e7\u00e3o de opera\u00e7\u00f5es semelhantes em outros setores durante grandes eventos.<\/p>\n<p>A gest\u00e3o eficaz do tr\u00e2nsito durante a maratona poder\u00e1 servir como inspira\u00e7\u00e3o para a implementa\u00e7\u00e3o de estrat\u00e9gias que beneficiem a mobilidade em outras ocasi\u00f5es e festividades na cidade.<\/p>\n<h2 Novas Estrat\u00e9gias de Tr\u00e2nsito<\/h2>\n<p>Este modelo de faixa revers\u00edvel com travessia em p\u00eandulo representa uma inova\u00e7\u00e3o significativa nas abordagens de tr\u00e2nsito durante eventos de grande porte. O m\u00e9todo \u00e9 planejado para funcionar de modo a permitir a conviv\u00eancia pac\u00edfica entre corredores, ve\u00edculos e pedestres. Em vez de paralisa\u00e7\u00f5es totais, o tr\u00e1fego ser\u00e1 ajustado, possibilitando que todos utilize as vias de forma segura e eficiente.<\/p>\n<p>Essa abordagem mostra uma evolu\u00e7\u00e3o nas pr\u00e1ticas tradicionais, frequentemente marcadas por bloqueios prolongados que impactam negativamente a fluidez do tr\u00e2nsito. A Maratona de Vit\u00f3ria, ao adotar essa estrat\u00e9gia, coloca a cidade na vanguarda em termos de organiza\u00e7\u00e3o e modernidade.<\/p>\n<h2>A Import\u00e2ncia do Evento para Vit\u00f3ria<\/h2>\n<p>Realizar a Maratona de Vit\u00f3ria \u00e9 mais do que promover um evento esportivo; \u00e9 uma celebra\u00e7\u00e3o da cultura local, da vida saud\u00e1vel e da uni\u00e3o entre os cidad\u00e3os. A maratona se configura como uma oportunidade que n\u00e3o s\u00f3 movimenta a economia local, mas tamb\u00e9m atrai turistas e repercute positivamente em toda a cidade.<\/p>\n<p>Al\u00e9m disso, eventos como este promovem o esp\u00edrito comunit\u00e1rio, trazendo pessoas de diferentes idades e contextos para participar e apoiar a manifesta\u00e7\u00e3o esportiva. V\u00e1rias atividades paralelas tamb\u00e9m costumam ser realizadas, permitindo que o p\u00fablico se envolva e conhe\u00e7a mais sobre a cidade e suas riquezas.<\/p>\n<h2>Inscri\u00e7\u00f5es Abertas e Categorias<\/h2>\n<p>As inscri\u00e7\u00f5es para a Maratona de Vit\u00f3ria est\u00e3o dispon\u00edveis para todos que se interessarem. Os participantes podem optar por diferentes categorias, de acordo com suas prefer\u00eancias e habilidades. O evento conta com percursos de 5 km, 21 km e os tradicionais 42 km, sendo que esses \u00faltimos t\u00eam vagas limitadas que rapidamente se esgotam.<\/p>\n<p>Todos os atletas que desejam participar devem se inscrever o quanto antes, garantindo assim sua vaga em uma das celebra\u00e7\u00f5es esportivas mais aguardadas do ano. O site oficial da maratona fornece todas as informa\u00e7\u00f5es necess\u00e1rias sobre o evento, incluindo o processo de inscri\u00e7\u00e3o, detalhes sobre os trajetos e normas para participa\u00e7\u00e3o.<\/p>\n\n<div style=\"font-size: 0px; height: 0px; line-height: 0px; margin: 0; padding: 0; clear: both;\"><\/div>","protected":false},"excerpt":{"rendered":"<p>Maratona de Vit\u00f3ria trar\u00e1 um sistema de tr\u00e2nsito inovador sem precedentes no Brasil.<\/p>\n","protected":false},"author":1,"featured_media":2011,"comment_status":"open","ping_status":"closed","sticky":false,"template":"","format":"standard","meta":{"footnotes":""},"categories":[6],"tags":[],"class_list":["post-2012","post","type-post","status-publish","format-standard","has-post-thumbnail","hentry","category-noticias-em-vitoria","has_thumb"],"yoast_head":"<!-- This site is optimized with the Yoast SEO plugin v28.2 - https:\/\/yoast.com\/product\/yoast-seo-wordpress\/ -->\n<title>Maratona de Vit\u00f3ria ter\u00e1 opera\u00e7\u00e3o de tr\u00e2nsito in\u00e9dita no Brasil - Encontra Vit\u00f3ria<\/title>\n<meta name=\"robots\" content=\"index, follow, max-snippet:-1, max-image-preview:large, max-video-preview:-1\" \/>\n<link rel=\"canonical\" href=\"https:\/\/www.encontravitoria.com.br\/sobre\/maratona-de-vitoria-tera-operacao-de-transito-inedita-no-brasil\/\" \/>\n<meta property=\"og:locale\" content=\"pt_BR\" \/>\n<meta property=\"og:type\" content=\"article\" \/>\n<meta property=\"og:title\" content=\"Maratona de Vit\u00f3ria ter\u00e1 opera\u00e7\u00e3o de tr\u00e2nsito in\u00e9dita no Brasil - Encontra Vit\u00f3ria\" \/>\n<meta property=\"og:description\" content=\"Maratona de Vit\u00f3ria trar\u00e1 um sistema de tr\u00e2nsito inovador sem precedentes no Brasil.\" \/>\n<meta property=\"og:url\" content=\"https:\/\/www.encontravitoria.com.br\/sobre\/maratona-de-vitoria-tera-operacao-de-transito-inedita-no-brasil\/\" \/>\n<meta property=\"og:site_name\" content=\"Encontra Vit\u00f3ria\" \/>\n<meta property=\"article:published_time\" content=\"2026-07-26T01:41:42+00:00\" \/>\n<meta property=\"og:image\" content=\"https:\/\/www.encontravitoria.com.br\/sobre\/wp-content\/uploads\/2026\/07\/maratona-de-vitoria-tera-operacao-de-transito-inedita-no-brasil.webp\" \/>\n<meta name=\"author\" content=\"Encontra Vit\u00f3ria\" \/>\n<meta name=\"twitter:card\" content=\"summary_large_image\" \/>\n<meta name=\"twitter:label1\" content=\"Escrito por\" \/>\n\t<meta name=\"twitter:data1\" content=\"Encontra Vit\u00f3ria\" \/>\n\t<meta name=\"twitter:label2\" content=\"Est. tempo de leitura\" \/>\n\t<meta name=\"twitter:data2\" content=\"4 minutos\" \/>\n<script type=\"application\/ld+json\" class=\"yoast-schema-graph\">{\"@context\":\"https:\\\/\\\/schema.org\",\"@graph\":[{\"@type\":\"Article\",\"@id\":\"https:\\\/\\\/www.encontravitoria.com.br\\\/sobre\\\/maratona-de-vitoria-tera-operacao-de-transito-inedita-no-brasil\\\/#article\",\"isPartOf\":{\"@id\":\"https:\\\/\\\/www.encontravitoria.com.br\\\/sobre\\\/maratona-de-vitoria-tera-operacao-de-transito-inedita-no-brasil\\\/\"},\"author\":{\"name\":\"Encontra Vit\u00f3ria\",\"@id\":\"https:\\\/\\\/www.encontravitoria.com.br\\\/sobre\\\/#\\\/schema\\\/person\\\/0f8e5bcc88fbadf1bad57afd504f48a2\"},\"headline\":\"Maratona de Vit\u00f3ria ter\u00e1 opera\u00e7\u00e3o de tr\u00e2nsito in\u00e9dita no Brasil\",\"datePublished\":\"2026-07-26T01:41:42+00:00\",\"mainEntityOfPage\":{\"@id\":\"https:\\\/\\\/www.encontravitoria.com.br\\\/sobre\\\/maratona-de-vitoria-tera-operacao-de-transito-inedita-no-brasil\\\/\"},\"wordCount\":838,\"commentCount\":0,\"image\":{\"@id\":\"https:\\\/\\\/www.encontravitoria.com.br\\\/sobre\\\/maratona-de-vitoria-tera-operacao-de-transito-inedita-no-brasil\\\/#primaryimage\"},\"thumbnailUrl\":\"https:\\\/\\\/www.encontravitoria.com.br\\\/sobre\\\/wp-content\\\/uploads\\\/2026\\\/07\\\/maratona-de-vitoria-tera-operacao-de-transito-inedita-no-brasil.webp\",\"articleSection\":[\"Not\u00edcias Vit\u00f3ria\"],\"inLanguage\":\"pt-BR\",\"potentialAction\":[{\"@type\":\"CommentAction\",\"name\":\"Comment\",\"target\":[\"https:\\\/\\\/www.encontravitoria.com.br\\\/sobre\\\/maratona-de-vitoria-tera-operacao-de-transito-inedita-no-brasil\\\/#respond\"]}]},{\"@type\":\"WebPage\",\"@id\":\"https:\\\/\\\/www.encontravitoria.com.br\\\/sobre\\\/maratona-de-vitoria-tera-operacao-de-transito-inedita-no-brasil\\\/\",\"url\":\"https:\\\/\\\/www.encontravitoria.com.br\\\/sobre\\\/maratona-de-vitoria-tera-operacao-de-transito-inedita-no-brasil\\\/\",\"name\":\"Maratona de Vit\u00f3ria ter\u00e1 opera\u00e7\u00e3o de tr\u00e2nsito in\u00e9dita no Brasil - Encontra Vit\u00f3ria\",\"isPartOf\":{\"@id\":\"https:\\\/\\\/www.encontravitoria.com.br\\\/sobre\\\/#website\"},\"primaryImageOfPage\":{\"@id\":\"https:\\\/\\\/www.encontravitoria.com.br\\\/sobre\\\/maratona-de-vitoria-tera-operacao-de-transito-inedita-no-brasil\\\/#primaryimage\"},\"image\":{\"@id\":\"https:\\\/\\\/www.encontravitoria.com.br\\\/sobre\\\/maratona-de-vitoria-tera-operacao-de-transito-inedita-no-brasil\\\/#primaryimage\"},\"thumbnailUrl\":\"https:\\\/\\\/www.encontravitoria.com.br\\\/sobre\\\/wp-content\\\/uploads\\\/2026\\\/07\\\/maratona-de-vitoria-tera-operacao-de-transito-inedita-no-brasil.webp\",\"datePublished\":\"2026-07-26T01:41:42+00:00\",\"author\":{\"@id\":\"https:\\\/\\\/www.encontravitoria.com.br\\\/sobre\\\/#\\\/schema\\\/person\\\/0f8e5bcc88fbadf1bad57afd504f48a2\"},\"breadcrumb\":{\"@id\":\"https:\\\/\\\/www.encontravitoria.com.br\\\/sobre\\\/maratona-de-vitoria-tera-operacao-de-transito-inedita-no-brasil\\\/#breadcrumb\"},\"inLanguage\":\"pt-BR\",\"potentialAction\":[{\"@type\":\"ReadAction\",\"target\":[\"https:\\\/\\\/www.encontravitoria.com.br\\\/sobre\\\/maratona-de-vitoria-tera-operacao-de-transito-inedita-no-brasil\\\/\"]}]},{\"@type\":\"ImageObject\",\"inLanguage\":\"pt-BR\",\"@id\":\"https:\\\/\\\/www.encontravitoria.com.br\\\/sobre\\\/maratona-de-vitoria-tera-operacao-de-transito-inedita-no-brasil\\\/#primaryimage\",\"url\":\"https:\\\/\\\/www.encontravitoria.com.br\\\/sobre\\\/wp-content\\\/uploads\\\/2026\\\/07\\\/maratona-de-vitoria-tera-operacao-de-transito-inedita-no-brasil.webp\",\"contentUrl\":\"https:\\\/\\\/www.encontravitoria.com.br\\\/sobre\\\/wp-content\\\/uploads\\\/2026\\\/07\\\/maratona-de-vitoria-tera-operacao-de-transito-inedita-no-brasil.webp\",\"width\":280,\"height\":280,\"caption\":\"Maratona de Vit\u00f3ria\"},{\"@type\":\"BreadcrumbList\",\"@id\":\"https:\\\/\\\/www.encontravitoria.com.br\\\/sobre\\\/maratona-de-vitoria-tera-operacao-de-transito-inedita-no-brasil\\\/#breadcrumb\",\"itemListElement\":[{\"@type\":\"ListItem\",\"position\":1,\"name\":\"In\u00edcio\",\"item\":\"https:\\\/\\\/www.encontravitoria.com.br\\\/sobre\\\/\"},{\"@type\":\"ListItem\",\"position\":2,\"name\":\"Maratona de Vit\u00f3ria ter\u00e1 opera\u00e7\u00e3o de tr\u00e2nsito in\u00e9dita no Brasil\"}]},{\"@type\":\"WebSite\",\"@id\":\"https:\\\/\\\/www.encontravitoria.com.br\\\/sobre\\\/#website\",\"url\":\"https:\\\/\\\/www.encontravitoria.com.br\\\/sobre\\\/\",\"name\":\"Encontra Vit\u00f3ria\",\"description\":\"Not\u00edcias, eventos, informa\u00e7\u00f5es e dicas na cidade Vit\u00f3ria e regi\u00e3o.\",\"potentialAction\":[{\"@type\":\"SearchAction\",\"target\":{\"@type\":\"EntryPoint\",\"urlTemplate\":\"https:\\\/\\\/www.encontravitoria.com.br\\\/sobre\\\/?s={search_term_string}\"},\"query-input\":{\"@type\":\"PropertyValueSpecification\",\"valueRequired\":true,\"valueName\":\"search_term_string\"}}],\"inLanguage\":\"pt-BR\"},{\"@type\":\"Person\",\"@id\":\"https:\\\/\\\/www.encontravitoria.com.br\\\/sobre\\\/#\\\/schema\\\/person\\\/0f8e5bcc88fbadf1bad57afd504f48a2\",\"name\":\"Encontra Vit\u00f3ria\",\"image\":{\"@type\":\"ImageObject\",\"inLanguage\":\"pt-BR\",\"@id\":\"https:\\\/\\\/secure.gravatar.com\\\/avatar\\\/507340682b8270222e1f208e23198b6ae7e2c6a1033ae84e99bc6bce4f82a387?s=96&d=mm&r=g\",\"url\":\"https:\\\/\\\/secure.gravatar.com\\\/avatar\\\/507340682b8270222e1f208e23198b6ae7e2c6a1033ae84e99bc6bce4f82a387?s=96&d=mm&r=g\",\"contentUrl\":\"https:\\\/\\\/secure.gravatar.com\\\/avatar\\\/507340682b8270222e1f208e23198b6ae7e2c6a1033ae84e99bc6bce4f82a387?s=96&d=mm&r=g\",\"caption\":\"Encontra Vit\u00f3ria\"},\"sameAs\":[\"http:\\\/\\\/www.encontravitoria.com.br\"],\"url\":\"https:\\\/\\\/www.encontravitoria.com.br\\\/sobre\\\/author\\\/evitoria\\\/\"}]}<\/script>\n<!-- \/ Yoast SEO plugin. -->","yoast_head_json":{"title":"Maratona de Vit\u00f3ria ter\u00e1 opera\u00e7\u00e3o de tr\u00e2nsito in\u00e9dita no Brasil - Encontra Vit\u00f3ria","robots":{"index":"index","follow":"follow","max-snippet":"max-snippet:-1","max-image-preview":"max-image-preview:large","max-video-preview":"max-video-preview:-1"},"canonical":"https:\/\/www.encontravitoria.com.br\/sobre\/maratona-de-vitoria-tera-operacao-de-transito-inedita-no-brasil\/","og_locale":"pt_BR","og_type":"article","og_title":"Maratona de Vit\u00f3ria ter\u00e1 opera\u00e7\u00e3o de tr\u00e2nsito in\u00e9dita no Brasil - Encontra Vit\u00f3ria","og_description":"Maratona de Vit\u00f3ria trar\u00e1 um sistema de tr\u00e2nsito inovador sem precedentes no Brasil.","og_url":"https:\/\/www.encontravitoria.com.br\/sobre\/maratona-de-vitoria-tera-operacao-de-transito-inedita-no-brasil\/","og_site_name":"Encontra Vit\u00f3ria","article_published_time":"2026-07-26T01:41:42+00:00","og_image":[{"url":"https:\/\/www.encontravitoria.com.br\/sobre\/wp-content\/uploads\/2026\/07\/maratona-de-vitoria-tera-operacao-de-transito-inedita-no-brasil.webp","type":"","width":"","height":""}],"author":"Encontra Vit\u00f3ria","twitter_card":"summary_large_image","twitter_misc":{"Escrito por":"Encontra Vit\u00f3ria","Est. tempo de leitura":"4 minutos"},"schema":{"@context":"https:\/\/schema.org","@graph":[{"@type":"Article","@id":"https:\/\/www.encontravitoria.com.br\/sobre\/maratona-de-vitoria-tera-operacao-de-transito-inedita-no-brasil\/#article","isPartOf":{"@id":"https:\/\/www.encontravitoria.com.br\/sobre\/maratona-de-vitoria-tera-operacao-de-transito-inedita-no-brasil\/"},"author":{"name":"Encontra Vit\u00f3ria","@id":"https:\/\/www.encontravitoria.com.br\/sobre\/#\/schema\/person\/0f8e5bcc88fbadf1bad57afd504f48a2"},"headline":"Maratona de Vit\u00f3ria ter\u00e1 opera\u00e7\u00e3o de tr\u00e2nsito in\u00e9dita no Brasil","datePublished":"2026-07-26T01:41:42+00:00","mainEntityOfPage":{"@id":"https:\/\/www.encontravitoria.com.br\/sobre\/maratona-de-vitoria-tera-operacao-de-transito-inedita-no-brasil\/"},"wordCount":838,"commentCount":0,"image":{"@id":"https:\/\/www.encontravitoria.com.br\/sobre\/maratona-de-vitoria-tera-operacao-de-transito-inedita-no-brasil\/#primaryimage"},"thumbnailUrl":"https:\/\/www.encontravitoria.com.br\/sobre\/wp-content\/uploads\/2026\/07\/maratona-de-vitoria-tera-operacao-de-transito-inedita-no-brasil.webp","articleSection":["Not\u00edcias Vit\u00f3ria"],"inLanguage":"pt-BR","potentialAction":[{"@type":"CommentAction","name":"Comment","target":["https:\/\/www.encontravitoria.com.br\/sobre\/maratona-de-vitoria-tera-operacao-de-transito-inedita-no-brasil\/#respond"]}]},{"@type":"WebPage","@id":"https:\/\/www.encontravitoria.com.br\/sobre\/maratona-de-vitoria-tera-operacao-de-transito-inedita-no-brasil\/","url":"https:\/\/www.encontravitoria.com.br\/sobre\/maratona-de-vitoria-tera-operacao-de-transito-inedita-no-brasil\/","name":"Maratona de Vit\u00f3ria ter\u00e1 opera\u00e7\u00e3o de tr\u00e2nsito in\u00e9dita no Brasil - Encontra Vit\u00f3ria","isPartOf":{"@id":"https:\/\/www.encontravitoria.com.br\/sobre\/#website"},"primaryImageOfPage":{"@id":"https:\/\/www.encontravitoria.com.br\/sobre\/maratona-de-vitoria-tera-operacao-de-transito-inedita-no-brasil\/#primaryimage"},"image":{"@id":"https:\/\/www.encontravitoria.com.br\/sobre\/maratona-de-vitoria-tera-operacao-de-transito-inedita-no-brasil\/#primaryimage"},"thumbnailUrl":"https:\/\/www.encontravitoria.com.br\/sobre\/wp-content\/uploads\/2026\/07\/maratona-de-vitoria-tera-operacao-de-transito-inedita-no-brasil.webp","datePublished":"2026-07-26T01:41:42+00:00","author":{"@id":"https:\/\/www.encontravitoria.com.br\/sobre\/#\/schema\/person\/0f8e5bcc88fbadf1bad57afd504f48a2"},"breadcrumb":{"@id":"https:\/\/www.encontravitoria.com.br\/sobre\/maratona-de-vitoria-tera-operacao-de-transito-inedita-no-brasil\/#breadcrumb"},"inLanguage":"pt-BR","potentialAction":[{"@type":"ReadAction","target":["https:\/\/www.encontravitoria.com.br\/sobre\/maratona-de-vitoria-tera-operacao-de-transito-inedita-no-brasil\/"]}]},{"@type":"ImageObject","inLanguage":"pt-BR","@id":"https:\/\/www.encontravitoria.com.br\/sobre\/maratona-de-vitoria-tera-operacao-de-transito-inedita-no-brasil\/#primaryimage","url":"https:\/\/www.encontravitoria.com.br\/sobre\/wp-content\/uploads\/2026\/07\/maratona-de-vitoria-tera-operacao-de-transito-inedita-no-brasil.webp","contentUrl":"https:\/\/www.encontravitoria.com.br\/sobre\/wp-content\/uploads\/2026\/07\/maratona-de-vitoria-tera-operacao-de-transito-inedita-no-brasil.webp","width":280,"height":280,"caption":"Maratona de Vit\u00f3ria"},{"@type":"BreadcrumbList","@id":"https:\/\/www.encontravitoria.com.br\/sobre\/maratona-de-vitoria-tera-operacao-de-transito-inedita-no-brasil\/#breadcrumb","itemListElement":[{"@type":"ListItem","position":1,"name":"In\u00edcio","item":"https:\/\/www.encontravitoria.com.br\/sobre\/"},{"@type":"ListItem","position":2,"name":"Maratona de Vit\u00f3ria ter\u00e1 opera\u00e7\u00e3o de tr\u00e2nsito in\u00e9dita no Brasil"}]},{"@type":"WebSite","@id":"https:\/\/www.encontravitoria.com.br\/sobre\/#website","url":"https:\/\/www.encontravitoria.com.br\/sobre\/","name":"Encontra Vit\u00f3ria","description":"Not\u00edcias, eventos, informa\u00e7\u00f5es e dicas na cidade Vit\u00f3ria e regi\u00e3o.","potentialAction":[{"@type":"SearchAction","target":{"@type":"EntryPoint","urlTemplate":"https:\/\/www.encontravitoria.com.br\/sobre\/?s={search_term_string}"},"query-input":{"@type":"PropertyValueSpecification","valueRequired":true,"valueName":"search_term_string"}}],"inLanguage":"pt-BR"},{"@type":"Person","@id":"https:\/\/www.encontravitoria.com.br\/sobre\/#\/schema\/person\/0f8e5bcc88fbadf1bad57afd504f48a2","name":"Encontra Vit\u00f3ria","image":{"@type":"ImageObject","inLanguage":"pt-BR","@id":"https:\/\/secure.gravatar.com\/avatar\/507340682b8270222e1f208e23198b6ae7e2c6a1033ae84e99bc6bce4f82a387?s=96&d=mm&r=g","url":"https:\/\/secure.gravatar.com\/avatar\/507340682b8270222e1f208e23198b6ae7e2c6a1033ae84e99bc6bce4f82a387?s=96&d=mm&r=g","contentUrl":"https:\/\/secure.gravatar.com\/avatar\/507340682b8270222e1f208e23198b6ae7e2c6a1033ae84e99bc6bce4f82a387?s=96&d=mm&r=g","caption":"Encontra Vit\u00f3ria"},"sameAs":["http:\/\/www.encontravitoria.com.br"],"url":"https:\/\/www.encontravitoria.com.br\/sobre\/author\/evitoria\/"}]}},"_links":{"self":[{"href":"https:\/\/www.encontravitoria.com.br\/sobre\/wp-json\/wp\/v2\/posts\/2012","targetHints":{"allow":["GET"]}}],"collection":[{"href":"https:\/\/www.encontravitoria.com.br\/sobre\/wp-json\/wp\/v2\/posts"}],"about":[{"href":"https:\/\/www.encontravitoria.com.br\/sobre\/wp-json\/wp\/v2\/types\/post"}],"author":[{"embeddable":true,"href":"https:\/\/www.encontravitoria.com.br\/sobre\/wp-json\/wp\/v2\/users\/1"}],"replies":[{"embeddable":true,"href":"https:\/\/www.encontravitoria.com.br\/sobre\/wp-json\/wp\/v2\/comments?post=2012"}],"version-history":[{"count":0,"href":"https:\/\/www.encontravitoria.com.br\/sobre\/wp-json\/wp\/v2\/posts\/2012\/revisions"}],"wp:featuredmedia":[{"embeddable":true,"href":"https:\/\/www.encontravitoria.com.br\/sobre\/wp-json\/wp\/v2\/media\/2011"}],"wp:attachment":[{"href":"https:\/\/www.encontravitoria.com.br\/sobre\/wp-json\/wp\/v2\/media?parent=2012"}],"wp:term":[{"taxonomy":"category","embeddable":true,"href":"https:\/\/www.encontravitoria.com.br\/sobre\/wp-json\/wp\/v2\/categories?post=2012"},{"taxonomy":"post_tag","embeddable":true,"href":"https:\/\/www.encontravitoria.com.br\/sobre\/wp-json\/wp\/v2\/tags?post=2012"}],"curies":[{"name":"wp","href":"https:\/\/api.w.org\/{rel}","templated":true}]}}