{"id":2040,"date":"2026-07-30T06:58:47","date_gmt":"2026-07-30T06:58:47","guid":{"rendered":"https:\/\/www.encontravitoria.com.br\/sobre\/fast-track-pas-de-sao-pedro-e-da-praia-do-sua-tem-novo-modelo-de-fluxo-para-atendimentos\/"},"modified":"2026-07-30T06:58:47","modified_gmt":"2026-07-30T06:58:47","slug":"fast-track-pas-de-sao-pedro-e-da-praia-do-sua-tem-novo-modelo-de-fluxo-para-atendimentos","status":"publish","type":"post","link":"https:\/\/www.encontravitoria.com.br\/sobre\/fast-track-pas-de-sao-pedro-e-da-praia-do-sua-tem-novo-modelo-de-fluxo-para-atendimentos\/","title":{"rendered":"Fast Track: PAs de S\u00e3o Pedro e da Praia do Su\u00e1 t\u00eam novo modelo de fluxo para atendimentos"},"content":{"rendered":"<div class=\"23ed37709e053b55400ee1990aeffe41\" data-index=\"1\" style=\"float: none; margin:0px;\">\n<!-- Anuncio display - global -->\r\n<ins class=\"adsbygoogle\"\r\n     style=\"display:block\"\r\n     data-ad-client=\"ca-pub-8585364105181520\"\r\n     data-ad-slot=\"8789329856\"\r\n     data-ad-format=\"auto\"\r\n     data-full-width-responsive=\"true\"><\/ins>\r\n<script>\r\n     (adsbygoogle = window.adsbygoogle || []).push({});\r\n<\/script>\n<\/div>\n<h2>O que \u00e9 o modelo Fast Track?<\/h2>\n<p>O modelo <strong>Fast Track<\/strong> foi implementado nos Prontos Atendimentos de S\u00e3o Pedro e da Praia do Su\u00e1 com a finalidade de otimizar o fluxo de atendimento dos pacientes. Este sistema proporciona a cria\u00e7\u00e3o de um caminho r\u00e1pido para aqueles que buscam atendimento m\u00e9dico para casos considerados de baixa gravidade, permitindo uma experi\u00eancia mais \u00e1gil enquanto se mant\u00e9m a prioridade de atendimento para situa\u00e7\u00f5es de urg\u00eancia e emerg\u00eancia.<\/p>\n<h2>Como funciona o fluxo de atendimento?<\/h2>\n<p>Quando um paciente chega a uma das unidades de Pronto Atendimento, ele passa primeiro pelo acolhimento inicial, seguido pela classifica\u00e7\u00e3o de risco. Esta avalia\u00e7\u00e3o \u00e9 conduzida por uma equipe de enfermagem que examina o estado cl\u00ednico do paciente e define a urg\u00eancia do caso. Os pacientes cujo quadro cl\u00ednico \u00e9 considerado menos complexo e que n\u00e3o apresentam risco imediato \u00e0 vida, s\u00e3o identificados por pulseiras azuis ou verdes e s\u00e3o direcionados para o <strong>Fast Track<\/strong>.<\/p>\n<h2>Vantagens do Fast Track para os pacientes<\/h2>\n<p>As vantagens do modelo <strong>Fast Track<\/strong> s\u00e3o muitas. Primeiramente, ele reduz o tempo que os pacientes levariam para serem atendidos. Al\u00e9m disso, o sistema permite uma melhor distribui\u00e7\u00e3o dos recursos humanos e uma gest\u00e3o mais eficiente do fluxo de pacientes, o que, consequentemente, resulta em uma experi\u00eancia mais satisfat\u00f3ria para os usu\u00e1rios. Essa abordagem ajuda a aliviar a espera para aqueles que necessitam de atendimentos mais demorados e complexos.<\/p>\n<p><img decoding=\"async\" src=\"https:\/\/www.encontravitoria.com.br\/sobre\/wp-content\/uploads\/2026\/07\/fast-track-pas-de-sao-pedro-e-da-praia-do-sua-tem-novo-modelo-de-fluxo-para-atendimentos.webp\" alt=\"Fast Track\" loading=\"lazy\" \/><\/p>\n<h2>Crit\u00e9rios para o encaminhamento ao Fast Track<\/h2>\n<p>Para que um paciente seja encaminhado para o <strong>Fast Track<\/strong>, ele deve atender a certos crit\u00e9rios: deve ter entre 17 e 50 anos, n\u00e3o deve apresentar comorbidades e deve ter um quadro de sa\u00fade que n\u00e3o represente risco imediato. Esses crit\u00e9rios s\u00e3o importantes para garantir que o sistema funcione de forma eficaz e que os recursos sejam utilizados da melhor maneira poss\u00edvel.<\/p>\n<h2>Import\u00e2ncia da classifica\u00e7\u00e3o de risco<\/h2>\n<p>A classifica\u00e7\u00e3o de risco \u00e9 um passo essencial no processo de atendimento m\u00e9dico porque determina a prioridade dos atendimentos. Os enfermeiros avaliam cada situa\u00e7\u00e3o e garantem que os pacientes mais graves recebam atendimento imediato, evitando que tenham que esperar muito tempo, o que poderia agravar suas condi\u00e7\u00f5es.<\/p>\n<h2>Diretora dos PAs fala sobre a nova iniciativa<\/h2>\n<p>A diretora dos Prontos Atendimentos de S\u00e3o Pedro e Praia do Su\u00e1, Tatiana Tannus, enfatiza a import\u00e2ncia do <strong>Fast Track<\/strong> na melhoria da assist\u00eancia \u00e0 popula\u00e7\u00e3o. Segundo ela, &#8220;com a implementa\u00e7\u00e3o do Fast Track, nosso objetivo \u00e9 oferecer um atendimento mais eficiente, garantindo que a experi\u00eancia do paciente seja \u00e1gil e organizada, sem comprometer a qualidade do atendimento prestado&#8221;.<\/p>\n<h2>Como o Fast Track melhora a efici\u00eancia do atendimento<\/h2>\n<p>O <strong>Fast Track<\/strong> n\u00e3o apenas torna o atendimento mais r\u00e1pido, mas tamb\u00e9m melhora a efici\u00eancia operacional das unidades. Com uma melhor organiza\u00e7\u00e3o do fluxo, os profissionais t\u00eam condi\u00e7\u00f5es de gerenciar o tempo de espera e os recursos dispon\u00edveis de forma mais eficaz, permitindo que a equipe de sa\u00fade se concentre nas necessidades reais de cada paciente.<\/p>\n<h2>O papel da equipe de enfermagem no processo<\/h2>\n<p>A equipe de enfermagem desempenha um papel crucial na implementa\u00e7\u00e3o do <strong>Fast Track<\/strong>. Eles s\u00e3o respons\u00e1veis pela triagem inicial, pela avalia\u00e7\u00e3o cl\u00ednica e pela orienta\u00e7\u00e3o dos pacientes dentro do sistema, sendo a primeira linha de atendimento. O trabalho dos enfermeiros \u00e9 fundamental para garantir que cada paciente receba o n\u00edvel de aten\u00e7\u00e3o adequado de acordo com a sua situa\u00e7\u00e3o de sa\u00fade.<\/p>\n<h2>Depoimentos de pacientes atendidos<\/h2>\n<p>Os pacientes que j\u00e1 passaram pelo sistema <strong>Fast Track<\/strong> t\u00eam compartilhado experi\u00eancias positivas. Muitos relataram que o tempo de espera foi significativamente reduzido e que receberam atendimento de forma r\u00e1pida e eficiente. Esses feedbacks positivos incentivam a continuidade e o aprimoramento do modelo.<\/p>\n<h2>O futuro do atendimento m\u00e9dico com o Fast Track<\/h2>\n<p>O <strong>Fast Track<\/strong> representa um avan\u00e7o importante na \u00e1rea da sa\u00fade p\u00fablica. Com a cont\u00ednua implementa\u00e7\u00e3o de metodologias que visam o aprimoramento do atendimento, espera-se que outros Prontos Atendimentos sigam o exemplo e adotem modelos similares. O foco em efici\u00eancia e qualidade deve se tornar uma prioridade para o futuro dos servi\u00e7os de sa\u00fade.<\/p>\n\n<div style=\"font-size: 0px; height: 0px; line-height: 0px; margin: 0; padding: 0; clear: both;\"><\/div>","protected":false},"excerpt":{"rendered":"<p>Fast Track revoluciona atendimentos nos PAs de S\u00e3o Pedro e Praia do Su\u00e1.<\/p>\n","protected":false},"author":1,"featured_media":2039,"comment_status":"open","ping_status":"closed","sticky":false,"template":"","format":"standard","meta":{"footnotes":""},"categories":[6],"tags":[],"class_list":["post-2040","post","type-post","status-publish","format-standard","has-post-thumbnail","hentry","category-noticias-em-vitoria","has_thumb"],"yoast_head":"<!-- This site is optimized with the Yoast SEO plugin v28.2 - https:\/\/yoast.com\/product\/yoast-seo-wordpress\/ -->\n<title>Fast Track: PAs de S\u00e3o Pedro e da Praia do Su\u00e1 t\u00eam novo modelo de fluxo para atendimentos - Encontra Vit\u00f3ria<\/title>\n<meta name=\"robots\" content=\"index, follow, max-snippet:-1, max-image-preview:large, max-video-preview:-1\" \/>\n<link rel=\"canonical\" href=\"https:\/\/www.encontravitoria.com.br\/sobre\/fast-track-pas-de-sao-pedro-e-da-praia-do-sua-tem-novo-modelo-de-fluxo-para-atendimentos\/\" \/>\n<meta property=\"og:locale\" content=\"pt_BR\" \/>\n<meta property=\"og:type\" content=\"article\" \/>\n<meta property=\"og:title\" content=\"Fast Track: PAs de S\u00e3o Pedro e da Praia do Su\u00e1 t\u00eam novo modelo de fluxo para atendimentos - Encontra Vit\u00f3ria\" \/>\n<meta property=\"og:description\" content=\"Fast Track revoluciona atendimentos nos PAs de S\u00e3o Pedro e Praia do Su\u00e1.\" \/>\n<meta property=\"og:url\" content=\"https:\/\/www.encontravitoria.com.br\/sobre\/fast-track-pas-de-sao-pedro-e-da-praia-do-sua-tem-novo-modelo-de-fluxo-para-atendimentos\/\" \/>\n<meta property=\"og:site_name\" content=\"Encontra Vit\u00f3ria\" \/>\n<meta property=\"article:published_time\" content=\"2026-07-30T06:58:47+00:00\" \/>\n<meta property=\"og:image\" content=\"https:\/\/www.encontravitoria.com.br\/sobre\/wp-content\/uploads\/2026\/07\/fast-track-pas-de-sao-pedro-e-da-praia-do-sua-tem-novo-modelo-de-fluxo-para-atendimentos.webp\" \/>\n<meta name=\"author\" content=\"Encontra Vit\u00f3ria\" \/>\n<meta name=\"twitter:card\" content=\"summary_large_image\" \/>\n<meta name=\"twitter:label1\" content=\"Escrito por\" \/>\n\t<meta name=\"twitter:data1\" content=\"Encontra Vit\u00f3ria\" \/>\n\t<meta name=\"twitter:label2\" content=\"Est. tempo de leitura\" \/>\n\t<meta name=\"twitter:data2\" content=\"4 minutos\" \/>\n<script type=\"application\/ld+json\" class=\"yoast-schema-graph\">{\"@context\":\"https:\\\/\\\/schema.org\",\"@graph\":[{\"@type\":\"Article\",\"@id\":\"https:\\\/\\\/www.encontravitoria.com.br\\\/sobre\\\/fast-track-pas-de-sao-pedro-e-da-praia-do-sua-tem-novo-modelo-de-fluxo-para-atendimentos\\\/#article\",\"isPartOf\":{\"@id\":\"https:\\\/\\\/www.encontravitoria.com.br\\\/sobre\\\/fast-track-pas-de-sao-pedro-e-da-praia-do-sua-tem-novo-modelo-de-fluxo-para-atendimentos\\\/\"},\"author\":{\"name\":\"Encontra Vit\u00f3ria\",\"@id\":\"https:\\\/\\\/www.encontravitoria.com.br\\\/sobre\\\/#\\\/schema\\\/person\\\/0f8e5bcc88fbadf1bad57afd504f48a2\"},\"headline\":\"Fast Track: PAs de S\u00e3o Pedro e da Praia do Su\u00e1 t\u00eam novo modelo de fluxo para atendimentos\",\"datePublished\":\"2026-07-30T06:58:47+00:00\",\"mainEntityOfPage\":{\"@id\":\"https:\\\/\\\/www.encontravitoria.com.br\\\/sobre\\\/fast-track-pas-de-sao-pedro-e-da-praia-do-sua-tem-novo-modelo-de-fluxo-para-atendimentos\\\/\"},\"wordCount\":749,\"commentCount\":0,\"image\":{\"@id\":\"https:\\\/\\\/www.encontravitoria.com.br\\\/sobre\\\/fast-track-pas-de-sao-pedro-e-da-praia-do-sua-tem-novo-modelo-de-fluxo-para-atendimentos\\\/#primaryimage\"},\"thumbnailUrl\":\"https:\\\/\\\/www.encontravitoria.com.br\\\/sobre\\\/wp-content\\\/uploads\\\/2026\\\/07\\\/fast-track-pas-de-sao-pedro-e-da-praia-do-sua-tem-novo-modelo-de-fluxo-para-atendimentos.webp\",\"articleSection\":[\"Not\u00edcias Vit\u00f3ria\"],\"inLanguage\":\"pt-BR\",\"potentialAction\":[{\"@type\":\"CommentAction\",\"name\":\"Comment\",\"target\":[\"https:\\\/\\\/www.encontravitoria.com.br\\\/sobre\\\/fast-track-pas-de-sao-pedro-e-da-praia-do-sua-tem-novo-modelo-de-fluxo-para-atendimentos\\\/#respond\"]}]},{\"@type\":\"WebPage\",\"@id\":\"https:\\\/\\\/www.encontravitoria.com.br\\\/sobre\\\/fast-track-pas-de-sao-pedro-e-da-praia-do-sua-tem-novo-modelo-de-fluxo-para-atendimentos\\\/\",\"url\":\"https:\\\/\\\/www.encontravitoria.com.br\\\/sobre\\\/fast-track-pas-de-sao-pedro-e-da-praia-do-sua-tem-novo-modelo-de-fluxo-para-atendimentos\\\/\",\"name\":\"Fast Track: PAs de S\u00e3o Pedro e da Praia do Su\u00e1 t\u00eam novo modelo de fluxo para atendimentos - Encontra Vit\u00f3ria\",\"isPartOf\":{\"@id\":\"https:\\\/\\\/www.encontravitoria.com.br\\\/sobre\\\/#website\"},\"primaryImageOfPage\":{\"@id\":\"https:\\\/\\\/www.encontravitoria.com.br\\\/sobre\\\/fast-track-pas-de-sao-pedro-e-da-praia-do-sua-tem-novo-modelo-de-fluxo-para-atendimentos\\\/#primaryimage\"},\"image\":{\"@id\":\"https:\\\/\\\/www.encontravitoria.com.br\\\/sobre\\\/fast-track-pas-de-sao-pedro-e-da-praia-do-sua-tem-novo-modelo-de-fluxo-para-atendimentos\\\/#primaryimage\"},\"thumbnailUrl\":\"https:\\\/\\\/www.encontravitoria.com.br\\\/sobre\\\/wp-content\\\/uploads\\\/2026\\\/07\\\/fast-track-pas-de-sao-pedro-e-da-praia-do-sua-tem-novo-modelo-de-fluxo-para-atendimentos.webp\",\"datePublished\":\"2026-07-30T06:58:47+00:00\",\"author\":{\"@id\":\"https:\\\/\\\/www.encontravitoria.com.br\\\/sobre\\\/#\\\/schema\\\/person\\\/0f8e5bcc88fbadf1bad57afd504f48a2\"},\"breadcrumb\":{\"@id\":\"https:\\\/\\\/www.encontravitoria.com.br\\\/sobre\\\/fast-track-pas-de-sao-pedro-e-da-praia-do-sua-tem-novo-modelo-de-fluxo-para-atendimentos\\\/#breadcrumb\"},\"inLanguage\":\"pt-BR\",\"potentialAction\":[{\"@type\":\"ReadAction\",\"target\":[\"https:\\\/\\\/www.encontravitoria.com.br\\\/sobre\\\/fast-track-pas-de-sao-pedro-e-da-praia-do-sua-tem-novo-modelo-de-fluxo-para-atendimentos\\\/\"]}]},{\"@type\":\"ImageObject\",\"inLanguage\":\"pt-BR\",\"@id\":\"https:\\\/\\\/www.encontravitoria.com.br\\\/sobre\\\/fast-track-pas-de-sao-pedro-e-da-praia-do-sua-tem-novo-modelo-de-fluxo-para-atendimentos\\\/#primaryimage\",\"url\":\"https:\\\/\\\/www.encontravitoria.com.br\\\/sobre\\\/wp-content\\\/uploads\\\/2026\\\/07\\\/fast-track-pas-de-sao-pedro-e-da-praia-do-sua-tem-novo-modelo-de-fluxo-para-atendimentos.webp\",\"contentUrl\":\"https:\\\/\\\/www.encontravitoria.com.br\\\/sobre\\\/wp-content\\\/uploads\\\/2026\\\/07\\\/fast-track-pas-de-sao-pedro-e-da-praia-do-sua-tem-novo-modelo-de-fluxo-para-atendimentos.webp\",\"width\":280,\"height\":280,\"caption\":\"Fast Track\"},{\"@type\":\"BreadcrumbList\",\"@id\":\"https:\\\/\\\/www.encontravitoria.com.br\\\/sobre\\\/fast-track-pas-de-sao-pedro-e-da-praia-do-sua-tem-novo-modelo-de-fluxo-para-atendimentos\\\/#breadcrumb\",\"itemListElement\":[{\"@type\":\"ListItem\",\"position\":1,\"name\":\"In\u00edcio\",\"item\":\"https:\\\/\\\/www.encontravitoria.com.br\\\/sobre\\\/\"},{\"@type\":\"ListItem\",\"position\":2,\"name\":\"Fast Track: PAs de S\u00e3o Pedro e da Praia do Su\u00e1 t\u00eam novo modelo de fluxo para atendimentos\"}]},{\"@type\":\"WebSite\",\"@id\":\"https:\\\/\\\/www.encontravitoria.com.br\\\/sobre\\\/#website\",\"url\":\"https:\\\/\\\/www.encontravitoria.com.br\\\/sobre\\\/\",\"name\":\"Encontra Vit\u00f3ria\",\"description\":\"Not\u00edcias, eventos, informa\u00e7\u00f5es e dicas na cidade Vit\u00f3ria e regi\u00e3o.\",\"potentialAction\":[{\"@type\":\"SearchAction\",\"target\":{\"@type\":\"EntryPoint\",\"urlTemplate\":\"https:\\\/\\\/www.encontravitoria.com.br\\\/sobre\\\/?s={search_term_string}\"},\"query-input\":{\"@type\":\"PropertyValueSpecification\",\"valueRequired\":true,\"valueName\":\"search_term_string\"}}],\"inLanguage\":\"pt-BR\"},{\"@type\":\"Person\",\"@id\":\"https:\\\/\\\/www.encontravitoria.com.br\\\/sobre\\\/#\\\/schema\\\/person\\\/0f8e5bcc88fbadf1bad57afd504f48a2\",\"name\":\"Encontra Vit\u00f3ria\",\"image\":{\"@type\":\"ImageObject\",\"inLanguage\":\"pt-BR\",\"@id\":\"https:\\\/\\\/secure.gravatar.com\\\/avatar\\\/507340682b8270222e1f208e23198b6ae7e2c6a1033ae84e99bc6bce4f82a387?s=96&d=mm&r=g\",\"url\":\"https:\\\/\\\/secure.gravatar.com\\\/avatar\\\/507340682b8270222e1f208e23198b6ae7e2c6a1033ae84e99bc6bce4f82a387?s=96&d=mm&r=g\",\"contentUrl\":\"https:\\\/\\\/secure.gravatar.com\\\/avatar\\\/507340682b8270222e1f208e23198b6ae7e2c6a1033ae84e99bc6bce4f82a387?s=96&d=mm&r=g\",\"caption\":\"Encontra Vit\u00f3ria\"},\"sameAs\":[\"http:\\\/\\\/www.encontravitoria.com.br\"],\"url\":\"https:\\\/\\\/www.encontravitoria.com.br\\\/sobre\\\/author\\\/evitoria\\\/\"}]}<\/script>\n<!-- \/ Yoast SEO plugin. -->","yoast_head_json":{"title":"Fast Track: PAs de S\u00e3o Pedro e da Praia do Su\u00e1 t\u00eam novo modelo de fluxo para atendimentos - Encontra Vit\u00f3ria","robots":{"index":"index","follow":"follow","max-snippet":"max-snippet:-1","max-image-preview":"max-image-preview:large","max-video-preview":"max-video-preview:-1"},"canonical":"https:\/\/www.encontravitoria.com.br\/sobre\/fast-track-pas-de-sao-pedro-e-da-praia-do-sua-tem-novo-modelo-de-fluxo-para-atendimentos\/","og_locale":"pt_BR","og_type":"article","og_title":"Fast Track: PAs de S\u00e3o Pedro e da Praia do Su\u00e1 t\u00eam novo modelo de fluxo para atendimentos - Encontra Vit\u00f3ria","og_description":"Fast Track revoluciona atendimentos nos PAs de S\u00e3o Pedro e Praia do Su\u00e1.","og_url":"https:\/\/www.encontravitoria.com.br\/sobre\/fast-track-pas-de-sao-pedro-e-da-praia-do-sua-tem-novo-modelo-de-fluxo-para-atendimentos\/","og_site_name":"Encontra Vit\u00f3ria","article_published_time":"2026-07-30T06:58:47+00:00","og_image":[{"url":"https:\/\/www.encontravitoria.com.br\/sobre\/wp-content\/uploads\/2026\/07\/fast-track-pas-de-sao-pedro-e-da-praia-do-sua-tem-novo-modelo-de-fluxo-para-atendimentos.webp","type":"","width":"","height":""}],"author":"Encontra Vit\u00f3ria","twitter_card":"summary_large_image","twitter_misc":{"Escrito por":"Encontra Vit\u00f3ria","Est. tempo de leitura":"4 minutos"},"schema":{"@context":"https:\/\/schema.org","@graph":[{"@type":"Article","@id":"https:\/\/www.encontravitoria.com.br\/sobre\/fast-track-pas-de-sao-pedro-e-da-praia-do-sua-tem-novo-modelo-de-fluxo-para-atendimentos\/#article","isPartOf":{"@id":"https:\/\/www.encontravitoria.com.br\/sobre\/fast-track-pas-de-sao-pedro-e-da-praia-do-sua-tem-novo-modelo-de-fluxo-para-atendimentos\/"},"author":{"name":"Encontra Vit\u00f3ria","@id":"https:\/\/www.encontravitoria.com.br\/sobre\/#\/schema\/person\/0f8e5bcc88fbadf1bad57afd504f48a2"},"headline":"Fast Track: PAs de S\u00e3o Pedro e da Praia do Su\u00e1 t\u00eam novo modelo de fluxo para atendimentos","datePublished":"2026-07-30T06:58:47+00:00","mainEntityOfPage":{"@id":"https:\/\/www.encontravitoria.com.br\/sobre\/fast-track-pas-de-sao-pedro-e-da-praia-do-sua-tem-novo-modelo-de-fluxo-para-atendimentos\/"},"wordCount":749,"commentCount":0,"image":{"@id":"https:\/\/www.encontravitoria.com.br\/sobre\/fast-track-pas-de-sao-pedro-e-da-praia-do-sua-tem-novo-modelo-de-fluxo-para-atendimentos\/#primaryimage"},"thumbnailUrl":"https:\/\/www.encontravitoria.com.br\/sobre\/wp-content\/uploads\/2026\/07\/fast-track-pas-de-sao-pedro-e-da-praia-do-sua-tem-novo-modelo-de-fluxo-para-atendimentos.webp","articleSection":["Not\u00edcias Vit\u00f3ria"],"inLanguage":"pt-BR","potentialAction":[{"@type":"CommentAction","name":"Comment","target":["https:\/\/www.encontravitoria.com.br\/sobre\/fast-track-pas-de-sao-pedro-e-da-praia-do-sua-tem-novo-modelo-de-fluxo-para-atendimentos\/#respond"]}]},{"@type":"WebPage","@id":"https:\/\/www.encontravitoria.com.br\/sobre\/fast-track-pas-de-sao-pedro-e-da-praia-do-sua-tem-novo-modelo-de-fluxo-para-atendimentos\/","url":"https:\/\/www.encontravitoria.com.br\/sobre\/fast-track-pas-de-sao-pedro-e-da-praia-do-sua-tem-novo-modelo-de-fluxo-para-atendimentos\/","name":"Fast Track: PAs de S\u00e3o Pedro e da Praia do Su\u00e1 t\u00eam novo modelo de fluxo para atendimentos - Encontra Vit\u00f3ria","isPartOf":{"@id":"https:\/\/www.encontravitoria.com.br\/sobre\/#website"},"primaryImageOfPage":{"@id":"https:\/\/www.encontravitoria.com.br\/sobre\/fast-track-pas-de-sao-pedro-e-da-praia-do-sua-tem-novo-modelo-de-fluxo-para-atendimentos\/#primaryimage"},"image":{"@id":"https:\/\/www.encontravitoria.com.br\/sobre\/fast-track-pas-de-sao-pedro-e-da-praia-do-sua-tem-novo-modelo-de-fluxo-para-atendimentos\/#primaryimage"},"thumbnailUrl":"https:\/\/www.encontravitoria.com.br\/sobre\/wp-content\/uploads\/2026\/07\/fast-track-pas-de-sao-pedro-e-da-praia-do-sua-tem-novo-modelo-de-fluxo-para-atendimentos.webp","datePublished":"2026-07-30T06:58:47+00:00","author":{"@id":"https:\/\/www.encontravitoria.com.br\/sobre\/#\/schema\/person\/0f8e5bcc88fbadf1bad57afd504f48a2"},"breadcrumb":{"@id":"https:\/\/www.encontravitoria.com.br\/sobre\/fast-track-pas-de-sao-pedro-e-da-praia-do-sua-tem-novo-modelo-de-fluxo-para-atendimentos\/#breadcrumb"},"inLanguage":"pt-BR","potentialAction":[{"@type":"ReadAction","target":["https:\/\/www.encontravitoria.com.br\/sobre\/fast-track-pas-de-sao-pedro-e-da-praia-do-sua-tem-novo-modelo-de-fluxo-para-atendimentos\/"]}]},{"@type":"ImageObject","inLanguage":"pt-BR","@id":"https:\/\/www.encontravitoria.com.br\/sobre\/fast-track-pas-de-sao-pedro-e-da-praia-do-sua-tem-novo-modelo-de-fluxo-para-atendimentos\/#primaryimage","url":"https:\/\/www.encontravitoria.com.br\/sobre\/wp-content\/uploads\/2026\/07\/fast-track-pas-de-sao-pedro-e-da-praia-do-sua-tem-novo-modelo-de-fluxo-para-atendimentos.webp","contentUrl":"https:\/\/www.encontravitoria.com.br\/sobre\/wp-content\/uploads\/2026\/07\/fast-track-pas-de-sao-pedro-e-da-praia-do-sua-tem-novo-modelo-de-fluxo-para-atendimentos.webp","width":280,"height":280,"caption":"Fast Track"},{"@type":"BreadcrumbList","@id":"https:\/\/www.encontravitoria.com.br\/sobre\/fast-track-pas-de-sao-pedro-e-da-praia-do-sua-tem-novo-modelo-de-fluxo-para-atendimentos\/#breadcrumb","itemListElement":[{"@type":"ListItem","position":1,"name":"In\u00edcio","item":"https:\/\/www.encontravitoria.com.br\/sobre\/"},{"@type":"ListItem","position":2,"name":"Fast Track: PAs de S\u00e3o Pedro e da Praia do Su\u00e1 t\u00eam novo modelo de fluxo para atendimentos"}]},{"@type":"WebSite","@id":"https:\/\/www.encontravitoria.com.br\/sobre\/#website","url":"https:\/\/www.encontravitoria.com.br\/sobre\/","name":"Encontra Vit\u00f3ria","description":"Not\u00edcias, eventos, informa\u00e7\u00f5es e dicas na cidade Vit\u00f3ria e regi\u00e3o.","potentialAction":[{"@type":"SearchAction","target":{"@type":"EntryPoint","urlTemplate":"https:\/\/www.encontravitoria.com.br\/sobre\/?s={search_term_string}"},"query-input":{"@type":"PropertyValueSpecification","valueRequired":true,"valueName":"search_term_string"}}],"inLanguage":"pt-BR"},{"@type":"Person","@id":"https:\/\/www.encontravitoria.com.br\/sobre\/#\/schema\/person\/0f8e5bcc88fbadf1bad57afd504f48a2","name":"Encontra Vit\u00f3ria","image":{"@type":"ImageObject","inLanguage":"pt-BR","@id":"https:\/\/secure.gravatar.com\/avatar\/507340682b8270222e1f208e23198b6ae7e2c6a1033ae84e99bc6bce4f82a387?s=96&d=mm&r=g","url":"https:\/\/secure.gravatar.com\/avatar\/507340682b8270222e1f208e23198b6ae7e2c6a1033ae84e99bc6bce4f82a387?s=96&d=mm&r=g","contentUrl":"https:\/\/secure.gravatar.com\/avatar\/507340682b8270222e1f208e23198b6ae7e2c6a1033ae84e99bc6bce4f82a387?s=96&d=mm&r=g","caption":"Encontra Vit\u00f3ria"},"sameAs":["http:\/\/www.encontravitoria.com.br"],"url":"https:\/\/www.encontravitoria.com.br\/sobre\/author\/evitoria\/"}]}},"_links":{"self":[{"href":"https:\/\/www.encontravitoria.com.br\/sobre\/wp-json\/wp\/v2\/posts\/2040","targetHints":{"allow":["GET"]}}],"collection":[{"href":"https:\/\/www.encontravitoria.com.br\/sobre\/wp-json\/wp\/v2\/posts"}],"about":[{"href":"https:\/\/www.encontravitoria.com.br\/sobre\/wp-json\/wp\/v2\/types\/post"}],"author":[{"embeddable":true,"href":"https:\/\/www.encontravitoria.com.br\/sobre\/wp-json\/wp\/v2\/users\/1"}],"replies":[{"embeddable":true,"href":"https:\/\/www.encontravitoria.com.br\/sobre\/wp-json\/wp\/v2\/comments?post=2040"}],"version-history":[{"count":0,"href":"https:\/\/www.encontravitoria.com.br\/sobre\/wp-json\/wp\/v2\/posts\/2040\/revisions"}],"wp:featuredmedia":[{"embeddable":true,"href":"https:\/\/www.encontravitoria.com.br\/sobre\/wp-json\/wp\/v2\/media\/2039"}],"wp:attachment":[{"href":"https:\/\/www.encontravitoria.com.br\/sobre\/wp-json\/wp\/v2\/media?parent=2040"}],"wp:term":[{"taxonomy":"category","embeddable":true,"href":"https:\/\/www.encontravitoria.com.br\/sobre\/wp-json\/wp\/v2\/categories?post=2040"},{"taxonomy":"post_tag","embeddable":true,"href":"https:\/\/www.encontravitoria.com.br\/sobre\/wp-json\/wp\/v2\/tags?post=2040"}],"curies":[{"name":"wp","href":"https:\/\/api.w.org\/{rel}","templated":true}]}}