{"id":2044,"date":"2026-07-30T10:29:56","date_gmt":"2026-07-30T10:29:56","guid":{"rendered":"https:\/\/www.encontravitoria.com.br\/sobre\/guarda-de-vitoria-coordena-acao-para-apagar-simbolos-de-faccoes-e-reforca-sensacao-de-seguranca\/"},"modified":"2026-07-30T10:29:56","modified_gmt":"2026-07-30T10:29:56","slug":"guarda-de-vitoria-coordena-acao-para-apagar-simbolos-de-faccoes-e-reforca-sensacao-de-seguranca","status":"publish","type":"post","link":"https:\/\/www.encontravitoria.com.br\/sobre\/guarda-de-vitoria-coordena-acao-para-apagar-simbolos-de-faccoes-e-reforca-sensacao-de-seguranca\/","title":{"rendered":"Guarda de Vit\u00f3ria coordena a\u00e7\u00e3o para apagar s\u00edmbolos de fac\u00e7\u00f5es e refor\u00e7a sensa\u00e7\u00e3o de seguran\u00e7a"},"content":{"rendered":"<div class=\"23ed37709e053b55400ee1990aeffe41\" data-index=\"1\" style=\"float: none; margin:0px;\">\n<!-- Anuncio display - global -->\r\n<ins class=\"adsbygoogle\"\r\n     style=\"display:block\"\r\n     data-ad-client=\"ca-pub-8585364105181520\"\r\n     data-ad-slot=\"8789329856\"\r\n     data-ad-format=\"auto\"\r\n     data-full-width-responsive=\"true\"><\/ins>\r\n<script>\r\n     (adsbygoogle = window.adsbygoogle || []).push({});\r\n<\/script>\n<\/div>\n<h2>O que Motivou a A\u00e7\u00e3o da Guarda de Vit\u00f3ria<\/h2>\n<p>A Guarda Civil Municipal de Vit\u00f3ria (GCMV) iniciou uma for\u00e7a-tarefa com o objetivo de eliminar picha\u00e7\u00f5es e s\u00edmbolos associados a fac\u00e7\u00f5es criminosas que est\u00e3o presentes em diversas \u00e1reas da capital. Esta a\u00e7\u00e3o, que visa n\u00e3o somente a limpeza urbana, tamb\u00e9m faz parte de uma estrat\u00e9gia mais abrangente de seguran\u00e7a p\u00fablica. O secret\u00e1rio de Seguran\u00e7a Urbana, Amar\u00edlio Boni, destaca a import\u00e2ncia dessa iniciativa, mencionando que as picha\u00e7\u00f5es funcionam como marcadores de dom\u00ednio territorial, criando um ambiente de medo e intimida\u00e7\u00e3o entre a popula\u00e7\u00e3o.<\/p>\n<h2>Resultados Vis\u00edveis em Pouco Tempo<\/h2>\n<p>Nos dois primeiros meses da a\u00e7\u00e3o coordenada, a GCMV atuou diretamente em 20 locais diferentes, removendo inscri\u00e7\u00f5es em muros, pra\u00e7as e outros espa\u00e7os p\u00fablicos municipais. O sucesso inicial foi not\u00e1vel, pois n\u00e3o s\u00f3 deu um aspecto mais limpo \u00e0 cidade, mas tamb\u00e9m enviou uma mensagem clara de que o espa\u00e7o p\u00fablico deve ser recuperado e pertencente ao cidad\u00e3o, e n\u00e3o ao crime.<\/p>\n<h2>Impacto na Seguran\u00e7a P\u00fablica<\/h2>\n<p>A presen\u00e7a de picha\u00e7\u00f5es relacionadas a fac\u00e7\u00f5es nas comunidades n\u00e3o \u00e9 um problema meramente est\u00e9tico; impacta diretamente a seguran\u00e7a p\u00fablica. A manuten\u00e7\u00e3o desse tipo de grafismo \u00e9 frequentemente associada a atos de viol\u00eancia e controle territorial. Portanto, a remo\u00e7\u00e3o r\u00e1pida dessas marcas ajuda a desarticular a intimida\u00e7\u00e3o e refor\u00e7a a ideia de que o espa\u00e7o urbano \u00e9 protegido e respeitado. Amar\u00edlio Boni menciona estudos que afirmam que tais picha\u00e7\u00f5es s\u00e3o um sinal da presen\u00e7a criminosa, e sua elimina\u00e7\u00e3o pode contribuir para a sensa\u00e7\u00e3o de seguran\u00e7a entre os moradores.<\/p>\n<p><img decoding=\"async\" src=\"https:\/\/www.encontravitoria.com.br\/sobre\/wp-content\/uploads\/2026\/07\/guarda-de-vitoria-coordena-acao-para-apagar-simbolos-de-faccoes-e-reforca-sensacao-de-seguranca.webp\" alt=\"\" loading=\"lazy\" \/><\/p>\n<h2>Trabalho Conjunto com a Prefeitura<\/h2>\n<p>O esfor\u00e7o da Guarda de Vit\u00f3ria envolve a colabora\u00e7\u00e3o com outras frentes da administra\u00e7\u00e3o municipal. O trabalho engloba equipes da Central de Servi\u00e7os que s\u00e3o respons\u00e1veis pela limpeza e manuten\u00e7\u00e3o dos espa\u00e7os. O sistema de atua\u00e7\u00e3o integrado \u00e9 essencial, pois combina recursos e esfor\u00e7os necess\u00e1rios para garantir que a remo\u00e7\u00e3o de picha\u00e7\u00f5es seja r\u00e1pida e eficaz, al\u00e9m de incluir a revitaliza\u00e7\u00e3o do espa\u00e7o p\u00fablico com melhorias, como ilumina\u00e7\u00e3o e recupera\u00e7\u00e3o das estruturas urbanas.<\/p>\n<h2>Como a Iniciativa Afeta os Moradores<\/h2>\n<p>A presen\u00e7a de picha\u00e7\u00f5es \u00e9 uma fonte de preocupa\u00e7\u00e3o, especialmente em \u00e1reas que j\u00e1 enfrentam dificuldades sociais. A retirada desses sinais de criminosos pode contribuir para que moradores e comerciantes se sintam mais seguros. Segundo a comandante da Guarda de Vit\u00f3ria, Fabiana Gon\u00e7alves, essa iniciativa ajuda a romper o ciclo de socializa\u00e7\u00e3o do medo, proporcionando um ambiente urbano mais convidativo e seguro.<\/p>\n<h2>Refor\u00e7o na Sensa\u00e7\u00e3o de Seguran\u00e7a<\/h2>\n<p>A a\u00e7\u00e3o n\u00e3o s\u00f3 melhora a est\u00e9tica da cidade, mas tamb\u00e9m resgata a confian\u00e7a dos cidad\u00e3os em seu espa\u00e7o. O poder p\u00fablico, ao agir de forma decidida, transmite uma mensagem clara de que est\u00e1 presente e atuante na prote\u00e7\u00e3o do bem-estar p\u00fablico. Isso, consequentemente, contribui para que todos se sintam mais seguros ao transitar por esses locais.<\/p>\n<h2>A Import\u00e2ncia da Elimina\u00e7\u00e3o de Picha\u00e7\u00f5es<\/h2>\n<p>As picha\u00e7\u00f5es n\u00e3o s\u00e3o apenas um ato vandalismo; elas representam a tentativa de grupos criminosos de marcar territ\u00f3rio. O empenho da Guarda e dos demais \u00f3rg\u00e3os na remo\u00e7\u00e3o r\u00e1pida desses s\u00edmbolos \u00e9 essencial para prevenir e desalentar a perman\u00eancia desse tipo de marca que \u00e9, muitas vezes, um an\u00fancio de dom\u00ednio sobre o espa\u00e7o. A abordagem proativa da Guarda de Vit\u00f3ria assegura que os cidad\u00e3os tenham um papel ativo na manuten\u00e7\u00e3o do espa\u00e7o que lhes pertence.<\/p>\n<h2>Estrat\u00e9gias Usadas pela Guarda de Vit\u00f3ria<\/h2>\n<p>A GCMV utiliza diversas estrat\u00e9gias para identificar e remover picha\u00e7\u00f5es. Isso inclui patrulhamento regular, atendimento a den\u00fancias e um monitoramento sistem\u00e1tico das \u00e1reas afetadas. Assim que um local comprometido \u00e9 identificado, as equipes mobilizam uma resposta r\u00e1pida, que geralmente envolve limpeza e avaliando melhorias a serem implementadas.<\/p>\n<h2>Caminhos para um Futuro Mais Seguro<\/h2>\n<p>A GCMV n\u00e3o se responsabiliza apenas pela remo\u00e7\u00e3o de picha\u00e7\u00f5es, mas tamb\u00e9m pela promo\u00e7\u00e3o de um ambiente de seguran\u00e7a e bem-estar na cidade. A combina\u00e7\u00e3o da limpeza com melhorias urbanas, atua\u00e7\u00f5es preventivas e monitoramento cont\u00ednuo \u00e9 fundamental para garantir que esses espa\u00e7os permane\u00e7am livres de simbologias de fac\u00e7\u00f5es. A receita para um futuro mais seguro envolve um compromisso constante da administra\u00e7\u00e3o p\u00fablica e a colabora\u00e7\u00e3o da comunidade.<\/p>\n<h2>Reflex\u00e3o sobre a Preserva\u00e7\u00e3o Urbana<\/h2>\n<p>Ao olhar para a cidade de Vit\u00f3ria, \u00e9 evidente que as a\u00e7\u00f5es da Guarda t\u00eam um papel central na preserva\u00e7\u00e3o urbana. Mais do que simplesmente apagar sinais de crime, esfor\u00e7os como esse representam um compromisso com a revitaliza\u00e7\u00e3o do espa\u00e7o urbano e a constru\u00e7\u00e3o de um ambiente seguro e acolhedor para todos os cidad\u00e3os. A manuten\u00e7\u00e3o deste espa\u00e7o limpo e seguro \u00e9 um sinal de que a cidade est\u00e1 ativa em proteger seus moradores e promover qualidade de vida.<\/p>\n\n<div style=\"font-size: 0px; height: 0px; line-height: 0px; margin: 0; padding: 0; clear: both;\"><\/div>","protected":false},"excerpt":{"rendered":"<p>Guarda de Vit\u00f3ria apaga s\u00edmbolos de fac\u00e7\u00f5es, melhorando seguran\u00e7a.<\/p>\n","protected":false},"author":1,"featured_media":2043,"comment_status":"open","ping_status":"closed","sticky":false,"template":"","format":"standard","meta":{"footnotes":""},"categories":[6],"tags":[],"class_list":["post-2044","post","type-post","status-publish","format-standard","has-post-thumbnail","hentry","category-noticias-em-vitoria","has_thumb"],"yoast_head":"<!-- This site is optimized with the Yoast SEO plugin v28.2 - https:\/\/yoast.com\/product\/yoast-seo-wordpress\/ -->\n<title>Guarda de Vit\u00f3ria coordena a\u00e7\u00e3o para apagar s\u00edmbolos de fac\u00e7\u00f5es e refor\u00e7a sensa\u00e7\u00e3o de seguran\u00e7a - Encontra Vit\u00f3ria<\/title>\n<meta name=\"robots\" content=\"index, follow, max-snippet:-1, max-image-preview:large, max-video-preview:-1\" \/>\n<link rel=\"canonical\" href=\"https:\/\/www.encontravitoria.com.br\/sobre\/guarda-de-vitoria-coordena-acao-para-apagar-simbolos-de-faccoes-e-reforca-sensacao-de-seguranca\/\" \/>\n<meta property=\"og:locale\" content=\"pt_BR\" \/>\n<meta property=\"og:type\" content=\"article\" \/>\n<meta property=\"og:title\" content=\"Guarda de Vit\u00f3ria coordena a\u00e7\u00e3o para apagar s\u00edmbolos de fac\u00e7\u00f5es e refor\u00e7a sensa\u00e7\u00e3o de seguran\u00e7a - Encontra Vit\u00f3ria\" \/>\n<meta property=\"og:description\" content=\"Guarda de Vit\u00f3ria apaga s\u00edmbolos de fac\u00e7\u00f5es, melhorando seguran\u00e7a.\" \/>\n<meta property=\"og:url\" content=\"https:\/\/www.encontravitoria.com.br\/sobre\/guarda-de-vitoria-coordena-acao-para-apagar-simbolos-de-faccoes-e-reforca-sensacao-de-seguranca\/\" \/>\n<meta property=\"og:site_name\" content=\"Encontra Vit\u00f3ria\" \/>\n<meta property=\"article:published_time\" content=\"2026-07-30T10:29:56+00:00\" \/>\n<meta property=\"og:image\" content=\"https:\/\/www.encontravitoria.com.br\/sobre\/wp-content\/uploads\/2026\/07\/guarda-de-vitoria-coordena-acao-para-apagar-simbolos-de-faccoes-e-reforca-sensacao-de-seguranca.webp\" \/>\n<meta name=\"author\" content=\"Encontra Vit\u00f3ria\" \/>\n<meta name=\"twitter:card\" content=\"summary_large_image\" \/>\n<meta name=\"twitter:label1\" content=\"Escrito por\" \/>\n\t<meta name=\"twitter:data1\" content=\"Encontra Vit\u00f3ria\" \/>\n\t<meta name=\"twitter:label2\" content=\"Est. tempo de leitura\" \/>\n\t<meta name=\"twitter:data2\" content=\"4 minutos\" \/>\n<script type=\"application\/ld+json\" class=\"yoast-schema-graph\">{\"@context\":\"https:\\\/\\\/schema.org\",\"@graph\":[{\"@type\":\"Article\",\"@id\":\"https:\\\/\\\/www.encontravitoria.com.br\\\/sobre\\\/guarda-de-vitoria-coordena-acao-para-apagar-simbolos-de-faccoes-e-reforca-sensacao-de-seguranca\\\/#article\",\"isPartOf\":{\"@id\":\"https:\\\/\\\/www.encontravitoria.com.br\\\/sobre\\\/guarda-de-vitoria-coordena-acao-para-apagar-simbolos-de-faccoes-e-reforca-sensacao-de-seguranca\\\/\"},\"author\":{\"name\":\"Encontra Vit\u00f3ria\",\"@id\":\"https:\\\/\\\/www.encontravitoria.com.br\\\/sobre\\\/#\\\/schema\\\/person\\\/0f8e5bcc88fbadf1bad57afd504f48a2\"},\"headline\":\"Guarda de Vit\u00f3ria coordena a\u00e7\u00e3o para apagar s\u00edmbolos de fac\u00e7\u00f5es e refor\u00e7a sensa\u00e7\u00e3o de seguran\u00e7a\",\"datePublished\":\"2026-07-30T10:29:56+00:00\",\"mainEntityOfPage\":{\"@id\":\"https:\\\/\\\/www.encontravitoria.com.br\\\/sobre\\\/guarda-de-vitoria-coordena-acao-para-apagar-simbolos-de-faccoes-e-reforca-sensacao-de-seguranca\\\/\"},\"wordCount\":911,\"commentCount\":0,\"image\":{\"@id\":\"https:\\\/\\\/www.encontravitoria.com.br\\\/sobre\\\/guarda-de-vitoria-coordena-acao-para-apagar-simbolos-de-faccoes-e-reforca-sensacao-de-seguranca\\\/#primaryimage\"},\"thumbnailUrl\":\"https:\\\/\\\/www.encontravitoria.com.br\\\/sobre\\\/wp-content\\\/uploads\\\/2026\\\/07\\\/guarda-de-vitoria-coordena-acao-para-apagar-simbolos-de-faccoes-e-reforca-sensacao-de-seguranca.webp\",\"articleSection\":[\"Not\u00edcias Vit\u00f3ria\"],\"inLanguage\":\"pt-BR\",\"potentialAction\":[{\"@type\":\"CommentAction\",\"name\":\"Comment\",\"target\":[\"https:\\\/\\\/www.encontravitoria.com.br\\\/sobre\\\/guarda-de-vitoria-coordena-acao-para-apagar-simbolos-de-faccoes-e-reforca-sensacao-de-seguranca\\\/#respond\"]}]},{\"@type\":\"WebPage\",\"@id\":\"https:\\\/\\\/www.encontravitoria.com.br\\\/sobre\\\/guarda-de-vitoria-coordena-acao-para-apagar-simbolos-de-faccoes-e-reforca-sensacao-de-seguranca\\\/\",\"url\":\"https:\\\/\\\/www.encontravitoria.com.br\\\/sobre\\\/guarda-de-vitoria-coordena-acao-para-apagar-simbolos-de-faccoes-e-reforca-sensacao-de-seguranca\\\/\",\"name\":\"Guarda de Vit\u00f3ria coordena a\u00e7\u00e3o para apagar s\u00edmbolos de fac\u00e7\u00f5es e refor\u00e7a sensa\u00e7\u00e3o de seguran\u00e7a - Encontra Vit\u00f3ria\",\"isPartOf\":{\"@id\":\"https:\\\/\\\/www.encontravitoria.com.br\\\/sobre\\\/#website\"},\"primaryImageOfPage\":{\"@id\":\"https:\\\/\\\/www.encontravitoria.com.br\\\/sobre\\\/guarda-de-vitoria-coordena-acao-para-apagar-simbolos-de-faccoes-e-reforca-sensacao-de-seguranca\\\/#primaryimage\"},\"image\":{\"@id\":\"https:\\\/\\\/www.encontravitoria.com.br\\\/sobre\\\/guarda-de-vitoria-coordena-acao-para-apagar-simbolos-de-faccoes-e-reforca-sensacao-de-seguranca\\\/#primaryimage\"},\"thumbnailUrl\":\"https:\\\/\\\/www.encontravitoria.com.br\\\/sobre\\\/wp-content\\\/uploads\\\/2026\\\/07\\\/guarda-de-vitoria-coordena-acao-para-apagar-simbolos-de-faccoes-e-reforca-sensacao-de-seguranca.webp\",\"datePublished\":\"2026-07-30T10:29:56+00:00\",\"author\":{\"@id\":\"https:\\\/\\\/www.encontravitoria.com.br\\\/sobre\\\/#\\\/schema\\\/person\\\/0f8e5bcc88fbadf1bad57afd504f48a2\"},\"breadcrumb\":{\"@id\":\"https:\\\/\\\/www.encontravitoria.com.br\\\/sobre\\\/guarda-de-vitoria-coordena-acao-para-apagar-simbolos-de-faccoes-e-reforca-sensacao-de-seguranca\\\/#breadcrumb\"},\"inLanguage\":\"pt-BR\",\"potentialAction\":[{\"@type\":\"ReadAction\",\"target\":[\"https:\\\/\\\/www.encontravitoria.com.br\\\/sobre\\\/guarda-de-vitoria-coordena-acao-para-apagar-simbolos-de-faccoes-e-reforca-sensacao-de-seguranca\\\/\"]}]},{\"@type\":\"ImageObject\",\"inLanguage\":\"pt-BR\",\"@id\":\"https:\\\/\\\/www.encontravitoria.com.br\\\/sobre\\\/guarda-de-vitoria-coordena-acao-para-apagar-simbolos-de-faccoes-e-reforca-sensacao-de-seguranca\\\/#primaryimage\",\"url\":\"https:\\\/\\\/www.encontravitoria.com.br\\\/sobre\\\/wp-content\\\/uploads\\\/2026\\\/07\\\/guarda-de-vitoria-coordena-acao-para-apagar-simbolos-de-faccoes-e-reforca-sensacao-de-seguranca.webp\",\"contentUrl\":\"https:\\\/\\\/www.encontravitoria.com.br\\\/sobre\\\/wp-content\\\/uploads\\\/2026\\\/07\\\/guarda-de-vitoria-coordena-acao-para-apagar-simbolos-de-faccoes-e-reforca-sensacao-de-seguranca.webp\",\"width\":280,\"height\":280},{\"@type\":\"BreadcrumbList\",\"@id\":\"https:\\\/\\\/www.encontravitoria.com.br\\\/sobre\\\/guarda-de-vitoria-coordena-acao-para-apagar-simbolos-de-faccoes-e-reforca-sensacao-de-seguranca\\\/#breadcrumb\",\"itemListElement\":[{\"@type\":\"ListItem\",\"position\":1,\"name\":\"In\u00edcio\",\"item\":\"https:\\\/\\\/www.encontravitoria.com.br\\\/sobre\\\/\"},{\"@type\":\"ListItem\",\"position\":2,\"name\":\"Guarda de Vit\u00f3ria coordena a\u00e7\u00e3o para apagar s\u00edmbolos de fac\u00e7\u00f5es e refor\u00e7a sensa\u00e7\u00e3o de seguran\u00e7a\"}]},{\"@type\":\"WebSite\",\"@id\":\"https:\\\/\\\/www.encontravitoria.com.br\\\/sobre\\\/#website\",\"url\":\"https:\\\/\\\/www.encontravitoria.com.br\\\/sobre\\\/\",\"name\":\"Encontra Vit\u00f3ria\",\"description\":\"Not\u00edcias, eventos, informa\u00e7\u00f5es e dicas na cidade Vit\u00f3ria e regi\u00e3o.\",\"potentialAction\":[{\"@type\":\"SearchAction\",\"target\":{\"@type\":\"EntryPoint\",\"urlTemplate\":\"https:\\\/\\\/www.encontravitoria.com.br\\\/sobre\\\/?s={search_term_string}\"},\"query-input\":{\"@type\":\"PropertyValueSpecification\",\"valueRequired\":true,\"valueName\":\"search_term_string\"}}],\"inLanguage\":\"pt-BR\"},{\"@type\":\"Person\",\"@id\":\"https:\\\/\\\/www.encontravitoria.com.br\\\/sobre\\\/#\\\/schema\\\/person\\\/0f8e5bcc88fbadf1bad57afd504f48a2\",\"name\":\"Encontra Vit\u00f3ria\",\"image\":{\"@type\":\"ImageObject\",\"inLanguage\":\"pt-BR\",\"@id\":\"https:\\\/\\\/secure.gravatar.com\\\/avatar\\\/507340682b8270222e1f208e23198b6ae7e2c6a1033ae84e99bc6bce4f82a387?s=96&d=mm&r=g\",\"url\":\"https:\\\/\\\/secure.gravatar.com\\\/avatar\\\/507340682b8270222e1f208e23198b6ae7e2c6a1033ae84e99bc6bce4f82a387?s=96&d=mm&r=g\",\"contentUrl\":\"https:\\\/\\\/secure.gravatar.com\\\/avatar\\\/507340682b8270222e1f208e23198b6ae7e2c6a1033ae84e99bc6bce4f82a387?s=96&d=mm&r=g\",\"caption\":\"Encontra Vit\u00f3ria\"},\"sameAs\":[\"http:\\\/\\\/www.encontravitoria.com.br\"],\"url\":\"https:\\\/\\\/www.encontravitoria.com.br\\\/sobre\\\/author\\\/evitoria\\\/\"}]}<\/script>\n<!-- \/ Yoast SEO plugin. -->","yoast_head_json":{"title":"Guarda de Vit\u00f3ria coordena a\u00e7\u00e3o para apagar s\u00edmbolos de fac\u00e7\u00f5es e refor\u00e7a sensa\u00e7\u00e3o de seguran\u00e7a - Encontra Vit\u00f3ria","robots":{"index":"index","follow":"follow","max-snippet":"max-snippet:-1","max-image-preview":"max-image-preview:large","max-video-preview":"max-video-preview:-1"},"canonical":"https:\/\/www.encontravitoria.com.br\/sobre\/guarda-de-vitoria-coordena-acao-para-apagar-simbolos-de-faccoes-e-reforca-sensacao-de-seguranca\/","og_locale":"pt_BR","og_type":"article","og_title":"Guarda de Vit\u00f3ria coordena a\u00e7\u00e3o para apagar s\u00edmbolos de fac\u00e7\u00f5es e refor\u00e7a sensa\u00e7\u00e3o de seguran\u00e7a - Encontra Vit\u00f3ria","og_description":"Guarda de Vit\u00f3ria apaga s\u00edmbolos de fac\u00e7\u00f5es, melhorando seguran\u00e7a.","og_url":"https:\/\/www.encontravitoria.com.br\/sobre\/guarda-de-vitoria-coordena-acao-para-apagar-simbolos-de-faccoes-e-reforca-sensacao-de-seguranca\/","og_site_name":"Encontra Vit\u00f3ria","article_published_time":"2026-07-30T10:29:56+00:00","og_image":[{"url":"https:\/\/www.encontravitoria.com.br\/sobre\/wp-content\/uploads\/2026\/07\/guarda-de-vitoria-coordena-acao-para-apagar-simbolos-de-faccoes-e-reforca-sensacao-de-seguranca.webp","type":"","width":"","height":""}],"author":"Encontra Vit\u00f3ria","twitter_card":"summary_large_image","twitter_misc":{"Escrito por":"Encontra Vit\u00f3ria","Est. tempo de leitura":"4 minutos"},"schema":{"@context":"https:\/\/schema.org","@graph":[{"@type":"Article","@id":"https:\/\/www.encontravitoria.com.br\/sobre\/guarda-de-vitoria-coordena-acao-para-apagar-simbolos-de-faccoes-e-reforca-sensacao-de-seguranca\/#article","isPartOf":{"@id":"https:\/\/www.encontravitoria.com.br\/sobre\/guarda-de-vitoria-coordena-acao-para-apagar-simbolos-de-faccoes-e-reforca-sensacao-de-seguranca\/"},"author":{"name":"Encontra Vit\u00f3ria","@id":"https:\/\/www.encontravitoria.com.br\/sobre\/#\/schema\/person\/0f8e5bcc88fbadf1bad57afd504f48a2"},"headline":"Guarda de Vit\u00f3ria coordena a\u00e7\u00e3o para apagar s\u00edmbolos de fac\u00e7\u00f5es e refor\u00e7a sensa\u00e7\u00e3o de seguran\u00e7a","datePublished":"2026-07-30T10:29:56+00:00","mainEntityOfPage":{"@id":"https:\/\/www.encontravitoria.com.br\/sobre\/guarda-de-vitoria-coordena-acao-para-apagar-simbolos-de-faccoes-e-reforca-sensacao-de-seguranca\/"},"wordCount":911,"commentCount":0,"image":{"@id":"https:\/\/www.encontravitoria.com.br\/sobre\/guarda-de-vitoria-coordena-acao-para-apagar-simbolos-de-faccoes-e-reforca-sensacao-de-seguranca\/#primaryimage"},"thumbnailUrl":"https:\/\/www.encontravitoria.com.br\/sobre\/wp-content\/uploads\/2026\/07\/guarda-de-vitoria-coordena-acao-para-apagar-simbolos-de-faccoes-e-reforca-sensacao-de-seguranca.webp","articleSection":["Not\u00edcias Vit\u00f3ria"],"inLanguage":"pt-BR","potentialAction":[{"@type":"CommentAction","name":"Comment","target":["https:\/\/www.encontravitoria.com.br\/sobre\/guarda-de-vitoria-coordena-acao-para-apagar-simbolos-de-faccoes-e-reforca-sensacao-de-seguranca\/#respond"]}]},{"@type":"WebPage","@id":"https:\/\/www.encontravitoria.com.br\/sobre\/guarda-de-vitoria-coordena-acao-para-apagar-simbolos-de-faccoes-e-reforca-sensacao-de-seguranca\/","url":"https:\/\/www.encontravitoria.com.br\/sobre\/guarda-de-vitoria-coordena-acao-para-apagar-simbolos-de-faccoes-e-reforca-sensacao-de-seguranca\/","name":"Guarda de Vit\u00f3ria coordena a\u00e7\u00e3o para apagar s\u00edmbolos de fac\u00e7\u00f5es e refor\u00e7a sensa\u00e7\u00e3o de seguran\u00e7a - Encontra Vit\u00f3ria","isPartOf":{"@id":"https:\/\/www.encontravitoria.com.br\/sobre\/#website"},"primaryImageOfPage":{"@id":"https:\/\/www.encontravitoria.com.br\/sobre\/guarda-de-vitoria-coordena-acao-para-apagar-simbolos-de-faccoes-e-reforca-sensacao-de-seguranca\/#primaryimage"},"image":{"@id":"https:\/\/www.encontravitoria.com.br\/sobre\/guarda-de-vitoria-coordena-acao-para-apagar-simbolos-de-faccoes-e-reforca-sensacao-de-seguranca\/#primaryimage"},"thumbnailUrl":"https:\/\/www.encontravitoria.com.br\/sobre\/wp-content\/uploads\/2026\/07\/guarda-de-vitoria-coordena-acao-para-apagar-simbolos-de-faccoes-e-reforca-sensacao-de-seguranca.webp","datePublished":"2026-07-30T10:29:56+00:00","author":{"@id":"https:\/\/www.encontravitoria.com.br\/sobre\/#\/schema\/person\/0f8e5bcc88fbadf1bad57afd504f48a2"},"breadcrumb":{"@id":"https:\/\/www.encontravitoria.com.br\/sobre\/guarda-de-vitoria-coordena-acao-para-apagar-simbolos-de-faccoes-e-reforca-sensacao-de-seguranca\/#breadcrumb"},"inLanguage":"pt-BR","potentialAction":[{"@type":"ReadAction","target":["https:\/\/www.encontravitoria.com.br\/sobre\/guarda-de-vitoria-coordena-acao-para-apagar-simbolos-de-faccoes-e-reforca-sensacao-de-seguranca\/"]}]},{"@type":"ImageObject","inLanguage":"pt-BR","@id":"https:\/\/www.encontravitoria.com.br\/sobre\/guarda-de-vitoria-coordena-acao-para-apagar-simbolos-de-faccoes-e-reforca-sensacao-de-seguranca\/#primaryimage","url":"https:\/\/www.encontravitoria.com.br\/sobre\/wp-content\/uploads\/2026\/07\/guarda-de-vitoria-coordena-acao-para-apagar-simbolos-de-faccoes-e-reforca-sensacao-de-seguranca.webp","contentUrl":"https:\/\/www.encontravitoria.com.br\/sobre\/wp-content\/uploads\/2026\/07\/guarda-de-vitoria-coordena-acao-para-apagar-simbolos-de-faccoes-e-reforca-sensacao-de-seguranca.webp","width":280,"height":280},{"@type":"BreadcrumbList","@id":"https:\/\/www.encontravitoria.com.br\/sobre\/guarda-de-vitoria-coordena-acao-para-apagar-simbolos-de-faccoes-e-reforca-sensacao-de-seguranca\/#breadcrumb","itemListElement":[{"@type":"ListItem","position":1,"name":"In\u00edcio","item":"https:\/\/www.encontravitoria.com.br\/sobre\/"},{"@type":"ListItem","position":2,"name":"Guarda de Vit\u00f3ria coordena a\u00e7\u00e3o para apagar s\u00edmbolos de fac\u00e7\u00f5es e refor\u00e7a sensa\u00e7\u00e3o de seguran\u00e7a"}]},{"@type":"WebSite","@id":"https:\/\/www.encontravitoria.com.br\/sobre\/#website","url":"https:\/\/www.encontravitoria.com.br\/sobre\/","name":"Encontra Vit\u00f3ria","description":"Not\u00edcias, eventos, informa\u00e7\u00f5es e dicas na cidade Vit\u00f3ria e regi\u00e3o.","potentialAction":[{"@type":"SearchAction","target":{"@type":"EntryPoint","urlTemplate":"https:\/\/www.encontravitoria.com.br\/sobre\/?s={search_term_string}"},"query-input":{"@type":"PropertyValueSpecification","valueRequired":true,"valueName":"search_term_string"}}],"inLanguage":"pt-BR"},{"@type":"Person","@id":"https:\/\/www.encontravitoria.com.br\/sobre\/#\/schema\/person\/0f8e5bcc88fbadf1bad57afd504f48a2","name":"Encontra Vit\u00f3ria","image":{"@type":"ImageObject","inLanguage":"pt-BR","@id":"https:\/\/secure.gravatar.com\/avatar\/507340682b8270222e1f208e23198b6ae7e2c6a1033ae84e99bc6bce4f82a387?s=96&d=mm&r=g","url":"https:\/\/secure.gravatar.com\/avatar\/507340682b8270222e1f208e23198b6ae7e2c6a1033ae84e99bc6bce4f82a387?s=96&d=mm&r=g","contentUrl":"https:\/\/secure.gravatar.com\/avatar\/507340682b8270222e1f208e23198b6ae7e2c6a1033ae84e99bc6bce4f82a387?s=96&d=mm&r=g","caption":"Encontra Vit\u00f3ria"},"sameAs":["http:\/\/www.encontravitoria.com.br"],"url":"https:\/\/www.encontravitoria.com.br\/sobre\/author\/evitoria\/"}]}},"_links":{"self":[{"href":"https:\/\/www.encontravitoria.com.br\/sobre\/wp-json\/wp\/v2\/posts\/2044","targetHints":{"allow":["GET"]}}],"collection":[{"href":"https:\/\/www.encontravitoria.com.br\/sobre\/wp-json\/wp\/v2\/posts"}],"about":[{"href":"https:\/\/www.encontravitoria.com.br\/sobre\/wp-json\/wp\/v2\/types\/post"}],"author":[{"embeddable":true,"href":"https:\/\/www.encontravitoria.com.br\/sobre\/wp-json\/wp\/v2\/users\/1"}],"replies":[{"embeddable":true,"href":"https:\/\/www.encontravitoria.com.br\/sobre\/wp-json\/wp\/v2\/comments?post=2044"}],"version-history":[{"count":0,"href":"https:\/\/www.encontravitoria.com.br\/sobre\/wp-json\/wp\/v2\/posts\/2044\/revisions"}],"wp:featuredmedia":[{"embeddable":true,"href":"https:\/\/www.encontravitoria.com.br\/sobre\/wp-json\/wp\/v2\/media\/2043"}],"wp:attachment":[{"href":"https:\/\/www.encontravitoria.com.br\/sobre\/wp-json\/wp\/v2\/media?parent=2044"}],"wp:term":[{"taxonomy":"category","embeddable":true,"href":"https:\/\/www.encontravitoria.com.br\/sobre\/wp-json\/wp\/v2\/categories?post=2044"},{"taxonomy":"post_tag","embeddable":true,"href":"https:\/\/www.encontravitoria.com.br\/sobre\/wp-json\/wp\/v2\/tags?post=2044"}],"curies":[{"name":"wp","href":"https:\/\/api.w.org\/{rel}","templated":true}]}}