{"id":2050,"date":"2026-07-31T13:30:40","date_gmt":"2026-07-31T13:30:40","guid":{"rendered":"https:\/\/www.encontravitoria.com.br\/sobre\/prefeitura-de-vitoria-reforca-dialogo-com-liderancas-da-regional-3\/"},"modified":"2026-07-31T13:30:40","modified_gmt":"2026-07-31T13:30:40","slug":"prefeitura-de-vitoria-reforca-dialogo-com-liderancas-da-regional-3","status":"publish","type":"post","link":"https:\/\/www.encontravitoria.com.br\/sobre\/prefeitura-de-vitoria-reforca-dialogo-com-liderancas-da-regional-3\/","title":{"rendered":"Prefeitura de Vit\u00f3ria refor\u00e7a di\u00e1logo com lideran\u00e7as da Regional 3"},"content":{"rendered":"<div class=\"23ed37709e053b55400ee1990aeffe41\" data-index=\"1\" style=\"float: none; margin:0px;\">\n<!-- Anuncio display - global -->\r\n<ins class=\"adsbygoogle\"\r\n     style=\"display:block\"\r\n     data-ad-client=\"ca-pub-8585364105181520\"\r\n     data-ad-slot=\"8789329856\"\r\n     data-ad-format=\"auto\"\r\n     data-full-width-responsive=\"true\"><\/ins>\r\n<script>\r\n     (adsbygoogle = window.adsbygoogle || []).push({});\r\n<\/script>\n<\/div>\n<h2>A Reuni\u00e3o e Seus Participantes<\/h2>\n<p>No dia 30 de julho de 2026, a Prefeitura Municipal de Vit\u00f3ria (PMV) promoveu uma reuni\u00e3o significativa com lideran\u00e7as da comunidade da Regional 3, destacando a import\u00e2ncia do engajamento da popula\u00e7\u00e3o nas discuss\u00f5es sobre melhorias e demandas locais. Diversos representantes dos bairros, incluindo Bento Ferreira, Consola\u00e7\u00e3o e Jucutuquara, participaram do encontro, que teve como objetivo conectar a administra\u00e7\u00e3o p\u00fablica com os anseios e necessidades da popula\u00e7\u00e3o.<\/p>\n<h2>Pontos Discutidos: Demandas da Comunidade<\/h2>\n<p>Durante a reuni\u00e3o, diversos temas relevantes foram abordados. As lideran\u00e7as comunit\u00e1rias trouxeram \u00e0 tona solicita\u00e7\u00f5es que refletem as necessidades cotidianas da popula\u00e7\u00e3o local. A ilumina\u00e7\u00e3o p\u00fablica, por exemplo, foi um ponto de destaque, com demandas espec\u00edficas para \u00e1reas que precisam de mais aten\u00e7\u00e3o, como as adjac\u00eancias do Hospital da Pol\u00edcia Militar, onde a falta de luminosidade representa um problema.<\/p>\n<h2>Import\u00e2ncia do Di\u00e1logo para a Gest\u00e3o Municipal<\/h2>\n<p>Esse tipo de encontro \u00e9 fundamental para promover um di\u00e1logo aberto entre a administra\u00e7\u00e3o municipal e a popula\u00e7\u00e3o. As reuni\u00f5es regulares permitem aos cidad\u00e3os expressar suas preocupa\u00e7\u00f5es e sugest\u00f5es diretamente aos respons\u00e1veis pela gest\u00e3o da cidade, estreitando la\u00e7os e fomentando a participa\u00e7\u00e3o social. A PMV se compromete a ouvir essas demandas e dar retorno \u00e0 popula\u00e7\u00e3o sobre as a\u00e7\u00f5es a serem tomadas.<\/p>\n<p><img decoding=\"async\" src=\"https:\/\/www.encontravitoria.com.br\/sobre\/wp-content\/uploads\/2026\/07\/prefeitura-de-vitoria-reforca-dialogo-com-liderancas-da-regional-3.webp\" alt=\"\" loading=\"lazy\" \/><\/p>\n<h2>A Ilumina\u00e7\u00e3o P\u00fablica nas Proximidades do HPM<\/h2>\n<p>Representando o bairro Bento Ferreira, o l\u00edder comunit\u00e1rio Professor Ernani ressaltou a necessidade de melhorias na ilumina\u00e7\u00e3o p\u00fablica nas \u00e1reas pr\u00f3ximas ao Hospital da Pol\u00edcia Militar. O secret\u00e1rio de Transportes, Tr\u00e2nsito e Infraestrutura (Setran), Alex Mariano, informou que uma avalia\u00e7\u00e3o t\u00e9cnica ser\u00e1 realizada para estudar a possibilidade de aumentar a pot\u00eancia das lumin\u00e1rias, respondendo assim \u00e0 solicita\u00e7\u00e3o da comunidade.<\/p>\n<h2>A Poda de \u00c1rvores e Suas Necessidades<\/h2>\n<p>Outra solicita\u00e7\u00e3o feita durante a reuni\u00e3o envolveu a poda de \u00e1rvores na comunidade. O gerente das \u00c1reas Verdes da Secretaria Municipal de Meio Ambiente (Semmam), Ronaldo Nascimento, assegurou que a demanda ser\u00e1 considerada e atendida pela equipe respons\u00e1vel. A poda \u00e9 crucial n\u00e3o apenas para a est\u00e9tica urbana, mas tamb\u00e9m para a seguran\u00e7a dos cidad\u00e3os, prevenindo acidentes e obstru\u00e7\u00f5es.<\/p>\n<h2>Condutas para Ve\u00edculos Estacionados em Lugares Proibidos<\/h2>\n<p>Um dos l\u00edderes comunit\u00e1rios tamb\u00e9m mencionou a quest\u00e3o recorrente de ve\u00edculos estacionados em locais proibidos, o que gera complica\u00e7\u00f5es para a circula\u00e7\u00e3o e seguran\u00e7a na regi\u00e3o. O secret\u00e1rio de Seguran\u00e7a Urbana (Semsu), Amar\u00edlio Boni, orientou os moradores a utilizarem o servi\u00e7o 156 para reportar tais ocorr\u00eancias, ressaltando a import\u00e2ncia da colabora\u00e7\u00e3o da popula\u00e7\u00e3o para melhorar a ordem nas ruas.<\/p>\n<h2>Sinaliza\u00e7\u00e3o de Seguran\u00e7a em Parques Infantis<\/h2>\n<p>No tocante \u00e0 seguran\u00e7a das crian\u00e7as, foi solicitada a instala\u00e7\u00e3o de placas de sinaliza\u00e7\u00e3o no parque infantil. A PMV j\u00e1 iniciou a implementa\u00e7\u00e3o dessa demanda, com planos de garantir que a regi\u00e3o esteja em conformidade com as normas de seguran\u00e7a, proporcionando um ambiente mais seguro para os pequenos.<\/p>\n<h2>Manuten\u00e7\u00e3o de Equipamentos Esportivos<\/h2>\n<p>Em outro trecho da conversa, foi abordada a necessidade de reparar a cesta de basquete da quadra esportiva local. O secret\u00e1rio de Esportes e Lazer, Rodrigo Ronchi, comprometeu-se a enviar uma equipe para consertar o equipamento, assegurando que a infraestrutura para pr\u00e1ticas esportivas continue em boas condi\u00e7\u00f5es para o uso dos moradores.<\/p>\n<h2>Ao que se Refere a Participa\u00e7\u00e3o Comunit\u00e1ria<\/h2>\n<p>A participa\u00e7\u00e3o das lideran\u00e7as comunit\u00e1rias nas reuni\u00f5es possibilita um canal de comunica\u00e7\u00e3o direto, onde as necessidades s\u00e3o apresentadas e discutidas abertamente. Isso n\u00e3o s\u00f3 promove transpar\u00eancia por parte da gest\u00e3o da cidade, mas tamb\u00e9m refor\u00e7a a responsabilidade do poder p\u00fablico em atender \u00e0s demandas da comunidade.<\/p>\n<h2>Como as Reuni\u00f5es Podem Transformar os Bairros<\/h2>\n<p>As reuni\u00f5es regionais servem como uma ferramenta poderosa para transformar as comunidades. Ao possibilitar que as demandas sejam ouvidas e discutidas, a PMV n\u00e3o apenas mostra que valoriza a opini\u00e3o dos cidad\u00e3os, mas tamb\u00e9m pode planejar a\u00e7\u00f5es mais eficazes e direcionadas \u00e0s necessidades reais da popula\u00e7\u00e3o. Este modelo de gest\u00e3o participativa tem o potencial de construir um futuro mais colaborativo e eficiente para Vit\u00f3ria.<\/p>\n\n<div style=\"font-size: 0px; height: 0px; line-height: 0px; margin: 0; padding: 0; clear: both;\"><\/div>","protected":false},"excerpt":{"rendered":"<p>Prefeitura de Vit\u00f3ria refor\u00e7a di\u00e1logo com lideran\u00e7as da Regional 3.<\/p>\n","protected":false},"author":1,"featured_media":2049,"comment_status":"open","ping_status":"closed","sticky":false,"template":"","format":"standard","meta":{"footnotes":""},"categories":[6],"tags":[],"class_list":["post-2050","post","type-post","status-publish","format-standard","has-post-thumbnail","hentry","category-noticias-em-vitoria","has_thumb"],"yoast_head":"<!-- This site is optimized with the Yoast SEO plugin v28.2 - https:\/\/yoast.com\/product\/yoast-seo-wordpress\/ -->\n<title>Prefeitura de Vit\u00f3ria refor\u00e7a di\u00e1logo com lideran\u00e7as da Regional 3 - Encontra Vit\u00f3ria<\/title>\n<meta name=\"robots\" content=\"index, follow, max-snippet:-1, max-image-preview:large, max-video-preview:-1\" \/>\n<link rel=\"canonical\" href=\"https:\/\/www.encontravitoria.com.br\/sobre\/prefeitura-de-vitoria-reforca-dialogo-com-liderancas-da-regional-3\/\" \/>\n<meta property=\"og:locale\" content=\"pt_BR\" \/>\n<meta property=\"og:type\" content=\"article\" \/>\n<meta property=\"og:title\" content=\"Prefeitura de Vit\u00f3ria refor\u00e7a di\u00e1logo com lideran\u00e7as da Regional 3 - Encontra Vit\u00f3ria\" \/>\n<meta property=\"og:description\" content=\"Prefeitura de Vit\u00f3ria refor\u00e7a di\u00e1logo com lideran\u00e7as da Regional 3.\" \/>\n<meta property=\"og:url\" content=\"https:\/\/www.encontravitoria.com.br\/sobre\/prefeitura-de-vitoria-reforca-dialogo-com-liderancas-da-regional-3\/\" \/>\n<meta property=\"og:site_name\" content=\"Encontra Vit\u00f3ria\" \/>\n<meta property=\"article:published_time\" content=\"2026-07-31T13:30:40+00:00\" \/>\n<meta property=\"og:image\" content=\"https:\/\/www.encontravitoria.com.br\/sobre\/wp-content\/uploads\/2026\/07\/prefeitura-de-vitoria-reforca-dialogo-com-liderancas-da-regional-3.webp\" \/>\n<meta name=\"author\" content=\"Encontra Vit\u00f3ria\" \/>\n<meta name=\"twitter:card\" content=\"summary_large_image\" \/>\n<meta name=\"twitter:label1\" content=\"Escrito por\" \/>\n\t<meta name=\"twitter:data1\" content=\"Encontra Vit\u00f3ria\" \/>\n\t<meta name=\"twitter:label2\" content=\"Est. tempo de leitura\" \/>\n\t<meta name=\"twitter:data2\" content=\"4 minutos\" \/>\n<script type=\"application\/ld+json\" class=\"yoast-schema-graph\">{\"@context\":\"https:\\\/\\\/schema.org\",\"@graph\":[{\"@type\":\"Article\",\"@id\":\"https:\\\/\\\/www.encontravitoria.com.br\\\/sobre\\\/prefeitura-de-vitoria-reforca-dialogo-com-liderancas-da-regional-3\\\/#article\",\"isPartOf\":{\"@id\":\"https:\\\/\\\/www.encontravitoria.com.br\\\/sobre\\\/prefeitura-de-vitoria-reforca-dialogo-com-liderancas-da-regional-3\\\/\"},\"author\":{\"name\":\"Encontra Vit\u00f3ria\",\"@id\":\"https:\\\/\\\/www.encontravitoria.com.br\\\/sobre\\\/#\\\/schema\\\/person\\\/0f8e5bcc88fbadf1bad57afd504f48a2\"},\"headline\":\"Prefeitura de Vit\u00f3ria refor\u00e7a di\u00e1logo com lideran\u00e7as da Regional 3\",\"datePublished\":\"2026-07-31T13:30:40+00:00\",\"mainEntityOfPage\":{\"@id\":\"https:\\\/\\\/www.encontravitoria.com.br\\\/sobre\\\/prefeitura-de-vitoria-reforca-dialogo-com-liderancas-da-regional-3\\\/\"},\"wordCount\":756,\"commentCount\":0,\"image\":{\"@id\":\"https:\\\/\\\/www.encontravitoria.com.br\\\/sobre\\\/prefeitura-de-vitoria-reforca-dialogo-com-liderancas-da-regional-3\\\/#primaryimage\"},\"thumbnailUrl\":\"https:\\\/\\\/www.encontravitoria.com.br\\\/sobre\\\/wp-content\\\/uploads\\\/2026\\\/07\\\/prefeitura-de-vitoria-reforca-dialogo-com-liderancas-da-regional-3.webp\",\"articleSection\":[\"Not\u00edcias Vit\u00f3ria\"],\"inLanguage\":\"pt-BR\",\"potentialAction\":[{\"@type\":\"CommentAction\",\"name\":\"Comment\",\"target\":[\"https:\\\/\\\/www.encontravitoria.com.br\\\/sobre\\\/prefeitura-de-vitoria-reforca-dialogo-com-liderancas-da-regional-3\\\/#respond\"]}]},{\"@type\":\"WebPage\",\"@id\":\"https:\\\/\\\/www.encontravitoria.com.br\\\/sobre\\\/prefeitura-de-vitoria-reforca-dialogo-com-liderancas-da-regional-3\\\/\",\"url\":\"https:\\\/\\\/www.encontravitoria.com.br\\\/sobre\\\/prefeitura-de-vitoria-reforca-dialogo-com-liderancas-da-regional-3\\\/\",\"name\":\"Prefeitura de Vit\u00f3ria refor\u00e7a di\u00e1logo com lideran\u00e7as da Regional 3 - Encontra Vit\u00f3ria\",\"isPartOf\":{\"@id\":\"https:\\\/\\\/www.encontravitoria.com.br\\\/sobre\\\/#website\"},\"primaryImageOfPage\":{\"@id\":\"https:\\\/\\\/www.encontravitoria.com.br\\\/sobre\\\/prefeitura-de-vitoria-reforca-dialogo-com-liderancas-da-regional-3\\\/#primaryimage\"},\"image\":{\"@id\":\"https:\\\/\\\/www.encontravitoria.com.br\\\/sobre\\\/prefeitura-de-vitoria-reforca-dialogo-com-liderancas-da-regional-3\\\/#primaryimage\"},\"thumbnailUrl\":\"https:\\\/\\\/www.encontravitoria.com.br\\\/sobre\\\/wp-content\\\/uploads\\\/2026\\\/07\\\/prefeitura-de-vitoria-reforca-dialogo-com-liderancas-da-regional-3.webp\",\"datePublished\":\"2026-07-31T13:30:40+00:00\",\"author\":{\"@id\":\"https:\\\/\\\/www.encontravitoria.com.br\\\/sobre\\\/#\\\/schema\\\/person\\\/0f8e5bcc88fbadf1bad57afd504f48a2\"},\"breadcrumb\":{\"@id\":\"https:\\\/\\\/www.encontravitoria.com.br\\\/sobre\\\/prefeitura-de-vitoria-reforca-dialogo-com-liderancas-da-regional-3\\\/#breadcrumb\"},\"inLanguage\":\"pt-BR\",\"potentialAction\":[{\"@type\":\"ReadAction\",\"target\":[\"https:\\\/\\\/www.encontravitoria.com.br\\\/sobre\\\/prefeitura-de-vitoria-reforca-dialogo-com-liderancas-da-regional-3\\\/\"]}]},{\"@type\":\"ImageObject\",\"inLanguage\":\"pt-BR\",\"@id\":\"https:\\\/\\\/www.encontravitoria.com.br\\\/sobre\\\/prefeitura-de-vitoria-reforca-dialogo-com-liderancas-da-regional-3\\\/#primaryimage\",\"url\":\"https:\\\/\\\/www.encontravitoria.com.br\\\/sobre\\\/wp-content\\\/uploads\\\/2026\\\/07\\\/prefeitura-de-vitoria-reforca-dialogo-com-liderancas-da-regional-3.webp\",\"contentUrl\":\"https:\\\/\\\/www.encontravitoria.com.br\\\/sobre\\\/wp-content\\\/uploads\\\/2026\\\/07\\\/prefeitura-de-vitoria-reforca-dialogo-com-liderancas-da-regional-3.webp\",\"width\":280,\"height\":280},{\"@type\":\"BreadcrumbList\",\"@id\":\"https:\\\/\\\/www.encontravitoria.com.br\\\/sobre\\\/prefeitura-de-vitoria-reforca-dialogo-com-liderancas-da-regional-3\\\/#breadcrumb\",\"itemListElement\":[{\"@type\":\"ListItem\",\"position\":1,\"name\":\"In\u00edcio\",\"item\":\"https:\\\/\\\/www.encontravitoria.com.br\\\/sobre\\\/\"},{\"@type\":\"ListItem\",\"position\":2,\"name\":\"Prefeitura de Vit\u00f3ria refor\u00e7a di\u00e1logo com lideran\u00e7as da Regional 3\"}]},{\"@type\":\"WebSite\",\"@id\":\"https:\\\/\\\/www.encontravitoria.com.br\\\/sobre\\\/#website\",\"url\":\"https:\\\/\\\/www.encontravitoria.com.br\\\/sobre\\\/\",\"name\":\"Encontra Vit\u00f3ria\",\"description\":\"Not\u00edcias, eventos, informa\u00e7\u00f5es e dicas na cidade Vit\u00f3ria e regi\u00e3o.\",\"potentialAction\":[{\"@type\":\"SearchAction\",\"target\":{\"@type\":\"EntryPoint\",\"urlTemplate\":\"https:\\\/\\\/www.encontravitoria.com.br\\\/sobre\\\/?s={search_term_string}\"},\"query-input\":{\"@type\":\"PropertyValueSpecification\",\"valueRequired\":true,\"valueName\":\"search_term_string\"}}],\"inLanguage\":\"pt-BR\"},{\"@type\":\"Person\",\"@id\":\"https:\\\/\\\/www.encontravitoria.com.br\\\/sobre\\\/#\\\/schema\\\/person\\\/0f8e5bcc88fbadf1bad57afd504f48a2\",\"name\":\"Encontra Vit\u00f3ria\",\"image\":{\"@type\":\"ImageObject\",\"inLanguage\":\"pt-BR\",\"@id\":\"https:\\\/\\\/secure.gravatar.com\\\/avatar\\\/507340682b8270222e1f208e23198b6ae7e2c6a1033ae84e99bc6bce4f82a387?s=96&d=mm&r=g\",\"url\":\"https:\\\/\\\/secure.gravatar.com\\\/avatar\\\/507340682b8270222e1f208e23198b6ae7e2c6a1033ae84e99bc6bce4f82a387?s=96&d=mm&r=g\",\"contentUrl\":\"https:\\\/\\\/secure.gravatar.com\\\/avatar\\\/507340682b8270222e1f208e23198b6ae7e2c6a1033ae84e99bc6bce4f82a387?s=96&d=mm&r=g\",\"caption\":\"Encontra Vit\u00f3ria\"},\"sameAs\":[\"http:\\\/\\\/www.encontravitoria.com.br\"],\"url\":\"https:\\\/\\\/www.encontravitoria.com.br\\\/sobre\\\/author\\\/evitoria\\\/\"}]}<\/script>\n<!-- \/ Yoast SEO plugin. -->","yoast_head_json":{"title":"Prefeitura de Vit\u00f3ria refor\u00e7a di\u00e1logo com lideran\u00e7as da Regional 3 - Encontra Vit\u00f3ria","robots":{"index":"index","follow":"follow","max-snippet":"max-snippet:-1","max-image-preview":"max-image-preview:large","max-video-preview":"max-video-preview:-1"},"canonical":"https:\/\/www.encontravitoria.com.br\/sobre\/prefeitura-de-vitoria-reforca-dialogo-com-liderancas-da-regional-3\/","og_locale":"pt_BR","og_type":"article","og_title":"Prefeitura de Vit\u00f3ria refor\u00e7a di\u00e1logo com lideran\u00e7as da Regional 3 - Encontra Vit\u00f3ria","og_description":"Prefeitura de Vit\u00f3ria refor\u00e7a di\u00e1logo com lideran\u00e7as da Regional 3.","og_url":"https:\/\/www.encontravitoria.com.br\/sobre\/prefeitura-de-vitoria-reforca-dialogo-com-liderancas-da-regional-3\/","og_site_name":"Encontra Vit\u00f3ria","article_published_time":"2026-07-31T13:30:40+00:00","og_image":[{"url":"https:\/\/www.encontravitoria.com.br\/sobre\/wp-content\/uploads\/2026\/07\/prefeitura-de-vitoria-reforca-dialogo-com-liderancas-da-regional-3.webp","type":"","width":"","height":""}],"author":"Encontra Vit\u00f3ria","twitter_card":"summary_large_image","twitter_misc":{"Escrito por":"Encontra Vit\u00f3ria","Est. tempo de leitura":"4 minutos"},"schema":{"@context":"https:\/\/schema.org","@graph":[{"@type":"Article","@id":"https:\/\/www.encontravitoria.com.br\/sobre\/prefeitura-de-vitoria-reforca-dialogo-com-liderancas-da-regional-3\/#article","isPartOf":{"@id":"https:\/\/www.encontravitoria.com.br\/sobre\/prefeitura-de-vitoria-reforca-dialogo-com-liderancas-da-regional-3\/"},"author":{"name":"Encontra Vit\u00f3ria","@id":"https:\/\/www.encontravitoria.com.br\/sobre\/#\/schema\/person\/0f8e5bcc88fbadf1bad57afd504f48a2"},"headline":"Prefeitura de Vit\u00f3ria refor\u00e7a di\u00e1logo com lideran\u00e7as da Regional 3","datePublished":"2026-07-31T13:30:40+00:00","mainEntityOfPage":{"@id":"https:\/\/www.encontravitoria.com.br\/sobre\/prefeitura-de-vitoria-reforca-dialogo-com-liderancas-da-regional-3\/"},"wordCount":756,"commentCount":0,"image":{"@id":"https:\/\/www.encontravitoria.com.br\/sobre\/prefeitura-de-vitoria-reforca-dialogo-com-liderancas-da-regional-3\/#primaryimage"},"thumbnailUrl":"https:\/\/www.encontravitoria.com.br\/sobre\/wp-content\/uploads\/2026\/07\/prefeitura-de-vitoria-reforca-dialogo-com-liderancas-da-regional-3.webp","articleSection":["Not\u00edcias Vit\u00f3ria"],"inLanguage":"pt-BR","potentialAction":[{"@type":"CommentAction","name":"Comment","target":["https:\/\/www.encontravitoria.com.br\/sobre\/prefeitura-de-vitoria-reforca-dialogo-com-liderancas-da-regional-3\/#respond"]}]},{"@type":"WebPage","@id":"https:\/\/www.encontravitoria.com.br\/sobre\/prefeitura-de-vitoria-reforca-dialogo-com-liderancas-da-regional-3\/","url":"https:\/\/www.encontravitoria.com.br\/sobre\/prefeitura-de-vitoria-reforca-dialogo-com-liderancas-da-regional-3\/","name":"Prefeitura de Vit\u00f3ria refor\u00e7a di\u00e1logo com lideran\u00e7as da Regional 3 - Encontra Vit\u00f3ria","isPartOf":{"@id":"https:\/\/www.encontravitoria.com.br\/sobre\/#website"},"primaryImageOfPage":{"@id":"https:\/\/www.encontravitoria.com.br\/sobre\/prefeitura-de-vitoria-reforca-dialogo-com-liderancas-da-regional-3\/#primaryimage"},"image":{"@id":"https:\/\/www.encontravitoria.com.br\/sobre\/prefeitura-de-vitoria-reforca-dialogo-com-liderancas-da-regional-3\/#primaryimage"},"thumbnailUrl":"https:\/\/www.encontravitoria.com.br\/sobre\/wp-content\/uploads\/2026\/07\/prefeitura-de-vitoria-reforca-dialogo-com-liderancas-da-regional-3.webp","datePublished":"2026-07-31T13:30:40+00:00","author":{"@id":"https:\/\/www.encontravitoria.com.br\/sobre\/#\/schema\/person\/0f8e5bcc88fbadf1bad57afd504f48a2"},"breadcrumb":{"@id":"https:\/\/www.encontravitoria.com.br\/sobre\/prefeitura-de-vitoria-reforca-dialogo-com-liderancas-da-regional-3\/#breadcrumb"},"inLanguage":"pt-BR","potentialAction":[{"@type":"ReadAction","target":["https:\/\/www.encontravitoria.com.br\/sobre\/prefeitura-de-vitoria-reforca-dialogo-com-liderancas-da-regional-3\/"]}]},{"@type":"ImageObject","inLanguage":"pt-BR","@id":"https:\/\/www.encontravitoria.com.br\/sobre\/prefeitura-de-vitoria-reforca-dialogo-com-liderancas-da-regional-3\/#primaryimage","url":"https:\/\/www.encontravitoria.com.br\/sobre\/wp-content\/uploads\/2026\/07\/prefeitura-de-vitoria-reforca-dialogo-com-liderancas-da-regional-3.webp","contentUrl":"https:\/\/www.encontravitoria.com.br\/sobre\/wp-content\/uploads\/2026\/07\/prefeitura-de-vitoria-reforca-dialogo-com-liderancas-da-regional-3.webp","width":280,"height":280},{"@type":"BreadcrumbList","@id":"https:\/\/www.encontravitoria.com.br\/sobre\/prefeitura-de-vitoria-reforca-dialogo-com-liderancas-da-regional-3\/#breadcrumb","itemListElement":[{"@type":"ListItem","position":1,"name":"In\u00edcio","item":"https:\/\/www.encontravitoria.com.br\/sobre\/"},{"@type":"ListItem","position":2,"name":"Prefeitura de Vit\u00f3ria refor\u00e7a di\u00e1logo com lideran\u00e7as da Regional 3"}]},{"@type":"WebSite","@id":"https:\/\/www.encontravitoria.com.br\/sobre\/#website","url":"https:\/\/www.encontravitoria.com.br\/sobre\/","name":"Encontra Vit\u00f3ria","description":"Not\u00edcias, eventos, informa\u00e7\u00f5es e dicas na cidade Vit\u00f3ria e regi\u00e3o.","potentialAction":[{"@type":"SearchAction","target":{"@type":"EntryPoint","urlTemplate":"https:\/\/www.encontravitoria.com.br\/sobre\/?s={search_term_string}"},"query-input":{"@type":"PropertyValueSpecification","valueRequired":true,"valueName":"search_term_string"}}],"inLanguage":"pt-BR"},{"@type":"Person","@id":"https:\/\/www.encontravitoria.com.br\/sobre\/#\/schema\/person\/0f8e5bcc88fbadf1bad57afd504f48a2","name":"Encontra Vit\u00f3ria","image":{"@type":"ImageObject","inLanguage":"pt-BR","@id":"https:\/\/secure.gravatar.com\/avatar\/507340682b8270222e1f208e23198b6ae7e2c6a1033ae84e99bc6bce4f82a387?s=96&d=mm&r=g","url":"https:\/\/secure.gravatar.com\/avatar\/507340682b8270222e1f208e23198b6ae7e2c6a1033ae84e99bc6bce4f82a387?s=96&d=mm&r=g","contentUrl":"https:\/\/secure.gravatar.com\/avatar\/507340682b8270222e1f208e23198b6ae7e2c6a1033ae84e99bc6bce4f82a387?s=96&d=mm&r=g","caption":"Encontra Vit\u00f3ria"},"sameAs":["http:\/\/www.encontravitoria.com.br"],"url":"https:\/\/www.encontravitoria.com.br\/sobre\/author\/evitoria\/"}]}},"_links":{"self":[{"href":"https:\/\/www.encontravitoria.com.br\/sobre\/wp-json\/wp\/v2\/posts\/2050","targetHints":{"allow":["GET"]}}],"collection":[{"href":"https:\/\/www.encontravitoria.com.br\/sobre\/wp-json\/wp\/v2\/posts"}],"about":[{"href":"https:\/\/www.encontravitoria.com.br\/sobre\/wp-json\/wp\/v2\/types\/post"}],"author":[{"embeddable":true,"href":"https:\/\/www.encontravitoria.com.br\/sobre\/wp-json\/wp\/v2\/users\/1"}],"replies":[{"embeddable":true,"href":"https:\/\/www.encontravitoria.com.br\/sobre\/wp-json\/wp\/v2\/comments?post=2050"}],"version-history":[{"count":0,"href":"https:\/\/www.encontravitoria.com.br\/sobre\/wp-json\/wp\/v2\/posts\/2050\/revisions"}],"wp:featuredmedia":[{"embeddable":true,"href":"https:\/\/www.encontravitoria.com.br\/sobre\/wp-json\/wp\/v2\/media\/2049"}],"wp:attachment":[{"href":"https:\/\/www.encontravitoria.com.br\/sobre\/wp-json\/wp\/v2\/media?parent=2050"}],"wp:term":[{"taxonomy":"category","embeddable":true,"href":"https:\/\/www.encontravitoria.com.br\/sobre\/wp-json\/wp\/v2\/categories?post=2050"},{"taxonomy":"post_tag","embeddable":true,"href":"https:\/\/www.encontravitoria.com.br\/sobre\/wp-json\/wp\/v2\/tags?post=2050"}],"curies":[{"name":"wp","href":"https:\/\/api.w.org\/{rel}","templated":true}]}}