{"id":2064,"date":"2026-08-01T09:57:11","date_gmt":"2026-08-01T09:57:11","guid":{"rendered":"https:\/\/www.encontravitoria.com.br\/sobre\/parque-da-fonte-grande-recebe-quinta-edicao-do-projeto-lua-cheia-nesta-quarta\/"},"modified":"2026-08-01T09:57:11","modified_gmt":"2026-08-01T09:57:11","slug":"parque-da-fonte-grande-recebe-quinta-edicao-do-projeto-lua-cheia-nesta-quarta","status":"publish","type":"post","link":"https:\/\/www.encontravitoria.com.br\/sobre\/parque-da-fonte-grande-recebe-quinta-edicao-do-projeto-lua-cheia-nesta-quarta\/","title":{"rendered":"Parque da Fonte Grande recebe quinta edi\u00e7\u00e3o do projeto Lua Cheia nesta quarta"},"content":{"rendered":"<div class=\"23ed37709e053b55400ee1990aeffe41\" data-index=\"1\" style=\"float: none; margin:0px;\">\n<!-- Anuncio display - global -->\r\n<ins class=\"adsbygoogle\"\r\n     style=\"display:block\"\r\n     data-ad-client=\"ca-pub-8585364105181520\"\r\n     data-ad-slot=\"8789329856\"\r\n     data-ad-format=\"auto\"\r\n     data-full-width-responsive=\"true\"><\/ins>\r\n<script>\r\n     (adsbygoogle = window.adsbygoogle || []).push({});\r\n<\/script>\n<\/div>\n<h2>Localiza\u00e7\u00e3o e Acesso ao Parque da Fonte Grande<\/h2>\n<p>O Parque da Fonte Grande, famoso ponto tur\u00edstico de Vit\u00f3ria, est\u00e1 estrategicamente localizado na Rodovia Serafim Derenzi. De sua entrada, \u00e9 poss\u00edvel acessar uma vista panor\u00e2mica da cidade, no Mirante da Cidade, que se encontra a 308,8 metros acima do n\u00edvel do mar. A entrada para o parque \u00e9 feita por uma guarita chamada Ti\u00e3o S\u00e1, de f\u00e1cil acesso para ve\u00edculos, bicicletas e motocicletas. O percurso at\u00e9 o estacionamento interno \u00e9 feito pela Estrada Ti\u00e3o S\u00e1, que segue at\u00e9 o local designado para deixar os ve\u00edculos.<\/p>\n<h2>Hor\u00e1rio de Funcionamento do Evento<\/h2>\n<p>O evento do projeto Lua Cheia ocorre na quarta-feira, 29 de julho, das 18h \u00e0s 20h, oferecendo uma oportunidade perfeita para aprecia\u00e7\u00e3o da lua em um ambiente noturno oscilante e tranquilo.<\/p>\n<h2>Atra\u00e7\u00f5es do Projeto Lua Cheia<\/h2>\n<p>Durante a quinta edi\u00e7\u00e3o do projeto, os participantes t\u00eam a chance de vivenciar uma experi\u00eancia \u00fanica de contempla\u00e7\u00e3o da natureza. Al\u00e9m da observa\u00e7\u00e3o da lua cheia, o evento conta com atividades educativas sobre a flora local e a biodiversidade do parque, tudo isso em meio a uma atmosfera que promove a conex\u00e3o com a natureza e o relaxamento.<\/p>\n<p><img decoding=\"async\" src=\"https:\/\/www.encontravitoria.com.br\/sobre\/wp-content\/uploads\/2026\/08\/parque-da-fonte-grande-recebe-quinta-edicao-do-projeto-lua-cheia-nesta-quarta.webp\" alt=\"projeto Lua Cheia\" loading=\"lazy\" \/><\/p>\n<h2>Como Chegar ao Mirante da Cidade<\/h2>\n<p>Acesso ao Mirante da Cidade \u00e9 facilitado por meio da estrada que leva ao Parque da Fonte Grande. Os visitantes podem optar pela subida de carro, moto ou bicicleta. Recomenda-se que a chegada ocorra antes das 19h, visto que as entradas ser\u00e3o fechadas a partir desse hor\u00e1rio. Portanto, para garantir um bom lugar e uma vista deslumbrante da lua cheia, planeje sua visita com anteced\u00eancia.<\/p>\n<h2>Recomenda\u00e7\u00f5es para Aproveitar a Visita<\/h2>\n<p>Ao visitar o Parque da Fonte Grande, hj\u00e1 algumas dicas que ir\u00e3o enriquecer sua experi\u00eancia:<\/p>\n<ul>\n<li><strong>Leve \u00e1gua:<\/strong> Manter-se hidratado \u00e9 essencial, principalmente em atividades ao ar livre.<\/li>\n<li><strong>Use cal\u00e7ados apropriados:<\/strong> Opte por sapatos confort\u00e1veis, ideais para caminhadas no parque.<\/li>\n<li><strong>Prepare uma c\u00e2mera:<\/strong> A beleza do parque e da lua cheia merece ser registrada.<\/li>\n<li><strong>Roupas quentes:<\/strong> Durante a noite, a temperatura pode cair, ent\u00e3o esteja preparado!<\/li>\n<li><strong>Desfrute de um lanche:<\/strong> trazer um lanche pode ser uma \u00f3tima ideia para aproveitar enquanto aprecia a vista.<\/li>\n<\/ul>\n<h2>Seguran\u00e7a e Vigil\u00e2ncia no Evento<\/h2>\n<p>Para a seguran\u00e7a dos visitantes durante o evento, haver\u00e1 monitoramento constante pela equipe de vigil\u00e2ncia do parque, al\u00e9m do apoio da Guarda Municipal. Essa medida \u00e9 essencial para garantir um ambiente seguro e agrad\u00e1vel, principalmente na hora da descida das pessoas, que deve ocorrer at\u00e9 as 20h.<\/p>\n<h2>O Que Levar Para o Parque<\/h2>\n<p>Ao se preparar para o evento, \u00e9 importante considerar alguns itens que podem tornar sua experi\u00eancia mais confort\u00e1vel e prazerosa:<\/p>\n<ul>\n<li><strong>Bin\u00f3culos:<\/strong> Para observar detalhes da lua e estrelas.<\/li>\n<li><strong>Lanterna:<\/strong> Uma lanterna pode ser \u00fatil no caminho de volta.<\/li>\n<li><strong>Cadeiras de campismo:<\/strong> Para maior conforto durante a aprecia\u00e7\u00e3o da vista.<\/li>\n<li><strong>Protetor solar:<\/strong> Embora o evento ocorra \u00e0 noite, \u00e9 sempre bom proteger a pele durante o dia, caso voc\u00ea chegue cedo.<\/li>\n<\/ul>\n<h2>Experi\u00eancia de Contempla\u00e7\u00e3o sob a Lua<\/h2>\n<p>A contempla\u00e7\u00e3o da lua sob um c\u00e9u limpo \u00e9 uma experi\u00eancia incr\u00edvel que renova as energias e promove a relaxa\u00e7\u00e3o. O projeto Lua Cheia visa proporcionar um momento de reflex\u00e3o e conex\u00e3o com a natureza, permitindo aos visitantes apreciar a beleza do c\u00e9u estrelado e os sons da fauna noturna da regi\u00e3o.<\/p>\n<h2>Cancelamento em Caso de Clima Ruim<\/h2>\n<p>O evento est\u00e1 sujeito a cancelamento em caso de condi\u00e7\u00f5es clim\u00e1ticas adversas, como chuva ou nuvens muito densas que impe\u00e7am a visibilidade da lua. Recomenda-se sempre verificar a previs\u00e3o do tempo antes de planejar a visita.<\/p>\n<h2>Experi\u00eancias Anteriores do Projeto Lua Cheia<\/h2>\n<p>As edi\u00e7\u00f5es anteriores do projeto Lua Cheia foram amplamente elogiadas por sua organiza\u00e7\u00e3o e impacto positivo nos participantes. O envolvimento da comunidade e as experi\u00eancias relatadas mostram um desejo por mais conex\u00e3o com a natureza e o bem-estar promovido por atividades ao ar livre. Esses relatos tem incentivado a inclus\u00e3o de mais eventos iguais no futuro, valorizando a natureza e a cultura local.<\/p>\n\n<div style=\"font-size: 0px; height: 0px; line-height: 0px; margin: 0; padding: 0; clear: both;\"><\/div>","protected":false},"excerpt":{"rendered":"<p>A lua cheia ilumina o Parque da Fonte Grande nesta quarta-feira. N\u00e3o perca!<\/p>\n","protected":false},"author":1,"featured_media":2063,"comment_status":"open","ping_status":"closed","sticky":false,"template":"","format":"standard","meta":{"footnotes":""},"categories":[15],"tags":[],"class_list":["post-2064","post","type-post","status-publish","format-standard","has-post-thumbnail","hentry","category-cultura-em-vitoria","has_thumb"],"yoast_head":"<!-- This site is optimized with the Yoast SEO plugin v28.2 - https:\/\/yoast.com\/product\/yoast-seo-wordpress\/ -->\n<title>Parque da Fonte Grande recebe quinta edi\u00e7\u00e3o do projeto Lua Cheia nesta quarta - Encontra Vit\u00f3ria<\/title>\n<meta name=\"robots\" content=\"index, follow, max-snippet:-1, max-image-preview:large, max-video-preview:-1\" \/>\n<link rel=\"canonical\" href=\"https:\/\/www.encontravitoria.com.br\/sobre\/parque-da-fonte-grande-recebe-quinta-edicao-do-projeto-lua-cheia-nesta-quarta\/\" \/>\n<meta property=\"og:locale\" content=\"pt_BR\" \/>\n<meta property=\"og:type\" content=\"article\" \/>\n<meta property=\"og:title\" content=\"Parque da Fonte Grande recebe quinta edi\u00e7\u00e3o do projeto Lua Cheia nesta quarta - Encontra Vit\u00f3ria\" \/>\n<meta property=\"og:description\" content=\"A lua cheia ilumina o Parque da Fonte Grande nesta quarta-feira. N\u00e3o perca!\" \/>\n<meta property=\"og:url\" content=\"https:\/\/www.encontravitoria.com.br\/sobre\/parque-da-fonte-grande-recebe-quinta-edicao-do-projeto-lua-cheia-nesta-quarta\/\" \/>\n<meta property=\"og:site_name\" content=\"Encontra Vit\u00f3ria\" \/>\n<meta property=\"article:published_time\" content=\"2026-08-01T09:57:11+00:00\" \/>\n<meta property=\"og:image\" content=\"https:\/\/www.encontravitoria.com.br\/sobre\/wp-content\/uploads\/2026\/08\/parque-da-fonte-grande-recebe-quinta-edicao-do-projeto-lua-cheia-nesta-quarta.webp\" \/>\n<meta name=\"author\" content=\"Encontra Vit\u00f3ria\" \/>\n<meta name=\"twitter:card\" content=\"summary_large_image\" \/>\n<meta name=\"twitter:label1\" content=\"Escrito por\" \/>\n\t<meta name=\"twitter:data1\" content=\"Encontra Vit\u00f3ria\" \/>\n\t<meta name=\"twitter:label2\" content=\"Est. tempo de leitura\" \/>\n\t<meta name=\"twitter:data2\" content=\"3 minutos\" \/>\n<script type=\"application\/ld+json\" class=\"yoast-schema-graph\">{\"@context\":\"https:\\\/\\\/schema.org\",\"@graph\":[{\"@type\":\"Article\",\"@id\":\"https:\\\/\\\/www.encontravitoria.com.br\\\/sobre\\\/parque-da-fonte-grande-recebe-quinta-edicao-do-projeto-lua-cheia-nesta-quarta\\\/#article\",\"isPartOf\":{\"@id\":\"https:\\\/\\\/www.encontravitoria.com.br\\\/sobre\\\/parque-da-fonte-grande-recebe-quinta-edicao-do-projeto-lua-cheia-nesta-quarta\\\/\"},\"author\":{\"name\":\"Encontra Vit\u00f3ria\",\"@id\":\"https:\\\/\\\/www.encontravitoria.com.br\\\/sobre\\\/#\\\/schema\\\/person\\\/0f8e5bcc88fbadf1bad57afd504f48a2\"},\"headline\":\"Parque da Fonte Grande recebe quinta edi\u00e7\u00e3o do projeto Lua Cheia nesta quarta\",\"datePublished\":\"2026-08-01T09:57:11+00:00\",\"mainEntityOfPage\":{\"@id\":\"https:\\\/\\\/www.encontravitoria.com.br\\\/sobre\\\/parque-da-fonte-grande-recebe-quinta-edicao-do-projeto-lua-cheia-nesta-quarta\\\/\"},\"wordCount\":713,\"commentCount\":0,\"image\":{\"@id\":\"https:\\\/\\\/www.encontravitoria.com.br\\\/sobre\\\/parque-da-fonte-grande-recebe-quinta-edicao-do-projeto-lua-cheia-nesta-quarta\\\/#primaryimage\"},\"thumbnailUrl\":\"https:\\\/\\\/www.encontravitoria.com.br\\\/sobre\\\/wp-content\\\/uploads\\\/2026\\\/08\\\/parque-da-fonte-grande-recebe-quinta-edicao-do-projeto-lua-cheia-nesta-quarta.webp\",\"articleSection\":[\"Cultura Vit\u00f3ria\"],\"inLanguage\":\"pt-BR\",\"potentialAction\":[{\"@type\":\"CommentAction\",\"name\":\"Comment\",\"target\":[\"https:\\\/\\\/www.encontravitoria.com.br\\\/sobre\\\/parque-da-fonte-grande-recebe-quinta-edicao-do-projeto-lua-cheia-nesta-quarta\\\/#respond\"]}]},{\"@type\":\"WebPage\",\"@id\":\"https:\\\/\\\/www.encontravitoria.com.br\\\/sobre\\\/parque-da-fonte-grande-recebe-quinta-edicao-do-projeto-lua-cheia-nesta-quarta\\\/\",\"url\":\"https:\\\/\\\/www.encontravitoria.com.br\\\/sobre\\\/parque-da-fonte-grande-recebe-quinta-edicao-do-projeto-lua-cheia-nesta-quarta\\\/\",\"name\":\"Parque da Fonte Grande recebe quinta edi\u00e7\u00e3o do projeto Lua Cheia nesta quarta - Encontra Vit\u00f3ria\",\"isPartOf\":{\"@id\":\"https:\\\/\\\/www.encontravitoria.com.br\\\/sobre\\\/#website\"},\"primaryImageOfPage\":{\"@id\":\"https:\\\/\\\/www.encontravitoria.com.br\\\/sobre\\\/parque-da-fonte-grande-recebe-quinta-edicao-do-projeto-lua-cheia-nesta-quarta\\\/#primaryimage\"},\"image\":{\"@id\":\"https:\\\/\\\/www.encontravitoria.com.br\\\/sobre\\\/parque-da-fonte-grande-recebe-quinta-edicao-do-projeto-lua-cheia-nesta-quarta\\\/#primaryimage\"},\"thumbnailUrl\":\"https:\\\/\\\/www.encontravitoria.com.br\\\/sobre\\\/wp-content\\\/uploads\\\/2026\\\/08\\\/parque-da-fonte-grande-recebe-quinta-edicao-do-projeto-lua-cheia-nesta-quarta.webp\",\"datePublished\":\"2026-08-01T09:57:11+00:00\",\"author\":{\"@id\":\"https:\\\/\\\/www.encontravitoria.com.br\\\/sobre\\\/#\\\/schema\\\/person\\\/0f8e5bcc88fbadf1bad57afd504f48a2\"},\"breadcrumb\":{\"@id\":\"https:\\\/\\\/www.encontravitoria.com.br\\\/sobre\\\/parque-da-fonte-grande-recebe-quinta-edicao-do-projeto-lua-cheia-nesta-quarta\\\/#breadcrumb\"},\"inLanguage\":\"pt-BR\",\"potentialAction\":[{\"@type\":\"ReadAction\",\"target\":[\"https:\\\/\\\/www.encontravitoria.com.br\\\/sobre\\\/parque-da-fonte-grande-recebe-quinta-edicao-do-projeto-lua-cheia-nesta-quarta\\\/\"]}]},{\"@type\":\"ImageObject\",\"inLanguage\":\"pt-BR\",\"@id\":\"https:\\\/\\\/www.encontravitoria.com.br\\\/sobre\\\/parque-da-fonte-grande-recebe-quinta-edicao-do-projeto-lua-cheia-nesta-quarta\\\/#primaryimage\",\"url\":\"https:\\\/\\\/www.encontravitoria.com.br\\\/sobre\\\/wp-content\\\/uploads\\\/2026\\\/08\\\/parque-da-fonte-grande-recebe-quinta-edicao-do-projeto-lua-cheia-nesta-quarta.webp\",\"contentUrl\":\"https:\\\/\\\/www.encontravitoria.com.br\\\/sobre\\\/wp-content\\\/uploads\\\/2026\\\/08\\\/parque-da-fonte-grande-recebe-quinta-edicao-do-projeto-lua-cheia-nesta-quarta.webp\",\"width\":280,\"height\":280,\"caption\":\"projeto Lua Cheia\"},{\"@type\":\"BreadcrumbList\",\"@id\":\"https:\\\/\\\/www.encontravitoria.com.br\\\/sobre\\\/parque-da-fonte-grande-recebe-quinta-edicao-do-projeto-lua-cheia-nesta-quarta\\\/#breadcrumb\",\"itemListElement\":[{\"@type\":\"ListItem\",\"position\":1,\"name\":\"In\u00edcio\",\"item\":\"https:\\\/\\\/www.encontravitoria.com.br\\\/sobre\\\/\"},{\"@type\":\"ListItem\",\"position\":2,\"name\":\"Parque da Fonte Grande recebe quinta edi\u00e7\u00e3o do projeto Lua Cheia nesta quarta\"}]},{\"@type\":\"WebSite\",\"@id\":\"https:\\\/\\\/www.encontravitoria.com.br\\\/sobre\\\/#website\",\"url\":\"https:\\\/\\\/www.encontravitoria.com.br\\\/sobre\\\/\",\"name\":\"Encontra Vit\u00f3ria\",\"description\":\"Not\u00edcias, eventos, informa\u00e7\u00f5es e dicas na cidade Vit\u00f3ria e regi\u00e3o.\",\"potentialAction\":[{\"@type\":\"SearchAction\",\"target\":{\"@type\":\"EntryPoint\",\"urlTemplate\":\"https:\\\/\\\/www.encontravitoria.com.br\\\/sobre\\\/?s={search_term_string}\"},\"query-input\":{\"@type\":\"PropertyValueSpecification\",\"valueRequired\":true,\"valueName\":\"search_term_string\"}}],\"inLanguage\":\"pt-BR\"},{\"@type\":\"Person\",\"@id\":\"https:\\\/\\\/www.encontravitoria.com.br\\\/sobre\\\/#\\\/schema\\\/person\\\/0f8e5bcc88fbadf1bad57afd504f48a2\",\"name\":\"Encontra Vit\u00f3ria\",\"image\":{\"@type\":\"ImageObject\",\"inLanguage\":\"pt-BR\",\"@id\":\"https:\\\/\\\/secure.gravatar.com\\\/avatar\\\/507340682b8270222e1f208e23198b6ae7e2c6a1033ae84e99bc6bce4f82a387?s=96&d=mm&r=g\",\"url\":\"https:\\\/\\\/secure.gravatar.com\\\/avatar\\\/507340682b8270222e1f208e23198b6ae7e2c6a1033ae84e99bc6bce4f82a387?s=96&d=mm&r=g\",\"contentUrl\":\"https:\\\/\\\/secure.gravatar.com\\\/avatar\\\/507340682b8270222e1f208e23198b6ae7e2c6a1033ae84e99bc6bce4f82a387?s=96&d=mm&r=g\",\"caption\":\"Encontra Vit\u00f3ria\"},\"sameAs\":[\"http:\\\/\\\/www.encontravitoria.com.br\"],\"url\":\"https:\\\/\\\/www.encontravitoria.com.br\\\/sobre\\\/author\\\/evitoria\\\/\"}]}<\/script>\n<!-- \/ Yoast SEO plugin. -->","yoast_head_json":{"title":"Parque da Fonte Grande recebe quinta edi\u00e7\u00e3o do projeto Lua Cheia nesta quarta - Encontra Vit\u00f3ria","robots":{"index":"index","follow":"follow","max-snippet":"max-snippet:-1","max-image-preview":"max-image-preview:large","max-video-preview":"max-video-preview:-1"},"canonical":"https:\/\/www.encontravitoria.com.br\/sobre\/parque-da-fonte-grande-recebe-quinta-edicao-do-projeto-lua-cheia-nesta-quarta\/","og_locale":"pt_BR","og_type":"article","og_title":"Parque da Fonte Grande recebe quinta edi\u00e7\u00e3o do projeto Lua Cheia nesta quarta - Encontra Vit\u00f3ria","og_description":"A lua cheia ilumina o Parque da Fonte Grande nesta quarta-feira. N\u00e3o perca!","og_url":"https:\/\/www.encontravitoria.com.br\/sobre\/parque-da-fonte-grande-recebe-quinta-edicao-do-projeto-lua-cheia-nesta-quarta\/","og_site_name":"Encontra Vit\u00f3ria","article_published_time":"2026-08-01T09:57:11+00:00","og_image":[{"url":"https:\/\/www.encontravitoria.com.br\/sobre\/wp-content\/uploads\/2026\/08\/parque-da-fonte-grande-recebe-quinta-edicao-do-projeto-lua-cheia-nesta-quarta.webp","type":"","width":"","height":""}],"author":"Encontra Vit\u00f3ria","twitter_card":"summary_large_image","twitter_misc":{"Escrito por":"Encontra Vit\u00f3ria","Est. tempo de leitura":"3 minutos"},"schema":{"@context":"https:\/\/schema.org","@graph":[{"@type":"Article","@id":"https:\/\/www.encontravitoria.com.br\/sobre\/parque-da-fonte-grande-recebe-quinta-edicao-do-projeto-lua-cheia-nesta-quarta\/#article","isPartOf":{"@id":"https:\/\/www.encontravitoria.com.br\/sobre\/parque-da-fonte-grande-recebe-quinta-edicao-do-projeto-lua-cheia-nesta-quarta\/"},"author":{"name":"Encontra Vit\u00f3ria","@id":"https:\/\/www.encontravitoria.com.br\/sobre\/#\/schema\/person\/0f8e5bcc88fbadf1bad57afd504f48a2"},"headline":"Parque da Fonte Grande recebe quinta edi\u00e7\u00e3o do projeto Lua Cheia nesta quarta","datePublished":"2026-08-01T09:57:11+00:00","mainEntityOfPage":{"@id":"https:\/\/www.encontravitoria.com.br\/sobre\/parque-da-fonte-grande-recebe-quinta-edicao-do-projeto-lua-cheia-nesta-quarta\/"},"wordCount":713,"commentCount":0,"image":{"@id":"https:\/\/www.encontravitoria.com.br\/sobre\/parque-da-fonte-grande-recebe-quinta-edicao-do-projeto-lua-cheia-nesta-quarta\/#primaryimage"},"thumbnailUrl":"https:\/\/www.encontravitoria.com.br\/sobre\/wp-content\/uploads\/2026\/08\/parque-da-fonte-grande-recebe-quinta-edicao-do-projeto-lua-cheia-nesta-quarta.webp","articleSection":["Cultura Vit\u00f3ria"],"inLanguage":"pt-BR","potentialAction":[{"@type":"CommentAction","name":"Comment","target":["https:\/\/www.encontravitoria.com.br\/sobre\/parque-da-fonte-grande-recebe-quinta-edicao-do-projeto-lua-cheia-nesta-quarta\/#respond"]}]},{"@type":"WebPage","@id":"https:\/\/www.encontravitoria.com.br\/sobre\/parque-da-fonte-grande-recebe-quinta-edicao-do-projeto-lua-cheia-nesta-quarta\/","url":"https:\/\/www.encontravitoria.com.br\/sobre\/parque-da-fonte-grande-recebe-quinta-edicao-do-projeto-lua-cheia-nesta-quarta\/","name":"Parque da Fonte Grande recebe quinta edi\u00e7\u00e3o do projeto Lua Cheia nesta quarta - Encontra Vit\u00f3ria","isPartOf":{"@id":"https:\/\/www.encontravitoria.com.br\/sobre\/#website"},"primaryImageOfPage":{"@id":"https:\/\/www.encontravitoria.com.br\/sobre\/parque-da-fonte-grande-recebe-quinta-edicao-do-projeto-lua-cheia-nesta-quarta\/#primaryimage"},"image":{"@id":"https:\/\/www.encontravitoria.com.br\/sobre\/parque-da-fonte-grande-recebe-quinta-edicao-do-projeto-lua-cheia-nesta-quarta\/#primaryimage"},"thumbnailUrl":"https:\/\/www.encontravitoria.com.br\/sobre\/wp-content\/uploads\/2026\/08\/parque-da-fonte-grande-recebe-quinta-edicao-do-projeto-lua-cheia-nesta-quarta.webp","datePublished":"2026-08-01T09:57:11+00:00","author":{"@id":"https:\/\/www.encontravitoria.com.br\/sobre\/#\/schema\/person\/0f8e5bcc88fbadf1bad57afd504f48a2"},"breadcrumb":{"@id":"https:\/\/www.encontravitoria.com.br\/sobre\/parque-da-fonte-grande-recebe-quinta-edicao-do-projeto-lua-cheia-nesta-quarta\/#breadcrumb"},"inLanguage":"pt-BR","potentialAction":[{"@type":"ReadAction","target":["https:\/\/www.encontravitoria.com.br\/sobre\/parque-da-fonte-grande-recebe-quinta-edicao-do-projeto-lua-cheia-nesta-quarta\/"]}]},{"@type":"ImageObject","inLanguage":"pt-BR","@id":"https:\/\/www.encontravitoria.com.br\/sobre\/parque-da-fonte-grande-recebe-quinta-edicao-do-projeto-lua-cheia-nesta-quarta\/#primaryimage","url":"https:\/\/www.encontravitoria.com.br\/sobre\/wp-content\/uploads\/2026\/08\/parque-da-fonte-grande-recebe-quinta-edicao-do-projeto-lua-cheia-nesta-quarta.webp","contentUrl":"https:\/\/www.encontravitoria.com.br\/sobre\/wp-content\/uploads\/2026\/08\/parque-da-fonte-grande-recebe-quinta-edicao-do-projeto-lua-cheia-nesta-quarta.webp","width":280,"height":280,"caption":"projeto Lua Cheia"},{"@type":"BreadcrumbList","@id":"https:\/\/www.encontravitoria.com.br\/sobre\/parque-da-fonte-grande-recebe-quinta-edicao-do-projeto-lua-cheia-nesta-quarta\/#breadcrumb","itemListElement":[{"@type":"ListItem","position":1,"name":"In\u00edcio","item":"https:\/\/www.encontravitoria.com.br\/sobre\/"},{"@type":"ListItem","position":2,"name":"Parque da Fonte Grande recebe quinta edi\u00e7\u00e3o do projeto Lua Cheia nesta quarta"}]},{"@type":"WebSite","@id":"https:\/\/www.encontravitoria.com.br\/sobre\/#website","url":"https:\/\/www.encontravitoria.com.br\/sobre\/","name":"Encontra Vit\u00f3ria","description":"Not\u00edcias, eventos, informa\u00e7\u00f5es e dicas na cidade Vit\u00f3ria e regi\u00e3o.","potentialAction":[{"@type":"SearchAction","target":{"@type":"EntryPoint","urlTemplate":"https:\/\/www.encontravitoria.com.br\/sobre\/?s={search_term_string}"},"query-input":{"@type":"PropertyValueSpecification","valueRequired":true,"valueName":"search_term_string"}}],"inLanguage":"pt-BR"},{"@type":"Person","@id":"https:\/\/www.encontravitoria.com.br\/sobre\/#\/schema\/person\/0f8e5bcc88fbadf1bad57afd504f48a2","name":"Encontra Vit\u00f3ria","image":{"@type":"ImageObject","inLanguage":"pt-BR","@id":"https:\/\/secure.gravatar.com\/avatar\/507340682b8270222e1f208e23198b6ae7e2c6a1033ae84e99bc6bce4f82a387?s=96&d=mm&r=g","url":"https:\/\/secure.gravatar.com\/avatar\/507340682b8270222e1f208e23198b6ae7e2c6a1033ae84e99bc6bce4f82a387?s=96&d=mm&r=g","contentUrl":"https:\/\/secure.gravatar.com\/avatar\/507340682b8270222e1f208e23198b6ae7e2c6a1033ae84e99bc6bce4f82a387?s=96&d=mm&r=g","caption":"Encontra Vit\u00f3ria"},"sameAs":["http:\/\/www.encontravitoria.com.br"],"url":"https:\/\/www.encontravitoria.com.br\/sobre\/author\/evitoria\/"}]}},"_links":{"self":[{"href":"https:\/\/www.encontravitoria.com.br\/sobre\/wp-json\/wp\/v2\/posts\/2064","targetHints":{"allow":["GET"]}}],"collection":[{"href":"https:\/\/www.encontravitoria.com.br\/sobre\/wp-json\/wp\/v2\/posts"}],"about":[{"href":"https:\/\/www.encontravitoria.com.br\/sobre\/wp-json\/wp\/v2\/types\/post"}],"author":[{"embeddable":true,"href":"https:\/\/www.encontravitoria.com.br\/sobre\/wp-json\/wp\/v2\/users\/1"}],"replies":[{"embeddable":true,"href":"https:\/\/www.encontravitoria.com.br\/sobre\/wp-json\/wp\/v2\/comments?post=2064"}],"version-history":[{"count":0,"href":"https:\/\/www.encontravitoria.com.br\/sobre\/wp-json\/wp\/v2\/posts\/2064\/revisions"}],"wp:featuredmedia":[{"embeddable":true,"href":"https:\/\/www.encontravitoria.com.br\/sobre\/wp-json\/wp\/v2\/media\/2063"}],"wp:attachment":[{"href":"https:\/\/www.encontravitoria.com.br\/sobre\/wp-json\/wp\/v2\/media?parent=2064"}],"wp:term":[{"taxonomy":"category","embeddable":true,"href":"https:\/\/www.encontravitoria.com.br\/sobre\/wp-json\/wp\/v2\/categories?post=2064"},{"taxonomy":"post_tag","embeddable":true,"href":"https:\/\/www.encontravitoria.com.br\/sobre\/wp-json\/wp\/v2\/tags?post=2064"}],"curies":[{"name":"wp","href":"https:\/\/api.w.org\/{rel}","templated":true}]}}