{"id":2082,"date":"2026-08-04T08:21:41","date_gmt":"2026-08-04T08:21:41","guid":{"rendered":"https:\/\/www.encontravitoria.com.br\/sobre\/prefeitura-de-vitoria-intensifica-remocao-de-pichacoes-e-ja-eliminou-mais-de-100-marcas-no-centro\/"},"modified":"2026-08-04T08:21:41","modified_gmt":"2026-08-04T08:21:41","slug":"prefeitura-de-vitoria-intensifica-remocao-de-pichacoes-e-ja-eliminou-mais-de-100-marcas-no-centro","status":"publish","type":"post","link":"https:\/\/www.encontravitoria.com.br\/sobre\/prefeitura-de-vitoria-intensifica-remocao-de-pichacoes-e-ja-eliminou-mais-de-100-marcas-no-centro\/","title":{"rendered":"Prefeitura de Vit\u00f3ria intensifica remo\u00e7\u00e3o de picha\u00e7\u00f5es e j\u00e1 eliminou mais de 100 marcas no Centro"},"content":{"rendered":"<div class=\"23ed37709e053b55400ee1990aeffe41\" data-index=\"1\" style=\"float: none; margin:0px;\">\n<!-- Anuncio display - global -->\r\n<ins class=\"adsbygoogle\"\r\n     style=\"display:block\"\r\n     data-ad-client=\"ca-pub-8585364105181520\"\r\n     data-ad-slot=\"8789329856\"\r\n     data-ad-format=\"auto\"\r\n     data-full-width-responsive=\"true\"><\/ins>\r\n<script>\r\n     (adsbygoogle = window.adsbygoogle || []).push({});\r\n<\/script>\n<\/div>\n<h2>O Compromisso da Prefeitura com a Limpeza Urbana<\/h2>\n<p>A Prefeitura de Vit\u00f3ria tem se dedicado intensamente \u00e0 melhoria da est\u00e9tica urbana, evidenciando seu compromisso com a limpeza e a conserva\u00e7\u00e3o dos espa\u00e7os p\u00fablicos. Recentemente, as autoridades intensificaram uma iniciativa focada na remo\u00e7\u00e3o de picha\u00e7\u00f5es na regi\u00e3o central da cidade, uma a\u00e7\u00e3o que j\u00e1 resultou na elimina\u00e7\u00e3o de mais de 100 marcas vis\u00edveis em variados pontos estrat\u00e9gicos.<\/p>\n<h2>Pontos Removidos: Onde A\u00e7\u00f5es Foram Realizadas<\/h2>\n<p>Desde o in\u00edcio das opera\u00e7\u00f5es em maio, as equipes trabalham em diversas frentes. A primeira etapa focou na limpeza de todos os pontos de \u00f4nibus na Regional 1, onde logo foram removidas as picha\u00e7\u00f5es. O pr\u00e9dio da antiga Caixa Econ\u00f4mica Federal, localizado na Avenida Jer\u00f4nimo Monteiro, tamb\u00e9m foi alvo das a\u00e7\u00f5es, recebendo aten\u00e7\u00e3o especial para restabelecer a sua apar\u00eancia original e a valoriza\u00e7\u00e3o do patrim\u00f4nio p\u00fablico.<\/p>\n<h2>Import\u00e2ncia da Remo\u00e7\u00e3o de Picha\u00e7\u00f5es para o Patrim\u00f4nio<\/h2>\n<p>A remo\u00e7\u00e3o de picha\u00e7\u00f5es vai al\u00e9m da simples est\u00e9tica; \u00e9 um passo decisivo para a preserva\u00e7\u00e3o do patrim\u00f4nio hist\u00f3rico e cultural da cidade. Picha\u00e7\u00e3o em monumentos pode desvalorizar a imagem da cidade, refletindo uma falta de cuidado por parte da sociedade em rela\u00e7\u00e3o ao espa\u00e7o que todos compartilham. Atrav\u00e9s dessa a\u00e7\u00e3o, a Prefeitura busca n\u00e3o apenas recuperar o valor visual dos locais, mas tamb\u00e9m refor\u00e7ar a necessidade de respeito pelo espa\u00e7o p\u00fablico.<\/p>\n<p><img decoding=\"async\" src=\"https:\/\/www.encontravitoria.com.br\/sobre\/wp-content\/uploads\/2026\/08\/prefeitura-de-vitoria-intensifica-remocao-de-pichacoes-e-ja-eliminou-mais-de-100-marcas-no-centro.webp\" alt=\"remo\u00e7\u00e3o de picha\u00e7\u00f5es\" loading=\"lazy\" \/><\/p>\n<h2>Como os Moradores Podem Contribuir para a Limpeza<\/h2>\n<p>A participa\u00e7\u00e3o da popula\u00e7\u00e3o \u00e9 crucial para o sucesso das iniciativas de limpeza e manuten\u00e7\u00e3o urbana. Os moradores s\u00e3o encorajados a agir como vigilantes da cidade, ajudando a identificar novas picha\u00e7\u00f5es e informando \u00e0 Prefeitura sobre irregularidades. Al\u00e9m disso, \u00e9 vital que os cidad\u00e3os pratiquem a conserva\u00e7\u00e3o dos espa\u00e7os p\u00fablicos e promovam a responsabilidade conjunta pela cidade.<\/p>\n<h2>Resultados Vis\u00edveis: O Impacto nas Pra\u00e7as Hist\u00f3ricas<\/h2>\n<p>Os resultados das a\u00e7\u00f5es de remo\u00e7\u00e3o j\u00e1 podem ser percebidos em v\u00e1rias \u00e1reas de destaque em Vit\u00f3ria, como a Pra\u00e7a Oito, onde um rel\u00f3gio hist\u00f3rico foi devidamente limpo e restaurado. Essa a\u00e7\u00e3o n\u00e3o apenas revitaliza o espa\u00e7o, mas tamb\u00e9m traz de volta a sensa\u00e7\u00e3o de seguran\u00e7a e cuidado, essenciais para a conviv\u00eancia harmoniosa entre os cidad\u00e3os.<\/p>\n<h2>A\u00e7\u00f5es de Conscientiza\u00e7\u00e3o para a Preserva\u00e7\u00e3o do Espa\u00e7o P\u00fablico<\/h2>\n<p>Al\u00e9m da remo\u00e7\u00e3o f\u00edsica das picha\u00e7\u00f5es, a Prefeitura de Vit\u00f3ria est\u00e1 se empenhando em campanhas de conscientiza\u00e7\u00e3o que visam educar os moradores sobre a import\u00e2ncia da preserva\u00e7\u00e3o dos espa\u00e7os urbanos. Existem propostas para workshops e eventos que incentivam a comunidade a se engajar ativamente na manuten\u00e7\u00e3o da limpeza e na prote\u00e7\u00e3o do patrim\u00f4nio cultural.<\/p>\n<h2>Trabalho Conjunto entre as Secretarias para uma Vit\u00f3ria Limpa<\/h2>\n<p>Essa a\u00e7\u00e3o de limpeza n\u00e3o \u00e9 realizada de forma isolada. A Prefeitura, atrav\u00e9s da Central de Servi\u00e7os e da Secretaria de Desenvolvimento da Cidade, atua em coopera\u00e7\u00e3o para maximizar os resultados. O trabalho conjunto garante que as opera\u00e7\u00f5es sejam eficientes e que o impacto positivo sobre a cidade seja amplificado.<\/p>\n<h2>A Evolu\u00e7\u00e3o da Limpeza Urbana em Vit\u00f3ria<\/h2>\n<p>Com o passar do tempo, a Prefeitura tem aprimorado suas estrat\u00e9gias para garantir que o ambiente urbano permane\u00e7a limpo e acolhedor. As sabatinas e as avalia\u00e7\u00f5es peri\u00f3dicas da efic\u00e1cia das medidas adotadas ajudam a ajustar as a\u00e7\u00f5es de acordo com as necessidades emergentes da popula\u00e7\u00e3o, garantindo que a cidade continue a evoluir em dire\u00e7\u00e3o a um futuro mais limpo.<\/p>\n<h2>Desafios e Solu\u00e7\u00f5es para o Vandalismo na Cidade<\/h2>\n<p>Um dos principais desafios enfrentados pelas autoridades \u00e9 a recorr\u00eancia das picha\u00e7\u00f5es. Para lidar com isso, a Prefeitura implementa uma pol\u00edtica de resposta r\u00e1pida, assegurando que novas picha\u00e7\u00f5es sejam removidas imediatamente. Isso n\u00e3o apenas retarda a reincid\u00eancia de atos de vandalismo, mas tamb\u00e9m envia uma mensagem clara sobre a zero toler\u00e2ncia da Prefeitura com o desrespeito ao patrim\u00f4nio p\u00fablico.<\/p>\n<h2>O Futuro da Preserva\u00e7\u00e3o dos Espa\u00e7os P\u00fablicos em Vit\u00f3ria<\/h2>\n<p>A continuidade das iniciativas de limpeza e conserva\u00e7\u00e3o \u00e9 uma promessa clara da administra\u00e7\u00e3o municipal. \u00c0 medida que novas estrat\u00e9gias s\u00e3o propostas e implementadas, o objetivo \u00e9 n\u00e3o apenas manter a cidade limpa, mas tamb\u00e9m fomentar um esp\u00edrito comunit\u00e1rio que valorize e respeite o espa\u00e7o urbano. As campanhas futuras se concentrar\u00e3o em refor\u00e7ar a educa\u00e7\u00e3o ambiental e promover h\u00e1bitos sustent\u00e1veis entre os cidad\u00e3os.<\/p>\n\n<div style=\"font-size: 0px; height: 0px; line-height: 0px; margin: 0; padding: 0; clear: both;\"><\/div>","protected":false},"excerpt":{"rendered":"<p>Vit\u00f3ria removeu mais de 100 picha\u00e7\u00f5es no Centro, promovendo limpeza e seguran\u00e7a.<\/p>\n","protected":false},"author":1,"featured_media":2081,"comment_status":"open","ping_status":"closed","sticky":false,"template":"","format":"standard","meta":{"footnotes":""},"categories":[6],"tags":[],"class_list":["post-2082","post","type-post","status-publish","format-standard","has-post-thumbnail","hentry","category-noticias-em-vitoria","has_thumb"],"yoast_head":"<!-- This site is optimized with the Yoast SEO plugin v28.2 - https:\/\/yoast.com\/product\/yoast-seo-wordpress\/ -->\n<title>Prefeitura de Vit\u00f3ria intensifica remo\u00e7\u00e3o de picha\u00e7\u00f5es e j\u00e1 eliminou mais de 100 marcas no Centro - Encontra Vit\u00f3ria<\/title>\n<meta name=\"robots\" content=\"index, follow, max-snippet:-1, max-image-preview:large, max-video-preview:-1\" \/>\n<link rel=\"canonical\" href=\"https:\/\/www.encontravitoria.com.br\/sobre\/prefeitura-de-vitoria-intensifica-remocao-de-pichacoes-e-ja-eliminou-mais-de-100-marcas-no-centro\/\" \/>\n<meta property=\"og:locale\" content=\"pt_BR\" \/>\n<meta property=\"og:type\" content=\"article\" \/>\n<meta property=\"og:title\" content=\"Prefeitura de Vit\u00f3ria intensifica remo\u00e7\u00e3o de picha\u00e7\u00f5es e j\u00e1 eliminou mais de 100 marcas no Centro - Encontra Vit\u00f3ria\" \/>\n<meta property=\"og:description\" content=\"Vit\u00f3ria removeu mais de 100 picha\u00e7\u00f5es no Centro, promovendo limpeza e seguran\u00e7a.\" \/>\n<meta property=\"og:url\" content=\"https:\/\/www.encontravitoria.com.br\/sobre\/prefeitura-de-vitoria-intensifica-remocao-de-pichacoes-e-ja-eliminou-mais-de-100-marcas-no-centro\/\" \/>\n<meta property=\"og:site_name\" content=\"Encontra Vit\u00f3ria\" \/>\n<meta property=\"article:published_time\" content=\"2026-08-04T08:21:41+00:00\" \/>\n<meta property=\"og:image\" content=\"https:\/\/www.encontravitoria.com.br\/sobre\/wp-content\/uploads\/2026\/08\/prefeitura-de-vitoria-intensifica-remocao-de-pichacoes-e-ja-eliminou-mais-de-100-marcas-no-centro.webp\" \/>\n<meta name=\"author\" content=\"Encontra Vit\u00f3ria\" \/>\n<meta name=\"twitter:card\" content=\"summary_large_image\" \/>\n<meta name=\"twitter:label1\" content=\"Escrito por\" \/>\n\t<meta name=\"twitter:data1\" content=\"Encontra Vit\u00f3ria\" \/>\n\t<meta name=\"twitter:label2\" content=\"Est. tempo de leitura\" \/>\n\t<meta name=\"twitter:data2\" content=\"4 minutos\" \/>\n<script type=\"application\/ld+json\" class=\"yoast-schema-graph\">{\"@context\":\"https:\\\/\\\/schema.org\",\"@graph\":[{\"@type\":\"Article\",\"@id\":\"https:\\\/\\\/www.encontravitoria.com.br\\\/sobre\\\/prefeitura-de-vitoria-intensifica-remocao-de-pichacoes-e-ja-eliminou-mais-de-100-marcas-no-centro\\\/#article\",\"isPartOf\":{\"@id\":\"https:\\\/\\\/www.encontravitoria.com.br\\\/sobre\\\/prefeitura-de-vitoria-intensifica-remocao-de-pichacoes-e-ja-eliminou-mais-de-100-marcas-no-centro\\\/\"},\"author\":{\"name\":\"Encontra Vit\u00f3ria\",\"@id\":\"https:\\\/\\\/www.encontravitoria.com.br\\\/sobre\\\/#\\\/schema\\\/person\\\/0f8e5bcc88fbadf1bad57afd504f48a2\"},\"headline\":\"Prefeitura de Vit\u00f3ria intensifica remo\u00e7\u00e3o de picha\u00e7\u00f5es e j\u00e1 eliminou mais de 100 marcas no Centro\",\"datePublished\":\"2026-08-04T08:21:41+00:00\",\"mainEntityOfPage\":{\"@id\":\"https:\\\/\\\/www.encontravitoria.com.br\\\/sobre\\\/prefeitura-de-vitoria-intensifica-remocao-de-pichacoes-e-ja-eliminou-mais-de-100-marcas-no-centro\\\/\"},\"wordCount\":819,\"commentCount\":0,\"image\":{\"@id\":\"https:\\\/\\\/www.encontravitoria.com.br\\\/sobre\\\/prefeitura-de-vitoria-intensifica-remocao-de-pichacoes-e-ja-eliminou-mais-de-100-marcas-no-centro\\\/#primaryimage\"},\"thumbnailUrl\":\"https:\\\/\\\/www.encontravitoria.com.br\\\/sobre\\\/wp-content\\\/uploads\\\/2026\\\/08\\\/prefeitura-de-vitoria-intensifica-remocao-de-pichacoes-e-ja-eliminou-mais-de-100-marcas-no-centro.webp\",\"articleSection\":[\"Not\u00edcias Vit\u00f3ria\"],\"inLanguage\":\"pt-BR\",\"potentialAction\":[{\"@type\":\"CommentAction\",\"name\":\"Comment\",\"target\":[\"https:\\\/\\\/www.encontravitoria.com.br\\\/sobre\\\/prefeitura-de-vitoria-intensifica-remocao-de-pichacoes-e-ja-eliminou-mais-de-100-marcas-no-centro\\\/#respond\"]}]},{\"@type\":\"WebPage\",\"@id\":\"https:\\\/\\\/www.encontravitoria.com.br\\\/sobre\\\/prefeitura-de-vitoria-intensifica-remocao-de-pichacoes-e-ja-eliminou-mais-de-100-marcas-no-centro\\\/\",\"url\":\"https:\\\/\\\/www.encontravitoria.com.br\\\/sobre\\\/prefeitura-de-vitoria-intensifica-remocao-de-pichacoes-e-ja-eliminou-mais-de-100-marcas-no-centro\\\/\",\"name\":\"Prefeitura de Vit\u00f3ria intensifica remo\u00e7\u00e3o de picha\u00e7\u00f5es e j\u00e1 eliminou mais de 100 marcas no Centro - Encontra Vit\u00f3ria\",\"isPartOf\":{\"@id\":\"https:\\\/\\\/www.encontravitoria.com.br\\\/sobre\\\/#website\"},\"primaryImageOfPage\":{\"@id\":\"https:\\\/\\\/www.encontravitoria.com.br\\\/sobre\\\/prefeitura-de-vitoria-intensifica-remocao-de-pichacoes-e-ja-eliminou-mais-de-100-marcas-no-centro\\\/#primaryimage\"},\"image\":{\"@id\":\"https:\\\/\\\/www.encontravitoria.com.br\\\/sobre\\\/prefeitura-de-vitoria-intensifica-remocao-de-pichacoes-e-ja-eliminou-mais-de-100-marcas-no-centro\\\/#primaryimage\"},\"thumbnailUrl\":\"https:\\\/\\\/www.encontravitoria.com.br\\\/sobre\\\/wp-content\\\/uploads\\\/2026\\\/08\\\/prefeitura-de-vitoria-intensifica-remocao-de-pichacoes-e-ja-eliminou-mais-de-100-marcas-no-centro.webp\",\"datePublished\":\"2026-08-04T08:21:41+00:00\",\"author\":{\"@id\":\"https:\\\/\\\/www.encontravitoria.com.br\\\/sobre\\\/#\\\/schema\\\/person\\\/0f8e5bcc88fbadf1bad57afd504f48a2\"},\"breadcrumb\":{\"@id\":\"https:\\\/\\\/www.encontravitoria.com.br\\\/sobre\\\/prefeitura-de-vitoria-intensifica-remocao-de-pichacoes-e-ja-eliminou-mais-de-100-marcas-no-centro\\\/#breadcrumb\"},\"inLanguage\":\"pt-BR\",\"potentialAction\":[{\"@type\":\"ReadAction\",\"target\":[\"https:\\\/\\\/www.encontravitoria.com.br\\\/sobre\\\/prefeitura-de-vitoria-intensifica-remocao-de-pichacoes-e-ja-eliminou-mais-de-100-marcas-no-centro\\\/\"]}]},{\"@type\":\"ImageObject\",\"inLanguage\":\"pt-BR\",\"@id\":\"https:\\\/\\\/www.encontravitoria.com.br\\\/sobre\\\/prefeitura-de-vitoria-intensifica-remocao-de-pichacoes-e-ja-eliminou-mais-de-100-marcas-no-centro\\\/#primaryimage\",\"url\":\"https:\\\/\\\/www.encontravitoria.com.br\\\/sobre\\\/wp-content\\\/uploads\\\/2026\\\/08\\\/prefeitura-de-vitoria-intensifica-remocao-de-pichacoes-e-ja-eliminou-mais-de-100-marcas-no-centro.webp\",\"contentUrl\":\"https:\\\/\\\/www.encontravitoria.com.br\\\/sobre\\\/wp-content\\\/uploads\\\/2026\\\/08\\\/prefeitura-de-vitoria-intensifica-remocao-de-pichacoes-e-ja-eliminou-mais-de-100-marcas-no-centro.webp\",\"width\":280,\"height\":280,\"caption\":\"remo\u00e7\u00e3o de picha\u00e7\u00f5es\"},{\"@type\":\"BreadcrumbList\",\"@id\":\"https:\\\/\\\/www.encontravitoria.com.br\\\/sobre\\\/prefeitura-de-vitoria-intensifica-remocao-de-pichacoes-e-ja-eliminou-mais-de-100-marcas-no-centro\\\/#breadcrumb\",\"itemListElement\":[{\"@type\":\"ListItem\",\"position\":1,\"name\":\"In\u00edcio\",\"item\":\"https:\\\/\\\/www.encontravitoria.com.br\\\/sobre\\\/\"},{\"@type\":\"ListItem\",\"position\":2,\"name\":\"Prefeitura de Vit\u00f3ria intensifica remo\u00e7\u00e3o de picha\u00e7\u00f5es e j\u00e1 eliminou mais de 100 marcas no Centro\"}]},{\"@type\":\"WebSite\",\"@id\":\"https:\\\/\\\/www.encontravitoria.com.br\\\/sobre\\\/#website\",\"url\":\"https:\\\/\\\/www.encontravitoria.com.br\\\/sobre\\\/\",\"name\":\"Encontra Vit\u00f3ria\",\"description\":\"Not\u00edcias, eventos, informa\u00e7\u00f5es e dicas na cidade Vit\u00f3ria e regi\u00e3o.\",\"potentialAction\":[{\"@type\":\"SearchAction\",\"target\":{\"@type\":\"EntryPoint\",\"urlTemplate\":\"https:\\\/\\\/www.encontravitoria.com.br\\\/sobre\\\/?s={search_term_string}\"},\"query-input\":{\"@type\":\"PropertyValueSpecification\",\"valueRequired\":true,\"valueName\":\"search_term_string\"}}],\"inLanguage\":\"pt-BR\"},{\"@type\":\"Person\",\"@id\":\"https:\\\/\\\/www.encontravitoria.com.br\\\/sobre\\\/#\\\/schema\\\/person\\\/0f8e5bcc88fbadf1bad57afd504f48a2\",\"name\":\"Encontra Vit\u00f3ria\",\"image\":{\"@type\":\"ImageObject\",\"inLanguage\":\"pt-BR\",\"@id\":\"https:\\\/\\\/secure.gravatar.com\\\/avatar\\\/507340682b8270222e1f208e23198b6ae7e2c6a1033ae84e99bc6bce4f82a387?s=96&d=mm&r=g\",\"url\":\"https:\\\/\\\/secure.gravatar.com\\\/avatar\\\/507340682b8270222e1f208e23198b6ae7e2c6a1033ae84e99bc6bce4f82a387?s=96&d=mm&r=g\",\"contentUrl\":\"https:\\\/\\\/secure.gravatar.com\\\/avatar\\\/507340682b8270222e1f208e23198b6ae7e2c6a1033ae84e99bc6bce4f82a387?s=96&d=mm&r=g\",\"caption\":\"Encontra Vit\u00f3ria\"},\"sameAs\":[\"http:\\\/\\\/www.encontravitoria.com.br\"],\"url\":\"https:\\\/\\\/www.encontravitoria.com.br\\\/sobre\\\/author\\\/evitoria\\\/\"}]}<\/script>\n<!-- \/ Yoast SEO plugin. -->","yoast_head_json":{"title":"Prefeitura de Vit\u00f3ria intensifica remo\u00e7\u00e3o de picha\u00e7\u00f5es e j\u00e1 eliminou mais de 100 marcas no Centro - Encontra Vit\u00f3ria","robots":{"index":"index","follow":"follow","max-snippet":"max-snippet:-1","max-image-preview":"max-image-preview:large","max-video-preview":"max-video-preview:-1"},"canonical":"https:\/\/www.encontravitoria.com.br\/sobre\/prefeitura-de-vitoria-intensifica-remocao-de-pichacoes-e-ja-eliminou-mais-de-100-marcas-no-centro\/","og_locale":"pt_BR","og_type":"article","og_title":"Prefeitura de Vit\u00f3ria intensifica remo\u00e7\u00e3o de picha\u00e7\u00f5es e j\u00e1 eliminou mais de 100 marcas no Centro - Encontra Vit\u00f3ria","og_description":"Vit\u00f3ria removeu mais de 100 picha\u00e7\u00f5es no Centro, promovendo limpeza e seguran\u00e7a.","og_url":"https:\/\/www.encontravitoria.com.br\/sobre\/prefeitura-de-vitoria-intensifica-remocao-de-pichacoes-e-ja-eliminou-mais-de-100-marcas-no-centro\/","og_site_name":"Encontra Vit\u00f3ria","article_published_time":"2026-08-04T08:21:41+00:00","og_image":[{"url":"https:\/\/www.encontravitoria.com.br\/sobre\/wp-content\/uploads\/2026\/08\/prefeitura-de-vitoria-intensifica-remocao-de-pichacoes-e-ja-eliminou-mais-de-100-marcas-no-centro.webp","type":"","width":"","height":""}],"author":"Encontra Vit\u00f3ria","twitter_card":"summary_large_image","twitter_misc":{"Escrito por":"Encontra Vit\u00f3ria","Est. tempo de leitura":"4 minutos"},"schema":{"@context":"https:\/\/schema.org","@graph":[{"@type":"Article","@id":"https:\/\/www.encontravitoria.com.br\/sobre\/prefeitura-de-vitoria-intensifica-remocao-de-pichacoes-e-ja-eliminou-mais-de-100-marcas-no-centro\/#article","isPartOf":{"@id":"https:\/\/www.encontravitoria.com.br\/sobre\/prefeitura-de-vitoria-intensifica-remocao-de-pichacoes-e-ja-eliminou-mais-de-100-marcas-no-centro\/"},"author":{"name":"Encontra Vit\u00f3ria","@id":"https:\/\/www.encontravitoria.com.br\/sobre\/#\/schema\/person\/0f8e5bcc88fbadf1bad57afd504f48a2"},"headline":"Prefeitura de Vit\u00f3ria intensifica remo\u00e7\u00e3o de picha\u00e7\u00f5es e j\u00e1 eliminou mais de 100 marcas no Centro","datePublished":"2026-08-04T08:21:41+00:00","mainEntityOfPage":{"@id":"https:\/\/www.encontravitoria.com.br\/sobre\/prefeitura-de-vitoria-intensifica-remocao-de-pichacoes-e-ja-eliminou-mais-de-100-marcas-no-centro\/"},"wordCount":819,"commentCount":0,"image":{"@id":"https:\/\/www.encontravitoria.com.br\/sobre\/prefeitura-de-vitoria-intensifica-remocao-de-pichacoes-e-ja-eliminou-mais-de-100-marcas-no-centro\/#primaryimage"},"thumbnailUrl":"https:\/\/www.encontravitoria.com.br\/sobre\/wp-content\/uploads\/2026\/08\/prefeitura-de-vitoria-intensifica-remocao-de-pichacoes-e-ja-eliminou-mais-de-100-marcas-no-centro.webp","articleSection":["Not\u00edcias Vit\u00f3ria"],"inLanguage":"pt-BR","potentialAction":[{"@type":"CommentAction","name":"Comment","target":["https:\/\/www.encontravitoria.com.br\/sobre\/prefeitura-de-vitoria-intensifica-remocao-de-pichacoes-e-ja-eliminou-mais-de-100-marcas-no-centro\/#respond"]}]},{"@type":"WebPage","@id":"https:\/\/www.encontravitoria.com.br\/sobre\/prefeitura-de-vitoria-intensifica-remocao-de-pichacoes-e-ja-eliminou-mais-de-100-marcas-no-centro\/","url":"https:\/\/www.encontravitoria.com.br\/sobre\/prefeitura-de-vitoria-intensifica-remocao-de-pichacoes-e-ja-eliminou-mais-de-100-marcas-no-centro\/","name":"Prefeitura de Vit\u00f3ria intensifica remo\u00e7\u00e3o de picha\u00e7\u00f5es e j\u00e1 eliminou mais de 100 marcas no Centro - Encontra Vit\u00f3ria","isPartOf":{"@id":"https:\/\/www.encontravitoria.com.br\/sobre\/#website"},"primaryImageOfPage":{"@id":"https:\/\/www.encontravitoria.com.br\/sobre\/prefeitura-de-vitoria-intensifica-remocao-de-pichacoes-e-ja-eliminou-mais-de-100-marcas-no-centro\/#primaryimage"},"image":{"@id":"https:\/\/www.encontravitoria.com.br\/sobre\/prefeitura-de-vitoria-intensifica-remocao-de-pichacoes-e-ja-eliminou-mais-de-100-marcas-no-centro\/#primaryimage"},"thumbnailUrl":"https:\/\/www.encontravitoria.com.br\/sobre\/wp-content\/uploads\/2026\/08\/prefeitura-de-vitoria-intensifica-remocao-de-pichacoes-e-ja-eliminou-mais-de-100-marcas-no-centro.webp","datePublished":"2026-08-04T08:21:41+00:00","author":{"@id":"https:\/\/www.encontravitoria.com.br\/sobre\/#\/schema\/person\/0f8e5bcc88fbadf1bad57afd504f48a2"},"breadcrumb":{"@id":"https:\/\/www.encontravitoria.com.br\/sobre\/prefeitura-de-vitoria-intensifica-remocao-de-pichacoes-e-ja-eliminou-mais-de-100-marcas-no-centro\/#breadcrumb"},"inLanguage":"pt-BR","potentialAction":[{"@type":"ReadAction","target":["https:\/\/www.encontravitoria.com.br\/sobre\/prefeitura-de-vitoria-intensifica-remocao-de-pichacoes-e-ja-eliminou-mais-de-100-marcas-no-centro\/"]}]},{"@type":"ImageObject","inLanguage":"pt-BR","@id":"https:\/\/www.encontravitoria.com.br\/sobre\/prefeitura-de-vitoria-intensifica-remocao-de-pichacoes-e-ja-eliminou-mais-de-100-marcas-no-centro\/#primaryimage","url":"https:\/\/www.encontravitoria.com.br\/sobre\/wp-content\/uploads\/2026\/08\/prefeitura-de-vitoria-intensifica-remocao-de-pichacoes-e-ja-eliminou-mais-de-100-marcas-no-centro.webp","contentUrl":"https:\/\/www.encontravitoria.com.br\/sobre\/wp-content\/uploads\/2026\/08\/prefeitura-de-vitoria-intensifica-remocao-de-pichacoes-e-ja-eliminou-mais-de-100-marcas-no-centro.webp","width":280,"height":280,"caption":"remo\u00e7\u00e3o de picha\u00e7\u00f5es"},{"@type":"BreadcrumbList","@id":"https:\/\/www.encontravitoria.com.br\/sobre\/prefeitura-de-vitoria-intensifica-remocao-de-pichacoes-e-ja-eliminou-mais-de-100-marcas-no-centro\/#breadcrumb","itemListElement":[{"@type":"ListItem","position":1,"name":"In\u00edcio","item":"https:\/\/www.encontravitoria.com.br\/sobre\/"},{"@type":"ListItem","position":2,"name":"Prefeitura de Vit\u00f3ria intensifica remo\u00e7\u00e3o de picha\u00e7\u00f5es e j\u00e1 eliminou mais de 100 marcas no Centro"}]},{"@type":"WebSite","@id":"https:\/\/www.encontravitoria.com.br\/sobre\/#website","url":"https:\/\/www.encontravitoria.com.br\/sobre\/","name":"Encontra Vit\u00f3ria","description":"Not\u00edcias, eventos, informa\u00e7\u00f5es e dicas na cidade Vit\u00f3ria e regi\u00e3o.","potentialAction":[{"@type":"SearchAction","target":{"@type":"EntryPoint","urlTemplate":"https:\/\/www.encontravitoria.com.br\/sobre\/?s={search_term_string}"},"query-input":{"@type":"PropertyValueSpecification","valueRequired":true,"valueName":"search_term_string"}}],"inLanguage":"pt-BR"},{"@type":"Person","@id":"https:\/\/www.encontravitoria.com.br\/sobre\/#\/schema\/person\/0f8e5bcc88fbadf1bad57afd504f48a2","name":"Encontra Vit\u00f3ria","image":{"@type":"ImageObject","inLanguage":"pt-BR","@id":"https:\/\/secure.gravatar.com\/avatar\/507340682b8270222e1f208e23198b6ae7e2c6a1033ae84e99bc6bce4f82a387?s=96&d=mm&r=g","url":"https:\/\/secure.gravatar.com\/avatar\/507340682b8270222e1f208e23198b6ae7e2c6a1033ae84e99bc6bce4f82a387?s=96&d=mm&r=g","contentUrl":"https:\/\/secure.gravatar.com\/avatar\/507340682b8270222e1f208e23198b6ae7e2c6a1033ae84e99bc6bce4f82a387?s=96&d=mm&r=g","caption":"Encontra Vit\u00f3ria"},"sameAs":["http:\/\/www.encontravitoria.com.br"],"url":"https:\/\/www.encontravitoria.com.br\/sobre\/author\/evitoria\/"}]}},"_links":{"self":[{"href":"https:\/\/www.encontravitoria.com.br\/sobre\/wp-json\/wp\/v2\/posts\/2082","targetHints":{"allow":["GET"]}}],"collection":[{"href":"https:\/\/www.encontravitoria.com.br\/sobre\/wp-json\/wp\/v2\/posts"}],"about":[{"href":"https:\/\/www.encontravitoria.com.br\/sobre\/wp-json\/wp\/v2\/types\/post"}],"author":[{"embeddable":true,"href":"https:\/\/www.encontravitoria.com.br\/sobre\/wp-json\/wp\/v2\/users\/1"}],"replies":[{"embeddable":true,"href":"https:\/\/www.encontravitoria.com.br\/sobre\/wp-json\/wp\/v2\/comments?post=2082"}],"version-history":[{"count":0,"href":"https:\/\/www.encontravitoria.com.br\/sobre\/wp-json\/wp\/v2\/posts\/2082\/revisions"}],"wp:featuredmedia":[{"embeddable":true,"href":"https:\/\/www.encontravitoria.com.br\/sobre\/wp-json\/wp\/v2\/media\/2081"}],"wp:attachment":[{"href":"https:\/\/www.encontravitoria.com.br\/sobre\/wp-json\/wp\/v2\/media?parent=2082"}],"wp:term":[{"taxonomy":"category","embeddable":true,"href":"https:\/\/www.encontravitoria.com.br\/sobre\/wp-json\/wp\/v2\/categories?post=2082"},{"taxonomy":"post_tag","embeddable":true,"href":"https:\/\/www.encontravitoria.com.br\/sobre\/wp-json\/wp\/v2\/tags?post=2082"}],"curies":[{"name":"wp","href":"https:\/\/api.w.org\/{rel}","templated":true}]}}