{"id":2101,"date":"2026-08-07T07:31:11","date_gmt":"2026-08-07T07:31:11","guid":{"rendered":"https:\/\/www.encontravitoria.com.br\/sobre\/procon-vitoria-aponta-alta-no-custo-dos-itens-de-primeira-necessidade-e-reforca-pesquisa\/"},"modified":"2026-08-07T07:31:11","modified_gmt":"2026-08-07T07:31:11","slug":"procon-vitoria-aponta-alta-no-custo-dos-itens-de-primeira-necessidade-e-reforca-pesquisa","status":"publish","type":"post","link":"https:\/\/www.encontravitoria.com.br\/sobre\/procon-vitoria-aponta-alta-no-custo-dos-itens-de-primeira-necessidade-e-reforca-pesquisa\/","title":{"rendered":"Procon Vit\u00f3ria aponta alta no custo dos itens de primeira necessidade e refor\u00e7a pesquisa"},"content":{"rendered":"<div class=\"23ed37709e053b55400ee1990aeffe41\" data-index=\"1\" style=\"float: none; margin:0px;\">\n<!-- Anuncio display - global -->\r\n<ins class=\"adsbygoogle\"\r\n     style=\"display:block\"\r\n     data-ad-client=\"ca-pub-8585364105181520\"\r\n     data-ad-slot=\"8789329856\"\r\n     data-ad-format=\"auto\"\r\n     data-full-width-responsive=\"true\"><\/ins>\r\n<script>\r\n     (adsbygoogle = window.adsbygoogle || []).push({});\r\n<\/script>\n<\/div>\n<h2>Aumento no Custo da Cesta B\u00e1sica<\/h2>\n<p>No \u00faltimo m\u00eas, os pre\u00e7os de itens essenciais, cruciais para a alimenta\u00e7\u00e3o das fam\u00edlias capixabas, registraram um aumento significativo. Em julho de 2026, a cesta de produtos b\u00e1sicos passou a custar R$ 739,55, subindo de R$ 723,55 em junho. Isso representa um incremento de 2,21% nos custos gerais para as fam\u00edlias.<\/p>\n<h2>Pre\u00e7o do Arroz Interrompe Quedas Anteriores<\/h2>\n<p>O arroz, um alimento fundamental na dieta brasileira, viu sua sequ\u00eancia de pre\u00e7os em queda ser interrompida. O valor por quilo subiu de R$ 15,35 para R$ 15,80, evidenciando a tend\u00eancia de alta nos custos de produtos b\u00e1sicos.<\/p>\n<h2>Altas nos Pre\u00e7os da Carne Bovina<\/h2>\n<p>As carnes tamb\u00e9m apresentaram eleva\u00e7\u00f5es de pre\u00e7os; a carne bovina, por exemplo, teve um aumento percentual de 2,87% durante o m\u00eas de julho. O fil\u00e9 de peito de frango n\u00e3o ficou atr\u00e1s, com um reajuste de 2,17%, indicando uma press\u00e3o cont\u00ednua sobre o or\u00e7amento familiar.<\/p>\n<p><img decoding=\"async\" src=\"https:\/\/www.encontravitoria.com.br\/sobre\/wp-content\/uploads\/2026\/08\/procon-vitoria-aponta-alta-no-custo-dos-itens-de-primeira-necessidade-e-reforca-pesquisa.webp\" alt=\"custo dos itens de primeira necessidade\" loading=\"lazy\" \/><\/p>\n<h2>Diferen\u00e7a de Pre\u00e7os Entre Supermercados<\/h2>\n<p>O levantamento feito pelo Procon Vit\u00f3ria revelou varia\u00e7\u00f5es expressivas nos pre\u00e7os de produtos id\u00eanticos, dependendo do supermercado. Um exemplo not\u00e1vel \u00e9 a banana-prata, cuja diferen\u00e7a de pre\u00e7o foi de 234,11%, variando entre R$ 2,99 e R$ 9,99, o que exemplifica a import\u00e2ncia da pesquisa de pre\u00e7os.<\/p>\n<h2>Impacto do Sal\u00e1rio M\u00ednimo no Or\u00e7amento Familiar<\/h2>\n<p>Com o sal\u00e1rio m\u00ednimo em R$ 1.621,00, a cesta de itens de primeira necessidade consome 45,62% dessa remunera\u00e7\u00e3o. Em um cen\u00e1rio similar, a cesta b\u00e1sica, que abrange 13 itens essenciais, absorve 45,03% do sal\u00e1rio, significando uma carga significativa sobre os or\u00e7amentos familiares.<\/p>\n<h2>Oscila\u00e7\u00f5es nos Pre\u00e7os de Hortifrutigranjeiros<\/h2>\n<p>No setor de hortifr\u00fati, o produto que mais se destacou por sua eleva\u00e7\u00e3o de pre\u00e7o foi o mam\u00e3o Hava\u00ed, cuja alta foi de 76,79%, passando de R$ 5,99 para R$ 10,59. Em contraste, o tomate rasteiro apresentou uma redu\u00e7\u00e3o de 53,89%, caindo de R$ 12,99 para R$ 5,99, ilustrando as flutua\u00e7\u00f5es dram\u00e1ticas que ocorrem no mercado.<\/p>\n<h2>An\u00e1lise Hist\u00f3rica dos Pre\u00e7os de Alimentos<\/h2>\n<p>Apesar dos aumentos recentes, uma an\u00e1lise da s\u00e9rie hist\u00f3rica do Procon mostra que, em compara\u00e7\u00e3o com o ano de 2025, muitos produtos essenciais est\u00e3o mais baratos. O pre\u00e7o do arroz, por exemplo, era R$ 23,98 em 2025 e agora \u00e9 de R$ 15,80. Da mesma forma, o azeite de oliva caiu de R$ 48,90 para R$ 31,90.<\/p>\n<h2>Dicas do Procon para Economizar nas Compras<\/h2>\n<p>O Procon Vit\u00f3ria disponibiliza algumas dicas valiosas para ajudar os consumidores a economizar:<\/p>\n<ul>\n<li><strong>Pesquise pre\u00e7os:<\/strong> Verifique diferentes estabelecimentos antes de realizar a compra.<\/li>\n<li><strong>Planeje suas compras:<\/strong> Crie uma lista para evitar compras por impulso.<\/li>\n<li><strong>Aproveite promo\u00e7\u00f5es:<\/strong> Use promo\u00e7\u00f5es que realmente tragam economia significativa.<\/li>\n<li><strong>Compare produtos:<\/strong> Verifique peso, quantidade e qualidade antes de decidir.<\/li>\n<li><strong>Verifique proced\u00eancia:<\/strong> Assegure-se da qualidade dos itens que voc\u00ea est\u00e1 adquirindo.<\/li>\n<li><strong>Confirme as datas de validade:<\/strong> Sempre cheque a validade dos produtos.<\/li>\n<li><strong>Considere o custo-benef\u00edcio:<\/strong> Foque na rela\u00e7\u00e3o entre pre\u00e7o e qualidade, evitando compras n\u00e3o planejadas.<\/li>\n<\/ul>\n<h2>Import\u00e2ncia da Pesquisa de Pre\u00e7os<\/h2>\n<p>Realizar uma pesquisa de pre\u00e7os \u00e9 essencial para o consumidor que deseja economizar. Em um mercado onde alguns produtos apresentam varia\u00e7\u00f5es de mais de 200% entre diferentes supermercados, esta pr\u00e1tica se torna vital para o planejamento do or\u00e7amento familiar.<\/p>\n<h2>Procon como Ferramenta de Prote\u00e7\u00e3o ao Consumidor<\/h2>\n<p>De acordo com o secret\u00e1rio de Cidadania, Direitos Humanos e Trabalho, Luciano Forrechi, a pesquisa realizada pelo Procon Vit\u00f3ria \u00e9 uma ferramenta fundamental para a prote\u00e7\u00e3o do consumidor. Ela fornece informa\u00e7\u00f5es que permitem uma melhor organiza\u00e7\u00e3o nas compras e auxiliam na identifica\u00e7\u00e3o das melhores ofertas dispon\u00edveis no mercado.<\/p>\n<p>Assim, com a combina\u00e7\u00e3o de planejamento adequado e pesquisa, os consumidores podem n\u00e3o apenas lidar melhor com as flutua\u00e7\u00f5es de pre\u00e7os, mas tamb\u00e9m assegurar que estejam fazendo as melhores escolhas financeiras em suas aquisi\u00e7\u00f5es di\u00e1rias.<\/p>\n\n<div style=\"font-size: 0px; height: 0px; line-height: 0px; margin: 0; padding: 0; clear: both;\"><\/div>","protected":false},"excerpt":{"rendered":"<p>Procon Vit\u00f3ria revela alta significativa no custo dos itens de primeira necessidade.<\/p>\n","protected":false},"author":1,"featured_media":2100,"comment_status":"open","ping_status":"closed","sticky":false,"template":"","format":"standard","meta":{"footnotes":""},"categories":[6],"tags":[],"class_list":["post-2101","post","type-post","status-publish","format-standard","has-post-thumbnail","hentry","category-noticias-em-vitoria","has_thumb"],"yoast_head":"<!-- This site is optimized with the Yoast SEO plugin v28.2 - https:\/\/yoast.com\/product\/yoast-seo-wordpress\/ -->\n<title>Procon Vit\u00f3ria aponta alta no custo dos itens de primeira necessidade e refor\u00e7a pesquisa - Encontra Vit\u00f3ria<\/title>\n<meta name=\"robots\" content=\"index, follow, max-snippet:-1, max-image-preview:large, max-video-preview:-1\" \/>\n<link rel=\"canonical\" href=\"https:\/\/www.encontravitoria.com.br\/sobre\/procon-vitoria-aponta-alta-no-custo-dos-itens-de-primeira-necessidade-e-reforca-pesquisa\/\" \/>\n<meta property=\"og:locale\" content=\"pt_BR\" \/>\n<meta property=\"og:type\" content=\"article\" \/>\n<meta property=\"og:title\" content=\"Procon Vit\u00f3ria aponta alta no custo dos itens de primeira necessidade e refor\u00e7a pesquisa - Encontra Vit\u00f3ria\" \/>\n<meta property=\"og:description\" content=\"Procon Vit\u00f3ria revela alta significativa no custo dos itens de primeira necessidade.\" \/>\n<meta property=\"og:url\" content=\"https:\/\/www.encontravitoria.com.br\/sobre\/procon-vitoria-aponta-alta-no-custo-dos-itens-de-primeira-necessidade-e-reforca-pesquisa\/\" \/>\n<meta property=\"og:site_name\" content=\"Encontra Vit\u00f3ria\" \/>\n<meta property=\"article:published_time\" content=\"2026-08-07T07:31:11+00:00\" \/>\n<meta property=\"og:image\" content=\"https:\/\/www.encontravitoria.com.br\/sobre\/wp-content\/uploads\/2026\/08\/procon-vitoria-aponta-alta-no-custo-dos-itens-de-primeira-necessidade-e-reforca-pesquisa.webp\" \/>\n<meta name=\"author\" content=\"Encontra Vit\u00f3ria\" \/>\n<meta name=\"twitter:card\" content=\"summary_large_image\" \/>\n<meta name=\"twitter:label1\" content=\"Escrito por\" \/>\n\t<meta name=\"twitter:data1\" content=\"Encontra Vit\u00f3ria\" \/>\n\t<meta name=\"twitter:label2\" content=\"Est. tempo de leitura\" \/>\n\t<meta name=\"twitter:data2\" content=\"3 minutos\" \/>\n<script type=\"application\/ld+json\" class=\"yoast-schema-graph\">{\"@context\":\"https:\\\/\\\/schema.org\",\"@graph\":[{\"@type\":\"Article\",\"@id\":\"https:\\\/\\\/www.encontravitoria.com.br\\\/sobre\\\/procon-vitoria-aponta-alta-no-custo-dos-itens-de-primeira-necessidade-e-reforca-pesquisa\\\/#article\",\"isPartOf\":{\"@id\":\"https:\\\/\\\/www.encontravitoria.com.br\\\/sobre\\\/procon-vitoria-aponta-alta-no-custo-dos-itens-de-primeira-necessidade-e-reforca-pesquisa\\\/\"},\"author\":{\"name\":\"Encontra Vit\u00f3ria\",\"@id\":\"https:\\\/\\\/www.encontravitoria.com.br\\\/sobre\\\/#\\\/schema\\\/person\\\/0f8e5bcc88fbadf1bad57afd504f48a2\"},\"headline\":\"Procon Vit\u00f3ria aponta alta no custo dos itens de primeira necessidade e refor\u00e7a pesquisa\",\"datePublished\":\"2026-08-07T07:31:11+00:00\",\"mainEntityOfPage\":{\"@id\":\"https:\\\/\\\/www.encontravitoria.com.br\\\/sobre\\\/procon-vitoria-aponta-alta-no-custo-dos-itens-de-primeira-necessidade-e-reforca-pesquisa\\\/\"},\"wordCount\":681,\"commentCount\":0,\"image\":{\"@id\":\"https:\\\/\\\/www.encontravitoria.com.br\\\/sobre\\\/procon-vitoria-aponta-alta-no-custo-dos-itens-de-primeira-necessidade-e-reforca-pesquisa\\\/#primaryimage\"},\"thumbnailUrl\":\"https:\\\/\\\/www.encontravitoria.com.br\\\/sobre\\\/wp-content\\\/uploads\\\/2026\\\/08\\\/procon-vitoria-aponta-alta-no-custo-dos-itens-de-primeira-necessidade-e-reforca-pesquisa.webp\",\"articleSection\":[\"Not\u00edcias Vit\u00f3ria\"],\"inLanguage\":\"pt-BR\",\"potentialAction\":[{\"@type\":\"CommentAction\",\"name\":\"Comment\",\"target\":[\"https:\\\/\\\/www.encontravitoria.com.br\\\/sobre\\\/procon-vitoria-aponta-alta-no-custo-dos-itens-de-primeira-necessidade-e-reforca-pesquisa\\\/#respond\"]}]},{\"@type\":\"WebPage\",\"@id\":\"https:\\\/\\\/www.encontravitoria.com.br\\\/sobre\\\/procon-vitoria-aponta-alta-no-custo-dos-itens-de-primeira-necessidade-e-reforca-pesquisa\\\/\",\"url\":\"https:\\\/\\\/www.encontravitoria.com.br\\\/sobre\\\/procon-vitoria-aponta-alta-no-custo-dos-itens-de-primeira-necessidade-e-reforca-pesquisa\\\/\",\"name\":\"Procon Vit\u00f3ria aponta alta no custo dos itens de primeira necessidade e refor\u00e7a pesquisa - Encontra Vit\u00f3ria\",\"isPartOf\":{\"@id\":\"https:\\\/\\\/www.encontravitoria.com.br\\\/sobre\\\/#website\"},\"primaryImageOfPage\":{\"@id\":\"https:\\\/\\\/www.encontravitoria.com.br\\\/sobre\\\/procon-vitoria-aponta-alta-no-custo-dos-itens-de-primeira-necessidade-e-reforca-pesquisa\\\/#primaryimage\"},\"image\":{\"@id\":\"https:\\\/\\\/www.encontravitoria.com.br\\\/sobre\\\/procon-vitoria-aponta-alta-no-custo-dos-itens-de-primeira-necessidade-e-reforca-pesquisa\\\/#primaryimage\"},\"thumbnailUrl\":\"https:\\\/\\\/www.encontravitoria.com.br\\\/sobre\\\/wp-content\\\/uploads\\\/2026\\\/08\\\/procon-vitoria-aponta-alta-no-custo-dos-itens-de-primeira-necessidade-e-reforca-pesquisa.webp\",\"datePublished\":\"2026-08-07T07:31:11+00:00\",\"author\":{\"@id\":\"https:\\\/\\\/www.encontravitoria.com.br\\\/sobre\\\/#\\\/schema\\\/person\\\/0f8e5bcc88fbadf1bad57afd504f48a2\"},\"breadcrumb\":{\"@id\":\"https:\\\/\\\/www.encontravitoria.com.br\\\/sobre\\\/procon-vitoria-aponta-alta-no-custo-dos-itens-de-primeira-necessidade-e-reforca-pesquisa\\\/#breadcrumb\"},\"inLanguage\":\"pt-BR\",\"potentialAction\":[{\"@type\":\"ReadAction\",\"target\":[\"https:\\\/\\\/www.encontravitoria.com.br\\\/sobre\\\/procon-vitoria-aponta-alta-no-custo-dos-itens-de-primeira-necessidade-e-reforca-pesquisa\\\/\"]}]},{\"@type\":\"ImageObject\",\"inLanguage\":\"pt-BR\",\"@id\":\"https:\\\/\\\/www.encontravitoria.com.br\\\/sobre\\\/procon-vitoria-aponta-alta-no-custo-dos-itens-de-primeira-necessidade-e-reforca-pesquisa\\\/#primaryimage\",\"url\":\"https:\\\/\\\/www.encontravitoria.com.br\\\/sobre\\\/wp-content\\\/uploads\\\/2026\\\/08\\\/procon-vitoria-aponta-alta-no-custo-dos-itens-de-primeira-necessidade-e-reforca-pesquisa.webp\",\"contentUrl\":\"https:\\\/\\\/www.encontravitoria.com.br\\\/sobre\\\/wp-content\\\/uploads\\\/2026\\\/08\\\/procon-vitoria-aponta-alta-no-custo-dos-itens-de-primeira-necessidade-e-reforca-pesquisa.webp\",\"width\":280,\"height\":280,\"caption\":\"custo dos itens de primeira necessidade\"},{\"@type\":\"BreadcrumbList\",\"@id\":\"https:\\\/\\\/www.encontravitoria.com.br\\\/sobre\\\/procon-vitoria-aponta-alta-no-custo-dos-itens-de-primeira-necessidade-e-reforca-pesquisa\\\/#breadcrumb\",\"itemListElement\":[{\"@type\":\"ListItem\",\"position\":1,\"name\":\"In\u00edcio\",\"item\":\"https:\\\/\\\/www.encontravitoria.com.br\\\/sobre\\\/\"},{\"@type\":\"ListItem\",\"position\":2,\"name\":\"Procon Vit\u00f3ria aponta alta no custo dos itens de primeira necessidade e refor\u00e7a pesquisa\"}]},{\"@type\":\"WebSite\",\"@id\":\"https:\\\/\\\/www.encontravitoria.com.br\\\/sobre\\\/#website\",\"url\":\"https:\\\/\\\/www.encontravitoria.com.br\\\/sobre\\\/\",\"name\":\"Encontra Vit\u00f3ria\",\"description\":\"Not\u00edcias, eventos, informa\u00e7\u00f5es e dicas na cidade Vit\u00f3ria e regi\u00e3o.\",\"potentialAction\":[{\"@type\":\"SearchAction\",\"target\":{\"@type\":\"EntryPoint\",\"urlTemplate\":\"https:\\\/\\\/www.encontravitoria.com.br\\\/sobre\\\/?s={search_term_string}\"},\"query-input\":{\"@type\":\"PropertyValueSpecification\",\"valueRequired\":true,\"valueName\":\"search_term_string\"}}],\"inLanguage\":\"pt-BR\"},{\"@type\":\"Person\",\"@id\":\"https:\\\/\\\/www.encontravitoria.com.br\\\/sobre\\\/#\\\/schema\\\/person\\\/0f8e5bcc88fbadf1bad57afd504f48a2\",\"name\":\"Encontra Vit\u00f3ria\",\"image\":{\"@type\":\"ImageObject\",\"inLanguage\":\"pt-BR\",\"@id\":\"https:\\\/\\\/secure.gravatar.com\\\/avatar\\\/507340682b8270222e1f208e23198b6ae7e2c6a1033ae84e99bc6bce4f82a387?s=96&d=mm&r=g\",\"url\":\"https:\\\/\\\/secure.gravatar.com\\\/avatar\\\/507340682b8270222e1f208e23198b6ae7e2c6a1033ae84e99bc6bce4f82a387?s=96&d=mm&r=g\",\"contentUrl\":\"https:\\\/\\\/secure.gravatar.com\\\/avatar\\\/507340682b8270222e1f208e23198b6ae7e2c6a1033ae84e99bc6bce4f82a387?s=96&d=mm&r=g\",\"caption\":\"Encontra Vit\u00f3ria\"},\"sameAs\":[\"http:\\\/\\\/www.encontravitoria.com.br\"],\"url\":\"https:\\\/\\\/www.encontravitoria.com.br\\\/sobre\\\/author\\\/evitoria\\\/\"}]}<\/script>\n<!-- \/ Yoast SEO plugin. -->","yoast_head_json":{"title":"Procon Vit\u00f3ria aponta alta no custo dos itens de primeira necessidade e refor\u00e7a pesquisa - Encontra Vit\u00f3ria","robots":{"index":"index","follow":"follow","max-snippet":"max-snippet:-1","max-image-preview":"max-image-preview:large","max-video-preview":"max-video-preview:-1"},"canonical":"https:\/\/www.encontravitoria.com.br\/sobre\/procon-vitoria-aponta-alta-no-custo-dos-itens-de-primeira-necessidade-e-reforca-pesquisa\/","og_locale":"pt_BR","og_type":"article","og_title":"Procon Vit\u00f3ria aponta alta no custo dos itens de primeira necessidade e refor\u00e7a pesquisa - Encontra Vit\u00f3ria","og_description":"Procon Vit\u00f3ria revela alta significativa no custo dos itens de primeira necessidade.","og_url":"https:\/\/www.encontravitoria.com.br\/sobre\/procon-vitoria-aponta-alta-no-custo-dos-itens-de-primeira-necessidade-e-reforca-pesquisa\/","og_site_name":"Encontra Vit\u00f3ria","article_published_time":"2026-08-07T07:31:11+00:00","og_image":[{"url":"https:\/\/www.encontravitoria.com.br\/sobre\/wp-content\/uploads\/2026\/08\/procon-vitoria-aponta-alta-no-custo-dos-itens-de-primeira-necessidade-e-reforca-pesquisa.webp","type":"","width":"","height":""}],"author":"Encontra Vit\u00f3ria","twitter_card":"summary_large_image","twitter_misc":{"Escrito por":"Encontra Vit\u00f3ria","Est. tempo de leitura":"3 minutos"},"schema":{"@context":"https:\/\/schema.org","@graph":[{"@type":"Article","@id":"https:\/\/www.encontravitoria.com.br\/sobre\/procon-vitoria-aponta-alta-no-custo-dos-itens-de-primeira-necessidade-e-reforca-pesquisa\/#article","isPartOf":{"@id":"https:\/\/www.encontravitoria.com.br\/sobre\/procon-vitoria-aponta-alta-no-custo-dos-itens-de-primeira-necessidade-e-reforca-pesquisa\/"},"author":{"name":"Encontra Vit\u00f3ria","@id":"https:\/\/www.encontravitoria.com.br\/sobre\/#\/schema\/person\/0f8e5bcc88fbadf1bad57afd504f48a2"},"headline":"Procon Vit\u00f3ria aponta alta no custo dos itens de primeira necessidade e refor\u00e7a pesquisa","datePublished":"2026-08-07T07:31:11+00:00","mainEntityOfPage":{"@id":"https:\/\/www.encontravitoria.com.br\/sobre\/procon-vitoria-aponta-alta-no-custo-dos-itens-de-primeira-necessidade-e-reforca-pesquisa\/"},"wordCount":681,"commentCount":0,"image":{"@id":"https:\/\/www.encontravitoria.com.br\/sobre\/procon-vitoria-aponta-alta-no-custo-dos-itens-de-primeira-necessidade-e-reforca-pesquisa\/#primaryimage"},"thumbnailUrl":"https:\/\/www.encontravitoria.com.br\/sobre\/wp-content\/uploads\/2026\/08\/procon-vitoria-aponta-alta-no-custo-dos-itens-de-primeira-necessidade-e-reforca-pesquisa.webp","articleSection":["Not\u00edcias Vit\u00f3ria"],"inLanguage":"pt-BR","potentialAction":[{"@type":"CommentAction","name":"Comment","target":["https:\/\/www.encontravitoria.com.br\/sobre\/procon-vitoria-aponta-alta-no-custo-dos-itens-de-primeira-necessidade-e-reforca-pesquisa\/#respond"]}]},{"@type":"WebPage","@id":"https:\/\/www.encontravitoria.com.br\/sobre\/procon-vitoria-aponta-alta-no-custo-dos-itens-de-primeira-necessidade-e-reforca-pesquisa\/","url":"https:\/\/www.encontravitoria.com.br\/sobre\/procon-vitoria-aponta-alta-no-custo-dos-itens-de-primeira-necessidade-e-reforca-pesquisa\/","name":"Procon Vit\u00f3ria aponta alta no custo dos itens de primeira necessidade e refor\u00e7a pesquisa - Encontra Vit\u00f3ria","isPartOf":{"@id":"https:\/\/www.encontravitoria.com.br\/sobre\/#website"},"primaryImageOfPage":{"@id":"https:\/\/www.encontravitoria.com.br\/sobre\/procon-vitoria-aponta-alta-no-custo-dos-itens-de-primeira-necessidade-e-reforca-pesquisa\/#primaryimage"},"image":{"@id":"https:\/\/www.encontravitoria.com.br\/sobre\/procon-vitoria-aponta-alta-no-custo-dos-itens-de-primeira-necessidade-e-reforca-pesquisa\/#primaryimage"},"thumbnailUrl":"https:\/\/www.encontravitoria.com.br\/sobre\/wp-content\/uploads\/2026\/08\/procon-vitoria-aponta-alta-no-custo-dos-itens-de-primeira-necessidade-e-reforca-pesquisa.webp","datePublished":"2026-08-07T07:31:11+00:00","author":{"@id":"https:\/\/www.encontravitoria.com.br\/sobre\/#\/schema\/person\/0f8e5bcc88fbadf1bad57afd504f48a2"},"breadcrumb":{"@id":"https:\/\/www.encontravitoria.com.br\/sobre\/procon-vitoria-aponta-alta-no-custo-dos-itens-de-primeira-necessidade-e-reforca-pesquisa\/#breadcrumb"},"inLanguage":"pt-BR","potentialAction":[{"@type":"ReadAction","target":["https:\/\/www.encontravitoria.com.br\/sobre\/procon-vitoria-aponta-alta-no-custo-dos-itens-de-primeira-necessidade-e-reforca-pesquisa\/"]}]},{"@type":"ImageObject","inLanguage":"pt-BR","@id":"https:\/\/www.encontravitoria.com.br\/sobre\/procon-vitoria-aponta-alta-no-custo-dos-itens-de-primeira-necessidade-e-reforca-pesquisa\/#primaryimage","url":"https:\/\/www.encontravitoria.com.br\/sobre\/wp-content\/uploads\/2026\/08\/procon-vitoria-aponta-alta-no-custo-dos-itens-de-primeira-necessidade-e-reforca-pesquisa.webp","contentUrl":"https:\/\/www.encontravitoria.com.br\/sobre\/wp-content\/uploads\/2026\/08\/procon-vitoria-aponta-alta-no-custo-dos-itens-de-primeira-necessidade-e-reforca-pesquisa.webp","width":280,"height":280,"caption":"custo dos itens de primeira necessidade"},{"@type":"BreadcrumbList","@id":"https:\/\/www.encontravitoria.com.br\/sobre\/procon-vitoria-aponta-alta-no-custo-dos-itens-de-primeira-necessidade-e-reforca-pesquisa\/#breadcrumb","itemListElement":[{"@type":"ListItem","position":1,"name":"In\u00edcio","item":"https:\/\/www.encontravitoria.com.br\/sobre\/"},{"@type":"ListItem","position":2,"name":"Procon Vit\u00f3ria aponta alta no custo dos itens de primeira necessidade e refor\u00e7a pesquisa"}]},{"@type":"WebSite","@id":"https:\/\/www.encontravitoria.com.br\/sobre\/#website","url":"https:\/\/www.encontravitoria.com.br\/sobre\/","name":"Encontra Vit\u00f3ria","description":"Not\u00edcias, eventos, informa\u00e7\u00f5es e dicas na cidade Vit\u00f3ria e regi\u00e3o.","potentialAction":[{"@type":"SearchAction","target":{"@type":"EntryPoint","urlTemplate":"https:\/\/www.encontravitoria.com.br\/sobre\/?s={search_term_string}"},"query-input":{"@type":"PropertyValueSpecification","valueRequired":true,"valueName":"search_term_string"}}],"inLanguage":"pt-BR"},{"@type":"Person","@id":"https:\/\/www.encontravitoria.com.br\/sobre\/#\/schema\/person\/0f8e5bcc88fbadf1bad57afd504f48a2","name":"Encontra Vit\u00f3ria","image":{"@type":"ImageObject","inLanguage":"pt-BR","@id":"https:\/\/secure.gravatar.com\/avatar\/507340682b8270222e1f208e23198b6ae7e2c6a1033ae84e99bc6bce4f82a387?s=96&d=mm&r=g","url":"https:\/\/secure.gravatar.com\/avatar\/507340682b8270222e1f208e23198b6ae7e2c6a1033ae84e99bc6bce4f82a387?s=96&d=mm&r=g","contentUrl":"https:\/\/secure.gravatar.com\/avatar\/507340682b8270222e1f208e23198b6ae7e2c6a1033ae84e99bc6bce4f82a387?s=96&d=mm&r=g","caption":"Encontra Vit\u00f3ria"},"sameAs":["http:\/\/www.encontravitoria.com.br"],"url":"https:\/\/www.encontravitoria.com.br\/sobre\/author\/evitoria\/"}]}},"_links":{"self":[{"href":"https:\/\/www.encontravitoria.com.br\/sobre\/wp-json\/wp\/v2\/posts\/2101","targetHints":{"allow":["GET"]}}],"collection":[{"href":"https:\/\/www.encontravitoria.com.br\/sobre\/wp-json\/wp\/v2\/posts"}],"about":[{"href":"https:\/\/www.encontravitoria.com.br\/sobre\/wp-json\/wp\/v2\/types\/post"}],"author":[{"embeddable":true,"href":"https:\/\/www.encontravitoria.com.br\/sobre\/wp-json\/wp\/v2\/users\/1"}],"replies":[{"embeddable":true,"href":"https:\/\/www.encontravitoria.com.br\/sobre\/wp-json\/wp\/v2\/comments?post=2101"}],"version-history":[{"count":0,"href":"https:\/\/www.encontravitoria.com.br\/sobre\/wp-json\/wp\/v2\/posts\/2101\/revisions"}],"wp:featuredmedia":[{"embeddable":true,"href":"https:\/\/www.encontravitoria.com.br\/sobre\/wp-json\/wp\/v2\/media\/2100"}],"wp:attachment":[{"href":"https:\/\/www.encontravitoria.com.br\/sobre\/wp-json\/wp\/v2\/media?parent=2101"}],"wp:term":[{"taxonomy":"category","embeddable":true,"href":"https:\/\/www.encontravitoria.com.br\/sobre\/wp-json\/wp\/v2\/categories?post=2101"},{"taxonomy":"post_tag","embeddable":true,"href":"https:\/\/www.encontravitoria.com.br\/sobre\/wp-json\/wp\/v2\/tags?post=2101"}],"curies":[{"name":"wp","href":"https:\/\/api.w.org\/{rel}","templated":true}]}}