{"id":2113,"date":"2026-08-09T07:03:43","date_gmt":"2026-08-09T07:03:43","guid":{"rendered":"https:\/\/www.encontravitoria.com.br\/sobre\/prefeitura-abre-leilao-eletronico-de-veiculos-inserviveis-com-lances-a-partir-de-r-15-mil\/"},"modified":"2026-08-09T07:03:43","modified_gmt":"2026-08-09T07:03:43","slug":"prefeitura-abre-leilao-eletronico-de-veiculos-inserviveis-com-lances-a-partir-de-r-15-mil","status":"publish","type":"post","link":"https:\/\/www.encontravitoria.com.br\/sobre\/prefeitura-abre-leilao-eletronico-de-veiculos-inserviveis-com-lances-a-partir-de-r-15-mil\/","title":{"rendered":"Prefeitura abre leil\u00e3o eletr\u00f4nico de ve\u00edculos inserv\u00edveis com lances a partir de R$ 1,5 mil"},"content":{"rendered":"<div class=\"23ed37709e053b55400ee1990aeffe41\" data-index=\"1\" style=\"float: none; margin:0px;\">\n<!-- Anuncio display - global -->\r\n<ins class=\"adsbygoogle\"\r\n     style=\"display:block\"\r\n     data-ad-client=\"ca-pub-8585364105181520\"\r\n     data-ad-slot=\"8789329856\"\r\n     data-ad-format=\"auto\"\r\n     data-full-width-responsive=\"true\"><\/ins>\r\n<script>\r\n     (adsbygoogle = window.adsbygoogle || []).push({});\r\n<\/script>\n<\/div>\n<h2>O que \u00e9 o Leil\u00e3o de Ve\u00edculos Inserv\u00edveis?<\/h2>\n<p>O Leil\u00e3o de Ve\u00edculos Inserv\u00edveis \u00e9 uma iniciativa da Prefeitura de Vit\u00f3ria que visa a venda de ve\u00edculos que n\u00e3o t\u00eam mais condi\u00e7\u00f5es de utiliza\u00e7\u00e3o, seja por desgaste, falta de manuten\u00e7\u00e3o ou por serem considerados recuper\u00e1veis apenas com custo alto. Este tipo de leil\u00e3o proporciona uma alternativa para reduzir despesas com a manuten\u00e7\u00e3o de bens p\u00fablicos que n\u00e3o s\u00e3o mais vi\u00e1veis economicamente, ao mesmo tempo que facilita a aquisi\u00e7\u00e3o de ve\u00edculos para compra por pessoas e empresas.<\/p>\n<h2>Como Participar do Leil\u00e3o?<\/h2>\n<p>A participa\u00e7\u00e3o no leil\u00e3o \u00e9 aberta a todos os interessados, tanto pessoas f\u00edsicas quanto jur\u00eddicas, desde que estejam em conformidade com as exig\u00eancias estabelecidas no edital. Para participar, \u00e9 necess\u00e1rio efetuar o cadastro no site do leil\u00e3o e seguir os procedimentos indicados. O registro deve ser feito com anteced\u00eancia, garantindo que todos os interessados tenham a chance de visualizar e escolher os lotes que desejam adquirir.<\/p>\n<h2>Prazos para Envio de Lances<\/h2>\n<p>Os lances podem ser feitos at\u00e9 a data final do leil\u00e3o, que, conforme o edital, \u00e9 estipulada para o dia 25 de agosto, \u00e0s 13 horas. \u00c9 essencial que os participantes enviem seus lances dentro desse prazo para garantir a validade de suas propostas. Al\u00e9m disso, a anteced\u00eancia na apresenta\u00e7\u00e3o dos lances pode ser vantajosa, uma vez que permite que os participantes estejam atentos a poss\u00edveis altera\u00e7\u00f5es e lances concorrentes que podem surgir.<\/p>\n<p><img decoding=\"async\" src=\"https:\/\/www.encontravitoria.com.br\/sobre\/wp-content\/uploads\/2026\/08\/prefeitura-abre-leilao-eletronico-de-veiculos-inserviveis-com-lances-a-partir-de-r-1-5-mil.webp\" alt=\"leil\u00e3o eletr\u00f4nico de ve\u00edculos inserv\u00edveis\" loading=\"lazy\" \/><\/p>\n<h2>Visita\u00e7\u00e3o aos Ve\u00edculos<\/h2>\n<p>Os ve\u00edculos que estar\u00e3o dispon\u00edveis no leil\u00e3o podem ser vistoriados entre os dias 4 e 24 de agosto, em hor\u00e1rio comercial das 8 \u00e0s 16 horas. Para isso, \u00e9 necess\u00e1rio agendar a visita com pelo menos 24 horas de anteced\u00eancia, ligando para o n\u00famero disponibilizado. A vistoria \u00e9 de extrema import\u00e2ncia, pois os ve\u00edculos s\u00e3o vendidos nas condi\u00e7\u00f5es em que se encontram, e eventuais queixas sobre seu estado ap\u00f3s a compra n\u00e3o ser\u00e3o aceitas.<\/p>\n<h2>Lotes Dispon\u00edveis no Leil\u00e3o<\/h2>\n<p>Estar\u00e3o dispon\u00edveis um total de 34 lotes de ve\u00edculos, que ser\u00e3o vendidos conforme o estado de conserva\u00e7\u00e3o em que se encontram. Os pre\u00e7os para os lances iniciais variam entre R$ 1,5 mil e R$ 28 mil, possibilitando a compra para diferentes faixas de or\u00e7amento. O leil\u00e3o ser\u00e1 realizado somente na modalidade eletr\u00f4nica, atrav\u00e9s da plataforma designated, visando maior agilidade e simplicidade para todos os participantes.<\/p>\n<h2>Crit\u00e9rios de Aceita\u00e7\u00e3o dos Lances<\/h2>\n<p>Os lances s\u00e3o acolhidos com base no crit\u00e9rio do maior valor por lote. Assim, os interessados devem estar atentos para fazer ofertas que n\u00e3o apenas sejam competitivas, mas que tamb\u00e9m reflitam o valor que julgam justo para os ve\u00edculos em quest\u00e3o. A aceita\u00e7\u00e3o dos lances estar\u00e1 sujeita \u00e0s regras definidas previamente no edital, garantindo transpar\u00eancia e justi\u00e7a no processo.<\/p>\n<h2>Documenta\u00e7\u00e3o Necess\u00e1ria para Participa\u00e7\u00e3o<\/h2>\n<p>Para participar do leil\u00e3o, os interessados devem estar regularizados junto \u00e0 Receita Federal e ter seus cadastros atualizados. Os documentos exigidos variam conforme o tipo de participante &#8211; pessoas f\u00edsicas e jur\u00eddicas. \u00c9 fundamental que todos os documentos estejam em ordem e que o cadastro no portal do leil\u00e3o seja feito ao menos 48 horas antes do in\u00edcio do leil\u00e3o.<\/p>\n<h2>Import\u00e2ncia da Gest\u00e3o de Bens Inserv\u00edveis<\/h2>\n<p>A gest\u00e3o eficiente de bens inserv\u00edveis \u00e9 crucial para a administra\u00e7\u00e3o p\u00fablica, pois permite que a Prefeitura optimize seus recursos e reduza custos desnecess\u00e1rios. A venda destes ve\u00edculos n\u00e3o apenas libera espa\u00e7o em garagens e reduz custos de manuten\u00e7\u00e3o, mas tamb\u00e9m proporciona \u00e0 sociedade a oportunidade de adquirir ve\u00edculos a pre\u00e7os acess\u00edveis, que ainda podem servir bem em novas fun\u00e7\u00f5es e para novos propriet\u00e1rios.<\/p>\n<h2>Localiza\u00e7\u00e3o do Galp\u00e3o para Vistoria<\/h2>\n<p>Os interessados em ter acesso aos ve\u00edculos para inspe\u00e7\u00e3o devem se dirigir ao Galp\u00e3o de Inserv\u00edveis da Secretaria de Gest\u00e3o e Planejamento (Seges), situado na Avenida Jo\u00e3o Pal\u00e1cios, n\u00ba 503, no bairro Eurico Salles, na Serra. \u00c9 importante observar a localiza\u00e7\u00e3o estrat\u00e9gica, garantindo que todos tenham f\u00e1cil acesso ao local para a vistoria pr\u00e9-lance.<\/p>\n<h2>Dicas para os Licitantes<\/h2>\n<p>Para otimizar suas chances de sucesso na aquisi\u00e7\u00e3o de um ve\u00edculo durante o leil\u00e3o, considere as dicas a seguir:<\/p>\n<ul>\n<li><strong>Fa\u00e7a uma Vistoria Cuidadosa:<\/strong> Verifique o estado do ve\u00edculo em detalhe durante a visita\u00e7\u00e3o.<\/li>\n<li><strong>Pesquise o Valor de Mercado:<\/strong> Conhe\u00e7a o valor de mercado dos ve\u00edculos semelhantes, para fazer uma proposta competitiva.<\/li>\n<li><strong>Discri\u00e7\u00e3o nas Ofertas:<\/strong> Fa\u00e7a lances que voc\u00ea est\u00e1 disposto a pagar, sem se deixar levar pela tens\u00e3o do momento.<\/li>\n<li><strong>Curta a Dura\u00e7\u00e3o do Leil\u00e3o:<\/strong> Acompanhe o leil\u00e3o at\u00e9 o final, n\u00e3o perca a chance ap\u00f3s enviar a oferta inicial.<\/li>\n<li><strong>Verifique a Documenta\u00e7\u00e3o:<\/strong> Antes de finalizar a compra, tenha certeza de que toda a documenta\u00e7\u00e3o do ve\u00edculo e do processo est\u00e1 correta.<\/li>\n<\/ul>\n\n<div style=\"font-size: 0px; height: 0px; line-height: 0px; margin: 0; padding: 0; clear: both;\"><\/div>","protected":false},"excerpt":{"rendered":"<p>Leil\u00e3o de ve\u00edculos inserv\u00edveis da Prefeitura com lances a partir de R$ 1,5 mil j\u00e1 est\u00e1 aberto.<\/p>\n","protected":false},"author":1,"featured_media":2112,"comment_status":"open","ping_status":"closed","sticky":false,"template":"","format":"standard","meta":{"footnotes":""},"categories":[23],"tags":[],"class_list":["post-2113","post","type-post","status-publish","format-standard","has-post-thumbnail","hentry","category-veiculos-em-vitoria","has_thumb"],"yoast_head":"<!-- This site is optimized with the Yoast SEO plugin v28.2 - https:\/\/yoast.com\/product\/yoast-seo-wordpress\/ -->\n<title>Prefeitura abre leil\u00e3o eletr\u00f4nico de ve\u00edculos inserv\u00edveis com lances a partir de R$ 1,5 mil - Encontra Vit\u00f3ria<\/title>\n<meta name=\"robots\" content=\"index, follow, max-snippet:-1, max-image-preview:large, max-video-preview:-1\" \/>\n<link rel=\"canonical\" href=\"https:\/\/www.encontravitoria.com.br\/sobre\/prefeitura-abre-leilao-eletronico-de-veiculos-inserviveis-com-lances-a-partir-de-r-15-mil\/\" \/>\n<meta property=\"og:locale\" content=\"pt_BR\" \/>\n<meta property=\"og:type\" content=\"article\" \/>\n<meta property=\"og:title\" content=\"Prefeitura abre leil\u00e3o eletr\u00f4nico de ve\u00edculos inserv\u00edveis com lances a partir de R$ 1,5 mil - Encontra Vit\u00f3ria\" \/>\n<meta property=\"og:description\" content=\"Leil\u00e3o de ve\u00edculos inserv\u00edveis da Prefeitura com lances a partir de R$ 1,5 mil j\u00e1 est\u00e1 aberto.\" \/>\n<meta property=\"og:url\" content=\"https:\/\/www.encontravitoria.com.br\/sobre\/prefeitura-abre-leilao-eletronico-de-veiculos-inserviveis-com-lances-a-partir-de-r-15-mil\/\" \/>\n<meta property=\"og:site_name\" content=\"Encontra Vit\u00f3ria\" \/>\n<meta property=\"article:published_time\" content=\"2026-08-09T07:03:43+00:00\" \/>\n<meta property=\"og:image\" content=\"https:\/\/www.encontravitoria.com.br\/sobre\/wp-content\/uploads\/2026\/08\/prefeitura-abre-leilao-eletronico-de-veiculos-inserviveis-com-lances-a-partir-de-r-1-5-mil.webp\" \/>\n<meta name=\"author\" content=\"Encontra Vit\u00f3ria\" \/>\n<meta name=\"twitter:card\" content=\"summary_large_image\" \/>\n<meta name=\"twitter:label1\" content=\"Escrito por\" \/>\n\t<meta name=\"twitter:data1\" content=\"Encontra Vit\u00f3ria\" \/>\n\t<meta name=\"twitter:label2\" content=\"Est. tempo de leitura\" \/>\n\t<meta name=\"twitter:data2\" content=\"4 minutos\" \/>\n<script type=\"application\/ld+json\" class=\"yoast-schema-graph\">{\"@context\":\"https:\\\/\\\/schema.org\",\"@graph\":[{\"@type\":\"Article\",\"@id\":\"https:\\\/\\\/www.encontravitoria.com.br\\\/sobre\\\/prefeitura-abre-leilao-eletronico-de-veiculos-inserviveis-com-lances-a-partir-de-r-15-mil\\\/#article\",\"isPartOf\":{\"@id\":\"https:\\\/\\\/www.encontravitoria.com.br\\\/sobre\\\/prefeitura-abre-leilao-eletronico-de-veiculos-inserviveis-com-lances-a-partir-de-r-15-mil\\\/\"},\"author\":{\"name\":\"Encontra Vit\u00f3ria\",\"@id\":\"https:\\\/\\\/www.encontravitoria.com.br\\\/sobre\\\/#\\\/schema\\\/person\\\/0f8e5bcc88fbadf1bad57afd504f48a2\"},\"headline\":\"Prefeitura abre leil\u00e3o eletr\u00f4nico de ve\u00edculos inserv\u00edveis com lances a partir de R$ 1,5 mil\",\"datePublished\":\"2026-08-09T07:03:43+00:00\",\"mainEntityOfPage\":{\"@id\":\"https:\\\/\\\/www.encontravitoria.com.br\\\/sobre\\\/prefeitura-abre-leilao-eletronico-de-veiculos-inserviveis-com-lances-a-partir-de-r-15-mil\\\/\"},\"wordCount\":881,\"commentCount\":0,\"image\":{\"@id\":\"https:\\\/\\\/www.encontravitoria.com.br\\\/sobre\\\/prefeitura-abre-leilao-eletronico-de-veiculos-inserviveis-com-lances-a-partir-de-r-15-mil\\\/#primaryimage\"},\"thumbnailUrl\":\"https:\\\/\\\/www.encontravitoria.com.br\\\/sobre\\\/wp-content\\\/uploads\\\/2026\\\/08\\\/prefeitura-abre-leilao-eletronico-de-veiculos-inserviveis-com-lances-a-partir-de-r-1-5-mil.webp\",\"articleSection\":[\"Ve\u00edculos Vit\u00f3ria\"],\"inLanguage\":\"pt-BR\",\"potentialAction\":[{\"@type\":\"CommentAction\",\"name\":\"Comment\",\"target\":[\"https:\\\/\\\/www.encontravitoria.com.br\\\/sobre\\\/prefeitura-abre-leilao-eletronico-de-veiculos-inserviveis-com-lances-a-partir-de-r-15-mil\\\/#respond\"]}]},{\"@type\":\"WebPage\",\"@id\":\"https:\\\/\\\/www.encontravitoria.com.br\\\/sobre\\\/prefeitura-abre-leilao-eletronico-de-veiculos-inserviveis-com-lances-a-partir-de-r-15-mil\\\/\",\"url\":\"https:\\\/\\\/www.encontravitoria.com.br\\\/sobre\\\/prefeitura-abre-leilao-eletronico-de-veiculos-inserviveis-com-lances-a-partir-de-r-15-mil\\\/\",\"name\":\"Prefeitura abre leil\u00e3o eletr\u00f4nico de ve\u00edculos inserv\u00edveis com lances a partir de R$ 1,5 mil - Encontra Vit\u00f3ria\",\"isPartOf\":{\"@id\":\"https:\\\/\\\/www.encontravitoria.com.br\\\/sobre\\\/#website\"},\"primaryImageOfPage\":{\"@id\":\"https:\\\/\\\/www.encontravitoria.com.br\\\/sobre\\\/prefeitura-abre-leilao-eletronico-de-veiculos-inserviveis-com-lances-a-partir-de-r-15-mil\\\/#primaryimage\"},\"image\":{\"@id\":\"https:\\\/\\\/www.encontravitoria.com.br\\\/sobre\\\/prefeitura-abre-leilao-eletronico-de-veiculos-inserviveis-com-lances-a-partir-de-r-15-mil\\\/#primaryimage\"},\"thumbnailUrl\":\"https:\\\/\\\/www.encontravitoria.com.br\\\/sobre\\\/wp-content\\\/uploads\\\/2026\\\/08\\\/prefeitura-abre-leilao-eletronico-de-veiculos-inserviveis-com-lances-a-partir-de-r-1-5-mil.webp\",\"datePublished\":\"2026-08-09T07:03:43+00:00\",\"author\":{\"@id\":\"https:\\\/\\\/www.encontravitoria.com.br\\\/sobre\\\/#\\\/schema\\\/person\\\/0f8e5bcc88fbadf1bad57afd504f48a2\"},\"breadcrumb\":{\"@id\":\"https:\\\/\\\/www.encontravitoria.com.br\\\/sobre\\\/prefeitura-abre-leilao-eletronico-de-veiculos-inserviveis-com-lances-a-partir-de-r-15-mil\\\/#breadcrumb\"},\"inLanguage\":\"pt-BR\",\"potentialAction\":[{\"@type\":\"ReadAction\",\"target\":[\"https:\\\/\\\/www.encontravitoria.com.br\\\/sobre\\\/prefeitura-abre-leilao-eletronico-de-veiculos-inserviveis-com-lances-a-partir-de-r-15-mil\\\/\"]}]},{\"@type\":\"ImageObject\",\"inLanguage\":\"pt-BR\",\"@id\":\"https:\\\/\\\/www.encontravitoria.com.br\\\/sobre\\\/prefeitura-abre-leilao-eletronico-de-veiculos-inserviveis-com-lances-a-partir-de-r-15-mil\\\/#primaryimage\",\"url\":\"https:\\\/\\\/www.encontravitoria.com.br\\\/sobre\\\/wp-content\\\/uploads\\\/2026\\\/08\\\/prefeitura-abre-leilao-eletronico-de-veiculos-inserviveis-com-lances-a-partir-de-r-1-5-mil.webp\",\"contentUrl\":\"https:\\\/\\\/www.encontravitoria.com.br\\\/sobre\\\/wp-content\\\/uploads\\\/2026\\\/08\\\/prefeitura-abre-leilao-eletronico-de-veiculos-inserviveis-com-lances-a-partir-de-r-1-5-mil.webp\",\"width\":280,\"height\":280,\"caption\":\"leil\u00e3o eletr\u00f4nico de ve\u00edculos inserv\u00edveis\"},{\"@type\":\"BreadcrumbList\",\"@id\":\"https:\\\/\\\/www.encontravitoria.com.br\\\/sobre\\\/prefeitura-abre-leilao-eletronico-de-veiculos-inserviveis-com-lances-a-partir-de-r-15-mil\\\/#breadcrumb\",\"itemListElement\":[{\"@type\":\"ListItem\",\"position\":1,\"name\":\"In\u00edcio\",\"item\":\"https:\\\/\\\/www.encontravitoria.com.br\\\/sobre\\\/\"},{\"@type\":\"ListItem\",\"position\":2,\"name\":\"Prefeitura abre leil\u00e3o eletr\u00f4nico de ve\u00edculos inserv\u00edveis com lances a partir de R$ 1,5 mil\"}]},{\"@type\":\"WebSite\",\"@id\":\"https:\\\/\\\/www.encontravitoria.com.br\\\/sobre\\\/#website\",\"url\":\"https:\\\/\\\/www.encontravitoria.com.br\\\/sobre\\\/\",\"name\":\"Encontra Vit\u00f3ria\",\"description\":\"Not\u00edcias, eventos, informa\u00e7\u00f5es e dicas na cidade Vit\u00f3ria e regi\u00e3o.\",\"potentialAction\":[{\"@type\":\"SearchAction\",\"target\":{\"@type\":\"EntryPoint\",\"urlTemplate\":\"https:\\\/\\\/www.encontravitoria.com.br\\\/sobre\\\/?s={search_term_string}\"},\"query-input\":{\"@type\":\"PropertyValueSpecification\",\"valueRequired\":true,\"valueName\":\"search_term_string\"}}],\"inLanguage\":\"pt-BR\"},{\"@type\":\"Person\",\"@id\":\"https:\\\/\\\/www.encontravitoria.com.br\\\/sobre\\\/#\\\/schema\\\/person\\\/0f8e5bcc88fbadf1bad57afd504f48a2\",\"name\":\"Encontra Vit\u00f3ria\",\"image\":{\"@type\":\"ImageObject\",\"inLanguage\":\"pt-BR\",\"@id\":\"https:\\\/\\\/secure.gravatar.com\\\/avatar\\\/507340682b8270222e1f208e23198b6ae7e2c6a1033ae84e99bc6bce4f82a387?s=96&d=mm&r=g\",\"url\":\"https:\\\/\\\/secure.gravatar.com\\\/avatar\\\/507340682b8270222e1f208e23198b6ae7e2c6a1033ae84e99bc6bce4f82a387?s=96&d=mm&r=g\",\"contentUrl\":\"https:\\\/\\\/secure.gravatar.com\\\/avatar\\\/507340682b8270222e1f208e23198b6ae7e2c6a1033ae84e99bc6bce4f82a387?s=96&d=mm&r=g\",\"caption\":\"Encontra Vit\u00f3ria\"},\"sameAs\":[\"http:\\\/\\\/www.encontravitoria.com.br\"],\"url\":\"https:\\\/\\\/www.encontravitoria.com.br\\\/sobre\\\/author\\\/evitoria\\\/\"}]}<\/script>\n<!-- \/ Yoast SEO plugin. -->","yoast_head_json":{"title":"Prefeitura abre leil\u00e3o eletr\u00f4nico de ve\u00edculos inserv\u00edveis com lances a partir de R$ 1,5 mil - Encontra Vit\u00f3ria","robots":{"index":"index","follow":"follow","max-snippet":"max-snippet:-1","max-image-preview":"max-image-preview:large","max-video-preview":"max-video-preview:-1"},"canonical":"https:\/\/www.encontravitoria.com.br\/sobre\/prefeitura-abre-leilao-eletronico-de-veiculos-inserviveis-com-lances-a-partir-de-r-15-mil\/","og_locale":"pt_BR","og_type":"article","og_title":"Prefeitura abre leil\u00e3o eletr\u00f4nico de ve\u00edculos inserv\u00edveis com lances a partir de R$ 1,5 mil - Encontra Vit\u00f3ria","og_description":"Leil\u00e3o de ve\u00edculos inserv\u00edveis da Prefeitura com lances a partir de R$ 1,5 mil j\u00e1 est\u00e1 aberto.","og_url":"https:\/\/www.encontravitoria.com.br\/sobre\/prefeitura-abre-leilao-eletronico-de-veiculos-inserviveis-com-lances-a-partir-de-r-15-mil\/","og_site_name":"Encontra Vit\u00f3ria","article_published_time":"2026-08-09T07:03:43+00:00","og_image":[{"url":"https:\/\/www.encontravitoria.com.br\/sobre\/wp-content\/uploads\/2026\/08\/prefeitura-abre-leilao-eletronico-de-veiculos-inserviveis-com-lances-a-partir-de-r-1-5-mil.webp","type":"","width":"","height":""}],"author":"Encontra Vit\u00f3ria","twitter_card":"summary_large_image","twitter_misc":{"Escrito por":"Encontra Vit\u00f3ria","Est. tempo de leitura":"4 minutos"},"schema":{"@context":"https:\/\/schema.org","@graph":[{"@type":"Article","@id":"https:\/\/www.encontravitoria.com.br\/sobre\/prefeitura-abre-leilao-eletronico-de-veiculos-inserviveis-com-lances-a-partir-de-r-15-mil\/#article","isPartOf":{"@id":"https:\/\/www.encontravitoria.com.br\/sobre\/prefeitura-abre-leilao-eletronico-de-veiculos-inserviveis-com-lances-a-partir-de-r-15-mil\/"},"author":{"name":"Encontra Vit\u00f3ria","@id":"https:\/\/www.encontravitoria.com.br\/sobre\/#\/schema\/person\/0f8e5bcc88fbadf1bad57afd504f48a2"},"headline":"Prefeitura abre leil\u00e3o eletr\u00f4nico de ve\u00edculos inserv\u00edveis com lances a partir de R$ 1,5 mil","datePublished":"2026-08-09T07:03:43+00:00","mainEntityOfPage":{"@id":"https:\/\/www.encontravitoria.com.br\/sobre\/prefeitura-abre-leilao-eletronico-de-veiculos-inserviveis-com-lances-a-partir-de-r-15-mil\/"},"wordCount":881,"commentCount":0,"image":{"@id":"https:\/\/www.encontravitoria.com.br\/sobre\/prefeitura-abre-leilao-eletronico-de-veiculos-inserviveis-com-lances-a-partir-de-r-15-mil\/#primaryimage"},"thumbnailUrl":"https:\/\/www.encontravitoria.com.br\/sobre\/wp-content\/uploads\/2026\/08\/prefeitura-abre-leilao-eletronico-de-veiculos-inserviveis-com-lances-a-partir-de-r-1-5-mil.webp","articleSection":["Ve\u00edculos Vit\u00f3ria"],"inLanguage":"pt-BR","potentialAction":[{"@type":"CommentAction","name":"Comment","target":["https:\/\/www.encontravitoria.com.br\/sobre\/prefeitura-abre-leilao-eletronico-de-veiculos-inserviveis-com-lances-a-partir-de-r-15-mil\/#respond"]}]},{"@type":"WebPage","@id":"https:\/\/www.encontravitoria.com.br\/sobre\/prefeitura-abre-leilao-eletronico-de-veiculos-inserviveis-com-lances-a-partir-de-r-15-mil\/","url":"https:\/\/www.encontravitoria.com.br\/sobre\/prefeitura-abre-leilao-eletronico-de-veiculos-inserviveis-com-lances-a-partir-de-r-15-mil\/","name":"Prefeitura abre leil\u00e3o eletr\u00f4nico de ve\u00edculos inserv\u00edveis com lances a partir de R$ 1,5 mil - Encontra Vit\u00f3ria","isPartOf":{"@id":"https:\/\/www.encontravitoria.com.br\/sobre\/#website"},"primaryImageOfPage":{"@id":"https:\/\/www.encontravitoria.com.br\/sobre\/prefeitura-abre-leilao-eletronico-de-veiculos-inserviveis-com-lances-a-partir-de-r-15-mil\/#primaryimage"},"image":{"@id":"https:\/\/www.encontravitoria.com.br\/sobre\/prefeitura-abre-leilao-eletronico-de-veiculos-inserviveis-com-lances-a-partir-de-r-15-mil\/#primaryimage"},"thumbnailUrl":"https:\/\/www.encontravitoria.com.br\/sobre\/wp-content\/uploads\/2026\/08\/prefeitura-abre-leilao-eletronico-de-veiculos-inserviveis-com-lances-a-partir-de-r-1-5-mil.webp","datePublished":"2026-08-09T07:03:43+00:00","author":{"@id":"https:\/\/www.encontravitoria.com.br\/sobre\/#\/schema\/person\/0f8e5bcc88fbadf1bad57afd504f48a2"},"breadcrumb":{"@id":"https:\/\/www.encontravitoria.com.br\/sobre\/prefeitura-abre-leilao-eletronico-de-veiculos-inserviveis-com-lances-a-partir-de-r-15-mil\/#breadcrumb"},"inLanguage":"pt-BR","potentialAction":[{"@type":"ReadAction","target":["https:\/\/www.encontravitoria.com.br\/sobre\/prefeitura-abre-leilao-eletronico-de-veiculos-inserviveis-com-lances-a-partir-de-r-15-mil\/"]}]},{"@type":"ImageObject","inLanguage":"pt-BR","@id":"https:\/\/www.encontravitoria.com.br\/sobre\/prefeitura-abre-leilao-eletronico-de-veiculos-inserviveis-com-lances-a-partir-de-r-15-mil\/#primaryimage","url":"https:\/\/www.encontravitoria.com.br\/sobre\/wp-content\/uploads\/2026\/08\/prefeitura-abre-leilao-eletronico-de-veiculos-inserviveis-com-lances-a-partir-de-r-1-5-mil.webp","contentUrl":"https:\/\/www.encontravitoria.com.br\/sobre\/wp-content\/uploads\/2026\/08\/prefeitura-abre-leilao-eletronico-de-veiculos-inserviveis-com-lances-a-partir-de-r-1-5-mil.webp","width":280,"height":280,"caption":"leil\u00e3o eletr\u00f4nico de ve\u00edculos inserv\u00edveis"},{"@type":"BreadcrumbList","@id":"https:\/\/www.encontravitoria.com.br\/sobre\/prefeitura-abre-leilao-eletronico-de-veiculos-inserviveis-com-lances-a-partir-de-r-15-mil\/#breadcrumb","itemListElement":[{"@type":"ListItem","position":1,"name":"In\u00edcio","item":"https:\/\/www.encontravitoria.com.br\/sobre\/"},{"@type":"ListItem","position":2,"name":"Prefeitura abre leil\u00e3o eletr\u00f4nico de ve\u00edculos inserv\u00edveis com lances a partir de R$ 1,5 mil"}]},{"@type":"WebSite","@id":"https:\/\/www.encontravitoria.com.br\/sobre\/#website","url":"https:\/\/www.encontravitoria.com.br\/sobre\/","name":"Encontra Vit\u00f3ria","description":"Not\u00edcias, eventos, informa\u00e7\u00f5es e dicas na cidade Vit\u00f3ria e regi\u00e3o.","potentialAction":[{"@type":"SearchAction","target":{"@type":"EntryPoint","urlTemplate":"https:\/\/www.encontravitoria.com.br\/sobre\/?s={search_term_string}"},"query-input":{"@type":"PropertyValueSpecification","valueRequired":true,"valueName":"search_term_string"}}],"inLanguage":"pt-BR"},{"@type":"Person","@id":"https:\/\/www.encontravitoria.com.br\/sobre\/#\/schema\/person\/0f8e5bcc88fbadf1bad57afd504f48a2","name":"Encontra Vit\u00f3ria","image":{"@type":"ImageObject","inLanguage":"pt-BR","@id":"https:\/\/secure.gravatar.com\/avatar\/507340682b8270222e1f208e23198b6ae7e2c6a1033ae84e99bc6bce4f82a387?s=96&d=mm&r=g","url":"https:\/\/secure.gravatar.com\/avatar\/507340682b8270222e1f208e23198b6ae7e2c6a1033ae84e99bc6bce4f82a387?s=96&d=mm&r=g","contentUrl":"https:\/\/secure.gravatar.com\/avatar\/507340682b8270222e1f208e23198b6ae7e2c6a1033ae84e99bc6bce4f82a387?s=96&d=mm&r=g","caption":"Encontra Vit\u00f3ria"},"sameAs":["http:\/\/www.encontravitoria.com.br"],"url":"https:\/\/www.encontravitoria.com.br\/sobre\/author\/evitoria\/"}]}},"_links":{"self":[{"href":"https:\/\/www.encontravitoria.com.br\/sobre\/wp-json\/wp\/v2\/posts\/2113","targetHints":{"allow":["GET"]}}],"collection":[{"href":"https:\/\/www.encontravitoria.com.br\/sobre\/wp-json\/wp\/v2\/posts"}],"about":[{"href":"https:\/\/www.encontravitoria.com.br\/sobre\/wp-json\/wp\/v2\/types\/post"}],"author":[{"embeddable":true,"href":"https:\/\/www.encontravitoria.com.br\/sobre\/wp-json\/wp\/v2\/users\/1"}],"replies":[{"embeddable":true,"href":"https:\/\/www.encontravitoria.com.br\/sobre\/wp-json\/wp\/v2\/comments?post=2113"}],"version-history":[{"count":0,"href":"https:\/\/www.encontravitoria.com.br\/sobre\/wp-json\/wp\/v2\/posts\/2113\/revisions"}],"wp:featuredmedia":[{"embeddable":true,"href":"https:\/\/www.encontravitoria.com.br\/sobre\/wp-json\/wp\/v2\/media\/2112"}],"wp:attachment":[{"href":"https:\/\/www.encontravitoria.com.br\/sobre\/wp-json\/wp\/v2\/media?parent=2113"}],"wp:term":[{"taxonomy":"category","embeddable":true,"href":"https:\/\/www.encontravitoria.com.br\/sobre\/wp-json\/wp\/v2\/categories?post=2113"},{"taxonomy":"post_tag","embeddable":true,"href":"https:\/\/www.encontravitoria.com.br\/sobre\/wp-json\/wp\/v2\/tags?post=2113"}],"curies":[{"name":"wp","href":"https:\/\/api.w.org\/{rel}","templated":true}]}}