{"id":2193,"date":"2026-08-19T11:01:58","date_gmt":"2026-08-19T11:01:58","guid":{"rendered":"https:\/\/www.encontravitoria.com.br\/sobre\/parque-da-fonte-grande-celebra-40-anos-com-programacao-especial-que-une-memoria-natureza-e-futuro\/"},"modified":"2026-08-19T11:01:58","modified_gmt":"2026-08-19T11:01:58","slug":"parque-da-fonte-grande-celebra-40-anos-com-programacao-especial-que-une-memoria-natureza-e-futuro","status":"publish","type":"post","link":"https:\/\/www.encontravitoria.com.br\/sobre\/parque-da-fonte-grande-celebra-40-anos-com-programacao-especial-que-une-memoria-natureza-e-futuro\/","title":{"rendered":"Parque da Fonte Grande celebra 40 anos com programa\u00e7\u00e3o especial que une mem\u00f3ria, natureza e futuro"},"content":{"rendered":"<div class=\"23ed37709e053b55400ee1990aeffe41\" data-index=\"1\" style=\"float: none; margin:0px;\">\n<!-- Anuncio display - global -->\r\n<ins class=\"adsbygoogle\"\r\n     style=\"display:block\"\r\n     data-ad-client=\"ca-pub-8585364105181520\"\r\n     data-ad-slot=\"8789329856\"\r\n     data-ad-format=\"auto\"\r\n     data-full-width-responsive=\"true\"><\/ins>\r\n<script>\r\n     (adsbygoogle = window.adsbygoogle || []).push({});\r\n<\/script>\n<\/div>\n<h2>Hist\u00f3ria do Parque da Fonte Grande<\/h2>\n<p>O Parque da Fonte Grande, fundado em 1986, destaca-se como um dos principais patrim\u00f4nios ambientais da cidade de Vit\u00f3ria. Com a sua cria\u00e7\u00e3o, foram estabelecidas diretrizes para a preserva\u00e7\u00e3o da rica biodiversidade presente na regi\u00e3o do Maci\u00e7o Central. Desde a sua inaugura\u00e7\u00e3o, o parque se firmou como uma unidade de conserva\u00e7\u00e3o essencial, oferecendo abrigo a diversas esp\u00e9cies da Mata Atl\u00e2ntica e servindo como um espa\u00e7o de beleza natural e quietude em meio \u00e0 urbaniza\u00e7\u00e3o crescente.<\/p>\n<p>A partir deste espa\u00e7o verde, a popula\u00e7\u00e3o e os visitantes puderam apreciar as belezas naturais e a import\u00e2ncia da preserva\u00e7\u00e3o ambiental, tornando o parque um verdadeiro ref\u00fagio para amantes da natureza e um local de aprendizado sobre a import\u00e2ncia da conserva\u00e7\u00e3o ambiental.<\/p>\n<h2>Import\u00e2ncia da Educa\u00e7\u00e3o Ambiental<\/h2>\n<p>O Parque da Fonte Grande tem um papel fundamental na promo\u00e7\u00e3o da educa\u00e7\u00e3o ambiental. Ao integrar atividades de conscientiza\u00e7\u00e3o e preserva\u00e7\u00e3o ambiental, o parque n\u00e3o apenas proporciona um espa\u00e7o de lazer, mas tamb\u00e9m educa a popula\u00e7\u00e3o sobre a import\u00e2ncia da preserva\u00e7\u00e3o dos recursos naturais e da biodiversidade local. Programas educativos voltados para as escolas e comunidade s\u00e3o frequentemente realizados, demonstrando a relev\u00e2ncia da educa\u00e7\u00e3o ambiental desde a inf\u00e2ncia.<\/p>\n<p><img decoding=\"async\" src=\"https:\/\/www.encontravitoria.com.br\/sobre\/wp-content\/uploads\/2026\/08\/parque-da-fonte-grande-celebra-40-anos-com-programacao-especial-que-une-memoria-natureza-e-futuro.webp\" alt=\"Parque da Fonte Grande\" loading=\"lazy\" \/><\/p>\n<p>Essas iniciativas ajudam a fortalecer a conex\u00e3o entre as crian\u00e7as e a natureza, cultivando uma consci\u00eancia ambiental que perdurar\u00e1 ao longo de suas vidas.<\/p>\n<h2>Caminhada das Comunidades: Integra\u00e7\u00e3o e Valoriza\u00e7\u00e3o<\/h2>\n<p>A comemora\u00e7\u00e3o dos 40 anos do parque come\u00e7ou com a &#8220;Caminhada das Comunidades&#8221;, que ocorreu no dia 2 de agosto. Essa atividade envolveu diversas comunidades, promovendo integra\u00e7\u00e3o entre moradores e visitantes. Tr\u00eas percursos foram organizados para partir dos bairros Grande Vit\u00f3ria, Fradinhos e Fonte Grande, garantindo que todos pudessem participar da celebra\u00e7\u00e3o e explorar a beleza natural do parque.<\/p>\n<p>Durante esse evento, o objetivo foi refor\u00e7ar a import\u00e2ncia do parque para a comunidade local, destacando sua hist\u00f3ria e a necessidade de proteger esse espa\u00e7o vital para as futuras gera\u00e7\u00f5es.<\/p>\n<h2>Exposi\u00e7\u00e3o Art\u00edstica Infantil: A Magia da Fonte Grande<\/h2>\n<p>Uma das atra\u00e7\u00f5es mais emocionantes do anivers\u00e1rio do parque foi a exposi\u00e7\u00e3o &#8220;Sob o olhar da inf\u00e2ncia: A Magia da Fonte Grande em Tintas, Cores e Afetos&#8221;. Organizada com as obras de alunos do CMEI Geisla Milit\u00e3o, esta mostra permitiu que as crian\u00e7as expressassem sua vis\u00e3o e sentimentos em rela\u00e7\u00e3o ao parque. As obras refletem a criatividade e a percep\u00e7\u00e3o \u00fanica que as crian\u00e7as t\u00eam do mundo ao seu redor.<\/p>\n<p>A exposi\u00e7\u00e3o n\u00e3o s\u00f3 celebra a arte e a imagina\u00e7\u00e3o infantil, mas tamb\u00e9m ressalta a import\u00e2ncia de educar as novas gera\u00e7\u00f5es sobre a natureza, fomentando sentimentos de pertencimento e responsabilidade.<\/p>\n<h2>Conta\u00e7\u00e3o de Hist\u00f3rias: Resgatando Mem\u00f3rias<\/h2>\n<p>Outro ponto alto da programa\u00e7\u00e3o foi a atividade de conta\u00e7\u00e3o de hist\u00f3rias denominada &#8220;Mais uma vez a Fonte Grande: A origem contada em cena&#8221;. Atrav\u00e9s desta forma l\u00fadica de apresentar a hist\u00f3ria do parque, os participantes puderam se deleitar com narrativas que evocam a trajet\u00f3ria e a relev\u00e2ncia do espa\u00e7o para a cidade de Vit\u00f3ria.<\/p>\n<p>A conta\u00e7\u00e3o de hist\u00f3rias fez com que tanto crian\u00e7as quanto adultos se conectassem ao passado e se sentissem parte da hist\u00f3ria vivida no Parque da Fonte Grande.<\/p>\n<h2>A Caminhada da Mem\u00f3ria: Uma Viagem no Tempo<\/h2>\n<p>Ap\u00f3s a celebra\u00e7\u00e3o da hist\u00f3ria do parque, ocorreu a &#8220;Caminhada da Mem\u00f3ria&#8221;, um percurso ao longo da Estrada Ti\u00e3o S\u00e1. Este trajeto foi pensado para simbolizar a liga\u00e7\u00e3o entre o passado, o presente e o futuro do parque. Ao caminhar, os participantes revisitaram a hist\u00f3ria do local, refletindo sobre a preserva\u00e7\u00e3o e o papel fundamental da biodiversidade na vida urbana.<\/p>\n<p>Essa caminhada incentivou uma nova aprecia\u00e7\u00e3o pela beleza natural e pela hist\u00f3ria que permeia o Parque da Fonte Grande.<\/p>\n<h2>Mutir\u00e3o de Plantio: Semeando Sustentabilidade<\/h2>\n<p>Na finaliza\u00e7\u00e3o das atividades, ocorreu o mutir\u00e3o intitulado &#8220;Semeando no presente: 40 anos, 40 vidas verdes&#8221;. Essa a\u00e7\u00e3o consistiu no plantio simb\u00f3lico de 40 mudas de esp\u00e9cies nativas da Mata Atl\u00e2ntica, refor\u00e7ando o compromisso da comunidade com a conserva\u00e7\u00e3o ambiental e a recupera\u00e7\u00e3o da flora local.<\/p>\n<p>O plantio das mudas simbolizou o desejo de deixar um legado verde para as futuras gera\u00e7\u00f5es, evidenciando a import\u00e2ncia da sustentabilidade e da intera\u00e7\u00e3o com o meio ambiente.<\/p>\n<h2>Revitaliza\u00e7\u00e3o do Mirante da Cidade<\/h2>\n<p>Recentemente, o Mirante da Cidade passou por um processo de revitaliza\u00e7\u00e3o, que incluiu reformas e melhorias para garantir seguran\u00e7a e acessibilidade aos visitantes. Com a amplia\u00e7\u00e3o do espa\u00e7o, o mirante oferece uma vista deslumbrante da capital e locais circunvizinhos, atraindo ainda mais visitantes e amantes da natureza.<\/p>\n<p>A revitaliza\u00e7\u00e3o representa um investimento n\u00e3o apenas na infraestrutura do parque, mas tamb\u00e9m um compromisso com o bem-estar da popula\u00e7\u00e3o e seu acesso a espa\u00e7os verdes.<\/p>\n<h2>Compromisso com a Preserva\u00e7\u00e3o Ambiental<\/h2>\n<p>Ao longo de seus 40 anos, o Parque da Fonte Grande tem sido um s\u00edmbolo de preserva\u00e7\u00e3o e valoriza\u00e7\u00e3o ambiental em Vit\u00f3ria. A programa\u00e7\u00e3o de celebra\u00e7\u00e3o dos quatro anos anos de hist\u00f3ria n\u00e3o se limitou a festas, mas enfatizou a import\u00e2ncia da conserva\u00e7\u00e3o, do envolvimento comunit\u00e1rio e do aprendizado intergeracional.<\/p>\n<p>Este esp\u00edrito de compromisso com a preserva\u00e7\u00e3o ambiental deve continuar a ser cultivado, incentivando a participa\u00e7\u00e3o da popula\u00e7\u00e3o em iniciativas que visam proteger e respeitar o meio ambiente.<\/p>\n<h2>O Legado do Parque para o Futuro<\/h2>\n<p>O Parque da Fonte Grande n\u00e3o \u00e9 apenas um espa\u00e7o recreativo, mas um verdadeiro tesouro que faz parte da identidade cultural e ambiental de Vit\u00f3ria. Atrav\u00e9s de suas atividades de educa\u00e7\u00e3o ambiental, eventos comunit\u00e1rios e esfor\u00e7os de conserva\u00e7\u00e3o, o parque constru\u00ed uma narrativa que integra a comunidade na luta pela sustentabilidade.<\/p>\n<p>\u00c0 medida que seguimos em dire\u00e7\u00e3o ao futuro, a preserva\u00e7\u00e3o deste espa\u00e7o e a educa\u00e7\u00e3o ambiental continuar\u00e3o a ser essenciais para garantir que as pr\u00f3ximas gera\u00e7\u00f5es possam desfrutar da beleza e dos benef\u00edcios que o Parque da Fonte Grande oferece.<\/p>\n\n<div style=\"font-size: 0px; height: 0px; line-height: 0px; margin: 0; padding: 0; clear: both;\"><\/div>","protected":false},"excerpt":{"rendered":"<p>Parque da Fonte Grande completa 40 anos com evento especial de celebra\u00e7\u00e3o.<\/p>\n","protected":false},"author":1,"featured_media":2192,"comment_status":"open","ping_status":"closed","sticky":false,"template":"","format":"standard","meta":{"footnotes":""},"categories":[17],"tags":[],"class_list":["post-2193","post","type-post","status-publish","format-standard","has-post-thumbnail","hentry","category-lugares-em-vitoria","has_thumb"],"yoast_head":"<!-- This site is optimized with the Yoast SEO plugin v28.2 - https:\/\/yoast.com\/product\/yoast-seo-wordpress\/ -->\n<title>Parque da Fonte Grande celebra 40 anos com programa\u00e7\u00e3o especial que une mem\u00f3ria, natureza e futuro - Encontra Vit\u00f3ria<\/title>\n<meta name=\"robots\" content=\"index, follow, max-snippet:-1, max-image-preview:large, max-video-preview:-1\" \/>\n<link rel=\"canonical\" href=\"https:\/\/www.encontravitoria.com.br\/sobre\/parque-da-fonte-grande-celebra-40-anos-com-programacao-especial-que-une-memoria-natureza-e-futuro\/\" \/>\n<meta property=\"og:locale\" content=\"pt_BR\" \/>\n<meta property=\"og:type\" content=\"article\" \/>\n<meta property=\"og:title\" content=\"Parque da Fonte Grande celebra 40 anos com programa\u00e7\u00e3o especial que une mem\u00f3ria, natureza e futuro - Encontra Vit\u00f3ria\" \/>\n<meta property=\"og:description\" content=\"Parque da Fonte Grande completa 40 anos com evento especial de celebra\u00e7\u00e3o.\" \/>\n<meta property=\"og:url\" content=\"https:\/\/www.encontravitoria.com.br\/sobre\/parque-da-fonte-grande-celebra-40-anos-com-programacao-especial-que-une-memoria-natureza-e-futuro\/\" \/>\n<meta property=\"og:site_name\" content=\"Encontra Vit\u00f3ria\" \/>\n<meta property=\"article:published_time\" content=\"2026-08-19T11:01:58+00:00\" \/>\n<meta property=\"og:image\" content=\"https:\/\/www.encontravitoria.com.br\/sobre\/wp-content\/uploads\/2026\/08\/parque-da-fonte-grande-celebra-40-anos-com-programacao-especial-que-une-memoria-natureza-e-futuro.webp\" \/>\n<meta name=\"author\" content=\"Encontra Vit\u00f3ria\" \/>\n<meta name=\"twitter:card\" content=\"summary_large_image\" \/>\n<meta name=\"twitter:label1\" content=\"Escrito por\" \/>\n\t<meta name=\"twitter:data1\" content=\"Encontra Vit\u00f3ria\" \/>\n\t<meta name=\"twitter:label2\" content=\"Est. tempo de leitura\" \/>\n\t<meta name=\"twitter:data2\" content=\"5 minutos\" \/>\n<script type=\"application\/ld+json\" class=\"yoast-schema-graph\">{\"@context\":\"https:\\\/\\\/schema.org\",\"@graph\":[{\"@type\":\"Article\",\"@id\":\"https:\\\/\\\/www.encontravitoria.com.br\\\/sobre\\\/parque-da-fonte-grande-celebra-40-anos-com-programacao-especial-que-une-memoria-natureza-e-futuro\\\/#article\",\"isPartOf\":{\"@id\":\"https:\\\/\\\/www.encontravitoria.com.br\\\/sobre\\\/parque-da-fonte-grande-celebra-40-anos-com-programacao-especial-que-une-memoria-natureza-e-futuro\\\/\"},\"author\":{\"name\":\"Encontra Vit\u00f3ria\",\"@id\":\"https:\\\/\\\/www.encontravitoria.com.br\\\/sobre\\\/#\\\/schema\\\/person\\\/0f8e5bcc88fbadf1bad57afd504f48a2\"},\"headline\":\"Parque da Fonte Grande celebra 40 anos com programa\u00e7\u00e3o especial que une mem\u00f3ria, natureza e futuro\",\"datePublished\":\"2026-08-19T11:01:58+00:00\",\"mainEntityOfPage\":{\"@id\":\"https:\\\/\\\/www.encontravitoria.com.br\\\/sobre\\\/parque-da-fonte-grande-celebra-40-anos-com-programacao-especial-que-une-memoria-natureza-e-futuro\\\/\"},\"wordCount\":1095,\"commentCount\":0,\"image\":{\"@id\":\"https:\\\/\\\/www.encontravitoria.com.br\\\/sobre\\\/parque-da-fonte-grande-celebra-40-anos-com-programacao-especial-que-une-memoria-natureza-e-futuro\\\/#primaryimage\"},\"thumbnailUrl\":\"https:\\\/\\\/www.encontravitoria.com.br\\\/sobre\\\/wp-content\\\/uploads\\\/2026\\\/08\\\/parque-da-fonte-grande-celebra-40-anos-com-programacao-especial-que-une-memoria-natureza-e-futuro.webp\",\"articleSection\":[\"Lugares em Vit\u00f3ria\"],\"inLanguage\":\"pt-BR\",\"potentialAction\":[{\"@type\":\"CommentAction\",\"name\":\"Comment\",\"target\":[\"https:\\\/\\\/www.encontravitoria.com.br\\\/sobre\\\/parque-da-fonte-grande-celebra-40-anos-com-programacao-especial-que-une-memoria-natureza-e-futuro\\\/#respond\"]}]},{\"@type\":\"WebPage\",\"@id\":\"https:\\\/\\\/www.encontravitoria.com.br\\\/sobre\\\/parque-da-fonte-grande-celebra-40-anos-com-programacao-especial-que-une-memoria-natureza-e-futuro\\\/\",\"url\":\"https:\\\/\\\/www.encontravitoria.com.br\\\/sobre\\\/parque-da-fonte-grande-celebra-40-anos-com-programacao-especial-que-une-memoria-natureza-e-futuro\\\/\",\"name\":\"Parque da Fonte Grande celebra 40 anos com programa\u00e7\u00e3o especial que une mem\u00f3ria, natureza e futuro - Encontra Vit\u00f3ria\",\"isPartOf\":{\"@id\":\"https:\\\/\\\/www.encontravitoria.com.br\\\/sobre\\\/#website\"},\"primaryImageOfPage\":{\"@id\":\"https:\\\/\\\/www.encontravitoria.com.br\\\/sobre\\\/parque-da-fonte-grande-celebra-40-anos-com-programacao-especial-que-une-memoria-natureza-e-futuro\\\/#primaryimage\"},\"image\":{\"@id\":\"https:\\\/\\\/www.encontravitoria.com.br\\\/sobre\\\/parque-da-fonte-grande-celebra-40-anos-com-programacao-especial-que-une-memoria-natureza-e-futuro\\\/#primaryimage\"},\"thumbnailUrl\":\"https:\\\/\\\/www.encontravitoria.com.br\\\/sobre\\\/wp-content\\\/uploads\\\/2026\\\/08\\\/parque-da-fonte-grande-celebra-40-anos-com-programacao-especial-que-une-memoria-natureza-e-futuro.webp\",\"datePublished\":\"2026-08-19T11:01:58+00:00\",\"author\":{\"@id\":\"https:\\\/\\\/www.encontravitoria.com.br\\\/sobre\\\/#\\\/schema\\\/person\\\/0f8e5bcc88fbadf1bad57afd504f48a2\"},\"breadcrumb\":{\"@id\":\"https:\\\/\\\/www.encontravitoria.com.br\\\/sobre\\\/parque-da-fonte-grande-celebra-40-anos-com-programacao-especial-que-une-memoria-natureza-e-futuro\\\/#breadcrumb\"},\"inLanguage\":\"pt-BR\",\"potentialAction\":[{\"@type\":\"ReadAction\",\"target\":[\"https:\\\/\\\/www.encontravitoria.com.br\\\/sobre\\\/parque-da-fonte-grande-celebra-40-anos-com-programacao-especial-que-une-memoria-natureza-e-futuro\\\/\"]}]},{\"@type\":\"ImageObject\",\"inLanguage\":\"pt-BR\",\"@id\":\"https:\\\/\\\/www.encontravitoria.com.br\\\/sobre\\\/parque-da-fonte-grande-celebra-40-anos-com-programacao-especial-que-une-memoria-natureza-e-futuro\\\/#primaryimage\",\"url\":\"https:\\\/\\\/www.encontravitoria.com.br\\\/sobre\\\/wp-content\\\/uploads\\\/2026\\\/08\\\/parque-da-fonte-grande-celebra-40-anos-com-programacao-especial-que-une-memoria-natureza-e-futuro.webp\",\"contentUrl\":\"https:\\\/\\\/www.encontravitoria.com.br\\\/sobre\\\/wp-content\\\/uploads\\\/2026\\\/08\\\/parque-da-fonte-grande-celebra-40-anos-com-programacao-especial-que-une-memoria-natureza-e-futuro.webp\",\"width\":280,\"height\":280,\"caption\":\"Parque da Fonte Grande\"},{\"@type\":\"BreadcrumbList\",\"@id\":\"https:\\\/\\\/www.encontravitoria.com.br\\\/sobre\\\/parque-da-fonte-grande-celebra-40-anos-com-programacao-especial-que-une-memoria-natureza-e-futuro\\\/#breadcrumb\",\"itemListElement\":[{\"@type\":\"ListItem\",\"position\":1,\"name\":\"In\u00edcio\",\"item\":\"https:\\\/\\\/www.encontravitoria.com.br\\\/sobre\\\/\"},{\"@type\":\"ListItem\",\"position\":2,\"name\":\"Parque da Fonte Grande celebra 40 anos com programa\u00e7\u00e3o especial que une mem\u00f3ria, natureza e futuro\"}]},{\"@type\":\"WebSite\",\"@id\":\"https:\\\/\\\/www.encontravitoria.com.br\\\/sobre\\\/#website\",\"url\":\"https:\\\/\\\/www.encontravitoria.com.br\\\/sobre\\\/\",\"name\":\"Encontra Vit\u00f3ria\",\"description\":\"Not\u00edcias, eventos, informa\u00e7\u00f5es e dicas na cidade Vit\u00f3ria e regi\u00e3o.\",\"potentialAction\":[{\"@type\":\"SearchAction\",\"target\":{\"@type\":\"EntryPoint\",\"urlTemplate\":\"https:\\\/\\\/www.encontravitoria.com.br\\\/sobre\\\/?s={search_term_string}\"},\"query-input\":{\"@type\":\"PropertyValueSpecification\",\"valueRequired\":true,\"valueName\":\"search_term_string\"}}],\"inLanguage\":\"pt-BR\"},{\"@type\":\"Person\",\"@id\":\"https:\\\/\\\/www.encontravitoria.com.br\\\/sobre\\\/#\\\/schema\\\/person\\\/0f8e5bcc88fbadf1bad57afd504f48a2\",\"name\":\"Encontra Vit\u00f3ria\",\"image\":{\"@type\":\"ImageObject\",\"inLanguage\":\"pt-BR\",\"@id\":\"https:\\\/\\\/secure.gravatar.com\\\/avatar\\\/507340682b8270222e1f208e23198b6ae7e2c6a1033ae84e99bc6bce4f82a387?s=96&d=mm&r=g\",\"url\":\"https:\\\/\\\/secure.gravatar.com\\\/avatar\\\/507340682b8270222e1f208e23198b6ae7e2c6a1033ae84e99bc6bce4f82a387?s=96&d=mm&r=g\",\"contentUrl\":\"https:\\\/\\\/secure.gravatar.com\\\/avatar\\\/507340682b8270222e1f208e23198b6ae7e2c6a1033ae84e99bc6bce4f82a387?s=96&d=mm&r=g\",\"caption\":\"Encontra Vit\u00f3ria\"},\"sameAs\":[\"http:\\\/\\\/www.encontravitoria.com.br\"],\"url\":\"https:\\\/\\\/www.encontravitoria.com.br\\\/sobre\\\/author\\\/evitoria\\\/\"}]}<\/script>\n<!-- \/ Yoast SEO plugin. -->","yoast_head_json":{"title":"Parque da Fonte Grande celebra 40 anos com programa\u00e7\u00e3o especial que une mem\u00f3ria, natureza e futuro - Encontra Vit\u00f3ria","robots":{"index":"index","follow":"follow","max-snippet":"max-snippet:-1","max-image-preview":"max-image-preview:large","max-video-preview":"max-video-preview:-1"},"canonical":"https:\/\/www.encontravitoria.com.br\/sobre\/parque-da-fonte-grande-celebra-40-anos-com-programacao-especial-que-une-memoria-natureza-e-futuro\/","og_locale":"pt_BR","og_type":"article","og_title":"Parque da Fonte Grande celebra 40 anos com programa\u00e7\u00e3o especial que une mem\u00f3ria, natureza e futuro - Encontra Vit\u00f3ria","og_description":"Parque da Fonte Grande completa 40 anos com evento especial de celebra\u00e7\u00e3o.","og_url":"https:\/\/www.encontravitoria.com.br\/sobre\/parque-da-fonte-grande-celebra-40-anos-com-programacao-especial-que-une-memoria-natureza-e-futuro\/","og_site_name":"Encontra Vit\u00f3ria","article_published_time":"2026-08-19T11:01:58+00:00","og_image":[{"url":"https:\/\/www.encontravitoria.com.br\/sobre\/wp-content\/uploads\/2026\/08\/parque-da-fonte-grande-celebra-40-anos-com-programacao-especial-que-une-memoria-natureza-e-futuro.webp","type":"","width":"","height":""}],"author":"Encontra Vit\u00f3ria","twitter_card":"summary_large_image","twitter_misc":{"Escrito por":"Encontra Vit\u00f3ria","Est. tempo de leitura":"5 minutos"},"schema":{"@context":"https:\/\/schema.org","@graph":[{"@type":"Article","@id":"https:\/\/www.encontravitoria.com.br\/sobre\/parque-da-fonte-grande-celebra-40-anos-com-programacao-especial-que-une-memoria-natureza-e-futuro\/#article","isPartOf":{"@id":"https:\/\/www.encontravitoria.com.br\/sobre\/parque-da-fonte-grande-celebra-40-anos-com-programacao-especial-que-une-memoria-natureza-e-futuro\/"},"author":{"name":"Encontra Vit\u00f3ria","@id":"https:\/\/www.encontravitoria.com.br\/sobre\/#\/schema\/person\/0f8e5bcc88fbadf1bad57afd504f48a2"},"headline":"Parque da Fonte Grande celebra 40 anos com programa\u00e7\u00e3o especial que une mem\u00f3ria, natureza e futuro","datePublished":"2026-08-19T11:01:58+00:00","mainEntityOfPage":{"@id":"https:\/\/www.encontravitoria.com.br\/sobre\/parque-da-fonte-grande-celebra-40-anos-com-programacao-especial-que-une-memoria-natureza-e-futuro\/"},"wordCount":1095,"commentCount":0,"image":{"@id":"https:\/\/www.encontravitoria.com.br\/sobre\/parque-da-fonte-grande-celebra-40-anos-com-programacao-especial-que-une-memoria-natureza-e-futuro\/#primaryimage"},"thumbnailUrl":"https:\/\/www.encontravitoria.com.br\/sobre\/wp-content\/uploads\/2026\/08\/parque-da-fonte-grande-celebra-40-anos-com-programacao-especial-que-une-memoria-natureza-e-futuro.webp","articleSection":["Lugares em Vit\u00f3ria"],"inLanguage":"pt-BR","potentialAction":[{"@type":"CommentAction","name":"Comment","target":["https:\/\/www.encontravitoria.com.br\/sobre\/parque-da-fonte-grande-celebra-40-anos-com-programacao-especial-que-une-memoria-natureza-e-futuro\/#respond"]}]},{"@type":"WebPage","@id":"https:\/\/www.encontravitoria.com.br\/sobre\/parque-da-fonte-grande-celebra-40-anos-com-programacao-especial-que-une-memoria-natureza-e-futuro\/","url":"https:\/\/www.encontravitoria.com.br\/sobre\/parque-da-fonte-grande-celebra-40-anos-com-programacao-especial-que-une-memoria-natureza-e-futuro\/","name":"Parque da Fonte Grande celebra 40 anos com programa\u00e7\u00e3o especial que une mem\u00f3ria, natureza e futuro - Encontra Vit\u00f3ria","isPartOf":{"@id":"https:\/\/www.encontravitoria.com.br\/sobre\/#website"},"primaryImageOfPage":{"@id":"https:\/\/www.encontravitoria.com.br\/sobre\/parque-da-fonte-grande-celebra-40-anos-com-programacao-especial-que-une-memoria-natureza-e-futuro\/#primaryimage"},"image":{"@id":"https:\/\/www.encontravitoria.com.br\/sobre\/parque-da-fonte-grande-celebra-40-anos-com-programacao-especial-que-une-memoria-natureza-e-futuro\/#primaryimage"},"thumbnailUrl":"https:\/\/www.encontravitoria.com.br\/sobre\/wp-content\/uploads\/2026\/08\/parque-da-fonte-grande-celebra-40-anos-com-programacao-especial-que-une-memoria-natureza-e-futuro.webp","datePublished":"2026-08-19T11:01:58+00:00","author":{"@id":"https:\/\/www.encontravitoria.com.br\/sobre\/#\/schema\/person\/0f8e5bcc88fbadf1bad57afd504f48a2"},"breadcrumb":{"@id":"https:\/\/www.encontravitoria.com.br\/sobre\/parque-da-fonte-grande-celebra-40-anos-com-programacao-especial-que-une-memoria-natureza-e-futuro\/#breadcrumb"},"inLanguage":"pt-BR","potentialAction":[{"@type":"ReadAction","target":["https:\/\/www.encontravitoria.com.br\/sobre\/parque-da-fonte-grande-celebra-40-anos-com-programacao-especial-que-une-memoria-natureza-e-futuro\/"]}]},{"@type":"ImageObject","inLanguage":"pt-BR","@id":"https:\/\/www.encontravitoria.com.br\/sobre\/parque-da-fonte-grande-celebra-40-anos-com-programacao-especial-que-une-memoria-natureza-e-futuro\/#primaryimage","url":"https:\/\/www.encontravitoria.com.br\/sobre\/wp-content\/uploads\/2026\/08\/parque-da-fonte-grande-celebra-40-anos-com-programacao-especial-que-une-memoria-natureza-e-futuro.webp","contentUrl":"https:\/\/www.encontravitoria.com.br\/sobre\/wp-content\/uploads\/2026\/08\/parque-da-fonte-grande-celebra-40-anos-com-programacao-especial-que-une-memoria-natureza-e-futuro.webp","width":280,"height":280,"caption":"Parque da Fonte Grande"},{"@type":"BreadcrumbList","@id":"https:\/\/www.encontravitoria.com.br\/sobre\/parque-da-fonte-grande-celebra-40-anos-com-programacao-especial-que-une-memoria-natureza-e-futuro\/#breadcrumb","itemListElement":[{"@type":"ListItem","position":1,"name":"In\u00edcio","item":"https:\/\/www.encontravitoria.com.br\/sobre\/"},{"@type":"ListItem","position":2,"name":"Parque da Fonte Grande celebra 40 anos com programa\u00e7\u00e3o especial que une mem\u00f3ria, natureza e futuro"}]},{"@type":"WebSite","@id":"https:\/\/www.encontravitoria.com.br\/sobre\/#website","url":"https:\/\/www.encontravitoria.com.br\/sobre\/","name":"Encontra Vit\u00f3ria","description":"Not\u00edcias, eventos, informa\u00e7\u00f5es e dicas na cidade Vit\u00f3ria e regi\u00e3o.","potentialAction":[{"@type":"SearchAction","target":{"@type":"EntryPoint","urlTemplate":"https:\/\/www.encontravitoria.com.br\/sobre\/?s={search_term_string}"},"query-input":{"@type":"PropertyValueSpecification","valueRequired":true,"valueName":"search_term_string"}}],"inLanguage":"pt-BR"},{"@type":"Person","@id":"https:\/\/www.encontravitoria.com.br\/sobre\/#\/schema\/person\/0f8e5bcc88fbadf1bad57afd504f48a2","name":"Encontra Vit\u00f3ria","image":{"@type":"ImageObject","inLanguage":"pt-BR","@id":"https:\/\/secure.gravatar.com\/avatar\/507340682b8270222e1f208e23198b6ae7e2c6a1033ae84e99bc6bce4f82a387?s=96&d=mm&r=g","url":"https:\/\/secure.gravatar.com\/avatar\/507340682b8270222e1f208e23198b6ae7e2c6a1033ae84e99bc6bce4f82a387?s=96&d=mm&r=g","contentUrl":"https:\/\/secure.gravatar.com\/avatar\/507340682b8270222e1f208e23198b6ae7e2c6a1033ae84e99bc6bce4f82a387?s=96&d=mm&r=g","caption":"Encontra Vit\u00f3ria"},"sameAs":["http:\/\/www.encontravitoria.com.br"],"url":"https:\/\/www.encontravitoria.com.br\/sobre\/author\/evitoria\/"}]}},"_links":{"self":[{"href":"https:\/\/www.encontravitoria.com.br\/sobre\/wp-json\/wp\/v2\/posts\/2193","targetHints":{"allow":["GET"]}}],"collection":[{"href":"https:\/\/www.encontravitoria.com.br\/sobre\/wp-json\/wp\/v2\/posts"}],"about":[{"href":"https:\/\/www.encontravitoria.com.br\/sobre\/wp-json\/wp\/v2\/types\/post"}],"author":[{"embeddable":true,"href":"https:\/\/www.encontravitoria.com.br\/sobre\/wp-json\/wp\/v2\/users\/1"}],"replies":[{"embeddable":true,"href":"https:\/\/www.encontravitoria.com.br\/sobre\/wp-json\/wp\/v2\/comments?post=2193"}],"version-history":[{"count":0,"href":"https:\/\/www.encontravitoria.com.br\/sobre\/wp-json\/wp\/v2\/posts\/2193\/revisions"}],"wp:featuredmedia":[{"embeddable":true,"href":"https:\/\/www.encontravitoria.com.br\/sobre\/wp-json\/wp\/v2\/media\/2192"}],"wp:attachment":[{"href":"https:\/\/www.encontravitoria.com.br\/sobre\/wp-json\/wp\/v2\/media?parent=2193"}],"wp:term":[{"taxonomy":"category","embeddable":true,"href":"https:\/\/www.encontravitoria.com.br\/sobre\/wp-json\/wp\/v2\/categories?post=2193"},{"taxonomy":"post_tag","embeddable":true,"href":"https:\/\/www.encontravitoria.com.br\/sobre\/wp-json\/wp\/v2\/tags?post=2193"}],"curies":[{"name":"wp","href":"https:\/\/api.w.org\/{rel}","templated":true}]}}