{"id":2197,"date":"2026-08-19T11:04:31","date_gmt":"2026-08-19T11:04:31","guid":{"rendered":"https:\/\/www.encontravitoria.com.br\/sobre\/prefeitura-de-vitoria-publica-primeira-orientacao-tecnica-do-cpdp-e-reforca-protecao-de-dados\/"},"modified":"2026-08-19T11:04:31","modified_gmt":"2026-08-19T11:04:31","slug":"prefeitura-de-vitoria-publica-primeira-orientacao-tecnica-do-cpdp-e-reforca-protecao-de-dados","status":"publish","type":"post","link":"https:\/\/www.encontravitoria.com.br\/sobre\/prefeitura-de-vitoria-publica-primeira-orientacao-tecnica-do-cpdp-e-reforca-protecao-de-dados\/","title":{"rendered":"Prefeitura de Vit\u00f3ria publica primeira Orienta\u00e7\u00e3o T\u00e9cnica do CPDP e refor\u00e7a prote\u00e7\u00e3o de dados"},"content":{"rendered":"<div class=\"23ed37709e053b55400ee1990aeffe41\" data-index=\"1\" style=\"float: none; margin:0px;\">\n<!-- Anuncio display - global -->\r\n<ins class=\"adsbygoogle\"\r\n     style=\"display:block\"\r\n     data-ad-client=\"ca-pub-8585364105181520\"\r\n     data-ad-slot=\"8789329856\"\r\n     data-ad-format=\"auto\"\r\n     data-full-width-responsive=\"true\"><\/ins>\r\n<script>\r\n     (adsbygoogle = window.adsbygoogle || []).push({});\r\n<\/script>\n<\/div>\n<h2>O que \u00e9 o CPDP?<\/h2>\n<p>O Comit\u00ea de Prote\u00e7\u00e3o de Dados Pessoais (CPDP) \u00e9 a entidade encarregada de supervisionar e orientar a aplica\u00e7\u00e3o das normas referentes \u00e0 prote\u00e7\u00e3o de dados dentro da administra\u00e7\u00e3o p\u00fablica. O comit\u00ea \u00e9 fundamental para assegurar que a coleta, o tratamento e a divulga\u00e7\u00e3o de informa\u00e7\u00f5es pessoais sejam realizadas de acordo com a legisla\u00e7\u00e3o brasileira, especialmente a Lei Geral de Prote\u00e7\u00e3o de Dados Pessoais (LGPD).<\/p>\n<h2>Import\u00e2ncia da Orienta\u00e7\u00e3o T\u00e9cnica<\/h2>\n<p>A publica\u00e7\u00e3o da Orienta\u00e7\u00e3o T\u00e9cnica do CPDP \u00e9 uma iniciativa crucial para garantir que todos os \u00f3rg\u00e3os e entidades municipais estejam em conformidade com as diretrizes da LGPD. Ela oferece um guia pr\u00e1tico que auxilia os servidores a lidarem com a seguran\u00e7a das informa\u00e7\u00f5es pessoais, estabelecendo diretrizes claras para reduzir riscos e refor\u00e7ar a prote\u00e7\u00e3o de dados no servi\u00e7o p\u00fablico.<\/p>\n<h2>Objetivos da Nova Diretriz<\/h2>\n<p>Os principais objetivos da Orienta\u00e7\u00e3o T\u00e9cnica incluem:<\/p>\n<p><img decoding=\"async\" src=\"https:\/\/www.encontravitoria.com.br\/sobre\/wp-content\/uploads\/2026\/08\/prefeitura-de-vitoria-publica-primeira-orientacao-tecnica-do-cpdp-e-reforca-protecao-de-dados.webp\" alt=\"prote\u00e7\u00e3o de dados\" loading=\"lazy\" \/><\/p>\n<ul>\n<li><strong>Assegurar a Transpar\u00eancia:<\/strong> Aumentar a clareza sobre como os dados pessoais s\u00e3o tratados e protegidos nos documentos publicados.<\/li>\n<li><strong>Proteger os Dados Pessoais:<\/strong> Orientar sobre quais informa\u00e7\u00f5es podem ser divulgadas e como ocultar dados sens\u00edveis.<\/li>\n<li><strong>Promover a Conformidade:<\/strong> Garantir que os procedimentos de tratamento de dados estejam alinhados com a LGPD.<\/li>\n<\/ul>\n<h2>Como os Servidores Devem Proceder<\/h2>\n<p>Os servidores devem seguir algumas diretrizes ao manusear documentos que contenham informa\u00e7\u00f5es pessoais:<\/p>\n<ul>\n<li><strong>Avalia\u00e7\u00e3o de Documentos:<\/strong> Antes da publica\u00e7\u00e3o, revisar os documentos para identificar quais dados s\u00e3o essenciais e quais devem ser ocultados.<\/li>\n<li><strong>Oculta\u00e7\u00e3o de Dados Sens\u00edveis:<\/strong> Aplicar t\u00e9cnicas de anonimiza\u00e7\u00e3o ou pseudonimiza\u00e7\u00e3o para proteger informa\u00e7\u00f5es pessoais.<\/li>\n<li><strong>Capacita\u00e7\u00e3o Cont\u00ednua:<\/strong> Participar de treinamentos regulares sobre prote\u00e7\u00e3o de dados e a aplica\u00e7\u00e3o da LGPD.<\/li>\n<\/ul>\n<h2>Principais Mudan\u00e7as na Publicidade de Dados<\/h2>\n<p>A nova orienta\u00e7\u00e3o introduz diversas mudan\u00e7as significativas, como:<\/p>\n<ul>\n<li><strong>Avalia\u00e7\u00e3o Cr\u00edtica da Necessidade:<\/strong> Os servidores precisam considerar se cada dado publicado \u00e9 necess\u00e1rio para o entendimento completo do ato administrativo.<\/li>\n<li><strong>Prote\u00e7\u00e3o de Dados em Documentos P\u00fablicos:<\/strong> Estabelece a obrigatoriedade de ocultar informa\u00e7\u00f5es que n\u00e3o s\u00e3o relevantes para a transpar\u00eancia e podem comprometer a privacidade dos cidad\u00e3os.<\/li>\n<li><strong>Diretrizes Claras para Publica\u00e7\u00e3o:<\/strong> Fornece um guia passo a passo sobre como publicar documentos online de maneira que esteja em conformidade com a LGPD.<\/li>\n<\/ul>\n<h2>Prote\u00e7\u00e3o de Dados e Transpar\u00eancia<\/h2>\n<p>Um dos dilemas enfrentados pela administra\u00e7\u00e3o p\u00fablica \u00e9 o equil\u00edbrio entre prote\u00e7\u00e3o de dados e transpar\u00eancia. A nova orienta\u00e7\u00e3o visa garantir que enquanto as a\u00e7\u00f5es do governo sejam vis\u00edveis ao p\u00fablico, a privacidade e prote\u00e7\u00e3o dos indiv\u00edduos tamb\u00e9m sejam respeitadas. Esse equil\u00edbrio \u00e9 essencial para manter a confian\u00e7a da popula\u00e7\u00e3o nas institui\u00e7\u00f5es p\u00fablicas.<\/p>\n<h2>Pap\u00e9is e Responsabilidades dos Servidores<\/h2>\n<p>Os servidores possuem pap\u00e9is cruciais na prote\u00e7\u00e3o de dados, incluindo:<\/p>\n<ul>\n<li><strong>Responsabilidade Pessoal:<\/strong> Cada funcion\u00e1rio deve zelar pela confidencialidade e seguran\u00e7a dos dados que gerencia.<\/li>\n<li><strong>Colabora\u00e7\u00e3o com o CPDP:<\/strong> Manter um canal aberto de comunica\u00e7\u00e3o com o comit\u00ea para esclarecer d\u00favidas e receber orienta\u00e7\u00f5es espec\u00edficas.<\/li>\n<li><strong>Adequa\u00e7\u00e3o aos Processos:<\/strong> Integrar as diretrizes do CPDP nos procedimentos cotidianos de trabalho, garantindo que cada etapa do tratamento de dados esteja em conformidade com as normativas.<\/li>\n<\/ul>\n<h2>Como a LGPD Afeta a Administra\u00e7\u00e3o<\/h2>\n<p>A Lei Geral de Prote\u00e7\u00e3o de Dados Pessoais traz impactos diretos na maneira como a administra\u00e7\u00e3o p\u00fablica opera. Todos os \u00f3rg\u00e3os devem:<\/p>\n<ul>\n<li><strong>Implementar Pol\u00edticas de Prote\u00e7\u00e3o:<\/strong> Desenvolver e adotar pol\u00edticas que visem \u00e0 conformidade com a LGPD de forma proativa.<\/li>\n<li><strong>Treinamentos Regulares:<\/strong> Promover capacita\u00e7\u00f5es peri\u00f3dicas para garantir que todos os servidores estejam cientes das suas responsabilidades em rela\u00e7\u00e3o \u00e0 prote\u00e7\u00e3o de dados.<\/li>\n<li><strong>Acompanhamento e Controle:<\/strong> Realizar auditorias e revis\u00f5es frequentes para avaliar a efic\u00e1cia das pr\u00e1ticas de prote\u00e7\u00e3o de dados implementadas.<\/li>\n<\/ul>\n<h2>Avalia\u00e7\u00e3o de Documentos P\u00fablicos<\/h2>\n<p>Os servidores devem adotar um processo sistem\u00e1tico de avalia\u00e7\u00e3o dos documentos que precisam ser publicados. As etapas incluem:<\/p>\n<ul>\n<li><strong>Identifica\u00e7\u00e3o de Dados Pessoais:<\/strong> Reconhecer quais dados contidos nos documentos s\u00e3o considerados pessoais e, portanto, devem ser protegidos.<\/li>\n<li><strong>Decis\u00e3o sobre a Divulga\u00e7\u00e3o:<\/strong> Determinar quais informa\u00e7\u00f5es s\u00e3o essenciais para a transpar\u00eancia e quais devem ser ocultadas ou removidas.<\/li>\n<li><strong>Registro das Decis\u00f5es:<\/strong> Documentar as decis\u00f5es tomadas para cada caso de publica\u00e7\u00e3o, garantindo a rastreabilidade e responsabilidade.<\/li>\n<\/ul>\n<h2>Vis\u00e3o Futura para a Prote\u00e7\u00e3o de Dados em Vit\u00f3ria<\/h2>\n<p>A longo prazo, a Prefeitura de Vit\u00f3ria busca criar um ambiente seguro em que dados pessoais sejam trat\u00e1veis com responsabilidade. Isso inclui:<\/p>\n<ul>\n<li><strong>Cultura de Prote\u00e7\u00e3o de Dados:<\/strong> Fortalecer a cultura de prote\u00e7\u00e3o de dados dentro da administra\u00e7\u00e3o, sensibilizando todos os servidores sobre sua import\u00e2ncia.<\/li>\n<li><strong>Inova\u00e7\u00e3o e Tecnologia:<\/strong> Apostar em tecnologias que auxiliem no tratamento seguro das informa\u00e7\u00f5es, como ferramentas de anonimiza\u00e7\u00e3o e sistemas de gest\u00e3o de dados.<\/li>\n<li><strong>Fiscaliza\u00e7\u00e3o e Ajustes Regulares:<\/strong> Estabelecer um plano de fiscaliza\u00e7\u00e3o cont\u00ednua que permita ajustes nas pol\u00edticas de prote\u00e7\u00e3o de dados conforme necess\u00e1rio.<\/li>\n<\/ul>\n\n<div style=\"font-size: 0px; height: 0px; line-height: 0px; margin: 0; padding: 0; clear: both;\"><\/div>","protected":false},"excerpt":{"rendered":"<p>Nova orienta\u00e7\u00e3o t\u00e9cnica do CPDP refor\u00e7a a prote\u00e7\u00e3o de dados pessoais em Vit\u00f3ria.<\/p>\n","protected":false},"author":1,"featured_media":2196,"comment_status":"open","ping_status":"closed","sticky":false,"template":"","format":"standard","meta":{"footnotes":""},"categories":[6],"tags":[],"class_list":["post-2197","post","type-post","status-publish","format-standard","has-post-thumbnail","hentry","category-noticias-em-vitoria","has_thumb"],"yoast_head":"<!-- This site is optimized with the Yoast SEO plugin v28.2 - https:\/\/yoast.com\/product\/yoast-seo-wordpress\/ -->\n<title>Prefeitura de Vit\u00f3ria publica primeira Orienta\u00e7\u00e3o T\u00e9cnica do CPDP e refor\u00e7a prote\u00e7\u00e3o de dados - Encontra Vit\u00f3ria<\/title>\n<meta name=\"robots\" content=\"index, follow, max-snippet:-1, max-image-preview:large, max-video-preview:-1\" \/>\n<link rel=\"canonical\" href=\"https:\/\/www.encontravitoria.com.br\/sobre\/prefeitura-de-vitoria-publica-primeira-orientacao-tecnica-do-cpdp-e-reforca-protecao-de-dados\/\" \/>\n<meta property=\"og:locale\" content=\"pt_BR\" \/>\n<meta property=\"og:type\" content=\"article\" \/>\n<meta property=\"og:title\" content=\"Prefeitura de Vit\u00f3ria publica primeira Orienta\u00e7\u00e3o T\u00e9cnica do CPDP e refor\u00e7a prote\u00e7\u00e3o de dados - Encontra Vit\u00f3ria\" \/>\n<meta property=\"og:description\" content=\"Nova orienta\u00e7\u00e3o t\u00e9cnica do CPDP refor\u00e7a a prote\u00e7\u00e3o de dados pessoais em Vit\u00f3ria.\" \/>\n<meta property=\"og:url\" content=\"https:\/\/www.encontravitoria.com.br\/sobre\/prefeitura-de-vitoria-publica-primeira-orientacao-tecnica-do-cpdp-e-reforca-protecao-de-dados\/\" \/>\n<meta property=\"og:site_name\" content=\"Encontra Vit\u00f3ria\" \/>\n<meta property=\"article:published_time\" content=\"2026-08-19T11:04:31+00:00\" \/>\n<meta property=\"og:image\" content=\"https:\/\/www.encontravitoria.com.br\/sobre\/wp-content\/uploads\/2026\/08\/prefeitura-de-vitoria-publica-primeira-orientacao-tecnica-do-cpdp-e-reforca-protecao-de-dados.webp\" \/>\n<meta name=\"author\" content=\"Encontra Vit\u00f3ria\" \/>\n<meta name=\"twitter:card\" content=\"summary_large_image\" \/>\n<meta name=\"twitter:label1\" content=\"Escrito por\" \/>\n\t<meta name=\"twitter:data1\" content=\"Encontra Vit\u00f3ria\" \/>\n\t<meta name=\"twitter:label2\" content=\"Est. tempo de leitura\" \/>\n\t<meta name=\"twitter:data2\" content=\"4 minutos\" \/>\n<script type=\"application\/ld+json\" class=\"yoast-schema-graph\">{\"@context\":\"https:\\\/\\\/schema.org\",\"@graph\":[{\"@type\":\"Article\",\"@id\":\"https:\\\/\\\/www.encontravitoria.com.br\\\/sobre\\\/prefeitura-de-vitoria-publica-primeira-orientacao-tecnica-do-cpdp-e-reforca-protecao-de-dados\\\/#article\",\"isPartOf\":{\"@id\":\"https:\\\/\\\/www.encontravitoria.com.br\\\/sobre\\\/prefeitura-de-vitoria-publica-primeira-orientacao-tecnica-do-cpdp-e-reforca-protecao-de-dados\\\/\"},\"author\":{\"name\":\"Encontra Vit\u00f3ria\",\"@id\":\"https:\\\/\\\/www.encontravitoria.com.br\\\/sobre\\\/#\\\/schema\\\/person\\\/0f8e5bcc88fbadf1bad57afd504f48a2\"},\"headline\":\"Prefeitura de Vit\u00f3ria publica primeira Orienta\u00e7\u00e3o T\u00e9cnica do CPDP e refor\u00e7a prote\u00e7\u00e3o de dados\",\"datePublished\":\"2026-08-19T11:04:31+00:00\",\"mainEntityOfPage\":{\"@id\":\"https:\\\/\\\/www.encontravitoria.com.br\\\/sobre\\\/prefeitura-de-vitoria-publica-primeira-orientacao-tecnica-do-cpdp-e-reforca-protecao-de-dados\\\/\"},\"wordCount\":885,\"commentCount\":0,\"image\":{\"@id\":\"https:\\\/\\\/www.encontravitoria.com.br\\\/sobre\\\/prefeitura-de-vitoria-publica-primeira-orientacao-tecnica-do-cpdp-e-reforca-protecao-de-dados\\\/#primaryimage\"},\"thumbnailUrl\":\"https:\\\/\\\/www.encontravitoria.com.br\\\/sobre\\\/wp-content\\\/uploads\\\/2026\\\/08\\\/prefeitura-de-vitoria-publica-primeira-orientacao-tecnica-do-cpdp-e-reforca-protecao-de-dados.webp\",\"articleSection\":[\"Not\u00edcias Vit\u00f3ria\"],\"inLanguage\":\"pt-BR\",\"potentialAction\":[{\"@type\":\"CommentAction\",\"name\":\"Comment\",\"target\":[\"https:\\\/\\\/www.encontravitoria.com.br\\\/sobre\\\/prefeitura-de-vitoria-publica-primeira-orientacao-tecnica-do-cpdp-e-reforca-protecao-de-dados\\\/#respond\"]}]},{\"@type\":\"WebPage\",\"@id\":\"https:\\\/\\\/www.encontravitoria.com.br\\\/sobre\\\/prefeitura-de-vitoria-publica-primeira-orientacao-tecnica-do-cpdp-e-reforca-protecao-de-dados\\\/\",\"url\":\"https:\\\/\\\/www.encontravitoria.com.br\\\/sobre\\\/prefeitura-de-vitoria-publica-primeira-orientacao-tecnica-do-cpdp-e-reforca-protecao-de-dados\\\/\",\"name\":\"Prefeitura de Vit\u00f3ria publica primeira Orienta\u00e7\u00e3o T\u00e9cnica do CPDP e refor\u00e7a prote\u00e7\u00e3o de dados - Encontra Vit\u00f3ria\",\"isPartOf\":{\"@id\":\"https:\\\/\\\/www.encontravitoria.com.br\\\/sobre\\\/#website\"},\"primaryImageOfPage\":{\"@id\":\"https:\\\/\\\/www.encontravitoria.com.br\\\/sobre\\\/prefeitura-de-vitoria-publica-primeira-orientacao-tecnica-do-cpdp-e-reforca-protecao-de-dados\\\/#primaryimage\"},\"image\":{\"@id\":\"https:\\\/\\\/www.encontravitoria.com.br\\\/sobre\\\/prefeitura-de-vitoria-publica-primeira-orientacao-tecnica-do-cpdp-e-reforca-protecao-de-dados\\\/#primaryimage\"},\"thumbnailUrl\":\"https:\\\/\\\/www.encontravitoria.com.br\\\/sobre\\\/wp-content\\\/uploads\\\/2026\\\/08\\\/prefeitura-de-vitoria-publica-primeira-orientacao-tecnica-do-cpdp-e-reforca-protecao-de-dados.webp\",\"datePublished\":\"2026-08-19T11:04:31+00:00\",\"author\":{\"@id\":\"https:\\\/\\\/www.encontravitoria.com.br\\\/sobre\\\/#\\\/schema\\\/person\\\/0f8e5bcc88fbadf1bad57afd504f48a2\"},\"breadcrumb\":{\"@id\":\"https:\\\/\\\/www.encontravitoria.com.br\\\/sobre\\\/prefeitura-de-vitoria-publica-primeira-orientacao-tecnica-do-cpdp-e-reforca-protecao-de-dados\\\/#breadcrumb\"},\"inLanguage\":\"pt-BR\",\"potentialAction\":[{\"@type\":\"ReadAction\",\"target\":[\"https:\\\/\\\/www.encontravitoria.com.br\\\/sobre\\\/prefeitura-de-vitoria-publica-primeira-orientacao-tecnica-do-cpdp-e-reforca-protecao-de-dados\\\/\"]}]},{\"@type\":\"ImageObject\",\"inLanguage\":\"pt-BR\",\"@id\":\"https:\\\/\\\/www.encontravitoria.com.br\\\/sobre\\\/prefeitura-de-vitoria-publica-primeira-orientacao-tecnica-do-cpdp-e-reforca-protecao-de-dados\\\/#primaryimage\",\"url\":\"https:\\\/\\\/www.encontravitoria.com.br\\\/sobre\\\/wp-content\\\/uploads\\\/2026\\\/08\\\/prefeitura-de-vitoria-publica-primeira-orientacao-tecnica-do-cpdp-e-reforca-protecao-de-dados.webp\",\"contentUrl\":\"https:\\\/\\\/www.encontravitoria.com.br\\\/sobre\\\/wp-content\\\/uploads\\\/2026\\\/08\\\/prefeitura-de-vitoria-publica-primeira-orientacao-tecnica-do-cpdp-e-reforca-protecao-de-dados.webp\",\"width\":280,\"height\":280,\"caption\":\"prote\u00e7\u00e3o de dados\"},{\"@type\":\"BreadcrumbList\",\"@id\":\"https:\\\/\\\/www.encontravitoria.com.br\\\/sobre\\\/prefeitura-de-vitoria-publica-primeira-orientacao-tecnica-do-cpdp-e-reforca-protecao-de-dados\\\/#breadcrumb\",\"itemListElement\":[{\"@type\":\"ListItem\",\"position\":1,\"name\":\"In\u00edcio\",\"item\":\"https:\\\/\\\/www.encontravitoria.com.br\\\/sobre\\\/\"},{\"@type\":\"ListItem\",\"position\":2,\"name\":\"Prefeitura de Vit\u00f3ria publica primeira Orienta\u00e7\u00e3o T\u00e9cnica do CPDP e refor\u00e7a prote\u00e7\u00e3o de dados\"}]},{\"@type\":\"WebSite\",\"@id\":\"https:\\\/\\\/www.encontravitoria.com.br\\\/sobre\\\/#website\",\"url\":\"https:\\\/\\\/www.encontravitoria.com.br\\\/sobre\\\/\",\"name\":\"Encontra Vit\u00f3ria\",\"description\":\"Not\u00edcias, eventos, informa\u00e7\u00f5es e dicas na cidade Vit\u00f3ria e regi\u00e3o.\",\"potentialAction\":[{\"@type\":\"SearchAction\",\"target\":{\"@type\":\"EntryPoint\",\"urlTemplate\":\"https:\\\/\\\/www.encontravitoria.com.br\\\/sobre\\\/?s={search_term_string}\"},\"query-input\":{\"@type\":\"PropertyValueSpecification\",\"valueRequired\":true,\"valueName\":\"search_term_string\"}}],\"inLanguage\":\"pt-BR\"},{\"@type\":\"Person\",\"@id\":\"https:\\\/\\\/www.encontravitoria.com.br\\\/sobre\\\/#\\\/schema\\\/person\\\/0f8e5bcc88fbadf1bad57afd504f48a2\",\"name\":\"Encontra Vit\u00f3ria\",\"image\":{\"@type\":\"ImageObject\",\"inLanguage\":\"pt-BR\",\"@id\":\"https:\\\/\\\/secure.gravatar.com\\\/avatar\\\/507340682b8270222e1f208e23198b6ae7e2c6a1033ae84e99bc6bce4f82a387?s=96&d=mm&r=g\",\"url\":\"https:\\\/\\\/secure.gravatar.com\\\/avatar\\\/507340682b8270222e1f208e23198b6ae7e2c6a1033ae84e99bc6bce4f82a387?s=96&d=mm&r=g\",\"contentUrl\":\"https:\\\/\\\/secure.gravatar.com\\\/avatar\\\/507340682b8270222e1f208e23198b6ae7e2c6a1033ae84e99bc6bce4f82a387?s=96&d=mm&r=g\",\"caption\":\"Encontra Vit\u00f3ria\"},\"sameAs\":[\"http:\\\/\\\/www.encontravitoria.com.br\"],\"url\":\"https:\\\/\\\/www.encontravitoria.com.br\\\/sobre\\\/author\\\/evitoria\\\/\"}]}<\/script>\n<!-- \/ Yoast SEO plugin. -->","yoast_head_json":{"title":"Prefeitura de Vit\u00f3ria publica primeira Orienta\u00e7\u00e3o T\u00e9cnica do CPDP e refor\u00e7a prote\u00e7\u00e3o de dados - Encontra Vit\u00f3ria","robots":{"index":"index","follow":"follow","max-snippet":"max-snippet:-1","max-image-preview":"max-image-preview:large","max-video-preview":"max-video-preview:-1"},"canonical":"https:\/\/www.encontravitoria.com.br\/sobre\/prefeitura-de-vitoria-publica-primeira-orientacao-tecnica-do-cpdp-e-reforca-protecao-de-dados\/","og_locale":"pt_BR","og_type":"article","og_title":"Prefeitura de Vit\u00f3ria publica primeira Orienta\u00e7\u00e3o T\u00e9cnica do CPDP e refor\u00e7a prote\u00e7\u00e3o de dados - Encontra Vit\u00f3ria","og_description":"Nova orienta\u00e7\u00e3o t\u00e9cnica do CPDP refor\u00e7a a prote\u00e7\u00e3o de dados pessoais em Vit\u00f3ria.","og_url":"https:\/\/www.encontravitoria.com.br\/sobre\/prefeitura-de-vitoria-publica-primeira-orientacao-tecnica-do-cpdp-e-reforca-protecao-de-dados\/","og_site_name":"Encontra Vit\u00f3ria","article_published_time":"2026-08-19T11:04:31+00:00","og_image":[{"url":"https:\/\/www.encontravitoria.com.br\/sobre\/wp-content\/uploads\/2026\/08\/prefeitura-de-vitoria-publica-primeira-orientacao-tecnica-do-cpdp-e-reforca-protecao-de-dados.webp","type":"","width":"","height":""}],"author":"Encontra Vit\u00f3ria","twitter_card":"summary_large_image","twitter_misc":{"Escrito por":"Encontra Vit\u00f3ria","Est. tempo de leitura":"4 minutos"},"schema":{"@context":"https:\/\/schema.org","@graph":[{"@type":"Article","@id":"https:\/\/www.encontravitoria.com.br\/sobre\/prefeitura-de-vitoria-publica-primeira-orientacao-tecnica-do-cpdp-e-reforca-protecao-de-dados\/#article","isPartOf":{"@id":"https:\/\/www.encontravitoria.com.br\/sobre\/prefeitura-de-vitoria-publica-primeira-orientacao-tecnica-do-cpdp-e-reforca-protecao-de-dados\/"},"author":{"name":"Encontra Vit\u00f3ria","@id":"https:\/\/www.encontravitoria.com.br\/sobre\/#\/schema\/person\/0f8e5bcc88fbadf1bad57afd504f48a2"},"headline":"Prefeitura de Vit\u00f3ria publica primeira Orienta\u00e7\u00e3o T\u00e9cnica do CPDP e refor\u00e7a prote\u00e7\u00e3o de dados","datePublished":"2026-08-19T11:04:31+00:00","mainEntityOfPage":{"@id":"https:\/\/www.encontravitoria.com.br\/sobre\/prefeitura-de-vitoria-publica-primeira-orientacao-tecnica-do-cpdp-e-reforca-protecao-de-dados\/"},"wordCount":885,"commentCount":0,"image":{"@id":"https:\/\/www.encontravitoria.com.br\/sobre\/prefeitura-de-vitoria-publica-primeira-orientacao-tecnica-do-cpdp-e-reforca-protecao-de-dados\/#primaryimage"},"thumbnailUrl":"https:\/\/www.encontravitoria.com.br\/sobre\/wp-content\/uploads\/2026\/08\/prefeitura-de-vitoria-publica-primeira-orientacao-tecnica-do-cpdp-e-reforca-protecao-de-dados.webp","articleSection":["Not\u00edcias Vit\u00f3ria"],"inLanguage":"pt-BR","potentialAction":[{"@type":"CommentAction","name":"Comment","target":["https:\/\/www.encontravitoria.com.br\/sobre\/prefeitura-de-vitoria-publica-primeira-orientacao-tecnica-do-cpdp-e-reforca-protecao-de-dados\/#respond"]}]},{"@type":"WebPage","@id":"https:\/\/www.encontravitoria.com.br\/sobre\/prefeitura-de-vitoria-publica-primeira-orientacao-tecnica-do-cpdp-e-reforca-protecao-de-dados\/","url":"https:\/\/www.encontravitoria.com.br\/sobre\/prefeitura-de-vitoria-publica-primeira-orientacao-tecnica-do-cpdp-e-reforca-protecao-de-dados\/","name":"Prefeitura de Vit\u00f3ria publica primeira Orienta\u00e7\u00e3o T\u00e9cnica do CPDP e refor\u00e7a prote\u00e7\u00e3o de dados - Encontra Vit\u00f3ria","isPartOf":{"@id":"https:\/\/www.encontravitoria.com.br\/sobre\/#website"},"primaryImageOfPage":{"@id":"https:\/\/www.encontravitoria.com.br\/sobre\/prefeitura-de-vitoria-publica-primeira-orientacao-tecnica-do-cpdp-e-reforca-protecao-de-dados\/#primaryimage"},"image":{"@id":"https:\/\/www.encontravitoria.com.br\/sobre\/prefeitura-de-vitoria-publica-primeira-orientacao-tecnica-do-cpdp-e-reforca-protecao-de-dados\/#primaryimage"},"thumbnailUrl":"https:\/\/www.encontravitoria.com.br\/sobre\/wp-content\/uploads\/2026\/08\/prefeitura-de-vitoria-publica-primeira-orientacao-tecnica-do-cpdp-e-reforca-protecao-de-dados.webp","datePublished":"2026-08-19T11:04:31+00:00","author":{"@id":"https:\/\/www.encontravitoria.com.br\/sobre\/#\/schema\/person\/0f8e5bcc88fbadf1bad57afd504f48a2"},"breadcrumb":{"@id":"https:\/\/www.encontravitoria.com.br\/sobre\/prefeitura-de-vitoria-publica-primeira-orientacao-tecnica-do-cpdp-e-reforca-protecao-de-dados\/#breadcrumb"},"inLanguage":"pt-BR","potentialAction":[{"@type":"ReadAction","target":["https:\/\/www.encontravitoria.com.br\/sobre\/prefeitura-de-vitoria-publica-primeira-orientacao-tecnica-do-cpdp-e-reforca-protecao-de-dados\/"]}]},{"@type":"ImageObject","inLanguage":"pt-BR","@id":"https:\/\/www.encontravitoria.com.br\/sobre\/prefeitura-de-vitoria-publica-primeira-orientacao-tecnica-do-cpdp-e-reforca-protecao-de-dados\/#primaryimage","url":"https:\/\/www.encontravitoria.com.br\/sobre\/wp-content\/uploads\/2026\/08\/prefeitura-de-vitoria-publica-primeira-orientacao-tecnica-do-cpdp-e-reforca-protecao-de-dados.webp","contentUrl":"https:\/\/www.encontravitoria.com.br\/sobre\/wp-content\/uploads\/2026\/08\/prefeitura-de-vitoria-publica-primeira-orientacao-tecnica-do-cpdp-e-reforca-protecao-de-dados.webp","width":280,"height":280,"caption":"prote\u00e7\u00e3o de dados"},{"@type":"BreadcrumbList","@id":"https:\/\/www.encontravitoria.com.br\/sobre\/prefeitura-de-vitoria-publica-primeira-orientacao-tecnica-do-cpdp-e-reforca-protecao-de-dados\/#breadcrumb","itemListElement":[{"@type":"ListItem","position":1,"name":"In\u00edcio","item":"https:\/\/www.encontravitoria.com.br\/sobre\/"},{"@type":"ListItem","position":2,"name":"Prefeitura de Vit\u00f3ria publica primeira Orienta\u00e7\u00e3o T\u00e9cnica do CPDP e refor\u00e7a prote\u00e7\u00e3o de dados"}]},{"@type":"WebSite","@id":"https:\/\/www.encontravitoria.com.br\/sobre\/#website","url":"https:\/\/www.encontravitoria.com.br\/sobre\/","name":"Encontra Vit\u00f3ria","description":"Not\u00edcias, eventos, informa\u00e7\u00f5es e dicas na cidade Vit\u00f3ria e regi\u00e3o.","potentialAction":[{"@type":"SearchAction","target":{"@type":"EntryPoint","urlTemplate":"https:\/\/www.encontravitoria.com.br\/sobre\/?s={search_term_string}"},"query-input":{"@type":"PropertyValueSpecification","valueRequired":true,"valueName":"search_term_string"}}],"inLanguage":"pt-BR"},{"@type":"Person","@id":"https:\/\/www.encontravitoria.com.br\/sobre\/#\/schema\/person\/0f8e5bcc88fbadf1bad57afd504f48a2","name":"Encontra Vit\u00f3ria","image":{"@type":"ImageObject","inLanguage":"pt-BR","@id":"https:\/\/secure.gravatar.com\/avatar\/507340682b8270222e1f208e23198b6ae7e2c6a1033ae84e99bc6bce4f82a387?s=96&d=mm&r=g","url":"https:\/\/secure.gravatar.com\/avatar\/507340682b8270222e1f208e23198b6ae7e2c6a1033ae84e99bc6bce4f82a387?s=96&d=mm&r=g","contentUrl":"https:\/\/secure.gravatar.com\/avatar\/507340682b8270222e1f208e23198b6ae7e2c6a1033ae84e99bc6bce4f82a387?s=96&d=mm&r=g","caption":"Encontra Vit\u00f3ria"},"sameAs":["http:\/\/www.encontravitoria.com.br"],"url":"https:\/\/www.encontravitoria.com.br\/sobre\/author\/evitoria\/"}]}},"_links":{"self":[{"href":"https:\/\/www.encontravitoria.com.br\/sobre\/wp-json\/wp\/v2\/posts\/2197","targetHints":{"allow":["GET"]}}],"collection":[{"href":"https:\/\/www.encontravitoria.com.br\/sobre\/wp-json\/wp\/v2\/posts"}],"about":[{"href":"https:\/\/www.encontravitoria.com.br\/sobre\/wp-json\/wp\/v2\/types\/post"}],"author":[{"embeddable":true,"href":"https:\/\/www.encontravitoria.com.br\/sobre\/wp-json\/wp\/v2\/users\/1"}],"replies":[{"embeddable":true,"href":"https:\/\/www.encontravitoria.com.br\/sobre\/wp-json\/wp\/v2\/comments?post=2197"}],"version-history":[{"count":0,"href":"https:\/\/www.encontravitoria.com.br\/sobre\/wp-json\/wp\/v2\/posts\/2197\/revisions"}],"wp:featuredmedia":[{"embeddable":true,"href":"https:\/\/www.encontravitoria.com.br\/sobre\/wp-json\/wp\/v2\/media\/2196"}],"wp:attachment":[{"href":"https:\/\/www.encontravitoria.com.br\/sobre\/wp-json\/wp\/v2\/media?parent=2197"}],"wp:term":[{"taxonomy":"category","embeddable":true,"href":"https:\/\/www.encontravitoria.com.br\/sobre\/wp-json\/wp\/v2\/categories?post=2197"},{"taxonomy":"post_tag","embeddable":true,"href":"https:\/\/www.encontravitoria.com.br\/sobre\/wp-json\/wp\/v2\/tags?post=2197"}],"curies":[{"name":"wp","href":"https:\/\/api.w.org\/{rel}","templated":true}]}}