{"id":2245,"date":"2026-08-26T11:01:38","date_gmt":"2026-08-26T11:01:38","guid":{"rendered":"https:\/\/www.encontravitoria.com.br\/sobre\/lei-rubem-braga-leva-mostra-do-dramaticas-ao-centro-historico-de-vitoria-nesta-quinta\/"},"modified":"2026-08-26T11:01:38","modified_gmt":"2026-08-26T11:01:38","slug":"lei-rubem-braga-leva-mostra-do-dramaticas-ao-centro-historico-de-vitoria-nesta-quinta","status":"publish","type":"post","link":"https:\/\/www.encontravitoria.com.br\/sobre\/lei-rubem-braga-leva-mostra-do-dramaticas-ao-centro-historico-de-vitoria-nesta-quinta\/","title":{"rendered":"Lei Rubem Braga leva mostra do &#8220;Dram\u00e1ticas&#8221; ao Centro Hist\u00f3rico de Vit\u00f3ria nesta quinta"},"content":{"rendered":"<div class=\"23ed37709e053b55400ee1990aeffe41\" data-index=\"1\" style=\"float: none; margin:0px;\">\n<!-- Anuncio display - global -->\r\n<ins class=\"adsbygoogle\"\r\n     style=\"display:block\"\r\n     data-ad-client=\"ca-pub-8585364105181520\"\r\n     data-ad-slot=\"8789329856\"\r\n     data-ad-format=\"auto\"\r\n     data-full-width-responsive=\"true\"><\/ins>\r\n<script>\r\n     (adsbygoogle = window.adsbygoogle || []).push({});\r\n<\/script>\n<\/div>\n<h2>O que esperar da Mostra Final do &#8216;Dram\u00e1ticas&#8217;<\/h2>\n<p>A Mostra Final do projeto &#8216;Dram\u00e1ticas&#8217;, que ocorre no dia 20, \u00e0s 19 horas, ser\u00e1 um evento marcante, reunindo os frutos de meses de trabalho nas oficinas de dramaturgia e cria\u00e7\u00e3o c\u00eanica. Essa apresenta\u00e7\u00e3o acontece na sede do Coletivo Elas Tramam, localizada no Centro Hist\u00f3rico de Vit\u00f3ria.<\/p>\n<p>Durante cerca de tr\u00eas horas, o p\u00fablico ter\u00e1 a oportunidade de testemunhar o resultado das experi\u00eancias e processos criativos desenvolvidos pelos participantes. O evento promete ser uma rica imers\u00e3o nos universos da escrita dram\u00e1tica, com cada exerc\u00edcio, texto e cena sendo compartilhados e celebrados, criando um espa\u00e7o de intera\u00e7\u00e3o entre artistas e a comunidade.<\/p>\n<h2>Atividades Exclusivas para o P\u00fablico<\/h2>\n<p>A programa\u00e7\u00e3o inclui n\u00e3o apenas a apresenta\u00e7\u00e3o dos trabalhos desenvolvidos pelos participantes, mas tamb\u00e9m diversas atividades interativas. O p\u00fablico poder\u00e1 participar de leituras dram\u00e1ticas e um palco aberto, no qual novas vozes e express\u00f5es art\u00edsticas poder\u00e3o se manifestar. Este engajamento direto entre os artistas e o p\u00fablico \u00e9 uma parte essencial do evento, promovendo uma verdadeira troca cultural.<\/p>\n<p><img decoding=\"async\" src=\"https:\/\/www.encontravitoria.com.br\/sobre\/wp-content\/uploads\/2026\/08\/lei-rubem-braga-leva-mostra-do-dramaticas-ao-centro-historico-de-vitoria-nesta-quinta.webp\" alt=\"Dram\u00e1ticas\" loading=\"lazy\" \/><\/p>\n<h2>Detalhes sobre a Classifica\u00e7\u00e3o Indicativa<\/h2>\n<p>A Mostra Final \u00e9 classificada como sendo para maiores de 18 anos. Esta decis\u00e3o se deve ao conte\u00fado e \u00e0s tem\u00e1ticas abordadas, que podem n\u00e3o ser apropriadas para p\u00fablicos mais jovens. Essa classifica\u00e7\u00e3o indica um compromisso com a seguran\u00e7a e a adequa\u00e7\u00e3o do conte\u00fado apresentado, permitindo que os adultos explorem as nuances e complexidades da dramaturgia contempor\u00e2nea.<\/p>\n<h2>Como o Projeto Aumenta a Acessibilidade Cultural<\/h2>\n<p>Buscando garantir que todos possam participar do evento, a Mostra Final contar\u00e1 com a presen\u00e7a de um int\u00e9rprete de Libras. Essa iniciativa visa aumentar a acessibilidade, permitindo que pessoas com defici\u00eancia auditiva possam interagir e desfrutar plenamente da apresenta\u00e7\u00e3o. Al\u00e9m disso, o projeto realiza um levantamento pr\u00e9vio das necessidades de acessibilidade dos participantes atrav\u00e9s de um formul\u00e1rio durante a inscri\u00e7\u00e3o.<\/p>\n<h2>Impacto das Oficinas no Centro Hist\u00f3rico<\/h2>\n<p>As oficinas do &#8216;Dram\u00e1ticas&#8217; t\u00eam servido como um catalisador para a revitaliza\u00e7\u00e3o cultural do Centro Hist\u00f3rico de Vit\u00f3ria. Com mais de 84 inscritos nos dois primeiros ciclos, o projeto n\u00e3o s\u00f3 fomenta o desenvolvimento pessoal dos participantes, mas tamb\u00e9m promove uma significativa movimenta\u00e7\u00e3o cultural no local. Isso proporciona uma nova vida ao espa\u00e7o, atraindo tanto artistas quanto p\u00fablico para intera\u00e7\u00f5es significativas.<\/p>\n<h2>Apresenta\u00e7\u00f5es Art\u00edsticas e Perform\u00e1ticas<\/h2>\n<p>Al\u00e9m dos processos criativos dos participantes, o evento incluir\u00e1 apresenta\u00e7\u00f5es art\u00edsticas, como o show de Branu, que promete animar e enriquecer a atmosfera da mostra. Essas performances visam integrar diferentes express\u00f5es art\u00edsticas, ampliando o di\u00e1logo entre as diversas linguagens e formatos que comp\u00f5em a cena cultural local.<\/p>\n<h2>Bolsas de Perman\u00eancia para Participantes<\/h2>\n<p>Reconhecendo os desafios que alguns participantes enfrentam para se manter envolvidos nas atividades, o projeto tamb\u00e9m ofereceu bolsas de perman\u00eancia. Essa iniciativa proporciona suporte financeiro a indiv\u00edduos que poderiam ter dificuldades em arcar com custos relacionados \u00e0 sua participa\u00e7\u00e3o, garantindo que as oportunidades de capacita\u00e7\u00e3o sejam acess\u00edveis a todos.<\/p>\n<h2>Integra\u00e7\u00e3o da Comunidade com as Artes<\/h2>\n<p>Um dos principais objetivos do projeto &#8216;Dram\u00e1ticas&#8217; \u00e9 promover a integra\u00e7\u00e3o da comunidade com as artes. Com a inclus\u00e3o de atividades abertas ao p\u00fablico, a mostra encoraja a participa\u00e7\u00e3o de todos, criando um senso de pertencimento e comunidade. Esta integra\u00e7\u00e3o \u00e9 fundamental para fortalecer la\u00e7os sociais e ampliar o acesso \u00e0 cultura, permitindo que as experi\u00eancias art\u00edsticas sejam vividas coletivamente.<\/p>\n<h2>Perspectivas Futuras para o Coletivo Elas Tramam<\/h2>\n<p>Com o sucesso dos primeiros ciclos do &#8216;Dram\u00e1ticas&#8217;, o Coletivo Elas Tramam visa expandir suas atividades e oferecer novas oportunidades para a comunidade. As oficinas formativas t\u00eam n\u00e3o apenas potencializado o talento local, mas tamb\u00e9m criado redes de colabora\u00e7\u00e3o entre os participantes e outros atores da cena cultural. Isto abre portas para futuras colabora\u00e7\u00f5es e projetos que podem enriquecer ainda mais o ecossistema cultural de Vit\u00f3ria.<\/p>\n<h2>Oportunidades de Trabalho e Redes Culturais<\/h2>\n<p>O projeto tamb\u00e9m atua como um impulsionador para a gera\u00e7\u00e3o de emprego e a forma\u00e7\u00e3o de redes culturais. Ao preparar indiv\u00edduos para o mercado art\u00edstico e cultural, promove-se a continuidade de talentos que podem contribuir para a cena local. O &#8216;Dram\u00e1ticas&#8217; n\u00e3o apenas investe na forma\u00e7\u00e3o, mas tamb\u00e9m na cria\u00e7\u00e3o de um campo f\u00e9rtil para que os artistas possam prosperar em suas carreiras e colaborar uns com os outros, solidificando a cultura da regi\u00e3o.<\/p>\n\n<div style=\"font-size: 0px; height: 0px; line-height: 0px; margin: 0; padding: 0; clear: both;\"><\/div>","protected":false},"excerpt":{"rendered":"<p>A Mostra Final do &#8216;Dram\u00e1ticas&#8217;, com entrada gratuita, acontece nesta quinta-feira em Vit\u00f3ria.<\/p>\n","protected":false},"author":1,"featured_media":2244,"comment_status":"open","ping_status":"closed","sticky":false,"template":"","format":"standard","meta":{"footnotes":""},"categories":[37],"tags":[],"class_list":["post-2245","post","type-post","status-publish","format-standard","has-post-thumbnail","hentry","category-teatros-vitoria","has_thumb"],"yoast_head":"<!-- This site is optimized with the Yoast SEO plugin v28.2 - https:\/\/yoast.com\/product\/yoast-seo-wordpress\/ -->\n<title>Lei Rubem Braga leva mostra do &quot;Dram\u00e1ticas&quot; ao Centro Hist\u00f3rico de Vit\u00f3ria nesta quinta - Encontra Vit\u00f3ria<\/title>\n<meta name=\"robots\" content=\"index, follow, max-snippet:-1, max-image-preview:large, max-video-preview:-1\" \/>\n<link rel=\"canonical\" href=\"https:\/\/www.encontravitoria.com.br\/sobre\/lei-rubem-braga-leva-mostra-do-dramaticas-ao-centro-historico-de-vitoria-nesta-quinta\/\" \/>\n<meta property=\"og:locale\" content=\"pt_BR\" \/>\n<meta property=\"og:type\" content=\"article\" \/>\n<meta property=\"og:title\" content=\"Lei Rubem Braga leva mostra do &quot;Dram\u00e1ticas&quot; ao Centro Hist\u00f3rico de Vit\u00f3ria nesta quinta - Encontra Vit\u00f3ria\" \/>\n<meta property=\"og:description\" content=\"A Mostra Final do &#039;Dram\u00e1ticas&#039;, com entrada gratuita, acontece nesta quinta-feira em Vit\u00f3ria.\" \/>\n<meta property=\"og:url\" content=\"https:\/\/www.encontravitoria.com.br\/sobre\/lei-rubem-braga-leva-mostra-do-dramaticas-ao-centro-historico-de-vitoria-nesta-quinta\/\" \/>\n<meta property=\"og:site_name\" content=\"Encontra Vit\u00f3ria\" \/>\n<meta property=\"article:published_time\" content=\"2026-08-26T11:01:38+00:00\" \/>\n<meta property=\"og:image\" content=\"https:\/\/www.encontravitoria.com.br\/sobre\/wp-content\/uploads\/2026\/08\/lei-rubem-braga-leva-mostra-do-dramaticas-ao-centro-historico-de-vitoria-nesta-quinta.webp\" \/>\n<meta name=\"author\" content=\"Encontra Vit\u00f3ria\" \/>\n<meta name=\"twitter:card\" content=\"summary_large_image\" \/>\n<meta name=\"twitter:label1\" content=\"Escrito por\" \/>\n\t<meta name=\"twitter:data1\" content=\"Encontra Vit\u00f3ria\" \/>\n\t<meta name=\"twitter:label2\" content=\"Est. tempo de leitura\" \/>\n\t<meta name=\"twitter:data2\" content=\"4 minutos\" \/>\n<script type=\"application\/ld+json\" class=\"yoast-schema-graph\">{\"@context\":\"https:\\\/\\\/schema.org\",\"@graph\":[{\"@type\":\"Article\",\"@id\":\"https:\\\/\\\/www.encontravitoria.com.br\\\/sobre\\\/lei-rubem-braga-leva-mostra-do-dramaticas-ao-centro-historico-de-vitoria-nesta-quinta\\\/#article\",\"isPartOf\":{\"@id\":\"https:\\\/\\\/www.encontravitoria.com.br\\\/sobre\\\/lei-rubem-braga-leva-mostra-do-dramaticas-ao-centro-historico-de-vitoria-nesta-quinta\\\/\"},\"author\":{\"name\":\"Encontra Vit\u00f3ria\",\"@id\":\"https:\\\/\\\/www.encontravitoria.com.br\\\/sobre\\\/#\\\/schema\\\/person\\\/0f8e5bcc88fbadf1bad57afd504f48a2\"},\"headline\":\"Lei Rubem Braga leva mostra do &#8220;Dram\u00e1ticas&#8221; ao Centro Hist\u00f3rico de Vit\u00f3ria nesta quinta\",\"datePublished\":\"2026-08-26T11:01:38+00:00\",\"mainEntityOfPage\":{\"@id\":\"https:\\\/\\\/www.encontravitoria.com.br\\\/sobre\\\/lei-rubem-braga-leva-mostra-do-dramaticas-ao-centro-historico-de-vitoria-nesta-quinta\\\/\"},\"wordCount\":803,\"commentCount\":0,\"image\":{\"@id\":\"https:\\\/\\\/www.encontravitoria.com.br\\\/sobre\\\/lei-rubem-braga-leva-mostra-do-dramaticas-ao-centro-historico-de-vitoria-nesta-quinta\\\/#primaryimage\"},\"thumbnailUrl\":\"https:\\\/\\\/www.encontravitoria.com.br\\\/sobre\\\/wp-content\\\/uploads\\\/2026\\\/08\\\/lei-rubem-braga-leva-mostra-do-dramaticas-ao-centro-historico-de-vitoria-nesta-quinta.webp\",\"articleSection\":[\"Teatros Vit\u00f3ria\"],\"inLanguage\":\"pt-BR\",\"potentialAction\":[{\"@type\":\"CommentAction\",\"name\":\"Comment\",\"target\":[\"https:\\\/\\\/www.encontravitoria.com.br\\\/sobre\\\/lei-rubem-braga-leva-mostra-do-dramaticas-ao-centro-historico-de-vitoria-nesta-quinta\\\/#respond\"]}]},{\"@type\":\"WebPage\",\"@id\":\"https:\\\/\\\/www.encontravitoria.com.br\\\/sobre\\\/lei-rubem-braga-leva-mostra-do-dramaticas-ao-centro-historico-de-vitoria-nesta-quinta\\\/\",\"url\":\"https:\\\/\\\/www.encontravitoria.com.br\\\/sobre\\\/lei-rubem-braga-leva-mostra-do-dramaticas-ao-centro-historico-de-vitoria-nesta-quinta\\\/\",\"name\":\"Lei Rubem Braga leva mostra do \\\"Dram\u00e1ticas\\\" ao Centro Hist\u00f3rico de Vit\u00f3ria nesta quinta - Encontra Vit\u00f3ria\",\"isPartOf\":{\"@id\":\"https:\\\/\\\/www.encontravitoria.com.br\\\/sobre\\\/#website\"},\"primaryImageOfPage\":{\"@id\":\"https:\\\/\\\/www.encontravitoria.com.br\\\/sobre\\\/lei-rubem-braga-leva-mostra-do-dramaticas-ao-centro-historico-de-vitoria-nesta-quinta\\\/#primaryimage\"},\"image\":{\"@id\":\"https:\\\/\\\/www.encontravitoria.com.br\\\/sobre\\\/lei-rubem-braga-leva-mostra-do-dramaticas-ao-centro-historico-de-vitoria-nesta-quinta\\\/#primaryimage\"},\"thumbnailUrl\":\"https:\\\/\\\/www.encontravitoria.com.br\\\/sobre\\\/wp-content\\\/uploads\\\/2026\\\/08\\\/lei-rubem-braga-leva-mostra-do-dramaticas-ao-centro-historico-de-vitoria-nesta-quinta.webp\",\"datePublished\":\"2026-08-26T11:01:38+00:00\",\"author\":{\"@id\":\"https:\\\/\\\/www.encontravitoria.com.br\\\/sobre\\\/#\\\/schema\\\/person\\\/0f8e5bcc88fbadf1bad57afd504f48a2\"},\"breadcrumb\":{\"@id\":\"https:\\\/\\\/www.encontravitoria.com.br\\\/sobre\\\/lei-rubem-braga-leva-mostra-do-dramaticas-ao-centro-historico-de-vitoria-nesta-quinta\\\/#breadcrumb\"},\"inLanguage\":\"pt-BR\",\"potentialAction\":[{\"@type\":\"ReadAction\",\"target\":[\"https:\\\/\\\/www.encontravitoria.com.br\\\/sobre\\\/lei-rubem-braga-leva-mostra-do-dramaticas-ao-centro-historico-de-vitoria-nesta-quinta\\\/\"]}]},{\"@type\":\"ImageObject\",\"inLanguage\":\"pt-BR\",\"@id\":\"https:\\\/\\\/www.encontravitoria.com.br\\\/sobre\\\/lei-rubem-braga-leva-mostra-do-dramaticas-ao-centro-historico-de-vitoria-nesta-quinta\\\/#primaryimage\",\"url\":\"https:\\\/\\\/www.encontravitoria.com.br\\\/sobre\\\/wp-content\\\/uploads\\\/2026\\\/08\\\/lei-rubem-braga-leva-mostra-do-dramaticas-ao-centro-historico-de-vitoria-nesta-quinta.webp\",\"contentUrl\":\"https:\\\/\\\/www.encontravitoria.com.br\\\/sobre\\\/wp-content\\\/uploads\\\/2026\\\/08\\\/lei-rubem-braga-leva-mostra-do-dramaticas-ao-centro-historico-de-vitoria-nesta-quinta.webp\",\"width\":280,\"height\":280,\"caption\":\"Dram\u00e1ticas\"},{\"@type\":\"BreadcrumbList\",\"@id\":\"https:\\\/\\\/www.encontravitoria.com.br\\\/sobre\\\/lei-rubem-braga-leva-mostra-do-dramaticas-ao-centro-historico-de-vitoria-nesta-quinta\\\/#breadcrumb\",\"itemListElement\":[{\"@type\":\"ListItem\",\"position\":1,\"name\":\"In\u00edcio\",\"item\":\"https:\\\/\\\/www.encontravitoria.com.br\\\/sobre\\\/\"},{\"@type\":\"ListItem\",\"position\":2,\"name\":\"Lei Rubem Braga leva mostra do &#8220;Dram\u00e1ticas&#8221; ao Centro Hist\u00f3rico de Vit\u00f3ria nesta quinta\"}]},{\"@type\":\"WebSite\",\"@id\":\"https:\\\/\\\/www.encontravitoria.com.br\\\/sobre\\\/#website\",\"url\":\"https:\\\/\\\/www.encontravitoria.com.br\\\/sobre\\\/\",\"name\":\"Encontra Vit\u00f3ria\",\"description\":\"Not\u00edcias, eventos, informa\u00e7\u00f5es e dicas na cidade Vit\u00f3ria e regi\u00e3o.\",\"potentialAction\":[{\"@type\":\"SearchAction\",\"target\":{\"@type\":\"EntryPoint\",\"urlTemplate\":\"https:\\\/\\\/www.encontravitoria.com.br\\\/sobre\\\/?s={search_term_string}\"},\"query-input\":{\"@type\":\"PropertyValueSpecification\",\"valueRequired\":true,\"valueName\":\"search_term_string\"}}],\"inLanguage\":\"pt-BR\"},{\"@type\":\"Person\",\"@id\":\"https:\\\/\\\/www.encontravitoria.com.br\\\/sobre\\\/#\\\/schema\\\/person\\\/0f8e5bcc88fbadf1bad57afd504f48a2\",\"name\":\"Encontra Vit\u00f3ria\",\"image\":{\"@type\":\"ImageObject\",\"inLanguage\":\"pt-BR\",\"@id\":\"https:\\\/\\\/secure.gravatar.com\\\/avatar\\\/507340682b8270222e1f208e23198b6ae7e2c6a1033ae84e99bc6bce4f82a387?s=96&d=mm&r=g\",\"url\":\"https:\\\/\\\/secure.gravatar.com\\\/avatar\\\/507340682b8270222e1f208e23198b6ae7e2c6a1033ae84e99bc6bce4f82a387?s=96&d=mm&r=g\",\"contentUrl\":\"https:\\\/\\\/secure.gravatar.com\\\/avatar\\\/507340682b8270222e1f208e23198b6ae7e2c6a1033ae84e99bc6bce4f82a387?s=96&d=mm&r=g\",\"caption\":\"Encontra Vit\u00f3ria\"},\"sameAs\":[\"http:\\\/\\\/www.encontravitoria.com.br\"],\"url\":\"https:\\\/\\\/www.encontravitoria.com.br\\\/sobre\\\/author\\\/evitoria\\\/\"}]}<\/script>\n<!-- \/ Yoast SEO plugin. -->","yoast_head_json":{"title":"Lei Rubem Braga leva mostra do \"Dram\u00e1ticas\" ao Centro Hist\u00f3rico de Vit\u00f3ria nesta quinta - Encontra Vit\u00f3ria","robots":{"index":"index","follow":"follow","max-snippet":"max-snippet:-1","max-image-preview":"max-image-preview:large","max-video-preview":"max-video-preview:-1"},"canonical":"https:\/\/www.encontravitoria.com.br\/sobre\/lei-rubem-braga-leva-mostra-do-dramaticas-ao-centro-historico-de-vitoria-nesta-quinta\/","og_locale":"pt_BR","og_type":"article","og_title":"Lei Rubem Braga leva mostra do \"Dram\u00e1ticas\" ao Centro Hist\u00f3rico de Vit\u00f3ria nesta quinta - Encontra Vit\u00f3ria","og_description":"A Mostra Final do 'Dram\u00e1ticas', com entrada gratuita, acontece nesta quinta-feira em Vit\u00f3ria.","og_url":"https:\/\/www.encontravitoria.com.br\/sobre\/lei-rubem-braga-leva-mostra-do-dramaticas-ao-centro-historico-de-vitoria-nesta-quinta\/","og_site_name":"Encontra Vit\u00f3ria","article_published_time":"2026-08-26T11:01:38+00:00","og_image":[{"url":"https:\/\/www.encontravitoria.com.br\/sobre\/wp-content\/uploads\/2026\/08\/lei-rubem-braga-leva-mostra-do-dramaticas-ao-centro-historico-de-vitoria-nesta-quinta.webp","type":"","width":"","height":""}],"author":"Encontra Vit\u00f3ria","twitter_card":"summary_large_image","twitter_misc":{"Escrito por":"Encontra Vit\u00f3ria","Est. tempo de leitura":"4 minutos"},"schema":{"@context":"https:\/\/schema.org","@graph":[{"@type":"Article","@id":"https:\/\/www.encontravitoria.com.br\/sobre\/lei-rubem-braga-leva-mostra-do-dramaticas-ao-centro-historico-de-vitoria-nesta-quinta\/#article","isPartOf":{"@id":"https:\/\/www.encontravitoria.com.br\/sobre\/lei-rubem-braga-leva-mostra-do-dramaticas-ao-centro-historico-de-vitoria-nesta-quinta\/"},"author":{"name":"Encontra Vit\u00f3ria","@id":"https:\/\/www.encontravitoria.com.br\/sobre\/#\/schema\/person\/0f8e5bcc88fbadf1bad57afd504f48a2"},"headline":"Lei Rubem Braga leva mostra do &#8220;Dram\u00e1ticas&#8221; ao Centro Hist\u00f3rico de Vit\u00f3ria nesta quinta","datePublished":"2026-08-26T11:01:38+00:00","mainEntityOfPage":{"@id":"https:\/\/www.encontravitoria.com.br\/sobre\/lei-rubem-braga-leva-mostra-do-dramaticas-ao-centro-historico-de-vitoria-nesta-quinta\/"},"wordCount":803,"commentCount":0,"image":{"@id":"https:\/\/www.encontravitoria.com.br\/sobre\/lei-rubem-braga-leva-mostra-do-dramaticas-ao-centro-historico-de-vitoria-nesta-quinta\/#primaryimage"},"thumbnailUrl":"https:\/\/www.encontravitoria.com.br\/sobre\/wp-content\/uploads\/2026\/08\/lei-rubem-braga-leva-mostra-do-dramaticas-ao-centro-historico-de-vitoria-nesta-quinta.webp","articleSection":["Teatros Vit\u00f3ria"],"inLanguage":"pt-BR","potentialAction":[{"@type":"CommentAction","name":"Comment","target":["https:\/\/www.encontravitoria.com.br\/sobre\/lei-rubem-braga-leva-mostra-do-dramaticas-ao-centro-historico-de-vitoria-nesta-quinta\/#respond"]}]},{"@type":"WebPage","@id":"https:\/\/www.encontravitoria.com.br\/sobre\/lei-rubem-braga-leva-mostra-do-dramaticas-ao-centro-historico-de-vitoria-nesta-quinta\/","url":"https:\/\/www.encontravitoria.com.br\/sobre\/lei-rubem-braga-leva-mostra-do-dramaticas-ao-centro-historico-de-vitoria-nesta-quinta\/","name":"Lei Rubem Braga leva mostra do \"Dram\u00e1ticas\" ao Centro Hist\u00f3rico de Vit\u00f3ria nesta quinta - Encontra Vit\u00f3ria","isPartOf":{"@id":"https:\/\/www.encontravitoria.com.br\/sobre\/#website"},"primaryImageOfPage":{"@id":"https:\/\/www.encontravitoria.com.br\/sobre\/lei-rubem-braga-leva-mostra-do-dramaticas-ao-centro-historico-de-vitoria-nesta-quinta\/#primaryimage"},"image":{"@id":"https:\/\/www.encontravitoria.com.br\/sobre\/lei-rubem-braga-leva-mostra-do-dramaticas-ao-centro-historico-de-vitoria-nesta-quinta\/#primaryimage"},"thumbnailUrl":"https:\/\/www.encontravitoria.com.br\/sobre\/wp-content\/uploads\/2026\/08\/lei-rubem-braga-leva-mostra-do-dramaticas-ao-centro-historico-de-vitoria-nesta-quinta.webp","datePublished":"2026-08-26T11:01:38+00:00","author":{"@id":"https:\/\/www.encontravitoria.com.br\/sobre\/#\/schema\/person\/0f8e5bcc88fbadf1bad57afd504f48a2"},"breadcrumb":{"@id":"https:\/\/www.encontravitoria.com.br\/sobre\/lei-rubem-braga-leva-mostra-do-dramaticas-ao-centro-historico-de-vitoria-nesta-quinta\/#breadcrumb"},"inLanguage":"pt-BR","potentialAction":[{"@type":"ReadAction","target":["https:\/\/www.encontravitoria.com.br\/sobre\/lei-rubem-braga-leva-mostra-do-dramaticas-ao-centro-historico-de-vitoria-nesta-quinta\/"]}]},{"@type":"ImageObject","inLanguage":"pt-BR","@id":"https:\/\/www.encontravitoria.com.br\/sobre\/lei-rubem-braga-leva-mostra-do-dramaticas-ao-centro-historico-de-vitoria-nesta-quinta\/#primaryimage","url":"https:\/\/www.encontravitoria.com.br\/sobre\/wp-content\/uploads\/2026\/08\/lei-rubem-braga-leva-mostra-do-dramaticas-ao-centro-historico-de-vitoria-nesta-quinta.webp","contentUrl":"https:\/\/www.encontravitoria.com.br\/sobre\/wp-content\/uploads\/2026\/08\/lei-rubem-braga-leva-mostra-do-dramaticas-ao-centro-historico-de-vitoria-nesta-quinta.webp","width":280,"height":280,"caption":"Dram\u00e1ticas"},{"@type":"BreadcrumbList","@id":"https:\/\/www.encontravitoria.com.br\/sobre\/lei-rubem-braga-leva-mostra-do-dramaticas-ao-centro-historico-de-vitoria-nesta-quinta\/#breadcrumb","itemListElement":[{"@type":"ListItem","position":1,"name":"In\u00edcio","item":"https:\/\/www.encontravitoria.com.br\/sobre\/"},{"@type":"ListItem","position":2,"name":"Lei Rubem Braga leva mostra do &#8220;Dram\u00e1ticas&#8221; ao Centro Hist\u00f3rico de Vit\u00f3ria nesta quinta"}]},{"@type":"WebSite","@id":"https:\/\/www.encontravitoria.com.br\/sobre\/#website","url":"https:\/\/www.encontravitoria.com.br\/sobre\/","name":"Encontra Vit\u00f3ria","description":"Not\u00edcias, eventos, informa\u00e7\u00f5es e dicas na cidade Vit\u00f3ria e regi\u00e3o.","potentialAction":[{"@type":"SearchAction","target":{"@type":"EntryPoint","urlTemplate":"https:\/\/www.encontravitoria.com.br\/sobre\/?s={search_term_string}"},"query-input":{"@type":"PropertyValueSpecification","valueRequired":true,"valueName":"search_term_string"}}],"inLanguage":"pt-BR"},{"@type":"Person","@id":"https:\/\/www.encontravitoria.com.br\/sobre\/#\/schema\/person\/0f8e5bcc88fbadf1bad57afd504f48a2","name":"Encontra Vit\u00f3ria","image":{"@type":"ImageObject","inLanguage":"pt-BR","@id":"https:\/\/secure.gravatar.com\/avatar\/507340682b8270222e1f208e23198b6ae7e2c6a1033ae84e99bc6bce4f82a387?s=96&d=mm&r=g","url":"https:\/\/secure.gravatar.com\/avatar\/507340682b8270222e1f208e23198b6ae7e2c6a1033ae84e99bc6bce4f82a387?s=96&d=mm&r=g","contentUrl":"https:\/\/secure.gravatar.com\/avatar\/507340682b8270222e1f208e23198b6ae7e2c6a1033ae84e99bc6bce4f82a387?s=96&d=mm&r=g","caption":"Encontra Vit\u00f3ria"},"sameAs":["http:\/\/www.encontravitoria.com.br"],"url":"https:\/\/www.encontravitoria.com.br\/sobre\/author\/evitoria\/"}]}},"_links":{"self":[{"href":"https:\/\/www.encontravitoria.com.br\/sobre\/wp-json\/wp\/v2\/posts\/2245","targetHints":{"allow":["GET"]}}],"collection":[{"href":"https:\/\/www.encontravitoria.com.br\/sobre\/wp-json\/wp\/v2\/posts"}],"about":[{"href":"https:\/\/www.encontravitoria.com.br\/sobre\/wp-json\/wp\/v2\/types\/post"}],"author":[{"embeddable":true,"href":"https:\/\/www.encontravitoria.com.br\/sobre\/wp-json\/wp\/v2\/users\/1"}],"replies":[{"embeddable":true,"href":"https:\/\/www.encontravitoria.com.br\/sobre\/wp-json\/wp\/v2\/comments?post=2245"}],"version-history":[{"count":0,"href":"https:\/\/www.encontravitoria.com.br\/sobre\/wp-json\/wp\/v2\/posts\/2245\/revisions"}],"wp:featuredmedia":[{"embeddable":true,"href":"https:\/\/www.encontravitoria.com.br\/sobre\/wp-json\/wp\/v2\/media\/2244"}],"wp:attachment":[{"href":"https:\/\/www.encontravitoria.com.br\/sobre\/wp-json\/wp\/v2\/media?parent=2245"}],"wp:term":[{"taxonomy":"category","embeddable":true,"href":"https:\/\/www.encontravitoria.com.br\/sobre\/wp-json\/wp\/v2\/categories?post=2245"},{"taxonomy":"post_tag","embeddable":true,"href":"https:\/\/www.encontravitoria.com.br\/sobre\/wp-json\/wp\/v2\/tags?post=2245"}],"curies":[{"name":"wp","href":"https:\/\/api.w.org\/{rel}","templated":true}]}}