{"id":2273,"date":"2026-08-29T11:03:26","date_gmt":"2026-08-29T11:03:26","guid":{"rendered":"https:\/\/www.encontravitoria.com.br\/sobre\/vitoria-na-contagem-regressiva-para-celebrar-475-anos-com-musica-cultura-e-encontros\/"},"modified":"2026-08-29T11:03:26","modified_gmt":"2026-08-29T11:03:26","slug":"vitoria-na-contagem-regressiva-para-celebrar-475-anos-com-musica-cultura-e-encontros","status":"publish","type":"post","link":"https:\/\/www.encontravitoria.com.br\/sobre\/vitoria-na-contagem-regressiva-para-celebrar-475-anos-com-musica-cultura-e-encontros\/","title":{"rendered":"Vit\u00f3ria na contagem regressiva para celebrar 475 anos com m\u00fasica, cultura e encontros"},"content":{"rendered":"<div class=\"23ed37709e053b55400ee1990aeffe41\" data-index=\"1\" style=\"float: none; margin:0px;\">\n<!-- Anuncio display - global -->\r\n<ins class=\"adsbygoogle\"\r\n     style=\"display:block\"\r\n     data-ad-client=\"ca-pub-8585364105181520\"\r\n     data-ad-slot=\"8789329856\"\r\n     data-ad-format=\"auto\"\r\n     data-full-width-responsive=\"true\"><\/ins>\r\n<script>\r\n     (adsbygoogle = window.adsbygoogle || []).push({});\r\n<\/script>\n<\/div>\n<h2>Celebra Vit\u00f3ria: Programa\u00e7\u00e3o Imperd\u00edvel<\/h2>\n<p>O anivers\u00e1rio de 475 anos de Vit\u00f3ria se aproxima, e a cidade se prepara para um feriado memor\u00e1vel, repleto de m\u00fasica, cultura e encontros. A celebra\u00e7\u00e3o, organizada pela Prefeitura, acontecer\u00e1 de 5 a 8 de setembro e incluir\u00e1 uma variedade de eventos e atra\u00e7\u00f5es que prometem encantar tanto moradores quanto visitantes.<\/p>\n<h2>M\u00fasica para Todos os Gostos<\/h2>\n<p>Durante os quatro dias de festividades, haver\u00e1 uma programa\u00e7\u00e3o diversificada, com performances de artistas locais e nacionais. A Pra\u00e7a do Papa ser\u00e1 o cora\u00e7\u00e3o das comemora\u00e7\u00f5es, oferecendo uma estrutura acolhedora com op\u00e7\u00f5es de alimenta\u00e7\u00e3o, atrav\u00e9s de food trucks e ambulantes autorizados, garantindo conforto ao p\u00fablico.<\/p>\n<h2>Atra\u00e7\u00f5es Confirmadas para o Evento<\/h2>\n<p>Est\u00e3o confirmadas v\u00e1rias atra\u00e7\u00f5es, sendo que algumas das mais esperadas incluem:<\/p>\n<p><img decoding=\"async\" src=\"https:\/\/www.encontravitoria.com.br\/sobre\/wp-content\/uploads\/2026\/08\/vitoria-na-contagem-regressiva-para-celebrar-475-anos-com-musica-cultura-e-encontros.webp\" alt=\"Vit\u00f3ria 475 anos\" loading=\"lazy\" \/><\/p>\n<ul>\n<li><strong>Gabriela Rocha<\/strong> &#8211; conhecida pelo seu talento na m\u00fasica crist\u00e3, vai se apresentar no dia 5 de setembro.<\/li>\n<li><strong>Graciella D&#8217;Ferraz<\/strong> &#8211; presen\u00e7a confirmada no dia 6, promete um repert\u00f3rio diversificado que inclui MPB, pop rock e muito mais.<\/li>\n<li><strong>Michel Tel\u00f3<\/strong> &#8211; o cantor sertanejo famoso trar\u00e1 seu novo show &#8220;Sertanejinho do Tel\u00f3&#8221; tamb\u00e9m no dia 6, esperando encantar o p\u00fablico com seus sucessos.<\/li>\n<li><strong>Samba J\u00fanior<\/strong> e <strong>Ra\u00ed Saia Rodada<\/strong> &#8211; eles se apresentar\u00e3o no dia 7, trazendo ritmos animados e envolventes.<\/li>\n<\/ul>\n<h2>Como Participar das Comemora\u00e7\u00f5es<\/h2>\n<p>A participa\u00e7\u00e3o \u00e9 gratuita e aberta a todos. A organiza\u00e7\u00e3o recomenda que os visitantes cheguem cedo para garantir um bom local e aproveitar a estrutura de apoio que estar\u00e1 dispon\u00edvel. A Pra\u00e7a do Papa ser\u00e1 o local principal, mas outras \u00e1reas da cidade tamb\u00e9m receber\u00e3o atividades especiais no dia do anivers\u00e1rio, 8 de setembro.<\/p>\n<h2>Espa\u00e7o Cultural na Pra\u00e7a do Papa<\/h2>\n<p>A Pra\u00e7a do Papa, por ser o local de destaque, receber\u00e1 uma configura\u00e7\u00e3o especial para os shows, incluindo tel\u00f5es que exibir\u00e3o imagens e informa\u00e7\u00f5es sobre as apresenta\u00e7\u00f5es e a hist\u00f3ria da cidade. Haver\u00e1 uma intera\u00e7\u00e3o entre o palco e a plateia, onde tudo ser\u00e1 pensado para proporcionar uma experi\u00eancia inesquec\u00edvel.<\/p>\n<h2>Encontros e Conex\u00f5es na Festa<\/h2>\n<p>O evento n\u00e3o se limita a shows. Haver\u00e1 tamb\u00e9m oportunidades para a comunidade interagir, como bancadas de arte, oficinas diversas e apresenta\u00e7\u00f5es de artistas iniciantes da regi\u00e3o. O objetivo \u00e9 n\u00e3o apenas celebrar o passado, mas tamb\u00e9m promover a cultura local contempor\u00e2nea.<\/p>\n<h2>A Import\u00e2ncia do Anivers\u00e1rio de Vit\u00f3ria<\/h2>\n<p>Comemorar 475 anos \u00e9 mais do que festejar uma data; \u00e9 reconhecer a rica hist\u00f3ria da cidade e seu potencial futuro. As festividades t\u00eam como intuito unir as diferentes gera\u00e7\u00f5es, fazer com que todos possam se sentir parte dessa hist\u00f3ria e celebrar a identidade capixaba.<\/p>\n<h2>Hist\u00f3rias e Mem\u00f3rias da Cidade<\/h2>\n<p>Durante as festividades, o publico \u00e9 convidado a compartilhar suas hist\u00f3rias e mem\u00f3rias relacionadas \u00e0 cidade. Esse interc\u00e2mbio cultural facilita um senso de pertencimento e conex\u00e3o. Os tel\u00f5es na pra\u00e7a contar\u00e3o com um concurso de desenhos realizados por alunos da rede p\u00fablica, onde jovens demonstram a forma como veem e vivem Vit\u00f3ria.<\/p>\n<h2>Atra\u00e7\u00f5es de Artistas Locais<\/h2>\n<p>A programa\u00e7\u00e3o \u00e9 rica em talentos da regi\u00e3o, com v\u00e1rios artistas inspirando e encantando o p\u00fablico. Por exemplo, Samba J\u00fanior levar\u00e1 ao palco can\u00e7\u00f5es que mesclam influ\u00eancias locais com pop, enquanto Ra\u00ed Saia Rodada mostrar\u00e1 seu repert\u00f3rio de forr\u00f3, garantindo que os ritmos tradicionais do Nordeste tenham espa\u00e7o nas comemora\u00e7\u00f5es.<\/p>\n<h2>Programa\u00e7\u00e3o para Crian\u00e7as e Fam\u00edlias<\/h2>\n<p>A festa tamb\u00e9m \u00e9 voltada para as fam\u00edlias, com programa\u00e7\u00e3o especial at\u00e9 os pequenos. No dia 8 de setembro, haver\u00e1 atividades infantis na Ilha das Caieiras, como apresenta\u00e7\u00f5es culturais voltadas para as crian\u00e7as, garantindo um espa\u00e7o seguro e divertido. A inclus\u00e3o de eventos familiares reflete o compromisso de fazer das celebra\u00e7\u00f5es um momento para todos.<\/p>\n<p>As festividades de 475 anos de Vit\u00f3ria n\u00e3o s\u00e3o apenas uma homenagem ao passado, mas um convite para que todos se unam e celebrem o futuro promissor da cidade. Vit\u00f3ria est\u00e1 em constante transforma\u00e7\u00e3o e as celebra\u00e7\u00f5es s\u00e3o uma oportunidade para reconhecer isso, trazendo \u00e0 tona a esperan\u00e7a, a alegria e a colabora\u00e7\u00e3o entre os cidad\u00e3os.<\/p>\n\n<div style=\"font-size: 0px; height: 0px; line-height: 0px; margin: 0; padding: 0; clear: both;\"><\/div>","protected":false},"excerpt":{"rendered":"<p>Venha celebrar os 475 anos de Vit\u00f3ria com m\u00fasica e cultura imperd\u00edveis!<\/p>\n","protected":false},"author":1,"featured_media":2272,"comment_status":"open","ping_status":"closed","sticky":false,"template":"","format":"standard","meta":{"footnotes":""},"categories":[15],"tags":[],"class_list":["post-2273","post","type-post","status-publish","format-standard","has-post-thumbnail","hentry","category-cultura-em-vitoria","has_thumb"],"yoast_head":"<!-- This site is optimized with the Yoast SEO plugin v28.2 - https:\/\/yoast.com\/product\/yoast-seo-wordpress\/ -->\n<title>Vit\u00f3ria na contagem regressiva para celebrar 475 anos com m\u00fasica, cultura e encontros - Encontra Vit\u00f3ria<\/title>\n<meta name=\"robots\" content=\"index, follow, max-snippet:-1, max-image-preview:large, max-video-preview:-1\" \/>\n<link rel=\"canonical\" href=\"https:\/\/www.encontravitoria.com.br\/sobre\/vitoria-na-contagem-regressiva-para-celebrar-475-anos-com-musica-cultura-e-encontros\/\" \/>\n<meta property=\"og:locale\" content=\"pt_BR\" \/>\n<meta property=\"og:type\" content=\"article\" \/>\n<meta property=\"og:title\" content=\"Vit\u00f3ria na contagem regressiva para celebrar 475 anos com m\u00fasica, cultura e encontros - Encontra Vit\u00f3ria\" \/>\n<meta property=\"og:description\" content=\"Venha celebrar os 475 anos de Vit\u00f3ria com m\u00fasica e cultura imperd\u00edveis!\" \/>\n<meta property=\"og:url\" content=\"https:\/\/www.encontravitoria.com.br\/sobre\/vitoria-na-contagem-regressiva-para-celebrar-475-anos-com-musica-cultura-e-encontros\/\" \/>\n<meta property=\"og:site_name\" content=\"Encontra Vit\u00f3ria\" \/>\n<meta property=\"article:published_time\" content=\"2026-08-29T11:03:26+00:00\" \/>\n<meta property=\"og:image\" content=\"https:\/\/www.encontravitoria.com.br\/sobre\/wp-content\/uploads\/2026\/08\/vitoria-na-contagem-regressiva-para-celebrar-475-anos-com-musica-cultura-e-encontros.webp\" \/>\n<meta name=\"author\" content=\"Encontra Vit\u00f3ria\" \/>\n<meta name=\"twitter:card\" content=\"summary_large_image\" \/>\n<meta name=\"twitter:label1\" content=\"Escrito por\" \/>\n\t<meta name=\"twitter:data1\" content=\"Encontra Vit\u00f3ria\" \/>\n\t<meta name=\"twitter:label2\" content=\"Est. tempo de leitura\" \/>\n\t<meta name=\"twitter:data2\" content=\"4 minutos\" \/>\n<script type=\"application\/ld+json\" class=\"yoast-schema-graph\">{\"@context\":\"https:\\\/\\\/schema.org\",\"@graph\":[{\"@type\":\"Article\",\"@id\":\"https:\\\/\\\/www.encontravitoria.com.br\\\/sobre\\\/vitoria-na-contagem-regressiva-para-celebrar-475-anos-com-musica-cultura-e-encontros\\\/#article\",\"isPartOf\":{\"@id\":\"https:\\\/\\\/www.encontravitoria.com.br\\\/sobre\\\/vitoria-na-contagem-regressiva-para-celebrar-475-anos-com-musica-cultura-e-encontros\\\/\"},\"author\":{\"name\":\"Encontra Vit\u00f3ria\",\"@id\":\"https:\\\/\\\/www.encontravitoria.com.br\\\/sobre\\\/#\\\/schema\\\/person\\\/0f8e5bcc88fbadf1bad57afd504f48a2\"},\"headline\":\"Vit\u00f3ria na contagem regressiva para celebrar 475 anos com m\u00fasica, cultura e encontros\",\"datePublished\":\"2026-08-29T11:03:26+00:00\",\"mainEntityOfPage\":{\"@id\":\"https:\\\/\\\/www.encontravitoria.com.br\\\/sobre\\\/vitoria-na-contagem-regressiva-para-celebrar-475-anos-com-musica-cultura-e-encontros\\\/\"},\"wordCount\":743,\"commentCount\":0,\"image\":{\"@id\":\"https:\\\/\\\/www.encontravitoria.com.br\\\/sobre\\\/vitoria-na-contagem-regressiva-para-celebrar-475-anos-com-musica-cultura-e-encontros\\\/#primaryimage\"},\"thumbnailUrl\":\"https:\\\/\\\/www.encontravitoria.com.br\\\/sobre\\\/wp-content\\\/uploads\\\/2026\\\/08\\\/vitoria-na-contagem-regressiva-para-celebrar-475-anos-com-musica-cultura-e-encontros.webp\",\"articleSection\":[\"Cultura Vit\u00f3ria\"],\"inLanguage\":\"pt-BR\",\"potentialAction\":[{\"@type\":\"CommentAction\",\"name\":\"Comment\",\"target\":[\"https:\\\/\\\/www.encontravitoria.com.br\\\/sobre\\\/vitoria-na-contagem-regressiva-para-celebrar-475-anos-com-musica-cultura-e-encontros\\\/#respond\"]}]},{\"@type\":\"WebPage\",\"@id\":\"https:\\\/\\\/www.encontravitoria.com.br\\\/sobre\\\/vitoria-na-contagem-regressiva-para-celebrar-475-anos-com-musica-cultura-e-encontros\\\/\",\"url\":\"https:\\\/\\\/www.encontravitoria.com.br\\\/sobre\\\/vitoria-na-contagem-regressiva-para-celebrar-475-anos-com-musica-cultura-e-encontros\\\/\",\"name\":\"Vit\u00f3ria na contagem regressiva para celebrar 475 anos com m\u00fasica, cultura e encontros - Encontra Vit\u00f3ria\",\"isPartOf\":{\"@id\":\"https:\\\/\\\/www.encontravitoria.com.br\\\/sobre\\\/#website\"},\"primaryImageOfPage\":{\"@id\":\"https:\\\/\\\/www.encontravitoria.com.br\\\/sobre\\\/vitoria-na-contagem-regressiva-para-celebrar-475-anos-com-musica-cultura-e-encontros\\\/#primaryimage\"},\"image\":{\"@id\":\"https:\\\/\\\/www.encontravitoria.com.br\\\/sobre\\\/vitoria-na-contagem-regressiva-para-celebrar-475-anos-com-musica-cultura-e-encontros\\\/#primaryimage\"},\"thumbnailUrl\":\"https:\\\/\\\/www.encontravitoria.com.br\\\/sobre\\\/wp-content\\\/uploads\\\/2026\\\/08\\\/vitoria-na-contagem-regressiva-para-celebrar-475-anos-com-musica-cultura-e-encontros.webp\",\"datePublished\":\"2026-08-29T11:03:26+00:00\",\"author\":{\"@id\":\"https:\\\/\\\/www.encontravitoria.com.br\\\/sobre\\\/#\\\/schema\\\/person\\\/0f8e5bcc88fbadf1bad57afd504f48a2\"},\"breadcrumb\":{\"@id\":\"https:\\\/\\\/www.encontravitoria.com.br\\\/sobre\\\/vitoria-na-contagem-regressiva-para-celebrar-475-anos-com-musica-cultura-e-encontros\\\/#breadcrumb\"},\"inLanguage\":\"pt-BR\",\"potentialAction\":[{\"@type\":\"ReadAction\",\"target\":[\"https:\\\/\\\/www.encontravitoria.com.br\\\/sobre\\\/vitoria-na-contagem-regressiva-para-celebrar-475-anos-com-musica-cultura-e-encontros\\\/\"]}]},{\"@type\":\"ImageObject\",\"inLanguage\":\"pt-BR\",\"@id\":\"https:\\\/\\\/www.encontravitoria.com.br\\\/sobre\\\/vitoria-na-contagem-regressiva-para-celebrar-475-anos-com-musica-cultura-e-encontros\\\/#primaryimage\",\"url\":\"https:\\\/\\\/www.encontravitoria.com.br\\\/sobre\\\/wp-content\\\/uploads\\\/2026\\\/08\\\/vitoria-na-contagem-regressiva-para-celebrar-475-anos-com-musica-cultura-e-encontros.webp\",\"contentUrl\":\"https:\\\/\\\/www.encontravitoria.com.br\\\/sobre\\\/wp-content\\\/uploads\\\/2026\\\/08\\\/vitoria-na-contagem-regressiva-para-celebrar-475-anos-com-musica-cultura-e-encontros.webp\",\"width\":280,\"height\":280,\"caption\":\"Vit\u00f3ria 475 anos\"},{\"@type\":\"BreadcrumbList\",\"@id\":\"https:\\\/\\\/www.encontravitoria.com.br\\\/sobre\\\/vitoria-na-contagem-regressiva-para-celebrar-475-anos-com-musica-cultura-e-encontros\\\/#breadcrumb\",\"itemListElement\":[{\"@type\":\"ListItem\",\"position\":1,\"name\":\"In\u00edcio\",\"item\":\"https:\\\/\\\/www.encontravitoria.com.br\\\/sobre\\\/\"},{\"@type\":\"ListItem\",\"position\":2,\"name\":\"Vit\u00f3ria na contagem regressiva para celebrar 475 anos com m\u00fasica, cultura e encontros\"}]},{\"@type\":\"WebSite\",\"@id\":\"https:\\\/\\\/www.encontravitoria.com.br\\\/sobre\\\/#website\",\"url\":\"https:\\\/\\\/www.encontravitoria.com.br\\\/sobre\\\/\",\"name\":\"Encontra Vit\u00f3ria\",\"description\":\"Not\u00edcias, eventos, informa\u00e7\u00f5es e dicas na cidade Vit\u00f3ria e regi\u00e3o.\",\"potentialAction\":[{\"@type\":\"SearchAction\",\"target\":{\"@type\":\"EntryPoint\",\"urlTemplate\":\"https:\\\/\\\/www.encontravitoria.com.br\\\/sobre\\\/?s={search_term_string}\"},\"query-input\":{\"@type\":\"PropertyValueSpecification\",\"valueRequired\":true,\"valueName\":\"search_term_string\"}}],\"inLanguage\":\"pt-BR\"},{\"@type\":\"Person\",\"@id\":\"https:\\\/\\\/www.encontravitoria.com.br\\\/sobre\\\/#\\\/schema\\\/person\\\/0f8e5bcc88fbadf1bad57afd504f48a2\",\"name\":\"Encontra Vit\u00f3ria\",\"image\":{\"@type\":\"ImageObject\",\"inLanguage\":\"pt-BR\",\"@id\":\"https:\\\/\\\/secure.gravatar.com\\\/avatar\\\/507340682b8270222e1f208e23198b6ae7e2c6a1033ae84e99bc6bce4f82a387?s=96&d=mm&r=g\",\"url\":\"https:\\\/\\\/secure.gravatar.com\\\/avatar\\\/507340682b8270222e1f208e23198b6ae7e2c6a1033ae84e99bc6bce4f82a387?s=96&d=mm&r=g\",\"contentUrl\":\"https:\\\/\\\/secure.gravatar.com\\\/avatar\\\/507340682b8270222e1f208e23198b6ae7e2c6a1033ae84e99bc6bce4f82a387?s=96&d=mm&r=g\",\"caption\":\"Encontra Vit\u00f3ria\"},\"sameAs\":[\"http:\\\/\\\/www.encontravitoria.com.br\"],\"url\":\"https:\\\/\\\/www.encontravitoria.com.br\\\/sobre\\\/author\\\/evitoria\\\/\"}]}<\/script>\n<!-- \/ Yoast SEO plugin. -->","yoast_head_json":{"title":"Vit\u00f3ria na contagem regressiva para celebrar 475 anos com m\u00fasica, cultura e encontros - Encontra Vit\u00f3ria","robots":{"index":"index","follow":"follow","max-snippet":"max-snippet:-1","max-image-preview":"max-image-preview:large","max-video-preview":"max-video-preview:-1"},"canonical":"https:\/\/www.encontravitoria.com.br\/sobre\/vitoria-na-contagem-regressiva-para-celebrar-475-anos-com-musica-cultura-e-encontros\/","og_locale":"pt_BR","og_type":"article","og_title":"Vit\u00f3ria na contagem regressiva para celebrar 475 anos com m\u00fasica, cultura e encontros - Encontra Vit\u00f3ria","og_description":"Venha celebrar os 475 anos de Vit\u00f3ria com m\u00fasica e cultura imperd\u00edveis!","og_url":"https:\/\/www.encontravitoria.com.br\/sobre\/vitoria-na-contagem-regressiva-para-celebrar-475-anos-com-musica-cultura-e-encontros\/","og_site_name":"Encontra Vit\u00f3ria","article_published_time":"2026-08-29T11:03:26+00:00","og_image":[{"url":"https:\/\/www.encontravitoria.com.br\/sobre\/wp-content\/uploads\/2026\/08\/vitoria-na-contagem-regressiva-para-celebrar-475-anos-com-musica-cultura-e-encontros.webp","type":"","width":"","height":""}],"author":"Encontra Vit\u00f3ria","twitter_card":"summary_large_image","twitter_misc":{"Escrito por":"Encontra Vit\u00f3ria","Est. tempo de leitura":"4 minutos"},"schema":{"@context":"https:\/\/schema.org","@graph":[{"@type":"Article","@id":"https:\/\/www.encontravitoria.com.br\/sobre\/vitoria-na-contagem-regressiva-para-celebrar-475-anos-com-musica-cultura-e-encontros\/#article","isPartOf":{"@id":"https:\/\/www.encontravitoria.com.br\/sobre\/vitoria-na-contagem-regressiva-para-celebrar-475-anos-com-musica-cultura-e-encontros\/"},"author":{"name":"Encontra Vit\u00f3ria","@id":"https:\/\/www.encontravitoria.com.br\/sobre\/#\/schema\/person\/0f8e5bcc88fbadf1bad57afd504f48a2"},"headline":"Vit\u00f3ria na contagem regressiva para celebrar 475 anos com m\u00fasica, cultura e encontros","datePublished":"2026-08-29T11:03:26+00:00","mainEntityOfPage":{"@id":"https:\/\/www.encontravitoria.com.br\/sobre\/vitoria-na-contagem-regressiva-para-celebrar-475-anos-com-musica-cultura-e-encontros\/"},"wordCount":743,"commentCount":0,"image":{"@id":"https:\/\/www.encontravitoria.com.br\/sobre\/vitoria-na-contagem-regressiva-para-celebrar-475-anos-com-musica-cultura-e-encontros\/#primaryimage"},"thumbnailUrl":"https:\/\/www.encontravitoria.com.br\/sobre\/wp-content\/uploads\/2026\/08\/vitoria-na-contagem-regressiva-para-celebrar-475-anos-com-musica-cultura-e-encontros.webp","articleSection":["Cultura Vit\u00f3ria"],"inLanguage":"pt-BR","potentialAction":[{"@type":"CommentAction","name":"Comment","target":["https:\/\/www.encontravitoria.com.br\/sobre\/vitoria-na-contagem-regressiva-para-celebrar-475-anos-com-musica-cultura-e-encontros\/#respond"]}]},{"@type":"WebPage","@id":"https:\/\/www.encontravitoria.com.br\/sobre\/vitoria-na-contagem-regressiva-para-celebrar-475-anos-com-musica-cultura-e-encontros\/","url":"https:\/\/www.encontravitoria.com.br\/sobre\/vitoria-na-contagem-regressiva-para-celebrar-475-anos-com-musica-cultura-e-encontros\/","name":"Vit\u00f3ria na contagem regressiva para celebrar 475 anos com m\u00fasica, cultura e encontros - Encontra Vit\u00f3ria","isPartOf":{"@id":"https:\/\/www.encontravitoria.com.br\/sobre\/#website"},"primaryImageOfPage":{"@id":"https:\/\/www.encontravitoria.com.br\/sobre\/vitoria-na-contagem-regressiva-para-celebrar-475-anos-com-musica-cultura-e-encontros\/#primaryimage"},"image":{"@id":"https:\/\/www.encontravitoria.com.br\/sobre\/vitoria-na-contagem-regressiva-para-celebrar-475-anos-com-musica-cultura-e-encontros\/#primaryimage"},"thumbnailUrl":"https:\/\/www.encontravitoria.com.br\/sobre\/wp-content\/uploads\/2026\/08\/vitoria-na-contagem-regressiva-para-celebrar-475-anos-com-musica-cultura-e-encontros.webp","datePublished":"2026-08-29T11:03:26+00:00","author":{"@id":"https:\/\/www.encontravitoria.com.br\/sobre\/#\/schema\/person\/0f8e5bcc88fbadf1bad57afd504f48a2"},"breadcrumb":{"@id":"https:\/\/www.encontravitoria.com.br\/sobre\/vitoria-na-contagem-regressiva-para-celebrar-475-anos-com-musica-cultura-e-encontros\/#breadcrumb"},"inLanguage":"pt-BR","potentialAction":[{"@type":"ReadAction","target":["https:\/\/www.encontravitoria.com.br\/sobre\/vitoria-na-contagem-regressiva-para-celebrar-475-anos-com-musica-cultura-e-encontros\/"]}]},{"@type":"ImageObject","inLanguage":"pt-BR","@id":"https:\/\/www.encontravitoria.com.br\/sobre\/vitoria-na-contagem-regressiva-para-celebrar-475-anos-com-musica-cultura-e-encontros\/#primaryimage","url":"https:\/\/www.encontravitoria.com.br\/sobre\/wp-content\/uploads\/2026\/08\/vitoria-na-contagem-regressiva-para-celebrar-475-anos-com-musica-cultura-e-encontros.webp","contentUrl":"https:\/\/www.encontravitoria.com.br\/sobre\/wp-content\/uploads\/2026\/08\/vitoria-na-contagem-regressiva-para-celebrar-475-anos-com-musica-cultura-e-encontros.webp","width":280,"height":280,"caption":"Vit\u00f3ria 475 anos"},{"@type":"BreadcrumbList","@id":"https:\/\/www.encontravitoria.com.br\/sobre\/vitoria-na-contagem-regressiva-para-celebrar-475-anos-com-musica-cultura-e-encontros\/#breadcrumb","itemListElement":[{"@type":"ListItem","position":1,"name":"In\u00edcio","item":"https:\/\/www.encontravitoria.com.br\/sobre\/"},{"@type":"ListItem","position":2,"name":"Vit\u00f3ria na contagem regressiva para celebrar 475 anos com m\u00fasica, cultura e encontros"}]},{"@type":"WebSite","@id":"https:\/\/www.encontravitoria.com.br\/sobre\/#website","url":"https:\/\/www.encontravitoria.com.br\/sobre\/","name":"Encontra Vit\u00f3ria","description":"Not\u00edcias, eventos, informa\u00e7\u00f5es e dicas na cidade Vit\u00f3ria e regi\u00e3o.","potentialAction":[{"@type":"SearchAction","target":{"@type":"EntryPoint","urlTemplate":"https:\/\/www.encontravitoria.com.br\/sobre\/?s={search_term_string}"},"query-input":{"@type":"PropertyValueSpecification","valueRequired":true,"valueName":"search_term_string"}}],"inLanguage":"pt-BR"},{"@type":"Person","@id":"https:\/\/www.encontravitoria.com.br\/sobre\/#\/schema\/person\/0f8e5bcc88fbadf1bad57afd504f48a2","name":"Encontra Vit\u00f3ria","image":{"@type":"ImageObject","inLanguage":"pt-BR","@id":"https:\/\/secure.gravatar.com\/avatar\/507340682b8270222e1f208e23198b6ae7e2c6a1033ae84e99bc6bce4f82a387?s=96&d=mm&r=g","url":"https:\/\/secure.gravatar.com\/avatar\/507340682b8270222e1f208e23198b6ae7e2c6a1033ae84e99bc6bce4f82a387?s=96&d=mm&r=g","contentUrl":"https:\/\/secure.gravatar.com\/avatar\/507340682b8270222e1f208e23198b6ae7e2c6a1033ae84e99bc6bce4f82a387?s=96&d=mm&r=g","caption":"Encontra Vit\u00f3ria"},"sameAs":["http:\/\/www.encontravitoria.com.br"],"url":"https:\/\/www.encontravitoria.com.br\/sobre\/author\/evitoria\/"}]}},"_links":{"self":[{"href":"https:\/\/www.encontravitoria.com.br\/sobre\/wp-json\/wp\/v2\/posts\/2273","targetHints":{"allow":["GET"]}}],"collection":[{"href":"https:\/\/www.encontravitoria.com.br\/sobre\/wp-json\/wp\/v2\/posts"}],"about":[{"href":"https:\/\/www.encontravitoria.com.br\/sobre\/wp-json\/wp\/v2\/types\/post"}],"author":[{"embeddable":true,"href":"https:\/\/www.encontravitoria.com.br\/sobre\/wp-json\/wp\/v2\/users\/1"}],"replies":[{"embeddable":true,"href":"https:\/\/www.encontravitoria.com.br\/sobre\/wp-json\/wp\/v2\/comments?post=2273"}],"version-history":[{"count":0,"href":"https:\/\/www.encontravitoria.com.br\/sobre\/wp-json\/wp\/v2\/posts\/2273\/revisions"}],"wp:featuredmedia":[{"embeddable":true,"href":"https:\/\/www.encontravitoria.com.br\/sobre\/wp-json\/wp\/v2\/media\/2272"}],"wp:attachment":[{"href":"https:\/\/www.encontravitoria.com.br\/sobre\/wp-json\/wp\/v2\/media?parent=2273"}],"wp:term":[{"taxonomy":"category","embeddable":true,"href":"https:\/\/www.encontravitoria.com.br\/sobre\/wp-json\/wp\/v2\/categories?post=2273"},{"taxonomy":"post_tag","embeddable":true,"href":"https:\/\/www.encontravitoria.com.br\/sobre\/wp-json\/wp\/v2\/tags?post=2273"}],"curies":[{"name":"wp","href":"https:\/\/api.w.org\/{rel}","templated":true}]}}