{"id":2277,"date":"2026-08-30T11:47:26","date_gmt":"2026-08-30T11:47:26","guid":{"rendered":"https:\/\/www.encontravitoria.com.br\/sobre\/vitoria-e-eleita-a-cidade-mais-competitiva-do-brasil-pelo-ranking-do-clp\/"},"modified":"2026-08-30T11:47:26","modified_gmt":"2026-08-30T11:47:26","slug":"vitoria-e-eleita-a-cidade-mais-competitiva-do-brasil-pelo-ranking-do-clp","status":"publish","type":"post","link":"https:\/\/www.encontravitoria.com.br\/sobre\/vitoria-e-eleita-a-cidade-mais-competitiva-do-brasil-pelo-ranking-do-clp\/","title":{"rendered":"Vit\u00f3ria \u00e9 eleita a cidade mais competitiva do Brasil pelo Ranking do CLP"},"content":{"rendered":"<div class=\"23ed37709e053b55400ee1990aeffe41\" data-index=\"1\" style=\"float: none; margin:0px;\">\n<!-- Anuncio display - global -->\r\n<ins class=\"adsbygoogle\"\r\n     style=\"display:block\"\r\n     data-ad-client=\"ca-pub-8585364105181520\"\r\n     data-ad-slot=\"8789329856\"\r\n     data-ad-format=\"auto\"\r\n     data-full-width-responsive=\"true\"><\/ins>\r\n<script>\r\n     (adsbygoogle = window.adsbygoogle || []).push({});\r\n<\/script>\n<\/div>\n<h2>A Trajet\u00f3ria de Vit\u00f3ria no Ranking de Competitividade<\/h2>\n<p>Vit\u00f3ria, a capital do Esp\u00edrito Santo, fez hist\u00f3ria ao conquistar, pela primeira vez, a posi\u00e7\u00e3o de cidade mais competitiva do Brasil. Essa realiza\u00e7\u00e3o foi refletida no Ranking de Competitividade dos Munic\u00edpios 2026, elaborado pelo Centro de Lideran\u00e7a P\u00fablica (CLP) em colabora\u00e7\u00e3o com a Gove Digital. A capital capixaba subiu da segunda para a primeira posi\u00e7\u00e3o, superando Florian\u00f3polis (SC), que ocupava o topo por tr\u00eas anos consecutivos.<\/p>\n<h2>Os Indicadores que Impulsionaram Vit\u00f3ria ao Topo<\/h2>\n<p>O ranking avalia 423 munic\u00edpios brasileiros, considerando uma gama de 65 indicadores distribu\u00eddos em 13 pilares, que abrangem aspectos cruciais como:<\/p>\n<ul>\n<li>Sustentabilidade fiscal<\/li>\n<li>Sa\u00fade<\/li>\n<li>Educa\u00e7\u00e3o<\/li>\n<li>Seguran\u00e7a<\/li>\n<li>Saneamento<\/li>\n<li>Inser\u00e7\u00e3o econ\u00f4mica<\/li>\n<li>Inova\u00e7\u00e3o<\/li>\n<li>Capital humano<\/li>\n<li>Telecomunica\u00e7\u00f5es<\/li>\n<\/ul>\n<p>O resultado destaca a multidimensionalidade do desempenho da cidade, considerando n\u00e3o apenas os \u00edndices econ\u00f4micos, mas tamb\u00e9m a efici\u00eancia da administra\u00e7\u00e3o p\u00fablica e a qualidade de vida que Vit\u00f3ria proporciona a seus habitantes.<\/p>\n<p><img decoding=\"async\" src=\"https:\/\/www.encontravitoria.com.br\/sobre\/wp-content\/uploads\/2026\/08\/vitoria-e-eleita-a-cidade-mais-competitiva-do-brasil-pelo-ranking-do-clp.webp\" alt=\"cidade mais competitiva do Brasil\" loading=\"lazy\" \/><\/p>\n<h2>Educa\u00e7\u00e3o em Vit\u00f3ria: Um Case de Sucesso Nacional<\/h2>\n<p>A educa\u00e7\u00e3o em Vit\u00f3ria \u00e9 um dos pilares fundamentais que sustentam sua competitividade. Nos \u00faltimos anos, as iniciativas educativas apresentaram resultados expressivos, tornando a cidade uma refer\u00eancia no ensino p\u00fablico nacional.<\/p>\n<p>Com mais de 40 mil crian\u00e7as e jovens matriculados nas 106 unidades de ensino, incluindo Centros Municipais de Educa\u00e7\u00e3o Infantil (CMEIs) e Escolas Municipais de Ensino Fundamental (EMEFs), Vit\u00f3ria se destaca na oferta de uma educa\u00e7\u00e3o de qualidade. Um dos avan\u00e7os mais not\u00e1veis foi a amplia\u00e7\u00e3o de escolas em tempo integral, que passaram de quatro unidades em 2021 para 50 em 2026.<\/p>\n<p>Essas escolas oferecem, em m\u00e9dia, nove horas de atividades di\u00e1rias, proporcionando um ambiente prop\u00edcio para o aprendizado e socializa\u00e7\u00e3o. A cidade se orgulha de ter 100% das crian\u00e7as de 4 a 5 anos matriculadas na pr\u00e9-escola, conforme indicado pelos dados da Pesquisa Nacional por Amostra de Domic\u00edlios Cont\u00ednua (Pnad-C) e do Censo Escolar.<\/p>\n<h2>Sustentabilidade Fiscal: Como Vit\u00f3ria se Destaca<\/h2>\n<p>Outro fator que contribuiu substancialmente para a ascens\u00e3o de Vit\u00f3ria no ranking \u00e9 a sua lideran\u00e7a em sustentabilidade fiscal. Este pilar avalia a capacidade do munic\u00edpio de manter o equil\u00edbrio de suas contas p\u00fablicas, promovendo investimentos em \u00e1reas essenciais sem comprometer sua sa\u00fade financeira.<\/p>\n<p>A gest\u00e3o fiscal do munic\u00edpio se traduz em menor depend\u00eancia de transfer\u00eancias, um bom \u00edndice de investimento, e controle efetivo das despesas com pessoal. Esses fatores n\u00e3o s\u00f3 melhoram a credibilidade do munic\u00edpio para empres\u00e1rios, mas tamb\u00e9m garantem recursos para servi\u00e7os essenciais \u00e0 popula\u00e7\u00e3o.<\/p>\n<h2>O Impacto da Lideran\u00e7a de Vit\u00f3ria na Comunidade<\/h2>\n<p>A lideran\u00e7a de Vit\u00f3ria se reflete positivamente na comunidade. A prefeita Cris Samorini expressou que esse reconhecimento \u00e9 resultado de um trabalho cont\u00ednuo de planejamento e efici\u00eancia administrativa, investindo em servi\u00e7os p\u00fablicos que melhoram a qualidade de vida dos cidad\u00e3os. As iniciativas promovidas pela gest\u00e3o municipal n\u00e3o apenas contribuem para o crescimento econ\u00f4mico, mas tamb\u00e9m fortalecem o sentimento de pertencimento e cidadania entre os moradores.<\/p>\n<h2>Investimentos que Transformaram Vit\u00f3ria<\/h2>\n<p>Os investimentos realizados em diversas \u00e1reas t\u00eam sido cruciais para a transforma\u00e7\u00e3o de Vit\u00f3ria. Desde 2021, o Plano Vit\u00f3ria j\u00e1 direcionou R$ 2,74 bilh\u00f5es em obras e melhorias de infraestrutura, abrangendo educa\u00e7\u00e3o, sa\u00fade, urbaniza\u00e7\u00e3o e mobilidade urbana. Para os pr\u00f3ximos cinco anos, est\u00e1 prevista a destina\u00e7\u00e3o de mais R$ 3 bilh\u00f5es, refletindo um compromisso cont\u00ednuo com o desenvolvimento sustent\u00e1vel da cidade.<\/p>\n<h2>A Gest\u00e3o P\u00fablica como Diferencial Competitivo<\/h2>\n<p>A estrat\u00e9gia de gest\u00e3o p\u00fablica em Vit\u00f3ria tem sido essencial para manter a cidade como refer\u00eancia nacional. O Plano Vit\u00f3ria 2030, elaborado com a participa\u00e7\u00e3o da sociedade, delineia metas alinhadas aos Objetivos de Desenvolvimento Sustent\u00e1vel (ODS), organizando a\u00e7\u00f5es em quatro pilares: Vit\u00f3ria Din\u00e2mica, Vit\u00f3ria Acolhedora, Vit\u00f3ria com Mais Qualidade de Vida e Vit\u00f3ria Conectada e Participativa.<\/p>\n<h2>Vit\u00f3ria e a Sa\u00fade: Resultados que Impressionam<\/h2>\n<p>A \u00e1rea da sa\u00fade \u00e9 outro destaque no desempenho de Vit\u00f3ria. A gest\u00e3o tem focado em oferecer servi\u00e7os de sa\u00fade acess\u00edveis e de qualidade, envolvendo a comunidade em a\u00e7\u00f5es preventivas e educativas. O acesso facilitado a atendimentos especializados e a campanhas de vacina\u00e7\u00e3o t\u00eam refor\u00e7ado cada vez mais a import\u00e2ncia da sa\u00fade p\u00fablica na cidade.<\/p>\n<h2>O Papel da Cultura no Desenvolvimento da Cidade<\/h2>\n<p>A cultura tem um papel essencial no desenvolvimento de Vit\u00f3ria. A promo\u00e7\u00e3o de eventos culturais, apoio \u00e0 produ\u00e7\u00e3o art\u00edstica e valoriza\u00e7\u00e3o do patrim\u00f4nio hist\u00f3rico s\u00e3o estrat\u00e9gias que atraem turistas e promovem a identidade capixaba. A participa\u00e7\u00e3o da popula\u00e7\u00e3o em iniciativas culturais tamb\u00e9m fomenta a inclus\u00e3o e a diversidade, contribuindo para uma sociedade mais coesa.<\/p>\n<h2>Vis\u00e3o para o Futuro: Planos e Desafios<\/h2>\n<p>O futuro de Vit\u00f3ria promete ser ainda mais promissor. O planejamento cont\u00ednuo e o monitoramento de indicadores s\u00e3o fundamentais para garantir que a cidade mantenha sua competitividade. Al\u00e9m disso, a transi\u00e7\u00e3o para um novo modelo tribut\u00e1rio exigir\u00e1 adapta\u00e7\u00e3o e inova\u00e7\u00e3o por parte do munic\u00edpio para continuar a atrair investimentos e interesses comerciais.<\/p>\n<p>O desafio ser\u00e1 garantir que, mesmo com as mudan\u00e7as, a qualidade de vida da popula\u00e7\u00e3o continue a ser priorizada. O compromisso de longo prazo em manter a excel\u00eancia na gest\u00e3o p\u00fablica e a intera\u00e7\u00e3o com a comunidade s\u00e3o fundamentais para o crescimento e desenvolvimento sustent\u00e1veis em Vit\u00f3ria.<\/p>\n\n<div style=\"font-size: 0px; height: 0px; line-height: 0px; margin: 0; padding: 0; clear: both;\"><\/div>","protected":false},"excerpt":{"rendered":"<p>Vit\u00f3ria \u00e9 agora a cidade mais competitiva do Brasil pelo Ranking do CLP.<\/p>\n","protected":false},"author":1,"featured_media":2276,"comment_status":"open","ping_status":"closed","sticky":false,"template":"","format":"standard","meta":{"footnotes":""},"categories":[6],"tags":[],"class_list":["post-2277","post","type-post","status-publish","format-standard","has-post-thumbnail","hentry","category-noticias-em-vitoria","has_thumb"],"yoast_head":"<!-- This site is optimized with the Yoast SEO plugin v28.2 - https:\/\/yoast.com\/product\/yoast-seo-wordpress\/ -->\n<title>Vit\u00f3ria \u00e9 eleita a cidade mais competitiva do Brasil pelo Ranking do CLP - Encontra Vit\u00f3ria<\/title>\n<meta name=\"robots\" content=\"index, follow, max-snippet:-1, max-image-preview:large, max-video-preview:-1\" \/>\n<link rel=\"canonical\" href=\"https:\/\/www.encontravitoria.com.br\/sobre\/vitoria-e-eleita-a-cidade-mais-competitiva-do-brasil-pelo-ranking-do-clp\/\" \/>\n<meta property=\"og:locale\" content=\"pt_BR\" \/>\n<meta property=\"og:type\" content=\"article\" \/>\n<meta property=\"og:title\" content=\"Vit\u00f3ria \u00e9 eleita a cidade mais competitiva do Brasil pelo Ranking do CLP - Encontra Vit\u00f3ria\" \/>\n<meta property=\"og:description\" content=\"Vit\u00f3ria \u00e9 agora a cidade mais competitiva do Brasil pelo Ranking do CLP.\" \/>\n<meta property=\"og:url\" content=\"https:\/\/www.encontravitoria.com.br\/sobre\/vitoria-e-eleita-a-cidade-mais-competitiva-do-brasil-pelo-ranking-do-clp\/\" \/>\n<meta property=\"og:site_name\" content=\"Encontra Vit\u00f3ria\" \/>\n<meta property=\"article:published_time\" content=\"2026-08-30T11:47:26+00:00\" \/>\n<meta property=\"og:image\" content=\"https:\/\/www.encontravitoria.com.br\/sobre\/wp-content\/uploads\/2026\/08\/vitoria-e-eleita-a-cidade-mais-competitiva-do-brasil-pelo-ranking-do-clp.webp\" \/>\n<meta name=\"author\" content=\"Encontra Vit\u00f3ria\" \/>\n<meta name=\"twitter:card\" content=\"summary_large_image\" \/>\n<meta name=\"twitter:label1\" content=\"Escrito por\" \/>\n\t<meta name=\"twitter:data1\" content=\"Encontra Vit\u00f3ria\" \/>\n\t<meta name=\"twitter:label2\" content=\"Est. tempo de leitura\" \/>\n\t<meta name=\"twitter:data2\" content=\"5 minutos\" \/>\n<script type=\"application\/ld+json\" class=\"yoast-schema-graph\">{\"@context\":\"https:\\\/\\\/schema.org\",\"@graph\":[{\"@type\":\"Article\",\"@id\":\"https:\\\/\\\/www.encontravitoria.com.br\\\/sobre\\\/vitoria-e-eleita-a-cidade-mais-competitiva-do-brasil-pelo-ranking-do-clp\\\/#article\",\"isPartOf\":{\"@id\":\"https:\\\/\\\/www.encontravitoria.com.br\\\/sobre\\\/vitoria-e-eleita-a-cidade-mais-competitiva-do-brasil-pelo-ranking-do-clp\\\/\"},\"author\":{\"name\":\"Encontra Vit\u00f3ria\",\"@id\":\"https:\\\/\\\/www.encontravitoria.com.br\\\/sobre\\\/#\\\/schema\\\/person\\\/0f8e5bcc88fbadf1bad57afd504f48a2\"},\"headline\":\"Vit\u00f3ria \u00e9 eleita a cidade mais competitiva do Brasil pelo Ranking do CLP\",\"datePublished\":\"2026-08-30T11:47:26+00:00\",\"mainEntityOfPage\":{\"@id\":\"https:\\\/\\\/www.encontravitoria.com.br\\\/sobre\\\/vitoria-e-eleita-a-cidade-mais-competitiva-do-brasil-pelo-ranking-do-clp\\\/\"},\"wordCount\":976,\"commentCount\":0,\"image\":{\"@id\":\"https:\\\/\\\/www.encontravitoria.com.br\\\/sobre\\\/vitoria-e-eleita-a-cidade-mais-competitiva-do-brasil-pelo-ranking-do-clp\\\/#primaryimage\"},\"thumbnailUrl\":\"https:\\\/\\\/www.encontravitoria.com.br\\\/sobre\\\/wp-content\\\/uploads\\\/2026\\\/08\\\/vitoria-e-eleita-a-cidade-mais-competitiva-do-brasil-pelo-ranking-do-clp.webp\",\"articleSection\":[\"Not\u00edcias Vit\u00f3ria\"],\"inLanguage\":\"pt-BR\",\"potentialAction\":[{\"@type\":\"CommentAction\",\"name\":\"Comment\",\"target\":[\"https:\\\/\\\/www.encontravitoria.com.br\\\/sobre\\\/vitoria-e-eleita-a-cidade-mais-competitiva-do-brasil-pelo-ranking-do-clp\\\/#respond\"]}]},{\"@type\":\"WebPage\",\"@id\":\"https:\\\/\\\/www.encontravitoria.com.br\\\/sobre\\\/vitoria-e-eleita-a-cidade-mais-competitiva-do-brasil-pelo-ranking-do-clp\\\/\",\"url\":\"https:\\\/\\\/www.encontravitoria.com.br\\\/sobre\\\/vitoria-e-eleita-a-cidade-mais-competitiva-do-brasil-pelo-ranking-do-clp\\\/\",\"name\":\"Vit\u00f3ria \u00e9 eleita a cidade mais competitiva do Brasil pelo Ranking do CLP - Encontra Vit\u00f3ria\",\"isPartOf\":{\"@id\":\"https:\\\/\\\/www.encontravitoria.com.br\\\/sobre\\\/#website\"},\"primaryImageOfPage\":{\"@id\":\"https:\\\/\\\/www.encontravitoria.com.br\\\/sobre\\\/vitoria-e-eleita-a-cidade-mais-competitiva-do-brasil-pelo-ranking-do-clp\\\/#primaryimage\"},\"image\":{\"@id\":\"https:\\\/\\\/www.encontravitoria.com.br\\\/sobre\\\/vitoria-e-eleita-a-cidade-mais-competitiva-do-brasil-pelo-ranking-do-clp\\\/#primaryimage\"},\"thumbnailUrl\":\"https:\\\/\\\/www.encontravitoria.com.br\\\/sobre\\\/wp-content\\\/uploads\\\/2026\\\/08\\\/vitoria-e-eleita-a-cidade-mais-competitiva-do-brasil-pelo-ranking-do-clp.webp\",\"datePublished\":\"2026-08-30T11:47:26+00:00\",\"author\":{\"@id\":\"https:\\\/\\\/www.encontravitoria.com.br\\\/sobre\\\/#\\\/schema\\\/person\\\/0f8e5bcc88fbadf1bad57afd504f48a2\"},\"breadcrumb\":{\"@id\":\"https:\\\/\\\/www.encontravitoria.com.br\\\/sobre\\\/vitoria-e-eleita-a-cidade-mais-competitiva-do-brasil-pelo-ranking-do-clp\\\/#breadcrumb\"},\"inLanguage\":\"pt-BR\",\"potentialAction\":[{\"@type\":\"ReadAction\",\"target\":[\"https:\\\/\\\/www.encontravitoria.com.br\\\/sobre\\\/vitoria-e-eleita-a-cidade-mais-competitiva-do-brasil-pelo-ranking-do-clp\\\/\"]}]},{\"@type\":\"ImageObject\",\"inLanguage\":\"pt-BR\",\"@id\":\"https:\\\/\\\/www.encontravitoria.com.br\\\/sobre\\\/vitoria-e-eleita-a-cidade-mais-competitiva-do-brasil-pelo-ranking-do-clp\\\/#primaryimage\",\"url\":\"https:\\\/\\\/www.encontravitoria.com.br\\\/sobre\\\/wp-content\\\/uploads\\\/2026\\\/08\\\/vitoria-e-eleita-a-cidade-mais-competitiva-do-brasil-pelo-ranking-do-clp.webp\",\"contentUrl\":\"https:\\\/\\\/www.encontravitoria.com.br\\\/sobre\\\/wp-content\\\/uploads\\\/2026\\\/08\\\/vitoria-e-eleita-a-cidade-mais-competitiva-do-brasil-pelo-ranking-do-clp.webp\",\"width\":280,\"height\":280,\"caption\":\"cidade mais competitiva do Brasil\"},{\"@type\":\"BreadcrumbList\",\"@id\":\"https:\\\/\\\/www.encontravitoria.com.br\\\/sobre\\\/vitoria-e-eleita-a-cidade-mais-competitiva-do-brasil-pelo-ranking-do-clp\\\/#breadcrumb\",\"itemListElement\":[{\"@type\":\"ListItem\",\"position\":1,\"name\":\"In\u00edcio\",\"item\":\"https:\\\/\\\/www.encontravitoria.com.br\\\/sobre\\\/\"},{\"@type\":\"ListItem\",\"position\":2,\"name\":\"Vit\u00f3ria \u00e9 eleita a cidade mais competitiva do Brasil pelo Ranking do CLP\"}]},{\"@type\":\"WebSite\",\"@id\":\"https:\\\/\\\/www.encontravitoria.com.br\\\/sobre\\\/#website\",\"url\":\"https:\\\/\\\/www.encontravitoria.com.br\\\/sobre\\\/\",\"name\":\"Encontra Vit\u00f3ria\",\"description\":\"Not\u00edcias, eventos, informa\u00e7\u00f5es e dicas na cidade Vit\u00f3ria e regi\u00e3o.\",\"potentialAction\":[{\"@type\":\"SearchAction\",\"target\":{\"@type\":\"EntryPoint\",\"urlTemplate\":\"https:\\\/\\\/www.encontravitoria.com.br\\\/sobre\\\/?s={search_term_string}\"},\"query-input\":{\"@type\":\"PropertyValueSpecification\",\"valueRequired\":true,\"valueName\":\"search_term_string\"}}],\"inLanguage\":\"pt-BR\"},{\"@type\":\"Person\",\"@id\":\"https:\\\/\\\/www.encontravitoria.com.br\\\/sobre\\\/#\\\/schema\\\/person\\\/0f8e5bcc88fbadf1bad57afd504f48a2\",\"name\":\"Encontra Vit\u00f3ria\",\"image\":{\"@type\":\"ImageObject\",\"inLanguage\":\"pt-BR\",\"@id\":\"https:\\\/\\\/secure.gravatar.com\\\/avatar\\\/507340682b8270222e1f208e23198b6ae7e2c6a1033ae84e99bc6bce4f82a387?s=96&d=mm&r=g\",\"url\":\"https:\\\/\\\/secure.gravatar.com\\\/avatar\\\/507340682b8270222e1f208e23198b6ae7e2c6a1033ae84e99bc6bce4f82a387?s=96&d=mm&r=g\",\"contentUrl\":\"https:\\\/\\\/secure.gravatar.com\\\/avatar\\\/507340682b8270222e1f208e23198b6ae7e2c6a1033ae84e99bc6bce4f82a387?s=96&d=mm&r=g\",\"caption\":\"Encontra Vit\u00f3ria\"},\"sameAs\":[\"http:\\\/\\\/www.encontravitoria.com.br\"],\"url\":\"https:\\\/\\\/www.encontravitoria.com.br\\\/sobre\\\/author\\\/evitoria\\\/\"}]}<\/script>\n<!-- \/ Yoast SEO plugin. -->","yoast_head_json":{"title":"Vit\u00f3ria \u00e9 eleita a cidade mais competitiva do Brasil pelo Ranking do CLP - Encontra Vit\u00f3ria","robots":{"index":"index","follow":"follow","max-snippet":"max-snippet:-1","max-image-preview":"max-image-preview:large","max-video-preview":"max-video-preview:-1"},"canonical":"https:\/\/www.encontravitoria.com.br\/sobre\/vitoria-e-eleita-a-cidade-mais-competitiva-do-brasil-pelo-ranking-do-clp\/","og_locale":"pt_BR","og_type":"article","og_title":"Vit\u00f3ria \u00e9 eleita a cidade mais competitiva do Brasil pelo Ranking do CLP - Encontra Vit\u00f3ria","og_description":"Vit\u00f3ria \u00e9 agora a cidade mais competitiva do Brasil pelo Ranking do CLP.","og_url":"https:\/\/www.encontravitoria.com.br\/sobre\/vitoria-e-eleita-a-cidade-mais-competitiva-do-brasil-pelo-ranking-do-clp\/","og_site_name":"Encontra Vit\u00f3ria","article_published_time":"2026-08-30T11:47:26+00:00","og_image":[{"url":"https:\/\/www.encontravitoria.com.br\/sobre\/wp-content\/uploads\/2026\/08\/vitoria-e-eleita-a-cidade-mais-competitiva-do-brasil-pelo-ranking-do-clp.webp","type":"","width":"","height":""}],"author":"Encontra Vit\u00f3ria","twitter_card":"summary_large_image","twitter_misc":{"Escrito por":"Encontra Vit\u00f3ria","Est. tempo de leitura":"5 minutos"},"schema":{"@context":"https:\/\/schema.org","@graph":[{"@type":"Article","@id":"https:\/\/www.encontravitoria.com.br\/sobre\/vitoria-e-eleita-a-cidade-mais-competitiva-do-brasil-pelo-ranking-do-clp\/#article","isPartOf":{"@id":"https:\/\/www.encontravitoria.com.br\/sobre\/vitoria-e-eleita-a-cidade-mais-competitiva-do-brasil-pelo-ranking-do-clp\/"},"author":{"name":"Encontra Vit\u00f3ria","@id":"https:\/\/www.encontravitoria.com.br\/sobre\/#\/schema\/person\/0f8e5bcc88fbadf1bad57afd504f48a2"},"headline":"Vit\u00f3ria \u00e9 eleita a cidade mais competitiva do Brasil pelo Ranking do CLP","datePublished":"2026-08-30T11:47:26+00:00","mainEntityOfPage":{"@id":"https:\/\/www.encontravitoria.com.br\/sobre\/vitoria-e-eleita-a-cidade-mais-competitiva-do-brasil-pelo-ranking-do-clp\/"},"wordCount":976,"commentCount":0,"image":{"@id":"https:\/\/www.encontravitoria.com.br\/sobre\/vitoria-e-eleita-a-cidade-mais-competitiva-do-brasil-pelo-ranking-do-clp\/#primaryimage"},"thumbnailUrl":"https:\/\/www.encontravitoria.com.br\/sobre\/wp-content\/uploads\/2026\/08\/vitoria-e-eleita-a-cidade-mais-competitiva-do-brasil-pelo-ranking-do-clp.webp","articleSection":["Not\u00edcias Vit\u00f3ria"],"inLanguage":"pt-BR","potentialAction":[{"@type":"CommentAction","name":"Comment","target":["https:\/\/www.encontravitoria.com.br\/sobre\/vitoria-e-eleita-a-cidade-mais-competitiva-do-brasil-pelo-ranking-do-clp\/#respond"]}]},{"@type":"WebPage","@id":"https:\/\/www.encontravitoria.com.br\/sobre\/vitoria-e-eleita-a-cidade-mais-competitiva-do-brasil-pelo-ranking-do-clp\/","url":"https:\/\/www.encontravitoria.com.br\/sobre\/vitoria-e-eleita-a-cidade-mais-competitiva-do-brasil-pelo-ranking-do-clp\/","name":"Vit\u00f3ria \u00e9 eleita a cidade mais competitiva do Brasil pelo Ranking do CLP - Encontra Vit\u00f3ria","isPartOf":{"@id":"https:\/\/www.encontravitoria.com.br\/sobre\/#website"},"primaryImageOfPage":{"@id":"https:\/\/www.encontravitoria.com.br\/sobre\/vitoria-e-eleita-a-cidade-mais-competitiva-do-brasil-pelo-ranking-do-clp\/#primaryimage"},"image":{"@id":"https:\/\/www.encontravitoria.com.br\/sobre\/vitoria-e-eleita-a-cidade-mais-competitiva-do-brasil-pelo-ranking-do-clp\/#primaryimage"},"thumbnailUrl":"https:\/\/www.encontravitoria.com.br\/sobre\/wp-content\/uploads\/2026\/08\/vitoria-e-eleita-a-cidade-mais-competitiva-do-brasil-pelo-ranking-do-clp.webp","datePublished":"2026-08-30T11:47:26+00:00","author":{"@id":"https:\/\/www.encontravitoria.com.br\/sobre\/#\/schema\/person\/0f8e5bcc88fbadf1bad57afd504f48a2"},"breadcrumb":{"@id":"https:\/\/www.encontravitoria.com.br\/sobre\/vitoria-e-eleita-a-cidade-mais-competitiva-do-brasil-pelo-ranking-do-clp\/#breadcrumb"},"inLanguage":"pt-BR","potentialAction":[{"@type":"ReadAction","target":["https:\/\/www.encontravitoria.com.br\/sobre\/vitoria-e-eleita-a-cidade-mais-competitiva-do-brasil-pelo-ranking-do-clp\/"]}]},{"@type":"ImageObject","inLanguage":"pt-BR","@id":"https:\/\/www.encontravitoria.com.br\/sobre\/vitoria-e-eleita-a-cidade-mais-competitiva-do-brasil-pelo-ranking-do-clp\/#primaryimage","url":"https:\/\/www.encontravitoria.com.br\/sobre\/wp-content\/uploads\/2026\/08\/vitoria-e-eleita-a-cidade-mais-competitiva-do-brasil-pelo-ranking-do-clp.webp","contentUrl":"https:\/\/www.encontravitoria.com.br\/sobre\/wp-content\/uploads\/2026\/08\/vitoria-e-eleita-a-cidade-mais-competitiva-do-brasil-pelo-ranking-do-clp.webp","width":280,"height":280,"caption":"cidade mais competitiva do Brasil"},{"@type":"BreadcrumbList","@id":"https:\/\/www.encontravitoria.com.br\/sobre\/vitoria-e-eleita-a-cidade-mais-competitiva-do-brasil-pelo-ranking-do-clp\/#breadcrumb","itemListElement":[{"@type":"ListItem","position":1,"name":"In\u00edcio","item":"https:\/\/www.encontravitoria.com.br\/sobre\/"},{"@type":"ListItem","position":2,"name":"Vit\u00f3ria \u00e9 eleita a cidade mais competitiva do Brasil pelo Ranking do CLP"}]},{"@type":"WebSite","@id":"https:\/\/www.encontravitoria.com.br\/sobre\/#website","url":"https:\/\/www.encontravitoria.com.br\/sobre\/","name":"Encontra Vit\u00f3ria","description":"Not\u00edcias, eventos, informa\u00e7\u00f5es e dicas na cidade Vit\u00f3ria e regi\u00e3o.","potentialAction":[{"@type":"SearchAction","target":{"@type":"EntryPoint","urlTemplate":"https:\/\/www.encontravitoria.com.br\/sobre\/?s={search_term_string}"},"query-input":{"@type":"PropertyValueSpecification","valueRequired":true,"valueName":"search_term_string"}}],"inLanguage":"pt-BR"},{"@type":"Person","@id":"https:\/\/www.encontravitoria.com.br\/sobre\/#\/schema\/person\/0f8e5bcc88fbadf1bad57afd504f48a2","name":"Encontra Vit\u00f3ria","image":{"@type":"ImageObject","inLanguage":"pt-BR","@id":"https:\/\/secure.gravatar.com\/avatar\/507340682b8270222e1f208e23198b6ae7e2c6a1033ae84e99bc6bce4f82a387?s=96&d=mm&r=g","url":"https:\/\/secure.gravatar.com\/avatar\/507340682b8270222e1f208e23198b6ae7e2c6a1033ae84e99bc6bce4f82a387?s=96&d=mm&r=g","contentUrl":"https:\/\/secure.gravatar.com\/avatar\/507340682b8270222e1f208e23198b6ae7e2c6a1033ae84e99bc6bce4f82a387?s=96&d=mm&r=g","caption":"Encontra Vit\u00f3ria"},"sameAs":["http:\/\/www.encontravitoria.com.br"],"url":"https:\/\/www.encontravitoria.com.br\/sobre\/author\/evitoria\/"}]}},"_links":{"self":[{"href":"https:\/\/www.encontravitoria.com.br\/sobre\/wp-json\/wp\/v2\/posts\/2277","targetHints":{"allow":["GET"]}}],"collection":[{"href":"https:\/\/www.encontravitoria.com.br\/sobre\/wp-json\/wp\/v2\/posts"}],"about":[{"href":"https:\/\/www.encontravitoria.com.br\/sobre\/wp-json\/wp\/v2\/types\/post"}],"author":[{"embeddable":true,"href":"https:\/\/www.encontravitoria.com.br\/sobre\/wp-json\/wp\/v2\/users\/1"}],"replies":[{"embeddable":true,"href":"https:\/\/www.encontravitoria.com.br\/sobre\/wp-json\/wp\/v2\/comments?post=2277"}],"version-history":[{"count":0,"href":"https:\/\/www.encontravitoria.com.br\/sobre\/wp-json\/wp\/v2\/posts\/2277\/revisions"}],"wp:featuredmedia":[{"embeddable":true,"href":"https:\/\/www.encontravitoria.com.br\/sobre\/wp-json\/wp\/v2\/media\/2276"}],"wp:attachment":[{"href":"https:\/\/www.encontravitoria.com.br\/sobre\/wp-json\/wp\/v2\/media?parent=2277"}],"wp:term":[{"taxonomy":"category","embeddable":true,"href":"https:\/\/www.encontravitoria.com.br\/sobre\/wp-json\/wp\/v2\/categories?post=2277"},{"taxonomy":"post_tag","embeddable":true,"href":"https:\/\/www.encontravitoria.com.br\/sobre\/wp-json\/wp\/v2\/tags?post=2277"}],"curies":[{"name":"wp","href":"https:\/\/api.w.org\/{rel}","templated":true}]}}