{"id":2279,"date":"2026-08-30T11:48:33","date_gmt":"2026-08-30T11:48:33","guid":{"rendered":"https:\/\/www.encontravitoria.com.br\/sobre\/vitoria-sedia-3o-encontro-de-gestores-municipais-de-cultura-do-espirito-santo\/"},"modified":"2026-08-30T11:48:33","modified_gmt":"2026-08-30T11:48:33","slug":"vitoria-sedia-3o-encontro-de-gestores-municipais-de-cultura-do-espirito-santo","status":"publish","type":"post","link":"https:\/\/www.encontravitoria.com.br\/sobre\/vitoria-sedia-3o-encontro-de-gestores-municipais-de-cultura-do-espirito-santo\/","title":{"rendered":"Vit\u00f3ria sedia 3\u00ba Encontro de Gestores Municipais de Cultura do Esp\u00edrito Santo"},"content":{"rendered":"<div class=\"23ed37709e053b55400ee1990aeffe41\" data-index=\"1\" style=\"float: none; margin:0px;\">\n<!-- Anuncio display - global -->\r\n<ins class=\"adsbygoogle\"\r\n     style=\"display:block\"\r\n     data-ad-client=\"ca-pub-8585364105181520\"\r\n     data-ad-slot=\"8789329856\"\r\n     data-ad-format=\"auto\"\r\n     data-full-width-responsive=\"true\"><\/ins>\r\n<script>\r\n     (adsbygoogle = window.adsbygoogle || []).push({});\r\n<\/script>\n<\/div>\n<h2>O Papel das Cidades na Gest\u00e3o Cultural<\/h2>\n<p>No contexto atual, as cidades desempenham um papel fundamental na administra\u00e7\u00e3o das pol\u00edticas culturais. Com a transforma\u00e7\u00e3o da gest\u00e3o p\u00fablica, torna-se cada vez mais necess\u00e1ria a inclus\u00e3o da cultura como um componente estrat\u00e9gico para o desenvolvimento local. A gest\u00e3o cultural implica n\u00e3o somente na preserva\u00e7\u00e3o do patrim\u00f4nio, mas tamb\u00e9m na promo\u00e7\u00e3o de uma identidade cultural forte e din\u00e2mica que reflita as diversas manifesta\u00e7\u00f5es art\u00edsticas e sociais da popula\u00e7\u00e3o.<\/p>\n<h2>Objetivos do 3\u00ba Encontro de Gestores<\/h2>\n<p>A iniciativa do terceiro encontro de gestores municipais de cultura, ocorrido no Teatro do Sesi, foi pautada por diversos objetivos. Entre eles, destacam-se investir no fortalecimento das redes de di\u00e1logo, troca de experi\u00eancias e apresenta\u00e7\u00e3o de melhores pr\u00e1ticas na gest\u00e3o cultural. A ideia central \u00e9 promover um espa\u00e7o de reflex\u00e3o e discuss\u00e3o sobre as quest\u00f5es que envolvem o setor, incentivando a participa\u00e7\u00e3o ativa dos gestores nas decis\u00f5es que impactam suas comunidades.<\/p>\n<h2>Fortalecendo o Di\u00e1logo Institucional<\/h2>\n<p>Um dos enfoques principais do encontro foi fortalecer o di\u00e1logo institucional entre os diferentes munic\u00edpios capixabas, permitindo que as experi\u00eancias e desafios enfrentados por cada governo local sejam compartilhados e discutidos em conjunto. Esse interc\u00e2mbio de informa\u00e7\u00f5es cria um ambiente prop\u00edcio para o desenvolvimento de solu\u00e7\u00f5es coletivas e inovadoras, fundamentais para aprimorar as pr\u00e1ticas culturais em cada cidade.<\/p>\n<p><img decoding=\"async\" src=\"https:\/\/www.encontravitoria.com.br\/sobre\/wp-content\/uploads\/2026\/08\/vitoria-sedia-3-encontro-de-gestores-municipais-de-cultura-do-espirito-santo.webp\" alt=\"Encontro de Gestores Municipais de Cultura\" loading=\"lazy\" \/><\/p>\n<h2>Principais Desafios do Setor Cultural<\/h2>\n<p>Os gestores municipais frequentemente enfrentam desafios como a falta de recursos financeiros, a necessidade de capacita\u00e7\u00e3o e forma\u00e7\u00e3o cont\u00ednua para seus colaboradores, e a dificuldade de articula\u00e7\u00e3o com outras \u00e1reas do governo e da sociedade civil. O evento abordou esses temas, buscando estrat\u00e9gias para que os gestores possam superar esses obst\u00e1culos, promovendo um setor cultural mais resiliente e sustent\u00e1vel.<\/p>\n<h2>A import\u00e2ncia do F\u00f3rum de Secret\u00e1rios de Cultura<\/h2>\n<p>O F\u00f3rum de Secret\u00e1rios e Dirigentes Municipais de Cultura do Esp\u00edrito Santo (Forcult-ES) se mostra essencial na constru\u00e7\u00e3o de uma pol\u00edtica cultural coesa e eficiente. Este espa\u00e7o de articula\u00e7\u00e3o permite que os gestores se unam em torno de pautas comuns, engajando esfor\u00e7os coletivos para ampliar a visibilidade da cultura capixaba e garantir um ambiente favor\u00e1vel ao desenvolvimento de projetos culturais.<\/p>\n<h2>Programa\u00e7\u00e3o do Evento e Temas Abordados<\/h2>\n<p>A programa\u00e7\u00e3o do encontro foi planejada cuidadosamente para abordar temas pertinentes ao cen\u00e1rio cultural atual. Durante o evento, foram realizados pain\u00e9is que discutiram o Sistema Nacional de Cultura (SNC), o Marco Regulat\u00f3rio do Fomento \u00e0 Cultura, e as Pol\u00edticas P\u00fablicas relacionadas \u00e0 Cultura Viva e \u00e0 Pol\u00edtica Nacional Aldir Blanc. Essas discuss\u00f5es foram enriquecidas pela presen\u00e7a de especialistas e representantes do Minist\u00e9rio da Cultura, que trouxeram uma vis\u00e3o mais ampla das pol\u00edticas nacionais e suas implica\u00e7\u00f5es locais.<\/p>\n<h2>A Presen\u00e7a do Minist\u00e9rio da Cultura<\/h2>\n<p>A presen\u00e7a de representantes do Minist\u00e9rio da Cultura foi um ponto alto do evento. Com o apoio do governo federal, os gestores puderam dialogar diretamente sobre as pol\u00edticas culturais e as oportunidades de fomento dispon\u00edveis. Tal parceria \u00e9 vital para alinhar as a\u00e7\u00f5es dos munic\u00edpios \u00e0s diretrizes nacionais, garantindo que as iniciativas locais estejam em harmonia com as metas do governo federal.<\/p>\n<h2>Impacto da Arte na Identidade Capixaba<\/h2>\n<p>Um aspecto ineg\u00e1vel da cultura \u00e9 seu papel na forma\u00e7\u00e3o da identidade regional. O encontro destacou a import\u00e2ncia das artes na constru\u00e7\u00e3o de uma narrativa coletiva e na reflex\u00e3o sobre as singularidades capixabas. A valoriza\u00e7\u00e3o do patrim\u00f4nio cultural local contribui para a autoconfian\u00e7a da popula\u00e7\u00e3o e incentiva o turismo, al\u00e9m de fortalecer a economia criativa.<\/p>\n<h2>Experi\u00eancias Compartilhadas entre Munic\u00edpios<\/h2>\n<p>O compartilhamento de experi\u00eancias e pr\u00e1ticas bem-sucedidas foi uma caracter\u00edstica marcante do encontro. Gestores de diversos munic\u00edpios apresentaram relatos sobre projetos em andamento, como festivais, exposi\u00e7\u00f5es e a\u00e7\u00f5es educativas que t\u00eam impactado positivamente suas comunidades. Essas trocas s\u00e3o fundamentais para inspirar inova\u00e7\u00f5es e adaptar boas pr\u00e1ticas a diferentes contextos.<\/p>\n<h2>Expectativas para o Futuro da Cultura em Vit\u00f3ria<\/h2>\n<p>Com um cen\u00e1rio promissor pela frente, as expectativas para o futuro da cultura em Vit\u00f3ria s\u00e3o altas. As iniciativas discutidas durante o encontro visam n\u00e3o apenas a continuidade das pol\u00edticas culturais, mas tamb\u00e9m sua amplia\u00e7\u00e3o, de modo a incorporar diferentes vozes e express\u00f5es art\u00edsticas. O fortalecimento da cultura local exige um compromisso cont\u00ednuo por parte dos gestores e da sociedade, sendo essencial a constru\u00e7\u00e3o de um caminho colaborativo que garanta a pluralidade cultural.<\/p>\n<p>O evento, que une gestores e representantes de diversas \u00e1reas, representa um marco na consolida\u00e7\u00e3o de diretrizes para a cultura no Esp\u00edrito Santo. O sucesso depende do engajamento coletivo, que se espera continuar a inspirar mudan\u00e7as significativas e a melhoria das pol\u00edticas culturais nos munic\u00edpios capixabas.<\/p>\n\n<div style=\"font-size: 0px; height: 0px; line-height: 0px; margin: 0; padding: 0; clear: both;\"><\/div>","protected":false},"excerpt":{"rendered":"<p>Vit\u00f3ria sedia Encontro de Gestores Municipais de Cultura do Esp\u00edrito Santo com propostas inovadoras.<\/p>\n","protected":false},"author":1,"featured_media":2278,"comment_status":"open","ping_status":"closed","sticky":false,"template":"","format":"standard","meta":{"footnotes":""},"categories":[15],"tags":[],"class_list":["post-2279","post","type-post","status-publish","format-standard","has-post-thumbnail","hentry","category-cultura-em-vitoria","has_thumb"],"yoast_head":"<!-- This site is optimized with the Yoast SEO plugin v28.2 - https:\/\/yoast.com\/product\/yoast-seo-wordpress\/ -->\n<title>Vit\u00f3ria sedia 3\u00ba Encontro de Gestores Municipais de Cultura do Esp\u00edrito Santo - Encontra Vit\u00f3ria<\/title>\n<meta name=\"robots\" content=\"index, follow, max-snippet:-1, max-image-preview:large, max-video-preview:-1\" \/>\n<link rel=\"canonical\" href=\"https:\/\/www.encontravitoria.com.br\/sobre\/vitoria-sedia-3o-encontro-de-gestores-municipais-de-cultura-do-espirito-santo\/\" \/>\n<meta property=\"og:locale\" content=\"pt_BR\" \/>\n<meta property=\"og:type\" content=\"article\" \/>\n<meta property=\"og:title\" content=\"Vit\u00f3ria sedia 3\u00ba Encontro de Gestores Municipais de Cultura do Esp\u00edrito Santo - Encontra Vit\u00f3ria\" \/>\n<meta property=\"og:description\" content=\"Vit\u00f3ria sedia Encontro de Gestores Municipais de Cultura do Esp\u00edrito Santo com propostas inovadoras.\" \/>\n<meta property=\"og:url\" content=\"https:\/\/www.encontravitoria.com.br\/sobre\/vitoria-sedia-3o-encontro-de-gestores-municipais-de-cultura-do-espirito-santo\/\" \/>\n<meta property=\"og:site_name\" content=\"Encontra Vit\u00f3ria\" \/>\n<meta property=\"article:published_time\" content=\"2026-08-30T11:48:33+00:00\" \/>\n<meta property=\"og:image\" content=\"https:\/\/www.encontravitoria.com.br\/sobre\/wp-content\/uploads\/2026\/08\/vitoria-sedia-3-encontro-de-gestores-municipais-de-cultura-do-espirito-santo.webp\" \/>\n<meta name=\"author\" content=\"Encontra Vit\u00f3ria\" \/>\n<meta name=\"twitter:card\" content=\"summary_large_image\" \/>\n<meta name=\"twitter:label1\" content=\"Escrito por\" \/>\n\t<meta name=\"twitter:data1\" content=\"Encontra Vit\u00f3ria\" \/>\n\t<meta name=\"twitter:label2\" content=\"Est. tempo de leitura\" \/>\n\t<meta name=\"twitter:data2\" content=\"4 minutos\" \/>\n<script type=\"application\/ld+json\" class=\"yoast-schema-graph\">{\"@context\":\"https:\\\/\\\/schema.org\",\"@graph\":[{\"@type\":\"Article\",\"@id\":\"https:\\\/\\\/www.encontravitoria.com.br\\\/sobre\\\/vitoria-sedia-3o-encontro-de-gestores-municipais-de-cultura-do-espirito-santo\\\/#article\",\"isPartOf\":{\"@id\":\"https:\\\/\\\/www.encontravitoria.com.br\\\/sobre\\\/vitoria-sedia-3o-encontro-de-gestores-municipais-de-cultura-do-espirito-santo\\\/\"},\"author\":{\"name\":\"Encontra Vit\u00f3ria\",\"@id\":\"https:\\\/\\\/www.encontravitoria.com.br\\\/sobre\\\/#\\\/schema\\\/person\\\/0f8e5bcc88fbadf1bad57afd504f48a2\"},\"headline\":\"Vit\u00f3ria sedia 3\u00ba Encontro de Gestores Municipais de Cultura do Esp\u00edrito Santo\",\"datePublished\":\"2026-08-30T11:48:33+00:00\",\"mainEntityOfPage\":{\"@id\":\"https:\\\/\\\/www.encontravitoria.com.br\\\/sobre\\\/vitoria-sedia-3o-encontro-de-gestores-municipais-de-cultura-do-espirito-santo\\\/\"},\"wordCount\":863,\"commentCount\":0,\"image\":{\"@id\":\"https:\\\/\\\/www.encontravitoria.com.br\\\/sobre\\\/vitoria-sedia-3o-encontro-de-gestores-municipais-de-cultura-do-espirito-santo\\\/#primaryimage\"},\"thumbnailUrl\":\"https:\\\/\\\/www.encontravitoria.com.br\\\/sobre\\\/wp-content\\\/uploads\\\/2026\\\/08\\\/vitoria-sedia-3-encontro-de-gestores-municipais-de-cultura-do-espirito-santo.webp\",\"articleSection\":[\"Cultura Vit\u00f3ria\"],\"inLanguage\":\"pt-BR\",\"potentialAction\":[{\"@type\":\"CommentAction\",\"name\":\"Comment\",\"target\":[\"https:\\\/\\\/www.encontravitoria.com.br\\\/sobre\\\/vitoria-sedia-3o-encontro-de-gestores-municipais-de-cultura-do-espirito-santo\\\/#respond\"]}]},{\"@type\":\"WebPage\",\"@id\":\"https:\\\/\\\/www.encontravitoria.com.br\\\/sobre\\\/vitoria-sedia-3o-encontro-de-gestores-municipais-de-cultura-do-espirito-santo\\\/\",\"url\":\"https:\\\/\\\/www.encontravitoria.com.br\\\/sobre\\\/vitoria-sedia-3o-encontro-de-gestores-municipais-de-cultura-do-espirito-santo\\\/\",\"name\":\"Vit\u00f3ria sedia 3\u00ba Encontro de Gestores Municipais de Cultura do Esp\u00edrito Santo - Encontra Vit\u00f3ria\",\"isPartOf\":{\"@id\":\"https:\\\/\\\/www.encontravitoria.com.br\\\/sobre\\\/#website\"},\"primaryImageOfPage\":{\"@id\":\"https:\\\/\\\/www.encontravitoria.com.br\\\/sobre\\\/vitoria-sedia-3o-encontro-de-gestores-municipais-de-cultura-do-espirito-santo\\\/#primaryimage\"},\"image\":{\"@id\":\"https:\\\/\\\/www.encontravitoria.com.br\\\/sobre\\\/vitoria-sedia-3o-encontro-de-gestores-municipais-de-cultura-do-espirito-santo\\\/#primaryimage\"},\"thumbnailUrl\":\"https:\\\/\\\/www.encontravitoria.com.br\\\/sobre\\\/wp-content\\\/uploads\\\/2026\\\/08\\\/vitoria-sedia-3-encontro-de-gestores-municipais-de-cultura-do-espirito-santo.webp\",\"datePublished\":\"2026-08-30T11:48:33+00:00\",\"author\":{\"@id\":\"https:\\\/\\\/www.encontravitoria.com.br\\\/sobre\\\/#\\\/schema\\\/person\\\/0f8e5bcc88fbadf1bad57afd504f48a2\"},\"breadcrumb\":{\"@id\":\"https:\\\/\\\/www.encontravitoria.com.br\\\/sobre\\\/vitoria-sedia-3o-encontro-de-gestores-municipais-de-cultura-do-espirito-santo\\\/#breadcrumb\"},\"inLanguage\":\"pt-BR\",\"potentialAction\":[{\"@type\":\"ReadAction\",\"target\":[\"https:\\\/\\\/www.encontravitoria.com.br\\\/sobre\\\/vitoria-sedia-3o-encontro-de-gestores-municipais-de-cultura-do-espirito-santo\\\/\"]}]},{\"@type\":\"ImageObject\",\"inLanguage\":\"pt-BR\",\"@id\":\"https:\\\/\\\/www.encontravitoria.com.br\\\/sobre\\\/vitoria-sedia-3o-encontro-de-gestores-municipais-de-cultura-do-espirito-santo\\\/#primaryimage\",\"url\":\"https:\\\/\\\/www.encontravitoria.com.br\\\/sobre\\\/wp-content\\\/uploads\\\/2026\\\/08\\\/vitoria-sedia-3-encontro-de-gestores-municipais-de-cultura-do-espirito-santo.webp\",\"contentUrl\":\"https:\\\/\\\/www.encontravitoria.com.br\\\/sobre\\\/wp-content\\\/uploads\\\/2026\\\/08\\\/vitoria-sedia-3-encontro-de-gestores-municipais-de-cultura-do-espirito-santo.webp\",\"width\":280,\"height\":280,\"caption\":\"Encontro de Gestores Municipais de Cultura\"},{\"@type\":\"BreadcrumbList\",\"@id\":\"https:\\\/\\\/www.encontravitoria.com.br\\\/sobre\\\/vitoria-sedia-3o-encontro-de-gestores-municipais-de-cultura-do-espirito-santo\\\/#breadcrumb\",\"itemListElement\":[{\"@type\":\"ListItem\",\"position\":1,\"name\":\"In\u00edcio\",\"item\":\"https:\\\/\\\/www.encontravitoria.com.br\\\/sobre\\\/\"},{\"@type\":\"ListItem\",\"position\":2,\"name\":\"Vit\u00f3ria sedia 3\u00ba Encontro de Gestores Municipais de Cultura do Esp\u00edrito Santo\"}]},{\"@type\":\"WebSite\",\"@id\":\"https:\\\/\\\/www.encontravitoria.com.br\\\/sobre\\\/#website\",\"url\":\"https:\\\/\\\/www.encontravitoria.com.br\\\/sobre\\\/\",\"name\":\"Encontra Vit\u00f3ria\",\"description\":\"Not\u00edcias, eventos, informa\u00e7\u00f5es e dicas na cidade Vit\u00f3ria e regi\u00e3o.\",\"potentialAction\":[{\"@type\":\"SearchAction\",\"target\":{\"@type\":\"EntryPoint\",\"urlTemplate\":\"https:\\\/\\\/www.encontravitoria.com.br\\\/sobre\\\/?s={search_term_string}\"},\"query-input\":{\"@type\":\"PropertyValueSpecification\",\"valueRequired\":true,\"valueName\":\"search_term_string\"}}],\"inLanguage\":\"pt-BR\"},{\"@type\":\"Person\",\"@id\":\"https:\\\/\\\/www.encontravitoria.com.br\\\/sobre\\\/#\\\/schema\\\/person\\\/0f8e5bcc88fbadf1bad57afd504f48a2\",\"name\":\"Encontra Vit\u00f3ria\",\"image\":{\"@type\":\"ImageObject\",\"inLanguage\":\"pt-BR\",\"@id\":\"https:\\\/\\\/secure.gravatar.com\\\/avatar\\\/507340682b8270222e1f208e23198b6ae7e2c6a1033ae84e99bc6bce4f82a387?s=96&d=mm&r=g\",\"url\":\"https:\\\/\\\/secure.gravatar.com\\\/avatar\\\/507340682b8270222e1f208e23198b6ae7e2c6a1033ae84e99bc6bce4f82a387?s=96&d=mm&r=g\",\"contentUrl\":\"https:\\\/\\\/secure.gravatar.com\\\/avatar\\\/507340682b8270222e1f208e23198b6ae7e2c6a1033ae84e99bc6bce4f82a387?s=96&d=mm&r=g\",\"caption\":\"Encontra Vit\u00f3ria\"},\"sameAs\":[\"http:\\\/\\\/www.encontravitoria.com.br\"],\"url\":\"https:\\\/\\\/www.encontravitoria.com.br\\\/sobre\\\/author\\\/evitoria\\\/\"}]}<\/script>\n<!-- \/ Yoast SEO plugin. -->","yoast_head_json":{"title":"Vit\u00f3ria sedia 3\u00ba Encontro de Gestores Municipais de Cultura do Esp\u00edrito Santo - Encontra Vit\u00f3ria","robots":{"index":"index","follow":"follow","max-snippet":"max-snippet:-1","max-image-preview":"max-image-preview:large","max-video-preview":"max-video-preview:-1"},"canonical":"https:\/\/www.encontravitoria.com.br\/sobre\/vitoria-sedia-3o-encontro-de-gestores-municipais-de-cultura-do-espirito-santo\/","og_locale":"pt_BR","og_type":"article","og_title":"Vit\u00f3ria sedia 3\u00ba Encontro de Gestores Municipais de Cultura do Esp\u00edrito Santo - Encontra Vit\u00f3ria","og_description":"Vit\u00f3ria sedia Encontro de Gestores Municipais de Cultura do Esp\u00edrito Santo com propostas inovadoras.","og_url":"https:\/\/www.encontravitoria.com.br\/sobre\/vitoria-sedia-3o-encontro-de-gestores-municipais-de-cultura-do-espirito-santo\/","og_site_name":"Encontra Vit\u00f3ria","article_published_time":"2026-08-30T11:48:33+00:00","og_image":[{"url":"https:\/\/www.encontravitoria.com.br\/sobre\/wp-content\/uploads\/2026\/08\/vitoria-sedia-3-encontro-de-gestores-municipais-de-cultura-do-espirito-santo.webp","type":"","width":"","height":""}],"author":"Encontra Vit\u00f3ria","twitter_card":"summary_large_image","twitter_misc":{"Escrito por":"Encontra Vit\u00f3ria","Est. tempo de leitura":"4 minutos"},"schema":{"@context":"https:\/\/schema.org","@graph":[{"@type":"Article","@id":"https:\/\/www.encontravitoria.com.br\/sobre\/vitoria-sedia-3o-encontro-de-gestores-municipais-de-cultura-do-espirito-santo\/#article","isPartOf":{"@id":"https:\/\/www.encontravitoria.com.br\/sobre\/vitoria-sedia-3o-encontro-de-gestores-municipais-de-cultura-do-espirito-santo\/"},"author":{"name":"Encontra Vit\u00f3ria","@id":"https:\/\/www.encontravitoria.com.br\/sobre\/#\/schema\/person\/0f8e5bcc88fbadf1bad57afd504f48a2"},"headline":"Vit\u00f3ria sedia 3\u00ba Encontro de Gestores Municipais de Cultura do Esp\u00edrito Santo","datePublished":"2026-08-30T11:48:33+00:00","mainEntityOfPage":{"@id":"https:\/\/www.encontravitoria.com.br\/sobre\/vitoria-sedia-3o-encontro-de-gestores-municipais-de-cultura-do-espirito-santo\/"},"wordCount":863,"commentCount":0,"image":{"@id":"https:\/\/www.encontravitoria.com.br\/sobre\/vitoria-sedia-3o-encontro-de-gestores-municipais-de-cultura-do-espirito-santo\/#primaryimage"},"thumbnailUrl":"https:\/\/www.encontravitoria.com.br\/sobre\/wp-content\/uploads\/2026\/08\/vitoria-sedia-3-encontro-de-gestores-municipais-de-cultura-do-espirito-santo.webp","articleSection":["Cultura Vit\u00f3ria"],"inLanguage":"pt-BR","potentialAction":[{"@type":"CommentAction","name":"Comment","target":["https:\/\/www.encontravitoria.com.br\/sobre\/vitoria-sedia-3o-encontro-de-gestores-municipais-de-cultura-do-espirito-santo\/#respond"]}]},{"@type":"WebPage","@id":"https:\/\/www.encontravitoria.com.br\/sobre\/vitoria-sedia-3o-encontro-de-gestores-municipais-de-cultura-do-espirito-santo\/","url":"https:\/\/www.encontravitoria.com.br\/sobre\/vitoria-sedia-3o-encontro-de-gestores-municipais-de-cultura-do-espirito-santo\/","name":"Vit\u00f3ria sedia 3\u00ba Encontro de Gestores Municipais de Cultura do Esp\u00edrito Santo - Encontra Vit\u00f3ria","isPartOf":{"@id":"https:\/\/www.encontravitoria.com.br\/sobre\/#website"},"primaryImageOfPage":{"@id":"https:\/\/www.encontravitoria.com.br\/sobre\/vitoria-sedia-3o-encontro-de-gestores-municipais-de-cultura-do-espirito-santo\/#primaryimage"},"image":{"@id":"https:\/\/www.encontravitoria.com.br\/sobre\/vitoria-sedia-3o-encontro-de-gestores-municipais-de-cultura-do-espirito-santo\/#primaryimage"},"thumbnailUrl":"https:\/\/www.encontravitoria.com.br\/sobre\/wp-content\/uploads\/2026\/08\/vitoria-sedia-3-encontro-de-gestores-municipais-de-cultura-do-espirito-santo.webp","datePublished":"2026-08-30T11:48:33+00:00","author":{"@id":"https:\/\/www.encontravitoria.com.br\/sobre\/#\/schema\/person\/0f8e5bcc88fbadf1bad57afd504f48a2"},"breadcrumb":{"@id":"https:\/\/www.encontravitoria.com.br\/sobre\/vitoria-sedia-3o-encontro-de-gestores-municipais-de-cultura-do-espirito-santo\/#breadcrumb"},"inLanguage":"pt-BR","potentialAction":[{"@type":"ReadAction","target":["https:\/\/www.encontravitoria.com.br\/sobre\/vitoria-sedia-3o-encontro-de-gestores-municipais-de-cultura-do-espirito-santo\/"]}]},{"@type":"ImageObject","inLanguage":"pt-BR","@id":"https:\/\/www.encontravitoria.com.br\/sobre\/vitoria-sedia-3o-encontro-de-gestores-municipais-de-cultura-do-espirito-santo\/#primaryimage","url":"https:\/\/www.encontravitoria.com.br\/sobre\/wp-content\/uploads\/2026\/08\/vitoria-sedia-3-encontro-de-gestores-municipais-de-cultura-do-espirito-santo.webp","contentUrl":"https:\/\/www.encontravitoria.com.br\/sobre\/wp-content\/uploads\/2026\/08\/vitoria-sedia-3-encontro-de-gestores-municipais-de-cultura-do-espirito-santo.webp","width":280,"height":280,"caption":"Encontro de Gestores Municipais de Cultura"},{"@type":"BreadcrumbList","@id":"https:\/\/www.encontravitoria.com.br\/sobre\/vitoria-sedia-3o-encontro-de-gestores-municipais-de-cultura-do-espirito-santo\/#breadcrumb","itemListElement":[{"@type":"ListItem","position":1,"name":"In\u00edcio","item":"https:\/\/www.encontravitoria.com.br\/sobre\/"},{"@type":"ListItem","position":2,"name":"Vit\u00f3ria sedia 3\u00ba Encontro de Gestores Municipais de Cultura do Esp\u00edrito Santo"}]},{"@type":"WebSite","@id":"https:\/\/www.encontravitoria.com.br\/sobre\/#website","url":"https:\/\/www.encontravitoria.com.br\/sobre\/","name":"Encontra Vit\u00f3ria","description":"Not\u00edcias, eventos, informa\u00e7\u00f5es e dicas na cidade Vit\u00f3ria e regi\u00e3o.","potentialAction":[{"@type":"SearchAction","target":{"@type":"EntryPoint","urlTemplate":"https:\/\/www.encontravitoria.com.br\/sobre\/?s={search_term_string}"},"query-input":{"@type":"PropertyValueSpecification","valueRequired":true,"valueName":"search_term_string"}}],"inLanguage":"pt-BR"},{"@type":"Person","@id":"https:\/\/www.encontravitoria.com.br\/sobre\/#\/schema\/person\/0f8e5bcc88fbadf1bad57afd504f48a2","name":"Encontra Vit\u00f3ria","image":{"@type":"ImageObject","inLanguage":"pt-BR","@id":"https:\/\/secure.gravatar.com\/avatar\/507340682b8270222e1f208e23198b6ae7e2c6a1033ae84e99bc6bce4f82a387?s=96&d=mm&r=g","url":"https:\/\/secure.gravatar.com\/avatar\/507340682b8270222e1f208e23198b6ae7e2c6a1033ae84e99bc6bce4f82a387?s=96&d=mm&r=g","contentUrl":"https:\/\/secure.gravatar.com\/avatar\/507340682b8270222e1f208e23198b6ae7e2c6a1033ae84e99bc6bce4f82a387?s=96&d=mm&r=g","caption":"Encontra Vit\u00f3ria"},"sameAs":["http:\/\/www.encontravitoria.com.br"],"url":"https:\/\/www.encontravitoria.com.br\/sobre\/author\/evitoria\/"}]}},"_links":{"self":[{"href":"https:\/\/www.encontravitoria.com.br\/sobre\/wp-json\/wp\/v2\/posts\/2279","targetHints":{"allow":["GET"]}}],"collection":[{"href":"https:\/\/www.encontravitoria.com.br\/sobre\/wp-json\/wp\/v2\/posts"}],"about":[{"href":"https:\/\/www.encontravitoria.com.br\/sobre\/wp-json\/wp\/v2\/types\/post"}],"author":[{"embeddable":true,"href":"https:\/\/www.encontravitoria.com.br\/sobre\/wp-json\/wp\/v2\/users\/1"}],"replies":[{"embeddable":true,"href":"https:\/\/www.encontravitoria.com.br\/sobre\/wp-json\/wp\/v2\/comments?post=2279"}],"version-history":[{"count":0,"href":"https:\/\/www.encontravitoria.com.br\/sobre\/wp-json\/wp\/v2\/posts\/2279\/revisions"}],"wp:featuredmedia":[{"embeddable":true,"href":"https:\/\/www.encontravitoria.com.br\/sobre\/wp-json\/wp\/v2\/media\/2278"}],"wp:attachment":[{"href":"https:\/\/www.encontravitoria.com.br\/sobre\/wp-json\/wp\/v2\/media?parent=2279"}],"wp:term":[{"taxonomy":"category","embeddable":true,"href":"https:\/\/www.encontravitoria.com.br\/sobre\/wp-json\/wp\/v2\/categories?post=2279"},{"taxonomy":"post_tag","embeddable":true,"href":"https:\/\/www.encontravitoria.com.br\/sobre\/wp-json\/wp\/v2\/tags?post=2279"}],"curies":[{"name":"wp","href":"https:\/\/api.w.org\/{rel}","templated":true}]}}