{"id":2281,"date":"2026-08-31T11:01:46","date_gmt":"2026-08-31T11:01:46","guid":{"rendered":"https:\/\/www.encontravitoria.com.br\/sobre\/vitoria-obtem-nota-maxima-no-ranking-capixaba-de-transparencia-e-governanca-2026publica-pelo-4o-ano\/"},"modified":"2026-08-31T11:01:46","modified_gmt":"2026-08-31T11:01:46","slug":"vitoria-obtem-nota-maxima-no-ranking-capixaba-de-transparencia-e-governanca-2026publica-pelo-4o-ano","status":"publish","type":"post","link":"https:\/\/www.encontravitoria.com.br\/sobre\/vitoria-obtem-nota-maxima-no-ranking-capixaba-de-transparencia-e-governanca-2026publica-pelo-4o-ano\/","title":{"rendered":"Vit\u00f3ria obt\u00e9m nota m\u00e1xima no Ranking Capixaba de Transpar\u00eancia e Governan\u00e7a 2026P\u00fablica pelo 4\u00ba ano"},"content":{"rendered":"<div class=\"23ed37709e053b55400ee1990aeffe41\" data-index=\"1\" style=\"float: none; margin:0px;\">\n<!-- Anuncio display - global -->\r\n<ins class=\"adsbygoogle\"\r\n     style=\"display:block\"\r\n     data-ad-client=\"ca-pub-8585364105181520\"\r\n     data-ad-slot=\"8789329856\"\r\n     data-ad-format=\"auto\"\r\n     data-full-width-responsive=\"true\"><\/ins>\r\n<script>\r\n     (adsbygoogle = window.adsbygoogle || []).push({});\r\n<\/script>\n<\/div>\n<h2>Resultados do Ranking Capixaba de Transpar\u00eancia e Governan\u00e7a 2026<\/h2>\n<p>No \u00faltimo levantamento do Ranking Capixaba de Transpar\u00eancia e Governan\u00e7a 2026, a cidade de Vit\u00f3ria obteve uma impressionante pontua\u00e7\u00e3o m\u00e1xima de 100%. Essa classifica\u00e7\u00e3o foi anunciada em um evento no Conselho Regional de Contabilidade do Esp\u00edrito Santo e, pelo quarto ano consecutivo, Vit\u00f3ria se destacou como l\u00edder no ranking, consolidando-se como um exemplo de governan\u00e7a p\u00fablica no estado.<\/p>\n<h2>Metodologia de Avalia\u00e7\u00e3o<\/h2>\n<p>A classifica\u00e7\u00e3o das cidades foi elaborada pela ONG Transpar\u00eancia Capixaba, em parceria com a iniciativa ES em A\u00e7\u00e3o, com o suporte financeiro da Uni\u00e3o Europeia. A metodologia utilizada levou em conta crit\u00e9rios como infraestrutura de dados abertos, participa\u00e7\u00e3o cidad\u00e3, pol\u00edticas de combate \u00e0 corrup\u00e7\u00e3o e implementa\u00e7\u00e3o de pr\u00e1ticas de transpar\u00eancia nas a\u00e7\u00f5es governamentais. Esses crit\u00e9rios s\u00e3o fundamentais para garantir que a gest\u00e3o p\u00fablica atue de forma clara e respons\u00e1vel.<\/p>\n<h2>Impacto da Transpar\u00eancia<\/h2>\n<p>A transpar\u00eancia \u00e9 um elemento-chave na administra\u00e7\u00e3o p\u00fablica que reflete diretamente na confian\u00e7a da popula\u00e7\u00e3o nas institui\u00e7\u00f5es governamentais. A nota m\u00e1xima recebida por Vit\u00f3ria indica n\u00e3o apenas um compromisso com a integridade, mas tamb\u00e9m um aumento na participa\u00e7\u00e3o ativa da comunidade nas decis\u00f5es p\u00fablicas. A pr\u00e1tica da transpar\u00eancia e o acesso \u00e0 informa\u00e7\u00e3o fortalecem a democracia e promovem uma cultura de responsabilidade entre os gestores p\u00fablicos.<\/p>\n<p><img decoding=\"async\" src=\"https:\/\/www.encontravitoria.com.br\/sobre\/wp-content\/uploads\/2026\/08\/vitoria-obtem-nota-maxima-no-ranking-capixaba-de-transparencia-e-governanca-2026publica-pelo-4-ano.webp\" alt=\"Ranking Capixaba de Transpar\u00eancia e Governan\u00e7a 2026\" loading=\"lazy\" \/><\/p>\n<h2>Rea\u00e7\u00e3o da Administra\u00e7\u00e3o Municipal<\/h2>\n<p>Segundo Denis Penedo Prates, secret\u00e1rio da Controladoria Geral do Munic\u00edpio de Vit\u00f3ria, o resultado positivo demonstra um esfor\u00e7o coletivo de todos os servidores da Prefeitura. O reconhecimento da qualidade de gest\u00e3o reflete o compromisso da administra\u00e7\u00e3o em promover pr\u00e1ticas de governan\u00e7a que priorizam a \u00e9tica e a transpar\u00eancia. O trabalho conjunto entre os diversos setores da administra\u00e7\u00e3o \u00e9 visto como crucial para alcan\u00e7ar esse objetivo.<\/p>\n<h2>Hist\u00f3rico de Conquistas<\/h2>\n<p>Desde 2023, Vit\u00f3ria tem se mantido no topo do ranking, provendo um exemplo cont\u00ednuo de boas pr\u00e1ticas em governan\u00e7a. Cada ano, a cidade tem implementado melhorias que contribuem para a transpar\u00eancia, como a promo\u00e7\u00e3o de dados abertos e o fortalecimento de canais de comunica\u00e7\u00e3o com os cidad\u00e3os. Estas atitudes t\u00eam refor\u00e7ado a confian\u00e7a da popula\u00e7\u00e3o nos servi\u00e7os p\u00fablicos.<\/p>\n<h2>Expectativas Futuras<\/h2>\n<p>As expectativas futuras para Vit\u00f3ria incluem a continuidade do aprimoramento de suas pr\u00e1ticas de transpar\u00eancia e a implementa\u00e7\u00e3o de novas tecnologias que possibilitem maior intera\u00e7\u00e3o entre o governo e a popula\u00e7\u00e3o. A administra\u00e7\u00e3o municipal planeja realizar pesquisas constantes para entender as necessidades da comunidade, adequando seus servi\u00e7os para atender melhor \u00e0 popula\u00e7\u00e3o.<\/p>\n<h2>Import\u00e2ncia da Gest\u00e3o Transparente<\/h2>\n<p>A gest\u00e3o transparente \u00e9 essencial para envolver os cidad\u00e3os e incentiv\u00e1-los a participar ativamente do processo democr\u00e1tico. Al\u00e9m de melhorar a qualidade dos servi\u00e7os prestados, a transpar\u00eancia ajuda a prevenir irregularidades e corrup\u00e7\u00e3o. Cidades e regi\u00f5es que praticam uma gest\u00e3o aberta acabam por se beneficiar de uma sociedade civil mais engajada e colaborativa.<\/p>\n<h2>Contribui\u00e7\u00e3o da Sociedade Civil<\/h2>\n<p>A participa\u00e7\u00e3o da sociedade civil \u00e9 vital para o sucesso das iniciativas de transpar\u00eancia. Os cidad\u00e3os, ao exigirem informa\u00e7\u00f5es e prestarem aten\u00e7\u00e3o nas a\u00e7\u00f5es do governo, podem ajudar a promover uma administra\u00e7\u00e3o mais respons\u00e1vel. \u00c9 essencial que as pessoas se sintam empoderadas para questionar e reivindicar esclarecimentos sobre a gest\u00e3o p\u00fablica.<\/p>\n<h2>Eventos Relacionados \u00e0 Transpar\u00eancia<\/h2>\n<p>Eventos como o Congresso de Transpar\u00eancia e Governan\u00e7a que ocorrer\u00e1 em 2027, s\u00e3o fundamentais para fomentar discuss\u00f5es sobre pr\u00e1ticas transparentes. Tais encontros re\u00fanem especialistas, gestores p\u00fablicos, e membros da sociedade civil para compartilhar experi\u00eancias e ampliar o debate sobre a melhoria na gest\u00e3o p\u00fablica. O fortalecimento das redes de interesse comum pode resultar em melhores pr\u00e1ticas na administra\u00e7\u00e3o p\u00fablica.<\/p>\n<h2>Comparativo com Outros Munic\u00edpios<\/h2>\n<p>Quando comparada a outras cidades do estado, Vit\u00f3ria destaca-se significativamente. Apesar de v\u00e1rias prefeituras terem se esfor\u00e7ado para melhorar suas pontua\u00e7\u00f5es, a consist\u00eancia de Vit\u00f3ria em manter a transpar\u00eancia ao longo dos anos \u00e9 not\u00e1vel. Isso pode servir como exemplo para outras cidades que buscam melhorar sua governan\u00e7a e a confian\u00e7a da popula\u00e7\u00e3o.<\/p>\n\n<div style=\"font-size: 0px; height: 0px; line-height: 0px; margin: 0; padding: 0; clear: both;\"><\/div>","protected":false},"excerpt":{"rendered":"<p>Vit\u00f3ria alcan\u00e7a nota m\u00e1xima no Ranking Capixaba de Transpar\u00eancia e Governan\u00e7a 2026.<\/p>\n","protected":false},"author":1,"featured_media":2280,"comment_status":"open","ping_status":"closed","sticky":false,"template":"","format":"standard","meta":{"footnotes":""},"categories":[6],"tags":[],"class_list":["post-2281","post","type-post","status-publish","format-standard","has-post-thumbnail","hentry","category-noticias-em-vitoria","has_thumb"],"yoast_head":"<!-- This site is optimized with the Yoast SEO plugin v28.2 - https:\/\/yoast.com\/product\/yoast-seo-wordpress\/ -->\n<title>Vit\u00f3ria obt\u00e9m nota m\u00e1xima no Ranking Capixaba de Transpar\u00eancia e Governan\u00e7a 2026P\u00fablica pelo 4\u00ba ano - Encontra Vit\u00f3ria<\/title>\n<meta name=\"robots\" content=\"index, follow, max-snippet:-1, max-image-preview:large, max-video-preview:-1\" \/>\n<link rel=\"canonical\" href=\"https:\/\/www.encontravitoria.com.br\/sobre\/vitoria-obtem-nota-maxima-no-ranking-capixaba-de-transparencia-e-governanca-2026publica-pelo-4o-ano\/\" \/>\n<meta property=\"og:locale\" content=\"pt_BR\" \/>\n<meta property=\"og:type\" content=\"article\" \/>\n<meta property=\"og:title\" content=\"Vit\u00f3ria obt\u00e9m nota m\u00e1xima no Ranking Capixaba de Transpar\u00eancia e Governan\u00e7a 2026P\u00fablica pelo 4\u00ba ano - Encontra Vit\u00f3ria\" \/>\n<meta property=\"og:description\" content=\"Vit\u00f3ria alcan\u00e7a nota m\u00e1xima no Ranking Capixaba de Transpar\u00eancia e Governan\u00e7a 2026.\" \/>\n<meta property=\"og:url\" content=\"https:\/\/www.encontravitoria.com.br\/sobre\/vitoria-obtem-nota-maxima-no-ranking-capixaba-de-transparencia-e-governanca-2026publica-pelo-4o-ano\/\" \/>\n<meta property=\"og:site_name\" content=\"Encontra Vit\u00f3ria\" \/>\n<meta property=\"article:published_time\" content=\"2026-08-31T11:01:46+00:00\" \/>\n<meta property=\"og:image\" content=\"https:\/\/www.encontravitoria.com.br\/sobre\/wp-content\/uploads\/2026\/08\/vitoria-obtem-nota-maxima-no-ranking-capixaba-de-transparencia-e-governanca-2026publica-pelo-4-ano.webp\" \/>\n<meta name=\"author\" content=\"Encontra Vit\u00f3ria\" \/>\n<meta name=\"twitter:card\" content=\"summary_large_image\" \/>\n<meta name=\"twitter:label1\" content=\"Escrito por\" \/>\n\t<meta name=\"twitter:data1\" content=\"Encontra Vit\u00f3ria\" \/>\n\t<meta name=\"twitter:label2\" content=\"Est. tempo de leitura\" \/>\n\t<meta name=\"twitter:data2\" content=\"4 minutos\" \/>\n<script type=\"application\/ld+json\" class=\"yoast-schema-graph\">{\"@context\":\"https:\\\/\\\/schema.org\",\"@graph\":[{\"@type\":\"Article\",\"@id\":\"https:\\\/\\\/www.encontravitoria.com.br\\\/sobre\\\/vitoria-obtem-nota-maxima-no-ranking-capixaba-de-transparencia-e-governanca-2026publica-pelo-4o-ano\\\/#article\",\"isPartOf\":{\"@id\":\"https:\\\/\\\/www.encontravitoria.com.br\\\/sobre\\\/vitoria-obtem-nota-maxima-no-ranking-capixaba-de-transparencia-e-governanca-2026publica-pelo-4o-ano\\\/\"},\"author\":{\"name\":\"Encontra Vit\u00f3ria\",\"@id\":\"https:\\\/\\\/www.encontravitoria.com.br\\\/sobre\\\/#\\\/schema\\\/person\\\/0f8e5bcc88fbadf1bad57afd504f48a2\"},\"headline\":\"Vit\u00f3ria obt\u00e9m nota m\u00e1xima no Ranking Capixaba de Transpar\u00eancia e Governan\u00e7a 2026P\u00fablica pelo 4\u00ba ano\",\"datePublished\":\"2026-08-31T11:01:46+00:00\",\"mainEntityOfPage\":{\"@id\":\"https:\\\/\\\/www.encontravitoria.com.br\\\/sobre\\\/vitoria-obtem-nota-maxima-no-ranking-capixaba-de-transparencia-e-governanca-2026publica-pelo-4o-ano\\\/\"},\"wordCount\":764,\"commentCount\":0,\"image\":{\"@id\":\"https:\\\/\\\/www.encontravitoria.com.br\\\/sobre\\\/vitoria-obtem-nota-maxima-no-ranking-capixaba-de-transparencia-e-governanca-2026publica-pelo-4o-ano\\\/#primaryimage\"},\"thumbnailUrl\":\"https:\\\/\\\/www.encontravitoria.com.br\\\/sobre\\\/wp-content\\\/uploads\\\/2026\\\/08\\\/vitoria-obtem-nota-maxima-no-ranking-capixaba-de-transparencia-e-governanca-2026publica-pelo-4-ano.webp\",\"articleSection\":[\"Not\u00edcias Vit\u00f3ria\"],\"inLanguage\":\"pt-BR\",\"potentialAction\":[{\"@type\":\"CommentAction\",\"name\":\"Comment\",\"target\":[\"https:\\\/\\\/www.encontravitoria.com.br\\\/sobre\\\/vitoria-obtem-nota-maxima-no-ranking-capixaba-de-transparencia-e-governanca-2026publica-pelo-4o-ano\\\/#respond\"]}]},{\"@type\":\"WebPage\",\"@id\":\"https:\\\/\\\/www.encontravitoria.com.br\\\/sobre\\\/vitoria-obtem-nota-maxima-no-ranking-capixaba-de-transparencia-e-governanca-2026publica-pelo-4o-ano\\\/\",\"url\":\"https:\\\/\\\/www.encontravitoria.com.br\\\/sobre\\\/vitoria-obtem-nota-maxima-no-ranking-capixaba-de-transparencia-e-governanca-2026publica-pelo-4o-ano\\\/\",\"name\":\"Vit\u00f3ria obt\u00e9m nota m\u00e1xima no Ranking Capixaba de Transpar\u00eancia e Governan\u00e7a 2026P\u00fablica pelo 4\u00ba ano - Encontra Vit\u00f3ria\",\"isPartOf\":{\"@id\":\"https:\\\/\\\/www.encontravitoria.com.br\\\/sobre\\\/#website\"},\"primaryImageOfPage\":{\"@id\":\"https:\\\/\\\/www.encontravitoria.com.br\\\/sobre\\\/vitoria-obtem-nota-maxima-no-ranking-capixaba-de-transparencia-e-governanca-2026publica-pelo-4o-ano\\\/#primaryimage\"},\"image\":{\"@id\":\"https:\\\/\\\/www.encontravitoria.com.br\\\/sobre\\\/vitoria-obtem-nota-maxima-no-ranking-capixaba-de-transparencia-e-governanca-2026publica-pelo-4o-ano\\\/#primaryimage\"},\"thumbnailUrl\":\"https:\\\/\\\/www.encontravitoria.com.br\\\/sobre\\\/wp-content\\\/uploads\\\/2026\\\/08\\\/vitoria-obtem-nota-maxima-no-ranking-capixaba-de-transparencia-e-governanca-2026publica-pelo-4-ano.webp\",\"datePublished\":\"2026-08-31T11:01:46+00:00\",\"author\":{\"@id\":\"https:\\\/\\\/www.encontravitoria.com.br\\\/sobre\\\/#\\\/schema\\\/person\\\/0f8e5bcc88fbadf1bad57afd504f48a2\"},\"breadcrumb\":{\"@id\":\"https:\\\/\\\/www.encontravitoria.com.br\\\/sobre\\\/vitoria-obtem-nota-maxima-no-ranking-capixaba-de-transparencia-e-governanca-2026publica-pelo-4o-ano\\\/#breadcrumb\"},\"inLanguage\":\"pt-BR\",\"potentialAction\":[{\"@type\":\"ReadAction\",\"target\":[\"https:\\\/\\\/www.encontravitoria.com.br\\\/sobre\\\/vitoria-obtem-nota-maxima-no-ranking-capixaba-de-transparencia-e-governanca-2026publica-pelo-4o-ano\\\/\"]}]},{\"@type\":\"ImageObject\",\"inLanguage\":\"pt-BR\",\"@id\":\"https:\\\/\\\/www.encontravitoria.com.br\\\/sobre\\\/vitoria-obtem-nota-maxima-no-ranking-capixaba-de-transparencia-e-governanca-2026publica-pelo-4o-ano\\\/#primaryimage\",\"url\":\"https:\\\/\\\/www.encontravitoria.com.br\\\/sobre\\\/wp-content\\\/uploads\\\/2026\\\/08\\\/vitoria-obtem-nota-maxima-no-ranking-capixaba-de-transparencia-e-governanca-2026publica-pelo-4-ano.webp\",\"contentUrl\":\"https:\\\/\\\/www.encontravitoria.com.br\\\/sobre\\\/wp-content\\\/uploads\\\/2026\\\/08\\\/vitoria-obtem-nota-maxima-no-ranking-capixaba-de-transparencia-e-governanca-2026publica-pelo-4-ano.webp\",\"width\":280,\"height\":280,\"caption\":\"Ranking Capixaba de Transpar\u00eancia e Governan\u00e7a 2026\"},{\"@type\":\"BreadcrumbList\",\"@id\":\"https:\\\/\\\/www.encontravitoria.com.br\\\/sobre\\\/vitoria-obtem-nota-maxima-no-ranking-capixaba-de-transparencia-e-governanca-2026publica-pelo-4o-ano\\\/#breadcrumb\",\"itemListElement\":[{\"@type\":\"ListItem\",\"position\":1,\"name\":\"In\u00edcio\",\"item\":\"https:\\\/\\\/www.encontravitoria.com.br\\\/sobre\\\/\"},{\"@type\":\"ListItem\",\"position\":2,\"name\":\"Vit\u00f3ria obt\u00e9m nota m\u00e1xima no Ranking Capixaba de Transpar\u00eancia e Governan\u00e7a 2026P\u00fablica pelo 4\u00ba ano\"}]},{\"@type\":\"WebSite\",\"@id\":\"https:\\\/\\\/www.encontravitoria.com.br\\\/sobre\\\/#website\",\"url\":\"https:\\\/\\\/www.encontravitoria.com.br\\\/sobre\\\/\",\"name\":\"Encontra Vit\u00f3ria\",\"description\":\"Not\u00edcias, eventos, informa\u00e7\u00f5es e dicas na cidade Vit\u00f3ria e regi\u00e3o.\",\"potentialAction\":[{\"@type\":\"SearchAction\",\"target\":{\"@type\":\"EntryPoint\",\"urlTemplate\":\"https:\\\/\\\/www.encontravitoria.com.br\\\/sobre\\\/?s={search_term_string}\"},\"query-input\":{\"@type\":\"PropertyValueSpecification\",\"valueRequired\":true,\"valueName\":\"search_term_string\"}}],\"inLanguage\":\"pt-BR\"},{\"@type\":\"Person\",\"@id\":\"https:\\\/\\\/www.encontravitoria.com.br\\\/sobre\\\/#\\\/schema\\\/person\\\/0f8e5bcc88fbadf1bad57afd504f48a2\",\"name\":\"Encontra Vit\u00f3ria\",\"image\":{\"@type\":\"ImageObject\",\"inLanguage\":\"pt-BR\",\"@id\":\"https:\\\/\\\/secure.gravatar.com\\\/avatar\\\/507340682b8270222e1f208e23198b6ae7e2c6a1033ae84e99bc6bce4f82a387?s=96&d=mm&r=g\",\"url\":\"https:\\\/\\\/secure.gravatar.com\\\/avatar\\\/507340682b8270222e1f208e23198b6ae7e2c6a1033ae84e99bc6bce4f82a387?s=96&d=mm&r=g\",\"contentUrl\":\"https:\\\/\\\/secure.gravatar.com\\\/avatar\\\/507340682b8270222e1f208e23198b6ae7e2c6a1033ae84e99bc6bce4f82a387?s=96&d=mm&r=g\",\"caption\":\"Encontra Vit\u00f3ria\"},\"sameAs\":[\"http:\\\/\\\/www.encontravitoria.com.br\"],\"url\":\"https:\\\/\\\/www.encontravitoria.com.br\\\/sobre\\\/author\\\/evitoria\\\/\"}]}<\/script>\n<!-- \/ Yoast SEO plugin. -->","yoast_head_json":{"title":"Vit\u00f3ria obt\u00e9m nota m\u00e1xima no Ranking Capixaba de Transpar\u00eancia e Governan\u00e7a 2026P\u00fablica pelo 4\u00ba ano - Encontra Vit\u00f3ria","robots":{"index":"index","follow":"follow","max-snippet":"max-snippet:-1","max-image-preview":"max-image-preview:large","max-video-preview":"max-video-preview:-1"},"canonical":"https:\/\/www.encontravitoria.com.br\/sobre\/vitoria-obtem-nota-maxima-no-ranking-capixaba-de-transparencia-e-governanca-2026publica-pelo-4o-ano\/","og_locale":"pt_BR","og_type":"article","og_title":"Vit\u00f3ria obt\u00e9m nota m\u00e1xima no Ranking Capixaba de Transpar\u00eancia e Governan\u00e7a 2026P\u00fablica pelo 4\u00ba ano - Encontra Vit\u00f3ria","og_description":"Vit\u00f3ria alcan\u00e7a nota m\u00e1xima no Ranking Capixaba de Transpar\u00eancia e Governan\u00e7a 2026.","og_url":"https:\/\/www.encontravitoria.com.br\/sobre\/vitoria-obtem-nota-maxima-no-ranking-capixaba-de-transparencia-e-governanca-2026publica-pelo-4o-ano\/","og_site_name":"Encontra Vit\u00f3ria","article_published_time":"2026-08-31T11:01:46+00:00","og_image":[{"url":"https:\/\/www.encontravitoria.com.br\/sobre\/wp-content\/uploads\/2026\/08\/vitoria-obtem-nota-maxima-no-ranking-capixaba-de-transparencia-e-governanca-2026publica-pelo-4-ano.webp","type":"","width":"","height":""}],"author":"Encontra Vit\u00f3ria","twitter_card":"summary_large_image","twitter_misc":{"Escrito por":"Encontra Vit\u00f3ria","Est. tempo de leitura":"4 minutos"},"schema":{"@context":"https:\/\/schema.org","@graph":[{"@type":"Article","@id":"https:\/\/www.encontravitoria.com.br\/sobre\/vitoria-obtem-nota-maxima-no-ranking-capixaba-de-transparencia-e-governanca-2026publica-pelo-4o-ano\/#article","isPartOf":{"@id":"https:\/\/www.encontravitoria.com.br\/sobre\/vitoria-obtem-nota-maxima-no-ranking-capixaba-de-transparencia-e-governanca-2026publica-pelo-4o-ano\/"},"author":{"name":"Encontra Vit\u00f3ria","@id":"https:\/\/www.encontravitoria.com.br\/sobre\/#\/schema\/person\/0f8e5bcc88fbadf1bad57afd504f48a2"},"headline":"Vit\u00f3ria obt\u00e9m nota m\u00e1xima no Ranking Capixaba de Transpar\u00eancia e Governan\u00e7a 2026P\u00fablica pelo 4\u00ba ano","datePublished":"2026-08-31T11:01:46+00:00","mainEntityOfPage":{"@id":"https:\/\/www.encontravitoria.com.br\/sobre\/vitoria-obtem-nota-maxima-no-ranking-capixaba-de-transparencia-e-governanca-2026publica-pelo-4o-ano\/"},"wordCount":764,"commentCount":0,"image":{"@id":"https:\/\/www.encontravitoria.com.br\/sobre\/vitoria-obtem-nota-maxima-no-ranking-capixaba-de-transparencia-e-governanca-2026publica-pelo-4o-ano\/#primaryimage"},"thumbnailUrl":"https:\/\/www.encontravitoria.com.br\/sobre\/wp-content\/uploads\/2026\/08\/vitoria-obtem-nota-maxima-no-ranking-capixaba-de-transparencia-e-governanca-2026publica-pelo-4-ano.webp","articleSection":["Not\u00edcias Vit\u00f3ria"],"inLanguage":"pt-BR","potentialAction":[{"@type":"CommentAction","name":"Comment","target":["https:\/\/www.encontravitoria.com.br\/sobre\/vitoria-obtem-nota-maxima-no-ranking-capixaba-de-transparencia-e-governanca-2026publica-pelo-4o-ano\/#respond"]}]},{"@type":"WebPage","@id":"https:\/\/www.encontravitoria.com.br\/sobre\/vitoria-obtem-nota-maxima-no-ranking-capixaba-de-transparencia-e-governanca-2026publica-pelo-4o-ano\/","url":"https:\/\/www.encontravitoria.com.br\/sobre\/vitoria-obtem-nota-maxima-no-ranking-capixaba-de-transparencia-e-governanca-2026publica-pelo-4o-ano\/","name":"Vit\u00f3ria obt\u00e9m nota m\u00e1xima no Ranking Capixaba de Transpar\u00eancia e Governan\u00e7a 2026P\u00fablica pelo 4\u00ba ano - Encontra Vit\u00f3ria","isPartOf":{"@id":"https:\/\/www.encontravitoria.com.br\/sobre\/#website"},"primaryImageOfPage":{"@id":"https:\/\/www.encontravitoria.com.br\/sobre\/vitoria-obtem-nota-maxima-no-ranking-capixaba-de-transparencia-e-governanca-2026publica-pelo-4o-ano\/#primaryimage"},"image":{"@id":"https:\/\/www.encontravitoria.com.br\/sobre\/vitoria-obtem-nota-maxima-no-ranking-capixaba-de-transparencia-e-governanca-2026publica-pelo-4o-ano\/#primaryimage"},"thumbnailUrl":"https:\/\/www.encontravitoria.com.br\/sobre\/wp-content\/uploads\/2026\/08\/vitoria-obtem-nota-maxima-no-ranking-capixaba-de-transparencia-e-governanca-2026publica-pelo-4-ano.webp","datePublished":"2026-08-31T11:01:46+00:00","author":{"@id":"https:\/\/www.encontravitoria.com.br\/sobre\/#\/schema\/person\/0f8e5bcc88fbadf1bad57afd504f48a2"},"breadcrumb":{"@id":"https:\/\/www.encontravitoria.com.br\/sobre\/vitoria-obtem-nota-maxima-no-ranking-capixaba-de-transparencia-e-governanca-2026publica-pelo-4o-ano\/#breadcrumb"},"inLanguage":"pt-BR","potentialAction":[{"@type":"ReadAction","target":["https:\/\/www.encontravitoria.com.br\/sobre\/vitoria-obtem-nota-maxima-no-ranking-capixaba-de-transparencia-e-governanca-2026publica-pelo-4o-ano\/"]}]},{"@type":"ImageObject","inLanguage":"pt-BR","@id":"https:\/\/www.encontravitoria.com.br\/sobre\/vitoria-obtem-nota-maxima-no-ranking-capixaba-de-transparencia-e-governanca-2026publica-pelo-4o-ano\/#primaryimage","url":"https:\/\/www.encontravitoria.com.br\/sobre\/wp-content\/uploads\/2026\/08\/vitoria-obtem-nota-maxima-no-ranking-capixaba-de-transparencia-e-governanca-2026publica-pelo-4-ano.webp","contentUrl":"https:\/\/www.encontravitoria.com.br\/sobre\/wp-content\/uploads\/2026\/08\/vitoria-obtem-nota-maxima-no-ranking-capixaba-de-transparencia-e-governanca-2026publica-pelo-4-ano.webp","width":280,"height":280,"caption":"Ranking Capixaba de Transpar\u00eancia e Governan\u00e7a 2026"},{"@type":"BreadcrumbList","@id":"https:\/\/www.encontravitoria.com.br\/sobre\/vitoria-obtem-nota-maxima-no-ranking-capixaba-de-transparencia-e-governanca-2026publica-pelo-4o-ano\/#breadcrumb","itemListElement":[{"@type":"ListItem","position":1,"name":"In\u00edcio","item":"https:\/\/www.encontravitoria.com.br\/sobre\/"},{"@type":"ListItem","position":2,"name":"Vit\u00f3ria obt\u00e9m nota m\u00e1xima no Ranking Capixaba de Transpar\u00eancia e Governan\u00e7a 2026P\u00fablica pelo 4\u00ba ano"}]},{"@type":"WebSite","@id":"https:\/\/www.encontravitoria.com.br\/sobre\/#website","url":"https:\/\/www.encontravitoria.com.br\/sobre\/","name":"Encontra Vit\u00f3ria","description":"Not\u00edcias, eventos, informa\u00e7\u00f5es e dicas na cidade Vit\u00f3ria e regi\u00e3o.","potentialAction":[{"@type":"SearchAction","target":{"@type":"EntryPoint","urlTemplate":"https:\/\/www.encontravitoria.com.br\/sobre\/?s={search_term_string}"},"query-input":{"@type":"PropertyValueSpecification","valueRequired":true,"valueName":"search_term_string"}}],"inLanguage":"pt-BR"},{"@type":"Person","@id":"https:\/\/www.encontravitoria.com.br\/sobre\/#\/schema\/person\/0f8e5bcc88fbadf1bad57afd504f48a2","name":"Encontra Vit\u00f3ria","image":{"@type":"ImageObject","inLanguage":"pt-BR","@id":"https:\/\/secure.gravatar.com\/avatar\/507340682b8270222e1f208e23198b6ae7e2c6a1033ae84e99bc6bce4f82a387?s=96&d=mm&r=g","url":"https:\/\/secure.gravatar.com\/avatar\/507340682b8270222e1f208e23198b6ae7e2c6a1033ae84e99bc6bce4f82a387?s=96&d=mm&r=g","contentUrl":"https:\/\/secure.gravatar.com\/avatar\/507340682b8270222e1f208e23198b6ae7e2c6a1033ae84e99bc6bce4f82a387?s=96&d=mm&r=g","caption":"Encontra Vit\u00f3ria"},"sameAs":["http:\/\/www.encontravitoria.com.br"],"url":"https:\/\/www.encontravitoria.com.br\/sobre\/author\/evitoria\/"}]}},"_links":{"self":[{"href":"https:\/\/www.encontravitoria.com.br\/sobre\/wp-json\/wp\/v2\/posts\/2281","targetHints":{"allow":["GET"]}}],"collection":[{"href":"https:\/\/www.encontravitoria.com.br\/sobre\/wp-json\/wp\/v2\/posts"}],"about":[{"href":"https:\/\/www.encontravitoria.com.br\/sobre\/wp-json\/wp\/v2\/types\/post"}],"author":[{"embeddable":true,"href":"https:\/\/www.encontravitoria.com.br\/sobre\/wp-json\/wp\/v2\/users\/1"}],"replies":[{"embeddable":true,"href":"https:\/\/www.encontravitoria.com.br\/sobre\/wp-json\/wp\/v2\/comments?post=2281"}],"version-history":[{"count":0,"href":"https:\/\/www.encontravitoria.com.br\/sobre\/wp-json\/wp\/v2\/posts\/2281\/revisions"}],"wp:featuredmedia":[{"embeddable":true,"href":"https:\/\/www.encontravitoria.com.br\/sobre\/wp-json\/wp\/v2\/media\/2280"}],"wp:attachment":[{"href":"https:\/\/www.encontravitoria.com.br\/sobre\/wp-json\/wp\/v2\/media?parent=2281"}],"wp:term":[{"taxonomy":"category","embeddable":true,"href":"https:\/\/www.encontravitoria.com.br\/sobre\/wp-json\/wp\/v2\/categories?post=2281"},{"taxonomy":"post_tag","embeddable":true,"href":"https:\/\/www.encontravitoria.com.br\/sobre\/wp-json\/wp\/v2\/tags?post=2281"}],"curies":[{"name":"wp","href":"https:\/\/api.w.org\/{rel}","templated":true}]}}