{"id":2283,"date":"2026-08-31T11:03:06","date_gmt":"2026-08-31T11:03:06","guid":{"rendered":"https:\/\/www.encontravitoria.com.br\/sobre\/vitoria-estreia-como-sede-da-taca-brasil-de-futsal-com-apoio-da-prefeitura\/"},"modified":"2026-08-31T11:03:06","modified_gmt":"2026-08-31T11:03:06","slug":"vitoria-estreia-como-sede-da-taca-brasil-de-futsal-com-apoio-da-prefeitura","status":"publish","type":"post","link":"https:\/\/www.encontravitoria.com.br\/sobre\/vitoria-estreia-como-sede-da-taca-brasil-de-futsal-com-apoio-da-prefeitura\/","title":{"rendered":"Vit\u00f3ria estreia como sede da Ta\u00e7a Brasil de Futsal com apoio da Prefeitura"},"content":{"rendered":"<div class=\"23ed37709e053b55400ee1990aeffe41\" data-index=\"1\" style=\"float: none; margin:0px;\">\n<!-- Anuncio display - global -->\r\n<ins class=\"adsbygoogle\"\r\n     style=\"display:block\"\r\n     data-ad-client=\"ca-pub-8585364105181520\"\r\n     data-ad-slot=\"8789329856\"\r\n     data-ad-format=\"auto\"\r\n     data-full-width-responsive=\"true\"><\/ins>\r\n<script>\r\n     (adsbygoogle = window.adsbygoogle || []).push({});\r\n<\/script>\n<\/div>\n<h2>A Inaugura\u00e7\u00e3o da Ta\u00e7a Brasil em Vit\u00f3ria<\/h2>\n<p>Vit\u00f3ria se prepara para receber, pela primeira vez, a <strong>Ta\u00e7a Brasil de Futsal Adulto<\/strong>. O evento, programado para ocorrer entre <strong>14 a 20 de setembro<\/strong>, promete ser um grande marco para o futsal capixaba. A competi\u00e7\u00e3o reunir\u00e1 <strong>10 equipes<\/strong> de v\u00e1rias regi\u00f5es do Brasil, al\u00e9m de contar com a participa\u00e7\u00e3o de <strong>150 a 200 atletas<\/strong> no <strong>Centro Esportivo Tancredo de Almeida Neves<\/strong>, conhecido como Tancred\u00e3o.<\/p>\n<p>A realiza\u00e7\u00e3o do torneio \u00e9 viabilizada com o apoio da <strong>Prefeitura Municipal de Vit\u00f3ria<\/strong> atrav\u00e9s da <strong>Secretaria Municipal de Esportes e Lazer<\/strong>. O evento reafirma o compromisso do munic\u00edpio em incentivar o esporte e trazer grandes competi\u00e7\u00f5es para os cidad\u00e3os.<\/p>\n<h2>Como a Prefeitura Apoia o Esporte Local<\/h2>\n<p>A Prefeitura de Vit\u00f3ria tem procurado constantemente formas de promover o esporte local. Com a realiza\u00e7\u00e3o da Ta\u00e7a Brasil, a administra\u00e7\u00e3o municipal n\u00e3o s\u00f3 incentiva a pr\u00e1tica esportiva, mas tamb\u00e9m busca criar um ambiente que valorize atletas e equipes locais. A prefeita <strong>Cris Samorini<\/strong> declarou que esta \u00e9 uma oportunidade de mostrar a capacidade da cidade em acolher eventos desse porte, beneficiando a popula\u00e7\u00e3o local.<\/p>\n<p><img decoding=\"async\" src=\"https:\/\/www.encontravitoria.com.br\/sobre\/wp-content\/uploads\/2026\/08\/vitoria-estreia-como-sede-da-taca-brasil-de-futsal-com-apoio-da-prefeitura.webp\" alt=\"Vit\u00f3ria Ta\u00e7a Brasil de Futsal\" loading=\"lazy\" \/><\/p>\n<h2>Resultados Esperados da Competi\u00e7\u00e3o<\/h2>\n<p>O evento trar\u00e1 uma s\u00e9rie de benef\u00edcios, tanto para os atletas quanto para a comunidade em geral. Espera-se que:<\/p>\n<ul>\n<li>As equipes capixabas tenham um desempenho not\u00e1vel, representando o estado com dignidade.<\/li>\n<li>O p\u00fablico vibrante e envolvente de Vit\u00f3ria aumente sua conex\u00e3o com o futsal.<\/li>\n<li>Possibilite a revela\u00e7\u00e3o de novos talentos no esporte, principalmente entre jovens que participam de projetos sociais associados \u00e0s equipes.<\/li>\n<\/ul>\n<h2>Impacto Socioecon\u00f4mico do Evento<\/h2>\n<p>A realiza\u00e7\u00e3o da Ta\u00e7a Brasil em Vit\u00f3ria n\u00e3o trar\u00e1 apenas uma competi\u00e7\u00e3o esportiva de alto n\u00edvel, mas tamb\u00e9m um impacto significativo na economia local. O evento deve mobilizar diversos setores, como:<\/p>\n<ul>\n<li><strong>Hospedagem:<\/strong> Hot\u00e9is e pousadas da regi\u00e3o ter\u00e3o um aumento significativo na ocupa\u00e7\u00e3o.<\/li>\n<li><strong>Alimenta\u00e7\u00e3o:<\/strong> Restaurantes e lanchonetes locais dever\u00e3o ver um incremento no n\u00famero de clientes.<\/li>\n<li><strong>Transporte:<\/strong> O movimento de transporte p\u00fablico e servi\u00e7os de t\u00e1xi deve aumentar devido ao fluxo de visitantes.<\/li>\n<\/ul>\n<p>Al\u00e9m disso, a presen\u00e7a de equipes de v\u00e1rios estados contribuir\u00e1 para a promo\u00e7\u00e3o de Vit\u00f3ria como um destino tur\u00edstico, favorecendo n\u00e3o s\u00f3 os neg\u00f3cios locais, mas tamb\u00e9m a imagem da cidade no cen\u00e1rio nacional.<\/p>\n<h2>As equipes que far\u00e3o hist\u00f3ria no Tancred\u00e3o<\/h2>\n<p>Na <strong>Ta\u00e7a Brasil<\/strong>, 10 equipes disputar\u00e3o o t\u00edtulo e, entre elas, dois representando o Esp\u00edrito Santo. O torneio ser\u00e1 dividido em dois grupos:<\/p>\n<h3>Grupo A<\/h3>\n<ul>\n<li>Esporte Clube Alta Floresta (MT)<\/li>\n<li>Sport Club do Recife (PE)<\/li>\n<li>Liga Esportiva de Coari (AM)<\/li>\n<li>Sociedade Esportiva e Recreativa S\u00e3o Jos\u00e9 (AP)<\/li>\n<li>Associa\u00e7\u00e3o Desportiva Cultural e Social Santanense (ES)<\/li>\n<\/ul>\n<h3>Grupo B<\/h3>\n<ul>\n<li>Club de Regatas Vasco da Gama (RJ)<\/li>\n<li>Am\u00e9rica Futebol Clube (RN)<\/li>\n<li>Fura\u00e7\u00e3o Futebol Clube\/FFC (TO)<\/li>\n<li>Juventude AG FC (MS)<\/li>\n<li>Associa\u00e7\u00e3o Centro de Treinamento Atl\u00e9tico Capixaba &#8211; CTAC (ES)<\/li>\n<\/ul>\n<h2>Atletas de Destaque na Ta\u00e7a Brasil<\/h2>\n<p>Futsal \u00e9 conhecido por proporcionar talentos de renome. O campeonato contar\u00e1 com jogadores que j\u00e1 representaram a Sele\u00e7\u00e3o Brasileira, elevando ainda mais o n\u00edvel da competi\u00e7\u00e3o. A presen\u00e7a desses atletas de destaque n\u00e3o apenas encanta os torcedores, mas tamb\u00e9m serve como uma inspira\u00e7\u00e3o para os jovens atletas em forma\u00e7\u00e3o.<\/p>\n<h2>Acesso Gratuito para o P\u00fablico<\/h2>\n<p>Uma das melhores not\u00edcias para os aficionados por esporte \u00e9 que as partidas podem ser assistidas gratuitamente. N\u00e3o h\u00e1 necessidade de adquirir ingressos, permitindo que mais pessoas tenham acesso a um dos maiores eventos do futsal nacional, promovendo ainda mais a inclus\u00e3o e o engajamento da popula\u00e7\u00e3o local.<\/p>\n<h2>Import\u00e2ncia do Futsal para a Comunidade<\/h2>\n<p>O futsal desempenha um papel significativo na vida comunit\u00e1ria, servindo como:<\/p>\n<ul>\n<li><strong>Ferramenta de inclus\u00e3o:<\/strong> Muitas equipes possuem atletas oriundos de comunidades carentes, demonstrando como o esporte pode mudar vidas.<\/li>\n<li><strong>Promotor de sa\u00fade:<\/strong> A pr\u00e1tica cont\u00ednua de esportes contribui para a sa\u00fade f\u00edsica e mental da popula\u00e7\u00e3o.<\/li>\n<li><strong>Gerador de ingresos:<\/strong> Eventos esportivos atraem turistas e movimentam a economia local.<\/li>\n<\/ul>\n<h2>Programa\u00e7\u00e3o das Partidas da Ta\u00e7a Brasil<\/h2>\n<p>A Ta\u00e7a Brasil tem uma programa\u00e7\u00e3o intensa. Os jogos come\u00e7am na <strong>segunda-feira, 14 de setembro<\/strong>, com a primeira rodada, e seguem at\u00e9 o dia <strong>20 de setembro<\/strong>, quando ocorrer\u00e1 a grande final. Abaixo, confira alguns destaques da programa\u00e7\u00e3o:<\/p>\n<ul>\n<li><strong>14 de setembro:<\/strong><br \/>\n&#8211; 13h30: Am\u00e9rica Futebol Clube x Fura\u00e7\u00e3o Futebol Clube\/FFC<br \/>\n&#8211; 15h30: Sport Club do Recife x Liga Esportiva de Coari<br \/>\n&#8211; 17h30: Esporte Clube Alta Floresta x Associa\u00e7\u00e3o Desportiva Cultural e Social Santanense<br \/>\n&#8211; 19h30: Associa\u00e7\u00e3o Centro de Treinamento Atl\u00e9tico Capixaba (CTAC) x Club de Regatas Vasco da Gama<\/li>\n<li><strong>15 de setembro:<\/strong><br \/>\n&#8211; 13h30: Sociedade Esportiva e Recreativa S\u00e3o Jos\u00e9 x Liga Esportiva de Coari<br \/>\n&#8211; 15h30: Fura\u00e7\u00e3o Futebol Clube\/FFC x Juventude AG FC<br \/>\n&#8211; 17h30: Club de Regatas Vasco da Gama x Am\u00e9rica Futebol Clube<br \/>\n&#8211; 19h30: Associa\u00e7\u00e3o Desportiva Cultural e Social Santanense x Sport Club do Recife<\/li>\n<li><strong>19 e 20 de setembro:<\/strong> Semifinais e Final. A programa\u00e7\u00e3o completa ser\u00e1 divulgada pela organiza\u00e7\u00e3o.\n<\/li>\n<\/ul>\n<h2>O Futuro do Futsal em Vit\u00f3ria<\/h2>\n<p>A realiza\u00e7\u00e3o da Ta\u00e7a Brasil em Vit\u00f3ria n\u00e3o \u00e9 apenas uma celebra\u00e7\u00e3o do esporte, mas representa um momento crucial para o desenvolvimento do futsal na regi\u00e3o. A cidade busca definitivamente consolidar sua posi\u00e7\u00e3o no calend\u00e1rio esportivo nacional, criando oportunidades para que crian\u00e7as e jovens possam se inspirar e sonhar com o futuro.<\/p>\n<p>Com pol\u00edticas p\u00fablicas voltadas ao esporte, Vit\u00f3ria est\u00e1 no caminho certo para fazer do futsal uma refer\u00eancia de inclus\u00e3o e desenvolvimento socioecon\u00f4mico, fortalecendo a comunidade e promovendo qualidade de vida.<\/p>\n\n<div style=\"font-size: 0px; height: 0px; line-height: 0px; margin: 0; padding: 0; clear: both;\"><\/div>","protected":false},"excerpt":{"rendered":"<p>Vit\u00f3ria estreia como sede da Ta\u00e7a Brasil de Futsal, trazendo emo\u00e7\u00e3o e grandes equipes.<\/p>\n","protected":false},"author":1,"featured_media":2282,"comment_status":"open","ping_status":"closed","sticky":false,"template":"","format":"standard","meta":{"footnotes":""},"categories":[15],"tags":[],"class_list":["post-2283","post","type-post","status-publish","format-standard","has-post-thumbnail","hentry","category-cultura-em-vitoria","has_thumb"],"yoast_head":"<!-- This site is optimized with the Yoast SEO plugin v28.2 - https:\/\/yoast.com\/product\/yoast-seo-wordpress\/ -->\n<title>Vit\u00f3ria estreia como sede da Ta\u00e7a Brasil de Futsal com apoio da Prefeitura - Encontra Vit\u00f3ria<\/title>\n<meta name=\"robots\" content=\"index, follow, max-snippet:-1, max-image-preview:large, max-video-preview:-1\" \/>\n<link rel=\"canonical\" href=\"https:\/\/www.encontravitoria.com.br\/sobre\/vitoria-estreia-como-sede-da-taca-brasil-de-futsal-com-apoio-da-prefeitura\/\" \/>\n<meta property=\"og:locale\" content=\"pt_BR\" \/>\n<meta property=\"og:type\" content=\"article\" \/>\n<meta property=\"og:title\" content=\"Vit\u00f3ria estreia como sede da Ta\u00e7a Brasil de Futsal com apoio da Prefeitura - Encontra Vit\u00f3ria\" \/>\n<meta property=\"og:description\" content=\"Vit\u00f3ria estreia como sede da Ta\u00e7a Brasil de Futsal, trazendo emo\u00e7\u00e3o e grandes equipes.\" \/>\n<meta property=\"og:url\" content=\"https:\/\/www.encontravitoria.com.br\/sobre\/vitoria-estreia-como-sede-da-taca-brasil-de-futsal-com-apoio-da-prefeitura\/\" \/>\n<meta property=\"og:site_name\" content=\"Encontra Vit\u00f3ria\" \/>\n<meta property=\"article:published_time\" content=\"2026-08-31T11:03:06+00:00\" \/>\n<meta property=\"og:image\" content=\"https:\/\/www.encontravitoria.com.br\/sobre\/wp-content\/uploads\/2026\/08\/vitoria-estreia-como-sede-da-taca-brasil-de-futsal-com-apoio-da-prefeitura.webp\" \/>\n<meta name=\"author\" content=\"Encontra Vit\u00f3ria\" \/>\n<meta name=\"twitter:card\" content=\"summary_large_image\" \/>\n<meta name=\"twitter:label1\" content=\"Escrito por\" \/>\n\t<meta name=\"twitter:data1\" content=\"Encontra Vit\u00f3ria\" \/>\n\t<meta name=\"twitter:label2\" content=\"Est. tempo de leitura\" \/>\n\t<meta name=\"twitter:data2\" content=\"5 minutos\" \/>\n<script type=\"application\/ld+json\" class=\"yoast-schema-graph\">{\"@context\":\"https:\\\/\\\/schema.org\",\"@graph\":[{\"@type\":\"Article\",\"@id\":\"https:\\\/\\\/www.encontravitoria.com.br\\\/sobre\\\/vitoria-estreia-como-sede-da-taca-brasil-de-futsal-com-apoio-da-prefeitura\\\/#article\",\"isPartOf\":{\"@id\":\"https:\\\/\\\/www.encontravitoria.com.br\\\/sobre\\\/vitoria-estreia-como-sede-da-taca-brasil-de-futsal-com-apoio-da-prefeitura\\\/\"},\"author\":{\"name\":\"Encontra Vit\u00f3ria\",\"@id\":\"https:\\\/\\\/www.encontravitoria.com.br\\\/sobre\\\/#\\\/schema\\\/person\\\/0f8e5bcc88fbadf1bad57afd504f48a2\"},\"headline\":\"Vit\u00f3ria estreia como sede da Ta\u00e7a Brasil de Futsal com apoio da Prefeitura\",\"datePublished\":\"2026-08-31T11:03:06+00:00\",\"mainEntityOfPage\":{\"@id\":\"https:\\\/\\\/www.encontravitoria.com.br\\\/sobre\\\/vitoria-estreia-como-sede-da-taca-brasil-de-futsal-com-apoio-da-prefeitura\\\/\"},\"wordCount\":1005,\"commentCount\":0,\"image\":{\"@id\":\"https:\\\/\\\/www.encontravitoria.com.br\\\/sobre\\\/vitoria-estreia-como-sede-da-taca-brasil-de-futsal-com-apoio-da-prefeitura\\\/#primaryimage\"},\"thumbnailUrl\":\"https:\\\/\\\/www.encontravitoria.com.br\\\/sobre\\\/wp-content\\\/uploads\\\/2026\\\/08\\\/vitoria-estreia-como-sede-da-taca-brasil-de-futsal-com-apoio-da-prefeitura.webp\",\"articleSection\":[\"Cultura Vit\u00f3ria\"],\"inLanguage\":\"pt-BR\",\"potentialAction\":[{\"@type\":\"CommentAction\",\"name\":\"Comment\",\"target\":[\"https:\\\/\\\/www.encontravitoria.com.br\\\/sobre\\\/vitoria-estreia-como-sede-da-taca-brasil-de-futsal-com-apoio-da-prefeitura\\\/#respond\"]}]},{\"@type\":\"WebPage\",\"@id\":\"https:\\\/\\\/www.encontravitoria.com.br\\\/sobre\\\/vitoria-estreia-como-sede-da-taca-brasil-de-futsal-com-apoio-da-prefeitura\\\/\",\"url\":\"https:\\\/\\\/www.encontravitoria.com.br\\\/sobre\\\/vitoria-estreia-como-sede-da-taca-brasil-de-futsal-com-apoio-da-prefeitura\\\/\",\"name\":\"Vit\u00f3ria estreia como sede da Ta\u00e7a Brasil de Futsal com apoio da Prefeitura - Encontra Vit\u00f3ria\",\"isPartOf\":{\"@id\":\"https:\\\/\\\/www.encontravitoria.com.br\\\/sobre\\\/#website\"},\"primaryImageOfPage\":{\"@id\":\"https:\\\/\\\/www.encontravitoria.com.br\\\/sobre\\\/vitoria-estreia-como-sede-da-taca-brasil-de-futsal-com-apoio-da-prefeitura\\\/#primaryimage\"},\"image\":{\"@id\":\"https:\\\/\\\/www.encontravitoria.com.br\\\/sobre\\\/vitoria-estreia-como-sede-da-taca-brasil-de-futsal-com-apoio-da-prefeitura\\\/#primaryimage\"},\"thumbnailUrl\":\"https:\\\/\\\/www.encontravitoria.com.br\\\/sobre\\\/wp-content\\\/uploads\\\/2026\\\/08\\\/vitoria-estreia-como-sede-da-taca-brasil-de-futsal-com-apoio-da-prefeitura.webp\",\"datePublished\":\"2026-08-31T11:03:06+00:00\",\"author\":{\"@id\":\"https:\\\/\\\/www.encontravitoria.com.br\\\/sobre\\\/#\\\/schema\\\/person\\\/0f8e5bcc88fbadf1bad57afd504f48a2\"},\"breadcrumb\":{\"@id\":\"https:\\\/\\\/www.encontravitoria.com.br\\\/sobre\\\/vitoria-estreia-como-sede-da-taca-brasil-de-futsal-com-apoio-da-prefeitura\\\/#breadcrumb\"},\"inLanguage\":\"pt-BR\",\"potentialAction\":[{\"@type\":\"ReadAction\",\"target\":[\"https:\\\/\\\/www.encontravitoria.com.br\\\/sobre\\\/vitoria-estreia-como-sede-da-taca-brasil-de-futsal-com-apoio-da-prefeitura\\\/\"]}]},{\"@type\":\"ImageObject\",\"inLanguage\":\"pt-BR\",\"@id\":\"https:\\\/\\\/www.encontravitoria.com.br\\\/sobre\\\/vitoria-estreia-como-sede-da-taca-brasil-de-futsal-com-apoio-da-prefeitura\\\/#primaryimage\",\"url\":\"https:\\\/\\\/www.encontravitoria.com.br\\\/sobre\\\/wp-content\\\/uploads\\\/2026\\\/08\\\/vitoria-estreia-como-sede-da-taca-brasil-de-futsal-com-apoio-da-prefeitura.webp\",\"contentUrl\":\"https:\\\/\\\/www.encontravitoria.com.br\\\/sobre\\\/wp-content\\\/uploads\\\/2026\\\/08\\\/vitoria-estreia-como-sede-da-taca-brasil-de-futsal-com-apoio-da-prefeitura.webp\",\"width\":280,\"height\":280,\"caption\":\"Vit\u00f3ria Ta\u00e7a Brasil de Futsal\"},{\"@type\":\"BreadcrumbList\",\"@id\":\"https:\\\/\\\/www.encontravitoria.com.br\\\/sobre\\\/vitoria-estreia-como-sede-da-taca-brasil-de-futsal-com-apoio-da-prefeitura\\\/#breadcrumb\",\"itemListElement\":[{\"@type\":\"ListItem\",\"position\":1,\"name\":\"In\u00edcio\",\"item\":\"https:\\\/\\\/www.encontravitoria.com.br\\\/sobre\\\/\"},{\"@type\":\"ListItem\",\"position\":2,\"name\":\"Vit\u00f3ria estreia como sede da Ta\u00e7a Brasil de Futsal com apoio da Prefeitura\"}]},{\"@type\":\"WebSite\",\"@id\":\"https:\\\/\\\/www.encontravitoria.com.br\\\/sobre\\\/#website\",\"url\":\"https:\\\/\\\/www.encontravitoria.com.br\\\/sobre\\\/\",\"name\":\"Encontra Vit\u00f3ria\",\"description\":\"Not\u00edcias, eventos, informa\u00e7\u00f5es e dicas na cidade Vit\u00f3ria e regi\u00e3o.\",\"potentialAction\":[{\"@type\":\"SearchAction\",\"target\":{\"@type\":\"EntryPoint\",\"urlTemplate\":\"https:\\\/\\\/www.encontravitoria.com.br\\\/sobre\\\/?s={search_term_string}\"},\"query-input\":{\"@type\":\"PropertyValueSpecification\",\"valueRequired\":true,\"valueName\":\"search_term_string\"}}],\"inLanguage\":\"pt-BR\"},{\"@type\":\"Person\",\"@id\":\"https:\\\/\\\/www.encontravitoria.com.br\\\/sobre\\\/#\\\/schema\\\/person\\\/0f8e5bcc88fbadf1bad57afd504f48a2\",\"name\":\"Encontra Vit\u00f3ria\",\"image\":{\"@type\":\"ImageObject\",\"inLanguage\":\"pt-BR\",\"@id\":\"https:\\\/\\\/secure.gravatar.com\\\/avatar\\\/507340682b8270222e1f208e23198b6ae7e2c6a1033ae84e99bc6bce4f82a387?s=96&d=mm&r=g\",\"url\":\"https:\\\/\\\/secure.gravatar.com\\\/avatar\\\/507340682b8270222e1f208e23198b6ae7e2c6a1033ae84e99bc6bce4f82a387?s=96&d=mm&r=g\",\"contentUrl\":\"https:\\\/\\\/secure.gravatar.com\\\/avatar\\\/507340682b8270222e1f208e23198b6ae7e2c6a1033ae84e99bc6bce4f82a387?s=96&d=mm&r=g\",\"caption\":\"Encontra Vit\u00f3ria\"},\"sameAs\":[\"http:\\\/\\\/www.encontravitoria.com.br\"],\"url\":\"https:\\\/\\\/www.encontravitoria.com.br\\\/sobre\\\/author\\\/evitoria\\\/\"}]}<\/script>\n<!-- \/ Yoast SEO plugin. -->","yoast_head_json":{"title":"Vit\u00f3ria estreia como sede da Ta\u00e7a Brasil de Futsal com apoio da Prefeitura - Encontra Vit\u00f3ria","robots":{"index":"index","follow":"follow","max-snippet":"max-snippet:-1","max-image-preview":"max-image-preview:large","max-video-preview":"max-video-preview:-1"},"canonical":"https:\/\/www.encontravitoria.com.br\/sobre\/vitoria-estreia-como-sede-da-taca-brasil-de-futsal-com-apoio-da-prefeitura\/","og_locale":"pt_BR","og_type":"article","og_title":"Vit\u00f3ria estreia como sede da Ta\u00e7a Brasil de Futsal com apoio da Prefeitura - Encontra Vit\u00f3ria","og_description":"Vit\u00f3ria estreia como sede da Ta\u00e7a Brasil de Futsal, trazendo emo\u00e7\u00e3o e grandes equipes.","og_url":"https:\/\/www.encontravitoria.com.br\/sobre\/vitoria-estreia-como-sede-da-taca-brasil-de-futsal-com-apoio-da-prefeitura\/","og_site_name":"Encontra Vit\u00f3ria","article_published_time":"2026-08-31T11:03:06+00:00","og_image":[{"url":"https:\/\/www.encontravitoria.com.br\/sobre\/wp-content\/uploads\/2026\/08\/vitoria-estreia-como-sede-da-taca-brasil-de-futsal-com-apoio-da-prefeitura.webp","type":"","width":"","height":""}],"author":"Encontra Vit\u00f3ria","twitter_card":"summary_large_image","twitter_misc":{"Escrito por":"Encontra Vit\u00f3ria","Est. tempo de leitura":"5 minutos"},"schema":{"@context":"https:\/\/schema.org","@graph":[{"@type":"Article","@id":"https:\/\/www.encontravitoria.com.br\/sobre\/vitoria-estreia-como-sede-da-taca-brasil-de-futsal-com-apoio-da-prefeitura\/#article","isPartOf":{"@id":"https:\/\/www.encontravitoria.com.br\/sobre\/vitoria-estreia-como-sede-da-taca-brasil-de-futsal-com-apoio-da-prefeitura\/"},"author":{"name":"Encontra Vit\u00f3ria","@id":"https:\/\/www.encontravitoria.com.br\/sobre\/#\/schema\/person\/0f8e5bcc88fbadf1bad57afd504f48a2"},"headline":"Vit\u00f3ria estreia como sede da Ta\u00e7a Brasil de Futsal com apoio da Prefeitura","datePublished":"2026-08-31T11:03:06+00:00","mainEntityOfPage":{"@id":"https:\/\/www.encontravitoria.com.br\/sobre\/vitoria-estreia-como-sede-da-taca-brasil-de-futsal-com-apoio-da-prefeitura\/"},"wordCount":1005,"commentCount":0,"image":{"@id":"https:\/\/www.encontravitoria.com.br\/sobre\/vitoria-estreia-como-sede-da-taca-brasil-de-futsal-com-apoio-da-prefeitura\/#primaryimage"},"thumbnailUrl":"https:\/\/www.encontravitoria.com.br\/sobre\/wp-content\/uploads\/2026\/08\/vitoria-estreia-como-sede-da-taca-brasil-de-futsal-com-apoio-da-prefeitura.webp","articleSection":["Cultura Vit\u00f3ria"],"inLanguage":"pt-BR","potentialAction":[{"@type":"CommentAction","name":"Comment","target":["https:\/\/www.encontravitoria.com.br\/sobre\/vitoria-estreia-como-sede-da-taca-brasil-de-futsal-com-apoio-da-prefeitura\/#respond"]}]},{"@type":"WebPage","@id":"https:\/\/www.encontravitoria.com.br\/sobre\/vitoria-estreia-como-sede-da-taca-brasil-de-futsal-com-apoio-da-prefeitura\/","url":"https:\/\/www.encontravitoria.com.br\/sobre\/vitoria-estreia-como-sede-da-taca-brasil-de-futsal-com-apoio-da-prefeitura\/","name":"Vit\u00f3ria estreia como sede da Ta\u00e7a Brasil de Futsal com apoio da Prefeitura - Encontra Vit\u00f3ria","isPartOf":{"@id":"https:\/\/www.encontravitoria.com.br\/sobre\/#website"},"primaryImageOfPage":{"@id":"https:\/\/www.encontravitoria.com.br\/sobre\/vitoria-estreia-como-sede-da-taca-brasil-de-futsal-com-apoio-da-prefeitura\/#primaryimage"},"image":{"@id":"https:\/\/www.encontravitoria.com.br\/sobre\/vitoria-estreia-como-sede-da-taca-brasil-de-futsal-com-apoio-da-prefeitura\/#primaryimage"},"thumbnailUrl":"https:\/\/www.encontravitoria.com.br\/sobre\/wp-content\/uploads\/2026\/08\/vitoria-estreia-como-sede-da-taca-brasil-de-futsal-com-apoio-da-prefeitura.webp","datePublished":"2026-08-31T11:03:06+00:00","author":{"@id":"https:\/\/www.encontravitoria.com.br\/sobre\/#\/schema\/person\/0f8e5bcc88fbadf1bad57afd504f48a2"},"breadcrumb":{"@id":"https:\/\/www.encontravitoria.com.br\/sobre\/vitoria-estreia-como-sede-da-taca-brasil-de-futsal-com-apoio-da-prefeitura\/#breadcrumb"},"inLanguage":"pt-BR","potentialAction":[{"@type":"ReadAction","target":["https:\/\/www.encontravitoria.com.br\/sobre\/vitoria-estreia-como-sede-da-taca-brasil-de-futsal-com-apoio-da-prefeitura\/"]}]},{"@type":"ImageObject","inLanguage":"pt-BR","@id":"https:\/\/www.encontravitoria.com.br\/sobre\/vitoria-estreia-como-sede-da-taca-brasil-de-futsal-com-apoio-da-prefeitura\/#primaryimage","url":"https:\/\/www.encontravitoria.com.br\/sobre\/wp-content\/uploads\/2026\/08\/vitoria-estreia-como-sede-da-taca-brasil-de-futsal-com-apoio-da-prefeitura.webp","contentUrl":"https:\/\/www.encontravitoria.com.br\/sobre\/wp-content\/uploads\/2026\/08\/vitoria-estreia-como-sede-da-taca-brasil-de-futsal-com-apoio-da-prefeitura.webp","width":280,"height":280,"caption":"Vit\u00f3ria Ta\u00e7a Brasil de Futsal"},{"@type":"BreadcrumbList","@id":"https:\/\/www.encontravitoria.com.br\/sobre\/vitoria-estreia-como-sede-da-taca-brasil-de-futsal-com-apoio-da-prefeitura\/#breadcrumb","itemListElement":[{"@type":"ListItem","position":1,"name":"In\u00edcio","item":"https:\/\/www.encontravitoria.com.br\/sobre\/"},{"@type":"ListItem","position":2,"name":"Vit\u00f3ria estreia como sede da Ta\u00e7a Brasil de Futsal com apoio da Prefeitura"}]},{"@type":"WebSite","@id":"https:\/\/www.encontravitoria.com.br\/sobre\/#website","url":"https:\/\/www.encontravitoria.com.br\/sobre\/","name":"Encontra Vit\u00f3ria","description":"Not\u00edcias, eventos, informa\u00e7\u00f5es e dicas na cidade Vit\u00f3ria e regi\u00e3o.","potentialAction":[{"@type":"SearchAction","target":{"@type":"EntryPoint","urlTemplate":"https:\/\/www.encontravitoria.com.br\/sobre\/?s={search_term_string}"},"query-input":{"@type":"PropertyValueSpecification","valueRequired":true,"valueName":"search_term_string"}}],"inLanguage":"pt-BR"},{"@type":"Person","@id":"https:\/\/www.encontravitoria.com.br\/sobre\/#\/schema\/person\/0f8e5bcc88fbadf1bad57afd504f48a2","name":"Encontra Vit\u00f3ria","image":{"@type":"ImageObject","inLanguage":"pt-BR","@id":"https:\/\/secure.gravatar.com\/avatar\/507340682b8270222e1f208e23198b6ae7e2c6a1033ae84e99bc6bce4f82a387?s=96&d=mm&r=g","url":"https:\/\/secure.gravatar.com\/avatar\/507340682b8270222e1f208e23198b6ae7e2c6a1033ae84e99bc6bce4f82a387?s=96&d=mm&r=g","contentUrl":"https:\/\/secure.gravatar.com\/avatar\/507340682b8270222e1f208e23198b6ae7e2c6a1033ae84e99bc6bce4f82a387?s=96&d=mm&r=g","caption":"Encontra Vit\u00f3ria"},"sameAs":["http:\/\/www.encontravitoria.com.br"],"url":"https:\/\/www.encontravitoria.com.br\/sobre\/author\/evitoria\/"}]}},"_links":{"self":[{"href":"https:\/\/www.encontravitoria.com.br\/sobre\/wp-json\/wp\/v2\/posts\/2283","targetHints":{"allow":["GET"]}}],"collection":[{"href":"https:\/\/www.encontravitoria.com.br\/sobre\/wp-json\/wp\/v2\/posts"}],"about":[{"href":"https:\/\/www.encontravitoria.com.br\/sobre\/wp-json\/wp\/v2\/types\/post"}],"author":[{"embeddable":true,"href":"https:\/\/www.encontravitoria.com.br\/sobre\/wp-json\/wp\/v2\/users\/1"}],"replies":[{"embeddable":true,"href":"https:\/\/www.encontravitoria.com.br\/sobre\/wp-json\/wp\/v2\/comments?post=2283"}],"version-history":[{"count":0,"href":"https:\/\/www.encontravitoria.com.br\/sobre\/wp-json\/wp\/v2\/posts\/2283\/revisions"}],"wp:featuredmedia":[{"embeddable":true,"href":"https:\/\/www.encontravitoria.com.br\/sobre\/wp-json\/wp\/v2\/media\/2282"}],"wp:attachment":[{"href":"https:\/\/www.encontravitoria.com.br\/sobre\/wp-json\/wp\/v2\/media?parent=2283"}],"wp:term":[{"taxonomy":"category","embeddable":true,"href":"https:\/\/www.encontravitoria.com.br\/sobre\/wp-json\/wp\/v2\/categories?post=2283"},{"taxonomy":"post_tag","embeddable":true,"href":"https:\/\/www.encontravitoria.com.br\/sobre\/wp-json\/wp\/v2\/tags?post=2283"}],"curies":[{"name":"wp","href":"https:\/\/api.w.org\/{rel}","templated":true}]}}