{"id":2285,"date":"2026-08-31T11:04:24","date_gmt":"2026-08-31T11:04:24","guid":{"rendered":"https:\/\/www.encontravitoria.com.br\/sobre\/corrida-e-caminhada-nossa-vitoria-nossa-historia-reune-atletas-no-centro\/"},"modified":"2026-08-31T11:04:24","modified_gmt":"2026-08-31T11:04:24","slug":"corrida-e-caminhada-nossa-vitoria-nossa-historia-reune-atletas-no-centro","status":"publish","type":"post","link":"https:\/\/www.encontravitoria.com.br\/sobre\/corrida-e-caminhada-nossa-vitoria-nossa-historia-reune-atletas-no-centro\/","title":{"rendered":"Corrida e Caminhada Nossa Vit\u00f3ria, Nossa Hist\u00f3ria re\u00fane atletas no Centro"},"content":{"rendered":"<div class=\"23ed37709e053b55400ee1990aeffe41\" data-index=\"1\" style=\"float: none; margin:0px;\">\n<!-- Anuncio display - global -->\r\n<ins class=\"adsbygoogle\"\r\n     style=\"display:block\"\r\n     data-ad-client=\"ca-pub-8585364105181520\"\r\n     data-ad-slot=\"8789329856\"\r\n     data-ad-format=\"auto\"\r\n     data-full-width-responsive=\"true\"><\/ins>\r\n<script>\r\n     (adsbygoogle = window.adsbygoogle || []).push({});\r\n<\/script>\n<\/div>\n<h2>A import\u00e2ncia do evento para a juventude<\/h2>\n<p>A Corrida e Caminhada &#8220;Nossa Vit\u00f3ria, Nossa Hist\u00f3ria&#8221; vai al\u00e9m de uma simples competi\u00e7\u00e3o; ela se transforma em um verdadeiro palco de inclus\u00e3o e convoca\u00e7\u00e3o para a juventude. Este evento desempenha um papel importante ao criar um ambiente de participa\u00e7\u00e3o ativa, onde jovens t\u00eam a oportunidade de se engajar fisicamente e socialmente na vida de sua cidade. Ao encerrar a 13\u00aa Semana Municipal da Juventude, o evento visa ressaltar a necessidade de ocupa\u00e7\u00e3o dos espa\u00e7os urbanos como uma forma essencial de promover a cidadania e a intera\u00e7\u00e3o social entre os jovens.<\/p>\n<p>A proposta de valorizar a hist\u00f3ria e a cultura local ao mesmo tempo que se incentiva a atividade f\u00edsica \u00e9 uma combina\u00e7\u00e3o poderosa. Isso n\u00e3o s\u00f3 aumenta a conscientiza\u00e7\u00e3o sobre a sa\u00fade, mas tamb\u00e9m provoca discuss\u00f5es sobre o papel que os jovens desempenham na constru\u00e7\u00e3o de cidades mais humanas e inclusivas.<\/p>\n<h2>Percorrendo os principais pontos tur\u00edsticos<\/h2>\n<p>A corrida, que teve in\u00edcio no Parque Moscoso, desenhou um trajeto que incluiu algumas das principais avenidas e \u00edcones hist\u00f3ricos do Centro de Vit\u00f3ria. Isso proporcionou uma oportunidade \u00fanica para que os participantes vissem a cidade sob uma nova perspectiva, admirando as belezas urbanas enquanto se exercitavam.<\/p>\n<p><img decoding=\"async\" src=\"https:\/\/www.encontravitoria.com.br\/sobre\/wp-content\/uploads\/2026\/08\/corrida-e-caminhada-nossa-vitoria-nossa-historia-reune-atletas-no-centro.webp\" alt=\"Corrida e Caminhada Nossa Vit\u00f3ria, Nossa Hist\u00f3ria\" loading=\"lazy\" \/><\/p>\n<p>Al\u00e9m da pr\u00e1tica esportiva, o percurso foi uma forma de aumentar o reconhecimento dos pontos hist\u00f3ricos que comp\u00f5em a identidade da cidade, como monumentos e locais de relev\u00e2ncia cultural. Transitar por esses locais durante a corrida permite experi\u00eancias visuais que muitas vezes passam despercebidas no dia a dia dos moradores.<\/p>\n<h2>Categorias e premia\u00e7\u00f5es dispon\u00edveis<\/h2>\n<p>A Corrida e Caminhada &#8220;Nossa Vit\u00f3ria, Nossa Hist\u00f3ria&#8221; contou com 12 categorias distintas, oferecendo uma ampla gama de op\u00e7\u00f5es para os participantes. Entre estas categorias, estavam as dedicadas a diferentes faixas et\u00e1rias e condi\u00e7\u00f5es, como Geral, Pessoa Idosa, e Paral\u00edmpica, permitindo que atletas de todas as habilidades e idades pudessem participar. A inclus\u00e3o de categorias paral\u00edmpicas foi um marco significativo, ressaltando a import\u00e2ncia da acessibilidade e da diversidade na pr\u00e1tica esportiva.<\/p>\n<p>Todos os tr\u00eas primeiros lugares de cada categoria eram premiados com trof\u00e9us, enquanto todos os concluintes do percurso receberam medalhas de participa\u00e7\u00e3o. Essa estrutura de premia\u00e7\u00e3o n\u00e3o apenas incentiva a competi\u00e7\u00e3o saud\u00e1vel, mas tamb\u00e9m reconhece o esfor\u00e7o e a determina\u00e7\u00e3o de todos os envolvidos.<\/p>\n<h2>Experi\u00eancia dos participantes na corrida<\/h2>\n<p>Os depoimentos de participantes, como os irm\u00e3os Lucas e Luciano dos Anjos, refletem a import\u00e2ncia emocional e social do evento. Eles descreveram a corrida como uma experi\u00eancia enriquecedora, permitindo que vissem a cidade sob uma nova luz. A sensa\u00e7\u00e3o de pertencimento e a redescoberta da beleza hist\u00f3rica enquanto competiam foram destacados, mostrando que, mesmo como moradores, a corrida proporcionou uma nova perspectiva sobre o pr\u00f3prio entorno.<\/p>\n<p>Isso ilustra como um evento como este pode n\u00e3o apenas promover a sa\u00fade f\u00edsica, mas tamb\u00e9m fortalecer os la\u00e7os comunit\u00e1rios, encorajando a intera\u00e7\u00e3o social entre os moradores de diferentes partes da cidade.<\/p>\n<h2>O papel da sa\u00fade na comunidade<\/h2>\n<p>A sa\u00fade \u00e9 um dos pilares centrais do evento, sendo promovido n\u00e3o apenas a atividade f\u00edsica, mas tamb\u00e9m a conscientiza\u00e7\u00e3o sobre uma vida saud\u00e1vel e ativa. O secret\u00e1rio municipal de Cidadania, Direitos Humanos e Trabalho, Luciano Forrechi, enfatizou a relev\u00e2ncia do esporte na promo\u00e7\u00e3o da sa\u00fade dos cidad\u00e3os. Al\u00e9m de incentivar os jovens a se moverem, o evento proporciona uma plataforma para discutir temas relacionados \u00e0 sa\u00fade e ao bem-estar f\u00edsico.<\/p>\n<p>Atividades como essa s\u00e3o fundamentais para a constru\u00e7\u00e3o de uma cultura de preven\u00e7\u00e3o, onde a pr\u00e1tica esportiva se torna um h\u00e1bito e n\u00e3o apenas uma atividade ocasional. Refor\u00e7ar essa cultura de sa\u00fade entre a juventude significa que os bons h\u00e1bitos podem ser transmitidos \u00e0s gera\u00e7\u00f5es futuras.<\/p>\n<h2>Destaques da programa\u00e7\u00e3o da Semana da Juventude<\/h2>\n<p>O evento da corrida n\u00e3o estava isolado, mas fazia parte de uma programa\u00e7\u00e3o mais ampla durante a 13\u00aa Semana Municipal da Juventude. Esta abrangia v\u00e1rias atividades que apelavam aos interesses dos jovens, promovendo desde eventos culturais at\u00e9 competi\u00e7\u00f5es esportivas. As atividades foram cuidadosamente planejadas para garantir que todos os jovens pudessem encontrar algo que lhes interessasse e os estimulasse a participar.<\/p>\n<p>Por meio dessa programa\u00e7\u00e3o diversificada, a Semana da Juventude se tornou um espa\u00e7o vital para a express\u00e3o juvenil, permitindo discuss\u00f5es sobre suas aspira\u00e7\u00f5es e desafios. Essa sinergia entre as atividades fortalece a comunidade e a intera\u00e7\u00e3o entre os jovens, criando um ambiente mais colaborativo.<\/p>\n<h2>Coment\u00e1rios das autoridades sobre o evento<\/h2>\n<p>As palavras do secret\u00e1rio Luciano Forrechi ressaltaram a import\u00e2ncia do evento como um meio de promover um novo olhar sobre o Centro de Vit\u00f3ria, al\u00e9m de destacar suas belezas arquitet\u00f4nicas e hist\u00f3ricas. Ele tamb\u00e9m frisou como a corrida se tornou uma forma de integrar a juventude \u00e0 viv\u00eancia da cidade, refor\u00e7ando o sentimento de pertencimento. Ao proporcionar essa experi\u00eancia, os organizadores n\u00e3o apenas encerraram a Semana Municipal da Juventude, mas tamb\u00e9m abriram um leque de possibilidades para futuros eventos e iniciativas.<\/p>\n<p>O envolvimento das autoridades demonstra um compromisso cont\u00ednuo com o desenvolvimento juvenil e com a promo\u00e7\u00e3o de um espa\u00e7o p\u00fablico mais acess\u00edvel e valorizado, que permita a todos os cidad\u00e3os interagirem com a cidade de maneira significativa.<\/p>\n<h2>Integra\u00e7\u00e3o entre diferentes faixas et\u00e1rias<\/h2>\n<p>A corrida n\u00e3o se limitou apenas aos jovens, mas incentivou a participa\u00e7\u00e3o de pessoas de todas as idades, promovendo uma intera\u00e7\u00e3o rica entre diferentes faixas et\u00e1rias. Isso \u00e9 essencial para a constru\u00e7\u00e3o de uma comunidade coesa, onde jovens e adultos podem compartilhar experi\u00eancias. Ao ver fam\u00edlias inteiras participando juntas, fica claro que a sa\u00fade e a atividade f\u00edsica devem ser uma prioridade para todos.<\/p>\n<p>Essa intera\u00e7\u00e3o n\u00e3o s\u00f3 ajuda na forma\u00e7\u00e3o de la\u00e7os familiares mais fortes, como tamb\u00e9m promove um senso de comunidade mais amplo, onde cada indiv\u00edduo se sente parte de um todo maior. O ambiente acolhedor criado durante o evento \u00e9 um convite ao di\u00e1logo e \u00e0 amizade entre os participantes.<\/p>\n<h2>Impacto na valoriza\u00e7\u00e3o do espa\u00e7o urbano<\/h2>\n<p>Um dos resultados mais surpreendentes desse evento foi o impacto positivo na percep\u00e7\u00e3o e valoriza\u00e7\u00e3o do espa\u00e7o urbano. Ao serem confrontados com a beleza hist\u00f3rica do Centro, os participantes foram incentivados a pensar na import\u00e2ncia de preservar e utilizar esses locais, n\u00e3o apenas para eventos, mas como parte do dia a dia da vida na cidade. Isso \u00e9 algo que pode inspirar a\u00e7\u00f5es futuras de revitaliza\u00e7\u00e3o e engajamento em iniciativas cidad\u00e3s voltadas para a manuten\u00e7\u00e3o e cuidado dos espa\u00e7os p\u00fablicos.<\/p>\n<p>Al\u00e9m disso, a cria\u00e7\u00e3o de um percurso que integra patrim\u00f4nio hist\u00f3rico e atividade f\u00edsica mostra uma forma inovadora de promover n\u00e3o apenas o turismo, mas um orgulho local. Esse tipo de valoriza\u00e7\u00e3o cultural e hist\u00f3rica \u00e9 fundamental para o desenvolvimento sustent\u00e1vel de Vit\u00f3ria.<\/p>\n<h2>Expectativas para as pr\u00f3ximas edi\u00e7\u00f5es<\/h2>\n<p>Com o sucesso desta edi\u00e7\u00e3o da corrida, as expectativas para os pr\u00f3ximos eventos s\u00e3o alta. A continuidade e o crescimento da participa\u00e7\u00e3o de jovens e adultos podem ser ampliados com a inclus\u00e3o de novas categorias e atividades, permitindo que ainda mais pessoas explorem a cidade enquanto cuidam de sua sa\u00fade. Mas tamb\u00e9m \u00e9 fundamental continuar a garantir a acessibilidade e a inclus\u00e3o real de todas as camadas sociais, tornando o evento cada vez mais representativo.<\/p>\n<p>Ao concluir mais uma edi\u00e7\u00e3o, a cidade de Vit\u00f3ria refor\u00e7a o papel do esporte e da cultura na forma\u00e7\u00e3o de cidad\u00e3os mais ativos e envolvidos com sua comunidade. O desafio agora ser\u00e1 manter esse movimento vivo, incentivando o engajamento de todos ao longo do ano, e n\u00e3o apenas durante eventos espec\u00edficos. A corrida \u00e9 um excelente exemplo de como \u00e9 poss\u00edvel unir sa\u00fade, cultura e comunidade em um mesmo espa\u00e7o e tempo.<\/p>\n\n<div style=\"font-size: 0px; height: 0px; line-height: 0px; margin: 0; padding: 0; clear: both;\"><\/div>","protected":false},"excerpt":{"rendered":"<p>Descubra a Corrida e Caminhada &#8216;Nossa Vit\u00f3ria, Nossa Hist\u00f3ria&#8217; e sua import\u00e2ncia para a comunidade.<\/p>\n","protected":false},"author":1,"featured_media":2284,"comment_status":"open","ping_status":"closed","sticky":false,"template":"","format":"standard","meta":{"footnotes":""},"categories":[9],"tags":[],"class_list":["post-2285","post","type-post","status-publish","format-standard","has-post-thumbnail","hentry","category-shows-em-vitoria","has_thumb"],"yoast_head":"<!-- This site is optimized with the Yoast SEO plugin v28.2 - https:\/\/yoast.com\/product\/yoast-seo-wordpress\/ -->\n<title>Corrida e Caminhada Nossa Vit\u00f3ria, Nossa Hist\u00f3ria re\u00fane atletas no Centro - Encontra Vit\u00f3ria<\/title>\n<meta name=\"robots\" content=\"index, follow, max-snippet:-1, max-image-preview:large, max-video-preview:-1\" \/>\n<link rel=\"canonical\" href=\"https:\/\/www.encontravitoria.com.br\/sobre\/corrida-e-caminhada-nossa-vitoria-nossa-historia-reune-atletas-no-centro\/\" \/>\n<meta property=\"og:locale\" content=\"pt_BR\" \/>\n<meta property=\"og:type\" content=\"article\" \/>\n<meta property=\"og:title\" content=\"Corrida e Caminhada Nossa Vit\u00f3ria, Nossa Hist\u00f3ria re\u00fane atletas no Centro - Encontra Vit\u00f3ria\" \/>\n<meta property=\"og:description\" content=\"Descubra a Corrida e Caminhada &#039;Nossa Vit\u00f3ria, Nossa Hist\u00f3ria&#039; e sua import\u00e2ncia para a comunidade.\" \/>\n<meta property=\"og:url\" content=\"https:\/\/www.encontravitoria.com.br\/sobre\/corrida-e-caminhada-nossa-vitoria-nossa-historia-reune-atletas-no-centro\/\" \/>\n<meta property=\"og:site_name\" content=\"Encontra Vit\u00f3ria\" \/>\n<meta property=\"article:published_time\" content=\"2026-08-31T11:04:24+00:00\" \/>\n<meta property=\"og:image\" content=\"https:\/\/www.encontravitoria.com.br\/sobre\/wp-content\/uploads\/2026\/08\/corrida-e-caminhada-nossa-vitoria-nossa-historia-reune-atletas-no-centro.webp\" \/>\n<meta name=\"author\" content=\"Encontra Vit\u00f3ria\" \/>\n<meta name=\"twitter:card\" content=\"summary_large_image\" \/>\n<meta name=\"twitter:label1\" content=\"Escrito por\" \/>\n\t<meta name=\"twitter:data1\" content=\"Encontra Vit\u00f3ria\" \/>\n\t<meta name=\"twitter:label2\" content=\"Est. tempo de leitura\" \/>\n\t<meta name=\"twitter:data2\" content=\"7 minutos\" \/>\n<script type=\"application\/ld+json\" class=\"yoast-schema-graph\">{\"@context\":\"https:\\\/\\\/schema.org\",\"@graph\":[{\"@type\":\"Article\",\"@id\":\"https:\\\/\\\/www.encontravitoria.com.br\\\/sobre\\\/corrida-e-caminhada-nossa-vitoria-nossa-historia-reune-atletas-no-centro\\\/#article\",\"isPartOf\":{\"@id\":\"https:\\\/\\\/www.encontravitoria.com.br\\\/sobre\\\/corrida-e-caminhada-nossa-vitoria-nossa-historia-reune-atletas-no-centro\\\/\"},\"author\":{\"name\":\"Encontra Vit\u00f3ria\",\"@id\":\"https:\\\/\\\/www.encontravitoria.com.br\\\/sobre\\\/#\\\/schema\\\/person\\\/0f8e5bcc88fbadf1bad57afd504f48a2\"},\"headline\":\"Corrida e Caminhada Nossa Vit\u00f3ria, Nossa Hist\u00f3ria re\u00fane atletas no Centro\",\"datePublished\":\"2026-08-31T11:04:24+00:00\",\"mainEntityOfPage\":{\"@id\":\"https:\\\/\\\/www.encontravitoria.com.br\\\/sobre\\\/corrida-e-caminhada-nossa-vitoria-nossa-historia-reune-atletas-no-centro\\\/\"},\"wordCount\":1414,\"commentCount\":0,\"image\":{\"@id\":\"https:\\\/\\\/www.encontravitoria.com.br\\\/sobre\\\/corrida-e-caminhada-nossa-vitoria-nossa-historia-reune-atletas-no-centro\\\/#primaryimage\"},\"thumbnailUrl\":\"https:\\\/\\\/www.encontravitoria.com.br\\\/sobre\\\/wp-content\\\/uploads\\\/2026\\\/08\\\/corrida-e-caminhada-nossa-vitoria-nossa-historia-reune-atletas-no-centro.webp\",\"articleSection\":[\"Shows Vit\u00f3ria\"],\"inLanguage\":\"pt-BR\",\"potentialAction\":[{\"@type\":\"CommentAction\",\"name\":\"Comment\",\"target\":[\"https:\\\/\\\/www.encontravitoria.com.br\\\/sobre\\\/corrida-e-caminhada-nossa-vitoria-nossa-historia-reune-atletas-no-centro\\\/#respond\"]}]},{\"@type\":\"WebPage\",\"@id\":\"https:\\\/\\\/www.encontravitoria.com.br\\\/sobre\\\/corrida-e-caminhada-nossa-vitoria-nossa-historia-reune-atletas-no-centro\\\/\",\"url\":\"https:\\\/\\\/www.encontravitoria.com.br\\\/sobre\\\/corrida-e-caminhada-nossa-vitoria-nossa-historia-reune-atletas-no-centro\\\/\",\"name\":\"Corrida e Caminhada Nossa Vit\u00f3ria, Nossa Hist\u00f3ria re\u00fane atletas no Centro - Encontra Vit\u00f3ria\",\"isPartOf\":{\"@id\":\"https:\\\/\\\/www.encontravitoria.com.br\\\/sobre\\\/#website\"},\"primaryImageOfPage\":{\"@id\":\"https:\\\/\\\/www.encontravitoria.com.br\\\/sobre\\\/corrida-e-caminhada-nossa-vitoria-nossa-historia-reune-atletas-no-centro\\\/#primaryimage\"},\"image\":{\"@id\":\"https:\\\/\\\/www.encontravitoria.com.br\\\/sobre\\\/corrida-e-caminhada-nossa-vitoria-nossa-historia-reune-atletas-no-centro\\\/#primaryimage\"},\"thumbnailUrl\":\"https:\\\/\\\/www.encontravitoria.com.br\\\/sobre\\\/wp-content\\\/uploads\\\/2026\\\/08\\\/corrida-e-caminhada-nossa-vitoria-nossa-historia-reune-atletas-no-centro.webp\",\"datePublished\":\"2026-08-31T11:04:24+00:00\",\"author\":{\"@id\":\"https:\\\/\\\/www.encontravitoria.com.br\\\/sobre\\\/#\\\/schema\\\/person\\\/0f8e5bcc88fbadf1bad57afd504f48a2\"},\"breadcrumb\":{\"@id\":\"https:\\\/\\\/www.encontravitoria.com.br\\\/sobre\\\/corrida-e-caminhada-nossa-vitoria-nossa-historia-reune-atletas-no-centro\\\/#breadcrumb\"},\"inLanguage\":\"pt-BR\",\"potentialAction\":[{\"@type\":\"ReadAction\",\"target\":[\"https:\\\/\\\/www.encontravitoria.com.br\\\/sobre\\\/corrida-e-caminhada-nossa-vitoria-nossa-historia-reune-atletas-no-centro\\\/\"]}]},{\"@type\":\"ImageObject\",\"inLanguage\":\"pt-BR\",\"@id\":\"https:\\\/\\\/www.encontravitoria.com.br\\\/sobre\\\/corrida-e-caminhada-nossa-vitoria-nossa-historia-reune-atletas-no-centro\\\/#primaryimage\",\"url\":\"https:\\\/\\\/www.encontravitoria.com.br\\\/sobre\\\/wp-content\\\/uploads\\\/2026\\\/08\\\/corrida-e-caminhada-nossa-vitoria-nossa-historia-reune-atletas-no-centro.webp\",\"contentUrl\":\"https:\\\/\\\/www.encontravitoria.com.br\\\/sobre\\\/wp-content\\\/uploads\\\/2026\\\/08\\\/corrida-e-caminhada-nossa-vitoria-nossa-historia-reune-atletas-no-centro.webp\",\"width\":280,\"height\":280,\"caption\":\"Corrida e Caminhada Nossa Vit\u00f3ria, Nossa Hist\u00f3ria\"},{\"@type\":\"BreadcrumbList\",\"@id\":\"https:\\\/\\\/www.encontravitoria.com.br\\\/sobre\\\/corrida-e-caminhada-nossa-vitoria-nossa-historia-reune-atletas-no-centro\\\/#breadcrumb\",\"itemListElement\":[{\"@type\":\"ListItem\",\"position\":1,\"name\":\"In\u00edcio\",\"item\":\"https:\\\/\\\/www.encontravitoria.com.br\\\/sobre\\\/\"},{\"@type\":\"ListItem\",\"position\":2,\"name\":\"Corrida e Caminhada Nossa Vit\u00f3ria, Nossa Hist\u00f3ria re\u00fane atletas no Centro\"}]},{\"@type\":\"WebSite\",\"@id\":\"https:\\\/\\\/www.encontravitoria.com.br\\\/sobre\\\/#website\",\"url\":\"https:\\\/\\\/www.encontravitoria.com.br\\\/sobre\\\/\",\"name\":\"Encontra Vit\u00f3ria\",\"description\":\"Not\u00edcias, eventos, informa\u00e7\u00f5es e dicas na cidade Vit\u00f3ria e regi\u00e3o.\",\"potentialAction\":[{\"@type\":\"SearchAction\",\"target\":{\"@type\":\"EntryPoint\",\"urlTemplate\":\"https:\\\/\\\/www.encontravitoria.com.br\\\/sobre\\\/?s={search_term_string}\"},\"query-input\":{\"@type\":\"PropertyValueSpecification\",\"valueRequired\":true,\"valueName\":\"search_term_string\"}}],\"inLanguage\":\"pt-BR\"},{\"@type\":\"Person\",\"@id\":\"https:\\\/\\\/www.encontravitoria.com.br\\\/sobre\\\/#\\\/schema\\\/person\\\/0f8e5bcc88fbadf1bad57afd504f48a2\",\"name\":\"Encontra Vit\u00f3ria\",\"image\":{\"@type\":\"ImageObject\",\"inLanguage\":\"pt-BR\",\"@id\":\"https:\\\/\\\/secure.gravatar.com\\\/avatar\\\/507340682b8270222e1f208e23198b6ae7e2c6a1033ae84e99bc6bce4f82a387?s=96&d=mm&r=g\",\"url\":\"https:\\\/\\\/secure.gravatar.com\\\/avatar\\\/507340682b8270222e1f208e23198b6ae7e2c6a1033ae84e99bc6bce4f82a387?s=96&d=mm&r=g\",\"contentUrl\":\"https:\\\/\\\/secure.gravatar.com\\\/avatar\\\/507340682b8270222e1f208e23198b6ae7e2c6a1033ae84e99bc6bce4f82a387?s=96&d=mm&r=g\",\"caption\":\"Encontra Vit\u00f3ria\"},\"sameAs\":[\"http:\\\/\\\/www.encontravitoria.com.br\"],\"url\":\"https:\\\/\\\/www.encontravitoria.com.br\\\/sobre\\\/author\\\/evitoria\\\/\"}]}<\/script>\n<!-- \/ Yoast SEO plugin. -->","yoast_head_json":{"title":"Corrida e Caminhada Nossa Vit\u00f3ria, Nossa Hist\u00f3ria re\u00fane atletas no Centro - Encontra Vit\u00f3ria","robots":{"index":"index","follow":"follow","max-snippet":"max-snippet:-1","max-image-preview":"max-image-preview:large","max-video-preview":"max-video-preview:-1"},"canonical":"https:\/\/www.encontravitoria.com.br\/sobre\/corrida-e-caminhada-nossa-vitoria-nossa-historia-reune-atletas-no-centro\/","og_locale":"pt_BR","og_type":"article","og_title":"Corrida e Caminhada Nossa Vit\u00f3ria, Nossa Hist\u00f3ria re\u00fane atletas no Centro - Encontra Vit\u00f3ria","og_description":"Descubra a Corrida e Caminhada 'Nossa Vit\u00f3ria, Nossa Hist\u00f3ria' e sua import\u00e2ncia para a comunidade.","og_url":"https:\/\/www.encontravitoria.com.br\/sobre\/corrida-e-caminhada-nossa-vitoria-nossa-historia-reune-atletas-no-centro\/","og_site_name":"Encontra Vit\u00f3ria","article_published_time":"2026-08-31T11:04:24+00:00","og_image":[{"url":"https:\/\/www.encontravitoria.com.br\/sobre\/wp-content\/uploads\/2026\/08\/corrida-e-caminhada-nossa-vitoria-nossa-historia-reune-atletas-no-centro.webp","type":"","width":"","height":""}],"author":"Encontra Vit\u00f3ria","twitter_card":"summary_large_image","twitter_misc":{"Escrito por":"Encontra Vit\u00f3ria","Est. tempo de leitura":"7 minutos"},"schema":{"@context":"https:\/\/schema.org","@graph":[{"@type":"Article","@id":"https:\/\/www.encontravitoria.com.br\/sobre\/corrida-e-caminhada-nossa-vitoria-nossa-historia-reune-atletas-no-centro\/#article","isPartOf":{"@id":"https:\/\/www.encontravitoria.com.br\/sobre\/corrida-e-caminhada-nossa-vitoria-nossa-historia-reune-atletas-no-centro\/"},"author":{"name":"Encontra Vit\u00f3ria","@id":"https:\/\/www.encontravitoria.com.br\/sobre\/#\/schema\/person\/0f8e5bcc88fbadf1bad57afd504f48a2"},"headline":"Corrida e Caminhada Nossa Vit\u00f3ria, Nossa Hist\u00f3ria re\u00fane atletas no Centro","datePublished":"2026-08-31T11:04:24+00:00","mainEntityOfPage":{"@id":"https:\/\/www.encontravitoria.com.br\/sobre\/corrida-e-caminhada-nossa-vitoria-nossa-historia-reune-atletas-no-centro\/"},"wordCount":1414,"commentCount":0,"image":{"@id":"https:\/\/www.encontravitoria.com.br\/sobre\/corrida-e-caminhada-nossa-vitoria-nossa-historia-reune-atletas-no-centro\/#primaryimage"},"thumbnailUrl":"https:\/\/www.encontravitoria.com.br\/sobre\/wp-content\/uploads\/2026\/08\/corrida-e-caminhada-nossa-vitoria-nossa-historia-reune-atletas-no-centro.webp","articleSection":["Shows Vit\u00f3ria"],"inLanguage":"pt-BR","potentialAction":[{"@type":"CommentAction","name":"Comment","target":["https:\/\/www.encontravitoria.com.br\/sobre\/corrida-e-caminhada-nossa-vitoria-nossa-historia-reune-atletas-no-centro\/#respond"]}]},{"@type":"WebPage","@id":"https:\/\/www.encontravitoria.com.br\/sobre\/corrida-e-caminhada-nossa-vitoria-nossa-historia-reune-atletas-no-centro\/","url":"https:\/\/www.encontravitoria.com.br\/sobre\/corrida-e-caminhada-nossa-vitoria-nossa-historia-reune-atletas-no-centro\/","name":"Corrida e Caminhada Nossa Vit\u00f3ria, Nossa Hist\u00f3ria re\u00fane atletas no Centro - Encontra Vit\u00f3ria","isPartOf":{"@id":"https:\/\/www.encontravitoria.com.br\/sobre\/#website"},"primaryImageOfPage":{"@id":"https:\/\/www.encontravitoria.com.br\/sobre\/corrida-e-caminhada-nossa-vitoria-nossa-historia-reune-atletas-no-centro\/#primaryimage"},"image":{"@id":"https:\/\/www.encontravitoria.com.br\/sobre\/corrida-e-caminhada-nossa-vitoria-nossa-historia-reune-atletas-no-centro\/#primaryimage"},"thumbnailUrl":"https:\/\/www.encontravitoria.com.br\/sobre\/wp-content\/uploads\/2026\/08\/corrida-e-caminhada-nossa-vitoria-nossa-historia-reune-atletas-no-centro.webp","datePublished":"2026-08-31T11:04:24+00:00","author":{"@id":"https:\/\/www.encontravitoria.com.br\/sobre\/#\/schema\/person\/0f8e5bcc88fbadf1bad57afd504f48a2"},"breadcrumb":{"@id":"https:\/\/www.encontravitoria.com.br\/sobre\/corrida-e-caminhada-nossa-vitoria-nossa-historia-reune-atletas-no-centro\/#breadcrumb"},"inLanguage":"pt-BR","potentialAction":[{"@type":"ReadAction","target":["https:\/\/www.encontravitoria.com.br\/sobre\/corrida-e-caminhada-nossa-vitoria-nossa-historia-reune-atletas-no-centro\/"]}]},{"@type":"ImageObject","inLanguage":"pt-BR","@id":"https:\/\/www.encontravitoria.com.br\/sobre\/corrida-e-caminhada-nossa-vitoria-nossa-historia-reune-atletas-no-centro\/#primaryimage","url":"https:\/\/www.encontravitoria.com.br\/sobre\/wp-content\/uploads\/2026\/08\/corrida-e-caminhada-nossa-vitoria-nossa-historia-reune-atletas-no-centro.webp","contentUrl":"https:\/\/www.encontravitoria.com.br\/sobre\/wp-content\/uploads\/2026\/08\/corrida-e-caminhada-nossa-vitoria-nossa-historia-reune-atletas-no-centro.webp","width":280,"height":280,"caption":"Corrida e Caminhada Nossa Vit\u00f3ria, Nossa Hist\u00f3ria"},{"@type":"BreadcrumbList","@id":"https:\/\/www.encontravitoria.com.br\/sobre\/corrida-e-caminhada-nossa-vitoria-nossa-historia-reune-atletas-no-centro\/#breadcrumb","itemListElement":[{"@type":"ListItem","position":1,"name":"In\u00edcio","item":"https:\/\/www.encontravitoria.com.br\/sobre\/"},{"@type":"ListItem","position":2,"name":"Corrida e Caminhada Nossa Vit\u00f3ria, Nossa Hist\u00f3ria re\u00fane atletas no Centro"}]},{"@type":"WebSite","@id":"https:\/\/www.encontravitoria.com.br\/sobre\/#website","url":"https:\/\/www.encontravitoria.com.br\/sobre\/","name":"Encontra Vit\u00f3ria","description":"Not\u00edcias, eventos, informa\u00e7\u00f5es e dicas na cidade Vit\u00f3ria e regi\u00e3o.","potentialAction":[{"@type":"SearchAction","target":{"@type":"EntryPoint","urlTemplate":"https:\/\/www.encontravitoria.com.br\/sobre\/?s={search_term_string}"},"query-input":{"@type":"PropertyValueSpecification","valueRequired":true,"valueName":"search_term_string"}}],"inLanguage":"pt-BR"},{"@type":"Person","@id":"https:\/\/www.encontravitoria.com.br\/sobre\/#\/schema\/person\/0f8e5bcc88fbadf1bad57afd504f48a2","name":"Encontra Vit\u00f3ria","image":{"@type":"ImageObject","inLanguage":"pt-BR","@id":"https:\/\/secure.gravatar.com\/avatar\/507340682b8270222e1f208e23198b6ae7e2c6a1033ae84e99bc6bce4f82a387?s=96&d=mm&r=g","url":"https:\/\/secure.gravatar.com\/avatar\/507340682b8270222e1f208e23198b6ae7e2c6a1033ae84e99bc6bce4f82a387?s=96&d=mm&r=g","contentUrl":"https:\/\/secure.gravatar.com\/avatar\/507340682b8270222e1f208e23198b6ae7e2c6a1033ae84e99bc6bce4f82a387?s=96&d=mm&r=g","caption":"Encontra Vit\u00f3ria"},"sameAs":["http:\/\/www.encontravitoria.com.br"],"url":"https:\/\/www.encontravitoria.com.br\/sobre\/author\/evitoria\/"}]}},"_links":{"self":[{"href":"https:\/\/www.encontravitoria.com.br\/sobre\/wp-json\/wp\/v2\/posts\/2285","targetHints":{"allow":["GET"]}}],"collection":[{"href":"https:\/\/www.encontravitoria.com.br\/sobre\/wp-json\/wp\/v2\/posts"}],"about":[{"href":"https:\/\/www.encontravitoria.com.br\/sobre\/wp-json\/wp\/v2\/types\/post"}],"author":[{"embeddable":true,"href":"https:\/\/www.encontravitoria.com.br\/sobre\/wp-json\/wp\/v2\/users\/1"}],"replies":[{"embeddable":true,"href":"https:\/\/www.encontravitoria.com.br\/sobre\/wp-json\/wp\/v2\/comments?post=2285"}],"version-history":[{"count":0,"href":"https:\/\/www.encontravitoria.com.br\/sobre\/wp-json\/wp\/v2\/posts\/2285\/revisions"}],"wp:featuredmedia":[{"embeddable":true,"href":"https:\/\/www.encontravitoria.com.br\/sobre\/wp-json\/wp\/v2\/media\/2284"}],"wp:attachment":[{"href":"https:\/\/www.encontravitoria.com.br\/sobre\/wp-json\/wp\/v2\/media?parent=2285"}],"wp:term":[{"taxonomy":"category","embeddable":true,"href":"https:\/\/www.encontravitoria.com.br\/sobre\/wp-json\/wp\/v2\/categories?post=2285"},{"taxonomy":"post_tag","embeddable":true,"href":"https:\/\/www.encontravitoria.com.br\/sobre\/wp-json\/wp\/v2\/tags?post=2285"}],"curies":[{"name":"wp","href":"https:\/\/api.w.org\/{rel}","templated":true}]}}