{"id":2289,"date":"2026-09-01T11:02:30","date_gmt":"2026-09-01T11:02:30","guid":{"rendered":"https:\/\/www.encontravitoria.com.br\/sobre\/vitoria-quer-criar-ate-11-mil-moradias-e-atrair-r-6-bi-em-investimentos-para-o-centro\/"},"modified":"2026-09-01T11:02:30","modified_gmt":"2026-09-01T11:02:30","slug":"vitoria-quer-criar-ate-11-mil-moradias-e-atrair-r-6-bi-em-investimentos-para-o-centro","status":"publish","type":"post","link":"https:\/\/www.encontravitoria.com.br\/sobre\/vitoria-quer-criar-ate-11-mil-moradias-e-atrair-r-6-bi-em-investimentos-para-o-centro\/","title":{"rendered":"Vit\u00f3ria quer criar at\u00e9 11 mil moradias e atrair R$ 6 bi em investimentos para o Centro"},"content":{"rendered":"<div class=\"23ed37709e053b55400ee1990aeffe41\" data-index=\"1\" style=\"float: none; margin:0px;\">\n<!-- Anuncio display - global -->\r\n<ins class=\"adsbygoogle\"\r\n     style=\"display:block\"\r\n     data-ad-client=\"ca-pub-8585364105181520\"\r\n     data-ad-slot=\"8789329856\"\r\n     data-ad-format=\"auto\"\r\n     data-full-width-responsive=\"true\"><\/ins>\r\n<script>\r\n     (adsbygoogle = window.adsbygoogle || []).push({});\r\n<\/script>\n<\/div>\n<h2>A Vis\u00e3o da Prefeitura para o Centro de Vit\u00f3ria<\/h2>\n<p>A Prefeitura de Vit\u00f3ria est\u00e1 adotando uma abordagem inovadora visando a revitaliza\u00e7\u00e3o do Centro da cidade. O plano inclui a cria\u00e7\u00e3o de novas moradias, abrangendo um total que varia entre 8 mil e 11 mil unidades habitacionais. A iniciativa tem como objetivo atrair aproximadamente 27,5 mil novos residentes para a \u00e1rea central e seus arredores. Este crescimento demogr\u00e1fico potencial poder\u00e1 representar um movimenta\u00e7\u00e3o significativa na economia local, com estimativas de que os novos empreendimentos imobili\u00e1rios poder\u00e3o gerar at\u00e9 R$ 6 bilh\u00f5es em investimentos.<\/p>\n<h2>Quantidade de Moradias Planejadas e Seus Impactos<\/h2>\n<p>De acordo com as informa\u00e7\u00f5es fornecidas pelo secret\u00e1rio de Desenvolvimento da Cidade e Habita\u00e7\u00e3o, T\u00fallio Ponzi Netto, o potencial construtivo identificado para a \u00e1rea do Centro \u00e9 de pelo menos 500 mil metros quadrados. Isso permite uma proje\u00e7\u00e3o clara das novas moradias que poder\u00e3o ser constru\u00eddas, o que n\u00e3o s\u00f3 atender\u00e1 \u00e0 demanda habitacional como tamb\u00e9m revitalizar\u00e1 a economia local.<\/p>\n<h2>Entendendo o Programa de Reabilita\u00e7\u00e3o da \u00c1rea Central (ReAC)<\/h2>\n<p>O Programa de Reabilita\u00e7\u00e3o da \u00c1rea Central (ReAC) surgiu como uma medida estrat\u00e9gica para recuperar e revitalizar a zona urbana mais densa da cidade, que, ao longo das d\u00e9cadas, perdeu gradativamente sua fun\u00e7\u00e3o habitacional. A proposta do ReAC \u00e9 adensar a Zona Especial de Interesse Urban\u00edstico 1 (ZEIU 1), estimando uma revitaliza\u00e7\u00e3o que promovam o retorno de fam\u00edlias e novos moradores ao Centro, que anteriormente abrigava 30% da popula\u00e7\u00e3o de Vit\u00f3ria, enquanto hoje ocupa apenas cerca de 10%.<\/p>\n<p><img decoding=\"async\" src=\"https:\/\/www.encontravitoria.com.br\/sobre\/wp-content\/uploads\/2026\/09\/vitoria-quer-criar-ate-11-mil-moradias-e-atrair-r-6-bi-em-investimentos-para-o-centro.webp\" alt=\"moradias em Vit\u00f3ria\" loading=\"lazy\" \/><\/p>\n<h2>A Estrat\u00e9gia do Minha Casa, Minha Vida em Vit\u00f3ria<\/h2>\n<p>O programa Minha Casa, Minha Vida \u00e9 uma pe\u00e7a central na estrat\u00e9gia habitacional da prefeitura. As novas habita\u00e7\u00f5es planejadas no Centro visam atender a diversos segmentos de renda, abrangendo todas as faixas do projeto. Por exemplo, o Edif\u00edcio Jer\u00f4nimo Monteiro ter\u00e1 autoriza\u00e7\u00e3o para iniciar suas obras em breve, oferecendo op\u00e7\u00f5es habitacionais \u00e0 faixa 1 do programa. Existem tamb\u00e9m pretens\u00f5es para transformar o antigo IAPI em habita\u00e7\u00e3o social, um passo significativo para ampliar a oferta de moradias populares na \u00e1rea.<\/p>\n<h2>Como o Potencial Construtivo Est\u00e1 Sendo Utilizado<\/h2>\n<p>Uma das inova\u00e7\u00f5es introduzidas no ReAC \u00e9 a Transfer\u00eancia do Potencial Construtivo (TPC), que permitir\u00e1 que propriet\u00e1rios de im\u00f3veis com um potencial construtivo maior do que a \u00e1rea constru\u00edda atual possam negociar seus metros quadrados excedentes. Isso significa que um propriet\u00e1rio que possui uma casa com 200 m\u00b2, mas que pode construir at\u00e9 900 m\u00b2 pode transferir os 700 m\u00b2 excedentes para outro projeto na cidade, ajudando assim a maximizar o uso do espa\u00e7o urbano.<\/p>\n<h2>Import\u00e2ncia dos Investimentos para a Economia Local<\/h2>\n<p>A inje\u00e7\u00e3o de at\u00e9 R$ 6 bilh\u00f5es em investimentos imobili\u00e1rios n\u00e3o s\u00f3 ir\u00e1 revitalizar o espa\u00e7o urbano de Vit\u00f3ria, mas tamb\u00e9m promover\u00e1 o crescimento econ\u00f4mico na regi\u00e3o, gerando empregos e aumentando a arrecada\u00e7\u00e3o de impostos. Os novos empreendimentos poder\u00e3o fomentar a cria\u00e7\u00e3o de neg\u00f3cios locais, como servi\u00e7os e com\u00e9rcio, indispens\u00e1veis para atender a nova demanda populacional.<\/p>\n<h2>O Papel dos Propriet\u00e1rios na Recupera\u00e7\u00e3o de Im\u00f3veis<\/h2>\n<p>A participa\u00e7\u00e3o dos propriet\u00e1rios de im\u00f3veis \u00e9 crucial para que a proposta do ReAC atinja seus objetivos. Os propriet\u00e1rios ser\u00e3o incentivados a investir na restaura\u00e7\u00e3o e moderniza\u00e7\u00e3o de edif\u00edcios hist\u00f3ricos, que n\u00e3o s\u00f3 revitalizar\u00e3o o Centro, mas tamb\u00e9m contribuir\u00e3o para a preserva\u00e7\u00e3o do patrim\u00f4nio cultural. Al\u00e9m disso, o mercado imobili\u00e1rio ser\u00e1 mobilizado para fomentar um espa\u00e7o mais habit\u00e1vel e diversificado.<\/p>\n<h2>Os Benef\u00edcios da Transi\u00e7\u00e3o para Habita\u00e7\u00e3o Social<\/h2>\n<p>A transi\u00e7\u00e3o para habita\u00e7\u00e3o social traz uma s\u00e9rie de benef\u00edcios para a comunidade local. O aumento no n\u00famero de moradias acess\u00edveis pode resultar em um fortalecimento da diversidade demogr\u00e1fica, al\u00e9m de incentivar a inclus\u00e3o social. Essa mudan\u00e7a tamb\u00e9m traz impulso ao com\u00e9rcio local, com novos moradores gerando maior demanda por produtos, servi\u00e7os e entretenimento na regi\u00e3o.<\/p>\n<h2>Diferen\u00e7as entre as Faixas do Minha Casa, Minha Vida<\/h2>\n<p>\u00c9 importante compreender que o programa Minha Casa Minha Vida possui diferentes faixas destinadas a atender \u00e0s diversas necessidades da popula\u00e7\u00e3o. Os im\u00f3veis na faixa 1 s\u00e3o destinados a fam\u00edlias com renda mais baixa, enquanto outras faixas atendem a rendas intermedi\u00e1rias e mais altas. Essa estrutura garante que a cidade possa oferecer moradias para uma ampla gama de moradores, cada um com suas particularidades e necessidades.<\/p>\n<h2>O Futuro da Ocupa\u00e7\u00e3o Urbana em Vit\u00f3ria<\/h2>\n<p>Os planos da Prefeitura de Vit\u00f3ria visam n\u00e3o apenas a constru\u00e7\u00e3o de novos im\u00f3veis, mas a transforma\u00e7\u00e3o da cultura residencial da cidade. O aumento da densidade populacional no Centro dever\u00e1 recomp\u00f4r o tecido social e revitalizar a vida urbana. Com a Implementa\u00e7\u00e3o do ReAC, a expectativa \u00e9 que a cidade se torne mais vibrante e atraente, permitindo que tanto novos moradores quanto visitantes aproveitem espa\u00e7os p\u00fablicos requalificados e servi\u00e7os ampliados.<\/p>\n<p>Portanto, a integra\u00e7\u00e3o desses esfor\u00e7os de revitaliza\u00e7\u00e3o, foco na habita\u00e7\u00e3o social e aproveitamento estrat\u00e9gico do potencial construtivo marcam uma nova era no desenvolvimento urbano de Vit\u00f3ria, com uma vis\u00e3o que promove a sustentabilidade, a acessibilidade e a qualidade de vida de seus cidad\u00e3os.<\/p>\n\n<div style=\"font-size: 0px; height: 0px; line-height: 0px; margin: 0; padding: 0; clear: both;\"><\/div>","protected":false},"excerpt":{"rendered":"<p>Vit\u00f3ria planeja criar moradias e atrair investimentos significativos no Centro da cidade.<\/p>\n","protected":false},"author":1,"featured_media":2288,"comment_status":"open","ping_status":"closed","sticky":false,"template":"","format":"standard","meta":{"footnotes":""},"categories":[14],"tags":[],"class_list":["post-2289","post","type-post","status-publish","format-standard","has-post-thumbnail","hentry","category-construcao-em-vitoria","has_thumb"],"yoast_head":"<!-- This site is optimized with the Yoast SEO plugin v28.2 - https:\/\/yoast.com\/product\/yoast-seo-wordpress\/ -->\n<title>Vit\u00f3ria quer criar at\u00e9 11 mil moradias e atrair R$ 6 bi em investimentos para o Centro - Encontra Vit\u00f3ria<\/title>\n<meta name=\"robots\" content=\"index, follow, max-snippet:-1, max-image-preview:large, max-video-preview:-1\" \/>\n<link rel=\"canonical\" href=\"https:\/\/www.encontravitoria.com.br\/sobre\/vitoria-quer-criar-ate-11-mil-moradias-e-atrair-r-6-bi-em-investimentos-para-o-centro\/\" \/>\n<meta property=\"og:locale\" content=\"pt_BR\" \/>\n<meta property=\"og:type\" content=\"article\" \/>\n<meta property=\"og:title\" content=\"Vit\u00f3ria quer criar at\u00e9 11 mil moradias e atrair R$ 6 bi em investimentos para o Centro - Encontra Vit\u00f3ria\" \/>\n<meta property=\"og:description\" content=\"Vit\u00f3ria planeja criar moradias e atrair investimentos significativos no Centro da cidade.\" \/>\n<meta property=\"og:url\" content=\"https:\/\/www.encontravitoria.com.br\/sobre\/vitoria-quer-criar-ate-11-mil-moradias-e-atrair-r-6-bi-em-investimentos-para-o-centro\/\" \/>\n<meta property=\"og:site_name\" content=\"Encontra Vit\u00f3ria\" \/>\n<meta property=\"article:published_time\" content=\"2026-09-01T11:02:30+00:00\" \/>\n<meta property=\"og:image\" content=\"https:\/\/www.encontravitoria.com.br\/sobre\/wp-content\/uploads\/2026\/09\/vitoria-quer-criar-ate-11-mil-moradias-e-atrair-r-6-bi-em-investimentos-para-o-centro.webp\" \/>\n<meta name=\"author\" content=\"Encontra Vit\u00f3ria\" \/>\n<meta name=\"twitter:card\" content=\"summary_large_image\" \/>\n<meta name=\"twitter:label1\" content=\"Escrito por\" \/>\n\t<meta name=\"twitter:data1\" content=\"Encontra Vit\u00f3ria\" \/>\n\t<meta name=\"twitter:label2\" content=\"Est. tempo de leitura\" \/>\n\t<meta name=\"twitter:data2\" content=\"5 minutos\" \/>\n<script type=\"application\/ld+json\" class=\"yoast-schema-graph\">{\"@context\":\"https:\\\/\\\/schema.org\",\"@graph\":[{\"@type\":\"Article\",\"@id\":\"https:\\\/\\\/www.encontravitoria.com.br\\\/sobre\\\/vitoria-quer-criar-ate-11-mil-moradias-e-atrair-r-6-bi-em-investimentos-para-o-centro\\\/#article\",\"isPartOf\":{\"@id\":\"https:\\\/\\\/www.encontravitoria.com.br\\\/sobre\\\/vitoria-quer-criar-ate-11-mil-moradias-e-atrair-r-6-bi-em-investimentos-para-o-centro\\\/\"},\"author\":{\"name\":\"Encontra Vit\u00f3ria\",\"@id\":\"https:\\\/\\\/www.encontravitoria.com.br\\\/sobre\\\/#\\\/schema\\\/person\\\/0f8e5bcc88fbadf1bad57afd504f48a2\"},\"headline\":\"Vit\u00f3ria quer criar at\u00e9 11 mil moradias e atrair R$ 6 bi em investimentos para o Centro\",\"datePublished\":\"2026-09-01T11:02:30+00:00\",\"mainEntityOfPage\":{\"@id\":\"https:\\\/\\\/www.encontravitoria.com.br\\\/sobre\\\/vitoria-quer-criar-ate-11-mil-moradias-e-atrair-r-6-bi-em-investimentos-para-o-centro\\\/\"},\"wordCount\":927,\"commentCount\":0,\"image\":{\"@id\":\"https:\\\/\\\/www.encontravitoria.com.br\\\/sobre\\\/vitoria-quer-criar-ate-11-mil-moradias-e-atrair-r-6-bi-em-investimentos-para-o-centro\\\/#primaryimage\"},\"thumbnailUrl\":\"https:\\\/\\\/www.encontravitoria.com.br\\\/sobre\\\/wp-content\\\/uploads\\\/2026\\\/09\\\/vitoria-quer-criar-ate-11-mil-moradias-e-atrair-r-6-bi-em-investimentos-para-o-centro.webp\",\"articleSection\":[\"Constru\u00e7\u00e3o Vit\u00f3ria\"],\"inLanguage\":\"pt-BR\",\"potentialAction\":[{\"@type\":\"CommentAction\",\"name\":\"Comment\",\"target\":[\"https:\\\/\\\/www.encontravitoria.com.br\\\/sobre\\\/vitoria-quer-criar-ate-11-mil-moradias-e-atrair-r-6-bi-em-investimentos-para-o-centro\\\/#respond\"]}]},{\"@type\":\"WebPage\",\"@id\":\"https:\\\/\\\/www.encontravitoria.com.br\\\/sobre\\\/vitoria-quer-criar-ate-11-mil-moradias-e-atrair-r-6-bi-em-investimentos-para-o-centro\\\/\",\"url\":\"https:\\\/\\\/www.encontravitoria.com.br\\\/sobre\\\/vitoria-quer-criar-ate-11-mil-moradias-e-atrair-r-6-bi-em-investimentos-para-o-centro\\\/\",\"name\":\"Vit\u00f3ria quer criar at\u00e9 11 mil moradias e atrair R$ 6 bi em investimentos para o Centro - Encontra Vit\u00f3ria\",\"isPartOf\":{\"@id\":\"https:\\\/\\\/www.encontravitoria.com.br\\\/sobre\\\/#website\"},\"primaryImageOfPage\":{\"@id\":\"https:\\\/\\\/www.encontravitoria.com.br\\\/sobre\\\/vitoria-quer-criar-ate-11-mil-moradias-e-atrair-r-6-bi-em-investimentos-para-o-centro\\\/#primaryimage\"},\"image\":{\"@id\":\"https:\\\/\\\/www.encontravitoria.com.br\\\/sobre\\\/vitoria-quer-criar-ate-11-mil-moradias-e-atrair-r-6-bi-em-investimentos-para-o-centro\\\/#primaryimage\"},\"thumbnailUrl\":\"https:\\\/\\\/www.encontravitoria.com.br\\\/sobre\\\/wp-content\\\/uploads\\\/2026\\\/09\\\/vitoria-quer-criar-ate-11-mil-moradias-e-atrair-r-6-bi-em-investimentos-para-o-centro.webp\",\"datePublished\":\"2026-09-01T11:02:30+00:00\",\"author\":{\"@id\":\"https:\\\/\\\/www.encontravitoria.com.br\\\/sobre\\\/#\\\/schema\\\/person\\\/0f8e5bcc88fbadf1bad57afd504f48a2\"},\"breadcrumb\":{\"@id\":\"https:\\\/\\\/www.encontravitoria.com.br\\\/sobre\\\/vitoria-quer-criar-ate-11-mil-moradias-e-atrair-r-6-bi-em-investimentos-para-o-centro\\\/#breadcrumb\"},\"inLanguage\":\"pt-BR\",\"potentialAction\":[{\"@type\":\"ReadAction\",\"target\":[\"https:\\\/\\\/www.encontravitoria.com.br\\\/sobre\\\/vitoria-quer-criar-ate-11-mil-moradias-e-atrair-r-6-bi-em-investimentos-para-o-centro\\\/\"]}]},{\"@type\":\"ImageObject\",\"inLanguage\":\"pt-BR\",\"@id\":\"https:\\\/\\\/www.encontravitoria.com.br\\\/sobre\\\/vitoria-quer-criar-ate-11-mil-moradias-e-atrair-r-6-bi-em-investimentos-para-o-centro\\\/#primaryimage\",\"url\":\"https:\\\/\\\/www.encontravitoria.com.br\\\/sobre\\\/wp-content\\\/uploads\\\/2026\\\/09\\\/vitoria-quer-criar-ate-11-mil-moradias-e-atrair-r-6-bi-em-investimentos-para-o-centro.webp\",\"contentUrl\":\"https:\\\/\\\/www.encontravitoria.com.br\\\/sobre\\\/wp-content\\\/uploads\\\/2026\\\/09\\\/vitoria-quer-criar-ate-11-mil-moradias-e-atrair-r-6-bi-em-investimentos-para-o-centro.webp\",\"width\":280,\"height\":280,\"caption\":\"moradias em Vit\u00f3ria\"},{\"@type\":\"BreadcrumbList\",\"@id\":\"https:\\\/\\\/www.encontravitoria.com.br\\\/sobre\\\/vitoria-quer-criar-ate-11-mil-moradias-e-atrair-r-6-bi-em-investimentos-para-o-centro\\\/#breadcrumb\",\"itemListElement\":[{\"@type\":\"ListItem\",\"position\":1,\"name\":\"In\u00edcio\",\"item\":\"https:\\\/\\\/www.encontravitoria.com.br\\\/sobre\\\/\"},{\"@type\":\"ListItem\",\"position\":2,\"name\":\"Vit\u00f3ria quer criar at\u00e9 11 mil moradias e atrair R$ 6 bi em investimentos para o Centro\"}]},{\"@type\":\"WebSite\",\"@id\":\"https:\\\/\\\/www.encontravitoria.com.br\\\/sobre\\\/#website\",\"url\":\"https:\\\/\\\/www.encontravitoria.com.br\\\/sobre\\\/\",\"name\":\"Encontra Vit\u00f3ria\",\"description\":\"Not\u00edcias, eventos, informa\u00e7\u00f5es e dicas na cidade Vit\u00f3ria e regi\u00e3o.\",\"potentialAction\":[{\"@type\":\"SearchAction\",\"target\":{\"@type\":\"EntryPoint\",\"urlTemplate\":\"https:\\\/\\\/www.encontravitoria.com.br\\\/sobre\\\/?s={search_term_string}\"},\"query-input\":{\"@type\":\"PropertyValueSpecification\",\"valueRequired\":true,\"valueName\":\"search_term_string\"}}],\"inLanguage\":\"pt-BR\"},{\"@type\":\"Person\",\"@id\":\"https:\\\/\\\/www.encontravitoria.com.br\\\/sobre\\\/#\\\/schema\\\/person\\\/0f8e5bcc88fbadf1bad57afd504f48a2\",\"name\":\"Encontra Vit\u00f3ria\",\"image\":{\"@type\":\"ImageObject\",\"inLanguage\":\"pt-BR\",\"@id\":\"https:\\\/\\\/secure.gravatar.com\\\/avatar\\\/507340682b8270222e1f208e23198b6ae7e2c6a1033ae84e99bc6bce4f82a387?s=96&d=mm&r=g\",\"url\":\"https:\\\/\\\/secure.gravatar.com\\\/avatar\\\/507340682b8270222e1f208e23198b6ae7e2c6a1033ae84e99bc6bce4f82a387?s=96&d=mm&r=g\",\"contentUrl\":\"https:\\\/\\\/secure.gravatar.com\\\/avatar\\\/507340682b8270222e1f208e23198b6ae7e2c6a1033ae84e99bc6bce4f82a387?s=96&d=mm&r=g\",\"caption\":\"Encontra Vit\u00f3ria\"},\"sameAs\":[\"http:\\\/\\\/www.encontravitoria.com.br\"],\"url\":\"https:\\\/\\\/www.encontravitoria.com.br\\\/sobre\\\/author\\\/evitoria\\\/\"}]}<\/script>\n<!-- \/ Yoast SEO plugin. -->","yoast_head_json":{"title":"Vit\u00f3ria quer criar at\u00e9 11 mil moradias e atrair R$ 6 bi em investimentos para o Centro - Encontra Vit\u00f3ria","robots":{"index":"index","follow":"follow","max-snippet":"max-snippet:-1","max-image-preview":"max-image-preview:large","max-video-preview":"max-video-preview:-1"},"canonical":"https:\/\/www.encontravitoria.com.br\/sobre\/vitoria-quer-criar-ate-11-mil-moradias-e-atrair-r-6-bi-em-investimentos-para-o-centro\/","og_locale":"pt_BR","og_type":"article","og_title":"Vit\u00f3ria quer criar at\u00e9 11 mil moradias e atrair R$ 6 bi em investimentos para o Centro - Encontra Vit\u00f3ria","og_description":"Vit\u00f3ria planeja criar moradias e atrair investimentos significativos no Centro da cidade.","og_url":"https:\/\/www.encontravitoria.com.br\/sobre\/vitoria-quer-criar-ate-11-mil-moradias-e-atrair-r-6-bi-em-investimentos-para-o-centro\/","og_site_name":"Encontra Vit\u00f3ria","article_published_time":"2026-09-01T11:02:30+00:00","og_image":[{"url":"https:\/\/www.encontravitoria.com.br\/sobre\/wp-content\/uploads\/2026\/09\/vitoria-quer-criar-ate-11-mil-moradias-e-atrair-r-6-bi-em-investimentos-para-o-centro.webp","type":"","width":"","height":""}],"author":"Encontra Vit\u00f3ria","twitter_card":"summary_large_image","twitter_misc":{"Escrito por":"Encontra Vit\u00f3ria","Est. tempo de leitura":"5 minutos"},"schema":{"@context":"https:\/\/schema.org","@graph":[{"@type":"Article","@id":"https:\/\/www.encontravitoria.com.br\/sobre\/vitoria-quer-criar-ate-11-mil-moradias-e-atrair-r-6-bi-em-investimentos-para-o-centro\/#article","isPartOf":{"@id":"https:\/\/www.encontravitoria.com.br\/sobre\/vitoria-quer-criar-ate-11-mil-moradias-e-atrair-r-6-bi-em-investimentos-para-o-centro\/"},"author":{"name":"Encontra Vit\u00f3ria","@id":"https:\/\/www.encontravitoria.com.br\/sobre\/#\/schema\/person\/0f8e5bcc88fbadf1bad57afd504f48a2"},"headline":"Vit\u00f3ria quer criar at\u00e9 11 mil moradias e atrair R$ 6 bi em investimentos para o Centro","datePublished":"2026-09-01T11:02:30+00:00","mainEntityOfPage":{"@id":"https:\/\/www.encontravitoria.com.br\/sobre\/vitoria-quer-criar-ate-11-mil-moradias-e-atrair-r-6-bi-em-investimentos-para-o-centro\/"},"wordCount":927,"commentCount":0,"image":{"@id":"https:\/\/www.encontravitoria.com.br\/sobre\/vitoria-quer-criar-ate-11-mil-moradias-e-atrair-r-6-bi-em-investimentos-para-o-centro\/#primaryimage"},"thumbnailUrl":"https:\/\/www.encontravitoria.com.br\/sobre\/wp-content\/uploads\/2026\/09\/vitoria-quer-criar-ate-11-mil-moradias-e-atrair-r-6-bi-em-investimentos-para-o-centro.webp","articleSection":["Constru\u00e7\u00e3o Vit\u00f3ria"],"inLanguage":"pt-BR","potentialAction":[{"@type":"CommentAction","name":"Comment","target":["https:\/\/www.encontravitoria.com.br\/sobre\/vitoria-quer-criar-ate-11-mil-moradias-e-atrair-r-6-bi-em-investimentos-para-o-centro\/#respond"]}]},{"@type":"WebPage","@id":"https:\/\/www.encontravitoria.com.br\/sobre\/vitoria-quer-criar-ate-11-mil-moradias-e-atrair-r-6-bi-em-investimentos-para-o-centro\/","url":"https:\/\/www.encontravitoria.com.br\/sobre\/vitoria-quer-criar-ate-11-mil-moradias-e-atrair-r-6-bi-em-investimentos-para-o-centro\/","name":"Vit\u00f3ria quer criar at\u00e9 11 mil moradias e atrair R$ 6 bi em investimentos para o Centro - Encontra Vit\u00f3ria","isPartOf":{"@id":"https:\/\/www.encontravitoria.com.br\/sobre\/#website"},"primaryImageOfPage":{"@id":"https:\/\/www.encontravitoria.com.br\/sobre\/vitoria-quer-criar-ate-11-mil-moradias-e-atrair-r-6-bi-em-investimentos-para-o-centro\/#primaryimage"},"image":{"@id":"https:\/\/www.encontravitoria.com.br\/sobre\/vitoria-quer-criar-ate-11-mil-moradias-e-atrair-r-6-bi-em-investimentos-para-o-centro\/#primaryimage"},"thumbnailUrl":"https:\/\/www.encontravitoria.com.br\/sobre\/wp-content\/uploads\/2026\/09\/vitoria-quer-criar-ate-11-mil-moradias-e-atrair-r-6-bi-em-investimentos-para-o-centro.webp","datePublished":"2026-09-01T11:02:30+00:00","author":{"@id":"https:\/\/www.encontravitoria.com.br\/sobre\/#\/schema\/person\/0f8e5bcc88fbadf1bad57afd504f48a2"},"breadcrumb":{"@id":"https:\/\/www.encontravitoria.com.br\/sobre\/vitoria-quer-criar-ate-11-mil-moradias-e-atrair-r-6-bi-em-investimentos-para-o-centro\/#breadcrumb"},"inLanguage":"pt-BR","potentialAction":[{"@type":"ReadAction","target":["https:\/\/www.encontravitoria.com.br\/sobre\/vitoria-quer-criar-ate-11-mil-moradias-e-atrair-r-6-bi-em-investimentos-para-o-centro\/"]}]},{"@type":"ImageObject","inLanguage":"pt-BR","@id":"https:\/\/www.encontravitoria.com.br\/sobre\/vitoria-quer-criar-ate-11-mil-moradias-e-atrair-r-6-bi-em-investimentos-para-o-centro\/#primaryimage","url":"https:\/\/www.encontravitoria.com.br\/sobre\/wp-content\/uploads\/2026\/09\/vitoria-quer-criar-ate-11-mil-moradias-e-atrair-r-6-bi-em-investimentos-para-o-centro.webp","contentUrl":"https:\/\/www.encontravitoria.com.br\/sobre\/wp-content\/uploads\/2026\/09\/vitoria-quer-criar-ate-11-mil-moradias-e-atrair-r-6-bi-em-investimentos-para-o-centro.webp","width":280,"height":280,"caption":"moradias em Vit\u00f3ria"},{"@type":"BreadcrumbList","@id":"https:\/\/www.encontravitoria.com.br\/sobre\/vitoria-quer-criar-ate-11-mil-moradias-e-atrair-r-6-bi-em-investimentos-para-o-centro\/#breadcrumb","itemListElement":[{"@type":"ListItem","position":1,"name":"In\u00edcio","item":"https:\/\/www.encontravitoria.com.br\/sobre\/"},{"@type":"ListItem","position":2,"name":"Vit\u00f3ria quer criar at\u00e9 11 mil moradias e atrair R$ 6 bi em investimentos para o Centro"}]},{"@type":"WebSite","@id":"https:\/\/www.encontravitoria.com.br\/sobre\/#website","url":"https:\/\/www.encontravitoria.com.br\/sobre\/","name":"Encontra Vit\u00f3ria","description":"Not\u00edcias, eventos, informa\u00e7\u00f5es e dicas na cidade Vit\u00f3ria e regi\u00e3o.","potentialAction":[{"@type":"SearchAction","target":{"@type":"EntryPoint","urlTemplate":"https:\/\/www.encontravitoria.com.br\/sobre\/?s={search_term_string}"},"query-input":{"@type":"PropertyValueSpecification","valueRequired":true,"valueName":"search_term_string"}}],"inLanguage":"pt-BR"},{"@type":"Person","@id":"https:\/\/www.encontravitoria.com.br\/sobre\/#\/schema\/person\/0f8e5bcc88fbadf1bad57afd504f48a2","name":"Encontra Vit\u00f3ria","image":{"@type":"ImageObject","inLanguage":"pt-BR","@id":"https:\/\/secure.gravatar.com\/avatar\/507340682b8270222e1f208e23198b6ae7e2c6a1033ae84e99bc6bce4f82a387?s=96&d=mm&r=g","url":"https:\/\/secure.gravatar.com\/avatar\/507340682b8270222e1f208e23198b6ae7e2c6a1033ae84e99bc6bce4f82a387?s=96&d=mm&r=g","contentUrl":"https:\/\/secure.gravatar.com\/avatar\/507340682b8270222e1f208e23198b6ae7e2c6a1033ae84e99bc6bce4f82a387?s=96&d=mm&r=g","caption":"Encontra Vit\u00f3ria"},"sameAs":["http:\/\/www.encontravitoria.com.br"],"url":"https:\/\/www.encontravitoria.com.br\/sobre\/author\/evitoria\/"}]}},"_links":{"self":[{"href":"https:\/\/www.encontravitoria.com.br\/sobre\/wp-json\/wp\/v2\/posts\/2289","targetHints":{"allow":["GET"]}}],"collection":[{"href":"https:\/\/www.encontravitoria.com.br\/sobre\/wp-json\/wp\/v2\/posts"}],"about":[{"href":"https:\/\/www.encontravitoria.com.br\/sobre\/wp-json\/wp\/v2\/types\/post"}],"author":[{"embeddable":true,"href":"https:\/\/www.encontravitoria.com.br\/sobre\/wp-json\/wp\/v2\/users\/1"}],"replies":[{"embeddable":true,"href":"https:\/\/www.encontravitoria.com.br\/sobre\/wp-json\/wp\/v2\/comments?post=2289"}],"version-history":[{"count":0,"href":"https:\/\/www.encontravitoria.com.br\/sobre\/wp-json\/wp\/v2\/posts\/2289\/revisions"}],"wp:featuredmedia":[{"embeddable":true,"href":"https:\/\/www.encontravitoria.com.br\/sobre\/wp-json\/wp\/v2\/media\/2288"}],"wp:attachment":[{"href":"https:\/\/www.encontravitoria.com.br\/sobre\/wp-json\/wp\/v2\/media?parent=2289"}],"wp:term":[{"taxonomy":"category","embeddable":true,"href":"https:\/\/www.encontravitoria.com.br\/sobre\/wp-json\/wp\/v2\/categories?post=2289"},{"taxonomy":"post_tag","embeddable":true,"href":"https:\/\/www.encontravitoria.com.br\/sobre\/wp-json\/wp\/v2\/tags?post=2289"}],"curies":[{"name":"wp","href":"https:\/\/api.w.org\/{rel}","templated":true}]}}