{"id":2291,"date":"2026-09-01T11:03:30","date_gmt":"2026-09-01T11:03:30","guid":{"rendered":"https:\/\/www.encontravitoria.com.br\/sobre\/quem-sao-os-candidatos-ao-senado-pelo-espirito-santo-es-nas-eleicoes-2026\/"},"modified":"2026-09-01T11:03:30","modified_gmt":"2026-09-01T11:03:30","slug":"quem-sao-os-candidatos-ao-senado-pelo-espirito-santo-es-nas-eleicoes-2026","status":"publish","type":"post","link":"https:\/\/www.encontravitoria.com.br\/sobre\/quem-sao-os-candidatos-ao-senado-pelo-espirito-santo-es-nas-eleicoes-2026\/","title":{"rendered":"Quem s\u00e3o os candidatos ao Senado pelo Esp\u00edrito Santo (ES) nas elei\u00e7\u00f5es 2026"},"content":{"rendered":"<div class=\"23ed37709e053b55400ee1990aeffe41\" data-index=\"1\" style=\"float: none; margin:0px;\">\n<!-- Anuncio display - global -->\r\n<ins class=\"adsbygoogle\"\r\n     style=\"display:block\"\r\n     data-ad-client=\"ca-pub-8585364105181520\"\r\n     data-ad-slot=\"8789329856\"\r\n     data-ad-format=\"auto\"\r\n     data-full-width-responsive=\"true\"><\/ins>\r\n<script>\r\n     (adsbygoogle = window.adsbygoogle || []).push({});\r\n<\/script>\n<\/div>\n<h2>A Corrida pelo Senado: Contexto Atual<\/h2>\n<p>As elei\u00e7\u00f5es de 2026 est\u00e3o se aproximando e, com elas, um cen\u00e1rio pol\u00edtico din\u00e2mico no Esp\u00edrito Santo. No Brasil, as disputas para o Senado t\u00eam ganhado cada vez mais relev\u00e2ncia, refletindo a luta por influencia pol\u00edtica nas esferas federal e estadual. No Esp\u00edrito Santo, o futuro senador n\u00e3o ser\u00e1 apenas um representante do estado, mas tamb\u00e9m dever\u00e1 agir em conson\u00e2ncia com os interesses da popula\u00e7\u00e3o diante de um contexto nacional complexo.<\/p>\n<h2>Os Candidatos em Destaque<\/h2>\n<p>Neste pr\u00f3ximo pleito, um total de onze candidatos se posiciona para conquistar uma das duas vagas dispon\u00edveis no Senado pelo Esp\u00edrito Santo. Cada um dos nomes traz consigo uma bagagem \u00fanica de experi\u00eancias pol\u00edticas e propostas que visam atender as demandas da popula\u00e7\u00e3o capixaba.<\/p>\n<ul>\n<li><strong>Candidato 1:<\/strong> Descri\u00e7\u00e3o breve sobre a trajet\u00f3ria e principais propostas.<\/li>\n<li><strong>Candidato 2:<\/strong> Breve men\u00e7\u00e3o ao hist\u00f3rico e ideias em foco.<\/li>\n<li><strong>Candidato 3:<\/strong> Informa\u00e7\u00f5es sobre as experi\u00eancias e enfoques que prop\u00f5e.<\/li>\n<li><strong>Candidato 4:<\/strong> Trajet\u00f3ria e propostas que prometem impacto significativo.<\/li>\n<\/ul>\n<h2>Perfil dos Candidatos: Trajet\u00f3rias e Contribui\u00e7\u00f5es<\/h2>\n<p>Estudar o perfil de cada candidato \u00e9 essencial para entender as estrat\u00e9gias que podem impactar os pleitos. As trajet\u00f3rias variam desde pol\u00edticos com longa hist\u00f3ria na gest\u00e3o p\u00fablica at\u00e9 novos nomes que representam uma mudan\u00e7a na pol\u00edtica tradicional.<\/p>\n<p><img decoding=\"async\" src=\"https:\/\/www.encontravitoria.com.br\/sobre\/wp-content\/uploads\/2026\/09\/quem-sao-os-candidatos-ao-senado-pelo-espirito-santo-es-nas-eleicoes-2026.webp\" alt=\"candidatos ao Senado pelo Esp\u00edrito Santo 2026\" loading=\"lazy\" \/><\/p>\n<p>Candidatos com experi\u00eancia tendem a ter maior reconhecimento, al\u00e9m de contatos estabelecidos nas esferas de poder que podem facilitar a execu\u00e7\u00e3o de projetos relevantes. Por outro lado, os candidatos emergentes podem apresentar propostas inovadoras, buscando renova\u00e7\u00e3o a partir do desejo da popula\u00e7\u00e3o por mudan\u00e7as.<\/p>\n<h2>Propostas dos Candidatos: O Que Esperar?<\/h2>\n<p>As propostas apresentadas s\u00e3o cruciais para discernir qual candidato atende de maneira mais efetiva \u00e0s necessidades da sociedade. Entre os temas abordados, destacam-se:<\/p>\n<ul>\n<li><strong>Sa\u00fade:<\/strong> Planos para melhoria na infraestrutura hospitalar e acesso a servi\u00e7os m\u00e9dicos.<\/li>\n<li><strong>Educa\u00e7\u00e3o:<\/strong> Iniciativas para fortalecer escolas e universidades no estado.<\/li>\n<li><strong>Infraestrutura:<\/strong> Projetos voltados para transporte e mobilidade urbana.<\/li>\n<li><strong>Seguran\u00e7a P\u00fablica:<\/strong> Medidas para aumentar a seguran\u00e7a nas comunidades.<\/li>\n<\/ul>\n<h2>Impacto das Elei\u00e7\u00f5es no Esp\u00edrito Santo<\/h2>\n<p>A escolha dos senadores pode alterar significativamente as din\u00e2micas pol\u00edticas do Esp\u00edrito Santo. A representa\u00e7\u00e3o no Senado \u00e9 vital para assegurar que as demandas do estado sejam levadas em considera\u00e7\u00e3o nas decis\u00f5es federais. Portanto, uma representa\u00e7\u00e3o forte pode facilitar a aloca\u00e7\u00e3o de recursos e a implementa\u00e7\u00e3o de pol\u00edticas p\u00fablicas eficazes.<\/p>\n<h2>Expectativas do Eleitorado Capixaba<\/h2>\n<p>O eleitorado capixaba aguarda propostas claras e vi\u00e1veis. A insatisfa\u00e7\u00e3o com a classe pol\u00edtica tradicional pode levar a uma an\u00e1lise mais cr\u00edtica na hora de decidir. Os cidad\u00e3os buscam autenticidade e compromisso com causas que impactam diretamente suas vidas, especialmente em tempos de crise.<\/p>\n<h2>As Tend\u00eancias nas Campanhas Eleitorais<\/h2>\n<p>As campanhas eleitorais em 2026 refletem uma nova era nas rela\u00e7\u00f5es entre candidatos e o eleitorado. O uso de redes sociais e plataformas digitais se torna cada vez mais comum, permitindo uma comunica\u00e7\u00e3o mais direta e inovadora. Al\u00e9m disso, a transpar\u00eancia nas propostas e a\u00e7\u00f5es se torna um diferencial cr\u00edtico que pode encorajar a participa\u00e7\u00e3o dos novos eleitores.<\/p>\n<h2>A Import\u00e2ncia do Senado para o Estado<\/h2>\n<p>O Senado desempenha um papel crucial na legisla\u00e7\u00e3o e na fiscaliza\u00e7\u00e3o do governo. Para o Esp\u00edrito Santo, ter senadores que compreendam as necessidades locais e que sejam capazes de articular quest\u00f5es relevantes com o governo federal \u00e9 fundamental. Isso se traduz em melhorias em diversas \u00e1reas, desde sa\u00fade at\u00e9 a economia do estado.<\/p>\n<h2>Desafios que os Candidatos Enfrentar\u00e3o<\/h2>\n<p>A corrida pelo Senado n\u00e3o \u00e9 isenta de desafios. Al\u00e9m da necessidade de mostrar propostas atraentes, os candidatos enfrentar\u00e3o a dificuldade em se destacar em meio a um grande n\u00famero de concorrentes. Tamb\u00e9m haver\u00e1 a exig\u00eancia de estrat\u00e9gias robustas de engajamento com a popula\u00e7\u00e3o para garantir apoio nas urnas.<\/p>\n<h2>Como Acompanhar a Cobertura Eleitoral<\/h2>\n<p>Para aqueles que desejam estar bem informados sobre os desdobramentos das elei\u00e7\u00f5es, existem diversas fontes de informa\u00e7\u00e3o. \u00c9 importante seguir meios de comunica\u00e7\u00e3o confi\u00e1veis e que ofere\u00e7am an\u00e1lises isentas sobre o andamento das campanhas e propostas dos candidatos. Redes sociais tamb\u00e9m oferecem um espa\u00e7o para interagir e colher informa\u00e7\u00f5es em tempo real, al\u00e9m de debates e entrevistas que podem ajudar o eleitor a tomar uma decis\u00e3o consciente.<\/p>\n\n<div style=\"font-size: 0px; height: 0px; line-height: 0px; margin: 0; padding: 0; clear: both;\"><\/div>","protected":false},"excerpt":{"rendered":"<p>Candidatos ao Senado pelo Esp\u00edrito Santo em 2026: descubra quem s\u00e3o!<\/p>\n","protected":false},"author":1,"featured_media":2290,"comment_status":"open","ping_status":"closed","sticky":false,"template":"","format":"standard","meta":{"footnotes":""},"categories":[13],"tags":[],"class_list":["post-2291","post","type-post","status-publish","format-standard","has-post-thumbnail","hentry","category-concursos-em-vitoria","has_thumb"],"yoast_head":"<!-- This site is optimized with the Yoast SEO plugin v28.2 - https:\/\/yoast.com\/product\/yoast-seo-wordpress\/ -->\n<title>Quem s\u00e3o os candidatos ao Senado pelo Esp\u00edrito Santo (ES) nas elei\u00e7\u00f5es 2026 - Encontra Vit\u00f3ria<\/title>\n<meta name=\"robots\" content=\"index, follow, max-snippet:-1, max-image-preview:large, max-video-preview:-1\" \/>\n<link rel=\"canonical\" href=\"https:\/\/www.encontravitoria.com.br\/sobre\/quem-sao-os-candidatos-ao-senado-pelo-espirito-santo-es-nas-eleicoes-2026\/\" \/>\n<meta property=\"og:locale\" content=\"pt_BR\" \/>\n<meta property=\"og:type\" content=\"article\" \/>\n<meta property=\"og:title\" content=\"Quem s\u00e3o os candidatos ao Senado pelo Esp\u00edrito Santo (ES) nas elei\u00e7\u00f5es 2026 - Encontra Vit\u00f3ria\" \/>\n<meta property=\"og:description\" content=\"Candidatos ao Senado pelo Esp\u00edrito Santo em 2026: descubra quem s\u00e3o!\" \/>\n<meta property=\"og:url\" content=\"https:\/\/www.encontravitoria.com.br\/sobre\/quem-sao-os-candidatos-ao-senado-pelo-espirito-santo-es-nas-eleicoes-2026\/\" \/>\n<meta property=\"og:site_name\" content=\"Encontra Vit\u00f3ria\" \/>\n<meta property=\"article:published_time\" content=\"2026-09-01T11:03:30+00:00\" \/>\n<meta property=\"og:image\" content=\"https:\/\/www.encontravitoria.com.br\/sobre\/wp-content\/uploads\/2026\/09\/quem-sao-os-candidatos-ao-senado-pelo-espirito-santo-es-nas-eleicoes-2026.webp\" \/>\n<meta name=\"author\" content=\"Encontra Vit\u00f3ria\" \/>\n<meta name=\"twitter:card\" content=\"summary_large_image\" \/>\n<meta name=\"twitter:label1\" content=\"Escrito por\" \/>\n\t<meta name=\"twitter:data1\" content=\"Encontra Vit\u00f3ria\" \/>\n\t<meta name=\"twitter:label2\" content=\"Est. tempo de leitura\" \/>\n\t<meta name=\"twitter:data2\" content=\"4 minutos\" \/>\n<script type=\"application\/ld+json\" class=\"yoast-schema-graph\">{\"@context\":\"https:\\\/\\\/schema.org\",\"@graph\":[{\"@type\":\"Article\",\"@id\":\"https:\\\/\\\/www.encontravitoria.com.br\\\/sobre\\\/quem-sao-os-candidatos-ao-senado-pelo-espirito-santo-es-nas-eleicoes-2026\\\/#article\",\"isPartOf\":{\"@id\":\"https:\\\/\\\/www.encontravitoria.com.br\\\/sobre\\\/quem-sao-os-candidatos-ao-senado-pelo-espirito-santo-es-nas-eleicoes-2026\\\/\"},\"author\":{\"name\":\"Encontra Vit\u00f3ria\",\"@id\":\"https:\\\/\\\/www.encontravitoria.com.br\\\/sobre\\\/#\\\/schema\\\/person\\\/0f8e5bcc88fbadf1bad57afd504f48a2\"},\"headline\":\"Quem s\u00e3o os candidatos ao Senado pelo Esp\u00edrito Santo (ES) nas elei\u00e7\u00f5es 2026\",\"datePublished\":\"2026-09-01T11:03:30+00:00\",\"mainEntityOfPage\":{\"@id\":\"https:\\\/\\\/www.encontravitoria.com.br\\\/sobre\\\/quem-sao-os-candidatos-ao-senado-pelo-espirito-santo-es-nas-eleicoes-2026\\\/\"},\"wordCount\":781,\"commentCount\":0,\"image\":{\"@id\":\"https:\\\/\\\/www.encontravitoria.com.br\\\/sobre\\\/quem-sao-os-candidatos-ao-senado-pelo-espirito-santo-es-nas-eleicoes-2026\\\/#primaryimage\"},\"thumbnailUrl\":\"https:\\\/\\\/www.encontravitoria.com.br\\\/sobre\\\/wp-content\\\/uploads\\\/2026\\\/09\\\/quem-sao-os-candidatos-ao-senado-pelo-espirito-santo-es-nas-eleicoes-2026.webp\",\"articleSection\":[\"Concursos Vit\u00f3ria\"],\"inLanguage\":\"pt-BR\",\"potentialAction\":[{\"@type\":\"CommentAction\",\"name\":\"Comment\",\"target\":[\"https:\\\/\\\/www.encontravitoria.com.br\\\/sobre\\\/quem-sao-os-candidatos-ao-senado-pelo-espirito-santo-es-nas-eleicoes-2026\\\/#respond\"]}]},{\"@type\":\"WebPage\",\"@id\":\"https:\\\/\\\/www.encontravitoria.com.br\\\/sobre\\\/quem-sao-os-candidatos-ao-senado-pelo-espirito-santo-es-nas-eleicoes-2026\\\/\",\"url\":\"https:\\\/\\\/www.encontravitoria.com.br\\\/sobre\\\/quem-sao-os-candidatos-ao-senado-pelo-espirito-santo-es-nas-eleicoes-2026\\\/\",\"name\":\"Quem s\u00e3o os candidatos ao Senado pelo Esp\u00edrito Santo (ES) nas elei\u00e7\u00f5es 2026 - Encontra Vit\u00f3ria\",\"isPartOf\":{\"@id\":\"https:\\\/\\\/www.encontravitoria.com.br\\\/sobre\\\/#website\"},\"primaryImageOfPage\":{\"@id\":\"https:\\\/\\\/www.encontravitoria.com.br\\\/sobre\\\/quem-sao-os-candidatos-ao-senado-pelo-espirito-santo-es-nas-eleicoes-2026\\\/#primaryimage\"},\"image\":{\"@id\":\"https:\\\/\\\/www.encontravitoria.com.br\\\/sobre\\\/quem-sao-os-candidatos-ao-senado-pelo-espirito-santo-es-nas-eleicoes-2026\\\/#primaryimage\"},\"thumbnailUrl\":\"https:\\\/\\\/www.encontravitoria.com.br\\\/sobre\\\/wp-content\\\/uploads\\\/2026\\\/09\\\/quem-sao-os-candidatos-ao-senado-pelo-espirito-santo-es-nas-eleicoes-2026.webp\",\"datePublished\":\"2026-09-01T11:03:30+00:00\",\"author\":{\"@id\":\"https:\\\/\\\/www.encontravitoria.com.br\\\/sobre\\\/#\\\/schema\\\/person\\\/0f8e5bcc88fbadf1bad57afd504f48a2\"},\"breadcrumb\":{\"@id\":\"https:\\\/\\\/www.encontravitoria.com.br\\\/sobre\\\/quem-sao-os-candidatos-ao-senado-pelo-espirito-santo-es-nas-eleicoes-2026\\\/#breadcrumb\"},\"inLanguage\":\"pt-BR\",\"potentialAction\":[{\"@type\":\"ReadAction\",\"target\":[\"https:\\\/\\\/www.encontravitoria.com.br\\\/sobre\\\/quem-sao-os-candidatos-ao-senado-pelo-espirito-santo-es-nas-eleicoes-2026\\\/\"]}]},{\"@type\":\"ImageObject\",\"inLanguage\":\"pt-BR\",\"@id\":\"https:\\\/\\\/www.encontravitoria.com.br\\\/sobre\\\/quem-sao-os-candidatos-ao-senado-pelo-espirito-santo-es-nas-eleicoes-2026\\\/#primaryimage\",\"url\":\"https:\\\/\\\/www.encontravitoria.com.br\\\/sobre\\\/wp-content\\\/uploads\\\/2026\\\/09\\\/quem-sao-os-candidatos-ao-senado-pelo-espirito-santo-es-nas-eleicoes-2026.webp\",\"contentUrl\":\"https:\\\/\\\/www.encontravitoria.com.br\\\/sobre\\\/wp-content\\\/uploads\\\/2026\\\/09\\\/quem-sao-os-candidatos-ao-senado-pelo-espirito-santo-es-nas-eleicoes-2026.webp\",\"width\":280,\"height\":280,\"caption\":\"candidatos ao Senado pelo Esp\u00edrito Santo 2026\"},{\"@type\":\"BreadcrumbList\",\"@id\":\"https:\\\/\\\/www.encontravitoria.com.br\\\/sobre\\\/quem-sao-os-candidatos-ao-senado-pelo-espirito-santo-es-nas-eleicoes-2026\\\/#breadcrumb\",\"itemListElement\":[{\"@type\":\"ListItem\",\"position\":1,\"name\":\"In\u00edcio\",\"item\":\"https:\\\/\\\/www.encontravitoria.com.br\\\/sobre\\\/\"},{\"@type\":\"ListItem\",\"position\":2,\"name\":\"Quem s\u00e3o os candidatos ao Senado pelo Esp\u00edrito Santo (ES) nas elei\u00e7\u00f5es 2026\"}]},{\"@type\":\"WebSite\",\"@id\":\"https:\\\/\\\/www.encontravitoria.com.br\\\/sobre\\\/#website\",\"url\":\"https:\\\/\\\/www.encontravitoria.com.br\\\/sobre\\\/\",\"name\":\"Encontra Vit\u00f3ria\",\"description\":\"Not\u00edcias, eventos, informa\u00e7\u00f5es e dicas na cidade Vit\u00f3ria e regi\u00e3o.\",\"potentialAction\":[{\"@type\":\"SearchAction\",\"target\":{\"@type\":\"EntryPoint\",\"urlTemplate\":\"https:\\\/\\\/www.encontravitoria.com.br\\\/sobre\\\/?s={search_term_string}\"},\"query-input\":{\"@type\":\"PropertyValueSpecification\",\"valueRequired\":true,\"valueName\":\"search_term_string\"}}],\"inLanguage\":\"pt-BR\"},{\"@type\":\"Person\",\"@id\":\"https:\\\/\\\/www.encontravitoria.com.br\\\/sobre\\\/#\\\/schema\\\/person\\\/0f8e5bcc88fbadf1bad57afd504f48a2\",\"name\":\"Encontra Vit\u00f3ria\",\"image\":{\"@type\":\"ImageObject\",\"inLanguage\":\"pt-BR\",\"@id\":\"https:\\\/\\\/secure.gravatar.com\\\/avatar\\\/507340682b8270222e1f208e23198b6ae7e2c6a1033ae84e99bc6bce4f82a387?s=96&d=mm&r=g\",\"url\":\"https:\\\/\\\/secure.gravatar.com\\\/avatar\\\/507340682b8270222e1f208e23198b6ae7e2c6a1033ae84e99bc6bce4f82a387?s=96&d=mm&r=g\",\"contentUrl\":\"https:\\\/\\\/secure.gravatar.com\\\/avatar\\\/507340682b8270222e1f208e23198b6ae7e2c6a1033ae84e99bc6bce4f82a387?s=96&d=mm&r=g\",\"caption\":\"Encontra Vit\u00f3ria\"},\"sameAs\":[\"http:\\\/\\\/www.encontravitoria.com.br\"],\"url\":\"https:\\\/\\\/www.encontravitoria.com.br\\\/sobre\\\/author\\\/evitoria\\\/\"}]}<\/script>\n<!-- \/ Yoast SEO plugin. -->","yoast_head_json":{"title":"Quem s\u00e3o os candidatos ao Senado pelo Esp\u00edrito Santo (ES) nas elei\u00e7\u00f5es 2026 - Encontra Vit\u00f3ria","robots":{"index":"index","follow":"follow","max-snippet":"max-snippet:-1","max-image-preview":"max-image-preview:large","max-video-preview":"max-video-preview:-1"},"canonical":"https:\/\/www.encontravitoria.com.br\/sobre\/quem-sao-os-candidatos-ao-senado-pelo-espirito-santo-es-nas-eleicoes-2026\/","og_locale":"pt_BR","og_type":"article","og_title":"Quem s\u00e3o os candidatos ao Senado pelo Esp\u00edrito Santo (ES) nas elei\u00e7\u00f5es 2026 - Encontra Vit\u00f3ria","og_description":"Candidatos ao Senado pelo Esp\u00edrito Santo em 2026: descubra quem s\u00e3o!","og_url":"https:\/\/www.encontravitoria.com.br\/sobre\/quem-sao-os-candidatos-ao-senado-pelo-espirito-santo-es-nas-eleicoes-2026\/","og_site_name":"Encontra Vit\u00f3ria","article_published_time":"2026-09-01T11:03:30+00:00","og_image":[{"url":"https:\/\/www.encontravitoria.com.br\/sobre\/wp-content\/uploads\/2026\/09\/quem-sao-os-candidatos-ao-senado-pelo-espirito-santo-es-nas-eleicoes-2026.webp","type":"","width":"","height":""}],"author":"Encontra Vit\u00f3ria","twitter_card":"summary_large_image","twitter_misc":{"Escrito por":"Encontra Vit\u00f3ria","Est. tempo de leitura":"4 minutos"},"schema":{"@context":"https:\/\/schema.org","@graph":[{"@type":"Article","@id":"https:\/\/www.encontravitoria.com.br\/sobre\/quem-sao-os-candidatos-ao-senado-pelo-espirito-santo-es-nas-eleicoes-2026\/#article","isPartOf":{"@id":"https:\/\/www.encontravitoria.com.br\/sobre\/quem-sao-os-candidatos-ao-senado-pelo-espirito-santo-es-nas-eleicoes-2026\/"},"author":{"name":"Encontra Vit\u00f3ria","@id":"https:\/\/www.encontravitoria.com.br\/sobre\/#\/schema\/person\/0f8e5bcc88fbadf1bad57afd504f48a2"},"headline":"Quem s\u00e3o os candidatos ao Senado pelo Esp\u00edrito Santo (ES) nas elei\u00e7\u00f5es 2026","datePublished":"2026-09-01T11:03:30+00:00","mainEntityOfPage":{"@id":"https:\/\/www.encontravitoria.com.br\/sobre\/quem-sao-os-candidatos-ao-senado-pelo-espirito-santo-es-nas-eleicoes-2026\/"},"wordCount":781,"commentCount":0,"image":{"@id":"https:\/\/www.encontravitoria.com.br\/sobre\/quem-sao-os-candidatos-ao-senado-pelo-espirito-santo-es-nas-eleicoes-2026\/#primaryimage"},"thumbnailUrl":"https:\/\/www.encontravitoria.com.br\/sobre\/wp-content\/uploads\/2026\/09\/quem-sao-os-candidatos-ao-senado-pelo-espirito-santo-es-nas-eleicoes-2026.webp","articleSection":["Concursos Vit\u00f3ria"],"inLanguage":"pt-BR","potentialAction":[{"@type":"CommentAction","name":"Comment","target":["https:\/\/www.encontravitoria.com.br\/sobre\/quem-sao-os-candidatos-ao-senado-pelo-espirito-santo-es-nas-eleicoes-2026\/#respond"]}]},{"@type":"WebPage","@id":"https:\/\/www.encontravitoria.com.br\/sobre\/quem-sao-os-candidatos-ao-senado-pelo-espirito-santo-es-nas-eleicoes-2026\/","url":"https:\/\/www.encontravitoria.com.br\/sobre\/quem-sao-os-candidatos-ao-senado-pelo-espirito-santo-es-nas-eleicoes-2026\/","name":"Quem s\u00e3o os candidatos ao Senado pelo Esp\u00edrito Santo (ES) nas elei\u00e7\u00f5es 2026 - Encontra Vit\u00f3ria","isPartOf":{"@id":"https:\/\/www.encontravitoria.com.br\/sobre\/#website"},"primaryImageOfPage":{"@id":"https:\/\/www.encontravitoria.com.br\/sobre\/quem-sao-os-candidatos-ao-senado-pelo-espirito-santo-es-nas-eleicoes-2026\/#primaryimage"},"image":{"@id":"https:\/\/www.encontravitoria.com.br\/sobre\/quem-sao-os-candidatos-ao-senado-pelo-espirito-santo-es-nas-eleicoes-2026\/#primaryimage"},"thumbnailUrl":"https:\/\/www.encontravitoria.com.br\/sobre\/wp-content\/uploads\/2026\/09\/quem-sao-os-candidatos-ao-senado-pelo-espirito-santo-es-nas-eleicoes-2026.webp","datePublished":"2026-09-01T11:03:30+00:00","author":{"@id":"https:\/\/www.encontravitoria.com.br\/sobre\/#\/schema\/person\/0f8e5bcc88fbadf1bad57afd504f48a2"},"breadcrumb":{"@id":"https:\/\/www.encontravitoria.com.br\/sobre\/quem-sao-os-candidatos-ao-senado-pelo-espirito-santo-es-nas-eleicoes-2026\/#breadcrumb"},"inLanguage":"pt-BR","potentialAction":[{"@type":"ReadAction","target":["https:\/\/www.encontravitoria.com.br\/sobre\/quem-sao-os-candidatos-ao-senado-pelo-espirito-santo-es-nas-eleicoes-2026\/"]}]},{"@type":"ImageObject","inLanguage":"pt-BR","@id":"https:\/\/www.encontravitoria.com.br\/sobre\/quem-sao-os-candidatos-ao-senado-pelo-espirito-santo-es-nas-eleicoes-2026\/#primaryimage","url":"https:\/\/www.encontravitoria.com.br\/sobre\/wp-content\/uploads\/2026\/09\/quem-sao-os-candidatos-ao-senado-pelo-espirito-santo-es-nas-eleicoes-2026.webp","contentUrl":"https:\/\/www.encontravitoria.com.br\/sobre\/wp-content\/uploads\/2026\/09\/quem-sao-os-candidatos-ao-senado-pelo-espirito-santo-es-nas-eleicoes-2026.webp","width":280,"height":280,"caption":"candidatos ao Senado pelo Esp\u00edrito Santo 2026"},{"@type":"BreadcrumbList","@id":"https:\/\/www.encontravitoria.com.br\/sobre\/quem-sao-os-candidatos-ao-senado-pelo-espirito-santo-es-nas-eleicoes-2026\/#breadcrumb","itemListElement":[{"@type":"ListItem","position":1,"name":"In\u00edcio","item":"https:\/\/www.encontravitoria.com.br\/sobre\/"},{"@type":"ListItem","position":2,"name":"Quem s\u00e3o os candidatos ao Senado pelo Esp\u00edrito Santo (ES) nas elei\u00e7\u00f5es 2026"}]},{"@type":"WebSite","@id":"https:\/\/www.encontravitoria.com.br\/sobre\/#website","url":"https:\/\/www.encontravitoria.com.br\/sobre\/","name":"Encontra Vit\u00f3ria","description":"Not\u00edcias, eventos, informa\u00e7\u00f5es e dicas na cidade Vit\u00f3ria e regi\u00e3o.","potentialAction":[{"@type":"SearchAction","target":{"@type":"EntryPoint","urlTemplate":"https:\/\/www.encontravitoria.com.br\/sobre\/?s={search_term_string}"},"query-input":{"@type":"PropertyValueSpecification","valueRequired":true,"valueName":"search_term_string"}}],"inLanguage":"pt-BR"},{"@type":"Person","@id":"https:\/\/www.encontravitoria.com.br\/sobre\/#\/schema\/person\/0f8e5bcc88fbadf1bad57afd504f48a2","name":"Encontra Vit\u00f3ria","image":{"@type":"ImageObject","inLanguage":"pt-BR","@id":"https:\/\/secure.gravatar.com\/avatar\/507340682b8270222e1f208e23198b6ae7e2c6a1033ae84e99bc6bce4f82a387?s=96&d=mm&r=g","url":"https:\/\/secure.gravatar.com\/avatar\/507340682b8270222e1f208e23198b6ae7e2c6a1033ae84e99bc6bce4f82a387?s=96&d=mm&r=g","contentUrl":"https:\/\/secure.gravatar.com\/avatar\/507340682b8270222e1f208e23198b6ae7e2c6a1033ae84e99bc6bce4f82a387?s=96&d=mm&r=g","caption":"Encontra Vit\u00f3ria"},"sameAs":["http:\/\/www.encontravitoria.com.br"],"url":"https:\/\/www.encontravitoria.com.br\/sobre\/author\/evitoria\/"}]}},"_links":{"self":[{"href":"https:\/\/www.encontravitoria.com.br\/sobre\/wp-json\/wp\/v2\/posts\/2291","targetHints":{"allow":["GET"]}}],"collection":[{"href":"https:\/\/www.encontravitoria.com.br\/sobre\/wp-json\/wp\/v2\/posts"}],"about":[{"href":"https:\/\/www.encontravitoria.com.br\/sobre\/wp-json\/wp\/v2\/types\/post"}],"author":[{"embeddable":true,"href":"https:\/\/www.encontravitoria.com.br\/sobre\/wp-json\/wp\/v2\/users\/1"}],"replies":[{"embeddable":true,"href":"https:\/\/www.encontravitoria.com.br\/sobre\/wp-json\/wp\/v2\/comments?post=2291"}],"version-history":[{"count":0,"href":"https:\/\/www.encontravitoria.com.br\/sobre\/wp-json\/wp\/v2\/posts\/2291\/revisions"}],"wp:featuredmedia":[{"embeddable":true,"href":"https:\/\/www.encontravitoria.com.br\/sobre\/wp-json\/wp\/v2\/media\/2290"}],"wp:attachment":[{"href":"https:\/\/www.encontravitoria.com.br\/sobre\/wp-json\/wp\/v2\/media?parent=2291"}],"wp:term":[{"taxonomy":"category","embeddable":true,"href":"https:\/\/www.encontravitoria.com.br\/sobre\/wp-json\/wp\/v2\/categories?post=2291"},{"taxonomy":"post_tag","embeddable":true,"href":"https:\/\/www.encontravitoria.com.br\/sobre\/wp-json\/wp\/v2\/tags?post=2291"}],"curies":[{"name":"wp","href":"https:\/\/api.w.org\/{rel}","templated":true}]}}