{"id":2295,"date":"2026-09-02T11:02:29","date_gmt":"2026-09-02T11:02:29","guid":{"rendered":"https:\/\/www.encontravitoria.com.br\/sobre\/acao-integrada-da-prefeitura-de-vitoria-atende-centenas-de-criancas-em-escola-e-comunidades\/"},"modified":"2026-09-02T11:02:29","modified_gmt":"2026-09-02T11:02:29","slug":"acao-integrada-da-prefeitura-de-vitoria-atende-centenas-de-criancas-em-escola-e-comunidades","status":"publish","type":"post","link":"https:\/\/www.encontravitoria.com.br\/sobre\/acao-integrada-da-prefeitura-de-vitoria-atende-centenas-de-criancas-em-escola-e-comunidades\/","title":{"rendered":"A\u00e7\u00e3o integrada da Prefeitura de Vit\u00f3ria atende centenas de crian\u00e7as em escola e comunidades"},"content":{"rendered":"<div class=\"23ed37709e053b55400ee1990aeffe41\" data-index=\"1\" style=\"float: none; margin:0px;\">\n<!-- Anuncio display - global -->\r\n<ins class=\"adsbygoogle\"\r\n     style=\"display:block\"\r\n     data-ad-client=\"ca-pub-8585364105181520\"\r\n     data-ad-slot=\"8789329856\"\r\n     data-ad-format=\"auto\"\r\n     data-full-width-responsive=\"true\"><\/ins>\r\n<script>\r\n     (adsbygoogle = window.adsbygoogle || []).push({});\r\n<\/script>\n<\/div>\n<h2>Educa\u00e7\u00e3o para o Tr\u00e2nsito: Um Compromisso com o Futuro<\/h2>\n<p>A educa\u00e7\u00e3o para o tr\u00e2nsito \u00e9 uma parte crucial na forma\u00e7\u00e3o de cidad\u00e3os respons\u00e1veis e conscientes. O trabalho realizado pela Prefeitura de Vit\u00f3ria, atrav\u00e9s da Ger\u00eancia de Educa\u00e7\u00e3o para o Tr\u00e2nsito, demonstra o empenho em criar um futuro mais seguro nas vias urbanas. Esta iniciativa n\u00e3o apenas visa prevenir acidentes, mas tamb\u00e9m promove uma cultura de respeito e cidadania, que ser\u00e1 fundamental para a sociedade nos anos vindouros.<\/p>\n<h2>A Import\u00e2ncia da Integra\u00e7\u00e3o entre Escola e Comunidade<\/h2>\n<p>A colabora\u00e7\u00e3o entre escolas e comunidades \u00e9 essencial para garantir que as crian\u00e7as recebam uma educa\u00e7\u00e3o de tr\u00e2nsito eficaz. Assim, as a\u00e7\u00f5es, que ocorrem em ambientes educacionais e na comunidade em geral, promovem uma aprendizagem mais significativa. Ao envolver as fam\u00edlias e a comunidade nos processos de aprendizado, \u00e9 poss\u00edvel expandir o impacto das chamadas em rela\u00e7\u00e3o ao respeito \u00e0s normas de tr\u00e2nsito, garantindo que a mensagem atinja todos os envolvidos.<\/p>\n<h2>Oficinas Pr\u00e1ticas: Aprendendo com Seguran\u00e7a<\/h2>\n<p>As oficinas pr\u00e1ticas que s\u00e3o oferecidas \u00e0s crian\u00e7as t\u00eam um papel fundamental por meio de atividades l\u00fadicas que tornam o aprendizado divertido e acess\u00edvel. Utilizando sem\u00e1foros did\u00e1ticos e sinaliza\u00e7\u00e3o vi\u00e1ria, os alunos s\u00e3o incentivados a viver na pr\u00e1tica as situa\u00e7\u00f5es do dia a dia no tr\u00e2nsito. Essa abordagem pr\u00e1tica auxilia os estudantes a assimilarem o conte\u00fado de maneira mais eficaz e memor\u00e1vel.<\/p>\n<p><img decoding=\"async\" src=\"https:\/\/www.encontravitoria.com.br\/sobre\/wp-content\/uploads\/2026\/09\/acao-integrada-da-prefeitura-de-vitoria-atende-centenas-de-criancas-em-escola-e-comunidades.webp\" alt=\"educa\u00e7\u00e3o para o tr\u00e2nsito\" loading=\"lazy\" \/><\/p>\n<h2>Impacto na Vida de 400 Crian\u00e7as nas Comunidades<\/h2>\n<p>As a\u00e7\u00f5es educativas se estenderam a diversas comunidades, impactando diretamente 400 crian\u00e7as. Nesses encontros, promovidos pela Prefeitura, as crian\u00e7as t\u00eam a chance de aprender sobre sinaliza\u00e7\u00e3o, regras e comportamentos adequados nas vias, assim como os perigos que podem encontrar. Isso traz n\u00e3o apenas aprendizado, mas uma valiosa oportunidade de construir la\u00e7os e um senso de comunidade.<\/p>\n<h2>Cidadania e Respeito: Li\u00e7\u00f5es para a Vida Toda<\/h2>\n<p>Ensinar cidadania e respeito \u00e9 uma miss\u00e3o que vai al\u00e9m do tr\u00e2nsito. A educa\u00e7\u00e3o para o tr\u00e2nsito molda comportamentos que s\u00e3o aplic\u00e1veis em v\u00e1rias esferas da vida. Ao desenvolver o respeito \u00e0s regras e o cuidado com o pr\u00f3ximo, as crian\u00e7as tornam-se n\u00e3o apenas motoristas melhores, mas cidad\u00e3os mais conscientes e atuantes.<\/p>\n<h2>Metodologia L\u00fadica: Aprender Brincando<\/h2>\n<p>O uso de metodologias l\u00fadicas \u00e9 uma estrat\u00e9gia essencial nas oficinas. Transformar o aprendizado em uma experi\u00eancia divertida n\u00e3o apenas aquilo o torna mais interessante, mas tamb\u00e9m mais envolvente. As cores do sem\u00e1foro, por exemplo, s\u00e3o utilizadas para ensinar comportamentos: o vermelho pede pausa, o amarelo sugere cautela e o verde encoraja a seguir com responsabilidade.<\/p>\n<h2>As Cores do Sem\u00e1foro: Um Guia Pr\u00e1tico para Crian\u00e7as<\/h2>\n<p>O entendimento dos significados das cores do sem\u00e1foro \u00e9 a base das aulas, ajudando as crian\u00e7as a reconhecerem a import\u00e2ncia de respeitar as sinaliza\u00e7\u00f5es. Atrav\u00e9s de brincadeiras onde a simbologia das cores \u00e9 discutida, as crian\u00e7as aprendem a associar cada cor a comportamentos espec\u00edficos que devem seguir, n\u00e3o s\u00f3 em um cruzamento, mas em diversas situa\u00e7\u00f5es cotidianas.<\/p>\n<h2>Expectativa de Expans\u00e3o das A\u00e7\u00f5es Educativas<\/h2>\n<p>Diante do sucesso das a\u00e7\u00f5es at\u00e9 o momento, h\u00e1 uma expectativa de que esses projetos sejam ampliados, abrangendo ainda mais escolas e bairros da cidade. O objetivo \u00e9 solidificar uma cultura de paz no tr\u00e2nsito, come\u00e7ando com as crian\u00e7as como protagonistas nesta transforma\u00e7\u00e3o. A expectativa \u00e9 que, \u00e0 medida que o programa se expande, se torne cada vez mais comum ver pais e educadores que incorporam a educa\u00e7\u00e3o para o tr\u00e2nsito ao cotidiano das crian\u00e7as.<\/p>\n<h2>Crian\u00e7as como Agentes Multiplicadores de Seguran\u00e7a<\/h2>\n<p>Ao adquirir conhecimento em seguran\u00e7a no tr\u00e2nsito, as crian\u00e7as desempenham um papel multiplicador. Elas t\u00eam a capacidade de ensinar suas fam\u00edlias e amigos sobre a import\u00e2ncia de respeitar as normas de tr\u00e2nsito. Essa divulga\u00e7\u00e3o espont\u00e2nea potencializa o impacto das a\u00e7\u00f5es educativas, transformando-as em um movimento social de prote\u00e7\u00e3o e cuidado nas ruas.<\/p>\n<h2>Construindo uma Cultura de Paz no Tr\u00e2nsito<\/h2>\n<p>Por meio de cada atividade realizada, a Prefeitura de Vit\u00f3ria se compromete a construir n\u00e3o apenas um ambiente de seguran\u00e7a nas ruas, mas uma verdadeira cultura de paz. Uma educa\u00e7\u00e3o que come\u00e7a na inf\u00e2ncia e se estende para a vida adulta \u00e9 a chave para transformar o comportamento da popula\u00e7\u00e3o nas vias urbanas, visando um tr\u00e2nsito mais seguro e humano para todos.<\/p>\n\n<div style=\"font-size: 0px; height: 0px; line-height: 0px; margin: 0; padding: 0; clear: both;\"><\/div>","protected":false},"excerpt":{"rendered":"<p>A a\u00e7\u00e3o integrada da Prefeitura de Vit\u00f3ria promove mais seguran\u00e7a no tr\u00e2nsito para crian\u00e7as.<\/p>\n","protected":false},"author":1,"featured_media":2294,"comment_status":"open","ping_status":"closed","sticky":false,"template":"","format":"standard","meta":{"footnotes":""},"categories":[16],"tags":[],"class_list":["post-2295","post","type-post","status-publish","format-standard","has-post-thumbnail","hentry","category-educacao-em-vitoria","has_thumb"],"yoast_head":"<!-- This site is optimized with the Yoast SEO plugin v28.2 - https:\/\/yoast.com\/product\/yoast-seo-wordpress\/ -->\n<title>A\u00e7\u00e3o integrada da Prefeitura de Vit\u00f3ria atende centenas de crian\u00e7as em escola e comunidades - Encontra Vit\u00f3ria<\/title>\n<meta name=\"robots\" content=\"index, follow, max-snippet:-1, max-image-preview:large, max-video-preview:-1\" \/>\n<link rel=\"canonical\" href=\"https:\/\/www.encontravitoria.com.br\/sobre\/acao-integrada-da-prefeitura-de-vitoria-atende-centenas-de-criancas-em-escola-e-comunidades\/\" \/>\n<meta property=\"og:locale\" content=\"pt_BR\" \/>\n<meta property=\"og:type\" content=\"article\" \/>\n<meta property=\"og:title\" content=\"A\u00e7\u00e3o integrada da Prefeitura de Vit\u00f3ria atende centenas de crian\u00e7as em escola e comunidades - Encontra Vit\u00f3ria\" \/>\n<meta property=\"og:description\" content=\"A a\u00e7\u00e3o integrada da Prefeitura de Vit\u00f3ria promove mais seguran\u00e7a no tr\u00e2nsito para crian\u00e7as.\" \/>\n<meta property=\"og:url\" content=\"https:\/\/www.encontravitoria.com.br\/sobre\/acao-integrada-da-prefeitura-de-vitoria-atende-centenas-de-criancas-em-escola-e-comunidades\/\" \/>\n<meta property=\"og:site_name\" content=\"Encontra Vit\u00f3ria\" \/>\n<meta property=\"article:published_time\" content=\"2026-09-02T11:02:29+00:00\" \/>\n<meta property=\"og:image\" content=\"https:\/\/www.encontravitoria.com.br\/sobre\/wp-content\/uploads\/2026\/09\/acao-integrada-da-prefeitura-de-vitoria-atende-centenas-de-criancas-em-escola-e-comunidades.webp\" \/>\n<meta name=\"author\" content=\"Encontra Vit\u00f3ria\" \/>\n<meta name=\"twitter:card\" content=\"summary_large_image\" \/>\n<meta name=\"twitter:label1\" content=\"Escrito por\" \/>\n\t<meta name=\"twitter:data1\" content=\"Encontra Vit\u00f3ria\" \/>\n\t<meta name=\"twitter:label2\" content=\"Est. tempo de leitura\" \/>\n\t<meta name=\"twitter:data2\" content=\"4 minutos\" \/>\n<script type=\"application\/ld+json\" class=\"yoast-schema-graph\">{\"@context\":\"https:\\\/\\\/schema.org\",\"@graph\":[{\"@type\":\"Article\",\"@id\":\"https:\\\/\\\/www.encontravitoria.com.br\\\/sobre\\\/acao-integrada-da-prefeitura-de-vitoria-atende-centenas-de-criancas-em-escola-e-comunidades\\\/#article\",\"isPartOf\":{\"@id\":\"https:\\\/\\\/www.encontravitoria.com.br\\\/sobre\\\/acao-integrada-da-prefeitura-de-vitoria-atende-centenas-de-criancas-em-escola-e-comunidades\\\/\"},\"author\":{\"name\":\"Encontra Vit\u00f3ria\",\"@id\":\"https:\\\/\\\/www.encontravitoria.com.br\\\/sobre\\\/#\\\/schema\\\/person\\\/0f8e5bcc88fbadf1bad57afd504f48a2\"},\"headline\":\"A\u00e7\u00e3o integrada da Prefeitura de Vit\u00f3ria atende centenas de crian\u00e7as em escola e comunidades\",\"datePublished\":\"2026-09-02T11:02:29+00:00\",\"mainEntityOfPage\":{\"@id\":\"https:\\\/\\\/www.encontravitoria.com.br\\\/sobre\\\/acao-integrada-da-prefeitura-de-vitoria-atende-centenas-de-criancas-em-escola-e-comunidades\\\/\"},\"wordCount\":802,\"commentCount\":0,\"image\":{\"@id\":\"https:\\\/\\\/www.encontravitoria.com.br\\\/sobre\\\/acao-integrada-da-prefeitura-de-vitoria-atende-centenas-de-criancas-em-escola-e-comunidades\\\/#primaryimage\"},\"thumbnailUrl\":\"https:\\\/\\\/www.encontravitoria.com.br\\\/sobre\\\/wp-content\\\/uploads\\\/2026\\\/09\\\/acao-integrada-da-prefeitura-de-vitoria-atende-centenas-de-criancas-em-escola-e-comunidades.webp\",\"articleSection\":[\"Educa\u00e7\u00e3o Vit\u00f3ria\"],\"inLanguage\":\"pt-BR\",\"potentialAction\":[{\"@type\":\"CommentAction\",\"name\":\"Comment\",\"target\":[\"https:\\\/\\\/www.encontravitoria.com.br\\\/sobre\\\/acao-integrada-da-prefeitura-de-vitoria-atende-centenas-de-criancas-em-escola-e-comunidades\\\/#respond\"]}]},{\"@type\":\"WebPage\",\"@id\":\"https:\\\/\\\/www.encontravitoria.com.br\\\/sobre\\\/acao-integrada-da-prefeitura-de-vitoria-atende-centenas-de-criancas-em-escola-e-comunidades\\\/\",\"url\":\"https:\\\/\\\/www.encontravitoria.com.br\\\/sobre\\\/acao-integrada-da-prefeitura-de-vitoria-atende-centenas-de-criancas-em-escola-e-comunidades\\\/\",\"name\":\"A\u00e7\u00e3o integrada da Prefeitura de Vit\u00f3ria atende centenas de crian\u00e7as em escola e comunidades - Encontra Vit\u00f3ria\",\"isPartOf\":{\"@id\":\"https:\\\/\\\/www.encontravitoria.com.br\\\/sobre\\\/#website\"},\"primaryImageOfPage\":{\"@id\":\"https:\\\/\\\/www.encontravitoria.com.br\\\/sobre\\\/acao-integrada-da-prefeitura-de-vitoria-atende-centenas-de-criancas-em-escola-e-comunidades\\\/#primaryimage\"},\"image\":{\"@id\":\"https:\\\/\\\/www.encontravitoria.com.br\\\/sobre\\\/acao-integrada-da-prefeitura-de-vitoria-atende-centenas-de-criancas-em-escola-e-comunidades\\\/#primaryimage\"},\"thumbnailUrl\":\"https:\\\/\\\/www.encontravitoria.com.br\\\/sobre\\\/wp-content\\\/uploads\\\/2026\\\/09\\\/acao-integrada-da-prefeitura-de-vitoria-atende-centenas-de-criancas-em-escola-e-comunidades.webp\",\"datePublished\":\"2026-09-02T11:02:29+00:00\",\"author\":{\"@id\":\"https:\\\/\\\/www.encontravitoria.com.br\\\/sobre\\\/#\\\/schema\\\/person\\\/0f8e5bcc88fbadf1bad57afd504f48a2\"},\"breadcrumb\":{\"@id\":\"https:\\\/\\\/www.encontravitoria.com.br\\\/sobre\\\/acao-integrada-da-prefeitura-de-vitoria-atende-centenas-de-criancas-em-escola-e-comunidades\\\/#breadcrumb\"},\"inLanguage\":\"pt-BR\",\"potentialAction\":[{\"@type\":\"ReadAction\",\"target\":[\"https:\\\/\\\/www.encontravitoria.com.br\\\/sobre\\\/acao-integrada-da-prefeitura-de-vitoria-atende-centenas-de-criancas-em-escola-e-comunidades\\\/\"]}]},{\"@type\":\"ImageObject\",\"inLanguage\":\"pt-BR\",\"@id\":\"https:\\\/\\\/www.encontravitoria.com.br\\\/sobre\\\/acao-integrada-da-prefeitura-de-vitoria-atende-centenas-de-criancas-em-escola-e-comunidades\\\/#primaryimage\",\"url\":\"https:\\\/\\\/www.encontravitoria.com.br\\\/sobre\\\/wp-content\\\/uploads\\\/2026\\\/09\\\/acao-integrada-da-prefeitura-de-vitoria-atende-centenas-de-criancas-em-escola-e-comunidades.webp\",\"contentUrl\":\"https:\\\/\\\/www.encontravitoria.com.br\\\/sobre\\\/wp-content\\\/uploads\\\/2026\\\/09\\\/acao-integrada-da-prefeitura-de-vitoria-atende-centenas-de-criancas-em-escola-e-comunidades.webp\",\"width\":280,\"height\":280,\"caption\":\"educa\u00e7\u00e3o para o tr\u00e2nsito\"},{\"@type\":\"BreadcrumbList\",\"@id\":\"https:\\\/\\\/www.encontravitoria.com.br\\\/sobre\\\/acao-integrada-da-prefeitura-de-vitoria-atende-centenas-de-criancas-em-escola-e-comunidades\\\/#breadcrumb\",\"itemListElement\":[{\"@type\":\"ListItem\",\"position\":1,\"name\":\"In\u00edcio\",\"item\":\"https:\\\/\\\/www.encontravitoria.com.br\\\/sobre\\\/\"},{\"@type\":\"ListItem\",\"position\":2,\"name\":\"A\u00e7\u00e3o integrada da Prefeitura de Vit\u00f3ria atende centenas de crian\u00e7as em escola e comunidades\"}]},{\"@type\":\"WebSite\",\"@id\":\"https:\\\/\\\/www.encontravitoria.com.br\\\/sobre\\\/#website\",\"url\":\"https:\\\/\\\/www.encontravitoria.com.br\\\/sobre\\\/\",\"name\":\"Encontra Vit\u00f3ria\",\"description\":\"Not\u00edcias, eventos, informa\u00e7\u00f5es e dicas na cidade Vit\u00f3ria e regi\u00e3o.\",\"potentialAction\":[{\"@type\":\"SearchAction\",\"target\":{\"@type\":\"EntryPoint\",\"urlTemplate\":\"https:\\\/\\\/www.encontravitoria.com.br\\\/sobre\\\/?s={search_term_string}\"},\"query-input\":{\"@type\":\"PropertyValueSpecification\",\"valueRequired\":true,\"valueName\":\"search_term_string\"}}],\"inLanguage\":\"pt-BR\"},{\"@type\":\"Person\",\"@id\":\"https:\\\/\\\/www.encontravitoria.com.br\\\/sobre\\\/#\\\/schema\\\/person\\\/0f8e5bcc88fbadf1bad57afd504f48a2\",\"name\":\"Encontra Vit\u00f3ria\",\"image\":{\"@type\":\"ImageObject\",\"inLanguage\":\"pt-BR\",\"@id\":\"https:\\\/\\\/secure.gravatar.com\\\/avatar\\\/507340682b8270222e1f208e23198b6ae7e2c6a1033ae84e99bc6bce4f82a387?s=96&d=mm&r=g\",\"url\":\"https:\\\/\\\/secure.gravatar.com\\\/avatar\\\/507340682b8270222e1f208e23198b6ae7e2c6a1033ae84e99bc6bce4f82a387?s=96&d=mm&r=g\",\"contentUrl\":\"https:\\\/\\\/secure.gravatar.com\\\/avatar\\\/507340682b8270222e1f208e23198b6ae7e2c6a1033ae84e99bc6bce4f82a387?s=96&d=mm&r=g\",\"caption\":\"Encontra Vit\u00f3ria\"},\"sameAs\":[\"http:\\\/\\\/www.encontravitoria.com.br\"],\"url\":\"https:\\\/\\\/www.encontravitoria.com.br\\\/sobre\\\/author\\\/evitoria\\\/\"}]}<\/script>\n<!-- \/ Yoast SEO plugin. -->","yoast_head_json":{"title":"A\u00e7\u00e3o integrada da Prefeitura de Vit\u00f3ria atende centenas de crian\u00e7as em escola e comunidades - Encontra Vit\u00f3ria","robots":{"index":"index","follow":"follow","max-snippet":"max-snippet:-1","max-image-preview":"max-image-preview:large","max-video-preview":"max-video-preview:-1"},"canonical":"https:\/\/www.encontravitoria.com.br\/sobre\/acao-integrada-da-prefeitura-de-vitoria-atende-centenas-de-criancas-em-escola-e-comunidades\/","og_locale":"pt_BR","og_type":"article","og_title":"A\u00e7\u00e3o integrada da Prefeitura de Vit\u00f3ria atende centenas de crian\u00e7as em escola e comunidades - Encontra Vit\u00f3ria","og_description":"A a\u00e7\u00e3o integrada da Prefeitura de Vit\u00f3ria promove mais seguran\u00e7a no tr\u00e2nsito para crian\u00e7as.","og_url":"https:\/\/www.encontravitoria.com.br\/sobre\/acao-integrada-da-prefeitura-de-vitoria-atende-centenas-de-criancas-em-escola-e-comunidades\/","og_site_name":"Encontra Vit\u00f3ria","article_published_time":"2026-09-02T11:02:29+00:00","og_image":[{"url":"https:\/\/www.encontravitoria.com.br\/sobre\/wp-content\/uploads\/2026\/09\/acao-integrada-da-prefeitura-de-vitoria-atende-centenas-de-criancas-em-escola-e-comunidades.webp","type":"","width":"","height":""}],"author":"Encontra Vit\u00f3ria","twitter_card":"summary_large_image","twitter_misc":{"Escrito por":"Encontra Vit\u00f3ria","Est. tempo de leitura":"4 minutos"},"schema":{"@context":"https:\/\/schema.org","@graph":[{"@type":"Article","@id":"https:\/\/www.encontravitoria.com.br\/sobre\/acao-integrada-da-prefeitura-de-vitoria-atende-centenas-de-criancas-em-escola-e-comunidades\/#article","isPartOf":{"@id":"https:\/\/www.encontravitoria.com.br\/sobre\/acao-integrada-da-prefeitura-de-vitoria-atende-centenas-de-criancas-em-escola-e-comunidades\/"},"author":{"name":"Encontra Vit\u00f3ria","@id":"https:\/\/www.encontravitoria.com.br\/sobre\/#\/schema\/person\/0f8e5bcc88fbadf1bad57afd504f48a2"},"headline":"A\u00e7\u00e3o integrada da Prefeitura de Vit\u00f3ria atende centenas de crian\u00e7as em escola e comunidades","datePublished":"2026-09-02T11:02:29+00:00","mainEntityOfPage":{"@id":"https:\/\/www.encontravitoria.com.br\/sobre\/acao-integrada-da-prefeitura-de-vitoria-atende-centenas-de-criancas-em-escola-e-comunidades\/"},"wordCount":802,"commentCount":0,"image":{"@id":"https:\/\/www.encontravitoria.com.br\/sobre\/acao-integrada-da-prefeitura-de-vitoria-atende-centenas-de-criancas-em-escola-e-comunidades\/#primaryimage"},"thumbnailUrl":"https:\/\/www.encontravitoria.com.br\/sobre\/wp-content\/uploads\/2026\/09\/acao-integrada-da-prefeitura-de-vitoria-atende-centenas-de-criancas-em-escola-e-comunidades.webp","articleSection":["Educa\u00e7\u00e3o Vit\u00f3ria"],"inLanguage":"pt-BR","potentialAction":[{"@type":"CommentAction","name":"Comment","target":["https:\/\/www.encontravitoria.com.br\/sobre\/acao-integrada-da-prefeitura-de-vitoria-atende-centenas-de-criancas-em-escola-e-comunidades\/#respond"]}]},{"@type":"WebPage","@id":"https:\/\/www.encontravitoria.com.br\/sobre\/acao-integrada-da-prefeitura-de-vitoria-atende-centenas-de-criancas-em-escola-e-comunidades\/","url":"https:\/\/www.encontravitoria.com.br\/sobre\/acao-integrada-da-prefeitura-de-vitoria-atende-centenas-de-criancas-em-escola-e-comunidades\/","name":"A\u00e7\u00e3o integrada da Prefeitura de Vit\u00f3ria atende centenas de crian\u00e7as em escola e comunidades - Encontra Vit\u00f3ria","isPartOf":{"@id":"https:\/\/www.encontravitoria.com.br\/sobre\/#website"},"primaryImageOfPage":{"@id":"https:\/\/www.encontravitoria.com.br\/sobre\/acao-integrada-da-prefeitura-de-vitoria-atende-centenas-de-criancas-em-escola-e-comunidades\/#primaryimage"},"image":{"@id":"https:\/\/www.encontravitoria.com.br\/sobre\/acao-integrada-da-prefeitura-de-vitoria-atende-centenas-de-criancas-em-escola-e-comunidades\/#primaryimage"},"thumbnailUrl":"https:\/\/www.encontravitoria.com.br\/sobre\/wp-content\/uploads\/2026\/09\/acao-integrada-da-prefeitura-de-vitoria-atende-centenas-de-criancas-em-escola-e-comunidades.webp","datePublished":"2026-09-02T11:02:29+00:00","author":{"@id":"https:\/\/www.encontravitoria.com.br\/sobre\/#\/schema\/person\/0f8e5bcc88fbadf1bad57afd504f48a2"},"breadcrumb":{"@id":"https:\/\/www.encontravitoria.com.br\/sobre\/acao-integrada-da-prefeitura-de-vitoria-atende-centenas-de-criancas-em-escola-e-comunidades\/#breadcrumb"},"inLanguage":"pt-BR","potentialAction":[{"@type":"ReadAction","target":["https:\/\/www.encontravitoria.com.br\/sobre\/acao-integrada-da-prefeitura-de-vitoria-atende-centenas-de-criancas-em-escola-e-comunidades\/"]}]},{"@type":"ImageObject","inLanguage":"pt-BR","@id":"https:\/\/www.encontravitoria.com.br\/sobre\/acao-integrada-da-prefeitura-de-vitoria-atende-centenas-de-criancas-em-escola-e-comunidades\/#primaryimage","url":"https:\/\/www.encontravitoria.com.br\/sobre\/wp-content\/uploads\/2026\/09\/acao-integrada-da-prefeitura-de-vitoria-atende-centenas-de-criancas-em-escola-e-comunidades.webp","contentUrl":"https:\/\/www.encontravitoria.com.br\/sobre\/wp-content\/uploads\/2026\/09\/acao-integrada-da-prefeitura-de-vitoria-atende-centenas-de-criancas-em-escola-e-comunidades.webp","width":280,"height":280,"caption":"educa\u00e7\u00e3o para o tr\u00e2nsito"},{"@type":"BreadcrumbList","@id":"https:\/\/www.encontravitoria.com.br\/sobre\/acao-integrada-da-prefeitura-de-vitoria-atende-centenas-de-criancas-em-escola-e-comunidades\/#breadcrumb","itemListElement":[{"@type":"ListItem","position":1,"name":"In\u00edcio","item":"https:\/\/www.encontravitoria.com.br\/sobre\/"},{"@type":"ListItem","position":2,"name":"A\u00e7\u00e3o integrada da Prefeitura de Vit\u00f3ria atende centenas de crian\u00e7as em escola e comunidades"}]},{"@type":"WebSite","@id":"https:\/\/www.encontravitoria.com.br\/sobre\/#website","url":"https:\/\/www.encontravitoria.com.br\/sobre\/","name":"Encontra Vit\u00f3ria","description":"Not\u00edcias, eventos, informa\u00e7\u00f5es e dicas na cidade Vit\u00f3ria e regi\u00e3o.","potentialAction":[{"@type":"SearchAction","target":{"@type":"EntryPoint","urlTemplate":"https:\/\/www.encontravitoria.com.br\/sobre\/?s={search_term_string}"},"query-input":{"@type":"PropertyValueSpecification","valueRequired":true,"valueName":"search_term_string"}}],"inLanguage":"pt-BR"},{"@type":"Person","@id":"https:\/\/www.encontravitoria.com.br\/sobre\/#\/schema\/person\/0f8e5bcc88fbadf1bad57afd504f48a2","name":"Encontra Vit\u00f3ria","image":{"@type":"ImageObject","inLanguage":"pt-BR","@id":"https:\/\/secure.gravatar.com\/avatar\/507340682b8270222e1f208e23198b6ae7e2c6a1033ae84e99bc6bce4f82a387?s=96&d=mm&r=g","url":"https:\/\/secure.gravatar.com\/avatar\/507340682b8270222e1f208e23198b6ae7e2c6a1033ae84e99bc6bce4f82a387?s=96&d=mm&r=g","contentUrl":"https:\/\/secure.gravatar.com\/avatar\/507340682b8270222e1f208e23198b6ae7e2c6a1033ae84e99bc6bce4f82a387?s=96&d=mm&r=g","caption":"Encontra Vit\u00f3ria"},"sameAs":["http:\/\/www.encontravitoria.com.br"],"url":"https:\/\/www.encontravitoria.com.br\/sobre\/author\/evitoria\/"}]}},"_links":{"self":[{"href":"https:\/\/www.encontravitoria.com.br\/sobre\/wp-json\/wp\/v2\/posts\/2295","targetHints":{"allow":["GET"]}}],"collection":[{"href":"https:\/\/www.encontravitoria.com.br\/sobre\/wp-json\/wp\/v2\/posts"}],"about":[{"href":"https:\/\/www.encontravitoria.com.br\/sobre\/wp-json\/wp\/v2\/types\/post"}],"author":[{"embeddable":true,"href":"https:\/\/www.encontravitoria.com.br\/sobre\/wp-json\/wp\/v2\/users\/1"}],"replies":[{"embeddable":true,"href":"https:\/\/www.encontravitoria.com.br\/sobre\/wp-json\/wp\/v2\/comments?post=2295"}],"version-history":[{"count":0,"href":"https:\/\/www.encontravitoria.com.br\/sobre\/wp-json\/wp\/v2\/posts\/2295\/revisions"}],"wp:featuredmedia":[{"embeddable":true,"href":"https:\/\/www.encontravitoria.com.br\/sobre\/wp-json\/wp\/v2\/media\/2294"}],"wp:attachment":[{"href":"https:\/\/www.encontravitoria.com.br\/sobre\/wp-json\/wp\/v2\/media?parent=2295"}],"wp:term":[{"taxonomy":"category","embeddable":true,"href":"https:\/\/www.encontravitoria.com.br\/sobre\/wp-json\/wp\/v2\/categories?post=2295"},{"taxonomy":"post_tag","embeddable":true,"href":"https:\/\/www.encontravitoria.com.br\/sobre\/wp-json\/wp\/v2\/tags?post=2295"}],"curies":[{"name":"wp","href":"https:\/\/api.w.org\/{rel}","templated":true}]}}